	{"id":56900,"date":"2016-01-12T10:38:39","date_gmt":"2016-01-12T09:38:39","guid":{"rendered":"http:\/\/pre.italcamara-es.com\/senza-categoria\/fiat-supera-le-37-000-unita-in-spagna-e-jeep-e-il-marchio-che-cresce-di-piu-in-2015\/"},"modified":"2016-01-12T10:38:39","modified_gmt":"2016-01-12T09:38:39","slug":"fiat-supera-le-37-000-unita-in-spagna-e-jeep-e-il-marchio-che-cresce-di-piu-in-2015","status":"publish","type":"post","link":"https:\/\/italcamara-es.com\/it\/notizie\/fiat-supera-le-37-000-unita-in-spagna-e-jeep-e-il-marchio-che-cresce-di-piu-in-2015\/","title":{"rendered":"Fiat supera le 37.000 unit\u00e0 in Spagna e Jeep \u00e8 il marchio che cresce di pi\u00f9 in 2015"},"content":{"rendered":"<p style=\"text-align: justify;\"><em>Il gruppo italiano ha chiuso l\u2019anno con una crescita nel mese di dicembre del 54,8% e supera le 37.700 unit\u00e0 immatricolate durante il 2015.<\/em><\/p>\n<p style=\"text-align: justify;\">Il Gruppo FCA chiude il 2015 in crescita. I diversi marchi che fanno capo al gruppo automoilistico italiano hanno registrato un incremento superiore alla media del mercato spagnolo, in un contesto di crescita in cui si \u00e8 superato il milione di immatricolazioni per la prima volta in sei anni.<\/p>\n<p style=\"text-align: justify;\">In questo contesto, Fiat \u00e8 uno dei marchi leader ed \u00e8 riuscito a chiudere il 2015 con una crescita accumulata del 28,6% per un totale di 37.764 unit\u00e0 immatricolate. Nel mese di dicembre il marchio ha raggiunto un aumento record con pi\u00f9 di 2.600 unit\u00e0 immatricolate, con un aumento del 54,8% rispetto allo stesso mese del 2014.<\/p>\n<p style=\"text-align: justify;\"><a href=\"https:\/\/www.italcamara-es.com\/wp-content\/uploads\/2016\/08\/Fiat-500-web1.jpg\"><img fetchpriority=\"high\" decoding=\"async\" class=\" size-large wp-image-2943 aligncenter\" src=\"https:\/\/www.italcamara-es.com\/wp-content\/uploads\/2016\/08\/Fiat-500-web1-1024x683.jpg\" alt=\"Fiat-500-web\" width=\"720\" height=\"480\" \/><br \/>\n<\/a><\/p>\n<p style=\"text-align: justify;\">Si tratta di un grande risultato, dovuto in particolare al successo della nuova Fiat 500X che, con 3.693 unit\u00e0 vendute, \u00e8 stata una delle grande protagoniste del mercato insieme al resto della gamma 500 e dei modelli gi\u00e0 consolidati come la Fiat Panda.<\/p>\n<p style=\"text-align: justify;\">Inoltre, Jeep ha chiuso il 2015 come il marchio che ha registrato la maggiore crescita durante l\u2019anno nel mercato spagnolo. La grande inaugurazione di Jeep Renegade (3.346 unit\u00e0) e la fiducia negli altri modelli della gamma hanno permesso di raggiungere una cifra storica di immatricolazioni corrispondente a 5.196 unitt\u00e0 nel 2015, con un incremento del 205,8% rispetto all\u2019anno precedente.<\/p>\n","protected":false},"excerpt":{"rendered":"<p>Il gruppo italiano ha chiuso l\u2019anno con una crescita nel mese di dicembre del 54,8% e supera le 37.700 unit\u00e0 immatricolate durante il 2015. Il Gruppo FCA chiude il 2015 in crescita. I diversi marchi che fanno capo al gruppo automoilistico italiano hanno registrato un incremento superiore alla media del mercato spagnolo, in un contesto [&hellip;]<\/p>\n","protected":false},"author":1,"featured_media":52427,"comment_status":"open","ping_status":"open","sticky":false,"template":"","format":"standard","meta":{"inline_featured_image":false,"ocean_post_layout":"","ocean_both_sidebars_style":"","ocean_both_sidebars_content_width":0,"ocean_both_sidebars_sidebars_width":0,"ocean_sidebar":"","ocean_second_sidebar":"","ocean_disable_margins":"enable","ocean_add_body_class":"","ocean_shortcode_before_top_bar":"","ocean_shortcode_after_top_bar":"","ocean_shortcode_before_header":"","ocean_shortcode_after_header":"","ocean_has_shortcode":"","ocean_shortcode_after_title":"","ocean_shortcode_before_footer_widgets":"","ocean_shortcode_after_footer_widgets":"","ocean_shortcode_before_footer_bottom":"","ocean_shortcode_after_footer_bottom":"","ocean_display_top_bar":"default","ocean_display_header":"default","ocean_header_style":"","ocean_center_header_left_menu":"","ocean_custom_header_template":"","ocean_custom_logo":0,"ocean_custom_retina_logo":0,"ocean_custom_logo_max_width":0,"ocean_custom_logo_tablet_max_width":0,"ocean_custom_logo_mobile_max_width":0,"ocean_custom_logo_max_height":0,"ocean_custom_logo_tablet_max_height":0,"ocean_custom_logo_mobile_max_height":0,"ocean_header_custom_menu":"","ocean_menu_typo_font_family":"","ocean_menu_typo_font_subset":"","ocean_menu_typo_font_size":0,"ocean_menu_typo_font_size_tablet":0,"ocean_menu_typo_font_size_mobile":0,"ocean_menu_typo_font_size_unit":"px","ocean_menu_typo_font_weight":"","ocean_menu_typo_font_weight_tablet":"","ocean_menu_typo_font_weight_mobile":"","ocean_menu_typo_transform":"","ocean_menu_typo_transform_tablet":"","ocean_menu_typo_transform_mobile":"","ocean_menu_typo_line_height":0,"ocean_menu_typo_line_height_tablet":0,"ocean_menu_typo_line_height_mobile":0,"ocean_menu_typo_line_height_unit":"","ocean_menu_typo_spacing":0,"ocean_menu_typo_spacing_tablet":0,"ocean_menu_typo_spacing_mobile":0,"ocean_menu_typo_spacing_unit":"","ocean_menu_link_color":"","ocean_menu_link_color_hover":"","ocean_menu_link_color_active":"","ocean_menu_link_background":"","ocean_menu_link_hover_background":"","ocean_menu_link_active_background":"","ocean_menu_social_links_bg":"","ocean_menu_social_hover_links_bg":"","ocean_menu_social_links_color":"","ocean_menu_social_hover_links_color":"","ocean_disable_title":"default","ocean_disable_heading":"default","ocean_post_title":"","ocean_post_subheading":"","ocean_post_title_style":"","ocean_post_title_background_color":"","ocean_post_title_background":0,"ocean_post_title_bg_image_position":"","ocean_post_title_bg_image_attachment":"","ocean_post_title_bg_image_repeat":"","ocean_post_title_bg_image_size":"","ocean_post_title_height":0,"ocean_post_title_bg_overlay":0.5,"ocean_post_title_bg_overlay_color":"","ocean_disable_breadcrumbs":"default","ocean_breadcrumbs_color":"","ocean_breadcrumbs_separator_color":"","ocean_breadcrumbs_links_color":"","ocean_breadcrumbs_links_hover_color":"","ocean_display_footer_widgets":"default","ocean_display_footer_bottom":"default","ocean_custom_footer_template":"","ocean_post_oembed":"","ocean_post_self_hosted_media":"","ocean_post_video_embed":"","ocean_link_format":"","ocean_link_format_target":"self","ocean_quote_format":"","ocean_quote_format_link":"post","ocean_gallery_link_images":"on","ocean_gallery_id":[],"footnotes":""},"categories":[133],"tags":[],"class_list":["post-56900","post","type-post","status-publish","format-standard","has-post-thumbnail","hentry","category-notizie","entry","has-media"],"yoast_head":"<!-- This site is optimized with the Yoast SEO plugin v27.4 - https:\/\/yoast.com\/product\/yoast-seo-wordpress\/ -->\n<title>Fiat supera le 37.000 unit\u00e0 in Spagna e Jeep \u00e8 il marchio che cresce di pi\u00f9 in 2015 - Italcamara<\/title>\n<meta name=\"robots\" content=\"index, follow, max-snippet:-1, max-image-preview:large, max-video-preview:-1\" \/>\n<link rel=\"canonical\" href=\"https:\/\/italcamara-es.com\/it\/notizie\/fiat-supera-le-37-000-unita-in-spagna-e-jeep-e-il-marchio-che-cresce-di-piu-in-2015\/\" \/>\n<meta property=\"og:locale\" content=\"it_IT\" \/>\n<meta property=\"og:type\" content=\"article\" \/>\n<meta property=\"og:title\" content=\"Fiat supera le 37.000 unit\u00e0 in Spagna e Jeep \u00e8 il marchio che cresce di pi\u00f9 in 2015 - Italcamara\" \/>\n<meta property=\"og:description\" content=\"Il gruppo italiano ha chiuso l\u2019anno con una crescita nel mese di dicembre del 54,8% e supera le 37.700 unit\u00e0 immatricolate durante il 2015. Il Gruppo FCA chiude il 2015 in crescita. I diversi marchi che fanno capo al gruppo automoilistico italiano hanno registrato un incremento superiore alla media del mercato spagnolo, in un contesto [&hellip;]\" \/>\n<meta property=\"og:url\" content=\"https:\/\/italcamara-es.com\/it\/notizie\/fiat-supera-le-37-000-unita-in-spagna-e-jeep-e-il-marchio-che-cresce-di-piu-in-2015\/\" \/>\n<meta property=\"og:site_name\" content=\"Italcamara\" \/>\n<meta property=\"article:published_time\" content=\"2016-01-12T09:38:39+00:00\" \/>\n<meta property=\"og:image\" content=\"https:\/\/italcamara-es.com\/wp-content\/uploads\/2025\/03\/250Fiat_500X-Melfi_08b.jpg\" \/>\n\t<meta property=\"og:image:width\" content=\"250\" \/>\n\t<meta property=\"og:image:height\" content=\"143\" \/>\n\t<meta property=\"og:image:type\" content=\"image\/jpeg\" \/>\n<meta name=\"author\" content=\"administrador\" \/>\n<meta name=\"twitter:card\" content=\"summary_large_image\" \/>\n<meta name=\"twitter:label1\" content=\"Scritto da\" \/>\n\t<meta name=\"twitter:data1\" content=\"administrador\" \/>\n\t<meta name=\"twitter:label2\" content=\"Tempo di lettura stimato\" \/>\n\t<meta name=\"twitter:data2\" content=\"1 minuto\" \/>\n<script type=\"application\/ld+json\" class=\"yoast-schema-graph\">{\"@context\":\"https:\\\/\\\/schema.org\",\"@graph\":[{\"@type\":\"Article\",\"@id\":\"https:\\\/\\\/italcamara-es.com\\\/it\\\/notizie\\\/fiat-supera-le-37-000-unita-in-spagna-e-jeep-e-il-marchio-che-cresce-di-piu-in-2015\\\/#article\",\"isPartOf\":{\"@id\":\"https:\\\/\\\/italcamara-es.com\\\/it\\\/notizie\\\/fiat-supera-le-37-000-unita-in-spagna-e-jeep-e-il-marchio-che-cresce-di-piu-in-2015\\\/\"},\"author\":{\"name\":\"administrador\",\"@id\":\"https:\\\/\\\/italcamara-es.com\\\/#\\\/schema\\\/person\\\/bb3c56263e405bbd9a15171dcfee93bb\"},\"headline\":\"Fiat supera le 37.000 unit\u00e0 in Spagna e Jeep \u00e8 il marchio che cresce di pi\u00f9 in 2015\",\"datePublished\":\"2016-01-12T09:38:39+00:00\",\"mainEntityOfPage\":{\"@id\":\"https:\\\/\\\/italcamara-es.com\\\/it\\\/notizie\\\/fiat-supera-le-37-000-unita-in-spagna-e-jeep-e-il-marchio-che-cresce-di-piu-in-2015\\\/\"},\"wordCount\":229,\"commentCount\":0,\"image\":{\"@id\":\"https:\\\/\\\/italcamara-es.com\\\/it\\\/notizie\\\/fiat-supera-le-37-000-unita-in-spagna-e-jeep-e-il-marchio-che-cresce-di-piu-in-2015\\\/#primaryimage\"},\"thumbnailUrl\":\"https:\\\/\\\/italcamara-es.com\\\/wp-content\\\/uploads\\\/2025\\\/03\\\/250Fiat_500X-Melfi_08b.jpg\",\"articleSection\":[\"Notizie\"],\"inLanguage\":\"it-IT\",\"potentialAction\":[{\"@type\":\"CommentAction\",\"name\":\"Comment\",\"target\":[\"https:\\\/\\\/italcamara-es.com\\\/it\\\/notizie\\\/fiat-supera-le-37-000-unita-in-spagna-e-jeep-e-il-marchio-che-cresce-di-piu-in-2015\\\/#respond\"]}]},{\"@type\":\"WebPage\",\"@id\":\"https:\\\/\\\/italcamara-es.com\\\/it\\\/notizie\\\/fiat-supera-le-37-000-unita-in-spagna-e-jeep-e-il-marchio-che-cresce-di-piu-in-2015\\\/\",\"url\":\"https:\\\/\\\/italcamara-es.com\\\/it\\\/notizie\\\/fiat-supera-le-37-000-unita-in-spagna-e-jeep-e-il-marchio-che-cresce-di-piu-in-2015\\\/\",\"name\":\"Fiat supera le 37.000 unit\u00e0 in Spagna e Jeep \u00e8 il marchio che cresce di pi\u00f9 in 2015 - Italcamara\",\"isPartOf\":{\"@id\":\"https:\\\/\\\/italcamara-es.com\\\/#website\"},\"primaryImageOfPage\":{\"@id\":\"https:\\\/\\\/italcamara-es.com\\\/it\\\/notizie\\\/fiat-supera-le-37-000-unita-in-spagna-e-jeep-e-il-marchio-che-cresce-di-piu-in-2015\\\/#primaryimage\"},\"image\":{\"@id\":\"https:\\\/\\\/italcamara-es.com\\\/it\\\/notizie\\\/fiat-supera-le-37-000-unita-in-spagna-e-jeep-e-il-marchio-che-cresce-di-piu-in-2015\\\/#primaryimage\"},\"thumbnailUrl\":\"https:\\\/\\\/italcamara-es.com\\\/wp-content\\\/uploads\\\/2025\\\/03\\\/250Fiat_500X-Melfi_08b.jpg\",\"datePublished\":\"2016-01-12T09:38:39+00:00\",\"author\":{\"@id\":\"https:\\\/\\\/italcamara-es.com\\\/#\\\/schema\\\/person\\\/bb3c56263e405bbd9a15171dcfee93bb\"},\"breadcrumb\":{\"@id\":\"https:\\\/\\\/italcamara-es.com\\\/it\\\/notizie\\\/fiat-supera-le-37-000-unita-in-spagna-e-jeep-e-il-marchio-che-cresce-di-piu-in-2015\\\/#breadcrumb\"},\"inLanguage\":\"it-IT\",\"potentialAction\":[{\"@type\":\"ReadAction\",\"target\":[\"https:\\\/\\\/italcamara-es.com\\\/it\\\/notizie\\\/fiat-supera-le-37-000-unita-in-spagna-e-jeep-e-il-marchio-che-cresce-di-piu-in-2015\\\/\"]}]},{\"@type\":\"ImageObject\",\"inLanguage\":\"it-IT\",\"@id\":\"https:\\\/\\\/italcamara-es.com\\\/it\\\/notizie\\\/fiat-supera-le-37-000-unita-in-spagna-e-jeep-e-il-marchio-che-cresce-di-piu-in-2015\\\/#primaryimage\",\"url\":\"https:\\\/\\\/italcamara-es.com\\\/wp-content\\\/uploads\\\/2025\\\/03\\\/250Fiat_500X-Melfi_08b.jpg\",\"contentUrl\":\"https:\\\/\\\/italcamara-es.com\\\/wp-content\\\/uploads\\\/2025\\\/03\\\/250Fiat_500X-Melfi_08b.jpg\",\"width\":250,\"height\":143},{\"@type\":\"BreadcrumbList\",\"@id\":\"https:\\\/\\\/italcamara-es.com\\\/it\\\/notizie\\\/fiat-supera-le-37-000-unita-in-spagna-e-jeep-e-il-marchio-che-cresce-di-piu-in-2015\\\/#breadcrumb\",\"itemListElement\":[{\"@type\":\"ListItem\",\"position\":1,\"name\":\"Inicio\",\"item\":\"https:\\\/\\\/italcamara-es.com\\\/it\\\/homepage-ita\\\/\"},{\"@type\":\"ListItem\",\"position\":2,\"name\":\"Fiat supera le 37.000 unit\u00e0 in Spagna e Jeep \u00e8 il marchio che cresce di pi\u00f9 in 2015\"}]},{\"@type\":\"WebSite\",\"@id\":\"https:\\\/\\\/italcamara-es.com\\\/#website\",\"url\":\"https:\\\/\\\/italcamara-es.com\\\/\",\"name\":\"Italcamara\",\"description\":\"\",\"potentialAction\":[{\"@type\":\"SearchAction\",\"target\":{\"@type\":\"EntryPoint\",\"urlTemplate\":\"https:\\\/\\\/italcamara-es.com\\\/?s={search_term_string}\"},\"query-input\":{\"@type\":\"PropertyValueSpecification\",\"valueRequired\":true,\"valueName\":\"search_term_string\"}}],\"inLanguage\":\"it-IT\"},{\"@type\":\"Person\",\"@id\":\"https:\\\/\\\/italcamara-es.com\\\/#\\\/schema\\\/person\\\/bb3c56263e405bbd9a15171dcfee93bb\",\"name\":\"administrador\",\"image\":{\"@type\":\"ImageObject\",\"inLanguage\":\"it-IT\",\"@id\":\"https:\\\/\\\/secure.gravatar.com\\\/avatar\\\/14b5e63db38320b12031bb28cf9f77e210aa71fb3a8a3602a3c9a05134fa75eb?s=96&d=mm&r=g\",\"url\":\"https:\\\/\\\/secure.gravatar.com\\\/avatar\\\/14b5e63db38320b12031bb28cf9f77e210aa71fb3a8a3602a3c9a05134fa75eb?s=96&d=mm&r=g\",\"contentUrl\":\"https:\\\/\\\/secure.gravatar.com\\\/avatar\\\/14b5e63db38320b12031bb28cf9f77e210aa71fb3a8a3602a3c9a05134fa75eb?s=96&d=mm&r=g\",\"caption\":\"administrador\"},\"sameAs\":[\"http:\\\/\\\/pre.italcamara-es.com\"],\"url\":\"https:\\\/\\\/italcamara-es.com\\\/it\\\/author\\\/administrador\\\/\"}]}<\/script>\n<!-- \/ Yoast SEO plugin. -->","yoast_head_json":{"title":"Fiat supera le 37.000 unit\u00e0 in Spagna e Jeep \u00e8 il marchio che cresce di pi\u00f9 in 2015 - Italcamara","robots":{"index":"index","follow":"follow","max-snippet":"max-snippet:-1","max-image-preview":"max-image-preview:large","max-video-preview":"max-video-preview:-1"},"canonical":"https:\/\/italcamara-es.com\/it\/notizie\/fiat-supera-le-37-000-unita-in-spagna-e-jeep-e-il-marchio-che-cresce-di-piu-in-2015\/","og_locale":"it_IT","og_type":"article","og_title":"Fiat supera le 37.000 unit\u00e0 in Spagna e Jeep \u00e8 il marchio che cresce di pi\u00f9 in 2015 - Italcamara","og_description":"Il gruppo italiano ha chiuso l\u2019anno con una crescita nel mese di dicembre del 54,8% e supera le 37.700 unit\u00e0 immatricolate durante il 2015. Il Gruppo FCA chiude il 2015 in crescita. I diversi marchi che fanno capo al gruppo automoilistico italiano hanno registrato un incremento superiore alla media del mercato spagnolo, in un contesto [&hellip;]","og_url":"https:\/\/italcamara-es.com\/it\/notizie\/fiat-supera-le-37-000-unita-in-spagna-e-jeep-e-il-marchio-che-cresce-di-piu-in-2015\/","og_site_name":"Italcamara","article_published_time":"2016-01-12T09:38:39+00:00","og_image":[{"width":250,"height":143,"url":"https:\/\/italcamara-es.com\/wp-content\/uploads\/2025\/03\/250Fiat_500X-Melfi_08b.jpg","type":"image\/jpeg"}],"author":"administrador","twitter_card":"summary_large_image","twitter_misc":{"Scritto da":"administrador","Tempo di lettura stimato":"1 minuto"},"schema":{"@context":"https:\/\/schema.org","@graph":[{"@type":"Article","@id":"https:\/\/italcamara-es.com\/it\/notizie\/fiat-supera-le-37-000-unita-in-spagna-e-jeep-e-il-marchio-che-cresce-di-piu-in-2015\/#article","isPartOf":{"@id":"https:\/\/italcamara-es.com\/it\/notizie\/fiat-supera-le-37-000-unita-in-spagna-e-jeep-e-il-marchio-che-cresce-di-piu-in-2015\/"},"author":{"name":"administrador","@id":"https:\/\/italcamara-es.com\/#\/schema\/person\/bb3c56263e405bbd9a15171dcfee93bb"},"headline":"Fiat supera le 37.000 unit\u00e0 in Spagna e Jeep \u00e8 il marchio che cresce di pi\u00f9 in 2015","datePublished":"2016-01-12T09:38:39+00:00","mainEntityOfPage":{"@id":"https:\/\/italcamara-es.com\/it\/notizie\/fiat-supera-le-37-000-unita-in-spagna-e-jeep-e-il-marchio-che-cresce-di-piu-in-2015\/"},"wordCount":229,"commentCount":0,"image":{"@id":"https:\/\/italcamara-es.com\/it\/notizie\/fiat-supera-le-37-000-unita-in-spagna-e-jeep-e-il-marchio-che-cresce-di-piu-in-2015\/#primaryimage"},"thumbnailUrl":"https:\/\/italcamara-es.com\/wp-content\/uploads\/2025\/03\/250Fiat_500X-Melfi_08b.jpg","articleSection":["Notizie"],"inLanguage":"it-IT","potentialAction":[{"@type":"CommentAction","name":"Comment","target":["https:\/\/italcamara-es.com\/it\/notizie\/fiat-supera-le-37-000-unita-in-spagna-e-jeep-e-il-marchio-che-cresce-di-piu-in-2015\/#respond"]}]},{"@type":"WebPage","@id":"https:\/\/italcamara-es.com\/it\/notizie\/fiat-supera-le-37-000-unita-in-spagna-e-jeep-e-il-marchio-che-cresce-di-piu-in-2015\/","url":"https:\/\/italcamara-es.com\/it\/notizie\/fiat-supera-le-37-000-unita-in-spagna-e-jeep-e-il-marchio-che-cresce-di-piu-in-2015\/","name":"Fiat supera le 37.000 unit\u00e0 in Spagna e Jeep \u00e8 il marchio che cresce di pi\u00f9 in 2015 - Italcamara","isPartOf":{"@id":"https:\/\/italcamara-es.com\/#website"},"primaryImageOfPage":{"@id":"https:\/\/italcamara-es.com\/it\/notizie\/fiat-supera-le-37-000-unita-in-spagna-e-jeep-e-il-marchio-che-cresce-di-piu-in-2015\/#primaryimage"},"image":{"@id":"https:\/\/italcamara-es.com\/it\/notizie\/fiat-supera-le-37-000-unita-in-spagna-e-jeep-e-il-marchio-che-cresce-di-piu-in-2015\/#primaryimage"},"thumbnailUrl":"https:\/\/italcamara-es.com\/wp-content\/uploads\/2025\/03\/250Fiat_500X-Melfi_08b.jpg","datePublished":"2016-01-12T09:38:39+00:00","author":{"@id":"https:\/\/italcamara-es.com\/#\/schema\/person\/bb3c56263e405bbd9a15171dcfee93bb"},"breadcrumb":{"@id":"https:\/\/italcamara-es.com\/it\/notizie\/fiat-supera-le-37-000-unita-in-spagna-e-jeep-e-il-marchio-che-cresce-di-piu-in-2015\/#breadcrumb"},"inLanguage":"it-IT","potentialAction":[{"@type":"ReadAction","target":["https:\/\/italcamara-es.com\/it\/notizie\/fiat-supera-le-37-000-unita-in-spagna-e-jeep-e-il-marchio-che-cresce-di-piu-in-2015\/"]}]},{"@type":"ImageObject","inLanguage":"it-IT","@id":"https:\/\/italcamara-es.com\/it\/notizie\/fiat-supera-le-37-000-unita-in-spagna-e-jeep-e-il-marchio-che-cresce-di-piu-in-2015\/#primaryimage","url":"https:\/\/italcamara-es.com\/wp-content\/uploads\/2025\/03\/250Fiat_500X-Melfi_08b.jpg","contentUrl":"https:\/\/italcamara-es.com\/wp-content\/uploads\/2025\/03\/250Fiat_500X-Melfi_08b.jpg","width":250,"height":143},{"@type":"BreadcrumbList","@id":"https:\/\/italcamara-es.com\/it\/notizie\/fiat-supera-le-37-000-unita-in-spagna-e-jeep-e-il-marchio-che-cresce-di-piu-in-2015\/#breadcrumb","itemListElement":[{"@type":"ListItem","position":1,"name":"Inicio","item":"https:\/\/italcamara-es.com\/it\/homepage-ita\/"},{"@type":"ListItem","position":2,"name":"Fiat supera le 37.000 unit\u00e0 in Spagna e Jeep \u00e8 il marchio che cresce di pi\u00f9 in 2015"}]},{"@type":"WebSite","@id":"https:\/\/italcamara-es.com\/#website","url":"https:\/\/italcamara-es.com\/","name":"Italcamara","description":"","potentialAction":[{"@type":"SearchAction","target":{"@type":"EntryPoint","urlTemplate":"https:\/\/italcamara-es.com\/?s={search_term_string}"},"query-input":{"@type":"PropertyValueSpecification","valueRequired":true,"valueName":"search_term_string"}}],"inLanguage":"it-IT"},{"@type":"Person","@id":"https:\/\/italcamara-es.com\/#\/schema\/person\/bb3c56263e405bbd9a15171dcfee93bb","name":"administrador","image":{"@type":"ImageObject","inLanguage":"it-IT","@id":"https:\/\/secure.gravatar.com\/avatar\/14b5e63db38320b12031bb28cf9f77e210aa71fb3a8a3602a3c9a05134fa75eb?s=96&d=mm&r=g","url":"https:\/\/secure.gravatar.com\/avatar\/14b5e63db38320b12031bb28cf9f77e210aa71fb3a8a3602a3c9a05134fa75eb?s=96&d=mm&r=g","contentUrl":"https:\/\/secure.gravatar.com\/avatar\/14b5e63db38320b12031bb28cf9f77e210aa71fb3a8a3602a3c9a05134fa75eb?s=96&d=mm&r=g","caption":"administrador"},"sameAs":["http:\/\/pre.italcamara-es.com"],"url":"https:\/\/italcamara-es.com\/it\/author\/administrador\/"}]}},"rttpg_featured_image_url":{"full":["https:\/\/italcamara-es.com\/wp-content\/uploads\/2025\/03\/250Fiat_500X-Melfi_08b.jpg",250,143,false],"landscape":["https:\/\/italcamara-es.com\/wp-content\/uploads\/2025\/03\/250Fiat_500X-Melfi_08b.jpg",250,143,false],"portraits":["https:\/\/italcamara-es.com\/wp-content\/uploads\/2025\/03\/250Fiat_500X-Melfi_08b.jpg",250,143,false],"thumbnail":["https:\/\/italcamara-es.com\/wp-content\/uploads\/2025\/03\/250Fiat_500X-Melfi_08b-150x143.jpg",150,143,true],"medium":["https:\/\/italcamara-es.com\/wp-content\/uploads\/2025\/03\/250Fiat_500X-Melfi_08b.jpg",250,143,false],"large":["https:\/\/italcamara-es.com\/wp-content\/uploads\/2025\/03\/250Fiat_500X-Melfi_08b.jpg",250,143,false],"1536x1536":["https:\/\/italcamara-es.com\/wp-content\/uploads\/2025\/03\/250Fiat_500X-Melfi_08b.jpg",250,143,false],"2048x2048":["https:\/\/italcamara-es.com\/wp-content\/uploads\/2025\/03\/250Fiat_500X-Melfi_08b.jpg",250,143,false],"ocean-thumb-m":["https:\/\/italcamara-es.com\/wp-content\/uploads\/2025\/03\/250Fiat_500X-Melfi_08b.jpg",250,143,false],"ocean-thumb-ml":["https:\/\/italcamara-es.com\/wp-content\/uploads\/2025\/03\/250Fiat_500X-Melfi_08b.jpg",250,143,false],"ocean-thumb-l":["https:\/\/italcamara-es.com\/wp-content\/uploads\/2025\/03\/250Fiat_500X-Melfi_08b.jpg",250,143,false],"directorist_preview":["https:\/\/italcamara-es.com\/wp-content\/uploads\/2025\/03\/250Fiat_500X-Melfi_08b.jpg",250,143,false]},"rttpg_author":{"display_name":"administrador","author_link":"https:\/\/italcamara-es.com\/it\/author\/administrador\/"},"rttpg_comment":0,"rttpg_category":"<a href=\"https:\/\/italcamara-es.com\/it\/category\/notizie\/\" rel=\"category tag\">Notizie<\/a>","rttpg_excerpt":"Il gruppo italiano ha chiuso l\u2019anno con una crescita nel mese di dicembre del 54,8% e supera le 37.700 unit\u00e0 immatricolate durante il 2015. Il Gruppo FCA chiude il 2015 in crescita. I diversi marchi che fanno capo al gruppo automoilistico italiano hanno registrato un incremento superiore alla media del mercato spagnolo, in un contesto&hellip;","_links":{"self":[{"href":"https:\/\/italcamara-es.com\/it\/wp-json\/wp\/v2\/posts\/56900","targetHints":{"allow":["GET"]}}],"collection":[{"href":"https:\/\/italcamara-es.com\/it\/wp-json\/wp\/v2\/posts"}],"about":[{"href":"https:\/\/italcamara-es.com\/it\/wp-json\/wp\/v2\/types\/post"}],"author":[{"embeddable":true,"href":"https:\/\/italcamara-es.com\/it\/wp-json\/wp\/v2\/users\/1"}],"replies":[{"embeddable":true,"href":"https:\/\/italcamara-es.com\/it\/wp-json\/wp\/v2\/comments?post=56900"}],"version-history":[{"count":0,"href":"https:\/\/italcamara-es.com\/it\/wp-json\/wp\/v2\/posts\/56900\/revisions"}],"wp:featuredmedia":[{"embeddable":true,"href":"https:\/\/italcamara-es.com\/it\/wp-json\/wp\/v2\/media\/52427"}],"wp:attachment":[{"href":"https:\/\/italcamara-es.com\/it\/wp-json\/wp\/v2\/media?parent=56900"}],"wp:term":[{"taxonomy":"category","embeddable":true,"href":"https:\/\/italcamara-es.com\/it\/wp-json\/wp\/v2\/categories?post=56900"},{"taxonomy":"post_tag","embeddable":true,"href":"https:\/\/italcamara-es.com\/it\/wp-json\/wp\/v2\/tags?post=56900"}],"curies":[{"name":"wp","href":"https:\/\/api.w.org\/{rel}","templated":true}]}}