	{"id":56903,"date":"2015-11-19T11:27:24","date_gmt":"2015-11-19T10:27:24","guid":{"rendered":"http:\/\/pre.italcamara-es.com\/senza-categoria\/la-nuova-alitalia-ha-annunciato-importanti-novita-per-i-prossimi-mesi\/"},"modified":"2015-11-19T11:27:24","modified_gmt":"2015-11-19T10:27:24","slug":"la-nuova-alitalia-ha-annunciato-importanti-novita-per-i-prossimi-mesi","status":"publish","type":"post","link":"https:\/\/italcamara-es.com\/it\/notizie\/la-nuova-alitalia-ha-annunciato-importanti-novita-per-i-prossimi-mesi\/","title":{"rendered":"La nuova Alitalia ha annunciato importanti novit\u00e0 per i prossimi mesi"},"content":{"rendered":"<div style=\"text-align: justify;\"><em>Durante la Convention interna della compagnia aerea che si \u00e8 tenuta a Roma lo scorso mese di ottobre, il presidente della societ\u00e0, Luca Cordero di Montezemolo, ha annunciato i dettagli dei nuovi servizi per migliorare l&#8217;esperienza di viaggio dei propri clienti.<\/em><\/div>\n<div style=\"text-align: justify;\"><em>\u00a0<\/em><\/div>\n<div style=\"text-align: justify;\">La compagnia aerea Alitalia ha presentato importanti novit\u00e0 a livello di rotte e servizi che poteranno a migliorare sostanzialmente l&#8217;esperienza di viaggio dei suoi clienti, confermando in questo modo che il piano triennale procede come previsto, con l&#8217;obiettivo di ottenere profitti nel 2017.<\/div>\n<p style=\"text-align: justify;\">\n<div style=\"text-align: justify;\">I dettagli dei nuovi servizi, che cominceranno ad essere introdotti nelle prossime settimane, sono stati presentati dal presidente di Alitalia, Luca Cordero di Montezemolo e il vice-presidente della societ\u00e0 e presidente e CEO di Etihad Airways, James Hogan, durante la Convention interna svoltasi a Roma lo scorso ottobre.<\/div>\n<p style=\"text-align: justify;\">\n<div style=\"text-align: justify;\"><a href=\"https:\/\/www.italcamara-es.com\/wp-content\/uploads\/2016\/08\/700Aircraft081.jpg\"><img fetchpriority=\"high\" decoding=\"async\" class=\" size-full wp-image-3385 aligncenter\" src=\"https:\/\/www.italcamara-es.com\/wp-content\/uploads\/2016\/08\/700Aircraft081.jpg\" alt=\"700Aircraft08\" width=\"700\" height=\"353\" \/><\/a><\/div>\n<p>&nbsp;<\/p>\n<div style=\"text-align: justify;\">In particolare, Alitalia inizier\u00e0 a volare a Santiago di Cile e Citt\u00e0 di Messico in maggio e giugno rispettivamente , raggiungendo cos\u00ec 11 destinazioni nel continente americano, 5 delle quali in America Latina, consolidando la propria leadership nei collegamenti transatlantici dall\u2019Italia.&nbsp;<\/p>\n<div>Per quanto riguarda i servizi a bordo, la nuova Business Class di lunga distanza sar\u00e0 caratterizzata da nuovi sedili di design e qualit\u00e0 italiana completamente reclinabili. Un restyling che interesser\u00e0 \u00a0anche gli aeromobili di media distanza, la cui cabina sar\u00e0 rinnovata \u00a0con interni in pelle e nuovi rivestimenti.<\/div>\n<p>&nbsp;<\/p>\n<div>Inoltre, per quanto riguarda la ristorazione, sui voli internazionali saranno offerti prodotti di alta qualit\u00e0 ed una selezione pi\u00f9 ampia degli stessi, sia in Business che in Economy. Oltre a ci`\u00f2, il prossimo anno sar\u00e0 gradualmente estesa a tutta la flotta di aerei la connessione Wi-Fi, attualmente presente in aerei di lunga distanza. In questo modo Alitalia diventer\u00e0 una delle poche compagnie aeree europee con questo tipo di connessione in tutta la sua flotta.<\/p>\n<\/div>\n<\/div>\n<p style=\"text-align: justify;\"><a href=\"https:\/\/www.italcamara-es.com\/wp-content\/uploads\/2016\/08\/700Business_Class_Man_Relax1.jpg\"><img decoding=\"async\" class=\" size-full wp-image-3384 aligncenter\" src=\"https:\/\/www.italcamara-es.com\/wp-content\/uploads\/2016\/08\/700Business_Class_Man_Relax1.jpg\" alt=\"700Business_Class_Man_Relax\" width=\"700\" height=\"467\" \/><br \/>\n<\/a><\/p>\n<div style=\"text-align: justify;\">Per quanto riguarda i servizi a terra, esiste un servizio gratuito di limousine a disposizione dei passeggeri della Business Class di lunga distanza in partenza o in arrivo negli aeroporti spagnoli di Barcellona, Madrid e Valencia.<\/div>\n<p style=\"text-align: justify;\">\n<div style=\"text-align: justify;\">Nei prossimi 12 mesi saranno rinnovati gli interni di tutte le sale VIP di Alitalia e si apriranno \u00a0nuove sale. Il progetto sar\u00e0 sviluppato negli aeroporti di Roma, Milano Linate, Milano Malpensa, Napoli, Catania e New York JFK. Si prevedono inoltre significativi investimenti sia in termini di mezzi che di risorse umane per migliorare i viaggi dei clienti d\u2019 Alitalia in partenza, arrivo o in transito nell\u2019 aeroporto di Roma Fiumicino.<\/div>\n<p style=\"text-align: justify;\">\n<div style=\"text-align: justify;\">Durante la stagione invernale, Alitalia offrir\u00e0 84 voli diretti settimanali dalla Spagna all\u2019Italia (Roma e Milano), alcuni dei quali in codice condiviso con Air Europa, e la possibilit\u00e0 di collegare l&#8217;aeroporto di Roma Fiumicino, con una rete di pi\u00f9 di 70 destinazioni in tutto il mondo.<\/div>\n<p style=\"text-align: justify;\">\n<div style=\"text-align: justify;\">Alitalia \u00e8 membro dell\u2019alleanza SkyTeam e insieme ad Air France-KML e Delta Air Lines, della \u00a0Joint Venture Transatlantica. Alitalia, con Airberlin, Air Serbia, Air Seychelles, Etihad Airways, Etihad Regional gestita da Darwin Airline, Jet Airways e NIKI, fa parte anche di Etihad Airways Partners, che offre ai clienti un&#8217;ampia rete di collegamenti, orari migliori e ulteriori vantaggi per i frequent flyers.<\/div>\n","protected":false},"excerpt":{"rendered":"<p>Durante la Convention interna della compagnia aerea che si \u00e8 tenuta a Roma lo scorso mese di ottobre, il presidente della societ\u00e0, Luca Cordero di Montezemolo, ha annunciato i dettagli dei nuovi servizi per migliorare l&#8217;esperienza di viaggio dei propri clienti. \u00a0 La compagnia aerea Alitalia ha presentato importanti novit\u00e0 a livello di rotte e [&hellip;]<\/p>\n","protected":false},"author":1,"featured_media":52433,"comment_status":"open","ping_status":"open","sticky":false,"template":"","format":"standard","meta":{"inline_featured_image":false,"ocean_post_layout":"","ocean_both_sidebars_style":"","ocean_both_sidebars_content_width":0,"ocean_both_sidebars_sidebars_width":0,"ocean_sidebar":"","ocean_second_sidebar":"","ocean_disable_margins":"enable","ocean_add_body_class":"","ocean_shortcode_before_top_bar":"","ocean_shortcode_after_top_bar":"","ocean_shortcode_before_header":"","ocean_shortcode_after_header":"","ocean_has_shortcode":"","ocean_shortcode_after_title":"","ocean_shortcode_before_footer_widgets":"","ocean_shortcode_after_footer_widgets":"","ocean_shortcode_before_footer_bottom":"","ocean_shortcode_after_footer_bottom":"","ocean_display_top_bar":"default","ocean_display_header":"default","ocean_header_style":"","ocean_center_header_left_menu":"","ocean_custom_header_template":"","ocean_custom_logo":0,"ocean_custom_retina_logo":0,"ocean_custom_logo_max_width":0,"ocean_custom_logo_tablet_max_width":0,"ocean_custom_logo_mobile_max_width":0,"ocean_custom_logo_max_height":0,"ocean_custom_logo_tablet_max_height":0,"ocean_custom_logo_mobile_max_height":0,"ocean_header_custom_menu":"","ocean_menu_typo_font_family":"","ocean_menu_typo_font_subset":"","ocean_menu_typo_font_size":0,"ocean_menu_typo_font_size_tablet":0,"ocean_menu_typo_font_size_mobile":0,"ocean_menu_typo_font_size_unit":"px","ocean_menu_typo_font_weight":"","ocean_menu_typo_font_weight_tablet":"","ocean_menu_typo_font_weight_mobile":"","ocean_menu_typo_transform":"","ocean_menu_typo_transform_tablet":"","ocean_menu_typo_transform_mobile":"","ocean_menu_typo_line_height":0,"ocean_menu_typo_line_height_tablet":0,"ocean_menu_typo_line_height_mobile":0,"ocean_menu_typo_line_height_unit":"","ocean_menu_typo_spacing":0,"ocean_menu_typo_spacing_tablet":0,"ocean_menu_typo_spacing_mobile":0,"ocean_menu_typo_spacing_unit":"","ocean_menu_link_color":"","ocean_menu_link_color_hover":"","ocean_menu_link_color_active":"","ocean_menu_link_background":"","ocean_menu_link_hover_background":"","ocean_menu_link_active_background":"","ocean_menu_social_links_bg":"","ocean_menu_social_hover_links_bg":"","ocean_menu_social_links_color":"","ocean_menu_social_hover_links_color":"","ocean_disable_title":"default","ocean_disable_heading":"default","ocean_post_title":"","ocean_post_subheading":"","ocean_post_title_style":"","ocean_post_title_background_color":"","ocean_post_title_background":0,"ocean_post_title_bg_image_position":"","ocean_post_title_bg_image_attachment":"","ocean_post_title_bg_image_repeat":"","ocean_post_title_bg_image_size":"","ocean_post_title_height":0,"ocean_post_title_bg_overlay":0.5,"ocean_post_title_bg_overlay_color":"","ocean_disable_breadcrumbs":"default","ocean_breadcrumbs_color":"","ocean_breadcrumbs_separator_color":"","ocean_breadcrumbs_links_color":"","ocean_breadcrumbs_links_hover_color":"","ocean_display_footer_widgets":"default","ocean_display_footer_bottom":"default","ocean_custom_footer_template":"","ocean_post_oembed":"","ocean_post_self_hosted_media":"","ocean_post_video_embed":"","ocean_link_format":"","ocean_link_format_target":"self","ocean_quote_format":"","ocean_quote_format_link":"post","ocean_gallery_link_images":"on","ocean_gallery_id":[],"footnotes":""},"categories":[133],"tags":[],"class_list":["post-56903","post","type-post","status-publish","format-standard","has-post-thumbnail","hentry","category-notizie","entry","has-media"],"yoast_head":"<!-- This site is optimized with the Yoast SEO plugin v27.4 - https:\/\/yoast.com\/product\/yoast-seo-wordpress\/ -->\n<title>La nuova Alitalia ha annunciato importanti novit\u00e0 per i prossimi mesi - Italcamara<\/title>\n<meta name=\"robots\" content=\"index, follow, max-snippet:-1, max-image-preview:large, max-video-preview:-1\" \/>\n<link rel=\"canonical\" href=\"https:\/\/italcamara-es.com\/it\/notizie\/la-nuova-alitalia-ha-annunciato-importanti-novita-per-i-prossimi-mesi\/\" \/>\n<meta property=\"og:locale\" content=\"it_IT\" \/>\n<meta property=\"og:type\" content=\"article\" \/>\n<meta property=\"og:title\" content=\"La nuova Alitalia ha annunciato importanti novit\u00e0 per i prossimi mesi - Italcamara\" \/>\n<meta property=\"og:description\" content=\"Durante la Convention interna della compagnia aerea che si \u00e8 tenuta a Roma lo scorso mese di ottobre, il presidente della societ\u00e0, Luca Cordero di Montezemolo, ha annunciato i dettagli dei nuovi servizi per migliorare l&#8217;esperienza di viaggio dei propri clienti. \u00a0 La compagnia aerea Alitalia ha presentato importanti novit\u00e0 a livello di rotte e [&hellip;]\" \/>\n<meta property=\"og:url\" content=\"https:\/\/italcamara-es.com\/it\/notizie\/la-nuova-alitalia-ha-annunciato-importanti-novita-per-i-prossimi-mesi\/\" \/>\n<meta property=\"og:site_name\" content=\"Italcamara\" \/>\n<meta property=\"article:published_time\" content=\"2015-11-19T10:27:24+00:00\" \/>\n<meta property=\"og:image\" content=\"https:\/\/italcamara-es.com\/wp-content\/uploads\/2025\/03\/250Aircraft.jpg\" \/>\n\t<meta property=\"og:image:width\" content=\"250\" \/>\n\t<meta property=\"og:image:height\" content=\"126\" \/>\n\t<meta property=\"og:image:type\" content=\"image\/jpeg\" \/>\n<meta name=\"author\" content=\"administrador\" \/>\n<meta name=\"twitter:card\" content=\"summary_large_image\" \/>\n<meta name=\"twitter:label1\" content=\"Scritto da\" \/>\n\t<meta name=\"twitter:data1\" content=\"administrador\" \/>\n\t<meta name=\"twitter:label2\" content=\"Tempo di lettura stimato\" \/>\n\t<meta name=\"twitter:data2\" content=\"3 minuti\" \/>\n<script type=\"application\/ld+json\" class=\"yoast-schema-graph\">{\"@context\":\"https:\\\/\\\/schema.org\",\"@graph\":[{\"@type\":\"Article\",\"@id\":\"https:\\\/\\\/italcamara-es.com\\\/it\\\/notizie\\\/la-nuova-alitalia-ha-annunciato-importanti-novita-per-i-prossimi-mesi\\\/#article\",\"isPartOf\":{\"@id\":\"https:\\\/\\\/italcamara-es.com\\\/it\\\/notizie\\\/la-nuova-alitalia-ha-annunciato-importanti-novita-per-i-prossimi-mesi\\\/\"},\"author\":{\"name\":\"administrador\",\"@id\":\"https:\\\/\\\/italcamara-es.com\\\/#\\\/schema\\\/person\\\/bb3c56263e405bbd9a15171dcfee93bb\"},\"headline\":\"La nuova Alitalia ha annunciato importanti novit\u00e0 per i prossimi mesi\",\"datePublished\":\"2015-11-19T10:27:24+00:00\",\"mainEntityOfPage\":{\"@id\":\"https:\\\/\\\/italcamara-es.com\\\/it\\\/notizie\\\/la-nuova-alitalia-ha-annunciato-importanti-novita-per-i-prossimi-mesi\\\/\"},\"wordCount\":522,\"commentCount\":0,\"image\":{\"@id\":\"https:\\\/\\\/italcamara-es.com\\\/it\\\/notizie\\\/la-nuova-alitalia-ha-annunciato-importanti-novita-per-i-prossimi-mesi\\\/#primaryimage\"},\"thumbnailUrl\":\"https:\\\/\\\/italcamara-es.com\\\/wp-content\\\/uploads\\\/2025\\\/03\\\/250Aircraft.jpg\",\"articleSection\":[\"Notizie\"],\"inLanguage\":\"it-IT\",\"potentialAction\":[{\"@type\":\"CommentAction\",\"name\":\"Comment\",\"target\":[\"https:\\\/\\\/italcamara-es.com\\\/it\\\/notizie\\\/la-nuova-alitalia-ha-annunciato-importanti-novita-per-i-prossimi-mesi\\\/#respond\"]}]},{\"@type\":\"WebPage\",\"@id\":\"https:\\\/\\\/italcamara-es.com\\\/it\\\/notizie\\\/la-nuova-alitalia-ha-annunciato-importanti-novita-per-i-prossimi-mesi\\\/\",\"url\":\"https:\\\/\\\/italcamara-es.com\\\/it\\\/notizie\\\/la-nuova-alitalia-ha-annunciato-importanti-novita-per-i-prossimi-mesi\\\/\",\"name\":\"La nuova Alitalia ha annunciato importanti novit\u00e0 per i prossimi mesi - Italcamara\",\"isPartOf\":{\"@id\":\"https:\\\/\\\/italcamara-es.com\\\/#website\"},\"primaryImageOfPage\":{\"@id\":\"https:\\\/\\\/italcamara-es.com\\\/it\\\/notizie\\\/la-nuova-alitalia-ha-annunciato-importanti-novita-per-i-prossimi-mesi\\\/#primaryimage\"},\"image\":{\"@id\":\"https:\\\/\\\/italcamara-es.com\\\/it\\\/notizie\\\/la-nuova-alitalia-ha-annunciato-importanti-novita-per-i-prossimi-mesi\\\/#primaryimage\"},\"thumbnailUrl\":\"https:\\\/\\\/italcamara-es.com\\\/wp-content\\\/uploads\\\/2025\\\/03\\\/250Aircraft.jpg\",\"datePublished\":\"2015-11-19T10:27:24+00:00\",\"author\":{\"@id\":\"https:\\\/\\\/italcamara-es.com\\\/#\\\/schema\\\/person\\\/bb3c56263e405bbd9a15171dcfee93bb\"},\"breadcrumb\":{\"@id\":\"https:\\\/\\\/italcamara-es.com\\\/it\\\/notizie\\\/la-nuova-alitalia-ha-annunciato-importanti-novita-per-i-prossimi-mesi\\\/#breadcrumb\"},\"inLanguage\":\"it-IT\",\"potentialAction\":[{\"@type\":\"ReadAction\",\"target\":[\"https:\\\/\\\/italcamara-es.com\\\/it\\\/notizie\\\/la-nuova-alitalia-ha-annunciato-importanti-novita-per-i-prossimi-mesi\\\/\"]}]},{\"@type\":\"ImageObject\",\"inLanguage\":\"it-IT\",\"@id\":\"https:\\\/\\\/italcamara-es.com\\\/it\\\/notizie\\\/la-nuova-alitalia-ha-annunciato-importanti-novita-per-i-prossimi-mesi\\\/#primaryimage\",\"url\":\"https:\\\/\\\/italcamara-es.com\\\/wp-content\\\/uploads\\\/2025\\\/03\\\/250Aircraft.jpg\",\"contentUrl\":\"https:\\\/\\\/italcamara-es.com\\\/wp-content\\\/uploads\\\/2025\\\/03\\\/250Aircraft.jpg\",\"width\":250,\"height\":126},{\"@type\":\"BreadcrumbList\",\"@id\":\"https:\\\/\\\/italcamara-es.com\\\/it\\\/notizie\\\/la-nuova-alitalia-ha-annunciato-importanti-novita-per-i-prossimi-mesi\\\/#breadcrumb\",\"itemListElement\":[{\"@type\":\"ListItem\",\"position\":1,\"name\":\"Inicio\",\"item\":\"https:\\\/\\\/italcamara-es.com\\\/it\\\/homepage-ita\\\/\"},{\"@type\":\"ListItem\",\"position\":2,\"name\":\"La nuova Alitalia ha annunciato importanti novit\u00e0 per i prossimi mesi\"}]},{\"@type\":\"WebSite\",\"@id\":\"https:\\\/\\\/italcamara-es.com\\\/#website\",\"url\":\"https:\\\/\\\/italcamara-es.com\\\/\",\"name\":\"Italcamara\",\"description\":\"\",\"potentialAction\":[{\"@type\":\"SearchAction\",\"target\":{\"@type\":\"EntryPoint\",\"urlTemplate\":\"https:\\\/\\\/italcamara-es.com\\\/?s={search_term_string}\"},\"query-input\":{\"@type\":\"PropertyValueSpecification\",\"valueRequired\":true,\"valueName\":\"search_term_string\"}}],\"inLanguage\":\"it-IT\"},{\"@type\":\"Person\",\"@id\":\"https:\\\/\\\/italcamara-es.com\\\/#\\\/schema\\\/person\\\/bb3c56263e405bbd9a15171dcfee93bb\",\"name\":\"administrador\",\"image\":{\"@type\":\"ImageObject\",\"inLanguage\":\"it-IT\",\"@id\":\"https:\\\/\\\/secure.gravatar.com\\\/avatar\\\/14b5e63db38320b12031bb28cf9f77e210aa71fb3a8a3602a3c9a05134fa75eb?s=96&d=mm&r=g\",\"url\":\"https:\\\/\\\/secure.gravatar.com\\\/avatar\\\/14b5e63db38320b12031bb28cf9f77e210aa71fb3a8a3602a3c9a05134fa75eb?s=96&d=mm&r=g\",\"contentUrl\":\"https:\\\/\\\/secure.gravatar.com\\\/avatar\\\/14b5e63db38320b12031bb28cf9f77e210aa71fb3a8a3602a3c9a05134fa75eb?s=96&d=mm&r=g\",\"caption\":\"administrador\"},\"sameAs\":[\"http:\\\/\\\/pre.italcamara-es.com\"],\"url\":\"https:\\\/\\\/italcamara-es.com\\\/it\\\/author\\\/administrador\\\/\"}]}<\/script>\n<!-- \/ Yoast SEO plugin. -->","yoast_head_json":{"title":"La nuova Alitalia ha annunciato importanti novit\u00e0 per i prossimi mesi - Italcamara","robots":{"index":"index","follow":"follow","max-snippet":"max-snippet:-1","max-image-preview":"max-image-preview:large","max-video-preview":"max-video-preview:-1"},"canonical":"https:\/\/italcamara-es.com\/it\/notizie\/la-nuova-alitalia-ha-annunciato-importanti-novita-per-i-prossimi-mesi\/","og_locale":"it_IT","og_type":"article","og_title":"La nuova Alitalia ha annunciato importanti novit\u00e0 per i prossimi mesi - Italcamara","og_description":"Durante la Convention interna della compagnia aerea che si \u00e8 tenuta a Roma lo scorso mese di ottobre, il presidente della societ\u00e0, Luca Cordero di Montezemolo, ha annunciato i dettagli dei nuovi servizi per migliorare l&#8217;esperienza di viaggio dei propri clienti. \u00a0 La compagnia aerea Alitalia ha presentato importanti novit\u00e0 a livello di rotte e [&hellip;]","og_url":"https:\/\/italcamara-es.com\/it\/notizie\/la-nuova-alitalia-ha-annunciato-importanti-novita-per-i-prossimi-mesi\/","og_site_name":"Italcamara","article_published_time":"2015-11-19T10:27:24+00:00","og_image":[{"width":250,"height":126,"url":"https:\/\/italcamara-es.com\/wp-content\/uploads\/2025\/03\/250Aircraft.jpg","type":"image\/jpeg"}],"author":"administrador","twitter_card":"summary_large_image","twitter_misc":{"Scritto da":"administrador","Tempo di lettura stimato":"3 minuti"},"schema":{"@context":"https:\/\/schema.org","@graph":[{"@type":"Article","@id":"https:\/\/italcamara-es.com\/it\/notizie\/la-nuova-alitalia-ha-annunciato-importanti-novita-per-i-prossimi-mesi\/#article","isPartOf":{"@id":"https:\/\/italcamara-es.com\/it\/notizie\/la-nuova-alitalia-ha-annunciato-importanti-novita-per-i-prossimi-mesi\/"},"author":{"name":"administrador","@id":"https:\/\/italcamara-es.com\/#\/schema\/person\/bb3c56263e405bbd9a15171dcfee93bb"},"headline":"La nuova Alitalia ha annunciato importanti novit\u00e0 per i prossimi mesi","datePublished":"2015-11-19T10:27:24+00:00","mainEntityOfPage":{"@id":"https:\/\/italcamara-es.com\/it\/notizie\/la-nuova-alitalia-ha-annunciato-importanti-novita-per-i-prossimi-mesi\/"},"wordCount":522,"commentCount":0,"image":{"@id":"https:\/\/italcamara-es.com\/it\/notizie\/la-nuova-alitalia-ha-annunciato-importanti-novita-per-i-prossimi-mesi\/#primaryimage"},"thumbnailUrl":"https:\/\/italcamara-es.com\/wp-content\/uploads\/2025\/03\/250Aircraft.jpg","articleSection":["Notizie"],"inLanguage":"it-IT","potentialAction":[{"@type":"CommentAction","name":"Comment","target":["https:\/\/italcamara-es.com\/it\/notizie\/la-nuova-alitalia-ha-annunciato-importanti-novita-per-i-prossimi-mesi\/#respond"]}]},{"@type":"WebPage","@id":"https:\/\/italcamara-es.com\/it\/notizie\/la-nuova-alitalia-ha-annunciato-importanti-novita-per-i-prossimi-mesi\/","url":"https:\/\/italcamara-es.com\/it\/notizie\/la-nuova-alitalia-ha-annunciato-importanti-novita-per-i-prossimi-mesi\/","name":"La nuova Alitalia ha annunciato importanti novit\u00e0 per i prossimi mesi - Italcamara","isPartOf":{"@id":"https:\/\/italcamara-es.com\/#website"},"primaryImageOfPage":{"@id":"https:\/\/italcamara-es.com\/it\/notizie\/la-nuova-alitalia-ha-annunciato-importanti-novita-per-i-prossimi-mesi\/#primaryimage"},"image":{"@id":"https:\/\/italcamara-es.com\/it\/notizie\/la-nuova-alitalia-ha-annunciato-importanti-novita-per-i-prossimi-mesi\/#primaryimage"},"thumbnailUrl":"https:\/\/italcamara-es.com\/wp-content\/uploads\/2025\/03\/250Aircraft.jpg","datePublished":"2015-11-19T10:27:24+00:00","author":{"@id":"https:\/\/italcamara-es.com\/#\/schema\/person\/bb3c56263e405bbd9a15171dcfee93bb"},"breadcrumb":{"@id":"https:\/\/italcamara-es.com\/it\/notizie\/la-nuova-alitalia-ha-annunciato-importanti-novita-per-i-prossimi-mesi\/#breadcrumb"},"inLanguage":"it-IT","potentialAction":[{"@type":"ReadAction","target":["https:\/\/italcamara-es.com\/it\/notizie\/la-nuova-alitalia-ha-annunciato-importanti-novita-per-i-prossimi-mesi\/"]}]},{"@type":"ImageObject","inLanguage":"it-IT","@id":"https:\/\/italcamara-es.com\/it\/notizie\/la-nuova-alitalia-ha-annunciato-importanti-novita-per-i-prossimi-mesi\/#primaryimage","url":"https:\/\/italcamara-es.com\/wp-content\/uploads\/2025\/03\/250Aircraft.jpg","contentUrl":"https:\/\/italcamara-es.com\/wp-content\/uploads\/2025\/03\/250Aircraft.jpg","width":250,"height":126},{"@type":"BreadcrumbList","@id":"https:\/\/italcamara-es.com\/it\/notizie\/la-nuova-alitalia-ha-annunciato-importanti-novita-per-i-prossimi-mesi\/#breadcrumb","itemListElement":[{"@type":"ListItem","position":1,"name":"Inicio","item":"https:\/\/italcamara-es.com\/it\/homepage-ita\/"},{"@type":"ListItem","position":2,"name":"La nuova Alitalia ha annunciato importanti novit\u00e0 per i prossimi mesi"}]},{"@type":"WebSite","@id":"https:\/\/italcamara-es.com\/#website","url":"https:\/\/italcamara-es.com\/","name":"Italcamara","description":"","potentialAction":[{"@type":"SearchAction","target":{"@type":"EntryPoint","urlTemplate":"https:\/\/italcamara-es.com\/?s={search_term_string}"},"query-input":{"@type":"PropertyValueSpecification","valueRequired":true,"valueName":"search_term_string"}}],"inLanguage":"it-IT"},{"@type":"Person","@id":"https:\/\/italcamara-es.com\/#\/schema\/person\/bb3c56263e405bbd9a15171dcfee93bb","name":"administrador","image":{"@type":"ImageObject","inLanguage":"it-IT","@id":"https:\/\/secure.gravatar.com\/avatar\/14b5e63db38320b12031bb28cf9f77e210aa71fb3a8a3602a3c9a05134fa75eb?s=96&d=mm&r=g","url":"https:\/\/secure.gravatar.com\/avatar\/14b5e63db38320b12031bb28cf9f77e210aa71fb3a8a3602a3c9a05134fa75eb?s=96&d=mm&r=g","contentUrl":"https:\/\/secure.gravatar.com\/avatar\/14b5e63db38320b12031bb28cf9f77e210aa71fb3a8a3602a3c9a05134fa75eb?s=96&d=mm&r=g","caption":"administrador"},"sameAs":["http:\/\/pre.italcamara-es.com"],"url":"https:\/\/italcamara-es.com\/it\/author\/administrador\/"}]}},"rttpg_featured_image_url":{"full":["https:\/\/italcamara-es.com\/wp-content\/uploads\/2025\/03\/250Aircraft.jpg",250,126,false],"landscape":["https:\/\/italcamara-es.com\/wp-content\/uploads\/2025\/03\/250Aircraft.jpg",250,126,false],"portraits":["https:\/\/italcamara-es.com\/wp-content\/uploads\/2025\/03\/250Aircraft.jpg",250,126,false],"thumbnail":["https:\/\/italcamara-es.com\/wp-content\/uploads\/2025\/03\/250Aircraft-150x126.jpg",150,126,true],"medium":["https:\/\/italcamara-es.com\/wp-content\/uploads\/2025\/03\/250Aircraft.jpg",250,126,false],"large":["https:\/\/italcamara-es.com\/wp-content\/uploads\/2025\/03\/250Aircraft.jpg",250,126,false],"1536x1536":["https:\/\/italcamara-es.com\/wp-content\/uploads\/2025\/03\/250Aircraft.jpg",250,126,false],"2048x2048":["https:\/\/italcamara-es.com\/wp-content\/uploads\/2025\/03\/250Aircraft.jpg",250,126,false],"ocean-thumb-m":["https:\/\/italcamara-es.com\/wp-content\/uploads\/2025\/03\/250Aircraft.jpg",250,126,false],"ocean-thumb-ml":["https:\/\/italcamara-es.com\/wp-content\/uploads\/2025\/03\/250Aircraft.jpg",250,126,false],"ocean-thumb-l":["https:\/\/italcamara-es.com\/wp-content\/uploads\/2025\/03\/250Aircraft.jpg",250,126,false],"directorist_preview":["https:\/\/italcamara-es.com\/wp-content\/uploads\/2025\/03\/250Aircraft.jpg",250,126,false]},"rttpg_author":{"display_name":"administrador","author_link":"https:\/\/italcamara-es.com\/it\/author\/administrador\/"},"rttpg_comment":0,"rttpg_category":"<a href=\"https:\/\/italcamara-es.com\/it\/category\/notizie\/\" rel=\"category tag\">Notizie<\/a>","rttpg_excerpt":"Durante la Convention interna della compagnia aerea che si \u00e8 tenuta a Roma lo scorso mese di ottobre, il presidente della societ\u00e0, Luca Cordero di Montezemolo, ha annunciato i dettagli dei nuovi servizi per migliorare l&#8217;esperienza di viaggio dei propri clienti. \u00a0 La compagnia aerea Alitalia ha presentato importanti novit\u00e0 a livello di rotte e&hellip;","_links":{"self":[{"href":"https:\/\/italcamara-es.com\/it\/wp-json\/wp\/v2\/posts\/56903","targetHints":{"allow":["GET"]}}],"collection":[{"href":"https:\/\/italcamara-es.com\/it\/wp-json\/wp\/v2\/posts"}],"about":[{"href":"https:\/\/italcamara-es.com\/it\/wp-json\/wp\/v2\/types\/post"}],"author":[{"embeddable":true,"href":"https:\/\/italcamara-es.com\/it\/wp-json\/wp\/v2\/users\/1"}],"replies":[{"embeddable":true,"href":"https:\/\/italcamara-es.com\/it\/wp-json\/wp\/v2\/comments?post=56903"}],"version-history":[{"count":0,"href":"https:\/\/italcamara-es.com\/it\/wp-json\/wp\/v2\/posts\/56903\/revisions"}],"wp:featuredmedia":[{"embeddable":true,"href":"https:\/\/italcamara-es.com\/it\/wp-json\/wp\/v2\/media\/52433"}],"wp:attachment":[{"href":"https:\/\/italcamara-es.com\/it\/wp-json\/wp\/v2\/media?parent=56903"}],"wp:term":[{"taxonomy":"category","embeddable":true,"href":"https:\/\/italcamara-es.com\/it\/wp-json\/wp\/v2\/categories?post=56903"},{"taxonomy":"post_tag","embeddable":true,"href":"https:\/\/italcamara-es.com\/it\/wp-json\/wp\/v2\/tags?post=56903"}],"curies":[{"name":"wp","href":"https:\/\/api.w.org\/{rel}","templated":true}]}}