	{"id":56914,"date":"2016-07-29T09:02:40","date_gmt":"2016-07-29T07:02:40","guid":{"rendered":"http:\/\/pre.italcamara-es.com\/senza-categoria\/i-ricavi-di-cellnex-crescono-il-18-attestandosi-a-338-milioni-di-euro\/"},"modified":"2016-07-29T09:02:40","modified_gmt":"2016-07-29T07:02:40","slug":"i-ricavi-di-cellnex-crescono-il-18-attestandosi-a-338-milioni-di-euro","status":"publish","type":"post","link":"https:\/\/italcamara-es.com\/it\/notizie\/i-ricavi-di-cellnex-crescono-il-18-attestandosi-a-338-milioni-di-euro\/","title":{"rendered":"I ricavi di Cellnex crescono il 18% attestandosi a 338 milioni di euro"},"content":{"rendered":"<p style=\"text-align: justify;\"><em>L\u2019Ebitda raggiunge i 134 milioni e il risultato netto 25 milioni<\/em><\/p>\n<p style=\"text-align: justify;\">\nCellnex Telecom ha presentato i risultati relativi alla chiusura del primo semestre 2016. I ricavi sono stati pari a 338 milioni di euro e l\u2019ebitda ha raggiunto i 134 milioni. Il risultato netto si \u00e8 attestato a 24 milioni di euro rispetto ai 18 milioni del primo semestre 2015.<\/p>\n<p style=\"text-align: justify;\">\nL\u2019Amministratore Delegato di Cellnex, <strong>Tob\u00edas Mart\u00ednez<\/strong>, ha valutato \u201cpositivamente i principali dati economici di Cellnex in questo primo semestre che sono allineati con le previsione per il periodo. La societ\u00e0 \u00e8 chiaramente in crescita come \u00e8 dimostrato dai principali indicatori : ricavi, ebitda, ratio di condivisione delle nostre infrastrutture e \u201cpunti di presenza\u201d (PoPs) . A questo ultimo proposito va sottolineato il ritmo di crescita: 415 PoPs rispetto ai 346 del precedente semestre, vale a dire un +20%.\u201d<\/p>\n<p style=\"text-align: justify;\">\nDal canto suo il Presidente di Cellnex, <strong>Francisco Reyn\u00e9s<\/strong>, ha sottolineato che sono \u201cdue gli elementi che caratterizzano questo primo semestre: la crescita degli indicatori chiave dell\u2019attivit\u00e0 e del business in linea con le aspettative del mercato e la capacit\u00e0 del management di identificare non solo le opportunit\u00e0 di crescita in Europa, ma anche di definirne le priorit\u00e0 e di attuarle\u201d.<\/p>\n<p style=\"text-align: justify;\">\nSulla stessa linea, Tob\u00edas Mart\u00ednez, che ha indicato come oltre alla gestione \u201cnon siano state trascurate le dinamiche del mercato in Europa. Cellnex ha dimostrato agilit\u00e0 e capacit\u00e0 di risposta. I tre importanti accordi chiusi \u2013i 949 siti che formano la rete di small cells e sistemi distribuiti d\u2019antenna (DAS ) di CommsCon in Italia; i 230 siti di Bouygues Telecom in Francia; e i 261 di Protelindo in Olanda\u2212, confermano la vocazione di operatore a dimensione europea e un modello operativo in cui i vettori di crescita sono: una maggiore condivisione delle infrastrutture e una maggiore densit\u00e0 delle reti grazie alle \u201csmall cells\u201d e al sistema DAS per fornire una risposta efficace ai servizi di banda larga mobile\u201d.<\/p>\n<p style=\"text-align: justify;\">\n<p style=\"text-align: justify;\"><strong>Crescita organica, miglioramento del tasso di occupazione, investimenti, nuovi canali televisivi in Spagna<\/strong><\/p>\n<p style=\"text-align: justify;\">\nPer area di attivit\u00e0, le infrastrutture per telefonia mobile hanno prodotto il 55% dei ricavi pari a 84 milioni di euro. L\u2019attivit\u00e0 nel settore delle reti di diffusione audiovisiva ha prodotto il 33% dei ricavi pari a 113 milioni di euro. Mentre l\u2019attivit\u00e0 incentrata sulle reti di sicurezza e emergenza e sulle soluzioni per la gestione intelligente delle infrastrutture urbane (IoT e Smart cities) hanno prodotto il 12% dei ricavi pari a 41 milioni di euro.<\/p>\n<p style=\"text-align: justify;\">\nAlla chiusura del primo trimestre 2016 ,Cellnex Telecom contava su un totale di 15.135 siti (7.718 in Italia e 7.417 in Spagna), ai quali si aggiungono i 949 nodi (DAS e piccole celle) gestiti da CommsCon .<\/p>\n<p style=\"text-align: justify;\">\nLa crescita organica dei punti di presenza sulla base esistente delle torri ha raggiunto un +2% rispetto allo stesso periodo del 2015, mentre il ratio di occupazione per sito ha raggiunto 1,56 rispetto all\u2019 1,50 del giugno 2015 (si tratta del primo periodo in cui sono stati consolidati gli attivi di Galata in Italia,) e all\u2019 1.54 del primo trimestre 2016. Questo \u00e8 il risultato dell\u2019attivit\u00e0 commerciale, che ha stipulato nuovi accordi di servizi con operatori di telefonia mobile , operatori di tlc e gruppi di comunicazione audiovisiva in Italia e in Spagna.<\/p>\n<p style=\"text-align: justify;\">\nIn quest\u2019ultimo caso, i ricavi del periodo comprendono l\u2019inizio delle trasmissioni di 6 nuovi canali di TV a fine aprile in Spagna. Nell\u2019accumulato dei 6 mesi quest\u2019area di attivit\u00e0 non \u00e8 ancora omogenea con quella del primo trimestre 2015 in cui era stato effettuato un \u201csimulcast\u201d (trasmissione parallela in due diverse frequenze) in coincidenza con la migrazione e la liberazione della banda da 800 MHz.<\/p>\n<p style=\"text-align: justify;\">\nGli investimenti del periodo hanno totalizzato 46 milioni di euro: 19 milioni relativi all\u2019acquisizione di CommsCon, mentre 27 milioni sono stati destinati alla manutenzione della capacit\u00e0 installata e a investimenti vincolati a generare nuovi ricavi e maggior efficienza come il miglioramento dei costi operativi per la rinegoziazione di contratti riguardanti i luoghi in cui vengono ubicate le infrastrutture di telefonia mobile gestite dalla societ\u00e0 .<\/p>\n<p style=\"text-align: justify;\">\n<p style=\"text-align: justify;\"><strong>Struttura del debito: ampliamento di 125 milioni delle linee di credito disponibili<\/strong><\/p>\n<p style=\"text-align: justify;\">\nCellnex mantiene alla chiusura del primo semestre una struttura di debito stabile, a lungo termine, con una vita media di 5,6 anni, con un costo medio annuo di 2,1%, e con un 57% a tasso fisso. Il debito di Cellnex Telecom non \u00e8 soggetto ad alcun tipo di covenant.<\/p>\n<p style=\"text-align: justify;\">\nCellnex ha ampliato di 125 milioni le linee di credito disponibili con scadenza tra il 2019 e il 2021 ad un costo dell\u20191%. In tal modo il limite totale del debito \u00e8 aumentato a 1,225 milioni.<\/p>\n<p style=\"text-align: justify;\">\nIl debito netto della compagnia al 30 giugno si \u00e8 attestato a 872 milioni di euro rispetto ai 927 milioni alla chiusura del 2015, con una riduzione del 6%. Il ratio annualizzato debito netto\/ebitda \u00e8 stato del 3,3x rispetto al 3,7x del dicembre 2015.<\/p>\n<p style=\"text-align: justify;\">\nLo scorso 30 marzo Cellnex Telecom \u00e8 entrata nell\u2019elenco delle obbligazioni societarie eleggibili come collaterali della Banca Centrale Europea in operazioni di politica monetaria. Tale azione si iscrive nell\u2019ambito del programma di acquisto del debito societario (Corporate Sector Purchase Programme, CSPP), che lo scorso 10 marzo \u00e8 venuto a completare il programma di acquisto di asset finanziari (Asset Purchase Programme, APP) gi\u00e0 precedentemente attuato dalla BCE.<\/p>\n<p style=\"text-align: justify;\">\nLe emissioni di Cellnex Telecom mantengono il rating \u201cinvestiment grade\u201d (grado di investimento) di Fitch (BBB- con prospettiva stabile). Inoltre, lo scorso giugno S&amp;P ha confermato il rating BB+ migliorando la prospettiva da stabile a positiva<\/p>\n<p style=\"text-align: justify;\">\n<p style=\"text-align: justify;\"><strong>Riguardo a Cellnex Telecom<\/strong><\/p>\n<p style=\"text-align: justify;\">\nCellnex Telecom \u00e8 il principale operatore indipendente europeo di infrastrutture di telecomunicazioni wifi, con un portafoglio totale di 15.135 siti (alla chiusura del 1S 2016). Cellnex svolge le proprie attivit\u00e0 in Spagna, Italia, Olanda e Francia.<\/p>\n<p style=\"text-align: justify;\">\n<p style=\"text-align: justify;\">Cellnex opera in tre diverse aree di attivit\u00e0: infrastrutture per la telefonia mobile; reti di diffusione audiovisiva; servizi di reti di sicurezza e emergenza e soluzioni per la gestione intelligente delle infrastrutture e servizi urbani (smart city e \u201d Internet delle cose\u201d (IoT)).<\/p>\n<p style=\"text-align: justify;\">\n","protected":false},"excerpt":{"rendered":"<p>L\u2019Ebitda raggiunge i 134 milioni e il risultato netto 25 milioni Cellnex Telecom ha presentato i risultati relativi alla chiusura del primo semestre 2016. I ricavi sono stati pari a 338 milioni di euro e l\u2019ebitda ha raggiunto i 134 milioni. Il risultato netto si \u00e8 attestato a 24 milioni di euro rispetto ai 18 [&hellip;]<\/p>\n","protected":false},"author":1,"featured_media":52455,"comment_status":"open","ping_status":"open","sticky":false,"template":"","format":"standard","meta":{"inline_featured_image":false,"ocean_post_layout":"","ocean_both_sidebars_style":"","ocean_both_sidebars_content_width":0,"ocean_both_sidebars_sidebars_width":0,"ocean_sidebar":"","ocean_second_sidebar":"","ocean_disable_margins":"enable","ocean_add_body_class":"","ocean_shortcode_before_top_bar":"","ocean_shortcode_after_top_bar":"","ocean_shortcode_before_header":"","ocean_shortcode_after_header":"","ocean_has_shortcode":"","ocean_shortcode_after_title":"","ocean_shortcode_before_footer_widgets":"","ocean_shortcode_after_footer_widgets":"","ocean_shortcode_before_footer_bottom":"","ocean_shortcode_after_footer_bottom":"","ocean_display_top_bar":"default","ocean_display_header":"default","ocean_header_style":"","ocean_center_header_left_menu":"","ocean_custom_header_template":"","ocean_custom_logo":0,"ocean_custom_retina_logo":0,"ocean_custom_logo_max_width":0,"ocean_custom_logo_tablet_max_width":0,"ocean_custom_logo_mobile_max_width":0,"ocean_custom_logo_max_height":0,"ocean_custom_logo_tablet_max_height":0,"ocean_custom_logo_mobile_max_height":0,"ocean_header_custom_menu":"","ocean_menu_typo_font_family":"","ocean_menu_typo_font_subset":"","ocean_menu_typo_font_size":0,"ocean_menu_typo_font_size_tablet":0,"ocean_menu_typo_font_size_mobile":0,"ocean_menu_typo_font_size_unit":"px","ocean_menu_typo_font_weight":"","ocean_menu_typo_font_weight_tablet":"","ocean_menu_typo_font_weight_mobile":"","ocean_menu_typo_transform":"","ocean_menu_typo_transform_tablet":"","ocean_menu_typo_transform_mobile":"","ocean_menu_typo_line_height":0,"ocean_menu_typo_line_height_tablet":0,"ocean_menu_typo_line_height_mobile":0,"ocean_menu_typo_line_height_unit":"","ocean_menu_typo_spacing":0,"ocean_menu_typo_spacing_tablet":0,"ocean_menu_typo_spacing_mobile":0,"ocean_menu_typo_spacing_unit":"","ocean_menu_link_color":"","ocean_menu_link_color_hover":"","ocean_menu_link_color_active":"","ocean_menu_link_background":"","ocean_menu_link_hover_background":"","ocean_menu_link_active_background":"","ocean_menu_social_links_bg":"","ocean_menu_social_hover_links_bg":"","ocean_menu_social_links_color":"","ocean_menu_social_hover_links_color":"","ocean_disable_title":"default","ocean_disable_heading":"default","ocean_post_title":"","ocean_post_subheading":"","ocean_post_title_style":"","ocean_post_title_background_color":"","ocean_post_title_background":0,"ocean_post_title_bg_image_position":"","ocean_post_title_bg_image_attachment":"","ocean_post_title_bg_image_repeat":"","ocean_post_title_bg_image_size":"","ocean_post_title_height":0,"ocean_post_title_bg_overlay":0.5,"ocean_post_title_bg_overlay_color":"","ocean_disable_breadcrumbs":"default","ocean_breadcrumbs_color":"","ocean_breadcrumbs_separator_color":"","ocean_breadcrumbs_links_color":"","ocean_breadcrumbs_links_hover_color":"","ocean_display_footer_widgets":"default","ocean_display_footer_bottom":"default","ocean_custom_footer_template":"","ocean_post_oembed":"","ocean_post_self_hosted_media":"","ocean_post_video_embed":"","ocean_link_format":"","ocean_link_format_target":"self","ocean_quote_format":"","ocean_quote_format_link":"post","ocean_gallery_link_images":"on","ocean_gallery_id":[],"footnotes":""},"categories":[133],"tags":[],"class_list":["post-56914","post","type-post","status-publish","format-standard","has-post-thumbnail","hentry","category-notizie","entry","has-media"],"yoast_head":"<!-- This site is optimized with the Yoast SEO plugin v27.5 - https:\/\/yoast.com\/product\/yoast-seo-wordpress\/ -->\n<title>I ricavi di Cellnex crescono il 18% attestandosi a 338 milioni di euro - Italcamara<\/title>\n<meta name=\"robots\" content=\"index, follow, max-snippet:-1, max-image-preview:large, max-video-preview:-1\" \/>\n<link rel=\"canonical\" href=\"https:\/\/italcamara-es.com\/it\/notizie\/i-ricavi-di-cellnex-crescono-il-18-attestandosi-a-338-milioni-di-euro\/\" \/>\n<meta property=\"og:locale\" content=\"it_IT\" \/>\n<meta property=\"og:type\" content=\"article\" \/>\n<meta property=\"og:title\" content=\"I ricavi di Cellnex crescono il 18% attestandosi a 338 milioni di euro - Italcamara\" \/>\n<meta property=\"og:description\" content=\"L\u2019Ebitda raggiunge i 134 milioni e il risultato netto 25 milioni Cellnex Telecom ha presentato i risultati relativi alla chiusura del primo semestre 2016. I ricavi sono stati pari a 338 milioni di euro e l\u2019ebitda ha raggiunto i 134 milioni. Il risultato netto si \u00e8 attestato a 24 milioni di euro rispetto ai 18 [&hellip;]\" \/>\n<meta property=\"og:url\" content=\"https:\/\/italcamara-es.com\/it\/notizie\/i-ricavi-di-cellnex-crescono-il-18-attestandosi-a-338-milioni-di-euro\/\" \/>\n<meta property=\"og:site_name\" content=\"Italcamara\" \/>\n<meta property=\"article:published_time\" content=\"2016-07-29T07:02:40+00:00\" \/>\n<meta property=\"og:image\" content=\"https:\/\/italcamara-es.com\/wp-content\/uploads\/2025\/03\/marca_cellnex250.jpg\" \/>\n\t<meta property=\"og:image:width\" content=\"250\" \/>\n\t<meta property=\"og:image:height\" content=\"132\" \/>\n\t<meta property=\"og:image:type\" content=\"image\/jpeg\" \/>\n<meta name=\"author\" content=\"administrador\" \/>\n<meta name=\"twitter:card\" content=\"summary_large_image\" \/>\n<meta name=\"twitter:label1\" content=\"Scritto da\" \/>\n\t<meta name=\"twitter:data1\" content=\"administrador\" \/>\n\t<meta name=\"twitter:label2\" content=\"Tempo di lettura stimato\" \/>\n\t<meta name=\"twitter:data2\" content=\"5 minuti\" \/>\n<script type=\"application\/ld+json\" class=\"yoast-schema-graph\">{\"@context\":\"https:\\\/\\\/schema.org\",\"@graph\":[{\"@type\":\"Article\",\"@id\":\"https:\\\/\\\/italcamara-es.com\\\/it\\\/notizie\\\/i-ricavi-di-cellnex-crescono-il-18-attestandosi-a-338-milioni-di-euro\\\/#article\",\"isPartOf\":{\"@id\":\"https:\\\/\\\/italcamara-es.com\\\/it\\\/notizie\\\/i-ricavi-di-cellnex-crescono-il-18-attestandosi-a-338-milioni-di-euro\\\/\"},\"author\":{\"name\":\"administrador\",\"@id\":\"https:\\\/\\\/italcamara-es.com\\\/#\\\/schema\\\/person\\\/bb3c56263e405bbd9a15171dcfee93bb\"},\"headline\":\"I ricavi di Cellnex crescono il 18% attestandosi a 338 milioni di euro\",\"datePublished\":\"2016-07-29T07:02:40+00:00\",\"mainEntityOfPage\":{\"@id\":\"https:\\\/\\\/italcamara-es.com\\\/it\\\/notizie\\\/i-ricavi-di-cellnex-crescono-il-18-attestandosi-a-338-milioni-di-euro\\\/\"},\"wordCount\":951,\"commentCount\":0,\"image\":{\"@id\":\"https:\\\/\\\/italcamara-es.com\\\/it\\\/notizie\\\/i-ricavi-di-cellnex-crescono-il-18-attestandosi-a-338-milioni-di-euro\\\/#primaryimage\"},\"thumbnailUrl\":\"https:\\\/\\\/italcamara-es.com\\\/wp-content\\\/uploads\\\/2025\\\/03\\\/marca_cellnex250.jpg\",\"articleSection\":[\"Notizie\"],\"inLanguage\":\"it-IT\",\"potentialAction\":[{\"@type\":\"CommentAction\",\"name\":\"Comment\",\"target\":[\"https:\\\/\\\/italcamara-es.com\\\/it\\\/notizie\\\/i-ricavi-di-cellnex-crescono-il-18-attestandosi-a-338-milioni-di-euro\\\/#respond\"]}]},{\"@type\":\"WebPage\",\"@id\":\"https:\\\/\\\/italcamara-es.com\\\/it\\\/notizie\\\/i-ricavi-di-cellnex-crescono-il-18-attestandosi-a-338-milioni-di-euro\\\/\",\"url\":\"https:\\\/\\\/italcamara-es.com\\\/it\\\/notizie\\\/i-ricavi-di-cellnex-crescono-il-18-attestandosi-a-338-milioni-di-euro\\\/\",\"name\":\"I ricavi di Cellnex crescono il 18% attestandosi a 338 milioni di euro - Italcamara\",\"isPartOf\":{\"@id\":\"https:\\\/\\\/italcamara-es.com\\\/#website\"},\"primaryImageOfPage\":{\"@id\":\"https:\\\/\\\/italcamara-es.com\\\/it\\\/notizie\\\/i-ricavi-di-cellnex-crescono-il-18-attestandosi-a-338-milioni-di-euro\\\/#primaryimage\"},\"image\":{\"@id\":\"https:\\\/\\\/italcamara-es.com\\\/it\\\/notizie\\\/i-ricavi-di-cellnex-crescono-il-18-attestandosi-a-338-milioni-di-euro\\\/#primaryimage\"},\"thumbnailUrl\":\"https:\\\/\\\/italcamara-es.com\\\/wp-content\\\/uploads\\\/2025\\\/03\\\/marca_cellnex250.jpg\",\"datePublished\":\"2016-07-29T07:02:40+00:00\",\"author\":{\"@id\":\"https:\\\/\\\/italcamara-es.com\\\/#\\\/schema\\\/person\\\/bb3c56263e405bbd9a15171dcfee93bb\"},\"breadcrumb\":{\"@id\":\"https:\\\/\\\/italcamara-es.com\\\/it\\\/notizie\\\/i-ricavi-di-cellnex-crescono-il-18-attestandosi-a-338-milioni-di-euro\\\/#breadcrumb\"},\"inLanguage\":\"it-IT\",\"potentialAction\":[{\"@type\":\"ReadAction\",\"target\":[\"https:\\\/\\\/italcamara-es.com\\\/it\\\/notizie\\\/i-ricavi-di-cellnex-crescono-il-18-attestandosi-a-338-milioni-di-euro\\\/\"]}]},{\"@type\":\"ImageObject\",\"inLanguage\":\"it-IT\",\"@id\":\"https:\\\/\\\/italcamara-es.com\\\/it\\\/notizie\\\/i-ricavi-di-cellnex-crescono-il-18-attestandosi-a-338-milioni-di-euro\\\/#primaryimage\",\"url\":\"https:\\\/\\\/italcamara-es.com\\\/wp-content\\\/uploads\\\/2025\\\/03\\\/marca_cellnex250.jpg\",\"contentUrl\":\"https:\\\/\\\/italcamara-es.com\\\/wp-content\\\/uploads\\\/2025\\\/03\\\/marca_cellnex250.jpg\",\"width\":250,\"height\":132},{\"@type\":\"BreadcrumbList\",\"@id\":\"https:\\\/\\\/italcamara-es.com\\\/it\\\/notizie\\\/i-ricavi-di-cellnex-crescono-il-18-attestandosi-a-338-milioni-di-euro\\\/#breadcrumb\",\"itemListElement\":[{\"@type\":\"ListItem\",\"position\":1,\"name\":\"Inicio\",\"item\":\"https:\\\/\\\/italcamara-es.com\\\/it\\\/homepage-ita\\\/\"},{\"@type\":\"ListItem\",\"position\":2,\"name\":\"I ricavi di Cellnex crescono il 18% attestandosi a 338 milioni di euro\"}]},{\"@type\":\"WebSite\",\"@id\":\"https:\\\/\\\/italcamara-es.com\\\/#website\",\"url\":\"https:\\\/\\\/italcamara-es.com\\\/\",\"name\":\"Italcamara\",\"description\":\"\",\"potentialAction\":[{\"@type\":\"SearchAction\",\"target\":{\"@type\":\"EntryPoint\",\"urlTemplate\":\"https:\\\/\\\/italcamara-es.com\\\/?s={search_term_string}\"},\"query-input\":{\"@type\":\"PropertyValueSpecification\",\"valueRequired\":true,\"valueName\":\"search_term_string\"}}],\"inLanguage\":\"it-IT\"},{\"@type\":\"Person\",\"@id\":\"https:\\\/\\\/italcamara-es.com\\\/#\\\/schema\\\/person\\\/bb3c56263e405bbd9a15171dcfee93bb\",\"name\":\"administrador\",\"image\":{\"@type\":\"ImageObject\",\"inLanguage\":\"it-IT\",\"@id\":\"https:\\\/\\\/secure.gravatar.com\\\/avatar\\\/14b5e63db38320b12031bb28cf9f77e210aa71fb3a8a3602a3c9a05134fa75eb?s=96&d=mm&r=g\",\"url\":\"https:\\\/\\\/secure.gravatar.com\\\/avatar\\\/14b5e63db38320b12031bb28cf9f77e210aa71fb3a8a3602a3c9a05134fa75eb?s=96&d=mm&r=g\",\"contentUrl\":\"https:\\\/\\\/secure.gravatar.com\\\/avatar\\\/14b5e63db38320b12031bb28cf9f77e210aa71fb3a8a3602a3c9a05134fa75eb?s=96&d=mm&r=g\",\"caption\":\"administrador\"},\"sameAs\":[\"http:\\\/\\\/pre.italcamara-es.com\"],\"url\":\"https:\\\/\\\/italcamara-es.com\\\/it\\\/author\\\/administrador\\\/\"}]}<\/script>\n<!-- \/ Yoast SEO plugin. -->","yoast_head_json":{"title":"I ricavi di Cellnex crescono il 18% attestandosi a 338 milioni di euro - Italcamara","robots":{"index":"index","follow":"follow","max-snippet":"max-snippet:-1","max-image-preview":"max-image-preview:large","max-video-preview":"max-video-preview:-1"},"canonical":"https:\/\/italcamara-es.com\/it\/notizie\/i-ricavi-di-cellnex-crescono-il-18-attestandosi-a-338-milioni-di-euro\/","og_locale":"it_IT","og_type":"article","og_title":"I ricavi di Cellnex crescono il 18% attestandosi a 338 milioni di euro - Italcamara","og_description":"L\u2019Ebitda raggiunge i 134 milioni e il risultato netto 25 milioni Cellnex Telecom ha presentato i risultati relativi alla chiusura del primo semestre 2016. I ricavi sono stati pari a 338 milioni di euro e l\u2019ebitda ha raggiunto i 134 milioni. Il risultato netto si \u00e8 attestato a 24 milioni di euro rispetto ai 18 [&hellip;]","og_url":"https:\/\/italcamara-es.com\/it\/notizie\/i-ricavi-di-cellnex-crescono-il-18-attestandosi-a-338-milioni-di-euro\/","og_site_name":"Italcamara","article_published_time":"2016-07-29T07:02:40+00:00","og_image":[{"width":250,"height":132,"url":"https:\/\/italcamara-es.com\/wp-content\/uploads\/2025\/03\/marca_cellnex250.jpg","type":"image\/jpeg"}],"author":"administrador","twitter_card":"summary_large_image","twitter_misc":{"Scritto da":"administrador","Tempo di lettura stimato":"5 minuti"},"schema":{"@context":"https:\/\/schema.org","@graph":[{"@type":"Article","@id":"https:\/\/italcamara-es.com\/it\/notizie\/i-ricavi-di-cellnex-crescono-il-18-attestandosi-a-338-milioni-di-euro\/#article","isPartOf":{"@id":"https:\/\/italcamara-es.com\/it\/notizie\/i-ricavi-di-cellnex-crescono-il-18-attestandosi-a-338-milioni-di-euro\/"},"author":{"name":"administrador","@id":"https:\/\/italcamara-es.com\/#\/schema\/person\/bb3c56263e405bbd9a15171dcfee93bb"},"headline":"I ricavi di Cellnex crescono il 18% attestandosi a 338 milioni di euro","datePublished":"2016-07-29T07:02:40+00:00","mainEntityOfPage":{"@id":"https:\/\/italcamara-es.com\/it\/notizie\/i-ricavi-di-cellnex-crescono-il-18-attestandosi-a-338-milioni-di-euro\/"},"wordCount":951,"commentCount":0,"image":{"@id":"https:\/\/italcamara-es.com\/it\/notizie\/i-ricavi-di-cellnex-crescono-il-18-attestandosi-a-338-milioni-di-euro\/#primaryimage"},"thumbnailUrl":"https:\/\/italcamara-es.com\/wp-content\/uploads\/2025\/03\/marca_cellnex250.jpg","articleSection":["Notizie"],"inLanguage":"it-IT","potentialAction":[{"@type":"CommentAction","name":"Comment","target":["https:\/\/italcamara-es.com\/it\/notizie\/i-ricavi-di-cellnex-crescono-il-18-attestandosi-a-338-milioni-di-euro\/#respond"]}]},{"@type":"WebPage","@id":"https:\/\/italcamara-es.com\/it\/notizie\/i-ricavi-di-cellnex-crescono-il-18-attestandosi-a-338-milioni-di-euro\/","url":"https:\/\/italcamara-es.com\/it\/notizie\/i-ricavi-di-cellnex-crescono-il-18-attestandosi-a-338-milioni-di-euro\/","name":"I ricavi di Cellnex crescono il 18% attestandosi a 338 milioni di euro - Italcamara","isPartOf":{"@id":"https:\/\/italcamara-es.com\/#website"},"primaryImageOfPage":{"@id":"https:\/\/italcamara-es.com\/it\/notizie\/i-ricavi-di-cellnex-crescono-il-18-attestandosi-a-338-milioni-di-euro\/#primaryimage"},"image":{"@id":"https:\/\/italcamara-es.com\/it\/notizie\/i-ricavi-di-cellnex-crescono-il-18-attestandosi-a-338-milioni-di-euro\/#primaryimage"},"thumbnailUrl":"https:\/\/italcamara-es.com\/wp-content\/uploads\/2025\/03\/marca_cellnex250.jpg","datePublished":"2016-07-29T07:02:40+00:00","author":{"@id":"https:\/\/italcamara-es.com\/#\/schema\/person\/bb3c56263e405bbd9a15171dcfee93bb"},"breadcrumb":{"@id":"https:\/\/italcamara-es.com\/it\/notizie\/i-ricavi-di-cellnex-crescono-il-18-attestandosi-a-338-milioni-di-euro\/#breadcrumb"},"inLanguage":"it-IT","potentialAction":[{"@type":"ReadAction","target":["https:\/\/italcamara-es.com\/it\/notizie\/i-ricavi-di-cellnex-crescono-il-18-attestandosi-a-338-milioni-di-euro\/"]}]},{"@type":"ImageObject","inLanguage":"it-IT","@id":"https:\/\/italcamara-es.com\/it\/notizie\/i-ricavi-di-cellnex-crescono-il-18-attestandosi-a-338-milioni-di-euro\/#primaryimage","url":"https:\/\/italcamara-es.com\/wp-content\/uploads\/2025\/03\/marca_cellnex250.jpg","contentUrl":"https:\/\/italcamara-es.com\/wp-content\/uploads\/2025\/03\/marca_cellnex250.jpg","width":250,"height":132},{"@type":"BreadcrumbList","@id":"https:\/\/italcamara-es.com\/it\/notizie\/i-ricavi-di-cellnex-crescono-il-18-attestandosi-a-338-milioni-di-euro\/#breadcrumb","itemListElement":[{"@type":"ListItem","position":1,"name":"Inicio","item":"https:\/\/italcamara-es.com\/it\/homepage-ita\/"},{"@type":"ListItem","position":2,"name":"I ricavi di Cellnex crescono il 18% attestandosi a 338 milioni di euro"}]},{"@type":"WebSite","@id":"https:\/\/italcamara-es.com\/#website","url":"https:\/\/italcamara-es.com\/","name":"Italcamara","description":"","potentialAction":[{"@type":"SearchAction","target":{"@type":"EntryPoint","urlTemplate":"https:\/\/italcamara-es.com\/?s={search_term_string}"},"query-input":{"@type":"PropertyValueSpecification","valueRequired":true,"valueName":"search_term_string"}}],"inLanguage":"it-IT"},{"@type":"Person","@id":"https:\/\/italcamara-es.com\/#\/schema\/person\/bb3c56263e405bbd9a15171dcfee93bb","name":"administrador","image":{"@type":"ImageObject","inLanguage":"it-IT","@id":"https:\/\/secure.gravatar.com\/avatar\/14b5e63db38320b12031bb28cf9f77e210aa71fb3a8a3602a3c9a05134fa75eb?s=96&d=mm&r=g","url":"https:\/\/secure.gravatar.com\/avatar\/14b5e63db38320b12031bb28cf9f77e210aa71fb3a8a3602a3c9a05134fa75eb?s=96&d=mm&r=g","contentUrl":"https:\/\/secure.gravatar.com\/avatar\/14b5e63db38320b12031bb28cf9f77e210aa71fb3a8a3602a3c9a05134fa75eb?s=96&d=mm&r=g","caption":"administrador"},"sameAs":["http:\/\/pre.italcamara-es.com"],"url":"https:\/\/italcamara-es.com\/it\/author\/administrador\/"}]}},"rttpg_featured_image_url":{"full":["https:\/\/italcamara-es.com\/wp-content\/uploads\/2025\/03\/marca_cellnex250.jpg",250,132,false],"landscape":["https:\/\/italcamara-es.com\/wp-content\/uploads\/2025\/03\/marca_cellnex250.jpg",250,132,false],"portraits":["https:\/\/italcamara-es.com\/wp-content\/uploads\/2025\/03\/marca_cellnex250.jpg",250,132,false],"thumbnail":["https:\/\/italcamara-es.com\/wp-content\/uploads\/2025\/03\/marca_cellnex250-150x132.jpg",150,132,true],"medium":["https:\/\/italcamara-es.com\/wp-content\/uploads\/2025\/03\/marca_cellnex250.jpg",250,132,false],"large":["https:\/\/italcamara-es.com\/wp-content\/uploads\/2025\/03\/marca_cellnex250.jpg",250,132,false],"1536x1536":["https:\/\/italcamara-es.com\/wp-content\/uploads\/2025\/03\/marca_cellnex250.jpg",250,132,false],"2048x2048":["https:\/\/italcamara-es.com\/wp-content\/uploads\/2025\/03\/marca_cellnex250.jpg",250,132,false],"ocean-thumb-m":["https:\/\/italcamara-es.com\/wp-content\/uploads\/2025\/03\/marca_cellnex250.jpg",250,132,false],"ocean-thumb-ml":["https:\/\/italcamara-es.com\/wp-content\/uploads\/2025\/03\/marca_cellnex250.jpg",250,132,false],"ocean-thumb-l":["https:\/\/italcamara-es.com\/wp-content\/uploads\/2025\/03\/marca_cellnex250.jpg",250,132,false],"directorist_preview":["https:\/\/italcamara-es.com\/wp-content\/uploads\/2025\/03\/marca_cellnex250.jpg",250,132,false]},"rttpg_author":{"display_name":"administrador","author_link":"https:\/\/italcamara-es.com\/it\/author\/administrador\/"},"rttpg_comment":0,"rttpg_category":"<a href=\"https:\/\/italcamara-es.com\/it\/category\/notizie\/\" rel=\"category tag\">Notizie<\/a>","rttpg_excerpt":"L\u2019Ebitda raggiunge i 134 milioni e il risultato netto 25 milioni Cellnex Telecom ha presentato i risultati relativi alla chiusura del primo semestre 2016. I ricavi sono stati pari a 338 milioni di euro e l\u2019ebitda ha raggiunto i 134 milioni. Il risultato netto si \u00e8 attestato a 24 milioni di euro rispetto ai 18&hellip;","_links":{"self":[{"href":"https:\/\/italcamara-es.com\/it\/wp-json\/wp\/v2\/posts\/56914","targetHints":{"allow":["GET"]}}],"collection":[{"href":"https:\/\/italcamara-es.com\/it\/wp-json\/wp\/v2\/posts"}],"about":[{"href":"https:\/\/italcamara-es.com\/it\/wp-json\/wp\/v2\/types\/post"}],"author":[{"embeddable":true,"href":"https:\/\/italcamara-es.com\/it\/wp-json\/wp\/v2\/users\/1"}],"replies":[{"embeddable":true,"href":"https:\/\/italcamara-es.com\/it\/wp-json\/wp\/v2\/comments?post=56914"}],"version-history":[{"count":0,"href":"https:\/\/italcamara-es.com\/it\/wp-json\/wp\/v2\/posts\/56914\/revisions"}],"wp:featuredmedia":[{"embeddable":true,"href":"https:\/\/italcamara-es.com\/it\/wp-json\/wp\/v2\/media\/52455"}],"wp:attachment":[{"href":"https:\/\/italcamara-es.com\/it\/wp-json\/wp\/v2\/media?parent=56914"}],"wp:term":[{"taxonomy":"category","embeddable":true,"href":"https:\/\/italcamara-es.com\/it\/wp-json\/wp\/v2\/categories?post=56914"},{"taxonomy":"post_tag","embeddable":true,"href":"https:\/\/italcamara-es.com\/it\/wp-json\/wp\/v2\/tags?post=56914"}],"curies":[{"name":"wp","href":"https:\/\/api.w.org\/{rel}","templated":true}]}}