	{"id":56922,"date":"2016-10-17T14:29:14","date_gmt":"2016-10-17T12:29:14","guid":{"rendered":"http:\/\/pre.italcamara-es.com\/senza-categoria\/monterreina-comunicacion-ottiene-la-certificazione-fogra-51\/"},"modified":"2016-10-17T14:29:14","modified_gmt":"2016-10-17T12:29:14","slug":"monterreina-comunicacion-ottiene-la-certificazione-fogra-51","status":"publish","type":"post","link":"https:\/\/italcamara-es.com\/it\/notizie\/monterreina-comunicacion-ottiene-la-certificazione-fogra-51\/","title":{"rendered":"MONTERREINA COMUNICACI\u00d3N OTTIENE LA CERTIFICAZIONE FOGRA 51"},"content":{"rendered":"<p><em>\u00c8 la prima tipografia spagnola che consegue la certificazione Fogra 51, che rappresenta lo standard globale che si utiliza nel settore grafico.<\/em><\/p>\n<p>&nbsp;<\/p>\n<p>&nbsp;<\/p>\n<p>Monterreina Comunicaci\u00f3n, SLU, socio della Camera di Commercio e Industria italiana per la Spagna, \u00e8 la prima tipografia spagnola che consegue la certificazione Fogra 51. Questa rappresenta lo standard globale che si utilizza nel settore grafico. Tale standard \u00e8 compilato, diffuso e supervisionato da FOGRA (Associazione per la ricerca nelle arti grafiche tedesca), che ha giocato un ruolo di primaria importanza nello sviluppo della norma ISO 12647-2(2013).<\/p>\n<p>&nbsp;<\/p>\n<p>&nbsp;<\/p>\n<p><strong>PRINCIPALI MIGLIORAMENTI DI FOGRA 51 RISPETTO AL PRECEDENTE STANDARD FOGRA 39 <\/strong><\/p>\n<p>&nbsp;<\/p>\n<p>Il precedente standard Fogra 39 era stato creato con le caratteristiche di stampa del 2004. Queste caratteristiche, quali tinte, additivi, colori della carta e tutti i componenti del processo, si sono trasformate nel tempo: Fogra 51 ha recepito questa trasformazione.<\/p>\n<p>&nbsp;<\/p>\n<p><em>-Tinte ed Additivi<\/em><\/p>\n<p>Le normative dell\u2019Unione Europea in materia ambientale hanno fatto s\u00ec che le tinte a base di minerali (petrolio) venissero sostituite da tinte a base vegetale e che gli additivi non contengano pi\u00f9 di una certa quantit\u00e0 di alcol. Questi fattori hanno causato un cambio colometrico, che \u00e8 stato recepito da Fogr51.<\/p>\n<p>&nbsp;<\/p>\n<p><em>-Carta<\/em><\/p>\n<p>Lo sviluppo della carta sempre pi\u00f9 bianca e l\u2019utilizzo di sbiancanti ottici, fanno s\u00ec che i colori della carta prevista dallo standard Fogra 39 siano obsoleti.<\/p>\n<p>&nbsp;<\/p>\n<p><em>-Prove certificate<\/em><\/p>\n<p>Le prove certificate dei colori basate sullo standard Fogra 51, rispecchiano tutti i cambi colometrici dei prodotti utilizzati attualmente per il proceso di stampa, tra i quali le tinte vegetali, il colore della carta corretto e gli sbiancanti ottici.<\/p>\n<p>&nbsp;<\/p>\n","protected":false},"excerpt":{"rendered":"<p>\u00c8 la prima tipografia spagnola che consegue la certificazione Fogra 51, che rappresenta lo standard globale che si utiliza nel settore grafico. &nbsp; &nbsp; Monterreina Comunicaci\u00f3n, SLU, socio della Camera di Commercio e Industria italiana per la Spagna, \u00e8 la prima tipografia spagnola che consegue la certificazione Fogra 51. Questa rappresenta lo standard globale che [&hellip;]<\/p>\n","protected":false},"author":1,"featured_media":52473,"comment_status":"open","ping_status":"open","sticky":false,"template":"","format":"standard","meta":{"inline_featured_image":false,"ocean_post_layout":"","ocean_both_sidebars_style":"","ocean_both_sidebars_content_width":0,"ocean_both_sidebars_sidebars_width":0,"ocean_sidebar":"","ocean_second_sidebar":"","ocean_disable_margins":"enable","ocean_add_body_class":"","ocean_shortcode_before_top_bar":"","ocean_shortcode_after_top_bar":"","ocean_shortcode_before_header":"","ocean_shortcode_after_header":"","ocean_has_shortcode":"","ocean_shortcode_after_title":"","ocean_shortcode_before_footer_widgets":"","ocean_shortcode_after_footer_widgets":"","ocean_shortcode_before_footer_bottom":"","ocean_shortcode_after_footer_bottom":"","ocean_display_top_bar":"default","ocean_display_header":"default","ocean_header_style":"","ocean_center_header_left_menu":"","ocean_custom_header_template":"","ocean_custom_logo":0,"ocean_custom_retina_logo":0,"ocean_custom_logo_max_width":0,"ocean_custom_logo_tablet_max_width":0,"ocean_custom_logo_mobile_max_width":0,"ocean_custom_logo_max_height":0,"ocean_custom_logo_tablet_max_height":0,"ocean_custom_logo_mobile_max_height":0,"ocean_header_custom_menu":"","ocean_menu_typo_font_family":"","ocean_menu_typo_font_subset":"","ocean_menu_typo_font_size":0,"ocean_menu_typo_font_size_tablet":0,"ocean_menu_typo_font_size_mobile":0,"ocean_menu_typo_font_size_unit":"px","ocean_menu_typo_font_weight":"","ocean_menu_typo_font_weight_tablet":"","ocean_menu_typo_font_weight_mobile":"","ocean_menu_typo_transform":"","ocean_menu_typo_transform_tablet":"","ocean_menu_typo_transform_mobile":"","ocean_menu_typo_line_height":0,"ocean_menu_typo_line_height_tablet":0,"ocean_menu_typo_line_height_mobile":0,"ocean_menu_typo_line_height_unit":"","ocean_menu_typo_spacing":0,"ocean_menu_typo_spacing_tablet":0,"ocean_menu_typo_spacing_mobile":0,"ocean_menu_typo_spacing_unit":"","ocean_menu_link_color":"","ocean_menu_link_color_hover":"","ocean_menu_link_color_active":"","ocean_menu_link_background":"","ocean_menu_link_hover_background":"","ocean_menu_link_active_background":"","ocean_menu_social_links_bg":"","ocean_menu_social_hover_links_bg":"","ocean_menu_social_links_color":"","ocean_menu_social_hover_links_color":"","ocean_disable_title":"default","ocean_disable_heading":"default","ocean_post_title":"","ocean_post_subheading":"","ocean_post_title_style":"","ocean_post_title_background_color":"","ocean_post_title_background":0,"ocean_post_title_bg_image_position":"","ocean_post_title_bg_image_attachment":"","ocean_post_title_bg_image_repeat":"","ocean_post_title_bg_image_size":"","ocean_post_title_height":0,"ocean_post_title_bg_overlay":0.5,"ocean_post_title_bg_overlay_color":"","ocean_disable_breadcrumbs":"default","ocean_breadcrumbs_color":"","ocean_breadcrumbs_separator_color":"","ocean_breadcrumbs_links_color":"","ocean_breadcrumbs_links_hover_color":"","ocean_display_footer_widgets":"default","ocean_display_footer_bottom":"default","ocean_custom_footer_template":"","ocean_post_oembed":"","ocean_post_self_hosted_media":"","ocean_post_video_embed":"","ocean_link_format":"","ocean_link_format_target":"self","ocean_quote_format":"","ocean_quote_format_link":"post","ocean_gallery_link_images":"on","ocean_gallery_id":[],"footnotes":""},"categories":[133],"tags":[],"class_list":["post-56922","post","type-post","status-publish","format-standard","has-post-thumbnail","hentry","category-notizie","entry","has-media"],"yoast_head":"<!-- This site is optimized with the Yoast SEO plugin v27.4 - https:\/\/yoast.com\/product\/yoast-seo-wordpress\/ -->\n<title>MONTERREINA COMUNICACI\u00d3N OTTIENE LA CERTIFICAZIONE FOGRA 51 - Italcamara<\/title>\n<meta name=\"robots\" content=\"index, follow, max-snippet:-1, max-image-preview:large, max-video-preview:-1\" \/>\n<link rel=\"canonical\" href=\"https:\/\/italcamara-es.com\/it\/notizie\/monterreina-comunicacion-ottiene-la-certificazione-fogra-51\/\" \/>\n<meta property=\"og:locale\" content=\"it_IT\" \/>\n<meta property=\"og:type\" content=\"article\" \/>\n<meta property=\"og:title\" content=\"MONTERREINA COMUNICACI\u00d3N OTTIENE LA CERTIFICAZIONE FOGRA 51 - Italcamara\" \/>\n<meta property=\"og:description\" content=\"\u00c8 la prima tipografia spagnola che consegue la certificazione Fogra 51, che rappresenta lo standard globale che si utiliza nel settore grafico. &nbsp; &nbsp; Monterreina Comunicaci\u00f3n, SLU, socio della Camera di Commercio e Industria italiana per la Spagna, \u00e8 la prima tipografia spagnola che consegue la certificazione Fogra 51. Questa rappresenta lo standard globale che [&hellip;]\" \/>\n<meta property=\"og:url\" content=\"https:\/\/italcamara-es.com\/it\/notizie\/monterreina-comunicacion-ottiene-la-certificazione-fogra-51\/\" \/>\n<meta property=\"og:site_name\" content=\"Italcamara\" \/>\n<meta property=\"article:published_time\" content=\"2016-10-17T12:29:14+00:00\" \/>\n<meta property=\"og:image\" content=\"https:\/\/italcamara-es.com\/wp-content\/uploads\/2025\/03\/Monterreina250.jpg\" \/>\n\t<meta property=\"og:image:width\" content=\"250\" \/>\n\t<meta property=\"og:image:height\" content=\"110\" \/>\n\t<meta property=\"og:image:type\" content=\"image\/jpeg\" \/>\n<meta name=\"author\" content=\"administrador\" \/>\n<meta name=\"twitter:card\" content=\"summary_large_image\" \/>\n<meta name=\"twitter:label1\" content=\"Scritto da\" \/>\n\t<meta name=\"twitter:data1\" content=\"administrador\" \/>\n\t<meta name=\"twitter:label2\" content=\"Tempo di lettura stimato\" \/>\n\t<meta name=\"twitter:data2\" content=\"1 minuto\" \/>\n<script type=\"application\/ld+json\" class=\"yoast-schema-graph\">{\"@context\":\"https:\\\/\\\/schema.org\",\"@graph\":[{\"@type\":\"Article\",\"@id\":\"https:\\\/\\\/italcamara-es.com\\\/it\\\/notizie\\\/monterreina-comunicacion-ottiene-la-certificazione-fogra-51\\\/#article\",\"isPartOf\":{\"@id\":\"https:\\\/\\\/italcamara-es.com\\\/it\\\/notizie\\\/monterreina-comunicacion-ottiene-la-certificazione-fogra-51\\\/\"},\"author\":{\"name\":\"administrador\",\"@id\":\"https:\\\/\\\/italcamara-es.com\\\/#\\\/schema\\\/person\\\/bb3c56263e405bbd9a15171dcfee93bb\"},\"headline\":\"MONTERREINA COMUNICACI\u00d3N OTTIENE LA CERTIFICAZIONE FOGRA 51\",\"datePublished\":\"2016-10-17T12:29:14+00:00\",\"mainEntityOfPage\":{\"@id\":\"https:\\\/\\\/italcamara-es.com\\\/it\\\/notizie\\\/monterreina-comunicacion-ottiene-la-certificazione-fogra-51\\\/\"},\"wordCount\":268,\"commentCount\":0,\"image\":{\"@id\":\"https:\\\/\\\/italcamara-es.com\\\/it\\\/notizie\\\/monterreina-comunicacion-ottiene-la-certificazione-fogra-51\\\/#primaryimage\"},\"thumbnailUrl\":\"https:\\\/\\\/italcamara-es.com\\\/wp-content\\\/uploads\\\/2025\\\/03\\\/Monterreina250.jpg\",\"articleSection\":[\"Notizie\"],\"inLanguage\":\"it-IT\",\"potentialAction\":[{\"@type\":\"CommentAction\",\"name\":\"Comment\",\"target\":[\"https:\\\/\\\/italcamara-es.com\\\/it\\\/notizie\\\/monterreina-comunicacion-ottiene-la-certificazione-fogra-51\\\/#respond\"]}]},{\"@type\":\"WebPage\",\"@id\":\"https:\\\/\\\/italcamara-es.com\\\/it\\\/notizie\\\/monterreina-comunicacion-ottiene-la-certificazione-fogra-51\\\/\",\"url\":\"https:\\\/\\\/italcamara-es.com\\\/it\\\/notizie\\\/monterreina-comunicacion-ottiene-la-certificazione-fogra-51\\\/\",\"name\":\"MONTERREINA COMUNICACI\u00d3N OTTIENE LA CERTIFICAZIONE FOGRA 51 - Italcamara\",\"isPartOf\":{\"@id\":\"https:\\\/\\\/italcamara-es.com\\\/#website\"},\"primaryImageOfPage\":{\"@id\":\"https:\\\/\\\/italcamara-es.com\\\/it\\\/notizie\\\/monterreina-comunicacion-ottiene-la-certificazione-fogra-51\\\/#primaryimage\"},\"image\":{\"@id\":\"https:\\\/\\\/italcamara-es.com\\\/it\\\/notizie\\\/monterreina-comunicacion-ottiene-la-certificazione-fogra-51\\\/#primaryimage\"},\"thumbnailUrl\":\"https:\\\/\\\/italcamara-es.com\\\/wp-content\\\/uploads\\\/2025\\\/03\\\/Monterreina250.jpg\",\"datePublished\":\"2016-10-17T12:29:14+00:00\",\"author\":{\"@id\":\"https:\\\/\\\/italcamara-es.com\\\/#\\\/schema\\\/person\\\/bb3c56263e405bbd9a15171dcfee93bb\"},\"breadcrumb\":{\"@id\":\"https:\\\/\\\/italcamara-es.com\\\/it\\\/notizie\\\/monterreina-comunicacion-ottiene-la-certificazione-fogra-51\\\/#breadcrumb\"},\"inLanguage\":\"it-IT\",\"potentialAction\":[{\"@type\":\"ReadAction\",\"target\":[\"https:\\\/\\\/italcamara-es.com\\\/it\\\/notizie\\\/monterreina-comunicacion-ottiene-la-certificazione-fogra-51\\\/\"]}]},{\"@type\":\"ImageObject\",\"inLanguage\":\"it-IT\",\"@id\":\"https:\\\/\\\/italcamara-es.com\\\/it\\\/notizie\\\/monterreina-comunicacion-ottiene-la-certificazione-fogra-51\\\/#primaryimage\",\"url\":\"https:\\\/\\\/italcamara-es.com\\\/wp-content\\\/uploads\\\/2025\\\/03\\\/Monterreina250.jpg\",\"contentUrl\":\"https:\\\/\\\/italcamara-es.com\\\/wp-content\\\/uploads\\\/2025\\\/03\\\/Monterreina250.jpg\",\"width\":250,\"height\":110},{\"@type\":\"BreadcrumbList\",\"@id\":\"https:\\\/\\\/italcamara-es.com\\\/it\\\/notizie\\\/monterreina-comunicacion-ottiene-la-certificazione-fogra-51\\\/#breadcrumb\",\"itemListElement\":[{\"@type\":\"ListItem\",\"position\":1,\"name\":\"Inicio\",\"item\":\"https:\\\/\\\/italcamara-es.com\\\/it\\\/homepage-ita\\\/\"},{\"@type\":\"ListItem\",\"position\":2,\"name\":\"MONTERREINA COMUNICACI\u00d3N OTTIENE LA CERTIFICAZIONE FOGRA 51\"}]},{\"@type\":\"WebSite\",\"@id\":\"https:\\\/\\\/italcamara-es.com\\\/#website\",\"url\":\"https:\\\/\\\/italcamara-es.com\\\/\",\"name\":\"Italcamara\",\"description\":\"\",\"potentialAction\":[{\"@type\":\"SearchAction\",\"target\":{\"@type\":\"EntryPoint\",\"urlTemplate\":\"https:\\\/\\\/italcamara-es.com\\\/?s={search_term_string}\"},\"query-input\":{\"@type\":\"PropertyValueSpecification\",\"valueRequired\":true,\"valueName\":\"search_term_string\"}}],\"inLanguage\":\"it-IT\"},{\"@type\":\"Person\",\"@id\":\"https:\\\/\\\/italcamara-es.com\\\/#\\\/schema\\\/person\\\/bb3c56263e405bbd9a15171dcfee93bb\",\"name\":\"administrador\",\"image\":{\"@type\":\"ImageObject\",\"inLanguage\":\"it-IT\",\"@id\":\"https:\\\/\\\/secure.gravatar.com\\\/avatar\\\/14b5e63db38320b12031bb28cf9f77e210aa71fb3a8a3602a3c9a05134fa75eb?s=96&d=mm&r=g\",\"url\":\"https:\\\/\\\/secure.gravatar.com\\\/avatar\\\/14b5e63db38320b12031bb28cf9f77e210aa71fb3a8a3602a3c9a05134fa75eb?s=96&d=mm&r=g\",\"contentUrl\":\"https:\\\/\\\/secure.gravatar.com\\\/avatar\\\/14b5e63db38320b12031bb28cf9f77e210aa71fb3a8a3602a3c9a05134fa75eb?s=96&d=mm&r=g\",\"caption\":\"administrador\"},\"sameAs\":[\"http:\\\/\\\/pre.italcamara-es.com\"],\"url\":\"https:\\\/\\\/italcamara-es.com\\\/it\\\/author\\\/administrador\\\/\"}]}<\/script>\n<!-- \/ Yoast SEO plugin. -->","yoast_head_json":{"title":"MONTERREINA COMUNICACI\u00d3N OTTIENE LA CERTIFICAZIONE FOGRA 51 - Italcamara","robots":{"index":"index","follow":"follow","max-snippet":"max-snippet:-1","max-image-preview":"max-image-preview:large","max-video-preview":"max-video-preview:-1"},"canonical":"https:\/\/italcamara-es.com\/it\/notizie\/monterreina-comunicacion-ottiene-la-certificazione-fogra-51\/","og_locale":"it_IT","og_type":"article","og_title":"MONTERREINA COMUNICACI\u00d3N OTTIENE LA CERTIFICAZIONE FOGRA 51 - Italcamara","og_description":"\u00c8 la prima tipografia spagnola che consegue la certificazione Fogra 51, che rappresenta lo standard globale che si utiliza nel settore grafico. &nbsp; &nbsp; Monterreina Comunicaci\u00f3n, SLU, socio della Camera di Commercio e Industria italiana per la Spagna, \u00e8 la prima tipografia spagnola che consegue la certificazione Fogra 51. Questa rappresenta lo standard globale che [&hellip;]","og_url":"https:\/\/italcamara-es.com\/it\/notizie\/monterreina-comunicacion-ottiene-la-certificazione-fogra-51\/","og_site_name":"Italcamara","article_published_time":"2016-10-17T12:29:14+00:00","og_image":[{"width":250,"height":110,"url":"https:\/\/italcamara-es.com\/wp-content\/uploads\/2025\/03\/Monterreina250.jpg","type":"image\/jpeg"}],"author":"administrador","twitter_card":"summary_large_image","twitter_misc":{"Scritto da":"administrador","Tempo di lettura stimato":"1 minuto"},"schema":{"@context":"https:\/\/schema.org","@graph":[{"@type":"Article","@id":"https:\/\/italcamara-es.com\/it\/notizie\/monterreina-comunicacion-ottiene-la-certificazione-fogra-51\/#article","isPartOf":{"@id":"https:\/\/italcamara-es.com\/it\/notizie\/monterreina-comunicacion-ottiene-la-certificazione-fogra-51\/"},"author":{"name":"administrador","@id":"https:\/\/italcamara-es.com\/#\/schema\/person\/bb3c56263e405bbd9a15171dcfee93bb"},"headline":"MONTERREINA COMUNICACI\u00d3N OTTIENE LA CERTIFICAZIONE FOGRA 51","datePublished":"2016-10-17T12:29:14+00:00","mainEntityOfPage":{"@id":"https:\/\/italcamara-es.com\/it\/notizie\/monterreina-comunicacion-ottiene-la-certificazione-fogra-51\/"},"wordCount":268,"commentCount":0,"image":{"@id":"https:\/\/italcamara-es.com\/it\/notizie\/monterreina-comunicacion-ottiene-la-certificazione-fogra-51\/#primaryimage"},"thumbnailUrl":"https:\/\/italcamara-es.com\/wp-content\/uploads\/2025\/03\/Monterreina250.jpg","articleSection":["Notizie"],"inLanguage":"it-IT","potentialAction":[{"@type":"CommentAction","name":"Comment","target":["https:\/\/italcamara-es.com\/it\/notizie\/monterreina-comunicacion-ottiene-la-certificazione-fogra-51\/#respond"]}]},{"@type":"WebPage","@id":"https:\/\/italcamara-es.com\/it\/notizie\/monterreina-comunicacion-ottiene-la-certificazione-fogra-51\/","url":"https:\/\/italcamara-es.com\/it\/notizie\/monterreina-comunicacion-ottiene-la-certificazione-fogra-51\/","name":"MONTERREINA COMUNICACI\u00d3N OTTIENE LA CERTIFICAZIONE FOGRA 51 - Italcamara","isPartOf":{"@id":"https:\/\/italcamara-es.com\/#website"},"primaryImageOfPage":{"@id":"https:\/\/italcamara-es.com\/it\/notizie\/monterreina-comunicacion-ottiene-la-certificazione-fogra-51\/#primaryimage"},"image":{"@id":"https:\/\/italcamara-es.com\/it\/notizie\/monterreina-comunicacion-ottiene-la-certificazione-fogra-51\/#primaryimage"},"thumbnailUrl":"https:\/\/italcamara-es.com\/wp-content\/uploads\/2025\/03\/Monterreina250.jpg","datePublished":"2016-10-17T12:29:14+00:00","author":{"@id":"https:\/\/italcamara-es.com\/#\/schema\/person\/bb3c56263e405bbd9a15171dcfee93bb"},"breadcrumb":{"@id":"https:\/\/italcamara-es.com\/it\/notizie\/monterreina-comunicacion-ottiene-la-certificazione-fogra-51\/#breadcrumb"},"inLanguage":"it-IT","potentialAction":[{"@type":"ReadAction","target":["https:\/\/italcamara-es.com\/it\/notizie\/monterreina-comunicacion-ottiene-la-certificazione-fogra-51\/"]}]},{"@type":"ImageObject","inLanguage":"it-IT","@id":"https:\/\/italcamara-es.com\/it\/notizie\/monterreina-comunicacion-ottiene-la-certificazione-fogra-51\/#primaryimage","url":"https:\/\/italcamara-es.com\/wp-content\/uploads\/2025\/03\/Monterreina250.jpg","contentUrl":"https:\/\/italcamara-es.com\/wp-content\/uploads\/2025\/03\/Monterreina250.jpg","width":250,"height":110},{"@type":"BreadcrumbList","@id":"https:\/\/italcamara-es.com\/it\/notizie\/monterreina-comunicacion-ottiene-la-certificazione-fogra-51\/#breadcrumb","itemListElement":[{"@type":"ListItem","position":1,"name":"Inicio","item":"https:\/\/italcamara-es.com\/it\/homepage-ita\/"},{"@type":"ListItem","position":2,"name":"MONTERREINA COMUNICACI\u00d3N OTTIENE LA CERTIFICAZIONE FOGRA 51"}]},{"@type":"WebSite","@id":"https:\/\/italcamara-es.com\/#website","url":"https:\/\/italcamara-es.com\/","name":"Italcamara","description":"","potentialAction":[{"@type":"SearchAction","target":{"@type":"EntryPoint","urlTemplate":"https:\/\/italcamara-es.com\/?s={search_term_string}"},"query-input":{"@type":"PropertyValueSpecification","valueRequired":true,"valueName":"search_term_string"}}],"inLanguage":"it-IT"},{"@type":"Person","@id":"https:\/\/italcamara-es.com\/#\/schema\/person\/bb3c56263e405bbd9a15171dcfee93bb","name":"administrador","image":{"@type":"ImageObject","inLanguage":"it-IT","@id":"https:\/\/secure.gravatar.com\/avatar\/14b5e63db38320b12031bb28cf9f77e210aa71fb3a8a3602a3c9a05134fa75eb?s=96&d=mm&r=g","url":"https:\/\/secure.gravatar.com\/avatar\/14b5e63db38320b12031bb28cf9f77e210aa71fb3a8a3602a3c9a05134fa75eb?s=96&d=mm&r=g","contentUrl":"https:\/\/secure.gravatar.com\/avatar\/14b5e63db38320b12031bb28cf9f77e210aa71fb3a8a3602a3c9a05134fa75eb?s=96&d=mm&r=g","caption":"administrador"},"sameAs":["http:\/\/pre.italcamara-es.com"],"url":"https:\/\/italcamara-es.com\/it\/author\/administrador\/"}]}},"rttpg_featured_image_url":{"full":["https:\/\/italcamara-es.com\/wp-content\/uploads\/2025\/03\/Monterreina250.jpg",250,110,false],"landscape":["https:\/\/italcamara-es.com\/wp-content\/uploads\/2025\/03\/Monterreina250.jpg",250,110,false],"portraits":["https:\/\/italcamara-es.com\/wp-content\/uploads\/2025\/03\/Monterreina250.jpg",250,110,false],"thumbnail":["https:\/\/italcamara-es.com\/wp-content\/uploads\/2025\/03\/Monterreina250-150x110.jpg",150,110,true],"medium":["https:\/\/italcamara-es.com\/wp-content\/uploads\/2025\/03\/Monterreina250.jpg",250,110,false],"large":["https:\/\/italcamara-es.com\/wp-content\/uploads\/2025\/03\/Monterreina250.jpg",250,110,false],"1536x1536":["https:\/\/italcamara-es.com\/wp-content\/uploads\/2025\/03\/Monterreina250.jpg",250,110,false],"2048x2048":["https:\/\/italcamara-es.com\/wp-content\/uploads\/2025\/03\/Monterreina250.jpg",250,110,false],"ocean-thumb-m":["https:\/\/italcamara-es.com\/wp-content\/uploads\/2025\/03\/Monterreina250.jpg",250,110,false],"ocean-thumb-ml":["https:\/\/italcamara-es.com\/wp-content\/uploads\/2025\/03\/Monterreina250.jpg",250,110,false],"ocean-thumb-l":["https:\/\/italcamara-es.com\/wp-content\/uploads\/2025\/03\/Monterreina250.jpg",250,110,false],"directorist_preview":["https:\/\/italcamara-es.com\/wp-content\/uploads\/2025\/03\/Monterreina250.jpg",250,110,false]},"rttpg_author":{"display_name":"administrador","author_link":"https:\/\/italcamara-es.com\/it\/author\/administrador\/"},"rttpg_comment":0,"rttpg_category":"<a href=\"https:\/\/italcamara-es.com\/it\/category\/notizie\/\" rel=\"category tag\">Notizie<\/a>","rttpg_excerpt":"\u00c8 la prima tipografia spagnola che consegue la certificazione Fogra 51, che rappresenta lo standard globale che si utiliza nel settore grafico. &nbsp; &nbsp; Monterreina Comunicaci\u00f3n, SLU, socio della Camera di Commercio e Industria italiana per la Spagna, \u00e8 la prima tipografia spagnola che consegue la certificazione Fogra 51. Questa rappresenta lo standard globale che&hellip;","_links":{"self":[{"href":"https:\/\/italcamara-es.com\/it\/wp-json\/wp\/v2\/posts\/56922","targetHints":{"allow":["GET"]}}],"collection":[{"href":"https:\/\/italcamara-es.com\/it\/wp-json\/wp\/v2\/posts"}],"about":[{"href":"https:\/\/italcamara-es.com\/it\/wp-json\/wp\/v2\/types\/post"}],"author":[{"embeddable":true,"href":"https:\/\/italcamara-es.com\/it\/wp-json\/wp\/v2\/users\/1"}],"replies":[{"embeddable":true,"href":"https:\/\/italcamara-es.com\/it\/wp-json\/wp\/v2\/comments?post=56922"}],"version-history":[{"count":0,"href":"https:\/\/italcamara-es.com\/it\/wp-json\/wp\/v2\/posts\/56922\/revisions"}],"wp:featuredmedia":[{"embeddable":true,"href":"https:\/\/italcamara-es.com\/it\/wp-json\/wp\/v2\/media\/52473"}],"wp:attachment":[{"href":"https:\/\/italcamara-es.com\/it\/wp-json\/wp\/v2\/media?parent=56922"}],"wp:term":[{"taxonomy":"category","embeddable":true,"href":"https:\/\/italcamara-es.com\/it\/wp-json\/wp\/v2\/categories?post=56922"},{"taxonomy":"post_tag","embeddable":true,"href":"https:\/\/italcamara-es.com\/it\/wp-json\/wp\/v2\/tags?post=56922"}],"curies":[{"name":"wp","href":"https:\/\/api.w.org\/{rel}","templated":true}]}}