	{"id":56924,"date":"2016-10-20T08:04:45","date_gmt":"2016-10-20T06:04:45","guid":{"rendered":"http:\/\/pre.italcamara-es.com\/senza-categoria\/guillermo-garcia-alfonsin-nuovo-direttore-di-comunicazione-di-fiat-chrysler-automobiles-spain\/"},"modified":"2016-10-20T08:04:45","modified_gmt":"2016-10-20T06:04:45","slug":"guillermo-garcia-alfonsin-nuovo-direttore-di-comunicazione-di-fiat-chrysler-automobiles-spain","status":"publish","type":"post","link":"https:\/\/italcamara-es.com\/it\/notizie\/guillermo-garcia-alfonsin-nuovo-direttore-di-comunicazione-di-fiat-chrysler-automobiles-spain\/","title":{"rendered":"Guillermo Garc\u00eda Alfons\u00ecn, nuovo direttore di Comunicazione di Fiat Chrysler Automobiles Spain"},"content":{"rendered":"<p><em>Subentra ad Alfonso Ort\u00edn, che lascia l\u2019incarico per nuove sfide professionali dopo quasi trent\u2019anni nella compagnia automobilistica.<\/em><\/p>\n<p>&nbsp;<\/p>\n<p>&nbsp;<\/p>\n<p>D. Guillermo Garc\u00eda Alfons\u00edn (1983, Pontevedra \u2013 Espa\u00f1a) \u00e8 stato nominato nuovo direttore dI Comunicazione e Relazioni Istituzionali di Fiat Chrysler Automobiles Spain. Garc\u00eda subentra ad Alfonso \u00a0Ort\u00edn, che dopo quasi trent\u2019anni, lascia la compagnia per affrontare nuove sfide personali.<\/p>\n<p>&nbsp;<\/p>\n<p>Laureato in Ingegneria all\u2019Universit\u00e0 de La Rioja, Garc\u00eda ha avuto incarichi nell\u2019ambito dell\u2019ingegneria di produzione ed ingegneria della gestione dei fornitori Tier1 presso grandi produttori di auto, prima di passare a lavorare per AOLInc. come responsabile della pubblicazione \u201cAutoblog\u201d, nella sua edizione spagnola. Nel frattempo, ha collaborato con altre riviste di gruppi come MC Ediciones o PRISA (El Huffington Post). Dopo aver lavorato otto anni nel mondo editoriale, Garc\u00eda Alfons\u00edn \u00e8 entrato in FCA Spain, nel gruppo di lavoro Fiat ed Abarth, occupandosi di marketing.<\/p>\n<p>&nbsp;<\/p>\n<p>Garc\u00eda ha dichiarato: \u201c<em>Per me \u00e8 un onore assumere l\u2019incarico di direttore della comunicazione di FCA Spain, un gruppo al quale sono legato non solo per il mio percorso professionale, ma anche per una connessione \u00a0emozionale. Inoltre, \u00e8 una sfida succedere ad una istituzione come Alfonso Ort\u00ecn, che durante gli ultimi tre decenni, ha lasciato dietro di s\u00e8 una striscia di successi, che proveremo a replicare. Aspetto solo di lavorare con lo stesso entusiasmo di sempre per continuare a diffondere i valori e le qualit\u00e0 di questo gran gruppo e di questa grande squadra, che costituiscono Fiat Chrysler Automobiles<\/em>\u201d.<\/p>\n","protected":false},"excerpt":{"rendered":"<p>Subentra ad Alfonso Ort\u00edn, che lascia l\u2019incarico per nuove sfide professionali dopo quasi trent\u2019anni nella compagnia automobilistica. &nbsp; &nbsp; D. Guillermo Garc\u00eda Alfons\u00edn (1983, Pontevedra \u2013 Espa\u00f1a) \u00e8 stato nominato nuovo direttore dI Comunicazione e Relazioni Istituzionali di Fiat Chrysler Automobiles Spain. Garc\u00eda subentra ad Alfonso \u00a0Ort\u00edn, che dopo quasi trent\u2019anni, lascia la compagnia per [&hellip;]<\/p>\n","protected":false},"author":1,"featured_media":52477,"comment_status":"open","ping_status":"open","sticky":false,"template":"","format":"standard","meta":{"inline_featured_image":false,"ocean_post_layout":"","ocean_both_sidebars_style":"","ocean_both_sidebars_content_width":0,"ocean_both_sidebars_sidebars_width":0,"ocean_sidebar":"","ocean_second_sidebar":"","ocean_disable_margins":"enable","ocean_add_body_class":"","ocean_shortcode_before_top_bar":"","ocean_shortcode_after_top_bar":"","ocean_shortcode_before_header":"","ocean_shortcode_after_header":"","ocean_has_shortcode":"","ocean_shortcode_after_title":"","ocean_shortcode_before_footer_widgets":"","ocean_shortcode_after_footer_widgets":"","ocean_shortcode_before_footer_bottom":"","ocean_shortcode_after_footer_bottom":"","ocean_display_top_bar":"default","ocean_display_header":"default","ocean_header_style":"","ocean_center_header_left_menu":"","ocean_custom_header_template":"","ocean_custom_logo":0,"ocean_custom_retina_logo":0,"ocean_custom_logo_max_width":0,"ocean_custom_logo_tablet_max_width":0,"ocean_custom_logo_mobile_max_width":0,"ocean_custom_logo_max_height":0,"ocean_custom_logo_tablet_max_height":0,"ocean_custom_logo_mobile_max_height":0,"ocean_header_custom_menu":"","ocean_menu_typo_font_family":"","ocean_menu_typo_font_subset":"","ocean_menu_typo_font_size":0,"ocean_menu_typo_font_size_tablet":0,"ocean_menu_typo_font_size_mobile":0,"ocean_menu_typo_font_size_unit":"px","ocean_menu_typo_font_weight":"","ocean_menu_typo_font_weight_tablet":"","ocean_menu_typo_font_weight_mobile":"","ocean_menu_typo_transform":"","ocean_menu_typo_transform_tablet":"","ocean_menu_typo_transform_mobile":"","ocean_menu_typo_line_height":0,"ocean_menu_typo_line_height_tablet":0,"ocean_menu_typo_line_height_mobile":0,"ocean_menu_typo_line_height_unit":"","ocean_menu_typo_spacing":0,"ocean_menu_typo_spacing_tablet":0,"ocean_menu_typo_spacing_mobile":0,"ocean_menu_typo_spacing_unit":"","ocean_menu_link_color":"","ocean_menu_link_color_hover":"","ocean_menu_link_color_active":"","ocean_menu_link_background":"","ocean_menu_link_hover_background":"","ocean_menu_link_active_background":"","ocean_menu_social_links_bg":"","ocean_menu_social_hover_links_bg":"","ocean_menu_social_links_color":"","ocean_menu_social_hover_links_color":"","ocean_disable_title":"default","ocean_disable_heading":"default","ocean_post_title":"","ocean_post_subheading":"","ocean_post_title_style":"","ocean_post_title_background_color":"","ocean_post_title_background":0,"ocean_post_title_bg_image_position":"","ocean_post_title_bg_image_attachment":"","ocean_post_title_bg_image_repeat":"","ocean_post_title_bg_image_size":"","ocean_post_title_height":0,"ocean_post_title_bg_overlay":0.5,"ocean_post_title_bg_overlay_color":"","ocean_disable_breadcrumbs":"default","ocean_breadcrumbs_color":"","ocean_breadcrumbs_separator_color":"","ocean_breadcrumbs_links_color":"","ocean_breadcrumbs_links_hover_color":"","ocean_display_footer_widgets":"default","ocean_display_footer_bottom":"default","ocean_custom_footer_template":"","ocean_post_oembed":"","ocean_post_self_hosted_media":"","ocean_post_video_embed":"","ocean_link_format":"","ocean_link_format_target":"self","ocean_quote_format":"","ocean_quote_format_link":"post","ocean_gallery_link_images":"on","ocean_gallery_id":[],"footnotes":""},"categories":[133],"tags":[],"class_list":["post-56924","post","type-post","status-publish","format-standard","has-post-thumbnail","hentry","category-notizie","entry","has-media"],"yoast_head":"<!-- This site is optimized with the Yoast SEO plugin v27.4 - https:\/\/yoast.com\/product\/yoast-seo-wordpress\/ -->\n<title>Guillermo Garc\u00eda Alfons\u00ecn, nuovo direttore di Comunicazione di Fiat Chrysler Automobiles Spain - Italcamara<\/title>\n<meta name=\"robots\" content=\"index, follow, max-snippet:-1, max-image-preview:large, max-video-preview:-1\" \/>\n<link rel=\"canonical\" href=\"https:\/\/italcamara-es.com\/it\/notizie\/guillermo-garcia-alfonsin-nuovo-direttore-di-comunicazione-di-fiat-chrysler-automobiles-spain\/\" \/>\n<meta property=\"og:locale\" content=\"it_IT\" \/>\n<meta property=\"og:type\" content=\"article\" \/>\n<meta property=\"og:title\" content=\"Guillermo Garc\u00eda Alfons\u00ecn, nuovo direttore di Comunicazione di Fiat Chrysler Automobiles Spain - Italcamara\" \/>\n<meta property=\"og:description\" content=\"Subentra ad Alfonso Ort\u00edn, che lascia l\u2019incarico per nuove sfide professionali dopo quasi trent\u2019anni nella compagnia automobilistica. &nbsp; &nbsp; D. Guillermo Garc\u00eda Alfons\u00edn (1983, Pontevedra \u2013 Espa\u00f1a) \u00e8 stato nominato nuovo direttore dI Comunicazione e Relazioni Istituzionali di Fiat Chrysler Automobiles Spain. Garc\u00eda subentra ad Alfonso \u00a0Ort\u00edn, che dopo quasi trent\u2019anni, lascia la compagnia per [&hellip;]\" \/>\n<meta property=\"og:url\" content=\"https:\/\/italcamara-es.com\/it\/notizie\/guillermo-garcia-alfonsin-nuovo-direttore-di-comunicazione-di-fiat-chrysler-automobiles-spain\/\" \/>\n<meta property=\"og:site_name\" content=\"Italcamara\" \/>\n<meta property=\"article:published_time\" content=\"2016-10-20T06:04:45+00:00\" \/>\n<meta property=\"og:image\" content=\"https:\/\/italcamara-es.com\/wp-content\/uploads\/2025\/03\/FIAT250-2.jpg\" \/>\n\t<meta property=\"og:image:width\" content=\"250\" \/>\n\t<meta property=\"og:image:height\" content=\"165\" \/>\n\t<meta property=\"og:image:type\" content=\"image\/jpeg\" \/>\n<meta name=\"author\" content=\"administrador\" \/>\n<meta name=\"twitter:card\" content=\"summary_large_image\" \/>\n<meta name=\"twitter:label1\" content=\"Scritto da\" \/>\n\t<meta name=\"twitter:data1\" content=\"administrador\" \/>\n\t<meta name=\"twitter:label2\" content=\"Tempo di lettura stimato\" \/>\n\t<meta name=\"twitter:data2\" content=\"1 minuto\" \/>\n<script type=\"application\/ld+json\" class=\"yoast-schema-graph\">{\"@context\":\"https:\\\/\\\/schema.org\",\"@graph\":[{\"@type\":\"Article\",\"@id\":\"https:\\\/\\\/italcamara-es.com\\\/it\\\/notizie\\\/guillermo-garcia-alfonsin-nuovo-direttore-di-comunicazione-di-fiat-chrysler-automobiles-spain\\\/#article\",\"isPartOf\":{\"@id\":\"https:\\\/\\\/italcamara-es.com\\\/it\\\/notizie\\\/guillermo-garcia-alfonsin-nuovo-direttore-di-comunicazione-di-fiat-chrysler-automobiles-spain\\\/\"},\"author\":{\"name\":\"administrador\",\"@id\":\"https:\\\/\\\/italcamara-es.com\\\/#\\\/schema\\\/person\\\/bb3c56263e405bbd9a15171dcfee93bb\"},\"headline\":\"Guillermo Garc\u00eda Alfons\u00ecn, nuovo direttore di Comunicazione di Fiat Chrysler Automobiles Spain\",\"datePublished\":\"2016-10-20T06:04:45+00:00\",\"mainEntityOfPage\":{\"@id\":\"https:\\\/\\\/italcamara-es.com\\\/it\\\/notizie\\\/guillermo-garcia-alfonsin-nuovo-direttore-di-comunicazione-di-fiat-chrysler-automobiles-spain\\\/\"},\"wordCount\":271,\"commentCount\":0,\"image\":{\"@id\":\"https:\\\/\\\/italcamara-es.com\\\/it\\\/notizie\\\/guillermo-garcia-alfonsin-nuovo-direttore-di-comunicazione-di-fiat-chrysler-automobiles-spain\\\/#primaryimage\"},\"thumbnailUrl\":\"https:\\\/\\\/italcamara-es.com\\\/wp-content\\\/uploads\\\/2025\\\/03\\\/FIAT250-2.jpg\",\"articleSection\":[\"Notizie\"],\"inLanguage\":\"it-IT\",\"potentialAction\":[{\"@type\":\"CommentAction\",\"name\":\"Comment\",\"target\":[\"https:\\\/\\\/italcamara-es.com\\\/it\\\/notizie\\\/guillermo-garcia-alfonsin-nuovo-direttore-di-comunicazione-di-fiat-chrysler-automobiles-spain\\\/#respond\"]}]},{\"@type\":\"WebPage\",\"@id\":\"https:\\\/\\\/italcamara-es.com\\\/it\\\/notizie\\\/guillermo-garcia-alfonsin-nuovo-direttore-di-comunicazione-di-fiat-chrysler-automobiles-spain\\\/\",\"url\":\"https:\\\/\\\/italcamara-es.com\\\/it\\\/notizie\\\/guillermo-garcia-alfonsin-nuovo-direttore-di-comunicazione-di-fiat-chrysler-automobiles-spain\\\/\",\"name\":\"Guillermo Garc\u00eda Alfons\u00ecn, nuovo direttore di Comunicazione di Fiat Chrysler Automobiles Spain - Italcamara\",\"isPartOf\":{\"@id\":\"https:\\\/\\\/italcamara-es.com\\\/#website\"},\"primaryImageOfPage\":{\"@id\":\"https:\\\/\\\/italcamara-es.com\\\/it\\\/notizie\\\/guillermo-garcia-alfonsin-nuovo-direttore-di-comunicazione-di-fiat-chrysler-automobiles-spain\\\/#primaryimage\"},\"image\":{\"@id\":\"https:\\\/\\\/italcamara-es.com\\\/it\\\/notizie\\\/guillermo-garcia-alfonsin-nuovo-direttore-di-comunicazione-di-fiat-chrysler-automobiles-spain\\\/#primaryimage\"},\"thumbnailUrl\":\"https:\\\/\\\/italcamara-es.com\\\/wp-content\\\/uploads\\\/2025\\\/03\\\/FIAT250-2.jpg\",\"datePublished\":\"2016-10-20T06:04:45+00:00\",\"author\":{\"@id\":\"https:\\\/\\\/italcamara-es.com\\\/#\\\/schema\\\/person\\\/bb3c56263e405bbd9a15171dcfee93bb\"},\"breadcrumb\":{\"@id\":\"https:\\\/\\\/italcamara-es.com\\\/it\\\/notizie\\\/guillermo-garcia-alfonsin-nuovo-direttore-di-comunicazione-di-fiat-chrysler-automobiles-spain\\\/#breadcrumb\"},\"inLanguage\":\"it-IT\",\"potentialAction\":[{\"@type\":\"ReadAction\",\"target\":[\"https:\\\/\\\/italcamara-es.com\\\/it\\\/notizie\\\/guillermo-garcia-alfonsin-nuovo-direttore-di-comunicazione-di-fiat-chrysler-automobiles-spain\\\/\"]}]},{\"@type\":\"ImageObject\",\"inLanguage\":\"it-IT\",\"@id\":\"https:\\\/\\\/italcamara-es.com\\\/it\\\/notizie\\\/guillermo-garcia-alfonsin-nuovo-direttore-di-comunicazione-di-fiat-chrysler-automobiles-spain\\\/#primaryimage\",\"url\":\"https:\\\/\\\/italcamara-es.com\\\/wp-content\\\/uploads\\\/2025\\\/03\\\/FIAT250-2.jpg\",\"contentUrl\":\"https:\\\/\\\/italcamara-es.com\\\/wp-content\\\/uploads\\\/2025\\\/03\\\/FIAT250-2.jpg\",\"width\":250,\"height\":165},{\"@type\":\"BreadcrumbList\",\"@id\":\"https:\\\/\\\/italcamara-es.com\\\/it\\\/notizie\\\/guillermo-garcia-alfonsin-nuovo-direttore-di-comunicazione-di-fiat-chrysler-automobiles-spain\\\/#breadcrumb\",\"itemListElement\":[{\"@type\":\"ListItem\",\"position\":1,\"name\":\"Inicio\",\"item\":\"https:\\\/\\\/italcamara-es.com\\\/it\\\/homepage-ita\\\/\"},{\"@type\":\"ListItem\",\"position\":2,\"name\":\"Guillermo Garc\u00eda Alfons\u00ecn, nuovo direttore di Comunicazione di Fiat Chrysler Automobiles Spain\"}]},{\"@type\":\"WebSite\",\"@id\":\"https:\\\/\\\/italcamara-es.com\\\/#website\",\"url\":\"https:\\\/\\\/italcamara-es.com\\\/\",\"name\":\"Italcamara\",\"description\":\"\",\"potentialAction\":[{\"@type\":\"SearchAction\",\"target\":{\"@type\":\"EntryPoint\",\"urlTemplate\":\"https:\\\/\\\/italcamara-es.com\\\/?s={search_term_string}\"},\"query-input\":{\"@type\":\"PropertyValueSpecification\",\"valueRequired\":true,\"valueName\":\"search_term_string\"}}],\"inLanguage\":\"it-IT\"},{\"@type\":\"Person\",\"@id\":\"https:\\\/\\\/italcamara-es.com\\\/#\\\/schema\\\/person\\\/bb3c56263e405bbd9a15171dcfee93bb\",\"name\":\"administrador\",\"image\":{\"@type\":\"ImageObject\",\"inLanguage\":\"it-IT\",\"@id\":\"https:\\\/\\\/secure.gravatar.com\\\/avatar\\\/14b5e63db38320b12031bb28cf9f77e210aa71fb3a8a3602a3c9a05134fa75eb?s=96&d=mm&r=g\",\"url\":\"https:\\\/\\\/secure.gravatar.com\\\/avatar\\\/14b5e63db38320b12031bb28cf9f77e210aa71fb3a8a3602a3c9a05134fa75eb?s=96&d=mm&r=g\",\"contentUrl\":\"https:\\\/\\\/secure.gravatar.com\\\/avatar\\\/14b5e63db38320b12031bb28cf9f77e210aa71fb3a8a3602a3c9a05134fa75eb?s=96&d=mm&r=g\",\"caption\":\"administrador\"},\"sameAs\":[\"http:\\\/\\\/pre.italcamara-es.com\"],\"url\":\"https:\\\/\\\/italcamara-es.com\\\/it\\\/author\\\/administrador\\\/\"}]}<\/script>\n<!-- \/ Yoast SEO plugin. -->","yoast_head_json":{"title":"Guillermo Garc\u00eda Alfons\u00ecn, nuovo direttore di Comunicazione di Fiat Chrysler Automobiles Spain - Italcamara","robots":{"index":"index","follow":"follow","max-snippet":"max-snippet:-1","max-image-preview":"max-image-preview:large","max-video-preview":"max-video-preview:-1"},"canonical":"https:\/\/italcamara-es.com\/it\/notizie\/guillermo-garcia-alfonsin-nuovo-direttore-di-comunicazione-di-fiat-chrysler-automobiles-spain\/","og_locale":"it_IT","og_type":"article","og_title":"Guillermo Garc\u00eda Alfons\u00ecn, nuovo direttore di Comunicazione di Fiat Chrysler Automobiles Spain - Italcamara","og_description":"Subentra ad Alfonso Ort\u00edn, che lascia l\u2019incarico per nuove sfide professionali dopo quasi trent\u2019anni nella compagnia automobilistica. &nbsp; &nbsp; D. Guillermo Garc\u00eda Alfons\u00edn (1983, Pontevedra \u2013 Espa\u00f1a) \u00e8 stato nominato nuovo direttore dI Comunicazione e Relazioni Istituzionali di Fiat Chrysler Automobiles Spain. Garc\u00eda subentra ad Alfonso \u00a0Ort\u00edn, che dopo quasi trent\u2019anni, lascia la compagnia per [&hellip;]","og_url":"https:\/\/italcamara-es.com\/it\/notizie\/guillermo-garcia-alfonsin-nuovo-direttore-di-comunicazione-di-fiat-chrysler-automobiles-spain\/","og_site_name":"Italcamara","article_published_time":"2016-10-20T06:04:45+00:00","og_image":[{"width":250,"height":165,"url":"https:\/\/italcamara-es.com\/wp-content\/uploads\/2025\/03\/FIAT250-2.jpg","type":"image\/jpeg"}],"author":"administrador","twitter_card":"summary_large_image","twitter_misc":{"Scritto da":"administrador","Tempo di lettura stimato":"1 minuto"},"schema":{"@context":"https:\/\/schema.org","@graph":[{"@type":"Article","@id":"https:\/\/italcamara-es.com\/it\/notizie\/guillermo-garcia-alfonsin-nuovo-direttore-di-comunicazione-di-fiat-chrysler-automobiles-spain\/#article","isPartOf":{"@id":"https:\/\/italcamara-es.com\/it\/notizie\/guillermo-garcia-alfonsin-nuovo-direttore-di-comunicazione-di-fiat-chrysler-automobiles-spain\/"},"author":{"name":"administrador","@id":"https:\/\/italcamara-es.com\/#\/schema\/person\/bb3c56263e405bbd9a15171dcfee93bb"},"headline":"Guillermo Garc\u00eda Alfons\u00ecn, nuovo direttore di Comunicazione di Fiat Chrysler Automobiles Spain","datePublished":"2016-10-20T06:04:45+00:00","mainEntityOfPage":{"@id":"https:\/\/italcamara-es.com\/it\/notizie\/guillermo-garcia-alfonsin-nuovo-direttore-di-comunicazione-di-fiat-chrysler-automobiles-spain\/"},"wordCount":271,"commentCount":0,"image":{"@id":"https:\/\/italcamara-es.com\/it\/notizie\/guillermo-garcia-alfonsin-nuovo-direttore-di-comunicazione-di-fiat-chrysler-automobiles-spain\/#primaryimage"},"thumbnailUrl":"https:\/\/italcamara-es.com\/wp-content\/uploads\/2025\/03\/FIAT250-2.jpg","articleSection":["Notizie"],"inLanguage":"it-IT","potentialAction":[{"@type":"CommentAction","name":"Comment","target":["https:\/\/italcamara-es.com\/it\/notizie\/guillermo-garcia-alfonsin-nuovo-direttore-di-comunicazione-di-fiat-chrysler-automobiles-spain\/#respond"]}]},{"@type":"WebPage","@id":"https:\/\/italcamara-es.com\/it\/notizie\/guillermo-garcia-alfonsin-nuovo-direttore-di-comunicazione-di-fiat-chrysler-automobiles-spain\/","url":"https:\/\/italcamara-es.com\/it\/notizie\/guillermo-garcia-alfonsin-nuovo-direttore-di-comunicazione-di-fiat-chrysler-automobiles-spain\/","name":"Guillermo Garc\u00eda Alfons\u00ecn, nuovo direttore di Comunicazione di Fiat Chrysler Automobiles Spain - Italcamara","isPartOf":{"@id":"https:\/\/italcamara-es.com\/#website"},"primaryImageOfPage":{"@id":"https:\/\/italcamara-es.com\/it\/notizie\/guillermo-garcia-alfonsin-nuovo-direttore-di-comunicazione-di-fiat-chrysler-automobiles-spain\/#primaryimage"},"image":{"@id":"https:\/\/italcamara-es.com\/it\/notizie\/guillermo-garcia-alfonsin-nuovo-direttore-di-comunicazione-di-fiat-chrysler-automobiles-spain\/#primaryimage"},"thumbnailUrl":"https:\/\/italcamara-es.com\/wp-content\/uploads\/2025\/03\/FIAT250-2.jpg","datePublished":"2016-10-20T06:04:45+00:00","author":{"@id":"https:\/\/italcamara-es.com\/#\/schema\/person\/bb3c56263e405bbd9a15171dcfee93bb"},"breadcrumb":{"@id":"https:\/\/italcamara-es.com\/it\/notizie\/guillermo-garcia-alfonsin-nuovo-direttore-di-comunicazione-di-fiat-chrysler-automobiles-spain\/#breadcrumb"},"inLanguage":"it-IT","potentialAction":[{"@type":"ReadAction","target":["https:\/\/italcamara-es.com\/it\/notizie\/guillermo-garcia-alfonsin-nuovo-direttore-di-comunicazione-di-fiat-chrysler-automobiles-spain\/"]}]},{"@type":"ImageObject","inLanguage":"it-IT","@id":"https:\/\/italcamara-es.com\/it\/notizie\/guillermo-garcia-alfonsin-nuovo-direttore-di-comunicazione-di-fiat-chrysler-automobiles-spain\/#primaryimage","url":"https:\/\/italcamara-es.com\/wp-content\/uploads\/2025\/03\/FIAT250-2.jpg","contentUrl":"https:\/\/italcamara-es.com\/wp-content\/uploads\/2025\/03\/FIAT250-2.jpg","width":250,"height":165},{"@type":"BreadcrumbList","@id":"https:\/\/italcamara-es.com\/it\/notizie\/guillermo-garcia-alfonsin-nuovo-direttore-di-comunicazione-di-fiat-chrysler-automobiles-spain\/#breadcrumb","itemListElement":[{"@type":"ListItem","position":1,"name":"Inicio","item":"https:\/\/italcamara-es.com\/it\/homepage-ita\/"},{"@type":"ListItem","position":2,"name":"Guillermo Garc\u00eda Alfons\u00ecn, nuovo direttore di Comunicazione di Fiat Chrysler Automobiles Spain"}]},{"@type":"WebSite","@id":"https:\/\/italcamara-es.com\/#website","url":"https:\/\/italcamara-es.com\/","name":"Italcamara","description":"","potentialAction":[{"@type":"SearchAction","target":{"@type":"EntryPoint","urlTemplate":"https:\/\/italcamara-es.com\/?s={search_term_string}"},"query-input":{"@type":"PropertyValueSpecification","valueRequired":true,"valueName":"search_term_string"}}],"inLanguage":"it-IT"},{"@type":"Person","@id":"https:\/\/italcamara-es.com\/#\/schema\/person\/bb3c56263e405bbd9a15171dcfee93bb","name":"administrador","image":{"@type":"ImageObject","inLanguage":"it-IT","@id":"https:\/\/secure.gravatar.com\/avatar\/14b5e63db38320b12031bb28cf9f77e210aa71fb3a8a3602a3c9a05134fa75eb?s=96&d=mm&r=g","url":"https:\/\/secure.gravatar.com\/avatar\/14b5e63db38320b12031bb28cf9f77e210aa71fb3a8a3602a3c9a05134fa75eb?s=96&d=mm&r=g","contentUrl":"https:\/\/secure.gravatar.com\/avatar\/14b5e63db38320b12031bb28cf9f77e210aa71fb3a8a3602a3c9a05134fa75eb?s=96&d=mm&r=g","caption":"administrador"},"sameAs":["http:\/\/pre.italcamara-es.com"],"url":"https:\/\/italcamara-es.com\/it\/author\/administrador\/"}]}},"rttpg_featured_image_url":{"full":["https:\/\/italcamara-es.com\/wp-content\/uploads\/2025\/03\/FIAT250-2.jpg",250,165,false],"landscape":["https:\/\/italcamara-es.com\/wp-content\/uploads\/2025\/03\/FIAT250-2.jpg",250,165,false],"portraits":["https:\/\/italcamara-es.com\/wp-content\/uploads\/2025\/03\/FIAT250-2.jpg",250,165,false],"thumbnail":["https:\/\/italcamara-es.com\/wp-content\/uploads\/2025\/03\/FIAT250-2-150x150.jpg",150,150,true],"medium":["https:\/\/italcamara-es.com\/wp-content\/uploads\/2025\/03\/FIAT250-2.jpg",250,165,false],"large":["https:\/\/italcamara-es.com\/wp-content\/uploads\/2025\/03\/FIAT250-2.jpg",250,165,false],"1536x1536":["https:\/\/italcamara-es.com\/wp-content\/uploads\/2025\/03\/FIAT250-2.jpg",250,165,false],"2048x2048":["https:\/\/italcamara-es.com\/wp-content\/uploads\/2025\/03\/FIAT250-2.jpg",250,165,false],"ocean-thumb-m":["https:\/\/italcamara-es.com\/wp-content\/uploads\/2025\/03\/FIAT250-2.jpg",250,165,false],"ocean-thumb-ml":["https:\/\/italcamara-es.com\/wp-content\/uploads\/2025\/03\/FIAT250-2.jpg",250,165,false],"ocean-thumb-l":["https:\/\/italcamara-es.com\/wp-content\/uploads\/2025\/03\/FIAT250-2.jpg",250,165,false],"directorist_preview":["https:\/\/italcamara-es.com\/wp-content\/uploads\/2025\/03\/FIAT250-2.jpg",250,165,false]},"rttpg_author":{"display_name":"administrador","author_link":"https:\/\/italcamara-es.com\/it\/author\/administrador\/"},"rttpg_comment":0,"rttpg_category":"<a href=\"https:\/\/italcamara-es.com\/it\/category\/notizie\/\" rel=\"category tag\">Notizie<\/a>","rttpg_excerpt":"Subentra ad Alfonso Ort\u00edn, che lascia l\u2019incarico per nuove sfide professionali dopo quasi trent\u2019anni nella compagnia automobilistica. &nbsp; &nbsp; D. Guillermo Garc\u00eda Alfons\u00edn (1983, Pontevedra \u2013 Espa\u00f1a) \u00e8 stato nominato nuovo direttore dI Comunicazione e Relazioni Istituzionali di Fiat Chrysler Automobiles Spain. Garc\u00eda subentra ad Alfonso \u00a0Ort\u00edn, che dopo quasi trent\u2019anni, lascia la compagnia per&hellip;","_links":{"self":[{"href":"https:\/\/italcamara-es.com\/it\/wp-json\/wp\/v2\/posts\/56924","targetHints":{"allow":["GET"]}}],"collection":[{"href":"https:\/\/italcamara-es.com\/it\/wp-json\/wp\/v2\/posts"}],"about":[{"href":"https:\/\/italcamara-es.com\/it\/wp-json\/wp\/v2\/types\/post"}],"author":[{"embeddable":true,"href":"https:\/\/italcamara-es.com\/it\/wp-json\/wp\/v2\/users\/1"}],"replies":[{"embeddable":true,"href":"https:\/\/italcamara-es.com\/it\/wp-json\/wp\/v2\/comments?post=56924"}],"version-history":[{"count":0,"href":"https:\/\/italcamara-es.com\/it\/wp-json\/wp\/v2\/posts\/56924\/revisions"}],"wp:featuredmedia":[{"embeddable":true,"href":"https:\/\/italcamara-es.com\/it\/wp-json\/wp\/v2\/media\/52477"}],"wp:attachment":[{"href":"https:\/\/italcamara-es.com\/it\/wp-json\/wp\/v2\/media?parent=56924"}],"wp:term":[{"taxonomy":"category","embeddable":true,"href":"https:\/\/italcamara-es.com\/it\/wp-json\/wp\/v2\/categories?post=56924"},{"taxonomy":"post_tag","embeddable":true,"href":"https:\/\/italcamara-es.com\/it\/wp-json\/wp\/v2\/tags?post=56924"}],"curies":[{"name":"wp","href":"https:\/\/api.w.org\/{rel}","templated":true}]}}