	{"id":56927,"date":"2016-10-25T13:24:01","date_gmt":"2016-10-25T11:24:01","guid":{"rendered":"http:\/\/pre.italcamara-es.com\/senza-categoria\/cellnex-telecom-riceve-il-premio-best-newcomer-spain-nel-cdp-spagna-climate-leadership-awards\/"},"modified":"2016-10-25T13:24:01","modified_gmt":"2016-10-25T11:24:01","slug":"cellnex-telecom-riceve-il-premio-best-newcomer-spain-nel-cdp-spagna-climate-leadership-awards","status":"publish","type":"post","link":"https:\/\/italcamara-es.com\/it\/notizie\/cellnex-telecom-riceve-il-premio-best-newcomer-spain-nel-cdp-spagna-climate-leadership-awards\/","title":{"rendered":"Cellnex Telecom riceve il premio \u201cBest Newcomer Spain\u201d nel CDP Spagna Climate Leadership Awards"},"content":{"rendered":"<div><em>Occupa una posizione leader nell\u2019edizione 2016 del programma del cambiamento climatico.<\/em><\/div>\n<div><\/div>\n<div><\/div>\n<div>Cellnex Telecom ha ricevuto il premio alla miglior azienda \u201cnewcomer\u201d spagnola 2016 nell\u2019ambito dei premi Climate Leadership, organizzati dal CDP (Carbon Disclosure Project), dopo aver consegnato e reso pubblica la sua relazione del Climate Change 2016.<\/div>\n<p>&nbsp;<\/p>\n<div>Nel corso di un evento svoltosi a Madrid per la presentazione dei risultati del campione iberia (riunisce le aziende della Spagna e del Portogallo) e per la premiazione delle aziende che si sono maggiormente contraddistinte per gli sforzi realizzati in materia di cambiamento climatico, \u00c0ngels Ucero, Responsabile del Sistema di Gestione di Cellnex Telecom, ha ritirato il premio, sottolineandone l\u2019importanza \u201cquale ricompensa allo sforzo e al lavoro ben fatto. Siamo fieri di ricevere questo premio che ci sprona a continuare a lavorare e a migliorare la nostra politica di rispetto e di protezione dell\u2019ambiente\u201d.<\/div>\n<div>CDP \u00e8 una delle pi\u00f9 famose organizzazioni in materia di cambiamento climatico che si occupa di valutare la qualit\u00e0 delle informazioni \u2013e dei suoi sistemi di reporting- fornite dalle aziende private o dal settore pubblico nell\u2019ambito della sostenibilit\u00e0 e dell\u2019ambiente.<\/div>\n<p>&nbsp;<\/p>\n<div>Cellnex Telecom svolge un attento controllo dei vari vettori\/aspetti che configurano la gestione ambientale del gruppo, e di una politica di miglioramento continuo che le consente di sviluppare delle misure ambientali. Un buon esempio di ci\u00f2 \u00e8 l\u2019introduzione del software Clean CO2, che consente di calcolare e di compensare l\u2019impronta di carbonio corporativa delle aziende del Gruppo e quella dei servizi prestati ai suoi clienti.<\/div>\n<p>&nbsp;<\/p>\n<div>Cellnex Telecom \u00e8 nata ad Aprile 2015 con un progetto marcato dall\u2019ambizione di leadership in Europa nella fornitura di infrastrutture e soluzioni di connettivit\u00e0 per le telecomunicazioni. Come gruppo indipendente e quotato in borsa, si \u00e8 impegnata sin dall\u2019inizio a svolgere una gestione marcata dal rigido rispetto degli obiettivi di trasparenza, e l\u2019adempimento e l\u2019attenzione ai principi etici di integrit\u00e0, onest\u00e0, rispetto della diversit\u00e0, integrit\u00e0, pari opportunit\u00e0 e rispetto dell\u2019ambiente.<\/div>\n<p>&nbsp;<\/p>\n<div>Al riguardo, la compagnia ha attuato un insieme di politiche e di pratiche, tra cui quella della Responsabilit\u00e0 Corporativa, che assicurano a Cellnex Telecom di adempiere correttamente gli impegni tipici di qualsiasi organizzazione, e soprattutto nel caso delle aziende quotate in borsa.<\/div>\n<p>&nbsp;<\/p>\n<div>Cellnex Telecom dispone di una Politica Ambientale basata sul rispetto dell\u2019ambiente, la protezione e la conservazione della Biodiversit\u00e0 che si espleta mediante l\u2019uso efficiente delle risorse e promuovendo azioni preventive che fanno parte della Responsabilit\u00e0 Corporativa.<\/div>\n<p>&nbsp;<\/p>\n<div>Questa politica prevede l\u2019attuazione di azioni di prevenzione della contaminazione e la riduzione dell\u2019impatto ambientale nelle attivit\u00e0 e negli impianti della compagnia, di cui \u00e8 responsabile tutto il personale di Cellnex.<\/div>\n","protected":false},"excerpt":{"rendered":"<p>Occupa una posizione leader nell\u2019edizione 2016 del programma del cambiamento climatico. Cellnex Telecom ha ricevuto il premio alla miglior azienda \u201cnewcomer\u201d spagnola 2016 nell\u2019ambito dei premi Climate Leadership, organizzati dal CDP (Carbon Disclosure Project), dopo aver consegnato e reso pubblica la sua relazione del Climate Change 2016. &nbsp; Nel corso di un evento svoltosi a [&hellip;]<\/p>\n","protected":false},"author":1,"featured_media":52481,"comment_status":"open","ping_status":"open","sticky":false,"template":"","format":"standard","meta":{"inline_featured_image":false,"ocean_post_layout":"","ocean_both_sidebars_style":"","ocean_both_sidebars_content_width":0,"ocean_both_sidebars_sidebars_width":0,"ocean_sidebar":"","ocean_second_sidebar":"","ocean_disable_margins":"enable","ocean_add_body_class":"","ocean_shortcode_before_top_bar":"","ocean_shortcode_after_top_bar":"","ocean_shortcode_before_header":"","ocean_shortcode_after_header":"","ocean_has_shortcode":"","ocean_shortcode_after_title":"","ocean_shortcode_before_footer_widgets":"","ocean_shortcode_after_footer_widgets":"","ocean_shortcode_before_footer_bottom":"","ocean_shortcode_after_footer_bottom":"","ocean_display_top_bar":"default","ocean_display_header":"default","ocean_header_style":"","ocean_center_header_left_menu":"","ocean_custom_header_template":"","ocean_custom_logo":0,"ocean_custom_retina_logo":0,"ocean_custom_logo_max_width":0,"ocean_custom_logo_tablet_max_width":0,"ocean_custom_logo_mobile_max_width":0,"ocean_custom_logo_max_height":0,"ocean_custom_logo_tablet_max_height":0,"ocean_custom_logo_mobile_max_height":0,"ocean_header_custom_menu":"","ocean_menu_typo_font_family":"","ocean_menu_typo_font_subset":"","ocean_menu_typo_font_size":0,"ocean_menu_typo_font_size_tablet":0,"ocean_menu_typo_font_size_mobile":0,"ocean_menu_typo_font_size_unit":"px","ocean_menu_typo_font_weight":"","ocean_menu_typo_font_weight_tablet":"","ocean_menu_typo_font_weight_mobile":"","ocean_menu_typo_transform":"","ocean_menu_typo_transform_tablet":"","ocean_menu_typo_transform_mobile":"","ocean_menu_typo_line_height":0,"ocean_menu_typo_line_height_tablet":0,"ocean_menu_typo_line_height_mobile":0,"ocean_menu_typo_line_height_unit":"","ocean_menu_typo_spacing":0,"ocean_menu_typo_spacing_tablet":0,"ocean_menu_typo_spacing_mobile":0,"ocean_menu_typo_spacing_unit":"","ocean_menu_link_color":"","ocean_menu_link_color_hover":"","ocean_menu_link_color_active":"","ocean_menu_link_background":"","ocean_menu_link_hover_background":"","ocean_menu_link_active_background":"","ocean_menu_social_links_bg":"","ocean_menu_social_hover_links_bg":"","ocean_menu_social_links_color":"","ocean_menu_social_hover_links_color":"","ocean_disable_title":"default","ocean_disable_heading":"default","ocean_post_title":"","ocean_post_subheading":"","ocean_post_title_style":"","ocean_post_title_background_color":"","ocean_post_title_background":0,"ocean_post_title_bg_image_position":"","ocean_post_title_bg_image_attachment":"","ocean_post_title_bg_image_repeat":"","ocean_post_title_bg_image_size":"","ocean_post_title_height":0,"ocean_post_title_bg_overlay":0.5,"ocean_post_title_bg_overlay_color":"","ocean_disable_breadcrumbs":"default","ocean_breadcrumbs_color":"","ocean_breadcrumbs_separator_color":"","ocean_breadcrumbs_links_color":"","ocean_breadcrumbs_links_hover_color":"","ocean_display_footer_widgets":"default","ocean_display_footer_bottom":"default","ocean_custom_footer_template":"","ocean_post_oembed":"","ocean_post_self_hosted_media":"","ocean_post_video_embed":"","ocean_link_format":"","ocean_link_format_target":"self","ocean_quote_format":"","ocean_quote_format_link":"post","ocean_gallery_link_images":"on","ocean_gallery_id":[],"footnotes":""},"categories":[133],"tags":[],"class_list":["post-56927","post","type-post","status-publish","format-standard","has-post-thumbnail","hentry","category-notizie","entry","has-media"],"yoast_head":"<!-- This site is optimized with the Yoast SEO plugin v27.4 - https:\/\/yoast.com\/product\/yoast-seo-wordpress\/ -->\n<title>Cellnex Telecom riceve il premio \u201cBest Newcomer Spain\u201d nel CDP Spagna Climate Leadership Awards - Italcamara<\/title>\n<meta name=\"robots\" content=\"index, follow, max-snippet:-1, max-image-preview:large, max-video-preview:-1\" \/>\n<link rel=\"canonical\" href=\"https:\/\/italcamara-es.com\/it\/notizie\/cellnex-telecom-riceve-il-premio-best-newcomer-spain-nel-cdp-spagna-climate-leadership-awards\/\" \/>\n<meta property=\"og:locale\" content=\"it_IT\" \/>\n<meta property=\"og:type\" content=\"article\" \/>\n<meta property=\"og:title\" content=\"Cellnex Telecom riceve il premio \u201cBest Newcomer Spain\u201d nel CDP Spagna Climate Leadership Awards - Italcamara\" \/>\n<meta property=\"og:description\" content=\"Occupa una posizione leader nell\u2019edizione 2016 del programma del cambiamento climatico. Cellnex Telecom ha ricevuto il premio alla miglior azienda \u201cnewcomer\u201d spagnola 2016 nell\u2019ambito dei premi Climate Leadership, organizzati dal CDP (Carbon Disclosure Project), dopo aver consegnato e reso pubblica la sua relazione del Climate Change 2016. &nbsp; Nel corso di un evento svoltosi a [&hellip;]\" \/>\n<meta property=\"og:url\" content=\"https:\/\/italcamara-es.com\/it\/notizie\/cellnex-telecom-riceve-il-premio-best-newcomer-spain-nel-cdp-spagna-climate-leadership-awards\/\" \/>\n<meta property=\"og:site_name\" content=\"Italcamara\" \/>\n<meta property=\"article:published_time\" content=\"2016-10-25T11:24:01+00:00\" \/>\n<meta property=\"og:image\" content=\"https:\/\/italcamara-es.com\/wp-content\/uploads\/2025\/03\/CellnexRipetitori250.jpg\" \/>\n\t<meta property=\"og:image:width\" content=\"250\" \/>\n\t<meta property=\"og:image:height\" content=\"188\" \/>\n\t<meta property=\"og:image:type\" content=\"image\/jpeg\" \/>\n<meta name=\"author\" content=\"administrador\" \/>\n<meta name=\"twitter:card\" content=\"summary_large_image\" \/>\n<meta name=\"twitter:label1\" content=\"Scritto da\" \/>\n\t<meta name=\"twitter:data1\" content=\"administrador\" \/>\n\t<meta name=\"twitter:label2\" content=\"Tempo di lettura stimato\" \/>\n\t<meta name=\"twitter:data2\" content=\"2 minuti\" \/>\n<script type=\"application\/ld+json\" class=\"yoast-schema-graph\">{\"@context\":\"https:\\\/\\\/schema.org\",\"@graph\":[{\"@type\":\"Article\",\"@id\":\"https:\\\/\\\/italcamara-es.com\\\/it\\\/notizie\\\/cellnex-telecom-riceve-il-premio-best-newcomer-spain-nel-cdp-spagna-climate-leadership-awards\\\/#article\",\"isPartOf\":{\"@id\":\"https:\\\/\\\/italcamara-es.com\\\/it\\\/notizie\\\/cellnex-telecom-riceve-il-premio-best-newcomer-spain-nel-cdp-spagna-climate-leadership-awards\\\/\"},\"author\":{\"name\":\"administrador\",\"@id\":\"https:\\\/\\\/italcamara-es.com\\\/#\\\/schema\\\/person\\\/bb3c56263e405bbd9a15171dcfee93bb\"},\"headline\":\"Cellnex Telecom riceve il premio \u201cBest Newcomer Spain\u201d nel CDP Spagna Climate Leadership Awards\",\"datePublished\":\"2016-10-25T11:24:01+00:00\",\"mainEntityOfPage\":{\"@id\":\"https:\\\/\\\/italcamara-es.com\\\/it\\\/notizie\\\/cellnex-telecom-riceve-il-premio-best-newcomer-spain-nel-cdp-spagna-climate-leadership-awards\\\/\"},\"wordCount\":454,\"commentCount\":0,\"image\":{\"@id\":\"https:\\\/\\\/italcamara-es.com\\\/it\\\/notizie\\\/cellnex-telecom-riceve-il-premio-best-newcomer-spain-nel-cdp-spagna-climate-leadership-awards\\\/#primaryimage\"},\"thumbnailUrl\":\"https:\\\/\\\/italcamara-es.com\\\/wp-content\\\/uploads\\\/2025\\\/03\\\/CellnexRipetitori250.jpg\",\"articleSection\":[\"Notizie\"],\"inLanguage\":\"it-IT\",\"potentialAction\":[{\"@type\":\"CommentAction\",\"name\":\"Comment\",\"target\":[\"https:\\\/\\\/italcamara-es.com\\\/it\\\/notizie\\\/cellnex-telecom-riceve-il-premio-best-newcomer-spain-nel-cdp-spagna-climate-leadership-awards\\\/#respond\"]}]},{\"@type\":\"WebPage\",\"@id\":\"https:\\\/\\\/italcamara-es.com\\\/it\\\/notizie\\\/cellnex-telecom-riceve-il-premio-best-newcomer-spain-nel-cdp-spagna-climate-leadership-awards\\\/\",\"url\":\"https:\\\/\\\/italcamara-es.com\\\/it\\\/notizie\\\/cellnex-telecom-riceve-il-premio-best-newcomer-spain-nel-cdp-spagna-climate-leadership-awards\\\/\",\"name\":\"Cellnex Telecom riceve il premio \u201cBest Newcomer Spain\u201d nel CDP Spagna Climate Leadership Awards - Italcamara\",\"isPartOf\":{\"@id\":\"https:\\\/\\\/italcamara-es.com\\\/#website\"},\"primaryImageOfPage\":{\"@id\":\"https:\\\/\\\/italcamara-es.com\\\/it\\\/notizie\\\/cellnex-telecom-riceve-il-premio-best-newcomer-spain-nel-cdp-spagna-climate-leadership-awards\\\/#primaryimage\"},\"image\":{\"@id\":\"https:\\\/\\\/italcamara-es.com\\\/it\\\/notizie\\\/cellnex-telecom-riceve-il-premio-best-newcomer-spain-nel-cdp-spagna-climate-leadership-awards\\\/#primaryimage\"},\"thumbnailUrl\":\"https:\\\/\\\/italcamara-es.com\\\/wp-content\\\/uploads\\\/2025\\\/03\\\/CellnexRipetitori250.jpg\",\"datePublished\":\"2016-10-25T11:24:01+00:00\",\"author\":{\"@id\":\"https:\\\/\\\/italcamara-es.com\\\/#\\\/schema\\\/person\\\/bb3c56263e405bbd9a15171dcfee93bb\"},\"breadcrumb\":{\"@id\":\"https:\\\/\\\/italcamara-es.com\\\/it\\\/notizie\\\/cellnex-telecom-riceve-il-premio-best-newcomer-spain-nel-cdp-spagna-climate-leadership-awards\\\/#breadcrumb\"},\"inLanguage\":\"it-IT\",\"potentialAction\":[{\"@type\":\"ReadAction\",\"target\":[\"https:\\\/\\\/italcamara-es.com\\\/it\\\/notizie\\\/cellnex-telecom-riceve-il-premio-best-newcomer-spain-nel-cdp-spagna-climate-leadership-awards\\\/\"]}]},{\"@type\":\"ImageObject\",\"inLanguage\":\"it-IT\",\"@id\":\"https:\\\/\\\/italcamara-es.com\\\/it\\\/notizie\\\/cellnex-telecom-riceve-il-premio-best-newcomer-spain-nel-cdp-spagna-climate-leadership-awards\\\/#primaryimage\",\"url\":\"https:\\\/\\\/italcamara-es.com\\\/wp-content\\\/uploads\\\/2025\\\/03\\\/CellnexRipetitori250.jpg\",\"contentUrl\":\"https:\\\/\\\/italcamara-es.com\\\/wp-content\\\/uploads\\\/2025\\\/03\\\/CellnexRipetitori250.jpg\",\"width\":250,\"height\":188},{\"@type\":\"BreadcrumbList\",\"@id\":\"https:\\\/\\\/italcamara-es.com\\\/it\\\/notizie\\\/cellnex-telecom-riceve-il-premio-best-newcomer-spain-nel-cdp-spagna-climate-leadership-awards\\\/#breadcrumb\",\"itemListElement\":[{\"@type\":\"ListItem\",\"position\":1,\"name\":\"Inicio\",\"item\":\"https:\\\/\\\/italcamara-es.com\\\/it\\\/homepage-ita\\\/\"},{\"@type\":\"ListItem\",\"position\":2,\"name\":\"Cellnex Telecom riceve il premio \u201cBest Newcomer Spain\u201d nel CDP Spagna Climate Leadership Awards\"}]},{\"@type\":\"WebSite\",\"@id\":\"https:\\\/\\\/italcamara-es.com\\\/#website\",\"url\":\"https:\\\/\\\/italcamara-es.com\\\/\",\"name\":\"Italcamara\",\"description\":\"\",\"potentialAction\":[{\"@type\":\"SearchAction\",\"target\":{\"@type\":\"EntryPoint\",\"urlTemplate\":\"https:\\\/\\\/italcamara-es.com\\\/?s={search_term_string}\"},\"query-input\":{\"@type\":\"PropertyValueSpecification\",\"valueRequired\":true,\"valueName\":\"search_term_string\"}}],\"inLanguage\":\"it-IT\"},{\"@type\":\"Person\",\"@id\":\"https:\\\/\\\/italcamara-es.com\\\/#\\\/schema\\\/person\\\/bb3c56263e405bbd9a15171dcfee93bb\",\"name\":\"administrador\",\"image\":{\"@type\":\"ImageObject\",\"inLanguage\":\"it-IT\",\"@id\":\"https:\\\/\\\/secure.gravatar.com\\\/avatar\\\/14b5e63db38320b12031bb28cf9f77e210aa71fb3a8a3602a3c9a05134fa75eb?s=96&d=mm&r=g\",\"url\":\"https:\\\/\\\/secure.gravatar.com\\\/avatar\\\/14b5e63db38320b12031bb28cf9f77e210aa71fb3a8a3602a3c9a05134fa75eb?s=96&d=mm&r=g\",\"contentUrl\":\"https:\\\/\\\/secure.gravatar.com\\\/avatar\\\/14b5e63db38320b12031bb28cf9f77e210aa71fb3a8a3602a3c9a05134fa75eb?s=96&d=mm&r=g\",\"caption\":\"administrador\"},\"sameAs\":[\"http:\\\/\\\/pre.italcamara-es.com\"],\"url\":\"https:\\\/\\\/italcamara-es.com\\\/it\\\/author\\\/administrador\\\/\"}]}<\/script>\n<!-- \/ Yoast SEO plugin. -->","yoast_head_json":{"title":"Cellnex Telecom riceve il premio \u201cBest Newcomer Spain\u201d nel CDP Spagna Climate Leadership Awards - Italcamara","robots":{"index":"index","follow":"follow","max-snippet":"max-snippet:-1","max-image-preview":"max-image-preview:large","max-video-preview":"max-video-preview:-1"},"canonical":"https:\/\/italcamara-es.com\/it\/notizie\/cellnex-telecom-riceve-il-premio-best-newcomer-spain-nel-cdp-spagna-climate-leadership-awards\/","og_locale":"it_IT","og_type":"article","og_title":"Cellnex Telecom riceve il premio \u201cBest Newcomer Spain\u201d nel CDP Spagna Climate Leadership Awards - Italcamara","og_description":"Occupa una posizione leader nell\u2019edizione 2016 del programma del cambiamento climatico. Cellnex Telecom ha ricevuto il premio alla miglior azienda \u201cnewcomer\u201d spagnola 2016 nell\u2019ambito dei premi Climate Leadership, organizzati dal CDP (Carbon Disclosure Project), dopo aver consegnato e reso pubblica la sua relazione del Climate Change 2016. &nbsp; Nel corso di un evento svoltosi a [&hellip;]","og_url":"https:\/\/italcamara-es.com\/it\/notizie\/cellnex-telecom-riceve-il-premio-best-newcomer-spain-nel-cdp-spagna-climate-leadership-awards\/","og_site_name":"Italcamara","article_published_time":"2016-10-25T11:24:01+00:00","og_image":[{"width":250,"height":188,"url":"https:\/\/italcamara-es.com\/wp-content\/uploads\/2025\/03\/CellnexRipetitori250.jpg","type":"image\/jpeg"}],"author":"administrador","twitter_card":"summary_large_image","twitter_misc":{"Scritto da":"administrador","Tempo di lettura stimato":"2 minuti"},"schema":{"@context":"https:\/\/schema.org","@graph":[{"@type":"Article","@id":"https:\/\/italcamara-es.com\/it\/notizie\/cellnex-telecom-riceve-il-premio-best-newcomer-spain-nel-cdp-spagna-climate-leadership-awards\/#article","isPartOf":{"@id":"https:\/\/italcamara-es.com\/it\/notizie\/cellnex-telecom-riceve-il-premio-best-newcomer-spain-nel-cdp-spagna-climate-leadership-awards\/"},"author":{"name":"administrador","@id":"https:\/\/italcamara-es.com\/#\/schema\/person\/bb3c56263e405bbd9a15171dcfee93bb"},"headline":"Cellnex Telecom riceve il premio \u201cBest Newcomer Spain\u201d nel CDP Spagna Climate Leadership Awards","datePublished":"2016-10-25T11:24:01+00:00","mainEntityOfPage":{"@id":"https:\/\/italcamara-es.com\/it\/notizie\/cellnex-telecom-riceve-il-premio-best-newcomer-spain-nel-cdp-spagna-climate-leadership-awards\/"},"wordCount":454,"commentCount":0,"image":{"@id":"https:\/\/italcamara-es.com\/it\/notizie\/cellnex-telecom-riceve-il-premio-best-newcomer-spain-nel-cdp-spagna-climate-leadership-awards\/#primaryimage"},"thumbnailUrl":"https:\/\/italcamara-es.com\/wp-content\/uploads\/2025\/03\/CellnexRipetitori250.jpg","articleSection":["Notizie"],"inLanguage":"it-IT","potentialAction":[{"@type":"CommentAction","name":"Comment","target":["https:\/\/italcamara-es.com\/it\/notizie\/cellnex-telecom-riceve-il-premio-best-newcomer-spain-nel-cdp-spagna-climate-leadership-awards\/#respond"]}]},{"@type":"WebPage","@id":"https:\/\/italcamara-es.com\/it\/notizie\/cellnex-telecom-riceve-il-premio-best-newcomer-spain-nel-cdp-spagna-climate-leadership-awards\/","url":"https:\/\/italcamara-es.com\/it\/notizie\/cellnex-telecom-riceve-il-premio-best-newcomer-spain-nel-cdp-spagna-climate-leadership-awards\/","name":"Cellnex Telecom riceve il premio \u201cBest Newcomer Spain\u201d nel CDP Spagna Climate Leadership Awards - Italcamara","isPartOf":{"@id":"https:\/\/italcamara-es.com\/#website"},"primaryImageOfPage":{"@id":"https:\/\/italcamara-es.com\/it\/notizie\/cellnex-telecom-riceve-il-premio-best-newcomer-spain-nel-cdp-spagna-climate-leadership-awards\/#primaryimage"},"image":{"@id":"https:\/\/italcamara-es.com\/it\/notizie\/cellnex-telecom-riceve-il-premio-best-newcomer-spain-nel-cdp-spagna-climate-leadership-awards\/#primaryimage"},"thumbnailUrl":"https:\/\/italcamara-es.com\/wp-content\/uploads\/2025\/03\/CellnexRipetitori250.jpg","datePublished":"2016-10-25T11:24:01+00:00","author":{"@id":"https:\/\/italcamara-es.com\/#\/schema\/person\/bb3c56263e405bbd9a15171dcfee93bb"},"breadcrumb":{"@id":"https:\/\/italcamara-es.com\/it\/notizie\/cellnex-telecom-riceve-il-premio-best-newcomer-spain-nel-cdp-spagna-climate-leadership-awards\/#breadcrumb"},"inLanguage":"it-IT","potentialAction":[{"@type":"ReadAction","target":["https:\/\/italcamara-es.com\/it\/notizie\/cellnex-telecom-riceve-il-premio-best-newcomer-spain-nel-cdp-spagna-climate-leadership-awards\/"]}]},{"@type":"ImageObject","inLanguage":"it-IT","@id":"https:\/\/italcamara-es.com\/it\/notizie\/cellnex-telecom-riceve-il-premio-best-newcomer-spain-nel-cdp-spagna-climate-leadership-awards\/#primaryimage","url":"https:\/\/italcamara-es.com\/wp-content\/uploads\/2025\/03\/CellnexRipetitori250.jpg","contentUrl":"https:\/\/italcamara-es.com\/wp-content\/uploads\/2025\/03\/CellnexRipetitori250.jpg","width":250,"height":188},{"@type":"BreadcrumbList","@id":"https:\/\/italcamara-es.com\/it\/notizie\/cellnex-telecom-riceve-il-premio-best-newcomer-spain-nel-cdp-spagna-climate-leadership-awards\/#breadcrumb","itemListElement":[{"@type":"ListItem","position":1,"name":"Inicio","item":"https:\/\/italcamara-es.com\/it\/homepage-ita\/"},{"@type":"ListItem","position":2,"name":"Cellnex Telecom riceve il premio \u201cBest Newcomer Spain\u201d nel CDP Spagna Climate Leadership Awards"}]},{"@type":"WebSite","@id":"https:\/\/italcamara-es.com\/#website","url":"https:\/\/italcamara-es.com\/","name":"Italcamara","description":"","potentialAction":[{"@type":"SearchAction","target":{"@type":"EntryPoint","urlTemplate":"https:\/\/italcamara-es.com\/?s={search_term_string}"},"query-input":{"@type":"PropertyValueSpecification","valueRequired":true,"valueName":"search_term_string"}}],"inLanguage":"it-IT"},{"@type":"Person","@id":"https:\/\/italcamara-es.com\/#\/schema\/person\/bb3c56263e405bbd9a15171dcfee93bb","name":"administrador","image":{"@type":"ImageObject","inLanguage":"it-IT","@id":"https:\/\/secure.gravatar.com\/avatar\/14b5e63db38320b12031bb28cf9f77e210aa71fb3a8a3602a3c9a05134fa75eb?s=96&d=mm&r=g","url":"https:\/\/secure.gravatar.com\/avatar\/14b5e63db38320b12031bb28cf9f77e210aa71fb3a8a3602a3c9a05134fa75eb?s=96&d=mm&r=g","contentUrl":"https:\/\/secure.gravatar.com\/avatar\/14b5e63db38320b12031bb28cf9f77e210aa71fb3a8a3602a3c9a05134fa75eb?s=96&d=mm&r=g","caption":"administrador"},"sameAs":["http:\/\/pre.italcamara-es.com"],"url":"https:\/\/italcamara-es.com\/it\/author\/administrador\/"}]}},"rttpg_featured_image_url":{"full":["https:\/\/italcamara-es.com\/wp-content\/uploads\/2025\/03\/CellnexRipetitori250.jpg",250,188,false],"landscape":["https:\/\/italcamara-es.com\/wp-content\/uploads\/2025\/03\/CellnexRipetitori250.jpg",250,188,false],"portraits":["https:\/\/italcamara-es.com\/wp-content\/uploads\/2025\/03\/CellnexRipetitori250.jpg",250,188,false],"thumbnail":["https:\/\/italcamara-es.com\/wp-content\/uploads\/2025\/03\/CellnexRipetitori250-150x150.jpg",150,150,true],"medium":["https:\/\/italcamara-es.com\/wp-content\/uploads\/2025\/03\/CellnexRipetitori250.jpg",250,188,false],"large":["https:\/\/italcamara-es.com\/wp-content\/uploads\/2025\/03\/CellnexRipetitori250.jpg",250,188,false],"1536x1536":["https:\/\/italcamara-es.com\/wp-content\/uploads\/2025\/03\/CellnexRipetitori250.jpg",250,188,false],"2048x2048":["https:\/\/italcamara-es.com\/wp-content\/uploads\/2025\/03\/CellnexRipetitori250.jpg",250,188,false],"ocean-thumb-m":["https:\/\/italcamara-es.com\/wp-content\/uploads\/2025\/03\/CellnexRipetitori250.jpg",250,188,false],"ocean-thumb-ml":["https:\/\/italcamara-es.com\/wp-content\/uploads\/2025\/03\/CellnexRipetitori250.jpg",250,188,false],"ocean-thumb-l":["https:\/\/italcamara-es.com\/wp-content\/uploads\/2025\/03\/CellnexRipetitori250.jpg",250,188,false],"directorist_preview":["https:\/\/italcamara-es.com\/wp-content\/uploads\/2025\/03\/CellnexRipetitori250.jpg",250,188,false]},"rttpg_author":{"display_name":"administrador","author_link":"https:\/\/italcamara-es.com\/it\/author\/administrador\/"},"rttpg_comment":0,"rttpg_category":"<a href=\"https:\/\/italcamara-es.com\/it\/category\/notizie\/\" rel=\"category tag\">Notizie<\/a>","rttpg_excerpt":"Occupa una posizione leader nell\u2019edizione 2016 del programma del cambiamento climatico. Cellnex Telecom ha ricevuto il premio alla miglior azienda \u201cnewcomer\u201d spagnola 2016 nell\u2019ambito dei premi Climate Leadership, organizzati dal CDP (Carbon Disclosure Project), dopo aver consegnato e reso pubblica la sua relazione del Climate Change 2016. &nbsp; Nel corso di un evento svoltosi a&hellip;","_links":{"self":[{"href":"https:\/\/italcamara-es.com\/it\/wp-json\/wp\/v2\/posts\/56927","targetHints":{"allow":["GET"]}}],"collection":[{"href":"https:\/\/italcamara-es.com\/it\/wp-json\/wp\/v2\/posts"}],"about":[{"href":"https:\/\/italcamara-es.com\/it\/wp-json\/wp\/v2\/types\/post"}],"author":[{"embeddable":true,"href":"https:\/\/italcamara-es.com\/it\/wp-json\/wp\/v2\/users\/1"}],"replies":[{"embeddable":true,"href":"https:\/\/italcamara-es.com\/it\/wp-json\/wp\/v2\/comments?post=56927"}],"version-history":[{"count":0,"href":"https:\/\/italcamara-es.com\/it\/wp-json\/wp\/v2\/posts\/56927\/revisions"}],"wp:featuredmedia":[{"embeddable":true,"href":"https:\/\/italcamara-es.com\/it\/wp-json\/wp\/v2\/media\/52481"}],"wp:attachment":[{"href":"https:\/\/italcamara-es.com\/it\/wp-json\/wp\/v2\/media?parent=56927"}],"wp:term":[{"taxonomy":"category","embeddable":true,"href":"https:\/\/italcamara-es.com\/it\/wp-json\/wp\/v2\/categories?post=56927"},{"taxonomy":"post_tag","embeddable":true,"href":"https:\/\/italcamara-es.com\/it\/wp-json\/wp\/v2\/tags?post=56927"}],"curies":[{"name":"wp","href":"https:\/\/api.w.org\/{rel}","templated":true}]}}