	{"id":56933,"date":"2016-12-15T09:55:45","date_gmt":"2016-12-15T08:55:45","guid":{"rendered":"http:\/\/pre.italcamara-es.com\/senza-categoria\/generali-e-microsoft-annunciano-una-partnership-per-la-busibness-digital-transformation\/"},"modified":"2016-12-15T09:55:45","modified_gmt":"2016-12-15T08:55:45","slug":"generali-e-microsoft-annunciano-una-partnership-per-la-busibness-digital-transformation","status":"publish","type":"post","link":"https:\/\/italcamara-es.com\/it\/notizie\/generali-e-microsoft-annunciano-una-partnership-per-la-busibness-digital-transformation\/","title":{"rendered":"Generali e Microsoft annunciano una partnership per la busibness digital transformation"},"content":{"rendered":"<p><em>La collaborazione consentir\u00e0 a Generali e Microsoft di rafforzare le posizioni di leadership nelle rispettive aree di business attraverso un programma condiviso incentrato sulla trasformazione digitale della Customers, Employees and Distribution experience, sull\u2019efficienza operativa e sull\u2019innovazione di prodotto.<\/em><\/p>\n<p>&nbsp;<\/p>\n<p>Il Gruppo <strong>Generali<\/strong> e <strong>Microsoft<\/strong> annunciano un accordo di <strong>Business Digital Transformation<\/strong>, volto a valorizzare l\u2019efficienza di dipendenti, agenti e partners di Generali, migliorare i processi operativi e aumentare i ricavi, grazie a nuovi prodotti assicurativi e innovativi modelli di business.<\/p>\n<p>&nbsp;<\/p>\n<p>La partnership si concentrer\u00e0 su:<\/p>\n<ol>\n<li><strong>Digital workplace<\/strong>: l\u2019obiettivo principale sar\u00e0 quello di individuare una piattaforma innovativa e che permetta a tutti i dipendenti di usufruire di un\u2019esperienza coerente nell\u2019ambiente lavorativo, utilizzando i servizi pi\u00f9 avanzati esistenti per la collaborazione e le comunicazioni. Questa partnership dar\u00e0 impulso al \u201cGenerali New Way of Working\u201d, una piattaforma aperta e flessibile che permetter\u00e0 di raggiungere l\u2019eccellenza operativa sia nelle attivit\u00e0 di back office sia nelle attivit\u00e0 di vendita e di assistenza ai clienti.<\/li>\n<li><strong>Customer Centric new business<\/strong>: l\u2019obiettivo principale sar\u00e0 quello di fare leva sulle capacit\u00e0 di Microsoft di analisi delle attivit\u00e0 social per interagire nel miglior modo possibile con i potenziali clienti di Generali attraverso offerte su misura, creazione di nuovi canali di comunicazione per migliorare l\u2019esperienza del cliente e rendere efficace ed efficiente l\u2019interazione con la compagnia disegnando prodotti assicurativi innovativi \u201cSmart Contract\u201d che si inspirino al paradigma \u201cBlockchain\u201d e che sfruttino il cloud e l\u2019intelligenza artificiale.<\/li>\n<li><strong>Connected Insurance business platform<\/strong>: l\u2019obiettivo principale sar\u00e0 quello di creare una piattaforma digitale integrata attraverso cui i partner possano interagire con Generali per fornire un servizio migliore ai clienti nell\u2019ambito della Connected Insurance.<\/li>\n<\/ol>\n<p>&nbsp;<\/p>\n<p><strong>Valter Trevisani<\/strong>, Group Chief Insurance Officer di Generali, ha commentato: \u201c<em>Il settore assicurativo sta attraversando un processo di forte innovazione digitale. Questa partnership con Microsoft rafforzer\u00e0 le nostre capacit\u00e0 di innovazione digitale, permettendo di concentrarci sulla centralit\u00e0 del cliente e di sviluppare nuovi prodotti di business<\/em>\u201d.<br \/>\n<strong>Bruce Hodges<\/strong>, Chief Information and Digital Officer di Generali, ha commentato: \u201c<em>Concentrarsi sull\u2019innovazione digitale \u00e8 un elemento chiave per ogni player nel mercato assicurativo. Crediamo che questa partnership rappresenter\u00e0 un punto di svolta per la nostra distribution experience, migliorando l\u2019eccellenza operativa, l\u2019innovazione dei prodotti, e mettendo i dipendenti nella condizione di usufruire di un\u2019esperienza coerente nell\u2019ambiente lavorativo<\/em>\u201d.<br \/>\n<strong>Carlo Purassanta<\/strong>, CEO Microsoft Italia, ha commentato: \u201c<em>In Microsoft la nostra missione \u00e8 quella di permettere a persone e organizzazioni di tutto il mondo di raggiungere il proprio pieno potenziale. Questa partnership \u00e8 la via giusta e il primo passo di un\u2019ampia collaborazione strategica tra Microsoft e Generali, che consentir\u00e0 a Generali di ripensare e trasformare la relazione con i clienti, l\u2019esperienza dei dipendenti, il business model e le operations<\/em>\u201d.<br \/>\nIn Europa, <strong>Generali<\/strong> ha una posizione di leadership nel settore assicurativo, con un focus particolare sulla telematica e sull\u2019Internet of Things come driver di sviluppo della strategia, come dimostrano l\u2019acquisizione di MyDrive Solutions e le partnership con importanti players quali Discovery Insurance, Progressive, Renault-Nissan e con i fondi internazionali di venture capital.<br \/>\n<strong>Microsoft<\/strong> \u00e8 la societ\u00e0 leader a livello globale nella fornitura di servizi mobile-first e cloud-first multipiattaforma, impegnata a supportare una profonda trasformazione digitale dei propri clienti nel mondo attraverso la diffusione di soluzioni di intelligent cloud.<\/p>\n","protected":false},"excerpt":{"rendered":"<p>La collaborazione consentir\u00e0 a Generali e Microsoft di rafforzare le posizioni di leadership nelle rispettive aree di business attraverso un programma condiviso incentrato sulla trasformazione digitale della Customers, Employees and Distribution experience, sull\u2019efficienza operativa e sull\u2019innovazione di prodotto. &nbsp; Il Gruppo Generali e Microsoft annunciano un accordo di Business Digital Transformation, volto a valorizzare l\u2019efficienza [&hellip;]<\/p>\n","protected":false},"author":1,"featured_media":52489,"comment_status":"open","ping_status":"open","sticky":false,"template":"","format":"standard","meta":{"inline_featured_image":false,"ocean_post_layout":"","ocean_both_sidebars_style":"","ocean_both_sidebars_content_width":0,"ocean_both_sidebars_sidebars_width":0,"ocean_sidebar":"","ocean_second_sidebar":"","ocean_disable_margins":"enable","ocean_add_body_class":"","ocean_shortcode_before_top_bar":"","ocean_shortcode_after_top_bar":"","ocean_shortcode_before_header":"","ocean_shortcode_after_header":"","ocean_has_shortcode":"","ocean_shortcode_after_title":"","ocean_shortcode_before_footer_widgets":"","ocean_shortcode_after_footer_widgets":"","ocean_shortcode_before_footer_bottom":"","ocean_shortcode_after_footer_bottom":"","ocean_display_top_bar":"default","ocean_display_header":"default","ocean_header_style":"","ocean_center_header_left_menu":"","ocean_custom_header_template":"","ocean_custom_logo":0,"ocean_custom_retina_logo":0,"ocean_custom_logo_max_width":0,"ocean_custom_logo_tablet_max_width":0,"ocean_custom_logo_mobile_max_width":0,"ocean_custom_logo_max_height":0,"ocean_custom_logo_tablet_max_height":0,"ocean_custom_logo_mobile_max_height":0,"ocean_header_custom_menu":"","ocean_menu_typo_font_family":"","ocean_menu_typo_font_subset":"","ocean_menu_typo_font_size":0,"ocean_menu_typo_font_size_tablet":0,"ocean_menu_typo_font_size_mobile":0,"ocean_menu_typo_font_size_unit":"px","ocean_menu_typo_font_weight":"","ocean_menu_typo_font_weight_tablet":"","ocean_menu_typo_font_weight_mobile":"","ocean_menu_typo_transform":"","ocean_menu_typo_transform_tablet":"","ocean_menu_typo_transform_mobile":"","ocean_menu_typo_line_height":0,"ocean_menu_typo_line_height_tablet":0,"ocean_menu_typo_line_height_mobile":0,"ocean_menu_typo_line_height_unit":"","ocean_menu_typo_spacing":0,"ocean_menu_typo_spacing_tablet":0,"ocean_menu_typo_spacing_mobile":0,"ocean_menu_typo_spacing_unit":"","ocean_menu_link_color":"","ocean_menu_link_color_hover":"","ocean_menu_link_color_active":"","ocean_menu_link_background":"","ocean_menu_link_hover_background":"","ocean_menu_link_active_background":"","ocean_menu_social_links_bg":"","ocean_menu_social_hover_links_bg":"","ocean_menu_social_links_color":"","ocean_menu_social_hover_links_color":"","ocean_disable_title":"default","ocean_disable_heading":"default","ocean_post_title":"","ocean_post_subheading":"","ocean_post_title_style":"","ocean_post_title_background_color":"","ocean_post_title_background":0,"ocean_post_title_bg_image_position":"","ocean_post_title_bg_image_attachment":"","ocean_post_title_bg_image_repeat":"","ocean_post_title_bg_image_size":"","ocean_post_title_height":0,"ocean_post_title_bg_overlay":0.5,"ocean_post_title_bg_overlay_color":"","ocean_disable_breadcrumbs":"default","ocean_breadcrumbs_color":"","ocean_breadcrumbs_separator_color":"","ocean_breadcrumbs_links_color":"","ocean_breadcrumbs_links_hover_color":"","ocean_display_footer_widgets":"default","ocean_display_footer_bottom":"default","ocean_custom_footer_template":"","ocean_post_oembed":"","ocean_post_self_hosted_media":"","ocean_post_video_embed":"","ocean_link_format":"","ocean_link_format_target":"self","ocean_quote_format":"","ocean_quote_format_link":"post","ocean_gallery_link_images":"on","ocean_gallery_id":[],"footnotes":""},"categories":[133],"tags":[],"class_list":["post-56933","post","type-post","status-publish","format-standard","has-post-thumbnail","hentry","category-notizie","entry","has-media"],"yoast_head":"<!-- This site is optimized with the Yoast SEO plugin v27.5 - https:\/\/yoast.com\/product\/yoast-seo-wordpress\/ -->\n<title>Generali e Microsoft annunciano una partnership per la busibness digital transformation - Italcamara<\/title>\n<meta name=\"robots\" content=\"index, follow, max-snippet:-1, max-image-preview:large, max-video-preview:-1\" \/>\n<link rel=\"canonical\" href=\"https:\/\/italcamara-es.com\/it\/notizie\/generali-e-microsoft-annunciano-una-partnership-per-la-busibness-digital-transformation\/\" \/>\n<meta property=\"og:locale\" content=\"it_IT\" \/>\n<meta property=\"og:type\" content=\"article\" \/>\n<meta property=\"og:title\" content=\"Generali e Microsoft annunciano una partnership per la busibness digital transformation - Italcamara\" \/>\n<meta property=\"og:description\" content=\"La collaborazione consentir\u00e0 a Generali e Microsoft di rafforzare le posizioni di leadership nelle rispettive aree di business attraverso un programma condiviso incentrato sulla trasformazione digitale della Customers, Employees and Distribution experience, sull\u2019efficienza operativa e sull\u2019innovazione di prodotto. &nbsp; Il Gruppo Generali e Microsoft annunciano un accordo di Business Digital Transformation, volto a valorizzare l\u2019efficienza [&hellip;]\" \/>\n<meta property=\"og:url\" content=\"https:\/\/italcamara-es.com\/it\/notizie\/generali-e-microsoft-annunciano-una-partnership-per-la-busibness-digital-transformation\/\" \/>\n<meta property=\"og:site_name\" content=\"Italcamara\" \/>\n<meta property=\"article:published_time\" content=\"2016-12-15T08:55:45+00:00\" \/>\n<meta property=\"og:image\" content=\"https:\/\/italcamara-es.com\/wp-content\/uploads\/2025\/03\/PalazzoGenerali250.jpg\" \/>\n\t<meta property=\"og:image:width\" content=\"250\" \/>\n\t<meta property=\"og:image:height\" content=\"140\" \/>\n\t<meta property=\"og:image:type\" content=\"image\/jpeg\" \/>\n<meta name=\"author\" content=\"administrador\" \/>\n<meta name=\"twitter:card\" content=\"summary_large_image\" \/>\n<meta name=\"twitter:label1\" content=\"Scritto da\" \/>\n\t<meta name=\"twitter:data1\" content=\"administrador\" \/>\n\t<meta name=\"twitter:label2\" content=\"Tempo di lettura stimato\" \/>\n\t<meta name=\"twitter:data2\" content=\"3 minuti\" \/>\n<script type=\"application\/ld+json\" class=\"yoast-schema-graph\">{\"@context\":\"https:\\\/\\\/schema.org\",\"@graph\":[{\"@type\":\"Article\",\"@id\":\"https:\\\/\\\/italcamara-es.com\\\/it\\\/notizie\\\/generali-e-microsoft-annunciano-una-partnership-per-la-busibness-digital-transformation\\\/#article\",\"isPartOf\":{\"@id\":\"https:\\\/\\\/italcamara-es.com\\\/it\\\/notizie\\\/generali-e-microsoft-annunciano-una-partnership-per-la-busibness-digital-transformation\\\/\"},\"author\":{\"name\":\"administrador\",\"@id\":\"https:\\\/\\\/italcamara-es.com\\\/#\\\/schema\\\/person\\\/bb3c56263e405bbd9a15171dcfee93bb\"},\"headline\":\"Generali e Microsoft annunciano una partnership per la busibness digital transformation\",\"datePublished\":\"2016-12-15T08:55:45+00:00\",\"mainEntityOfPage\":{\"@id\":\"https:\\\/\\\/italcamara-es.com\\\/it\\\/notizie\\\/generali-e-microsoft-annunciano-una-partnership-per-la-busibness-digital-transformation\\\/\"},\"wordCount\":560,\"commentCount\":0,\"image\":{\"@id\":\"https:\\\/\\\/italcamara-es.com\\\/it\\\/notizie\\\/generali-e-microsoft-annunciano-una-partnership-per-la-busibness-digital-transformation\\\/#primaryimage\"},\"thumbnailUrl\":\"https:\\\/\\\/italcamara-es.com\\\/wp-content\\\/uploads\\\/2025\\\/03\\\/PalazzoGenerali250.jpg\",\"articleSection\":[\"Notizie\"],\"inLanguage\":\"it-IT\",\"potentialAction\":[{\"@type\":\"CommentAction\",\"name\":\"Comment\",\"target\":[\"https:\\\/\\\/italcamara-es.com\\\/it\\\/notizie\\\/generali-e-microsoft-annunciano-una-partnership-per-la-busibness-digital-transformation\\\/#respond\"]}]},{\"@type\":\"WebPage\",\"@id\":\"https:\\\/\\\/italcamara-es.com\\\/it\\\/notizie\\\/generali-e-microsoft-annunciano-una-partnership-per-la-busibness-digital-transformation\\\/\",\"url\":\"https:\\\/\\\/italcamara-es.com\\\/it\\\/notizie\\\/generali-e-microsoft-annunciano-una-partnership-per-la-busibness-digital-transformation\\\/\",\"name\":\"Generali e Microsoft annunciano una partnership per la busibness digital transformation - Italcamara\",\"isPartOf\":{\"@id\":\"https:\\\/\\\/italcamara-es.com\\\/#website\"},\"primaryImageOfPage\":{\"@id\":\"https:\\\/\\\/italcamara-es.com\\\/it\\\/notizie\\\/generali-e-microsoft-annunciano-una-partnership-per-la-busibness-digital-transformation\\\/#primaryimage\"},\"image\":{\"@id\":\"https:\\\/\\\/italcamara-es.com\\\/it\\\/notizie\\\/generali-e-microsoft-annunciano-una-partnership-per-la-busibness-digital-transformation\\\/#primaryimage\"},\"thumbnailUrl\":\"https:\\\/\\\/italcamara-es.com\\\/wp-content\\\/uploads\\\/2025\\\/03\\\/PalazzoGenerali250.jpg\",\"datePublished\":\"2016-12-15T08:55:45+00:00\",\"author\":{\"@id\":\"https:\\\/\\\/italcamara-es.com\\\/#\\\/schema\\\/person\\\/bb3c56263e405bbd9a15171dcfee93bb\"},\"breadcrumb\":{\"@id\":\"https:\\\/\\\/italcamara-es.com\\\/it\\\/notizie\\\/generali-e-microsoft-annunciano-una-partnership-per-la-busibness-digital-transformation\\\/#breadcrumb\"},\"inLanguage\":\"it-IT\",\"potentialAction\":[{\"@type\":\"ReadAction\",\"target\":[\"https:\\\/\\\/italcamara-es.com\\\/it\\\/notizie\\\/generali-e-microsoft-annunciano-una-partnership-per-la-busibness-digital-transformation\\\/\"]}]},{\"@type\":\"ImageObject\",\"inLanguage\":\"it-IT\",\"@id\":\"https:\\\/\\\/italcamara-es.com\\\/it\\\/notizie\\\/generali-e-microsoft-annunciano-una-partnership-per-la-busibness-digital-transformation\\\/#primaryimage\",\"url\":\"https:\\\/\\\/italcamara-es.com\\\/wp-content\\\/uploads\\\/2025\\\/03\\\/PalazzoGenerali250.jpg\",\"contentUrl\":\"https:\\\/\\\/italcamara-es.com\\\/wp-content\\\/uploads\\\/2025\\\/03\\\/PalazzoGenerali250.jpg\",\"width\":250,\"height\":140},{\"@type\":\"BreadcrumbList\",\"@id\":\"https:\\\/\\\/italcamara-es.com\\\/it\\\/notizie\\\/generali-e-microsoft-annunciano-una-partnership-per-la-busibness-digital-transformation\\\/#breadcrumb\",\"itemListElement\":[{\"@type\":\"ListItem\",\"position\":1,\"name\":\"Inicio\",\"item\":\"https:\\\/\\\/italcamara-es.com\\\/it\\\/homepage-ita\\\/\"},{\"@type\":\"ListItem\",\"position\":2,\"name\":\"Generali e Microsoft annunciano una partnership per la busibness digital transformation\"}]},{\"@type\":\"WebSite\",\"@id\":\"https:\\\/\\\/italcamara-es.com\\\/#website\",\"url\":\"https:\\\/\\\/italcamara-es.com\\\/\",\"name\":\"Italcamara\",\"description\":\"\",\"potentialAction\":[{\"@type\":\"SearchAction\",\"target\":{\"@type\":\"EntryPoint\",\"urlTemplate\":\"https:\\\/\\\/italcamara-es.com\\\/?s={search_term_string}\"},\"query-input\":{\"@type\":\"PropertyValueSpecification\",\"valueRequired\":true,\"valueName\":\"search_term_string\"}}],\"inLanguage\":\"it-IT\"},{\"@type\":\"Person\",\"@id\":\"https:\\\/\\\/italcamara-es.com\\\/#\\\/schema\\\/person\\\/bb3c56263e405bbd9a15171dcfee93bb\",\"name\":\"administrador\",\"image\":{\"@type\":\"ImageObject\",\"inLanguage\":\"it-IT\",\"@id\":\"https:\\\/\\\/secure.gravatar.com\\\/avatar\\\/14b5e63db38320b12031bb28cf9f77e210aa71fb3a8a3602a3c9a05134fa75eb?s=96&d=mm&r=g\",\"url\":\"https:\\\/\\\/secure.gravatar.com\\\/avatar\\\/14b5e63db38320b12031bb28cf9f77e210aa71fb3a8a3602a3c9a05134fa75eb?s=96&d=mm&r=g\",\"contentUrl\":\"https:\\\/\\\/secure.gravatar.com\\\/avatar\\\/14b5e63db38320b12031bb28cf9f77e210aa71fb3a8a3602a3c9a05134fa75eb?s=96&d=mm&r=g\",\"caption\":\"administrador\"},\"sameAs\":[\"http:\\\/\\\/pre.italcamara-es.com\"],\"url\":\"https:\\\/\\\/italcamara-es.com\\\/it\\\/author\\\/administrador\\\/\"}]}<\/script>\n<!-- \/ Yoast SEO plugin. -->","yoast_head_json":{"title":"Generali e Microsoft annunciano una partnership per la busibness digital transformation - Italcamara","robots":{"index":"index","follow":"follow","max-snippet":"max-snippet:-1","max-image-preview":"max-image-preview:large","max-video-preview":"max-video-preview:-1"},"canonical":"https:\/\/italcamara-es.com\/it\/notizie\/generali-e-microsoft-annunciano-una-partnership-per-la-busibness-digital-transformation\/","og_locale":"it_IT","og_type":"article","og_title":"Generali e Microsoft annunciano una partnership per la busibness digital transformation - Italcamara","og_description":"La collaborazione consentir\u00e0 a Generali e Microsoft di rafforzare le posizioni di leadership nelle rispettive aree di business attraverso un programma condiviso incentrato sulla trasformazione digitale della Customers, Employees and Distribution experience, sull\u2019efficienza operativa e sull\u2019innovazione di prodotto. &nbsp; Il Gruppo Generali e Microsoft annunciano un accordo di Business Digital Transformation, volto a valorizzare l\u2019efficienza [&hellip;]","og_url":"https:\/\/italcamara-es.com\/it\/notizie\/generali-e-microsoft-annunciano-una-partnership-per-la-busibness-digital-transformation\/","og_site_name":"Italcamara","article_published_time":"2016-12-15T08:55:45+00:00","og_image":[{"width":250,"height":140,"url":"https:\/\/italcamara-es.com\/wp-content\/uploads\/2025\/03\/PalazzoGenerali250.jpg","type":"image\/jpeg"}],"author":"administrador","twitter_card":"summary_large_image","twitter_misc":{"Scritto da":"administrador","Tempo di lettura stimato":"3 minuti"},"schema":{"@context":"https:\/\/schema.org","@graph":[{"@type":"Article","@id":"https:\/\/italcamara-es.com\/it\/notizie\/generali-e-microsoft-annunciano-una-partnership-per-la-busibness-digital-transformation\/#article","isPartOf":{"@id":"https:\/\/italcamara-es.com\/it\/notizie\/generali-e-microsoft-annunciano-una-partnership-per-la-busibness-digital-transformation\/"},"author":{"name":"administrador","@id":"https:\/\/italcamara-es.com\/#\/schema\/person\/bb3c56263e405bbd9a15171dcfee93bb"},"headline":"Generali e Microsoft annunciano una partnership per la busibness digital transformation","datePublished":"2016-12-15T08:55:45+00:00","mainEntityOfPage":{"@id":"https:\/\/italcamara-es.com\/it\/notizie\/generali-e-microsoft-annunciano-una-partnership-per-la-busibness-digital-transformation\/"},"wordCount":560,"commentCount":0,"image":{"@id":"https:\/\/italcamara-es.com\/it\/notizie\/generali-e-microsoft-annunciano-una-partnership-per-la-busibness-digital-transformation\/#primaryimage"},"thumbnailUrl":"https:\/\/italcamara-es.com\/wp-content\/uploads\/2025\/03\/PalazzoGenerali250.jpg","articleSection":["Notizie"],"inLanguage":"it-IT","potentialAction":[{"@type":"CommentAction","name":"Comment","target":["https:\/\/italcamara-es.com\/it\/notizie\/generali-e-microsoft-annunciano-una-partnership-per-la-busibness-digital-transformation\/#respond"]}]},{"@type":"WebPage","@id":"https:\/\/italcamara-es.com\/it\/notizie\/generali-e-microsoft-annunciano-una-partnership-per-la-busibness-digital-transformation\/","url":"https:\/\/italcamara-es.com\/it\/notizie\/generali-e-microsoft-annunciano-una-partnership-per-la-busibness-digital-transformation\/","name":"Generali e Microsoft annunciano una partnership per la busibness digital transformation - Italcamara","isPartOf":{"@id":"https:\/\/italcamara-es.com\/#website"},"primaryImageOfPage":{"@id":"https:\/\/italcamara-es.com\/it\/notizie\/generali-e-microsoft-annunciano-una-partnership-per-la-busibness-digital-transformation\/#primaryimage"},"image":{"@id":"https:\/\/italcamara-es.com\/it\/notizie\/generali-e-microsoft-annunciano-una-partnership-per-la-busibness-digital-transformation\/#primaryimage"},"thumbnailUrl":"https:\/\/italcamara-es.com\/wp-content\/uploads\/2025\/03\/PalazzoGenerali250.jpg","datePublished":"2016-12-15T08:55:45+00:00","author":{"@id":"https:\/\/italcamara-es.com\/#\/schema\/person\/bb3c56263e405bbd9a15171dcfee93bb"},"breadcrumb":{"@id":"https:\/\/italcamara-es.com\/it\/notizie\/generali-e-microsoft-annunciano-una-partnership-per-la-busibness-digital-transformation\/#breadcrumb"},"inLanguage":"it-IT","potentialAction":[{"@type":"ReadAction","target":["https:\/\/italcamara-es.com\/it\/notizie\/generali-e-microsoft-annunciano-una-partnership-per-la-busibness-digital-transformation\/"]}]},{"@type":"ImageObject","inLanguage":"it-IT","@id":"https:\/\/italcamara-es.com\/it\/notizie\/generali-e-microsoft-annunciano-una-partnership-per-la-busibness-digital-transformation\/#primaryimage","url":"https:\/\/italcamara-es.com\/wp-content\/uploads\/2025\/03\/PalazzoGenerali250.jpg","contentUrl":"https:\/\/italcamara-es.com\/wp-content\/uploads\/2025\/03\/PalazzoGenerali250.jpg","width":250,"height":140},{"@type":"BreadcrumbList","@id":"https:\/\/italcamara-es.com\/it\/notizie\/generali-e-microsoft-annunciano-una-partnership-per-la-busibness-digital-transformation\/#breadcrumb","itemListElement":[{"@type":"ListItem","position":1,"name":"Inicio","item":"https:\/\/italcamara-es.com\/it\/homepage-ita\/"},{"@type":"ListItem","position":2,"name":"Generali e Microsoft annunciano una partnership per la busibness digital transformation"}]},{"@type":"WebSite","@id":"https:\/\/italcamara-es.com\/#website","url":"https:\/\/italcamara-es.com\/","name":"Italcamara","description":"","potentialAction":[{"@type":"SearchAction","target":{"@type":"EntryPoint","urlTemplate":"https:\/\/italcamara-es.com\/?s={search_term_string}"},"query-input":{"@type":"PropertyValueSpecification","valueRequired":true,"valueName":"search_term_string"}}],"inLanguage":"it-IT"},{"@type":"Person","@id":"https:\/\/italcamara-es.com\/#\/schema\/person\/bb3c56263e405bbd9a15171dcfee93bb","name":"administrador","image":{"@type":"ImageObject","inLanguage":"it-IT","@id":"https:\/\/secure.gravatar.com\/avatar\/14b5e63db38320b12031bb28cf9f77e210aa71fb3a8a3602a3c9a05134fa75eb?s=96&d=mm&r=g","url":"https:\/\/secure.gravatar.com\/avatar\/14b5e63db38320b12031bb28cf9f77e210aa71fb3a8a3602a3c9a05134fa75eb?s=96&d=mm&r=g","contentUrl":"https:\/\/secure.gravatar.com\/avatar\/14b5e63db38320b12031bb28cf9f77e210aa71fb3a8a3602a3c9a05134fa75eb?s=96&d=mm&r=g","caption":"administrador"},"sameAs":["http:\/\/pre.italcamara-es.com"],"url":"https:\/\/italcamara-es.com\/it\/author\/administrador\/"}]}},"rttpg_featured_image_url":{"full":["https:\/\/italcamara-es.com\/wp-content\/uploads\/2025\/03\/PalazzoGenerali250.jpg",250,140,false],"landscape":["https:\/\/italcamara-es.com\/wp-content\/uploads\/2025\/03\/PalazzoGenerali250.jpg",250,140,false],"portraits":["https:\/\/italcamara-es.com\/wp-content\/uploads\/2025\/03\/PalazzoGenerali250.jpg",250,140,false],"thumbnail":["https:\/\/italcamara-es.com\/wp-content\/uploads\/2025\/03\/PalazzoGenerali250-150x140.jpg",150,140,true],"medium":["https:\/\/italcamara-es.com\/wp-content\/uploads\/2025\/03\/PalazzoGenerali250.jpg",250,140,false],"large":["https:\/\/italcamara-es.com\/wp-content\/uploads\/2025\/03\/PalazzoGenerali250.jpg",250,140,false],"1536x1536":["https:\/\/italcamara-es.com\/wp-content\/uploads\/2025\/03\/PalazzoGenerali250.jpg",250,140,false],"2048x2048":["https:\/\/italcamara-es.com\/wp-content\/uploads\/2025\/03\/PalazzoGenerali250.jpg",250,140,false],"ocean-thumb-m":["https:\/\/italcamara-es.com\/wp-content\/uploads\/2025\/03\/PalazzoGenerali250.jpg",250,140,false],"ocean-thumb-ml":["https:\/\/italcamara-es.com\/wp-content\/uploads\/2025\/03\/PalazzoGenerali250.jpg",250,140,false],"ocean-thumb-l":["https:\/\/italcamara-es.com\/wp-content\/uploads\/2025\/03\/PalazzoGenerali250.jpg",250,140,false],"directorist_preview":["https:\/\/italcamara-es.com\/wp-content\/uploads\/2025\/03\/PalazzoGenerali250.jpg",250,140,false]},"rttpg_author":{"display_name":"administrador","author_link":"https:\/\/italcamara-es.com\/it\/author\/administrador\/"},"rttpg_comment":0,"rttpg_category":"<a href=\"https:\/\/italcamara-es.com\/it\/category\/notizie\/\" rel=\"category tag\">Notizie<\/a>","rttpg_excerpt":"La collaborazione consentir\u00e0 a Generali e Microsoft di rafforzare le posizioni di leadership nelle rispettive aree di business attraverso un programma condiviso incentrato sulla trasformazione digitale della Customers, Employees and Distribution experience, sull\u2019efficienza operativa e sull\u2019innovazione di prodotto. &nbsp; Il Gruppo Generali e Microsoft annunciano un accordo di Business Digital Transformation, volto a valorizzare l\u2019efficienza&hellip;","_links":{"self":[{"href":"https:\/\/italcamara-es.com\/it\/wp-json\/wp\/v2\/posts\/56933","targetHints":{"allow":["GET"]}}],"collection":[{"href":"https:\/\/italcamara-es.com\/it\/wp-json\/wp\/v2\/posts"}],"about":[{"href":"https:\/\/italcamara-es.com\/it\/wp-json\/wp\/v2\/types\/post"}],"author":[{"embeddable":true,"href":"https:\/\/italcamara-es.com\/it\/wp-json\/wp\/v2\/users\/1"}],"replies":[{"embeddable":true,"href":"https:\/\/italcamara-es.com\/it\/wp-json\/wp\/v2\/comments?post=56933"}],"version-history":[{"count":0,"href":"https:\/\/italcamara-es.com\/it\/wp-json\/wp\/v2\/posts\/56933\/revisions"}],"wp:featuredmedia":[{"embeddable":true,"href":"https:\/\/italcamara-es.com\/it\/wp-json\/wp\/v2\/media\/52489"}],"wp:attachment":[{"href":"https:\/\/italcamara-es.com\/it\/wp-json\/wp\/v2\/media?parent=56933"}],"wp:term":[{"taxonomy":"category","embeddable":true,"href":"https:\/\/italcamara-es.com\/it\/wp-json\/wp\/v2\/categories?post=56933"},{"taxonomy":"post_tag","embeddable":true,"href":"https:\/\/italcamara-es.com\/it\/wp-json\/wp\/v2\/tags?post=56933"}],"curies":[{"name":"wp","href":"https:\/\/api.w.org\/{rel}","templated":true}]}}