	{"id":56938,"date":"2017-02-10T11:26:43","date_gmt":"2017-02-10T10:26:43","guid":{"rendered":"http:\/\/pre.italcamara-es.com\/senza-categoria\/alleanza-tra-jcdecaux-e-cellnex-per-accelerare-il-lancio-delle-small-cells-e-dei-das-in-spagna-e-italia\/"},"modified":"2017-02-10T11:26:43","modified_gmt":"2017-02-10T10:26:43","slug":"alleanza-tra-jcdecaux-e-cellnex-per-accelerare-il-lancio-delle-small-cells-e-dei-das-in-spagna-e-italia","status":"publish","type":"post","link":"https:\/\/italcamara-es.com\/it\/notizie\/alleanza-tra-jcdecaux-e-cellnex-per-accelerare-il-lancio-delle-small-cells-e-dei-das-in-spagna-e-italia\/","title":{"rendered":"Alleanza tra JCDecaux e Cellnex per accelerare il lancio delle \u201csmall cells\u201d e dei DAS in Spagna e Italia"},"content":{"rendered":"<p><em>I due gruppi hanno raggiunto un accordo commerciale per offrire una soluzione globale agli operatori di rete d\u2019accesso e alle Amministrazioni Pubbliche per il lancio delle tecnologie \u201csmall cells\u201d e DAS che accelerer\u00e0 la densificazione e lo sviluppo dei servizi di tlc mobili a banda larga offerti dagli operatori.<\/em><\/p>\n<p>&nbsp;<br \/>\nJCDecaux, leader mondiale nella pubblicit\u00e0 esterna e Cellnex Telecom, operatore indipendente leader in Europa nelle infrastrutture di telecomunicazioni wireless, hanno firmato un accordo di collaborazione commerciale per accelerare il lancio delle nuove reti mobili a banda larga basate sulle tecnologie \u201csmall cells\u201d e DAS (sistema distribuito d\u2019antenna).<\/p>\n<p>&nbsp;<br \/>\nUna delle principali sfide per l\u2019attuale tecnologia 4G e la futura 5G \u00e8 l\u2019aumento esponenziale del traffico di dati mobili dovuto alla ricchezza dei contenuti e servizi offerti dagli operatori di rete d\u2019accesso e la capacit\u00e0 sviluppata dalla nuova generazione di terminali.<\/p>\n<p>&nbsp;<br \/>\n<strong>Sommare le capacit\u00e0 per offrire una soluzione globale agli operatori di telefonia mobile<\/strong><br \/>\nLe reti &#8220;small cells&#8221; e DAS hanno aumentato significativamente l\u2019attuale capacit\u00e0 di trasmissione dati offerta dagli operatori ai loro clienti grazie alla densificazione e ad una maggior capillarit\u00e0 dei dispositivi. Ci\u00f2 significa che le celle (aree) coperte da ogni antenna sono pi\u00f9 piccole e consentono dunque una miglior distribuzione del traffico dati tra gli utenti connessi e gli elementi di trasmissione.<\/p>\n<p>&nbsp;<\/p>\n<p>Per farlo, JCDecaux e Cellnex Telecom offriranno soluzioni congiunte ai loro clienti in Italia e Spagna per agevolare:<\/p>\n<ul>\n<li>da un lato, il lancio delle &#8220;small cells&#8221; negli arredi urbani che pu\u00f2 ospitare l\u2019attrezzatura, secondo la pianificazione elaborata dalle istituzioni e dai regolatori e altri attivi gestiti da JCDecaux nelle citt\u00e0 e in zone ad alto traffico (aeroporti, centri commerciali, stazioni), con la capacit\u00e0 di gestire l\u2019installazione e la manutenzione dei siti;<\/li>\n<li>e, dall\u2019altro, la definizione di un\u2019architettura di rete \u2013studiata da Cellnex \u2013 in grado di offrire una panoramica di tutti gli elementi dello spazio urbano, e dunque una soluzione ingegneristica globale cha vada dall\u2019identificazione e la scelta dei siti possibili \u2013 supporti pubblicitari, pensiline degli autobus, o altri elementi dell\u2019arredo urbano -, alla connettivit\u00e0 a questi elementi \u2013fibra, ponti microonde -, alle opere d\u2019ingegneria civile, operativit\u00e0 globale e manutenzione, etc.<\/li>\n<\/ul>\n<p>Tobias Martinez, CEO di Cellnex, dichiara: \u201cQuesta somma di capacit\u00e0 sfrutta al massimo la conoscenza e l\u2019esperienza di Cellnex Telecom nella gestione delle reti, sia in termini di infrastrutture passive sia in termini di elementi attivi. Questo potr\u00e0 massimizzare la capacit\u00e0 di ubicazione disponibile negli attivi degli arredi urbani gestiti da JCDecaux, integrandoli come componenti \u201ccore\u201d di una rete di \u201csmall cells\u201d e DAS che richiedono una concezione e pianificazione pi\u00f9 globale e integrata di quella offerta da una gestione individuale della sola parte di arredi urbani\u201d.<\/p>\n","protected":false},"excerpt":{"rendered":"<p>I due gruppi hanno raggiunto un accordo commerciale per offrire una soluzione globale agli operatori di rete d\u2019accesso e alle Amministrazioni Pubbliche per il lancio delle tecnologie \u201csmall cells\u201d e DAS che accelerer\u00e0 la densificazione e lo sviluppo dei servizi di tlc mobili a banda larga offerti dagli operatori. &nbsp; JCDecaux, leader mondiale nella pubblicit\u00e0 [&hellip;]<\/p>\n","protected":false},"author":1,"featured_media":52499,"comment_status":"open","ping_status":"open","sticky":false,"template":"","format":"standard","meta":{"inline_featured_image":false,"ocean_post_layout":"","ocean_both_sidebars_style":"","ocean_both_sidebars_content_width":0,"ocean_both_sidebars_sidebars_width":0,"ocean_sidebar":"","ocean_second_sidebar":"","ocean_disable_margins":"enable","ocean_add_body_class":"","ocean_shortcode_before_top_bar":"","ocean_shortcode_after_top_bar":"","ocean_shortcode_before_header":"","ocean_shortcode_after_header":"","ocean_has_shortcode":"","ocean_shortcode_after_title":"","ocean_shortcode_before_footer_widgets":"","ocean_shortcode_after_footer_widgets":"","ocean_shortcode_before_footer_bottom":"","ocean_shortcode_after_footer_bottom":"","ocean_display_top_bar":"default","ocean_display_header":"default","ocean_header_style":"","ocean_center_header_left_menu":"","ocean_custom_header_template":"","ocean_custom_logo":0,"ocean_custom_retina_logo":0,"ocean_custom_logo_max_width":0,"ocean_custom_logo_tablet_max_width":0,"ocean_custom_logo_mobile_max_width":0,"ocean_custom_logo_max_height":0,"ocean_custom_logo_tablet_max_height":0,"ocean_custom_logo_mobile_max_height":0,"ocean_header_custom_menu":"","ocean_menu_typo_font_family":"","ocean_menu_typo_font_subset":"","ocean_menu_typo_font_size":0,"ocean_menu_typo_font_size_tablet":0,"ocean_menu_typo_font_size_mobile":0,"ocean_menu_typo_font_size_unit":"px","ocean_menu_typo_font_weight":"","ocean_menu_typo_font_weight_tablet":"","ocean_menu_typo_font_weight_mobile":"","ocean_menu_typo_transform":"","ocean_menu_typo_transform_tablet":"","ocean_menu_typo_transform_mobile":"","ocean_menu_typo_line_height":0,"ocean_menu_typo_line_height_tablet":0,"ocean_menu_typo_line_height_mobile":0,"ocean_menu_typo_line_height_unit":"","ocean_menu_typo_spacing":0,"ocean_menu_typo_spacing_tablet":0,"ocean_menu_typo_spacing_mobile":0,"ocean_menu_typo_spacing_unit":"","ocean_menu_link_color":"","ocean_menu_link_color_hover":"","ocean_menu_link_color_active":"","ocean_menu_link_background":"","ocean_menu_link_hover_background":"","ocean_menu_link_active_background":"","ocean_menu_social_links_bg":"","ocean_menu_social_hover_links_bg":"","ocean_menu_social_links_color":"","ocean_menu_social_hover_links_color":"","ocean_disable_title":"default","ocean_disable_heading":"default","ocean_post_title":"","ocean_post_subheading":"","ocean_post_title_style":"","ocean_post_title_background_color":"","ocean_post_title_background":0,"ocean_post_title_bg_image_position":"","ocean_post_title_bg_image_attachment":"","ocean_post_title_bg_image_repeat":"","ocean_post_title_bg_image_size":"","ocean_post_title_height":0,"ocean_post_title_bg_overlay":0.5,"ocean_post_title_bg_overlay_color":"","ocean_disable_breadcrumbs":"default","ocean_breadcrumbs_color":"","ocean_breadcrumbs_separator_color":"","ocean_breadcrumbs_links_color":"","ocean_breadcrumbs_links_hover_color":"","ocean_display_footer_widgets":"default","ocean_display_footer_bottom":"default","ocean_custom_footer_template":"","ocean_post_oembed":"","ocean_post_self_hosted_media":"","ocean_post_video_embed":"","ocean_link_format":"","ocean_link_format_target":"self","ocean_quote_format":"","ocean_quote_format_link":"post","ocean_gallery_link_images":"on","ocean_gallery_id":[],"footnotes":""},"categories":[133],"tags":[],"class_list":["post-56938","post","type-post","status-publish","format-standard","has-post-thumbnail","hentry","category-notizie","entry","has-media"],"yoast_head":"<!-- This site is optimized with the Yoast SEO plugin v27.4 - https:\/\/yoast.com\/product\/yoast-seo-wordpress\/ -->\n<title>Alleanza tra JCDecaux e Cellnex per accelerare il lancio delle \u201csmall cells\u201d e dei DAS in Spagna e Italia - Italcamara<\/title>\n<meta name=\"robots\" content=\"index, follow, max-snippet:-1, max-image-preview:large, max-video-preview:-1\" \/>\n<link rel=\"canonical\" href=\"https:\/\/italcamara-es.com\/it\/notizie\/alleanza-tra-jcdecaux-e-cellnex-per-accelerare-il-lancio-delle-small-cells-e-dei-das-in-spagna-e-italia\/\" \/>\n<meta property=\"og:locale\" content=\"it_IT\" \/>\n<meta property=\"og:type\" content=\"article\" \/>\n<meta property=\"og:title\" content=\"Alleanza tra JCDecaux e Cellnex per accelerare il lancio delle \u201csmall cells\u201d e dei DAS in Spagna e Italia - Italcamara\" \/>\n<meta property=\"og:description\" content=\"I due gruppi hanno raggiunto un accordo commerciale per offrire una soluzione globale agli operatori di rete d\u2019accesso e alle Amministrazioni Pubbliche per il lancio delle tecnologie \u201csmall cells\u201d e DAS che accelerer\u00e0 la densificazione e lo sviluppo dei servizi di tlc mobili a banda larga offerti dagli operatori. &nbsp; JCDecaux, leader mondiale nella pubblicit\u00e0 [&hellip;]\" \/>\n<meta property=\"og:url\" content=\"https:\/\/italcamara-es.com\/it\/notizie\/alleanza-tra-jcdecaux-e-cellnex-per-accelerare-il-lancio-delle-small-cells-e-dei-das-in-spagna-e-italia\/\" \/>\n<meta property=\"og:site_name\" content=\"Italcamara\" \/>\n<meta property=\"article:published_time\" content=\"2017-02-10T10:26:43+00:00\" \/>\n<meta property=\"og:image\" content=\"https:\/\/italcamara-es.com\/wp-content\/uploads\/2025\/03\/Cellnex250-2.jpg\" \/>\n\t<meta property=\"og:image:width\" content=\"250\" \/>\n\t<meta property=\"og:image:height\" content=\"140\" \/>\n\t<meta property=\"og:image:type\" content=\"image\/jpeg\" \/>\n<meta name=\"author\" content=\"administrador\" \/>\n<meta name=\"twitter:card\" content=\"summary_large_image\" \/>\n<meta name=\"twitter:label1\" content=\"Scritto da\" \/>\n\t<meta name=\"twitter:data1\" content=\"administrador\" \/>\n\t<meta name=\"twitter:label2\" content=\"Tempo di lettura stimato\" \/>\n\t<meta name=\"twitter:data2\" content=\"2 minuti\" \/>\n<script type=\"application\/ld+json\" class=\"yoast-schema-graph\">{\"@context\":\"https:\\\/\\\/schema.org\",\"@graph\":[{\"@type\":\"Article\",\"@id\":\"https:\\\/\\\/italcamara-es.com\\\/it\\\/notizie\\\/alleanza-tra-jcdecaux-e-cellnex-per-accelerare-il-lancio-delle-small-cells-e-dei-das-in-spagna-e-italia\\\/#article\",\"isPartOf\":{\"@id\":\"https:\\\/\\\/italcamara-es.com\\\/it\\\/notizie\\\/alleanza-tra-jcdecaux-e-cellnex-per-accelerare-il-lancio-delle-small-cells-e-dei-das-in-spagna-e-italia\\\/\"},\"author\":{\"name\":\"administrador\",\"@id\":\"https:\\\/\\\/italcamara-es.com\\\/#\\\/schema\\\/person\\\/bb3c56263e405bbd9a15171dcfee93bb\"},\"headline\":\"Alleanza tra JCDecaux e Cellnex per accelerare il lancio delle \u201csmall cells\u201d e dei DAS in Spagna e Italia\",\"datePublished\":\"2017-02-10T10:26:43+00:00\",\"mainEntityOfPage\":{\"@id\":\"https:\\\/\\\/italcamara-es.com\\\/it\\\/notizie\\\/alleanza-tra-jcdecaux-e-cellnex-per-accelerare-il-lancio-delle-small-cells-e-dei-das-in-spagna-e-italia\\\/\"},\"wordCount\":474,\"commentCount\":0,\"image\":{\"@id\":\"https:\\\/\\\/italcamara-es.com\\\/it\\\/notizie\\\/alleanza-tra-jcdecaux-e-cellnex-per-accelerare-il-lancio-delle-small-cells-e-dei-das-in-spagna-e-italia\\\/#primaryimage\"},\"thumbnailUrl\":\"https:\\\/\\\/italcamara-es.com\\\/wp-content\\\/uploads\\\/2025\\\/03\\\/Cellnex250-2.jpg\",\"articleSection\":[\"Notizie\"],\"inLanguage\":\"it-IT\",\"potentialAction\":[{\"@type\":\"CommentAction\",\"name\":\"Comment\",\"target\":[\"https:\\\/\\\/italcamara-es.com\\\/it\\\/notizie\\\/alleanza-tra-jcdecaux-e-cellnex-per-accelerare-il-lancio-delle-small-cells-e-dei-das-in-spagna-e-italia\\\/#respond\"]}]},{\"@type\":\"WebPage\",\"@id\":\"https:\\\/\\\/italcamara-es.com\\\/it\\\/notizie\\\/alleanza-tra-jcdecaux-e-cellnex-per-accelerare-il-lancio-delle-small-cells-e-dei-das-in-spagna-e-italia\\\/\",\"url\":\"https:\\\/\\\/italcamara-es.com\\\/it\\\/notizie\\\/alleanza-tra-jcdecaux-e-cellnex-per-accelerare-il-lancio-delle-small-cells-e-dei-das-in-spagna-e-italia\\\/\",\"name\":\"Alleanza tra JCDecaux e Cellnex per accelerare il lancio delle \u201csmall cells\u201d e dei DAS in Spagna e Italia - Italcamara\",\"isPartOf\":{\"@id\":\"https:\\\/\\\/italcamara-es.com\\\/#website\"},\"primaryImageOfPage\":{\"@id\":\"https:\\\/\\\/italcamara-es.com\\\/it\\\/notizie\\\/alleanza-tra-jcdecaux-e-cellnex-per-accelerare-il-lancio-delle-small-cells-e-dei-das-in-spagna-e-italia\\\/#primaryimage\"},\"image\":{\"@id\":\"https:\\\/\\\/italcamara-es.com\\\/it\\\/notizie\\\/alleanza-tra-jcdecaux-e-cellnex-per-accelerare-il-lancio-delle-small-cells-e-dei-das-in-spagna-e-italia\\\/#primaryimage\"},\"thumbnailUrl\":\"https:\\\/\\\/italcamara-es.com\\\/wp-content\\\/uploads\\\/2025\\\/03\\\/Cellnex250-2.jpg\",\"datePublished\":\"2017-02-10T10:26:43+00:00\",\"author\":{\"@id\":\"https:\\\/\\\/italcamara-es.com\\\/#\\\/schema\\\/person\\\/bb3c56263e405bbd9a15171dcfee93bb\"},\"breadcrumb\":{\"@id\":\"https:\\\/\\\/italcamara-es.com\\\/it\\\/notizie\\\/alleanza-tra-jcdecaux-e-cellnex-per-accelerare-il-lancio-delle-small-cells-e-dei-das-in-spagna-e-italia\\\/#breadcrumb\"},\"inLanguage\":\"it-IT\",\"potentialAction\":[{\"@type\":\"ReadAction\",\"target\":[\"https:\\\/\\\/italcamara-es.com\\\/it\\\/notizie\\\/alleanza-tra-jcdecaux-e-cellnex-per-accelerare-il-lancio-delle-small-cells-e-dei-das-in-spagna-e-italia\\\/\"]}]},{\"@type\":\"ImageObject\",\"inLanguage\":\"it-IT\",\"@id\":\"https:\\\/\\\/italcamara-es.com\\\/it\\\/notizie\\\/alleanza-tra-jcdecaux-e-cellnex-per-accelerare-il-lancio-delle-small-cells-e-dei-das-in-spagna-e-italia\\\/#primaryimage\",\"url\":\"https:\\\/\\\/italcamara-es.com\\\/wp-content\\\/uploads\\\/2025\\\/03\\\/Cellnex250-2.jpg\",\"contentUrl\":\"https:\\\/\\\/italcamara-es.com\\\/wp-content\\\/uploads\\\/2025\\\/03\\\/Cellnex250-2.jpg\",\"width\":250,\"height\":140},{\"@type\":\"BreadcrumbList\",\"@id\":\"https:\\\/\\\/italcamara-es.com\\\/it\\\/notizie\\\/alleanza-tra-jcdecaux-e-cellnex-per-accelerare-il-lancio-delle-small-cells-e-dei-das-in-spagna-e-italia\\\/#breadcrumb\",\"itemListElement\":[{\"@type\":\"ListItem\",\"position\":1,\"name\":\"Inicio\",\"item\":\"https:\\\/\\\/italcamara-es.com\\\/it\\\/homepage-ita\\\/\"},{\"@type\":\"ListItem\",\"position\":2,\"name\":\"Alleanza tra JCDecaux e Cellnex per accelerare il lancio delle \u201csmall cells\u201d e dei DAS in Spagna e Italia\"}]},{\"@type\":\"WebSite\",\"@id\":\"https:\\\/\\\/italcamara-es.com\\\/#website\",\"url\":\"https:\\\/\\\/italcamara-es.com\\\/\",\"name\":\"Italcamara\",\"description\":\"\",\"potentialAction\":[{\"@type\":\"SearchAction\",\"target\":{\"@type\":\"EntryPoint\",\"urlTemplate\":\"https:\\\/\\\/italcamara-es.com\\\/?s={search_term_string}\"},\"query-input\":{\"@type\":\"PropertyValueSpecification\",\"valueRequired\":true,\"valueName\":\"search_term_string\"}}],\"inLanguage\":\"it-IT\"},{\"@type\":\"Person\",\"@id\":\"https:\\\/\\\/italcamara-es.com\\\/#\\\/schema\\\/person\\\/bb3c56263e405bbd9a15171dcfee93bb\",\"name\":\"administrador\",\"image\":{\"@type\":\"ImageObject\",\"inLanguage\":\"it-IT\",\"@id\":\"https:\\\/\\\/secure.gravatar.com\\\/avatar\\\/14b5e63db38320b12031bb28cf9f77e210aa71fb3a8a3602a3c9a05134fa75eb?s=96&d=mm&r=g\",\"url\":\"https:\\\/\\\/secure.gravatar.com\\\/avatar\\\/14b5e63db38320b12031bb28cf9f77e210aa71fb3a8a3602a3c9a05134fa75eb?s=96&d=mm&r=g\",\"contentUrl\":\"https:\\\/\\\/secure.gravatar.com\\\/avatar\\\/14b5e63db38320b12031bb28cf9f77e210aa71fb3a8a3602a3c9a05134fa75eb?s=96&d=mm&r=g\",\"caption\":\"administrador\"},\"sameAs\":[\"http:\\\/\\\/pre.italcamara-es.com\"],\"url\":\"https:\\\/\\\/italcamara-es.com\\\/it\\\/author\\\/administrador\\\/\"}]}<\/script>\n<!-- \/ Yoast SEO plugin. -->","yoast_head_json":{"title":"Alleanza tra JCDecaux e Cellnex per accelerare il lancio delle \u201csmall cells\u201d e dei DAS in Spagna e Italia - Italcamara","robots":{"index":"index","follow":"follow","max-snippet":"max-snippet:-1","max-image-preview":"max-image-preview:large","max-video-preview":"max-video-preview:-1"},"canonical":"https:\/\/italcamara-es.com\/it\/notizie\/alleanza-tra-jcdecaux-e-cellnex-per-accelerare-il-lancio-delle-small-cells-e-dei-das-in-spagna-e-italia\/","og_locale":"it_IT","og_type":"article","og_title":"Alleanza tra JCDecaux e Cellnex per accelerare il lancio delle \u201csmall cells\u201d e dei DAS in Spagna e Italia - Italcamara","og_description":"I due gruppi hanno raggiunto un accordo commerciale per offrire una soluzione globale agli operatori di rete d\u2019accesso e alle Amministrazioni Pubbliche per il lancio delle tecnologie \u201csmall cells\u201d e DAS che accelerer\u00e0 la densificazione e lo sviluppo dei servizi di tlc mobili a banda larga offerti dagli operatori. &nbsp; JCDecaux, leader mondiale nella pubblicit\u00e0 [&hellip;]","og_url":"https:\/\/italcamara-es.com\/it\/notizie\/alleanza-tra-jcdecaux-e-cellnex-per-accelerare-il-lancio-delle-small-cells-e-dei-das-in-spagna-e-italia\/","og_site_name":"Italcamara","article_published_time":"2017-02-10T10:26:43+00:00","og_image":[{"width":250,"height":140,"url":"https:\/\/italcamara-es.com\/wp-content\/uploads\/2025\/03\/Cellnex250-2.jpg","type":"image\/jpeg"}],"author":"administrador","twitter_card":"summary_large_image","twitter_misc":{"Scritto da":"administrador","Tempo di lettura stimato":"2 minuti"},"schema":{"@context":"https:\/\/schema.org","@graph":[{"@type":"Article","@id":"https:\/\/italcamara-es.com\/it\/notizie\/alleanza-tra-jcdecaux-e-cellnex-per-accelerare-il-lancio-delle-small-cells-e-dei-das-in-spagna-e-italia\/#article","isPartOf":{"@id":"https:\/\/italcamara-es.com\/it\/notizie\/alleanza-tra-jcdecaux-e-cellnex-per-accelerare-il-lancio-delle-small-cells-e-dei-das-in-spagna-e-italia\/"},"author":{"name":"administrador","@id":"https:\/\/italcamara-es.com\/#\/schema\/person\/bb3c56263e405bbd9a15171dcfee93bb"},"headline":"Alleanza tra JCDecaux e Cellnex per accelerare il lancio delle \u201csmall cells\u201d e dei DAS in Spagna e Italia","datePublished":"2017-02-10T10:26:43+00:00","mainEntityOfPage":{"@id":"https:\/\/italcamara-es.com\/it\/notizie\/alleanza-tra-jcdecaux-e-cellnex-per-accelerare-il-lancio-delle-small-cells-e-dei-das-in-spagna-e-italia\/"},"wordCount":474,"commentCount":0,"image":{"@id":"https:\/\/italcamara-es.com\/it\/notizie\/alleanza-tra-jcdecaux-e-cellnex-per-accelerare-il-lancio-delle-small-cells-e-dei-das-in-spagna-e-italia\/#primaryimage"},"thumbnailUrl":"https:\/\/italcamara-es.com\/wp-content\/uploads\/2025\/03\/Cellnex250-2.jpg","articleSection":["Notizie"],"inLanguage":"it-IT","potentialAction":[{"@type":"CommentAction","name":"Comment","target":["https:\/\/italcamara-es.com\/it\/notizie\/alleanza-tra-jcdecaux-e-cellnex-per-accelerare-il-lancio-delle-small-cells-e-dei-das-in-spagna-e-italia\/#respond"]}]},{"@type":"WebPage","@id":"https:\/\/italcamara-es.com\/it\/notizie\/alleanza-tra-jcdecaux-e-cellnex-per-accelerare-il-lancio-delle-small-cells-e-dei-das-in-spagna-e-italia\/","url":"https:\/\/italcamara-es.com\/it\/notizie\/alleanza-tra-jcdecaux-e-cellnex-per-accelerare-il-lancio-delle-small-cells-e-dei-das-in-spagna-e-italia\/","name":"Alleanza tra JCDecaux e Cellnex per accelerare il lancio delle \u201csmall cells\u201d e dei DAS in Spagna e Italia - Italcamara","isPartOf":{"@id":"https:\/\/italcamara-es.com\/#website"},"primaryImageOfPage":{"@id":"https:\/\/italcamara-es.com\/it\/notizie\/alleanza-tra-jcdecaux-e-cellnex-per-accelerare-il-lancio-delle-small-cells-e-dei-das-in-spagna-e-italia\/#primaryimage"},"image":{"@id":"https:\/\/italcamara-es.com\/it\/notizie\/alleanza-tra-jcdecaux-e-cellnex-per-accelerare-il-lancio-delle-small-cells-e-dei-das-in-spagna-e-italia\/#primaryimage"},"thumbnailUrl":"https:\/\/italcamara-es.com\/wp-content\/uploads\/2025\/03\/Cellnex250-2.jpg","datePublished":"2017-02-10T10:26:43+00:00","author":{"@id":"https:\/\/italcamara-es.com\/#\/schema\/person\/bb3c56263e405bbd9a15171dcfee93bb"},"breadcrumb":{"@id":"https:\/\/italcamara-es.com\/it\/notizie\/alleanza-tra-jcdecaux-e-cellnex-per-accelerare-il-lancio-delle-small-cells-e-dei-das-in-spagna-e-italia\/#breadcrumb"},"inLanguage":"it-IT","potentialAction":[{"@type":"ReadAction","target":["https:\/\/italcamara-es.com\/it\/notizie\/alleanza-tra-jcdecaux-e-cellnex-per-accelerare-il-lancio-delle-small-cells-e-dei-das-in-spagna-e-italia\/"]}]},{"@type":"ImageObject","inLanguage":"it-IT","@id":"https:\/\/italcamara-es.com\/it\/notizie\/alleanza-tra-jcdecaux-e-cellnex-per-accelerare-il-lancio-delle-small-cells-e-dei-das-in-spagna-e-italia\/#primaryimage","url":"https:\/\/italcamara-es.com\/wp-content\/uploads\/2025\/03\/Cellnex250-2.jpg","contentUrl":"https:\/\/italcamara-es.com\/wp-content\/uploads\/2025\/03\/Cellnex250-2.jpg","width":250,"height":140},{"@type":"BreadcrumbList","@id":"https:\/\/italcamara-es.com\/it\/notizie\/alleanza-tra-jcdecaux-e-cellnex-per-accelerare-il-lancio-delle-small-cells-e-dei-das-in-spagna-e-italia\/#breadcrumb","itemListElement":[{"@type":"ListItem","position":1,"name":"Inicio","item":"https:\/\/italcamara-es.com\/it\/homepage-ita\/"},{"@type":"ListItem","position":2,"name":"Alleanza tra JCDecaux e Cellnex per accelerare il lancio delle \u201csmall cells\u201d e dei DAS in Spagna e Italia"}]},{"@type":"WebSite","@id":"https:\/\/italcamara-es.com\/#website","url":"https:\/\/italcamara-es.com\/","name":"Italcamara","description":"","potentialAction":[{"@type":"SearchAction","target":{"@type":"EntryPoint","urlTemplate":"https:\/\/italcamara-es.com\/?s={search_term_string}"},"query-input":{"@type":"PropertyValueSpecification","valueRequired":true,"valueName":"search_term_string"}}],"inLanguage":"it-IT"},{"@type":"Person","@id":"https:\/\/italcamara-es.com\/#\/schema\/person\/bb3c56263e405bbd9a15171dcfee93bb","name":"administrador","image":{"@type":"ImageObject","inLanguage":"it-IT","@id":"https:\/\/secure.gravatar.com\/avatar\/14b5e63db38320b12031bb28cf9f77e210aa71fb3a8a3602a3c9a05134fa75eb?s=96&d=mm&r=g","url":"https:\/\/secure.gravatar.com\/avatar\/14b5e63db38320b12031bb28cf9f77e210aa71fb3a8a3602a3c9a05134fa75eb?s=96&d=mm&r=g","contentUrl":"https:\/\/secure.gravatar.com\/avatar\/14b5e63db38320b12031bb28cf9f77e210aa71fb3a8a3602a3c9a05134fa75eb?s=96&d=mm&r=g","caption":"administrador"},"sameAs":["http:\/\/pre.italcamara-es.com"],"url":"https:\/\/italcamara-es.com\/it\/author\/administrador\/"}]}},"rttpg_featured_image_url":{"full":["https:\/\/italcamara-es.com\/wp-content\/uploads\/2025\/03\/Cellnex250-2.jpg",250,140,false],"landscape":["https:\/\/italcamara-es.com\/wp-content\/uploads\/2025\/03\/Cellnex250-2.jpg",250,140,false],"portraits":["https:\/\/italcamara-es.com\/wp-content\/uploads\/2025\/03\/Cellnex250-2.jpg",250,140,false],"thumbnail":["https:\/\/italcamara-es.com\/wp-content\/uploads\/2025\/03\/Cellnex250-2-150x140.jpg",150,140,true],"medium":["https:\/\/italcamara-es.com\/wp-content\/uploads\/2025\/03\/Cellnex250-2.jpg",250,140,false],"large":["https:\/\/italcamara-es.com\/wp-content\/uploads\/2025\/03\/Cellnex250-2.jpg",250,140,false],"1536x1536":["https:\/\/italcamara-es.com\/wp-content\/uploads\/2025\/03\/Cellnex250-2.jpg",250,140,false],"2048x2048":["https:\/\/italcamara-es.com\/wp-content\/uploads\/2025\/03\/Cellnex250-2.jpg",250,140,false],"ocean-thumb-m":["https:\/\/italcamara-es.com\/wp-content\/uploads\/2025\/03\/Cellnex250-2.jpg",250,140,false],"ocean-thumb-ml":["https:\/\/italcamara-es.com\/wp-content\/uploads\/2025\/03\/Cellnex250-2.jpg",250,140,false],"ocean-thumb-l":["https:\/\/italcamara-es.com\/wp-content\/uploads\/2025\/03\/Cellnex250-2.jpg",250,140,false],"directorist_preview":["https:\/\/italcamara-es.com\/wp-content\/uploads\/2025\/03\/Cellnex250-2.jpg",250,140,false]},"rttpg_author":{"display_name":"administrador","author_link":"https:\/\/italcamara-es.com\/it\/author\/administrador\/"},"rttpg_comment":0,"rttpg_category":"<a href=\"https:\/\/italcamara-es.com\/it\/category\/notizie\/\" rel=\"category tag\">Notizie<\/a>","rttpg_excerpt":"I due gruppi hanno raggiunto un accordo commerciale per offrire una soluzione globale agli operatori di rete d\u2019accesso e alle Amministrazioni Pubbliche per il lancio delle tecnologie \u201csmall cells\u201d e DAS che accelerer\u00e0 la densificazione e lo sviluppo dei servizi di tlc mobili a banda larga offerti dagli operatori. &nbsp; JCDecaux, leader mondiale nella pubblicit\u00e0&hellip;","_links":{"self":[{"href":"https:\/\/italcamara-es.com\/it\/wp-json\/wp\/v2\/posts\/56938","targetHints":{"allow":["GET"]}}],"collection":[{"href":"https:\/\/italcamara-es.com\/it\/wp-json\/wp\/v2\/posts"}],"about":[{"href":"https:\/\/italcamara-es.com\/it\/wp-json\/wp\/v2\/types\/post"}],"author":[{"embeddable":true,"href":"https:\/\/italcamara-es.com\/it\/wp-json\/wp\/v2\/users\/1"}],"replies":[{"embeddable":true,"href":"https:\/\/italcamara-es.com\/it\/wp-json\/wp\/v2\/comments?post=56938"}],"version-history":[{"count":0,"href":"https:\/\/italcamara-es.com\/it\/wp-json\/wp\/v2\/posts\/56938\/revisions"}],"wp:featuredmedia":[{"embeddable":true,"href":"https:\/\/italcamara-es.com\/it\/wp-json\/wp\/v2\/media\/52499"}],"wp:attachment":[{"href":"https:\/\/italcamara-es.com\/it\/wp-json\/wp\/v2\/media?parent=56938"}],"wp:term":[{"taxonomy":"category","embeddable":true,"href":"https:\/\/italcamara-es.com\/it\/wp-json\/wp\/v2\/categories?post=56938"},{"taxonomy":"post_tag","embeddable":true,"href":"https:\/\/italcamara-es.com\/it\/wp-json\/wp\/v2\/tags?post=56938"}],"curies":[{"name":"wp","href":"https:\/\/api.w.org\/{rel}","templated":true}]}}