	{"id":56955,"date":"2017-07-18T08:35:10","date_gmt":"2017-07-18T06:35:10","guid":{"rendered":"http:\/\/pre.italcamara-es.com\/senza-categoria\/reale-seguros-rinnova-la-propria-direzione-territoriale-per-levante-ed-isole-baleari\/"},"modified":"2017-07-18T08:35:10","modified_gmt":"2017-07-18T06:35:10","slug":"reale-seguros-rinnova-la-propria-direzione-territoriale-per-levante-ed-isole-baleari","status":"publish","type":"post","link":"https:\/\/italcamara-es.com\/it\/notizie\/reale-seguros-rinnova-la-propria-direzione-territoriale-per-levante-ed-isole-baleari\/","title":{"rendered":"Reale Seguros rinnova la propria Direzione Territoriale per Levante ed Isole Baleari"},"content":{"rendered":"<p>Reale Seguros ha rinnovato la propria DirezioneTerritoriale per Levante ed Isole Baleari. Reale ha festeggiato la riapertura dei propri impianti lo scorso Gioved\u00ec 29 giugno nell\u2019edificio Veles e Vents. All\u2019evento, presentato dalla giornalista Laura Grande, hanno partecipato pi\u00f9 di 300 persone, tra cui il Consigliere Delegato, Ignacio Mariscal.<\/p>\n<p>&nbsp;<\/p>\n<p>Il miglioramento degli impianti \u2013 ubicati in Calle Tom\u00e1s Mota\u00f1ana, 29 \u2013 rientra nel piano di decentramento della compagnia, che vuole continuare a scommettere sul territorio e consolidare ancora di pi\u00f9 la propria presenza all\u2019interno della Comunit\u00e0 Valenciana. L\u2019ufficio rinnovato accoglie 55 impiegati ed occupa pi\u00f9 di 1.800 metri quadrati. Inoltre, \u00e8 il terzo distaccamento territoriale di Reale in Spagna per quanto riguarda il volume dei premi assicurativi con una fatturazione pari a 129 milioni di Euro.<\/p>\n<p>&nbsp;<\/p>\n<p>Reale Seguros dispone all\u2019interno della Comunit\u00e0 Valenciana di 4 succursali, pi\u00f9 di 40 agenzie e pi\u00f9 di 200.000 clienti. Reale \u00e8 la quarta compagnia assicurativa della Comunit\u00e0 in termini di fiducia dei valenciani per contrattare assicurazioni auto e la quanti per stipulare polizze sulla casa.<\/p>\n<p>&nbsp;<\/p>\n<p>La filosofia di Reale ha portato l\u2019impresa a legarsi al mondo sportivo. Tramite diversi patrocini, la compagnia assicurativa vuole potenziare valori positivi come lo sforzo ed il lavoro di squadra. Esempio di quanto appena detto sono le collaborazioni che ha instaurato con il Valencia Club de F\u00fatbol, la Federazione Spagnola di Golf e la Reale Avintia Racing di motociclismo. Inoltre, attraverso la Fondazione Reale, collabora con il programma Empresas con Valor de Casa Caridad Valencia.<\/p>\n","protected":false},"excerpt":{"rendered":"<p>Reale Seguros ha rinnovato la propria DirezioneTerritoriale per Levante ed Isole Baleari. Reale ha festeggiato la riapertura dei propri impianti lo scorso Gioved\u00ec 29 giugno nell\u2019edificio Veles e Vents. All\u2019evento, presentato dalla giornalista Laura Grande, hanno partecipato pi\u00f9 di 300 persone, tra cui il Consigliere Delegato, Ignacio Mariscal. &nbsp; Il miglioramento degli impianti \u2013 ubicati [&hellip;]<\/p>\n","protected":false},"author":1,"featured_media":52531,"comment_status":"open","ping_status":"open","sticky":false,"template":"","format":"standard","meta":{"inline_featured_image":false,"ocean_post_layout":"","ocean_both_sidebars_style":"","ocean_both_sidebars_content_width":0,"ocean_both_sidebars_sidebars_width":0,"ocean_sidebar":"","ocean_second_sidebar":"","ocean_disable_margins":"enable","ocean_add_body_class":"","ocean_shortcode_before_top_bar":"","ocean_shortcode_after_top_bar":"","ocean_shortcode_before_header":"","ocean_shortcode_after_header":"","ocean_has_shortcode":"","ocean_shortcode_after_title":"","ocean_shortcode_before_footer_widgets":"","ocean_shortcode_after_footer_widgets":"","ocean_shortcode_before_footer_bottom":"","ocean_shortcode_after_footer_bottom":"","ocean_display_top_bar":"default","ocean_display_header":"default","ocean_header_style":"","ocean_center_header_left_menu":"","ocean_custom_header_template":"","ocean_custom_logo":0,"ocean_custom_retina_logo":0,"ocean_custom_logo_max_width":0,"ocean_custom_logo_tablet_max_width":0,"ocean_custom_logo_mobile_max_width":0,"ocean_custom_logo_max_height":0,"ocean_custom_logo_tablet_max_height":0,"ocean_custom_logo_mobile_max_height":0,"ocean_header_custom_menu":"","ocean_menu_typo_font_family":"","ocean_menu_typo_font_subset":"","ocean_menu_typo_font_size":0,"ocean_menu_typo_font_size_tablet":0,"ocean_menu_typo_font_size_mobile":0,"ocean_menu_typo_font_size_unit":"px","ocean_menu_typo_font_weight":"","ocean_menu_typo_font_weight_tablet":"","ocean_menu_typo_font_weight_mobile":"","ocean_menu_typo_transform":"","ocean_menu_typo_transform_tablet":"","ocean_menu_typo_transform_mobile":"","ocean_menu_typo_line_height":0,"ocean_menu_typo_line_height_tablet":0,"ocean_menu_typo_line_height_mobile":0,"ocean_menu_typo_line_height_unit":"","ocean_menu_typo_spacing":0,"ocean_menu_typo_spacing_tablet":0,"ocean_menu_typo_spacing_mobile":0,"ocean_menu_typo_spacing_unit":"","ocean_menu_link_color":"","ocean_menu_link_color_hover":"","ocean_menu_link_color_active":"","ocean_menu_link_background":"","ocean_menu_link_hover_background":"","ocean_menu_link_active_background":"","ocean_menu_social_links_bg":"","ocean_menu_social_hover_links_bg":"","ocean_menu_social_links_color":"","ocean_menu_social_hover_links_color":"","ocean_disable_title":"default","ocean_disable_heading":"default","ocean_post_title":"","ocean_post_subheading":"","ocean_post_title_style":"","ocean_post_title_background_color":"","ocean_post_title_background":0,"ocean_post_title_bg_image_position":"","ocean_post_title_bg_image_attachment":"","ocean_post_title_bg_image_repeat":"","ocean_post_title_bg_image_size":"","ocean_post_title_height":0,"ocean_post_title_bg_overlay":0.5,"ocean_post_title_bg_overlay_color":"","ocean_disable_breadcrumbs":"default","ocean_breadcrumbs_color":"","ocean_breadcrumbs_separator_color":"","ocean_breadcrumbs_links_color":"","ocean_breadcrumbs_links_hover_color":"","ocean_display_footer_widgets":"default","ocean_display_footer_bottom":"default","ocean_custom_footer_template":"","ocean_post_oembed":"","ocean_post_self_hosted_media":"","ocean_post_video_embed":"","ocean_link_format":"","ocean_link_format_target":"self","ocean_quote_format":"","ocean_quote_format_link":"post","ocean_gallery_link_images":"on","ocean_gallery_id":[],"footnotes":""},"categories":[133],"tags":[],"class_list":["post-56955","post","type-post","status-publish","format-standard","has-post-thumbnail","hentry","category-notizie","entry","has-media"],"yoast_head":"<!-- This site is optimized with the Yoast SEO plugin v27.4 - https:\/\/yoast.com\/product\/yoast-seo-wordpress\/ -->\n<title>Reale Seguros rinnova la propria Direzione Territoriale per Levante ed Isole Baleari - Italcamara<\/title>\n<meta name=\"robots\" content=\"index, follow, max-snippet:-1, max-image-preview:large, max-video-preview:-1\" \/>\n<link rel=\"canonical\" href=\"https:\/\/italcamara-es.com\/it\/notizie\/reale-seguros-rinnova-la-propria-direzione-territoriale-per-levante-ed-isole-baleari\/\" \/>\n<meta property=\"og:locale\" content=\"it_IT\" \/>\n<meta property=\"og:type\" content=\"article\" \/>\n<meta property=\"og:title\" content=\"Reale Seguros rinnova la propria Direzione Territoriale per Levante ed Isole Baleari - Italcamara\" \/>\n<meta property=\"og:description\" content=\"Reale Seguros ha rinnovato la propria DirezioneTerritoriale per Levante ed Isole Baleari. Reale ha festeggiato la riapertura dei propri impianti lo scorso Gioved\u00ec 29 giugno nell\u2019edificio Veles e Vents. All\u2019evento, presentato dalla giornalista Laura Grande, hanno partecipato pi\u00f9 di 300 persone, tra cui il Consigliere Delegato, Ignacio Mariscal. &nbsp; Il miglioramento degli impianti \u2013 ubicati [&hellip;]\" \/>\n<meta property=\"og:url\" content=\"https:\/\/italcamara-es.com\/it\/notizie\/reale-seguros-rinnova-la-propria-direzione-territoriale-per-levante-ed-isole-baleari\/\" \/>\n<meta property=\"og:site_name\" content=\"Italcamara\" \/>\n<meta property=\"article:published_time\" content=\"2017-07-18T06:35:10+00:00\" \/>\n<meta property=\"og:image\" content=\"https:\/\/italcamara-es.com\/wp-content\/uploads\/2025\/03\/Reale-Seguros250.jpg\" \/>\n\t<meta property=\"og:image:width\" content=\"250\" \/>\n\t<meta property=\"og:image:height\" content=\"140\" \/>\n\t<meta property=\"og:image:type\" content=\"image\/jpeg\" \/>\n<meta name=\"author\" content=\"administrador\" \/>\n<meta name=\"twitter:card\" content=\"summary_large_image\" \/>\n<meta name=\"twitter:label1\" content=\"Scritto da\" \/>\n\t<meta name=\"twitter:data1\" content=\"administrador\" \/>\n\t<meta name=\"twitter:label2\" content=\"Tempo di lettura stimato\" \/>\n\t<meta name=\"twitter:data2\" content=\"1 minuto\" \/>\n<script type=\"application\/ld+json\" class=\"yoast-schema-graph\">{\"@context\":\"https:\\\/\\\/schema.org\",\"@graph\":[{\"@type\":\"Article\",\"@id\":\"https:\\\/\\\/italcamara-es.com\\\/it\\\/notizie\\\/reale-seguros-rinnova-la-propria-direzione-territoriale-per-levante-ed-isole-baleari\\\/#article\",\"isPartOf\":{\"@id\":\"https:\\\/\\\/italcamara-es.com\\\/it\\\/notizie\\\/reale-seguros-rinnova-la-propria-direzione-territoriale-per-levante-ed-isole-baleari\\\/\"},\"author\":{\"name\":\"administrador\",\"@id\":\"https:\\\/\\\/italcamara-es.com\\\/#\\\/schema\\\/person\\\/bb3c56263e405bbd9a15171dcfee93bb\"},\"headline\":\"Reale Seguros rinnova la propria Direzione Territoriale per Levante ed Isole Baleari\",\"datePublished\":\"2017-07-18T06:35:10+00:00\",\"mainEntityOfPage\":{\"@id\":\"https:\\\/\\\/italcamara-es.com\\\/it\\\/notizie\\\/reale-seguros-rinnova-la-propria-direzione-territoriale-per-levante-ed-isole-baleari\\\/\"},\"wordCount\":256,\"commentCount\":0,\"image\":{\"@id\":\"https:\\\/\\\/italcamara-es.com\\\/it\\\/notizie\\\/reale-seguros-rinnova-la-propria-direzione-territoriale-per-levante-ed-isole-baleari\\\/#primaryimage\"},\"thumbnailUrl\":\"https:\\\/\\\/italcamara-es.com\\\/wp-content\\\/uploads\\\/2025\\\/03\\\/Reale-Seguros250.jpg\",\"articleSection\":[\"Notizie\"],\"inLanguage\":\"it-IT\",\"potentialAction\":[{\"@type\":\"CommentAction\",\"name\":\"Comment\",\"target\":[\"https:\\\/\\\/italcamara-es.com\\\/it\\\/notizie\\\/reale-seguros-rinnova-la-propria-direzione-territoriale-per-levante-ed-isole-baleari\\\/#respond\"]}]},{\"@type\":\"WebPage\",\"@id\":\"https:\\\/\\\/italcamara-es.com\\\/it\\\/notizie\\\/reale-seguros-rinnova-la-propria-direzione-territoriale-per-levante-ed-isole-baleari\\\/\",\"url\":\"https:\\\/\\\/italcamara-es.com\\\/it\\\/notizie\\\/reale-seguros-rinnova-la-propria-direzione-territoriale-per-levante-ed-isole-baleari\\\/\",\"name\":\"Reale Seguros rinnova la propria Direzione Territoriale per Levante ed Isole Baleari - Italcamara\",\"isPartOf\":{\"@id\":\"https:\\\/\\\/italcamara-es.com\\\/#website\"},\"primaryImageOfPage\":{\"@id\":\"https:\\\/\\\/italcamara-es.com\\\/it\\\/notizie\\\/reale-seguros-rinnova-la-propria-direzione-territoriale-per-levante-ed-isole-baleari\\\/#primaryimage\"},\"image\":{\"@id\":\"https:\\\/\\\/italcamara-es.com\\\/it\\\/notizie\\\/reale-seguros-rinnova-la-propria-direzione-territoriale-per-levante-ed-isole-baleari\\\/#primaryimage\"},\"thumbnailUrl\":\"https:\\\/\\\/italcamara-es.com\\\/wp-content\\\/uploads\\\/2025\\\/03\\\/Reale-Seguros250.jpg\",\"datePublished\":\"2017-07-18T06:35:10+00:00\",\"author\":{\"@id\":\"https:\\\/\\\/italcamara-es.com\\\/#\\\/schema\\\/person\\\/bb3c56263e405bbd9a15171dcfee93bb\"},\"breadcrumb\":{\"@id\":\"https:\\\/\\\/italcamara-es.com\\\/it\\\/notizie\\\/reale-seguros-rinnova-la-propria-direzione-territoriale-per-levante-ed-isole-baleari\\\/#breadcrumb\"},\"inLanguage\":\"it-IT\",\"potentialAction\":[{\"@type\":\"ReadAction\",\"target\":[\"https:\\\/\\\/italcamara-es.com\\\/it\\\/notizie\\\/reale-seguros-rinnova-la-propria-direzione-territoriale-per-levante-ed-isole-baleari\\\/\"]}]},{\"@type\":\"ImageObject\",\"inLanguage\":\"it-IT\",\"@id\":\"https:\\\/\\\/italcamara-es.com\\\/it\\\/notizie\\\/reale-seguros-rinnova-la-propria-direzione-territoriale-per-levante-ed-isole-baleari\\\/#primaryimage\",\"url\":\"https:\\\/\\\/italcamara-es.com\\\/wp-content\\\/uploads\\\/2025\\\/03\\\/Reale-Seguros250.jpg\",\"contentUrl\":\"https:\\\/\\\/italcamara-es.com\\\/wp-content\\\/uploads\\\/2025\\\/03\\\/Reale-Seguros250.jpg\",\"width\":250,\"height\":140},{\"@type\":\"BreadcrumbList\",\"@id\":\"https:\\\/\\\/italcamara-es.com\\\/it\\\/notizie\\\/reale-seguros-rinnova-la-propria-direzione-territoriale-per-levante-ed-isole-baleari\\\/#breadcrumb\",\"itemListElement\":[{\"@type\":\"ListItem\",\"position\":1,\"name\":\"Inicio\",\"item\":\"https:\\\/\\\/italcamara-es.com\\\/it\\\/homepage-ita\\\/\"},{\"@type\":\"ListItem\",\"position\":2,\"name\":\"Reale Seguros rinnova la propria Direzione Territoriale per Levante ed Isole Baleari\"}]},{\"@type\":\"WebSite\",\"@id\":\"https:\\\/\\\/italcamara-es.com\\\/#website\",\"url\":\"https:\\\/\\\/italcamara-es.com\\\/\",\"name\":\"Italcamara\",\"description\":\"\",\"potentialAction\":[{\"@type\":\"SearchAction\",\"target\":{\"@type\":\"EntryPoint\",\"urlTemplate\":\"https:\\\/\\\/italcamara-es.com\\\/?s={search_term_string}\"},\"query-input\":{\"@type\":\"PropertyValueSpecification\",\"valueRequired\":true,\"valueName\":\"search_term_string\"}}],\"inLanguage\":\"it-IT\"},{\"@type\":\"Person\",\"@id\":\"https:\\\/\\\/italcamara-es.com\\\/#\\\/schema\\\/person\\\/bb3c56263e405bbd9a15171dcfee93bb\",\"name\":\"administrador\",\"image\":{\"@type\":\"ImageObject\",\"inLanguage\":\"it-IT\",\"@id\":\"https:\\\/\\\/secure.gravatar.com\\\/avatar\\\/14b5e63db38320b12031bb28cf9f77e210aa71fb3a8a3602a3c9a05134fa75eb?s=96&d=mm&r=g\",\"url\":\"https:\\\/\\\/secure.gravatar.com\\\/avatar\\\/14b5e63db38320b12031bb28cf9f77e210aa71fb3a8a3602a3c9a05134fa75eb?s=96&d=mm&r=g\",\"contentUrl\":\"https:\\\/\\\/secure.gravatar.com\\\/avatar\\\/14b5e63db38320b12031bb28cf9f77e210aa71fb3a8a3602a3c9a05134fa75eb?s=96&d=mm&r=g\",\"caption\":\"administrador\"},\"sameAs\":[\"http:\\\/\\\/pre.italcamara-es.com\"],\"url\":\"https:\\\/\\\/italcamara-es.com\\\/it\\\/author\\\/administrador\\\/\"}]}<\/script>\n<!-- \/ Yoast SEO plugin. -->","yoast_head_json":{"title":"Reale Seguros rinnova la propria Direzione Territoriale per Levante ed Isole Baleari - Italcamara","robots":{"index":"index","follow":"follow","max-snippet":"max-snippet:-1","max-image-preview":"max-image-preview:large","max-video-preview":"max-video-preview:-1"},"canonical":"https:\/\/italcamara-es.com\/it\/notizie\/reale-seguros-rinnova-la-propria-direzione-territoriale-per-levante-ed-isole-baleari\/","og_locale":"it_IT","og_type":"article","og_title":"Reale Seguros rinnova la propria Direzione Territoriale per Levante ed Isole Baleari - Italcamara","og_description":"Reale Seguros ha rinnovato la propria DirezioneTerritoriale per Levante ed Isole Baleari. Reale ha festeggiato la riapertura dei propri impianti lo scorso Gioved\u00ec 29 giugno nell\u2019edificio Veles e Vents. All\u2019evento, presentato dalla giornalista Laura Grande, hanno partecipato pi\u00f9 di 300 persone, tra cui il Consigliere Delegato, Ignacio Mariscal. &nbsp; Il miglioramento degli impianti \u2013 ubicati [&hellip;]","og_url":"https:\/\/italcamara-es.com\/it\/notizie\/reale-seguros-rinnova-la-propria-direzione-territoriale-per-levante-ed-isole-baleari\/","og_site_name":"Italcamara","article_published_time":"2017-07-18T06:35:10+00:00","og_image":[{"width":250,"height":140,"url":"https:\/\/italcamara-es.com\/wp-content\/uploads\/2025\/03\/Reale-Seguros250.jpg","type":"image\/jpeg"}],"author":"administrador","twitter_card":"summary_large_image","twitter_misc":{"Scritto da":"administrador","Tempo di lettura stimato":"1 minuto"},"schema":{"@context":"https:\/\/schema.org","@graph":[{"@type":"Article","@id":"https:\/\/italcamara-es.com\/it\/notizie\/reale-seguros-rinnova-la-propria-direzione-territoriale-per-levante-ed-isole-baleari\/#article","isPartOf":{"@id":"https:\/\/italcamara-es.com\/it\/notizie\/reale-seguros-rinnova-la-propria-direzione-territoriale-per-levante-ed-isole-baleari\/"},"author":{"name":"administrador","@id":"https:\/\/italcamara-es.com\/#\/schema\/person\/bb3c56263e405bbd9a15171dcfee93bb"},"headline":"Reale Seguros rinnova la propria Direzione Territoriale per Levante ed Isole Baleari","datePublished":"2017-07-18T06:35:10+00:00","mainEntityOfPage":{"@id":"https:\/\/italcamara-es.com\/it\/notizie\/reale-seguros-rinnova-la-propria-direzione-territoriale-per-levante-ed-isole-baleari\/"},"wordCount":256,"commentCount":0,"image":{"@id":"https:\/\/italcamara-es.com\/it\/notizie\/reale-seguros-rinnova-la-propria-direzione-territoriale-per-levante-ed-isole-baleari\/#primaryimage"},"thumbnailUrl":"https:\/\/italcamara-es.com\/wp-content\/uploads\/2025\/03\/Reale-Seguros250.jpg","articleSection":["Notizie"],"inLanguage":"it-IT","potentialAction":[{"@type":"CommentAction","name":"Comment","target":["https:\/\/italcamara-es.com\/it\/notizie\/reale-seguros-rinnova-la-propria-direzione-territoriale-per-levante-ed-isole-baleari\/#respond"]}]},{"@type":"WebPage","@id":"https:\/\/italcamara-es.com\/it\/notizie\/reale-seguros-rinnova-la-propria-direzione-territoriale-per-levante-ed-isole-baleari\/","url":"https:\/\/italcamara-es.com\/it\/notizie\/reale-seguros-rinnova-la-propria-direzione-territoriale-per-levante-ed-isole-baleari\/","name":"Reale Seguros rinnova la propria Direzione Territoriale per Levante ed Isole Baleari - Italcamara","isPartOf":{"@id":"https:\/\/italcamara-es.com\/#website"},"primaryImageOfPage":{"@id":"https:\/\/italcamara-es.com\/it\/notizie\/reale-seguros-rinnova-la-propria-direzione-territoriale-per-levante-ed-isole-baleari\/#primaryimage"},"image":{"@id":"https:\/\/italcamara-es.com\/it\/notizie\/reale-seguros-rinnova-la-propria-direzione-territoriale-per-levante-ed-isole-baleari\/#primaryimage"},"thumbnailUrl":"https:\/\/italcamara-es.com\/wp-content\/uploads\/2025\/03\/Reale-Seguros250.jpg","datePublished":"2017-07-18T06:35:10+00:00","author":{"@id":"https:\/\/italcamara-es.com\/#\/schema\/person\/bb3c56263e405bbd9a15171dcfee93bb"},"breadcrumb":{"@id":"https:\/\/italcamara-es.com\/it\/notizie\/reale-seguros-rinnova-la-propria-direzione-territoriale-per-levante-ed-isole-baleari\/#breadcrumb"},"inLanguage":"it-IT","potentialAction":[{"@type":"ReadAction","target":["https:\/\/italcamara-es.com\/it\/notizie\/reale-seguros-rinnova-la-propria-direzione-territoriale-per-levante-ed-isole-baleari\/"]}]},{"@type":"ImageObject","inLanguage":"it-IT","@id":"https:\/\/italcamara-es.com\/it\/notizie\/reale-seguros-rinnova-la-propria-direzione-territoriale-per-levante-ed-isole-baleari\/#primaryimage","url":"https:\/\/italcamara-es.com\/wp-content\/uploads\/2025\/03\/Reale-Seguros250.jpg","contentUrl":"https:\/\/italcamara-es.com\/wp-content\/uploads\/2025\/03\/Reale-Seguros250.jpg","width":250,"height":140},{"@type":"BreadcrumbList","@id":"https:\/\/italcamara-es.com\/it\/notizie\/reale-seguros-rinnova-la-propria-direzione-territoriale-per-levante-ed-isole-baleari\/#breadcrumb","itemListElement":[{"@type":"ListItem","position":1,"name":"Inicio","item":"https:\/\/italcamara-es.com\/it\/homepage-ita\/"},{"@type":"ListItem","position":2,"name":"Reale Seguros rinnova la propria Direzione Territoriale per Levante ed Isole Baleari"}]},{"@type":"WebSite","@id":"https:\/\/italcamara-es.com\/#website","url":"https:\/\/italcamara-es.com\/","name":"Italcamara","description":"","potentialAction":[{"@type":"SearchAction","target":{"@type":"EntryPoint","urlTemplate":"https:\/\/italcamara-es.com\/?s={search_term_string}"},"query-input":{"@type":"PropertyValueSpecification","valueRequired":true,"valueName":"search_term_string"}}],"inLanguage":"it-IT"},{"@type":"Person","@id":"https:\/\/italcamara-es.com\/#\/schema\/person\/bb3c56263e405bbd9a15171dcfee93bb","name":"administrador","image":{"@type":"ImageObject","inLanguage":"it-IT","@id":"https:\/\/secure.gravatar.com\/avatar\/14b5e63db38320b12031bb28cf9f77e210aa71fb3a8a3602a3c9a05134fa75eb?s=96&d=mm&r=g","url":"https:\/\/secure.gravatar.com\/avatar\/14b5e63db38320b12031bb28cf9f77e210aa71fb3a8a3602a3c9a05134fa75eb?s=96&d=mm&r=g","contentUrl":"https:\/\/secure.gravatar.com\/avatar\/14b5e63db38320b12031bb28cf9f77e210aa71fb3a8a3602a3c9a05134fa75eb?s=96&d=mm&r=g","caption":"administrador"},"sameAs":["http:\/\/pre.italcamara-es.com"],"url":"https:\/\/italcamara-es.com\/it\/author\/administrador\/"}]}},"rttpg_featured_image_url":{"full":["https:\/\/italcamara-es.com\/wp-content\/uploads\/2025\/03\/Reale-Seguros250.jpg",250,140,false],"landscape":["https:\/\/italcamara-es.com\/wp-content\/uploads\/2025\/03\/Reale-Seguros250.jpg",250,140,false],"portraits":["https:\/\/italcamara-es.com\/wp-content\/uploads\/2025\/03\/Reale-Seguros250.jpg",250,140,false],"thumbnail":["https:\/\/italcamara-es.com\/wp-content\/uploads\/2025\/03\/Reale-Seguros250-150x140.jpg",150,140,true],"medium":["https:\/\/italcamara-es.com\/wp-content\/uploads\/2025\/03\/Reale-Seguros250.jpg",250,140,false],"large":["https:\/\/italcamara-es.com\/wp-content\/uploads\/2025\/03\/Reale-Seguros250.jpg",250,140,false],"1536x1536":["https:\/\/italcamara-es.com\/wp-content\/uploads\/2025\/03\/Reale-Seguros250.jpg",250,140,false],"2048x2048":["https:\/\/italcamara-es.com\/wp-content\/uploads\/2025\/03\/Reale-Seguros250.jpg",250,140,false],"ocean-thumb-m":["https:\/\/italcamara-es.com\/wp-content\/uploads\/2025\/03\/Reale-Seguros250.jpg",250,140,false],"ocean-thumb-ml":["https:\/\/italcamara-es.com\/wp-content\/uploads\/2025\/03\/Reale-Seguros250.jpg",250,140,false],"ocean-thumb-l":["https:\/\/italcamara-es.com\/wp-content\/uploads\/2025\/03\/Reale-Seguros250.jpg",250,140,false],"directorist_preview":["https:\/\/italcamara-es.com\/wp-content\/uploads\/2025\/03\/Reale-Seguros250.jpg",250,140,false]},"rttpg_author":{"display_name":"administrador","author_link":"https:\/\/italcamara-es.com\/it\/author\/administrador\/"},"rttpg_comment":0,"rttpg_category":"<a href=\"https:\/\/italcamara-es.com\/it\/category\/notizie\/\" rel=\"category tag\">Notizie<\/a>","rttpg_excerpt":"Reale Seguros ha rinnovato la propria DirezioneTerritoriale per Levante ed Isole Baleari. Reale ha festeggiato la riapertura dei propri impianti lo scorso Gioved\u00ec 29 giugno nell\u2019edificio Veles e Vents. All\u2019evento, presentato dalla giornalista Laura Grande, hanno partecipato pi\u00f9 di 300 persone, tra cui il Consigliere Delegato, Ignacio Mariscal. &nbsp; Il miglioramento degli impianti \u2013 ubicati&hellip;","_links":{"self":[{"href":"https:\/\/italcamara-es.com\/it\/wp-json\/wp\/v2\/posts\/56955","targetHints":{"allow":["GET"]}}],"collection":[{"href":"https:\/\/italcamara-es.com\/it\/wp-json\/wp\/v2\/posts"}],"about":[{"href":"https:\/\/italcamara-es.com\/it\/wp-json\/wp\/v2\/types\/post"}],"author":[{"embeddable":true,"href":"https:\/\/italcamara-es.com\/it\/wp-json\/wp\/v2\/users\/1"}],"replies":[{"embeddable":true,"href":"https:\/\/italcamara-es.com\/it\/wp-json\/wp\/v2\/comments?post=56955"}],"version-history":[{"count":0,"href":"https:\/\/italcamara-es.com\/it\/wp-json\/wp\/v2\/posts\/56955\/revisions"}],"wp:featuredmedia":[{"embeddable":true,"href":"https:\/\/italcamara-es.com\/it\/wp-json\/wp\/v2\/media\/52531"}],"wp:attachment":[{"href":"https:\/\/italcamara-es.com\/it\/wp-json\/wp\/v2\/media?parent=56955"}],"wp:term":[{"taxonomy":"category","embeddable":true,"href":"https:\/\/italcamara-es.com\/it\/wp-json\/wp\/v2\/categories?post=56955"},{"taxonomy":"post_tag","embeddable":true,"href":"https:\/\/italcamara-es.com\/it\/wp-json\/wp\/v2\/tags?post=56955"}],"curies":[{"name":"wp","href":"https:\/\/api.w.org\/{rel}","templated":true}]}}