	{"id":56959,"date":"2017-10-05T15:41:34","date_gmt":"2017-10-05T13:41:34","guid":{"rendered":"http:\/\/pre.italcamara-es.com\/senza-categoria\/arriva-la-nuova-fiat-500l-city-cross\/"},"modified":"2017-10-05T15:41:34","modified_gmt":"2017-10-05T13:41:34","slug":"arriva-la-nuova-fiat-500l-city-cross","status":"publish","type":"post","link":"https:\/\/italcamara-es.com\/it\/notizie\/arriva-la-nuova-fiat-500l-city-cross\/","title":{"rendered":"Arriva la nuova Fiat 500L City Cross"},"content":{"rendered":"<p>Presso gli showroom Fiat, \u00e8 possibile ordinare la nuova <strong>Fiat 500L City Cross<\/strong> con cui &#8220;evadere&#8221; dalla routine quotidiana per immergersi in entusiasmanti avventure urbane. Si amplia cos\u00ec la gamma della nuova 500L che \u00e8 stata recentemente rinnovata diventando ancora pi\u00f9 500, dinamica e connessa. Peculiarit\u00e0 che, grazie a una combinazione unica di spazio e personalit\u00e0, consolideranno la sua indiscussa leadership europea che, in cinque anni dal lancio del modello, non ha mai smesso di rafforzarsi.<\/p>\n<p>&nbsp;<\/p>\n<p>Cos\u00ec a pochi mesi dal lancio della nuova 500L, che sta gi\u00e0 avendo grande successo, la gamma si arricchisce con la nuova versione City Cross che soddisfa un cliente alla ricerca di un crossover urbano. Lo dimostrano alcuni elementi esterni come i paraurti specifici con skidplate, l&#8217;audace griglia anteriore e l&#8217;assetto rialzato di 25 mm. Il tutto reso ancora pi\u00f9 sportivo dai nuovi elementi di colore nero: i cerchi in lega da 17&#8243; e calotte specchi, il tetto in contrasto, disponibile come optional, e modanature laterali e posteriori.<\/p>\n<p>&nbsp;<\/p>\n<p>La nuova 500L City Cross \u00e8 disponibile in 9 colori, pastello o metallizzati, ma la livrea che pi\u00f9 di tutte pone in risalto le sue peculiarit\u00e0 estetiche \u00e8 certamente il nuovo Arancio Sicilia, in abbinamento con il raffinato tetto nero che richiama i numerosi elementi della stessa tinta presenti sulla City Cross.<\/p>\n<p>&nbsp;<\/p>\n<p>Impronta giovane e funzionale all&#8217;interno dove spiccano l&#8217;avvolgente fascia plancia, disponibile nera o bianca, e gli ergonomici sedili con sedute in tessuto nero, impreziositi dalle cuciture bianche e dal logo &#8220;500&#8221;.<\/p>\n<p>&nbsp;<\/p>\n<p>A una forte caratterizzazione estetica corrisponde una ricca dotazione di serie: ABS, ESP, 6 airbag, climatizzatore manuale, cruise control, volante in techno pelle multifunzione, display a colori TFT da 3&#8217;5&#8243;, radio touchscreen UconnectTM HD LIVE con Bluetooth e controllo vocale, sedile posteriore frazionato 60\/40 e luci DRL a LED. Inoltre, a richiesta, il cliente pu\u00f2 dotare la propria 500L City Cross dell&#8217;innovativo UconnectTM HD Live ad alta risoluzione da 7&#8243;, disponibile anche con predisposizione Apple Car Play e compatibilit\u00e0 con Android AutoTM.<\/p>\n<p>&nbsp;<\/p>\n<p>La nuova Fiat 500L City Cross pu\u00f2 essere equipaggiata con i motori pi\u00f9 adeguati alle specifiche esigenze del cliente: i motori a benzina 1.4 16V da 95 CV, a doppia alimentazione benzina e GPL 1.4 TJet da 120 CV, diesel 1.3 MultiJet da 95 CV, anche con cambio Dualogic, e 1.6 MultiJet da 120 CV. Tutti i propulsori rispondono alla normativa Euro 6 e garantiscono un vantaggioso rapporto tra prestazioni e consumi.<\/p>\n<p>&nbsp;<\/p>\n<p>Infine, sono disponibili esclusivi pacchetti studiati ad hoc attraverso i quali ogni cliente potr\u00e0 personalizzare ulteriormente la propria 500L City Cross enfatizzandone le caratteristiche di connettivit\u00e0, comfort e sicurezza.<\/p>\n","protected":false},"excerpt":{"rendered":"<p>Presso gli showroom Fiat, \u00e8 possibile ordinare la nuova Fiat 500L City Cross con cui &#8220;evadere&#8221; dalla routine quotidiana per immergersi in entusiasmanti avventure urbane. Si amplia cos\u00ec la gamma della nuova 500L che \u00e8 stata recentemente rinnovata diventando ancora pi\u00f9 500, dinamica e connessa. Peculiarit\u00e0 che, grazie a una combinazione unica di spazio e [&hellip;]<\/p>\n","protected":false},"author":1,"featured_media":52539,"comment_status":"open","ping_status":"open","sticky":false,"template":"","format":"standard","meta":{"inline_featured_image":false,"ocean_post_layout":"","ocean_both_sidebars_style":"","ocean_both_sidebars_content_width":0,"ocean_both_sidebars_sidebars_width":0,"ocean_sidebar":"","ocean_second_sidebar":"","ocean_disable_margins":"enable","ocean_add_body_class":"","ocean_shortcode_before_top_bar":"","ocean_shortcode_after_top_bar":"","ocean_shortcode_before_header":"","ocean_shortcode_after_header":"","ocean_has_shortcode":"","ocean_shortcode_after_title":"","ocean_shortcode_before_footer_widgets":"","ocean_shortcode_after_footer_widgets":"","ocean_shortcode_before_footer_bottom":"","ocean_shortcode_after_footer_bottom":"","ocean_display_top_bar":"default","ocean_display_header":"default","ocean_header_style":"","ocean_center_header_left_menu":"","ocean_custom_header_template":"","ocean_custom_logo":0,"ocean_custom_retina_logo":0,"ocean_custom_logo_max_width":0,"ocean_custom_logo_tablet_max_width":0,"ocean_custom_logo_mobile_max_width":0,"ocean_custom_logo_max_height":0,"ocean_custom_logo_tablet_max_height":0,"ocean_custom_logo_mobile_max_height":0,"ocean_header_custom_menu":"","ocean_menu_typo_font_family":"","ocean_menu_typo_font_subset":"","ocean_menu_typo_font_size":0,"ocean_menu_typo_font_size_tablet":0,"ocean_menu_typo_font_size_mobile":0,"ocean_menu_typo_font_size_unit":"px","ocean_menu_typo_font_weight":"","ocean_menu_typo_font_weight_tablet":"","ocean_menu_typo_font_weight_mobile":"","ocean_menu_typo_transform":"","ocean_menu_typo_transform_tablet":"","ocean_menu_typo_transform_mobile":"","ocean_menu_typo_line_height":0,"ocean_menu_typo_line_height_tablet":0,"ocean_menu_typo_line_height_mobile":0,"ocean_menu_typo_line_height_unit":"","ocean_menu_typo_spacing":0,"ocean_menu_typo_spacing_tablet":0,"ocean_menu_typo_spacing_mobile":0,"ocean_menu_typo_spacing_unit":"","ocean_menu_link_color":"","ocean_menu_link_color_hover":"","ocean_menu_link_color_active":"","ocean_menu_link_background":"","ocean_menu_link_hover_background":"","ocean_menu_link_active_background":"","ocean_menu_social_links_bg":"","ocean_menu_social_hover_links_bg":"","ocean_menu_social_links_color":"","ocean_menu_social_hover_links_color":"","ocean_disable_title":"default","ocean_disable_heading":"default","ocean_post_title":"","ocean_post_subheading":"","ocean_post_title_style":"","ocean_post_title_background_color":"","ocean_post_title_background":0,"ocean_post_title_bg_image_position":"","ocean_post_title_bg_image_attachment":"","ocean_post_title_bg_image_repeat":"","ocean_post_title_bg_image_size":"","ocean_post_title_height":0,"ocean_post_title_bg_overlay":0.5,"ocean_post_title_bg_overlay_color":"","ocean_disable_breadcrumbs":"default","ocean_breadcrumbs_color":"","ocean_breadcrumbs_separator_color":"","ocean_breadcrumbs_links_color":"","ocean_breadcrumbs_links_hover_color":"","ocean_display_footer_widgets":"default","ocean_display_footer_bottom":"default","ocean_custom_footer_template":"","ocean_post_oembed":"","ocean_post_self_hosted_media":"","ocean_post_video_embed":"","ocean_link_format":"","ocean_link_format_target":"self","ocean_quote_format":"","ocean_quote_format_link":"post","ocean_gallery_link_images":"on","ocean_gallery_id":[],"footnotes":""},"categories":[133],"tags":[],"class_list":["post-56959","post","type-post","status-publish","format-standard","has-post-thumbnail","hentry","category-notizie","entry","has-media"],"yoast_head":"<!-- This site is optimized with the Yoast SEO plugin v27.4 - https:\/\/yoast.com\/product\/yoast-seo-wordpress\/ -->\n<title>Arriva la nuova Fiat 500L City Cross - Italcamara<\/title>\n<meta name=\"robots\" content=\"index, follow, max-snippet:-1, max-image-preview:large, max-video-preview:-1\" \/>\n<link rel=\"canonical\" href=\"https:\/\/italcamara-es.com\/it\/notizie\/arriva-la-nuova-fiat-500l-city-cross\/\" \/>\n<meta property=\"og:locale\" content=\"it_IT\" \/>\n<meta property=\"og:type\" content=\"article\" \/>\n<meta property=\"og:title\" content=\"Arriva la nuova Fiat 500L City Cross - Italcamara\" \/>\n<meta property=\"og:description\" content=\"Presso gli showroom Fiat, \u00e8 possibile ordinare la nuova Fiat 500L City Cross con cui &#8220;evadere&#8221; dalla routine quotidiana per immergersi in entusiasmanti avventure urbane. Si amplia cos\u00ec la gamma della nuova 500L che \u00e8 stata recentemente rinnovata diventando ancora pi\u00f9 500, dinamica e connessa. Peculiarit\u00e0 che, grazie a una combinazione unica di spazio e [&hellip;]\" \/>\n<meta property=\"og:url\" content=\"https:\/\/italcamara-es.com\/it\/notizie\/arriva-la-nuova-fiat-500l-city-cross\/\" \/>\n<meta property=\"og:site_name\" content=\"Italcamara\" \/>\n<meta property=\"article:published_time\" content=\"2017-10-05T13:41:34+00:00\" \/>\n<meta property=\"og:image\" content=\"https:\/\/italcamara-es.com\/wp-content\/uploads\/2025\/03\/Fiat250-5.jpg\" \/>\n\t<meta property=\"og:image:width\" content=\"250\" \/>\n\t<meta property=\"og:image:height\" content=\"138\" \/>\n\t<meta property=\"og:image:type\" content=\"image\/jpeg\" \/>\n<meta name=\"author\" content=\"administrador\" \/>\n<meta name=\"twitter:card\" content=\"summary_large_image\" \/>\n<meta name=\"twitter:label1\" content=\"Scritto da\" \/>\n\t<meta name=\"twitter:data1\" content=\"administrador\" \/>\n\t<meta name=\"twitter:label2\" content=\"Tempo di lettura stimato\" \/>\n\t<meta name=\"twitter:data2\" content=\"2 minuti\" \/>\n<script type=\"application\/ld+json\" class=\"yoast-schema-graph\">{\"@context\":\"https:\\\/\\\/schema.org\",\"@graph\":[{\"@type\":\"Article\",\"@id\":\"https:\\\/\\\/italcamara-es.com\\\/it\\\/notizie\\\/arriva-la-nuova-fiat-500l-city-cross\\\/#article\",\"isPartOf\":{\"@id\":\"https:\\\/\\\/italcamara-es.com\\\/it\\\/notizie\\\/arriva-la-nuova-fiat-500l-city-cross\\\/\"},\"author\":{\"name\":\"administrador\",\"@id\":\"https:\\\/\\\/italcamara-es.com\\\/#\\\/schema\\\/person\\\/bb3c56263e405bbd9a15171dcfee93bb\"},\"headline\":\"Arriva la nuova Fiat 500L City Cross\",\"datePublished\":\"2017-10-05T13:41:34+00:00\",\"mainEntityOfPage\":{\"@id\":\"https:\\\/\\\/italcamara-es.com\\\/it\\\/notizie\\\/arriva-la-nuova-fiat-500l-city-cross\\\/\"},\"wordCount\":426,\"commentCount\":0,\"image\":{\"@id\":\"https:\\\/\\\/italcamara-es.com\\\/it\\\/notizie\\\/arriva-la-nuova-fiat-500l-city-cross\\\/#primaryimage\"},\"thumbnailUrl\":\"https:\\\/\\\/italcamara-es.com\\\/wp-content\\\/uploads\\\/2025\\\/03\\\/Fiat250-5.jpg\",\"articleSection\":[\"Notizie\"],\"inLanguage\":\"it-IT\",\"potentialAction\":[{\"@type\":\"CommentAction\",\"name\":\"Comment\",\"target\":[\"https:\\\/\\\/italcamara-es.com\\\/it\\\/notizie\\\/arriva-la-nuova-fiat-500l-city-cross\\\/#respond\"]}]},{\"@type\":\"WebPage\",\"@id\":\"https:\\\/\\\/italcamara-es.com\\\/it\\\/notizie\\\/arriva-la-nuova-fiat-500l-city-cross\\\/\",\"url\":\"https:\\\/\\\/italcamara-es.com\\\/it\\\/notizie\\\/arriva-la-nuova-fiat-500l-city-cross\\\/\",\"name\":\"Arriva la nuova Fiat 500L City Cross - Italcamara\",\"isPartOf\":{\"@id\":\"https:\\\/\\\/italcamara-es.com\\\/#website\"},\"primaryImageOfPage\":{\"@id\":\"https:\\\/\\\/italcamara-es.com\\\/it\\\/notizie\\\/arriva-la-nuova-fiat-500l-city-cross\\\/#primaryimage\"},\"image\":{\"@id\":\"https:\\\/\\\/italcamara-es.com\\\/it\\\/notizie\\\/arriva-la-nuova-fiat-500l-city-cross\\\/#primaryimage\"},\"thumbnailUrl\":\"https:\\\/\\\/italcamara-es.com\\\/wp-content\\\/uploads\\\/2025\\\/03\\\/Fiat250-5.jpg\",\"datePublished\":\"2017-10-05T13:41:34+00:00\",\"author\":{\"@id\":\"https:\\\/\\\/italcamara-es.com\\\/#\\\/schema\\\/person\\\/bb3c56263e405bbd9a15171dcfee93bb\"},\"breadcrumb\":{\"@id\":\"https:\\\/\\\/italcamara-es.com\\\/it\\\/notizie\\\/arriva-la-nuova-fiat-500l-city-cross\\\/#breadcrumb\"},\"inLanguage\":\"it-IT\",\"potentialAction\":[{\"@type\":\"ReadAction\",\"target\":[\"https:\\\/\\\/italcamara-es.com\\\/it\\\/notizie\\\/arriva-la-nuova-fiat-500l-city-cross\\\/\"]}]},{\"@type\":\"ImageObject\",\"inLanguage\":\"it-IT\",\"@id\":\"https:\\\/\\\/italcamara-es.com\\\/it\\\/notizie\\\/arriva-la-nuova-fiat-500l-city-cross\\\/#primaryimage\",\"url\":\"https:\\\/\\\/italcamara-es.com\\\/wp-content\\\/uploads\\\/2025\\\/03\\\/Fiat250-5.jpg\",\"contentUrl\":\"https:\\\/\\\/italcamara-es.com\\\/wp-content\\\/uploads\\\/2025\\\/03\\\/Fiat250-5.jpg\",\"width\":250,\"height\":138},{\"@type\":\"BreadcrumbList\",\"@id\":\"https:\\\/\\\/italcamara-es.com\\\/it\\\/notizie\\\/arriva-la-nuova-fiat-500l-city-cross\\\/#breadcrumb\",\"itemListElement\":[{\"@type\":\"ListItem\",\"position\":1,\"name\":\"Inicio\",\"item\":\"https:\\\/\\\/italcamara-es.com\\\/it\\\/homepage-ita\\\/\"},{\"@type\":\"ListItem\",\"position\":2,\"name\":\"Arriva la nuova Fiat 500L City Cross\"}]},{\"@type\":\"WebSite\",\"@id\":\"https:\\\/\\\/italcamara-es.com\\\/#website\",\"url\":\"https:\\\/\\\/italcamara-es.com\\\/\",\"name\":\"Italcamara\",\"description\":\"\",\"potentialAction\":[{\"@type\":\"SearchAction\",\"target\":{\"@type\":\"EntryPoint\",\"urlTemplate\":\"https:\\\/\\\/italcamara-es.com\\\/?s={search_term_string}\"},\"query-input\":{\"@type\":\"PropertyValueSpecification\",\"valueRequired\":true,\"valueName\":\"search_term_string\"}}],\"inLanguage\":\"it-IT\"},{\"@type\":\"Person\",\"@id\":\"https:\\\/\\\/italcamara-es.com\\\/#\\\/schema\\\/person\\\/bb3c56263e405bbd9a15171dcfee93bb\",\"name\":\"administrador\",\"image\":{\"@type\":\"ImageObject\",\"inLanguage\":\"it-IT\",\"@id\":\"https:\\\/\\\/secure.gravatar.com\\\/avatar\\\/14b5e63db38320b12031bb28cf9f77e210aa71fb3a8a3602a3c9a05134fa75eb?s=96&d=mm&r=g\",\"url\":\"https:\\\/\\\/secure.gravatar.com\\\/avatar\\\/14b5e63db38320b12031bb28cf9f77e210aa71fb3a8a3602a3c9a05134fa75eb?s=96&d=mm&r=g\",\"contentUrl\":\"https:\\\/\\\/secure.gravatar.com\\\/avatar\\\/14b5e63db38320b12031bb28cf9f77e210aa71fb3a8a3602a3c9a05134fa75eb?s=96&d=mm&r=g\",\"caption\":\"administrador\"},\"sameAs\":[\"http:\\\/\\\/pre.italcamara-es.com\"],\"url\":\"https:\\\/\\\/italcamara-es.com\\\/it\\\/author\\\/administrador\\\/\"}]}<\/script>\n<!-- \/ Yoast SEO plugin. -->","yoast_head_json":{"title":"Arriva la nuova Fiat 500L City Cross - Italcamara","robots":{"index":"index","follow":"follow","max-snippet":"max-snippet:-1","max-image-preview":"max-image-preview:large","max-video-preview":"max-video-preview:-1"},"canonical":"https:\/\/italcamara-es.com\/it\/notizie\/arriva-la-nuova-fiat-500l-city-cross\/","og_locale":"it_IT","og_type":"article","og_title":"Arriva la nuova Fiat 500L City Cross - Italcamara","og_description":"Presso gli showroom Fiat, \u00e8 possibile ordinare la nuova Fiat 500L City Cross con cui &#8220;evadere&#8221; dalla routine quotidiana per immergersi in entusiasmanti avventure urbane. Si amplia cos\u00ec la gamma della nuova 500L che \u00e8 stata recentemente rinnovata diventando ancora pi\u00f9 500, dinamica e connessa. Peculiarit\u00e0 che, grazie a una combinazione unica di spazio e [&hellip;]","og_url":"https:\/\/italcamara-es.com\/it\/notizie\/arriva-la-nuova-fiat-500l-city-cross\/","og_site_name":"Italcamara","article_published_time":"2017-10-05T13:41:34+00:00","og_image":[{"width":250,"height":138,"url":"https:\/\/italcamara-es.com\/wp-content\/uploads\/2025\/03\/Fiat250-5.jpg","type":"image\/jpeg"}],"author":"administrador","twitter_card":"summary_large_image","twitter_misc":{"Scritto da":"administrador","Tempo di lettura stimato":"2 minuti"},"schema":{"@context":"https:\/\/schema.org","@graph":[{"@type":"Article","@id":"https:\/\/italcamara-es.com\/it\/notizie\/arriva-la-nuova-fiat-500l-city-cross\/#article","isPartOf":{"@id":"https:\/\/italcamara-es.com\/it\/notizie\/arriva-la-nuova-fiat-500l-city-cross\/"},"author":{"name":"administrador","@id":"https:\/\/italcamara-es.com\/#\/schema\/person\/bb3c56263e405bbd9a15171dcfee93bb"},"headline":"Arriva la nuova Fiat 500L City Cross","datePublished":"2017-10-05T13:41:34+00:00","mainEntityOfPage":{"@id":"https:\/\/italcamara-es.com\/it\/notizie\/arriva-la-nuova-fiat-500l-city-cross\/"},"wordCount":426,"commentCount":0,"image":{"@id":"https:\/\/italcamara-es.com\/it\/notizie\/arriva-la-nuova-fiat-500l-city-cross\/#primaryimage"},"thumbnailUrl":"https:\/\/italcamara-es.com\/wp-content\/uploads\/2025\/03\/Fiat250-5.jpg","articleSection":["Notizie"],"inLanguage":"it-IT","potentialAction":[{"@type":"CommentAction","name":"Comment","target":["https:\/\/italcamara-es.com\/it\/notizie\/arriva-la-nuova-fiat-500l-city-cross\/#respond"]}]},{"@type":"WebPage","@id":"https:\/\/italcamara-es.com\/it\/notizie\/arriva-la-nuova-fiat-500l-city-cross\/","url":"https:\/\/italcamara-es.com\/it\/notizie\/arriva-la-nuova-fiat-500l-city-cross\/","name":"Arriva la nuova Fiat 500L City Cross - Italcamara","isPartOf":{"@id":"https:\/\/italcamara-es.com\/#website"},"primaryImageOfPage":{"@id":"https:\/\/italcamara-es.com\/it\/notizie\/arriva-la-nuova-fiat-500l-city-cross\/#primaryimage"},"image":{"@id":"https:\/\/italcamara-es.com\/it\/notizie\/arriva-la-nuova-fiat-500l-city-cross\/#primaryimage"},"thumbnailUrl":"https:\/\/italcamara-es.com\/wp-content\/uploads\/2025\/03\/Fiat250-5.jpg","datePublished":"2017-10-05T13:41:34+00:00","author":{"@id":"https:\/\/italcamara-es.com\/#\/schema\/person\/bb3c56263e405bbd9a15171dcfee93bb"},"breadcrumb":{"@id":"https:\/\/italcamara-es.com\/it\/notizie\/arriva-la-nuova-fiat-500l-city-cross\/#breadcrumb"},"inLanguage":"it-IT","potentialAction":[{"@type":"ReadAction","target":["https:\/\/italcamara-es.com\/it\/notizie\/arriva-la-nuova-fiat-500l-city-cross\/"]}]},{"@type":"ImageObject","inLanguage":"it-IT","@id":"https:\/\/italcamara-es.com\/it\/notizie\/arriva-la-nuova-fiat-500l-city-cross\/#primaryimage","url":"https:\/\/italcamara-es.com\/wp-content\/uploads\/2025\/03\/Fiat250-5.jpg","contentUrl":"https:\/\/italcamara-es.com\/wp-content\/uploads\/2025\/03\/Fiat250-5.jpg","width":250,"height":138},{"@type":"BreadcrumbList","@id":"https:\/\/italcamara-es.com\/it\/notizie\/arriva-la-nuova-fiat-500l-city-cross\/#breadcrumb","itemListElement":[{"@type":"ListItem","position":1,"name":"Inicio","item":"https:\/\/italcamara-es.com\/it\/homepage-ita\/"},{"@type":"ListItem","position":2,"name":"Arriva la nuova Fiat 500L City Cross"}]},{"@type":"WebSite","@id":"https:\/\/italcamara-es.com\/#website","url":"https:\/\/italcamara-es.com\/","name":"Italcamara","description":"","potentialAction":[{"@type":"SearchAction","target":{"@type":"EntryPoint","urlTemplate":"https:\/\/italcamara-es.com\/?s={search_term_string}"},"query-input":{"@type":"PropertyValueSpecification","valueRequired":true,"valueName":"search_term_string"}}],"inLanguage":"it-IT"},{"@type":"Person","@id":"https:\/\/italcamara-es.com\/#\/schema\/person\/bb3c56263e405bbd9a15171dcfee93bb","name":"administrador","image":{"@type":"ImageObject","inLanguage":"it-IT","@id":"https:\/\/secure.gravatar.com\/avatar\/14b5e63db38320b12031bb28cf9f77e210aa71fb3a8a3602a3c9a05134fa75eb?s=96&d=mm&r=g","url":"https:\/\/secure.gravatar.com\/avatar\/14b5e63db38320b12031bb28cf9f77e210aa71fb3a8a3602a3c9a05134fa75eb?s=96&d=mm&r=g","contentUrl":"https:\/\/secure.gravatar.com\/avatar\/14b5e63db38320b12031bb28cf9f77e210aa71fb3a8a3602a3c9a05134fa75eb?s=96&d=mm&r=g","caption":"administrador"},"sameAs":["http:\/\/pre.italcamara-es.com"],"url":"https:\/\/italcamara-es.com\/it\/author\/administrador\/"}]}},"rttpg_featured_image_url":{"full":["https:\/\/italcamara-es.com\/wp-content\/uploads\/2025\/03\/Fiat250-5.jpg",250,138,false],"landscape":["https:\/\/italcamara-es.com\/wp-content\/uploads\/2025\/03\/Fiat250-5.jpg",250,138,false],"portraits":["https:\/\/italcamara-es.com\/wp-content\/uploads\/2025\/03\/Fiat250-5.jpg",250,138,false],"thumbnail":["https:\/\/italcamara-es.com\/wp-content\/uploads\/2025\/03\/Fiat250-5-150x138.jpg",150,138,true],"medium":["https:\/\/italcamara-es.com\/wp-content\/uploads\/2025\/03\/Fiat250-5.jpg",250,138,false],"large":["https:\/\/italcamara-es.com\/wp-content\/uploads\/2025\/03\/Fiat250-5.jpg",250,138,false],"1536x1536":["https:\/\/italcamara-es.com\/wp-content\/uploads\/2025\/03\/Fiat250-5.jpg",250,138,false],"2048x2048":["https:\/\/italcamara-es.com\/wp-content\/uploads\/2025\/03\/Fiat250-5.jpg",250,138,false],"ocean-thumb-m":["https:\/\/italcamara-es.com\/wp-content\/uploads\/2025\/03\/Fiat250-5.jpg",250,138,false],"ocean-thumb-ml":["https:\/\/italcamara-es.com\/wp-content\/uploads\/2025\/03\/Fiat250-5.jpg",250,138,false],"ocean-thumb-l":["https:\/\/italcamara-es.com\/wp-content\/uploads\/2025\/03\/Fiat250-5.jpg",250,138,false],"directorist_preview":["https:\/\/italcamara-es.com\/wp-content\/uploads\/2025\/03\/Fiat250-5.jpg",250,138,false]},"rttpg_author":{"display_name":"administrador","author_link":"https:\/\/italcamara-es.com\/it\/author\/administrador\/"},"rttpg_comment":0,"rttpg_category":"<a href=\"https:\/\/italcamara-es.com\/it\/category\/notizie\/\" rel=\"category tag\">Notizie<\/a>","rttpg_excerpt":"Presso gli showroom Fiat, \u00e8 possibile ordinare la nuova Fiat 500L City Cross con cui &#8220;evadere&#8221; dalla routine quotidiana per immergersi in entusiasmanti avventure urbane. Si amplia cos\u00ec la gamma della nuova 500L che \u00e8 stata recentemente rinnovata diventando ancora pi\u00f9 500, dinamica e connessa. Peculiarit\u00e0 che, grazie a una combinazione unica di spazio e&hellip;","_links":{"self":[{"href":"https:\/\/italcamara-es.com\/it\/wp-json\/wp\/v2\/posts\/56959","targetHints":{"allow":["GET"]}}],"collection":[{"href":"https:\/\/italcamara-es.com\/it\/wp-json\/wp\/v2\/posts"}],"about":[{"href":"https:\/\/italcamara-es.com\/it\/wp-json\/wp\/v2\/types\/post"}],"author":[{"embeddable":true,"href":"https:\/\/italcamara-es.com\/it\/wp-json\/wp\/v2\/users\/1"}],"replies":[{"embeddable":true,"href":"https:\/\/italcamara-es.com\/it\/wp-json\/wp\/v2\/comments?post=56959"}],"version-history":[{"count":0,"href":"https:\/\/italcamara-es.com\/it\/wp-json\/wp\/v2\/posts\/56959\/revisions"}],"wp:featuredmedia":[{"embeddable":true,"href":"https:\/\/italcamara-es.com\/it\/wp-json\/wp\/v2\/media\/52539"}],"wp:attachment":[{"href":"https:\/\/italcamara-es.com\/it\/wp-json\/wp\/v2\/media?parent=56959"}],"wp:term":[{"taxonomy":"category","embeddable":true,"href":"https:\/\/italcamara-es.com\/it\/wp-json\/wp\/v2\/categories?post=56959"},{"taxonomy":"post_tag","embeddable":true,"href":"https:\/\/italcamara-es.com\/it\/wp-json\/wp\/v2\/tags?post=56959"}],"curies":[{"name":"wp","href":"https:\/\/api.w.org\/{rel}","templated":true}]}}