	{"id":56960,"date":"2017-10-13T09:45:24","date_gmt":"2017-10-13T07:45:24","guid":{"rendered":"http:\/\/pre.italcamara-es.com\/senza-categoria\/generali-restaura-il-cuore-di-venezia-con-il-lancio-delliniziativa-globale-a-favore-delle-comunita-the-human-safety-net\/"},"modified":"2017-10-13T09:45:24","modified_gmt":"2017-10-13T07:45:24","slug":"generali-restaura-il-cuore-di-venezia-con-il-lancio-delliniziativa-globale-a-favore-delle-comunita-the-human-safety-net","status":"publish","type":"post","link":"https:\/\/italcamara-es.com\/it\/notizie\/generali-restaura-il-cuore-di-venezia-con-il-lancio-delliniziativa-globale-a-favore-delle-comunita-the-human-safety-net\/","title":{"rendered":"Generali restaura il cuore di venezia con il lancio dell\u2019iniziativa globale a favore delle comunit\u00e0 the human safety net"},"content":{"rendered":"<p>Assicurazioni Generali, una delle maggiori compagnie di assicurazioni del mondo, annuncia oggi il lancio di The Human Safety Net, iniziativa globale per supportare le comunit\u00e0 pi\u00f9 vulnerabili. The Human Safety Net \u00e8 promossa da Generali, ma \u00e8 aperta ad alleanze e partnership tra privati e organizzazioni che ne condividano i valori e la missione.<\/p>\n<p>&nbsp;<\/p>\n<p><strong>MIGLIORARE E PROTEGGERE LA VITA DELLE PERSONE<\/strong><br \/>\nThe Human Safety Net si basa sulla convinzione che la creazione di comunit\u00e0 di persone che aiutano altre persone possa apportare un cambiamento di lungo termine. Risponde all\u2019impegno di Generali a contribuire a creare una societ\u00e0 sana, resiliente e sostenibile, dove le persone possono progredire e prosperare.<\/p>\n<p>&nbsp;<\/p>\n<p>I programmi di The Human Safety Net affrontano tre importanti temi socio-demografici che coinvolgono le comunit\u00e0 in cui viviamo e lavoriamo: creare pari opportunit\u00e0 di vita per bambini in situazioni svantaggiate, aiutare i rifugiati a creare le loro start-up e salvare i neonati dalle conseguenze debilitanti e potenzialmente fatali dell\u2019asfissia. Questi programmi rispondono a tre diverse sfide, ma condividono un unico obiettivo: liberare il potenziale delle persone svantaggiate in modo che possano trasformare le loro vite, quelle delle loro famiglie e delle comunit\u00e0 in cui vivono.<\/p>\n<p>&nbsp;<\/p>\n<p><strong>UN IMPONENTE PROGETTO DI RESTAURO CHE RICONNETTER\u00c0 E DAR\u00c0 NUOVA VITA A PIAZZA SAN MARCO<\/strong><br \/>\nNell\u2019ambito del suo impegno a lungo termine, Generali creer\u00e0 una sede per The Human Safety Net all\u2019interno di uno dei suoi beni immobili pi\u00f9 pregiati: le Procuratie Vecchie nell\u2019emblematica Piazza San Marco a Venezia. Sito Patrimonio Mondiale UNESCO e sinonimo di creativit\u00e0, ingegnosit\u00e0 e inclusivit\u00e0, la citt\u00e0 di Venezia rappresenta la sede ideale per The Human Safety Net.<\/p>\n<p>&nbsp;<\/p>\n<p>Generali \u00e8 impegnata in un importante progetto di restauro delle Procuratie Vecchie che abbraccer\u00e0 anche altre parti della piazza e dei Giardini Reali. A lavori ultimati, si ricreeranno alcuni storici percorsi creando un flusso rinnovato all\u2019interno dell\u2019area della Piazza San Marco.<\/p>\n<p>&nbsp;<\/p>\n<p>Generali ha assegnato il restauro delle Procuratie Vecchie al noto architetto David Chipperfield che, rispettandone il patrimonio storico e culturale, trasformer\u00e0 l\u2019edificio nel cuore pulsante di The Human Safety Net. Le Procuratie Vecchie apriranno le porte a chiunque cerchi ispirazione nei progetti di The Human Safety Net o voglia scambiare idee, fare volontariato o promuovere azioni collettive. L\u2019hub ospiter\u00e0 regolarmente esposizioni, eventi e dibattiti pubblici sulle sfide demografiche e sociali pi\u00f9 pressanti, dalla povert\u00e0 all\u2019immigrazione.<\/p>\n<p>&nbsp;<\/p>\n<p>Commento di Philippe Donnet, Amministratore Delegato del Gruppo Generali: \u201cLa bellezza di Venezia \u00e8 una fonte di ispirazione per tutto il mondo e Generali \u00e8 molto orgogliosa di arricchire il patrimonio artistico della citt\u00e0 attraverso il restauro di Piazza San Marco.<\/p>\n<p>&nbsp;<\/p>\n<p>Con l\u2019apertura al pubblico di questi spazi storici, per la prima volta in 500 anni, stiamo creando un nuovo spazio dinamico dove le persone possono incontrarsi per discutere alcune delle pi\u00f9 pressanti tematiche sociali che la nostra societ\u00e0 globale si trova oggi ad affrontare.<\/p>\n<p>&nbsp;<\/p>\n<p>Siamo grati alle autorit\u00e0 Veneziane per il supporto in questo progetto. Venezia \u00e8 sempre stata un crocevia di culture diverse provenienti da tutto il mondo e la nostra speranza \u00e8 che questa tradizione possa essere ulteriormente arricchita da The Human Safety Net e il suo movimento di \u201cpersone che aiutano persone\u201d. David Chipperfield \u00e8 stata una scelta naturale, per il suo amore per Venezia e la sua visione di una ristrutturazione rispettosa del patrimonio sia dal punto di vista architettonico che sociale.\u201d<\/p>\n<p>&nbsp;<\/p>\n<p>David Chipperfield, fondatore di David Chipperfield Architects: \u201cThe Human Safety Net e la sua sede a Venezia, una citt\u00e0 immersa nella storia e nella cultura, apportano conoscenza e ispirazione per la collettivit\u00e0. Sono felice di lavorare su questo progetto che, coerente da un punto di vista architetturale e sociale, coinvolger\u00e0 e unir\u00e0 idee e persone di tutto il mondo. Il lavoro in sinergia con Generali mira a trasformare le Procuratie Vecchie in uno spazio dinamico che rappresenti la missione globale di The Human Safety Net e allo stesso tempo preservi l\u2019imponente bellezza e storia degli edifici.\u201d<\/p>\n<p>&nbsp;<\/p>\n<p><strong>TRE PROGRAMMI<\/strong><br \/>\nTHE HUMAN SAFETY NET per famiglie: Questo programma promuover\u00e0 pari opportunit\u00e0 di vita per bambini che crescono in condizioni di povert\u00e0. The Human Safety Net fornir\u00e0 supporto a 30.000 genitori nei primi sei anni di vita dei loro bambini, che \u00e8 stato dimostrato scientificamente essere il periodo pi\u00f9 formativo. Durante questi anni prende forma ci\u00f2 che il bambino realizzer\u00e0 a scuola, nel campo della salute e della carriera lavorativa.<\/p>\n<p>&nbsp;<\/p>\n<p>THE HUMAN SAFETY NET per start-up di rifugiati: Generali ha adottato un approccio diverso per affrontare la crisi dei rifugiati in Europa. Il programma si propone di realizzare il potenziale imprenditoriale dei rifugiati affinch\u00e9 possano procurarsi con dignit\u00e0 i mezzi di sostentamento nel nuovo \u2018Paese di appartenenza\u2019. L\u2019obiettivo \u00e8 aiutare i rifugiati a creare 500 nuove imprese, posti di lavoro e opportunit\u00e0 professionali.<\/p>\n<p>&nbsp;<\/p>\n<p>THE HUMAN SAFETY NET per neonati: Generali lavorer\u00e0 con la comunit\u00e0 medica e i genitori per migliorare la prevenzione e le cure per una malattia neonatale devastante chiamata \u2018asfissia\u2019. L\u2019asfissia rende invalidi molti bambini per il resto della loro vita e a volte porta anche a una tragica morte. Il programma mira a formare e attrezzare professionisti per aiutare a salvare 1.000 vite da questa malattia potenzialmente fatale.<\/p>\n<p>&nbsp;<\/p>\n<p>I dipendenti di Generali di tutto il Gruppo hanno sottoposto al team di The Human Safety Net oltre 300 idee di progetti a favore delle comunit\u00e0. I tre programmi selezionati condividono l\u2019obiettivo di liberare il potenziale delle persone svantaggiate. Generali aspira a coinvolgere nell\u2019iniziativa tutta la propria organizzazione, inclusi i propri clienti, altri privati e ONG che ne condividano la visione. Questa catena di \u2018persone che aiutano altre persone\u2019 \u00e8 il cuore dell\u2019iniziativa.<\/p>\n","protected":false},"excerpt":{"rendered":"<p>Assicurazioni Generali, una delle maggiori compagnie di assicurazioni del mondo, annuncia oggi il lancio di The Human Safety Net, iniziativa globale per supportare le comunit\u00e0 pi\u00f9 vulnerabili. The Human Safety Net \u00e8 promossa da Generali, ma \u00e8 aperta ad alleanze e partnership tra privati e organizzazioni che ne condividano i valori e la missione. &nbsp; [&hellip;]<\/p>\n","protected":false},"author":1,"featured_media":56961,"comment_status":"open","ping_status":"open","sticky":false,"template":"","format":"standard","meta":{"inline_featured_image":false,"ocean_post_layout":"","ocean_both_sidebars_style":"","ocean_both_sidebars_content_width":0,"ocean_both_sidebars_sidebars_width":0,"ocean_sidebar":"","ocean_second_sidebar":"","ocean_disable_margins":"enable","ocean_add_body_class":"","ocean_shortcode_before_top_bar":"","ocean_shortcode_after_top_bar":"","ocean_shortcode_before_header":"","ocean_shortcode_after_header":"","ocean_has_shortcode":"","ocean_shortcode_after_title":"","ocean_shortcode_before_footer_widgets":"","ocean_shortcode_after_footer_widgets":"","ocean_shortcode_before_footer_bottom":"","ocean_shortcode_after_footer_bottom":"","ocean_display_top_bar":"default","ocean_display_header":"default","ocean_header_style":"","ocean_center_header_left_menu":"","ocean_custom_header_template":"","ocean_custom_logo":0,"ocean_custom_retina_logo":0,"ocean_custom_logo_max_width":0,"ocean_custom_logo_tablet_max_width":0,"ocean_custom_logo_mobile_max_width":0,"ocean_custom_logo_max_height":0,"ocean_custom_logo_tablet_max_height":0,"ocean_custom_logo_mobile_max_height":0,"ocean_header_custom_menu":"","ocean_menu_typo_font_family":"","ocean_menu_typo_font_subset":"","ocean_menu_typo_font_size":0,"ocean_menu_typo_font_size_tablet":0,"ocean_menu_typo_font_size_mobile":0,"ocean_menu_typo_font_size_unit":"px","ocean_menu_typo_font_weight":"","ocean_menu_typo_font_weight_tablet":"","ocean_menu_typo_font_weight_mobile":"","ocean_menu_typo_transform":"","ocean_menu_typo_transform_tablet":"","ocean_menu_typo_transform_mobile":"","ocean_menu_typo_line_height":0,"ocean_menu_typo_line_height_tablet":0,"ocean_menu_typo_line_height_mobile":0,"ocean_menu_typo_line_height_unit":"","ocean_menu_typo_spacing":0,"ocean_menu_typo_spacing_tablet":0,"ocean_menu_typo_spacing_mobile":0,"ocean_menu_typo_spacing_unit":"","ocean_menu_link_color":"","ocean_menu_link_color_hover":"","ocean_menu_link_color_active":"","ocean_menu_link_background":"","ocean_menu_link_hover_background":"","ocean_menu_link_active_background":"","ocean_menu_social_links_bg":"","ocean_menu_social_hover_links_bg":"","ocean_menu_social_links_color":"","ocean_menu_social_hover_links_color":"","ocean_disable_title":"default","ocean_disable_heading":"default","ocean_post_title":"","ocean_post_subheading":"","ocean_post_title_style":"","ocean_post_title_background_color":"","ocean_post_title_background":0,"ocean_post_title_bg_image_position":"","ocean_post_title_bg_image_attachment":"","ocean_post_title_bg_image_repeat":"","ocean_post_title_bg_image_size":"","ocean_post_title_height":0,"ocean_post_title_bg_overlay":0.5,"ocean_post_title_bg_overlay_color":"","ocean_disable_breadcrumbs":"default","ocean_breadcrumbs_color":"","ocean_breadcrumbs_separator_color":"","ocean_breadcrumbs_links_color":"","ocean_breadcrumbs_links_hover_color":"","ocean_display_footer_widgets":"default","ocean_display_footer_bottom":"default","ocean_custom_footer_template":"","ocean_post_oembed":"","ocean_post_self_hosted_media":"","ocean_post_video_embed":"","ocean_link_format":"","ocean_link_format_target":"self","ocean_quote_format":"","ocean_quote_format_link":"post","ocean_gallery_link_images":"on","ocean_gallery_id":[],"footnotes":""},"categories":[133],"tags":[],"class_list":["post-56960","post","type-post","status-publish","format-standard","has-post-thumbnail","hentry","category-notizie","entry","has-media"],"yoast_head":"<!-- This site is optimized with the Yoast SEO plugin v27.5 - https:\/\/yoast.com\/product\/yoast-seo-wordpress\/ -->\n<title>Generali restaura il cuore di venezia con il lancio dell\u2019iniziativa globale a favore delle comunit\u00e0 the human safety net - Italcamara<\/title>\n<meta name=\"robots\" content=\"index, follow, max-snippet:-1, max-image-preview:large, max-video-preview:-1\" \/>\n<link rel=\"canonical\" href=\"https:\/\/italcamara-es.com\/it\/notizie\/generali-restaura-il-cuore-di-venezia-con-il-lancio-delliniziativa-globale-a-favore-delle-comunita-the-human-safety-net\/\" \/>\n<meta property=\"og:locale\" content=\"it_IT\" \/>\n<meta property=\"og:type\" content=\"article\" \/>\n<meta property=\"og:title\" content=\"Generali restaura il cuore di venezia con il lancio dell\u2019iniziativa globale a favore delle comunit\u00e0 the human safety net - Italcamara\" \/>\n<meta property=\"og:description\" content=\"Assicurazioni Generali, una delle maggiori compagnie di assicurazioni del mondo, annuncia oggi il lancio di The Human Safety Net, iniziativa globale per supportare le comunit\u00e0 pi\u00f9 vulnerabili. The Human Safety Net \u00e8 promossa da Generali, ma \u00e8 aperta ad alleanze e partnership tra privati e organizzazioni che ne condividano i valori e la missione. &nbsp; [&hellip;]\" \/>\n<meta property=\"og:url\" content=\"https:\/\/italcamara-es.com\/it\/notizie\/generali-restaura-il-cuore-di-venezia-con-il-lancio-delliniziativa-globale-a-favore-delle-comunita-the-human-safety-net\/\" \/>\n<meta property=\"og:site_name\" content=\"Italcamara\" \/>\n<meta property=\"article:published_time\" content=\"2017-10-13T07:45:24+00:00\" \/>\n<meta property=\"og:image\" content=\"https:\/\/italcamara-es.com\/wp-content\/uploads\/2025\/03\/Generali2250.jpg\" \/>\n\t<meta property=\"og:image:width\" content=\"249\" \/>\n\t<meta property=\"og:image:height\" content=\"140\" \/>\n\t<meta property=\"og:image:type\" content=\"image\/jpeg\" \/>\n<meta name=\"author\" content=\"administrador\" \/>\n<meta name=\"twitter:card\" content=\"summary_large_image\" \/>\n<meta name=\"twitter:label1\" content=\"Scritto da\" \/>\n\t<meta name=\"twitter:data1\" content=\"administrador\" \/>\n\t<meta name=\"twitter:label2\" content=\"Tempo di lettura stimato\" \/>\n\t<meta name=\"twitter:data2\" content=\"5 minuti\" \/>\n<script type=\"application\/ld+json\" class=\"yoast-schema-graph\">{\"@context\":\"https:\\\/\\\/schema.org\",\"@graph\":[{\"@type\":\"Article\",\"@id\":\"https:\\\/\\\/italcamara-es.com\\\/it\\\/notizie\\\/generali-restaura-il-cuore-di-venezia-con-il-lancio-delliniziativa-globale-a-favore-delle-comunita-the-human-safety-net\\\/#article\",\"isPartOf\":{\"@id\":\"https:\\\/\\\/italcamara-es.com\\\/it\\\/notizie\\\/generali-restaura-il-cuore-di-venezia-con-il-lancio-delliniziativa-globale-a-favore-delle-comunita-the-human-safety-net\\\/\"},\"author\":{\"name\":\"administrador\",\"@id\":\"https:\\\/\\\/italcamara-es.com\\\/#\\\/schema\\\/person\\\/bb3c56263e405bbd9a15171dcfee93bb\"},\"headline\":\"Generali restaura il cuore di venezia con il lancio dell\u2019iniziativa globale a favore delle comunit\u00e0 the human safety net\",\"datePublished\":\"2017-10-13T07:45:24+00:00\",\"mainEntityOfPage\":{\"@id\":\"https:\\\/\\\/italcamara-es.com\\\/it\\\/notizie\\\/generali-restaura-il-cuore-di-venezia-con-il-lancio-delliniziativa-globale-a-favore-delle-comunita-the-human-safety-net\\\/\"},\"wordCount\":955,\"commentCount\":0,\"image\":{\"@id\":\"https:\\\/\\\/italcamara-es.com\\\/it\\\/notizie\\\/generali-restaura-il-cuore-di-venezia-con-il-lancio-delliniziativa-globale-a-favore-delle-comunita-the-human-safety-net\\\/#primaryimage\"},\"thumbnailUrl\":\"https:\\\/\\\/italcamara-es.com\\\/wp-content\\\/uploads\\\/2025\\\/03\\\/Generali2250.jpg\",\"articleSection\":[\"Notizie\"],\"inLanguage\":\"it-IT\",\"potentialAction\":[{\"@type\":\"CommentAction\",\"name\":\"Comment\",\"target\":[\"https:\\\/\\\/italcamara-es.com\\\/it\\\/notizie\\\/generali-restaura-il-cuore-di-venezia-con-il-lancio-delliniziativa-globale-a-favore-delle-comunita-the-human-safety-net\\\/#respond\"]}]},{\"@type\":\"WebPage\",\"@id\":\"https:\\\/\\\/italcamara-es.com\\\/it\\\/notizie\\\/generali-restaura-il-cuore-di-venezia-con-il-lancio-delliniziativa-globale-a-favore-delle-comunita-the-human-safety-net\\\/\",\"url\":\"https:\\\/\\\/italcamara-es.com\\\/it\\\/notizie\\\/generali-restaura-il-cuore-di-venezia-con-il-lancio-delliniziativa-globale-a-favore-delle-comunita-the-human-safety-net\\\/\",\"name\":\"Generali restaura il cuore di venezia con il lancio dell\u2019iniziativa globale a favore delle comunit\u00e0 the human safety net - Italcamara\",\"isPartOf\":{\"@id\":\"https:\\\/\\\/italcamara-es.com\\\/#website\"},\"primaryImageOfPage\":{\"@id\":\"https:\\\/\\\/italcamara-es.com\\\/it\\\/notizie\\\/generali-restaura-il-cuore-di-venezia-con-il-lancio-delliniziativa-globale-a-favore-delle-comunita-the-human-safety-net\\\/#primaryimage\"},\"image\":{\"@id\":\"https:\\\/\\\/italcamara-es.com\\\/it\\\/notizie\\\/generali-restaura-il-cuore-di-venezia-con-il-lancio-delliniziativa-globale-a-favore-delle-comunita-the-human-safety-net\\\/#primaryimage\"},\"thumbnailUrl\":\"https:\\\/\\\/italcamara-es.com\\\/wp-content\\\/uploads\\\/2025\\\/03\\\/Generali2250.jpg\",\"datePublished\":\"2017-10-13T07:45:24+00:00\",\"author\":{\"@id\":\"https:\\\/\\\/italcamara-es.com\\\/#\\\/schema\\\/person\\\/bb3c56263e405bbd9a15171dcfee93bb\"},\"breadcrumb\":{\"@id\":\"https:\\\/\\\/italcamara-es.com\\\/it\\\/notizie\\\/generali-restaura-il-cuore-di-venezia-con-il-lancio-delliniziativa-globale-a-favore-delle-comunita-the-human-safety-net\\\/#breadcrumb\"},\"inLanguage\":\"it-IT\",\"potentialAction\":[{\"@type\":\"ReadAction\",\"target\":[\"https:\\\/\\\/italcamara-es.com\\\/it\\\/notizie\\\/generali-restaura-il-cuore-di-venezia-con-il-lancio-delliniziativa-globale-a-favore-delle-comunita-the-human-safety-net\\\/\"]}]},{\"@type\":\"ImageObject\",\"inLanguage\":\"it-IT\",\"@id\":\"https:\\\/\\\/italcamara-es.com\\\/it\\\/notizie\\\/generali-restaura-il-cuore-di-venezia-con-il-lancio-delliniziativa-globale-a-favore-delle-comunita-the-human-safety-net\\\/#primaryimage\",\"url\":\"https:\\\/\\\/italcamara-es.com\\\/wp-content\\\/uploads\\\/2025\\\/03\\\/Generali2250.jpg\",\"contentUrl\":\"https:\\\/\\\/italcamara-es.com\\\/wp-content\\\/uploads\\\/2025\\\/03\\\/Generali2250.jpg\",\"width\":249,\"height\":140},{\"@type\":\"BreadcrumbList\",\"@id\":\"https:\\\/\\\/italcamara-es.com\\\/it\\\/notizie\\\/generali-restaura-il-cuore-di-venezia-con-il-lancio-delliniziativa-globale-a-favore-delle-comunita-the-human-safety-net\\\/#breadcrumb\",\"itemListElement\":[{\"@type\":\"ListItem\",\"position\":1,\"name\":\"Inicio\",\"item\":\"https:\\\/\\\/italcamara-es.com\\\/\"},{\"@type\":\"ListItem\",\"position\":2,\"name\":\"Generali restaura il cuore di venezia con il lancio dell\u2019iniziativa globale a favore delle comunit\u00e0 the human safety net\"}]},{\"@type\":\"WebSite\",\"@id\":\"https:\\\/\\\/italcamara-es.com\\\/#website\",\"url\":\"https:\\\/\\\/italcamara-es.com\\\/\",\"name\":\"Italcamara\",\"description\":\"\",\"potentialAction\":[{\"@type\":\"SearchAction\",\"target\":{\"@type\":\"EntryPoint\",\"urlTemplate\":\"https:\\\/\\\/italcamara-es.com\\\/?s={search_term_string}\"},\"query-input\":{\"@type\":\"PropertyValueSpecification\",\"valueRequired\":true,\"valueName\":\"search_term_string\"}}],\"inLanguage\":\"it-IT\"},{\"@type\":\"Person\",\"@id\":\"https:\\\/\\\/italcamara-es.com\\\/#\\\/schema\\\/person\\\/bb3c56263e405bbd9a15171dcfee93bb\",\"name\":\"administrador\",\"image\":{\"@type\":\"ImageObject\",\"inLanguage\":\"it-IT\",\"@id\":\"https:\\\/\\\/secure.gravatar.com\\\/avatar\\\/14b5e63db38320b12031bb28cf9f77e210aa71fb3a8a3602a3c9a05134fa75eb?s=96&d=mm&r=g\",\"url\":\"https:\\\/\\\/secure.gravatar.com\\\/avatar\\\/14b5e63db38320b12031bb28cf9f77e210aa71fb3a8a3602a3c9a05134fa75eb?s=96&d=mm&r=g\",\"contentUrl\":\"https:\\\/\\\/secure.gravatar.com\\\/avatar\\\/14b5e63db38320b12031bb28cf9f77e210aa71fb3a8a3602a3c9a05134fa75eb?s=96&d=mm&r=g\",\"caption\":\"administrador\"},\"sameAs\":[\"http:\\\/\\\/pre.italcamara-es.com\"],\"url\":\"https:\\\/\\\/italcamara-es.com\\\/it\\\/author\\\/administrador\\\/\"}]}<\/script>\n<!-- \/ Yoast SEO plugin. -->","yoast_head_json":{"title":"Generali restaura il cuore di venezia con il lancio dell\u2019iniziativa globale a favore delle comunit\u00e0 the human safety net - Italcamara","robots":{"index":"index","follow":"follow","max-snippet":"max-snippet:-1","max-image-preview":"max-image-preview:large","max-video-preview":"max-video-preview:-1"},"canonical":"https:\/\/italcamara-es.com\/it\/notizie\/generali-restaura-il-cuore-di-venezia-con-il-lancio-delliniziativa-globale-a-favore-delle-comunita-the-human-safety-net\/","og_locale":"it_IT","og_type":"article","og_title":"Generali restaura il cuore di venezia con il lancio dell\u2019iniziativa globale a favore delle comunit\u00e0 the human safety net - Italcamara","og_description":"Assicurazioni Generali, una delle maggiori compagnie di assicurazioni del mondo, annuncia oggi il lancio di The Human Safety Net, iniziativa globale per supportare le comunit\u00e0 pi\u00f9 vulnerabili. The Human Safety Net \u00e8 promossa da Generali, ma \u00e8 aperta ad alleanze e partnership tra privati e organizzazioni che ne condividano i valori e la missione. &nbsp; [&hellip;]","og_url":"https:\/\/italcamara-es.com\/it\/notizie\/generali-restaura-il-cuore-di-venezia-con-il-lancio-delliniziativa-globale-a-favore-delle-comunita-the-human-safety-net\/","og_site_name":"Italcamara","article_published_time":"2017-10-13T07:45:24+00:00","og_image":[{"width":249,"height":140,"url":"https:\/\/italcamara-es.com\/wp-content\/uploads\/2025\/03\/Generali2250.jpg","type":"image\/jpeg"}],"author":"administrador","twitter_card":"summary_large_image","twitter_misc":{"Scritto da":"administrador","Tempo di lettura stimato":"5 minuti"},"schema":{"@context":"https:\/\/schema.org","@graph":[{"@type":"Article","@id":"https:\/\/italcamara-es.com\/it\/notizie\/generali-restaura-il-cuore-di-venezia-con-il-lancio-delliniziativa-globale-a-favore-delle-comunita-the-human-safety-net\/#article","isPartOf":{"@id":"https:\/\/italcamara-es.com\/it\/notizie\/generali-restaura-il-cuore-di-venezia-con-il-lancio-delliniziativa-globale-a-favore-delle-comunita-the-human-safety-net\/"},"author":{"name":"administrador","@id":"https:\/\/italcamara-es.com\/#\/schema\/person\/bb3c56263e405bbd9a15171dcfee93bb"},"headline":"Generali restaura il cuore di venezia con il lancio dell\u2019iniziativa globale a favore delle comunit\u00e0 the human safety net","datePublished":"2017-10-13T07:45:24+00:00","mainEntityOfPage":{"@id":"https:\/\/italcamara-es.com\/it\/notizie\/generali-restaura-il-cuore-di-venezia-con-il-lancio-delliniziativa-globale-a-favore-delle-comunita-the-human-safety-net\/"},"wordCount":955,"commentCount":0,"image":{"@id":"https:\/\/italcamara-es.com\/it\/notizie\/generali-restaura-il-cuore-di-venezia-con-il-lancio-delliniziativa-globale-a-favore-delle-comunita-the-human-safety-net\/#primaryimage"},"thumbnailUrl":"https:\/\/italcamara-es.com\/wp-content\/uploads\/2025\/03\/Generali2250.jpg","articleSection":["Notizie"],"inLanguage":"it-IT","potentialAction":[{"@type":"CommentAction","name":"Comment","target":["https:\/\/italcamara-es.com\/it\/notizie\/generali-restaura-il-cuore-di-venezia-con-il-lancio-delliniziativa-globale-a-favore-delle-comunita-the-human-safety-net\/#respond"]}]},{"@type":"WebPage","@id":"https:\/\/italcamara-es.com\/it\/notizie\/generali-restaura-il-cuore-di-venezia-con-il-lancio-delliniziativa-globale-a-favore-delle-comunita-the-human-safety-net\/","url":"https:\/\/italcamara-es.com\/it\/notizie\/generali-restaura-il-cuore-di-venezia-con-il-lancio-delliniziativa-globale-a-favore-delle-comunita-the-human-safety-net\/","name":"Generali restaura il cuore di venezia con il lancio dell\u2019iniziativa globale a favore delle comunit\u00e0 the human safety net - Italcamara","isPartOf":{"@id":"https:\/\/italcamara-es.com\/#website"},"primaryImageOfPage":{"@id":"https:\/\/italcamara-es.com\/it\/notizie\/generali-restaura-il-cuore-di-venezia-con-il-lancio-delliniziativa-globale-a-favore-delle-comunita-the-human-safety-net\/#primaryimage"},"image":{"@id":"https:\/\/italcamara-es.com\/it\/notizie\/generali-restaura-il-cuore-di-venezia-con-il-lancio-delliniziativa-globale-a-favore-delle-comunita-the-human-safety-net\/#primaryimage"},"thumbnailUrl":"https:\/\/italcamara-es.com\/wp-content\/uploads\/2025\/03\/Generali2250.jpg","datePublished":"2017-10-13T07:45:24+00:00","author":{"@id":"https:\/\/italcamara-es.com\/#\/schema\/person\/bb3c56263e405bbd9a15171dcfee93bb"},"breadcrumb":{"@id":"https:\/\/italcamara-es.com\/it\/notizie\/generali-restaura-il-cuore-di-venezia-con-il-lancio-delliniziativa-globale-a-favore-delle-comunita-the-human-safety-net\/#breadcrumb"},"inLanguage":"it-IT","potentialAction":[{"@type":"ReadAction","target":["https:\/\/italcamara-es.com\/it\/notizie\/generali-restaura-il-cuore-di-venezia-con-il-lancio-delliniziativa-globale-a-favore-delle-comunita-the-human-safety-net\/"]}]},{"@type":"ImageObject","inLanguage":"it-IT","@id":"https:\/\/italcamara-es.com\/it\/notizie\/generali-restaura-il-cuore-di-venezia-con-il-lancio-delliniziativa-globale-a-favore-delle-comunita-the-human-safety-net\/#primaryimage","url":"https:\/\/italcamara-es.com\/wp-content\/uploads\/2025\/03\/Generali2250.jpg","contentUrl":"https:\/\/italcamara-es.com\/wp-content\/uploads\/2025\/03\/Generali2250.jpg","width":249,"height":140},{"@type":"BreadcrumbList","@id":"https:\/\/italcamara-es.com\/it\/notizie\/generali-restaura-il-cuore-di-venezia-con-il-lancio-delliniziativa-globale-a-favore-delle-comunita-the-human-safety-net\/#breadcrumb","itemListElement":[{"@type":"ListItem","position":1,"name":"Inicio","item":"https:\/\/italcamara-es.com\/"},{"@type":"ListItem","position":2,"name":"Generali restaura il cuore di venezia con il lancio dell\u2019iniziativa globale a favore delle comunit\u00e0 the human safety net"}]},{"@type":"WebSite","@id":"https:\/\/italcamara-es.com\/#website","url":"https:\/\/italcamara-es.com\/","name":"Italcamara","description":"","potentialAction":[{"@type":"SearchAction","target":{"@type":"EntryPoint","urlTemplate":"https:\/\/italcamara-es.com\/?s={search_term_string}"},"query-input":{"@type":"PropertyValueSpecification","valueRequired":true,"valueName":"search_term_string"}}],"inLanguage":"it-IT"},{"@type":"Person","@id":"https:\/\/italcamara-es.com\/#\/schema\/person\/bb3c56263e405bbd9a15171dcfee93bb","name":"administrador","image":{"@type":"ImageObject","inLanguage":"it-IT","@id":"https:\/\/secure.gravatar.com\/avatar\/14b5e63db38320b12031bb28cf9f77e210aa71fb3a8a3602a3c9a05134fa75eb?s=96&d=mm&r=g","url":"https:\/\/secure.gravatar.com\/avatar\/14b5e63db38320b12031bb28cf9f77e210aa71fb3a8a3602a3c9a05134fa75eb?s=96&d=mm&r=g","contentUrl":"https:\/\/secure.gravatar.com\/avatar\/14b5e63db38320b12031bb28cf9f77e210aa71fb3a8a3602a3c9a05134fa75eb?s=96&d=mm&r=g","caption":"administrador"},"sameAs":["http:\/\/pre.italcamara-es.com"],"url":"https:\/\/italcamara-es.com\/it\/author\/administrador\/"}]}},"rttpg_featured_image_url":{"full":["https:\/\/italcamara-es.com\/wp-content\/uploads\/2025\/03\/Generali2250.jpg",249,140,false],"landscape":["https:\/\/italcamara-es.com\/wp-content\/uploads\/2025\/03\/Generali2250.jpg",249,140,false],"portraits":["https:\/\/italcamara-es.com\/wp-content\/uploads\/2025\/03\/Generali2250.jpg",249,140,false],"thumbnail":["https:\/\/italcamara-es.com\/wp-content\/uploads\/2025\/03\/Generali2250-150x140.jpg",150,140,true],"medium":["https:\/\/italcamara-es.com\/wp-content\/uploads\/2025\/03\/Generali2250.jpg",249,140,false],"large":["https:\/\/italcamara-es.com\/wp-content\/uploads\/2025\/03\/Generali2250.jpg",249,140,false],"1536x1536":["https:\/\/italcamara-es.com\/wp-content\/uploads\/2025\/03\/Generali2250.jpg",249,140,false],"2048x2048":["https:\/\/italcamara-es.com\/wp-content\/uploads\/2025\/03\/Generali2250.jpg",249,140,false],"ocean-thumb-m":["https:\/\/italcamara-es.com\/wp-content\/uploads\/2025\/03\/Generali2250.jpg",249,140,false],"ocean-thumb-ml":["https:\/\/italcamara-es.com\/wp-content\/uploads\/2025\/03\/Generali2250.jpg",249,140,false],"ocean-thumb-l":["https:\/\/italcamara-es.com\/wp-content\/uploads\/2025\/03\/Generali2250.jpg",249,140,false],"directorist_preview":["https:\/\/italcamara-es.com\/wp-content\/uploads\/2025\/03\/Generali2250.jpg",249,140,false]},"rttpg_author":{"display_name":"administrador","author_link":"https:\/\/italcamara-es.com\/it\/author\/administrador\/"},"rttpg_comment":0,"rttpg_category":"<a href=\"https:\/\/italcamara-es.com\/it\/category\/notizie\/\" rel=\"category tag\">Notizie<\/a>","rttpg_excerpt":"Assicurazioni Generali, una delle maggiori compagnie di assicurazioni del mondo, annuncia oggi il lancio di The Human Safety Net, iniziativa globale per supportare le comunit\u00e0 pi\u00f9 vulnerabili. The Human Safety Net \u00e8 promossa da Generali, ma \u00e8 aperta ad alleanze e partnership tra privati e organizzazioni che ne condividano i valori e la missione. &nbsp;&hellip;","_links":{"self":[{"href":"https:\/\/italcamara-es.com\/it\/wp-json\/wp\/v2\/posts\/56960","targetHints":{"allow":["GET"]}}],"collection":[{"href":"https:\/\/italcamara-es.com\/it\/wp-json\/wp\/v2\/posts"}],"about":[{"href":"https:\/\/italcamara-es.com\/it\/wp-json\/wp\/v2\/types\/post"}],"author":[{"embeddable":true,"href":"https:\/\/italcamara-es.com\/it\/wp-json\/wp\/v2\/users\/1"}],"replies":[{"embeddable":true,"href":"https:\/\/italcamara-es.com\/it\/wp-json\/wp\/v2\/comments?post=56960"}],"version-history":[{"count":0,"href":"https:\/\/italcamara-es.com\/it\/wp-json\/wp\/v2\/posts\/56960\/revisions"}],"wp:featuredmedia":[{"embeddable":true,"href":"https:\/\/italcamara-es.com\/it\/wp-json\/wp\/v2\/media\/56961"}],"wp:attachment":[{"href":"https:\/\/italcamara-es.com\/it\/wp-json\/wp\/v2\/media?parent=56960"}],"wp:term":[{"taxonomy":"category","embeddable":true,"href":"https:\/\/italcamara-es.com\/it\/wp-json\/wp\/v2\/categories?post=56960"},{"taxonomy":"post_tag","embeddable":true,"href":"https:\/\/italcamara-es.com\/it\/wp-json\/wp\/v2\/tags?post=56960"}],"curies":[{"name":"wp","href":"https:\/\/api.w.org\/{rel}","templated":true}]}}