	{"id":56980,"date":"2018-06-25T10:04:06","date_gmt":"2018-06-25T08:04:06","guid":{"rendered":"http:\/\/pre.italcamara-es.com\/senza-categoria\/generali-espana-invita-i-suoi-clienti-di-salud-alla-maratona-di-monaco\/"},"modified":"2018-06-25T10:04:06","modified_gmt":"2018-06-25T08:04:06","slug":"generali-espana-invita-i-suoi-clienti-di-salud-alla-maratona-di-monaco","status":"publish","type":"post","link":"https:\/\/italcamara-es.com\/it\/notizie\/generali-espana-invita-i-suoi-clienti-di-salud-alla-maratona-di-monaco\/","title":{"rendered":"GENERALI Espa\u00f1a invita i suoi clienti di Salud alla Maratona di Monaco"},"content":{"rendered":"<p>GENERALI promuove stili di vita sani. Per questo, la compagnia assicurativa sorteggia 15 posti per partecipare alla maratona di Monaco, che si terr\u00e0 il prossimo 14 ottobre, tra gli attuali clienti che hanno contrattato la poliza Salud, cos\u00ec come i nuovi clienti che la contratteranno entro il 31 luglio.<\/p>\n<p>&nbsp;<\/p>\n<p>Per far conoscere questa campagna, GENERALI \u00e8 stata sostenuta da Jes\u00fas Calleja, che ha sviluppato una serie di video con consigli per praticare questo sport. Questi video potranno essere visti sul canale YouTube di GENERALI Espa\u00f1a. I vincitori del concorso potranno partire per la citt\u00e0 tedesca il prossimo 12 ottobre e tornare il 14. GENERALI si occuper\u00e0 del viaggio, dell\u2019alloggio, del transfer dall\u2019aeroporto e del pettorale per poter correre la maratona. Puoi consultare le basi del concorso su <span style=\"color: #003366;\"><a style=\"color: #003366;\" href=\"http:\/\/www.generali.es\" target=\"_blank\" rel=\"noopener\">www.generali.es<\/a><\/span><\/p>\n","protected":false},"excerpt":{"rendered":"<p>GENERALI promuove stili di vita sani. Per questo, la compagnia assicurativa sorteggia 15 posti per partecipare alla maratona di Monaco, che si terr\u00e0 il prossimo 14 ottobre, tra gli attuali clienti che hanno contrattato la poliza Salud, cos\u00ec come i nuovi clienti che la contratteranno entro il 31 luglio. &nbsp; Per far conoscere questa campagna, [&hellip;]<\/p>\n","protected":false},"author":1,"featured_media":52577,"comment_status":"open","ping_status":"open","sticky":false,"template":"","format":"standard","meta":{"inline_featured_image":false,"ocean_post_layout":"","ocean_both_sidebars_style":"","ocean_both_sidebars_content_width":0,"ocean_both_sidebars_sidebars_width":0,"ocean_sidebar":"","ocean_second_sidebar":"","ocean_disable_margins":"enable","ocean_add_body_class":"","ocean_shortcode_before_top_bar":"","ocean_shortcode_after_top_bar":"","ocean_shortcode_before_header":"","ocean_shortcode_after_header":"","ocean_has_shortcode":"","ocean_shortcode_after_title":"","ocean_shortcode_before_footer_widgets":"","ocean_shortcode_after_footer_widgets":"","ocean_shortcode_before_footer_bottom":"","ocean_shortcode_after_footer_bottom":"","ocean_display_top_bar":"default","ocean_display_header":"default","ocean_header_style":"","ocean_center_header_left_menu":"","ocean_custom_header_template":"","ocean_custom_logo":0,"ocean_custom_retina_logo":0,"ocean_custom_logo_max_width":0,"ocean_custom_logo_tablet_max_width":0,"ocean_custom_logo_mobile_max_width":0,"ocean_custom_logo_max_height":0,"ocean_custom_logo_tablet_max_height":0,"ocean_custom_logo_mobile_max_height":0,"ocean_header_custom_menu":"","ocean_menu_typo_font_family":"","ocean_menu_typo_font_subset":"","ocean_menu_typo_font_size":0,"ocean_menu_typo_font_size_tablet":0,"ocean_menu_typo_font_size_mobile":0,"ocean_menu_typo_font_size_unit":"px","ocean_menu_typo_font_weight":"","ocean_menu_typo_font_weight_tablet":"","ocean_menu_typo_font_weight_mobile":"","ocean_menu_typo_transform":"","ocean_menu_typo_transform_tablet":"","ocean_menu_typo_transform_mobile":"","ocean_menu_typo_line_height":0,"ocean_menu_typo_line_height_tablet":0,"ocean_menu_typo_line_height_mobile":0,"ocean_menu_typo_line_height_unit":"","ocean_menu_typo_spacing":0,"ocean_menu_typo_spacing_tablet":0,"ocean_menu_typo_spacing_mobile":0,"ocean_menu_typo_spacing_unit":"","ocean_menu_link_color":"","ocean_menu_link_color_hover":"","ocean_menu_link_color_active":"","ocean_menu_link_background":"","ocean_menu_link_hover_background":"","ocean_menu_link_active_background":"","ocean_menu_social_links_bg":"","ocean_menu_social_hover_links_bg":"","ocean_menu_social_links_color":"","ocean_menu_social_hover_links_color":"","ocean_disable_title":"default","ocean_disable_heading":"default","ocean_post_title":"","ocean_post_subheading":"","ocean_post_title_style":"","ocean_post_title_background_color":"","ocean_post_title_background":0,"ocean_post_title_bg_image_position":"","ocean_post_title_bg_image_attachment":"","ocean_post_title_bg_image_repeat":"","ocean_post_title_bg_image_size":"","ocean_post_title_height":0,"ocean_post_title_bg_overlay":0.5,"ocean_post_title_bg_overlay_color":"","ocean_disable_breadcrumbs":"default","ocean_breadcrumbs_color":"","ocean_breadcrumbs_separator_color":"","ocean_breadcrumbs_links_color":"","ocean_breadcrumbs_links_hover_color":"","ocean_display_footer_widgets":"default","ocean_display_footer_bottom":"default","ocean_custom_footer_template":"","ocean_post_oembed":"","ocean_post_self_hosted_media":"","ocean_post_video_embed":"","ocean_link_format":"","ocean_link_format_target":"self","ocean_quote_format":"","ocean_quote_format_link":"post","ocean_gallery_link_images":"on","ocean_gallery_id":[],"footnotes":""},"categories":[133],"tags":[],"class_list":["post-56980","post","type-post","status-publish","format-standard","has-post-thumbnail","hentry","category-notizie","entry","has-media"],"yoast_head":"<!-- This site is optimized with the Yoast SEO plugin v27.5 - https:\/\/yoast.com\/product\/yoast-seo-wordpress\/ -->\n<title>GENERALI Espa\u00f1a invita i suoi clienti di Salud alla Maratona di Monaco - Italcamara<\/title>\n<meta name=\"robots\" content=\"index, follow, max-snippet:-1, max-image-preview:large, max-video-preview:-1\" \/>\n<link rel=\"canonical\" href=\"https:\/\/italcamara-es.com\/it\/notizie\/generali-espana-invita-i-suoi-clienti-di-salud-alla-maratona-di-monaco\/\" \/>\n<meta property=\"og:locale\" content=\"it_IT\" \/>\n<meta property=\"og:type\" content=\"article\" \/>\n<meta property=\"og:title\" content=\"GENERALI Espa\u00f1a invita i suoi clienti di Salud alla Maratona di Monaco - Italcamara\" \/>\n<meta property=\"og:description\" content=\"GENERALI promuove stili di vita sani. Per questo, la compagnia assicurativa sorteggia 15 posti per partecipare alla maratona di Monaco, che si terr\u00e0 il prossimo 14 ottobre, tra gli attuali clienti che hanno contrattato la poliza Salud, cos\u00ec come i nuovi clienti che la contratteranno entro il 31 luglio. &nbsp; Per far conoscere questa campagna, [&hellip;]\" \/>\n<meta property=\"og:url\" content=\"https:\/\/italcamara-es.com\/it\/notizie\/generali-espana-invita-i-suoi-clienti-di-salud-alla-maratona-di-monaco\/\" \/>\n<meta property=\"og:site_name\" content=\"Italcamara\" \/>\n<meta property=\"article:published_time\" content=\"2018-06-25T08:04:06+00:00\" \/>\n<meta property=\"og:image\" content=\"https:\/\/italcamara-es.com\/wp-content\/uploads\/2025\/03\/Generali-Maraton250.jpg\" \/>\n\t<meta property=\"og:image:width\" content=\"250\" \/>\n\t<meta property=\"og:image:height\" content=\"141\" \/>\n\t<meta property=\"og:image:type\" content=\"image\/jpeg\" \/>\n<meta name=\"author\" content=\"administrador\" \/>\n<meta name=\"twitter:card\" content=\"summary_large_image\" \/>\n<meta name=\"twitter:label1\" content=\"Scritto da\" \/>\n\t<meta name=\"twitter:data1\" content=\"administrador\" \/>\n\t<meta name=\"twitter:label2\" content=\"Tempo di lettura stimato\" \/>\n\t<meta name=\"twitter:data2\" content=\"1 minuto\" \/>\n<script type=\"application\/ld+json\" class=\"yoast-schema-graph\">{\"@context\":\"https:\\\/\\\/schema.org\",\"@graph\":[{\"@type\":\"Article\",\"@id\":\"https:\\\/\\\/italcamara-es.com\\\/it\\\/notizie\\\/generali-espana-invita-i-suoi-clienti-di-salud-alla-maratona-di-monaco\\\/#article\",\"isPartOf\":{\"@id\":\"https:\\\/\\\/italcamara-es.com\\\/it\\\/notizie\\\/generali-espana-invita-i-suoi-clienti-di-salud-alla-maratona-di-monaco\\\/\"},\"author\":{\"name\":\"administrador\",\"@id\":\"https:\\\/\\\/italcamara-es.com\\\/#\\\/schema\\\/person\\\/bb3c56263e405bbd9a15171dcfee93bb\"},\"headline\":\"GENERALI Espa\u00f1a invita i suoi clienti di Salud alla Maratona di Monaco\",\"datePublished\":\"2018-06-25T08:04:06+00:00\",\"mainEntityOfPage\":{\"@id\":\"https:\\\/\\\/italcamara-es.com\\\/it\\\/notizie\\\/generali-espana-invita-i-suoi-clienti-di-salud-alla-maratona-di-monaco\\\/\"},\"wordCount\":142,\"commentCount\":0,\"image\":{\"@id\":\"https:\\\/\\\/italcamara-es.com\\\/it\\\/notizie\\\/generali-espana-invita-i-suoi-clienti-di-salud-alla-maratona-di-monaco\\\/#primaryimage\"},\"thumbnailUrl\":\"https:\\\/\\\/italcamara-es.com\\\/wp-content\\\/uploads\\\/2025\\\/03\\\/Generali-Maraton250.jpg\",\"articleSection\":[\"Notizie\"],\"inLanguage\":\"it-IT\",\"potentialAction\":[{\"@type\":\"CommentAction\",\"name\":\"Comment\",\"target\":[\"https:\\\/\\\/italcamara-es.com\\\/it\\\/notizie\\\/generali-espana-invita-i-suoi-clienti-di-salud-alla-maratona-di-monaco\\\/#respond\"]}]},{\"@type\":\"WebPage\",\"@id\":\"https:\\\/\\\/italcamara-es.com\\\/it\\\/notizie\\\/generali-espana-invita-i-suoi-clienti-di-salud-alla-maratona-di-monaco\\\/\",\"url\":\"https:\\\/\\\/italcamara-es.com\\\/it\\\/notizie\\\/generali-espana-invita-i-suoi-clienti-di-salud-alla-maratona-di-monaco\\\/\",\"name\":\"GENERALI Espa\u00f1a invita i suoi clienti di Salud alla Maratona di Monaco - Italcamara\",\"isPartOf\":{\"@id\":\"https:\\\/\\\/italcamara-es.com\\\/#website\"},\"primaryImageOfPage\":{\"@id\":\"https:\\\/\\\/italcamara-es.com\\\/it\\\/notizie\\\/generali-espana-invita-i-suoi-clienti-di-salud-alla-maratona-di-monaco\\\/#primaryimage\"},\"image\":{\"@id\":\"https:\\\/\\\/italcamara-es.com\\\/it\\\/notizie\\\/generali-espana-invita-i-suoi-clienti-di-salud-alla-maratona-di-monaco\\\/#primaryimage\"},\"thumbnailUrl\":\"https:\\\/\\\/italcamara-es.com\\\/wp-content\\\/uploads\\\/2025\\\/03\\\/Generali-Maraton250.jpg\",\"datePublished\":\"2018-06-25T08:04:06+00:00\",\"author\":{\"@id\":\"https:\\\/\\\/italcamara-es.com\\\/#\\\/schema\\\/person\\\/bb3c56263e405bbd9a15171dcfee93bb\"},\"breadcrumb\":{\"@id\":\"https:\\\/\\\/italcamara-es.com\\\/it\\\/notizie\\\/generali-espana-invita-i-suoi-clienti-di-salud-alla-maratona-di-monaco\\\/#breadcrumb\"},\"inLanguage\":\"it-IT\",\"potentialAction\":[{\"@type\":\"ReadAction\",\"target\":[\"https:\\\/\\\/italcamara-es.com\\\/it\\\/notizie\\\/generali-espana-invita-i-suoi-clienti-di-salud-alla-maratona-di-monaco\\\/\"]}]},{\"@type\":\"ImageObject\",\"inLanguage\":\"it-IT\",\"@id\":\"https:\\\/\\\/italcamara-es.com\\\/it\\\/notizie\\\/generali-espana-invita-i-suoi-clienti-di-salud-alla-maratona-di-monaco\\\/#primaryimage\",\"url\":\"https:\\\/\\\/italcamara-es.com\\\/wp-content\\\/uploads\\\/2025\\\/03\\\/Generali-Maraton250.jpg\",\"contentUrl\":\"https:\\\/\\\/italcamara-es.com\\\/wp-content\\\/uploads\\\/2025\\\/03\\\/Generali-Maraton250.jpg\",\"width\":250,\"height\":141},{\"@type\":\"BreadcrumbList\",\"@id\":\"https:\\\/\\\/italcamara-es.com\\\/it\\\/notizie\\\/generali-espana-invita-i-suoi-clienti-di-salud-alla-maratona-di-monaco\\\/#breadcrumb\",\"itemListElement\":[{\"@type\":\"ListItem\",\"position\":1,\"name\":\"Inicio\",\"item\":\"https:\\\/\\\/italcamara-es.com\\\/\"},{\"@type\":\"ListItem\",\"position\":2,\"name\":\"GENERALI Espa\u00f1a invita i suoi clienti di Salud alla Maratona di Monaco\"}]},{\"@type\":\"WebSite\",\"@id\":\"https:\\\/\\\/italcamara-es.com\\\/#website\",\"url\":\"https:\\\/\\\/italcamara-es.com\\\/\",\"name\":\"Italcamara\",\"description\":\"\",\"potentialAction\":[{\"@type\":\"SearchAction\",\"target\":{\"@type\":\"EntryPoint\",\"urlTemplate\":\"https:\\\/\\\/italcamara-es.com\\\/?s={search_term_string}\"},\"query-input\":{\"@type\":\"PropertyValueSpecification\",\"valueRequired\":true,\"valueName\":\"search_term_string\"}}],\"inLanguage\":\"it-IT\"},{\"@type\":\"Person\",\"@id\":\"https:\\\/\\\/italcamara-es.com\\\/#\\\/schema\\\/person\\\/bb3c56263e405bbd9a15171dcfee93bb\",\"name\":\"administrador\",\"image\":{\"@type\":\"ImageObject\",\"inLanguage\":\"it-IT\",\"@id\":\"https:\\\/\\\/secure.gravatar.com\\\/avatar\\\/14b5e63db38320b12031bb28cf9f77e210aa71fb3a8a3602a3c9a05134fa75eb?s=96&d=mm&r=g\",\"url\":\"https:\\\/\\\/secure.gravatar.com\\\/avatar\\\/14b5e63db38320b12031bb28cf9f77e210aa71fb3a8a3602a3c9a05134fa75eb?s=96&d=mm&r=g\",\"contentUrl\":\"https:\\\/\\\/secure.gravatar.com\\\/avatar\\\/14b5e63db38320b12031bb28cf9f77e210aa71fb3a8a3602a3c9a05134fa75eb?s=96&d=mm&r=g\",\"caption\":\"administrador\"},\"sameAs\":[\"http:\\\/\\\/pre.italcamara-es.com\"],\"url\":\"https:\\\/\\\/italcamara-es.com\\\/it\\\/author\\\/administrador\\\/\"}]}<\/script>\n<!-- \/ Yoast SEO plugin. -->","yoast_head_json":{"title":"GENERALI Espa\u00f1a invita i suoi clienti di Salud alla Maratona di Monaco - Italcamara","robots":{"index":"index","follow":"follow","max-snippet":"max-snippet:-1","max-image-preview":"max-image-preview:large","max-video-preview":"max-video-preview:-1"},"canonical":"https:\/\/italcamara-es.com\/it\/notizie\/generali-espana-invita-i-suoi-clienti-di-salud-alla-maratona-di-monaco\/","og_locale":"it_IT","og_type":"article","og_title":"GENERALI Espa\u00f1a invita i suoi clienti di Salud alla Maratona di Monaco - Italcamara","og_description":"GENERALI promuove stili di vita sani. Per questo, la compagnia assicurativa sorteggia 15 posti per partecipare alla maratona di Monaco, che si terr\u00e0 il prossimo 14 ottobre, tra gli attuali clienti che hanno contrattato la poliza Salud, cos\u00ec come i nuovi clienti che la contratteranno entro il 31 luglio. &nbsp; Per far conoscere questa campagna, [&hellip;]","og_url":"https:\/\/italcamara-es.com\/it\/notizie\/generali-espana-invita-i-suoi-clienti-di-salud-alla-maratona-di-monaco\/","og_site_name":"Italcamara","article_published_time":"2018-06-25T08:04:06+00:00","og_image":[{"width":250,"height":141,"url":"https:\/\/italcamara-es.com\/wp-content\/uploads\/2025\/03\/Generali-Maraton250.jpg","type":"image\/jpeg"}],"author":"administrador","twitter_card":"summary_large_image","twitter_misc":{"Scritto da":"administrador","Tempo di lettura stimato":"1 minuto"},"schema":{"@context":"https:\/\/schema.org","@graph":[{"@type":"Article","@id":"https:\/\/italcamara-es.com\/it\/notizie\/generali-espana-invita-i-suoi-clienti-di-salud-alla-maratona-di-monaco\/#article","isPartOf":{"@id":"https:\/\/italcamara-es.com\/it\/notizie\/generali-espana-invita-i-suoi-clienti-di-salud-alla-maratona-di-monaco\/"},"author":{"name":"administrador","@id":"https:\/\/italcamara-es.com\/#\/schema\/person\/bb3c56263e405bbd9a15171dcfee93bb"},"headline":"GENERALI Espa\u00f1a invita i suoi clienti di Salud alla Maratona di Monaco","datePublished":"2018-06-25T08:04:06+00:00","mainEntityOfPage":{"@id":"https:\/\/italcamara-es.com\/it\/notizie\/generali-espana-invita-i-suoi-clienti-di-salud-alla-maratona-di-monaco\/"},"wordCount":142,"commentCount":0,"image":{"@id":"https:\/\/italcamara-es.com\/it\/notizie\/generali-espana-invita-i-suoi-clienti-di-salud-alla-maratona-di-monaco\/#primaryimage"},"thumbnailUrl":"https:\/\/italcamara-es.com\/wp-content\/uploads\/2025\/03\/Generali-Maraton250.jpg","articleSection":["Notizie"],"inLanguage":"it-IT","potentialAction":[{"@type":"CommentAction","name":"Comment","target":["https:\/\/italcamara-es.com\/it\/notizie\/generali-espana-invita-i-suoi-clienti-di-salud-alla-maratona-di-monaco\/#respond"]}]},{"@type":"WebPage","@id":"https:\/\/italcamara-es.com\/it\/notizie\/generali-espana-invita-i-suoi-clienti-di-salud-alla-maratona-di-monaco\/","url":"https:\/\/italcamara-es.com\/it\/notizie\/generali-espana-invita-i-suoi-clienti-di-salud-alla-maratona-di-monaco\/","name":"GENERALI Espa\u00f1a invita i suoi clienti di Salud alla Maratona di Monaco - Italcamara","isPartOf":{"@id":"https:\/\/italcamara-es.com\/#website"},"primaryImageOfPage":{"@id":"https:\/\/italcamara-es.com\/it\/notizie\/generali-espana-invita-i-suoi-clienti-di-salud-alla-maratona-di-monaco\/#primaryimage"},"image":{"@id":"https:\/\/italcamara-es.com\/it\/notizie\/generali-espana-invita-i-suoi-clienti-di-salud-alla-maratona-di-monaco\/#primaryimage"},"thumbnailUrl":"https:\/\/italcamara-es.com\/wp-content\/uploads\/2025\/03\/Generali-Maraton250.jpg","datePublished":"2018-06-25T08:04:06+00:00","author":{"@id":"https:\/\/italcamara-es.com\/#\/schema\/person\/bb3c56263e405bbd9a15171dcfee93bb"},"breadcrumb":{"@id":"https:\/\/italcamara-es.com\/it\/notizie\/generali-espana-invita-i-suoi-clienti-di-salud-alla-maratona-di-monaco\/#breadcrumb"},"inLanguage":"it-IT","potentialAction":[{"@type":"ReadAction","target":["https:\/\/italcamara-es.com\/it\/notizie\/generali-espana-invita-i-suoi-clienti-di-salud-alla-maratona-di-monaco\/"]}]},{"@type":"ImageObject","inLanguage":"it-IT","@id":"https:\/\/italcamara-es.com\/it\/notizie\/generali-espana-invita-i-suoi-clienti-di-salud-alla-maratona-di-monaco\/#primaryimage","url":"https:\/\/italcamara-es.com\/wp-content\/uploads\/2025\/03\/Generali-Maraton250.jpg","contentUrl":"https:\/\/italcamara-es.com\/wp-content\/uploads\/2025\/03\/Generali-Maraton250.jpg","width":250,"height":141},{"@type":"BreadcrumbList","@id":"https:\/\/italcamara-es.com\/it\/notizie\/generali-espana-invita-i-suoi-clienti-di-salud-alla-maratona-di-monaco\/#breadcrumb","itemListElement":[{"@type":"ListItem","position":1,"name":"Inicio","item":"https:\/\/italcamara-es.com\/"},{"@type":"ListItem","position":2,"name":"GENERALI Espa\u00f1a invita i suoi clienti di Salud alla Maratona di Monaco"}]},{"@type":"WebSite","@id":"https:\/\/italcamara-es.com\/#website","url":"https:\/\/italcamara-es.com\/","name":"Italcamara","description":"","potentialAction":[{"@type":"SearchAction","target":{"@type":"EntryPoint","urlTemplate":"https:\/\/italcamara-es.com\/?s={search_term_string}"},"query-input":{"@type":"PropertyValueSpecification","valueRequired":true,"valueName":"search_term_string"}}],"inLanguage":"it-IT"},{"@type":"Person","@id":"https:\/\/italcamara-es.com\/#\/schema\/person\/bb3c56263e405bbd9a15171dcfee93bb","name":"administrador","image":{"@type":"ImageObject","inLanguage":"it-IT","@id":"https:\/\/secure.gravatar.com\/avatar\/14b5e63db38320b12031bb28cf9f77e210aa71fb3a8a3602a3c9a05134fa75eb?s=96&d=mm&r=g","url":"https:\/\/secure.gravatar.com\/avatar\/14b5e63db38320b12031bb28cf9f77e210aa71fb3a8a3602a3c9a05134fa75eb?s=96&d=mm&r=g","contentUrl":"https:\/\/secure.gravatar.com\/avatar\/14b5e63db38320b12031bb28cf9f77e210aa71fb3a8a3602a3c9a05134fa75eb?s=96&d=mm&r=g","caption":"administrador"},"sameAs":["http:\/\/pre.italcamara-es.com"],"url":"https:\/\/italcamara-es.com\/it\/author\/administrador\/"}]}},"rttpg_featured_image_url":{"full":["https:\/\/italcamara-es.com\/wp-content\/uploads\/2025\/03\/Generali-Maraton250.jpg",250,141,false],"landscape":["https:\/\/italcamara-es.com\/wp-content\/uploads\/2025\/03\/Generali-Maraton250.jpg",250,141,false],"portraits":["https:\/\/italcamara-es.com\/wp-content\/uploads\/2025\/03\/Generali-Maraton250.jpg",250,141,false],"thumbnail":["https:\/\/italcamara-es.com\/wp-content\/uploads\/2025\/03\/Generali-Maraton250-150x141.jpg",150,141,true],"medium":["https:\/\/italcamara-es.com\/wp-content\/uploads\/2025\/03\/Generali-Maraton250.jpg",250,141,false],"large":["https:\/\/italcamara-es.com\/wp-content\/uploads\/2025\/03\/Generali-Maraton250.jpg",250,141,false],"1536x1536":["https:\/\/italcamara-es.com\/wp-content\/uploads\/2025\/03\/Generali-Maraton250.jpg",250,141,false],"2048x2048":["https:\/\/italcamara-es.com\/wp-content\/uploads\/2025\/03\/Generali-Maraton250.jpg",250,141,false],"ocean-thumb-m":["https:\/\/italcamara-es.com\/wp-content\/uploads\/2025\/03\/Generali-Maraton250.jpg",250,141,false],"ocean-thumb-ml":["https:\/\/italcamara-es.com\/wp-content\/uploads\/2025\/03\/Generali-Maraton250.jpg",250,141,false],"ocean-thumb-l":["https:\/\/italcamara-es.com\/wp-content\/uploads\/2025\/03\/Generali-Maraton250.jpg",250,141,false],"directorist_preview":["https:\/\/italcamara-es.com\/wp-content\/uploads\/2025\/03\/Generali-Maraton250.jpg",250,141,false]},"rttpg_author":{"display_name":"administrador","author_link":"https:\/\/italcamara-es.com\/it\/author\/administrador\/"},"rttpg_comment":0,"rttpg_category":"<a href=\"https:\/\/italcamara-es.com\/it\/category\/notizie\/\" rel=\"category tag\">Notizie<\/a>","rttpg_excerpt":"GENERALI promuove stili di vita sani. Per questo, la compagnia assicurativa sorteggia 15 posti per partecipare alla maratona di Monaco, che si terr\u00e0 il prossimo 14 ottobre, tra gli attuali clienti che hanno contrattato la poliza Salud, cos\u00ec come i nuovi clienti che la contratteranno entro il 31 luglio. &nbsp; Per far conoscere questa campagna,&hellip;","_links":{"self":[{"href":"https:\/\/italcamara-es.com\/it\/wp-json\/wp\/v2\/posts\/56980","targetHints":{"allow":["GET"]}}],"collection":[{"href":"https:\/\/italcamara-es.com\/it\/wp-json\/wp\/v2\/posts"}],"about":[{"href":"https:\/\/italcamara-es.com\/it\/wp-json\/wp\/v2\/types\/post"}],"author":[{"embeddable":true,"href":"https:\/\/italcamara-es.com\/it\/wp-json\/wp\/v2\/users\/1"}],"replies":[{"embeddable":true,"href":"https:\/\/italcamara-es.com\/it\/wp-json\/wp\/v2\/comments?post=56980"}],"version-history":[{"count":0,"href":"https:\/\/italcamara-es.com\/it\/wp-json\/wp\/v2\/posts\/56980\/revisions"}],"wp:featuredmedia":[{"embeddable":true,"href":"https:\/\/italcamara-es.com\/it\/wp-json\/wp\/v2\/media\/52577"}],"wp:attachment":[{"href":"https:\/\/italcamara-es.com\/it\/wp-json\/wp\/v2\/media?parent=56980"}],"wp:term":[{"taxonomy":"category","embeddable":true,"href":"https:\/\/italcamara-es.com\/it\/wp-json\/wp\/v2\/categories?post=56980"},{"taxonomy":"post_tag","embeddable":true,"href":"https:\/\/italcamara-es.com\/it\/wp-json\/wp\/v2\/tags?post=56980"}],"curies":[{"name":"wp","href":"https:\/\/api.w.org\/{rel}","templated":true}]}}