	{"id":56988,"date":"2018-09-24T10:41:52","date_gmt":"2018-09-24T08:41:52","guid":{"rendered":"http:\/\/pre.italcamara-es.com\/senza-categoria\/generali-integra-tutti-i-suoi-servizi-in-una-nuova-app\/"},"modified":"2018-09-24T10:41:52","modified_gmt":"2018-09-24T08:41:52","slug":"generali-integra-tutti-i-suoi-servizi-in-una-nuova-app","status":"publish","type":"post","link":"https:\/\/italcamara-es.com\/it\/notizie\/generali-integra-tutti-i-suoi-servizi-in-una-nuova-app\/","title":{"rendered":"GENERALI integra tutti i suoi servizi in una nuova App"},"content":{"rendered":"<p>Generali ha lanciato una nuova APP, <strong>MI GENERALI<\/strong>, che permette ai suoi clienti di compiere operazioni in modo facile, cos\u00ec come accedere a nuovi ed esclusivi servizi.<\/p>\n<p>&nbsp;<\/p>\n<p>Questa iniziativa aspira a rivoluzionare la forma con la quale la compagnia interagisce con i suoi clienti. <strong>Isabelle Conner<\/strong>, Responsabile Marketing &amp; dell\u2019Attenzione al Cliente di GENERALI ha spiegato che \u201c<em>grazie a questa applicazione, mettiamo in contatto il cliente, l\u2019intermediario e la compagnia in modo integrato attraverso il cellulare. Questa iniziativa semplifica i nostri sforzi continui in tema di nuove tecnologie, permettendo cambi strutturali nei nostri modelli operativi. L\u2019applicazione MI GENERALI accelerer\u00e0 lo sviluppo di soluzioni ed aumenter\u00e0 la nostra capacit\u00e0 di offrire servizi, migliorando la qualit\u00e0 dei nostri prodotti. Per migliorare l\u2019esperienza dei nostri clienti, abbiamo accelerato lo sviluppo di questi servizi in vari Paesi grazie all\u2019utilizzazione di un quadro comune che ci ha permesso di ridurre i tempi di implementazione<\/em>\u201d.<\/p>\n<p>&nbsp;<\/p>\n<p>MI GENERALI permette agli utenti di accedere a tutte le proprie polize e realizzare consultazioni sui servizi in qualsiasi momento. Allo stesso tempo, facilita il contatto diretto con l\u2019intermediario.<\/p>\n<p>&nbsp;<\/p>\n<p>GENERALI ha incluso funzionalit\u00e0 che facilitano la gestione di qualsiasi tipo di eventualit\u00e0. Quotidianamente, gli utenti potranno notificare un sinistro, seguire lo stesso e conoscere i prossimi passi per la sua soluzione. Se si trovano di fronte ad una situaizone di emergenza, possono richiedere assistenza. Il sistema di seguito dei sinistri permette di conoscere lo stato nel quale si trovano gli stessi e la possibilit\u00e0 di includere fatture o fotografie descrittive dei danni.<\/p>\n<p>&nbsp;<\/p>\n<p>L\u2019applicazione include il Tracking carri attrezzi, che permette di richiedere assistenza stradale attraverso l\u2019App. Nel caso delle assicurazioni mediche, i clienti avranno la possibilit\u00e0 di accedere a Doctor Online 24 ore, un servizio pensato affinch\u00e9 gli utenti possano mantere un contatto pi\u00f9 diretto e fluido con il proprio medico.<\/p>\n<p>&nbsp;<\/p>\n<p>Nell\u2019ambito della gestione patrimoniale e finanziaria dei prodotti di risparmio ed investimento, l\u2019App permette di accedere in tempo reale alla posizione finanziaria, affinch\u00e9 il cliente possa monitorare in ciascun momento l\u2019evoluzione dei risparmi e degli investimenti. Includer\u00e0, inoltre, la possibilit\u00e0 di realizzare transazioni relative a questi prodotti, polize e piani.<\/p>\n<p>&nbsp;<\/p>\n<p>Questo lancio \u00e8 un chiaro esempio della scommessa di GENERALI per semplificare processi, dato che attraverso dell\u2019applicazione i clienti potranno gestire le proprie polize, cos\u00ec come accedere al programma di fidelizzazione, il \u201cCub M\u00e1s que Seguro\u201d.<br \/>\n<strong>Santiago Villa<\/strong>, Consigliere Delegato di GENERALI Spagna, ha affermato che \u201c<em>questo lancio fa parte della strategia digitale che abbiamo consolidato e che ha come obiettivo quello di migliorare l\u2019esperienza dei nostri clienti, facilitando la comunicazione e l\u2019informazione<\/em>\u201d. Inoltre, Villa ha aggiunto che \u201c<em>GENERALI intende l\u2019innovazione come un processo di trasformazione continua che ci permette di rispondere ai nuovi standard e aspettative dei nostri clienti<\/em>\u201d.<\/p>\n<p>&nbsp;<\/p>\n<p>I clienti di GENERALI possono scaricare gratuitamente l\u2019applicazione, che \u00e8 disponibile per smartphone y tablet iOS e Android nell\u2019App Store e Play Store. Inoltre, MI GENERALI \u00e8 disponibile anche su <span style=\"color: #003366;\"><a style=\"color: #003366;\" href=\"http:\/\/www.generali.es\" target=\"_blank\" rel=\"noopener\">www.generali.es<\/a><\/span>.<\/p>\n<p>&nbsp;<\/p>\n<p>Puoi ottenere maggiori informazioni sull\u2019applicazione attraverso il video disponibile a questo <span style=\"color: #003366;\"><a style=\"color: #003366;\" href=\"https:\/\/player.vimeo.com\/video\/280140893?autoplay=1\" target=\"_blank\" rel=\"noopener\">link<\/a><\/span>.<\/p>\n","protected":false},"excerpt":{"rendered":"<p>Generali ha lanciato una nuova APP, MI GENERALI, che permette ai suoi clienti di compiere operazioni in modo facile, cos\u00ec come accedere a nuovi ed esclusivi servizi. &nbsp; Questa iniziativa aspira a rivoluzionare la forma con la quale la compagnia interagisce con i suoi clienti. Isabelle Conner, Responsabile Marketing &amp; dell\u2019Attenzione al Cliente di GENERALI [&hellip;]<\/p>\n","protected":false},"author":1,"featured_media":56989,"comment_status":"open","ping_status":"open","sticky":false,"template":"","format":"standard","meta":{"inline_featured_image":false,"ocean_post_layout":"","ocean_both_sidebars_style":"","ocean_both_sidebars_content_width":0,"ocean_both_sidebars_sidebars_width":0,"ocean_sidebar":"","ocean_second_sidebar":"","ocean_disable_margins":"enable","ocean_add_body_class":"","ocean_shortcode_before_top_bar":"","ocean_shortcode_after_top_bar":"","ocean_shortcode_before_header":"","ocean_shortcode_after_header":"","ocean_has_shortcode":"","ocean_shortcode_after_title":"","ocean_shortcode_before_footer_widgets":"","ocean_shortcode_after_footer_widgets":"","ocean_shortcode_before_footer_bottom":"","ocean_shortcode_after_footer_bottom":"","ocean_display_top_bar":"default","ocean_display_header":"default","ocean_header_style":"","ocean_center_header_left_menu":"","ocean_custom_header_template":"","ocean_custom_logo":0,"ocean_custom_retina_logo":0,"ocean_custom_logo_max_width":0,"ocean_custom_logo_tablet_max_width":0,"ocean_custom_logo_mobile_max_width":0,"ocean_custom_logo_max_height":0,"ocean_custom_logo_tablet_max_height":0,"ocean_custom_logo_mobile_max_height":0,"ocean_header_custom_menu":"","ocean_menu_typo_font_family":"","ocean_menu_typo_font_subset":"","ocean_menu_typo_font_size":0,"ocean_menu_typo_font_size_tablet":0,"ocean_menu_typo_font_size_mobile":0,"ocean_menu_typo_font_size_unit":"px","ocean_menu_typo_font_weight":"","ocean_menu_typo_font_weight_tablet":"","ocean_menu_typo_font_weight_mobile":"","ocean_menu_typo_transform":"","ocean_menu_typo_transform_tablet":"","ocean_menu_typo_transform_mobile":"","ocean_menu_typo_line_height":0,"ocean_menu_typo_line_height_tablet":0,"ocean_menu_typo_line_height_mobile":0,"ocean_menu_typo_line_height_unit":"","ocean_menu_typo_spacing":0,"ocean_menu_typo_spacing_tablet":0,"ocean_menu_typo_spacing_mobile":0,"ocean_menu_typo_spacing_unit":"","ocean_menu_link_color":"","ocean_menu_link_color_hover":"","ocean_menu_link_color_active":"","ocean_menu_link_background":"","ocean_menu_link_hover_background":"","ocean_menu_link_active_background":"","ocean_menu_social_links_bg":"","ocean_menu_social_hover_links_bg":"","ocean_menu_social_links_color":"","ocean_menu_social_hover_links_color":"","ocean_disable_title":"default","ocean_disable_heading":"default","ocean_post_title":"","ocean_post_subheading":"","ocean_post_title_style":"","ocean_post_title_background_color":"","ocean_post_title_background":0,"ocean_post_title_bg_image_position":"","ocean_post_title_bg_image_attachment":"","ocean_post_title_bg_image_repeat":"","ocean_post_title_bg_image_size":"","ocean_post_title_height":0,"ocean_post_title_bg_overlay":0.5,"ocean_post_title_bg_overlay_color":"","ocean_disable_breadcrumbs":"default","ocean_breadcrumbs_color":"","ocean_breadcrumbs_separator_color":"","ocean_breadcrumbs_links_color":"","ocean_breadcrumbs_links_hover_color":"","ocean_display_footer_widgets":"default","ocean_display_footer_bottom":"default","ocean_custom_footer_template":"","ocean_post_oembed":"","ocean_post_self_hosted_media":"","ocean_post_video_embed":"","ocean_link_format":"","ocean_link_format_target":"self","ocean_quote_format":"","ocean_quote_format_link":"post","ocean_gallery_link_images":"on","ocean_gallery_id":[],"footnotes":""},"categories":[133],"tags":[],"class_list":["post-56988","post","type-post","status-publish","format-standard","has-post-thumbnail","hentry","category-notizie","entry","has-media"],"yoast_head":"<!-- This site is optimized with the Yoast SEO plugin v27.5 - https:\/\/yoast.com\/product\/yoast-seo-wordpress\/ -->\n<title>GENERALI integra tutti i suoi servizi in una nuova App - Italcamara<\/title>\n<meta name=\"robots\" content=\"index, follow, max-snippet:-1, max-image-preview:large, max-video-preview:-1\" \/>\n<link rel=\"canonical\" href=\"https:\/\/italcamara-es.com\/it\/notizie\/generali-integra-tutti-i-suoi-servizi-in-una-nuova-app\/\" \/>\n<meta property=\"og:locale\" content=\"it_IT\" \/>\n<meta property=\"og:type\" content=\"article\" \/>\n<meta property=\"og:title\" content=\"GENERALI integra tutti i suoi servizi in una nuova App - Italcamara\" \/>\n<meta property=\"og:description\" content=\"Generali ha lanciato una nuova APP, MI GENERALI, che permette ai suoi clienti di compiere operazioni in modo facile, cos\u00ec come accedere a nuovi ed esclusivi servizi. &nbsp; Questa iniziativa aspira a rivoluzionare la forma con la quale la compagnia interagisce con i suoi clienti. Isabelle Conner, Responsabile Marketing &amp; dell\u2019Attenzione al Cliente di GENERALI [&hellip;]\" \/>\n<meta property=\"og:url\" content=\"https:\/\/italcamara-es.com\/it\/notizie\/generali-integra-tutti-i-suoi-servizi-in-una-nuova-app\/\" \/>\n<meta property=\"og:site_name\" content=\"Italcamara\" \/>\n<meta property=\"article:published_time\" content=\"2018-09-24T08:41:52+00:00\" \/>\n<meta property=\"og:image\" content=\"https:\/\/italcamara-es.com\/wp-content\/uploads\/2025\/03\/Generali2502.jpg\" \/>\n\t<meta property=\"og:image:width\" content=\"250\" \/>\n\t<meta property=\"og:image:height\" content=\"142\" \/>\n\t<meta property=\"og:image:type\" content=\"image\/jpeg\" \/>\n<meta name=\"author\" content=\"administrador\" \/>\n<meta name=\"twitter:card\" content=\"summary_large_image\" \/>\n<meta name=\"twitter:label1\" content=\"Scritto da\" \/>\n\t<meta name=\"twitter:data1\" content=\"administrador\" \/>\n\t<meta name=\"twitter:label2\" content=\"Tempo di lettura stimato\" \/>\n\t<meta name=\"twitter:data2\" content=\"3 minuti\" \/>\n<script type=\"application\/ld+json\" class=\"yoast-schema-graph\">{\"@context\":\"https:\\\/\\\/schema.org\",\"@graph\":[{\"@type\":\"Article\",\"@id\":\"https:\\\/\\\/italcamara-es.com\\\/it\\\/notizie\\\/generali-integra-tutti-i-suoi-servizi-in-una-nuova-app\\\/#article\",\"isPartOf\":{\"@id\":\"https:\\\/\\\/italcamara-es.com\\\/it\\\/notizie\\\/generali-integra-tutti-i-suoi-servizi-in-una-nuova-app\\\/\"},\"author\":{\"name\":\"administrador\",\"@id\":\"https:\\\/\\\/italcamara-es.com\\\/#\\\/schema\\\/person\\\/bb3c56263e405bbd9a15171dcfee93bb\"},\"headline\":\"GENERALI integra tutti i suoi servizi in una nuova App\",\"datePublished\":\"2018-09-24T08:41:52+00:00\",\"mainEntityOfPage\":{\"@id\":\"https:\\\/\\\/italcamara-es.com\\\/it\\\/notizie\\\/generali-integra-tutti-i-suoi-servizi-in-una-nuova-app\\\/\"},\"wordCount\":528,\"commentCount\":0,\"image\":{\"@id\":\"https:\\\/\\\/italcamara-es.com\\\/it\\\/notizie\\\/generali-integra-tutti-i-suoi-servizi-in-una-nuova-app\\\/#primaryimage\"},\"thumbnailUrl\":\"https:\\\/\\\/italcamara-es.com\\\/wp-content\\\/uploads\\\/2025\\\/03\\\/Generali2502.jpg\",\"articleSection\":[\"Notizie\"],\"inLanguage\":\"it-IT\",\"potentialAction\":[{\"@type\":\"CommentAction\",\"name\":\"Comment\",\"target\":[\"https:\\\/\\\/italcamara-es.com\\\/it\\\/notizie\\\/generali-integra-tutti-i-suoi-servizi-in-una-nuova-app\\\/#respond\"]}]},{\"@type\":\"WebPage\",\"@id\":\"https:\\\/\\\/italcamara-es.com\\\/it\\\/notizie\\\/generali-integra-tutti-i-suoi-servizi-in-una-nuova-app\\\/\",\"url\":\"https:\\\/\\\/italcamara-es.com\\\/it\\\/notizie\\\/generali-integra-tutti-i-suoi-servizi-in-una-nuova-app\\\/\",\"name\":\"GENERALI integra tutti i suoi servizi in una nuova App - Italcamara\",\"isPartOf\":{\"@id\":\"https:\\\/\\\/italcamara-es.com\\\/#website\"},\"primaryImageOfPage\":{\"@id\":\"https:\\\/\\\/italcamara-es.com\\\/it\\\/notizie\\\/generali-integra-tutti-i-suoi-servizi-in-una-nuova-app\\\/#primaryimage\"},\"image\":{\"@id\":\"https:\\\/\\\/italcamara-es.com\\\/it\\\/notizie\\\/generali-integra-tutti-i-suoi-servizi-in-una-nuova-app\\\/#primaryimage\"},\"thumbnailUrl\":\"https:\\\/\\\/italcamara-es.com\\\/wp-content\\\/uploads\\\/2025\\\/03\\\/Generali2502.jpg\",\"datePublished\":\"2018-09-24T08:41:52+00:00\",\"author\":{\"@id\":\"https:\\\/\\\/italcamara-es.com\\\/#\\\/schema\\\/person\\\/bb3c56263e405bbd9a15171dcfee93bb\"},\"breadcrumb\":{\"@id\":\"https:\\\/\\\/italcamara-es.com\\\/it\\\/notizie\\\/generali-integra-tutti-i-suoi-servizi-in-una-nuova-app\\\/#breadcrumb\"},\"inLanguage\":\"it-IT\",\"potentialAction\":[{\"@type\":\"ReadAction\",\"target\":[\"https:\\\/\\\/italcamara-es.com\\\/it\\\/notizie\\\/generali-integra-tutti-i-suoi-servizi-in-una-nuova-app\\\/\"]}]},{\"@type\":\"ImageObject\",\"inLanguage\":\"it-IT\",\"@id\":\"https:\\\/\\\/italcamara-es.com\\\/it\\\/notizie\\\/generali-integra-tutti-i-suoi-servizi-in-una-nuova-app\\\/#primaryimage\",\"url\":\"https:\\\/\\\/italcamara-es.com\\\/wp-content\\\/uploads\\\/2025\\\/03\\\/Generali2502.jpg\",\"contentUrl\":\"https:\\\/\\\/italcamara-es.com\\\/wp-content\\\/uploads\\\/2025\\\/03\\\/Generali2502.jpg\",\"width\":250,\"height\":142},{\"@type\":\"BreadcrumbList\",\"@id\":\"https:\\\/\\\/italcamara-es.com\\\/it\\\/notizie\\\/generali-integra-tutti-i-suoi-servizi-in-una-nuova-app\\\/#breadcrumb\",\"itemListElement\":[{\"@type\":\"ListItem\",\"position\":1,\"name\":\"Inicio\",\"item\":\"https:\\\/\\\/italcamara-es.com\\\/it\\\/homepage-ita\\\/\"},{\"@type\":\"ListItem\",\"position\":2,\"name\":\"GENERALI integra tutti i suoi servizi in una nuova App\"}]},{\"@type\":\"WebSite\",\"@id\":\"https:\\\/\\\/italcamara-es.com\\\/#website\",\"url\":\"https:\\\/\\\/italcamara-es.com\\\/\",\"name\":\"Italcamara\",\"description\":\"\",\"potentialAction\":[{\"@type\":\"SearchAction\",\"target\":{\"@type\":\"EntryPoint\",\"urlTemplate\":\"https:\\\/\\\/italcamara-es.com\\\/?s={search_term_string}\"},\"query-input\":{\"@type\":\"PropertyValueSpecification\",\"valueRequired\":true,\"valueName\":\"search_term_string\"}}],\"inLanguage\":\"it-IT\"},{\"@type\":\"Person\",\"@id\":\"https:\\\/\\\/italcamara-es.com\\\/#\\\/schema\\\/person\\\/bb3c56263e405bbd9a15171dcfee93bb\",\"name\":\"administrador\",\"image\":{\"@type\":\"ImageObject\",\"inLanguage\":\"it-IT\",\"@id\":\"https:\\\/\\\/secure.gravatar.com\\\/avatar\\\/14b5e63db38320b12031bb28cf9f77e210aa71fb3a8a3602a3c9a05134fa75eb?s=96&d=mm&r=g\",\"url\":\"https:\\\/\\\/secure.gravatar.com\\\/avatar\\\/14b5e63db38320b12031bb28cf9f77e210aa71fb3a8a3602a3c9a05134fa75eb?s=96&d=mm&r=g\",\"contentUrl\":\"https:\\\/\\\/secure.gravatar.com\\\/avatar\\\/14b5e63db38320b12031bb28cf9f77e210aa71fb3a8a3602a3c9a05134fa75eb?s=96&d=mm&r=g\",\"caption\":\"administrador\"},\"sameAs\":[\"http:\\\/\\\/pre.italcamara-es.com\"],\"url\":\"https:\\\/\\\/italcamara-es.com\\\/it\\\/author\\\/administrador\\\/\"}]}<\/script>\n<!-- \/ Yoast SEO plugin. -->","yoast_head_json":{"title":"GENERALI integra tutti i suoi servizi in una nuova App - Italcamara","robots":{"index":"index","follow":"follow","max-snippet":"max-snippet:-1","max-image-preview":"max-image-preview:large","max-video-preview":"max-video-preview:-1"},"canonical":"https:\/\/italcamara-es.com\/it\/notizie\/generali-integra-tutti-i-suoi-servizi-in-una-nuova-app\/","og_locale":"it_IT","og_type":"article","og_title":"GENERALI integra tutti i suoi servizi in una nuova App - Italcamara","og_description":"Generali ha lanciato una nuova APP, MI GENERALI, che permette ai suoi clienti di compiere operazioni in modo facile, cos\u00ec come accedere a nuovi ed esclusivi servizi. &nbsp; Questa iniziativa aspira a rivoluzionare la forma con la quale la compagnia interagisce con i suoi clienti. Isabelle Conner, Responsabile Marketing &amp; dell\u2019Attenzione al Cliente di GENERALI [&hellip;]","og_url":"https:\/\/italcamara-es.com\/it\/notizie\/generali-integra-tutti-i-suoi-servizi-in-una-nuova-app\/","og_site_name":"Italcamara","article_published_time":"2018-09-24T08:41:52+00:00","og_image":[{"width":250,"height":142,"url":"https:\/\/italcamara-es.com\/wp-content\/uploads\/2025\/03\/Generali2502.jpg","type":"image\/jpeg"}],"author":"administrador","twitter_card":"summary_large_image","twitter_misc":{"Scritto da":"administrador","Tempo di lettura stimato":"3 minuti"},"schema":{"@context":"https:\/\/schema.org","@graph":[{"@type":"Article","@id":"https:\/\/italcamara-es.com\/it\/notizie\/generali-integra-tutti-i-suoi-servizi-in-una-nuova-app\/#article","isPartOf":{"@id":"https:\/\/italcamara-es.com\/it\/notizie\/generali-integra-tutti-i-suoi-servizi-in-una-nuova-app\/"},"author":{"name":"administrador","@id":"https:\/\/italcamara-es.com\/#\/schema\/person\/bb3c56263e405bbd9a15171dcfee93bb"},"headline":"GENERALI integra tutti i suoi servizi in una nuova App","datePublished":"2018-09-24T08:41:52+00:00","mainEntityOfPage":{"@id":"https:\/\/italcamara-es.com\/it\/notizie\/generali-integra-tutti-i-suoi-servizi-in-una-nuova-app\/"},"wordCount":528,"commentCount":0,"image":{"@id":"https:\/\/italcamara-es.com\/it\/notizie\/generali-integra-tutti-i-suoi-servizi-in-una-nuova-app\/#primaryimage"},"thumbnailUrl":"https:\/\/italcamara-es.com\/wp-content\/uploads\/2025\/03\/Generali2502.jpg","articleSection":["Notizie"],"inLanguage":"it-IT","potentialAction":[{"@type":"CommentAction","name":"Comment","target":["https:\/\/italcamara-es.com\/it\/notizie\/generali-integra-tutti-i-suoi-servizi-in-una-nuova-app\/#respond"]}]},{"@type":"WebPage","@id":"https:\/\/italcamara-es.com\/it\/notizie\/generali-integra-tutti-i-suoi-servizi-in-una-nuova-app\/","url":"https:\/\/italcamara-es.com\/it\/notizie\/generali-integra-tutti-i-suoi-servizi-in-una-nuova-app\/","name":"GENERALI integra tutti i suoi servizi in una nuova App - Italcamara","isPartOf":{"@id":"https:\/\/italcamara-es.com\/#website"},"primaryImageOfPage":{"@id":"https:\/\/italcamara-es.com\/it\/notizie\/generali-integra-tutti-i-suoi-servizi-in-una-nuova-app\/#primaryimage"},"image":{"@id":"https:\/\/italcamara-es.com\/it\/notizie\/generali-integra-tutti-i-suoi-servizi-in-una-nuova-app\/#primaryimage"},"thumbnailUrl":"https:\/\/italcamara-es.com\/wp-content\/uploads\/2025\/03\/Generali2502.jpg","datePublished":"2018-09-24T08:41:52+00:00","author":{"@id":"https:\/\/italcamara-es.com\/#\/schema\/person\/bb3c56263e405bbd9a15171dcfee93bb"},"breadcrumb":{"@id":"https:\/\/italcamara-es.com\/it\/notizie\/generali-integra-tutti-i-suoi-servizi-in-una-nuova-app\/#breadcrumb"},"inLanguage":"it-IT","potentialAction":[{"@type":"ReadAction","target":["https:\/\/italcamara-es.com\/it\/notizie\/generali-integra-tutti-i-suoi-servizi-in-una-nuova-app\/"]}]},{"@type":"ImageObject","inLanguage":"it-IT","@id":"https:\/\/italcamara-es.com\/it\/notizie\/generali-integra-tutti-i-suoi-servizi-in-una-nuova-app\/#primaryimage","url":"https:\/\/italcamara-es.com\/wp-content\/uploads\/2025\/03\/Generali2502.jpg","contentUrl":"https:\/\/italcamara-es.com\/wp-content\/uploads\/2025\/03\/Generali2502.jpg","width":250,"height":142},{"@type":"BreadcrumbList","@id":"https:\/\/italcamara-es.com\/it\/notizie\/generali-integra-tutti-i-suoi-servizi-in-una-nuova-app\/#breadcrumb","itemListElement":[{"@type":"ListItem","position":1,"name":"Inicio","item":"https:\/\/italcamara-es.com\/it\/homepage-ita\/"},{"@type":"ListItem","position":2,"name":"GENERALI integra tutti i suoi servizi in una nuova App"}]},{"@type":"WebSite","@id":"https:\/\/italcamara-es.com\/#website","url":"https:\/\/italcamara-es.com\/","name":"Italcamara","description":"","potentialAction":[{"@type":"SearchAction","target":{"@type":"EntryPoint","urlTemplate":"https:\/\/italcamara-es.com\/?s={search_term_string}"},"query-input":{"@type":"PropertyValueSpecification","valueRequired":true,"valueName":"search_term_string"}}],"inLanguage":"it-IT"},{"@type":"Person","@id":"https:\/\/italcamara-es.com\/#\/schema\/person\/bb3c56263e405bbd9a15171dcfee93bb","name":"administrador","image":{"@type":"ImageObject","inLanguage":"it-IT","@id":"https:\/\/secure.gravatar.com\/avatar\/14b5e63db38320b12031bb28cf9f77e210aa71fb3a8a3602a3c9a05134fa75eb?s=96&d=mm&r=g","url":"https:\/\/secure.gravatar.com\/avatar\/14b5e63db38320b12031bb28cf9f77e210aa71fb3a8a3602a3c9a05134fa75eb?s=96&d=mm&r=g","contentUrl":"https:\/\/secure.gravatar.com\/avatar\/14b5e63db38320b12031bb28cf9f77e210aa71fb3a8a3602a3c9a05134fa75eb?s=96&d=mm&r=g","caption":"administrador"},"sameAs":["http:\/\/pre.italcamara-es.com"],"url":"https:\/\/italcamara-es.com\/it\/author\/administrador\/"}]}},"rttpg_featured_image_url":{"full":["https:\/\/italcamara-es.com\/wp-content\/uploads\/2025\/03\/Generali2502.jpg",250,142,false],"landscape":["https:\/\/italcamara-es.com\/wp-content\/uploads\/2025\/03\/Generali2502.jpg",250,142,false],"portraits":["https:\/\/italcamara-es.com\/wp-content\/uploads\/2025\/03\/Generali2502.jpg",250,142,false],"thumbnail":["https:\/\/italcamara-es.com\/wp-content\/uploads\/2025\/03\/Generali2502-150x142.jpg",150,142,true],"medium":["https:\/\/italcamara-es.com\/wp-content\/uploads\/2025\/03\/Generali2502.jpg",250,142,false],"large":["https:\/\/italcamara-es.com\/wp-content\/uploads\/2025\/03\/Generali2502.jpg",250,142,false],"1536x1536":["https:\/\/italcamara-es.com\/wp-content\/uploads\/2025\/03\/Generali2502.jpg",250,142,false],"2048x2048":["https:\/\/italcamara-es.com\/wp-content\/uploads\/2025\/03\/Generali2502.jpg",250,142,false],"ocean-thumb-m":["https:\/\/italcamara-es.com\/wp-content\/uploads\/2025\/03\/Generali2502.jpg",250,142,false],"ocean-thumb-ml":["https:\/\/italcamara-es.com\/wp-content\/uploads\/2025\/03\/Generali2502.jpg",250,142,false],"ocean-thumb-l":["https:\/\/italcamara-es.com\/wp-content\/uploads\/2025\/03\/Generali2502.jpg",250,142,false],"directorist_preview":["https:\/\/italcamara-es.com\/wp-content\/uploads\/2025\/03\/Generali2502.jpg",250,142,false]},"rttpg_author":{"display_name":"administrador","author_link":"https:\/\/italcamara-es.com\/it\/author\/administrador\/"},"rttpg_comment":0,"rttpg_category":"<a href=\"https:\/\/italcamara-es.com\/it\/category\/notizie\/\" rel=\"category tag\">Notizie<\/a>","rttpg_excerpt":"Generali ha lanciato una nuova APP, MI GENERALI, che permette ai suoi clienti di compiere operazioni in modo facile, cos\u00ec come accedere a nuovi ed esclusivi servizi. &nbsp; Questa iniziativa aspira a rivoluzionare la forma con la quale la compagnia interagisce con i suoi clienti. Isabelle Conner, Responsabile Marketing &amp; dell\u2019Attenzione al Cliente di GENERALI&hellip;","_links":{"self":[{"href":"https:\/\/italcamara-es.com\/it\/wp-json\/wp\/v2\/posts\/56988","targetHints":{"allow":["GET"]}}],"collection":[{"href":"https:\/\/italcamara-es.com\/it\/wp-json\/wp\/v2\/posts"}],"about":[{"href":"https:\/\/italcamara-es.com\/it\/wp-json\/wp\/v2\/types\/post"}],"author":[{"embeddable":true,"href":"https:\/\/italcamara-es.com\/it\/wp-json\/wp\/v2\/users\/1"}],"replies":[{"embeddable":true,"href":"https:\/\/italcamara-es.com\/it\/wp-json\/wp\/v2\/comments?post=56988"}],"version-history":[{"count":0,"href":"https:\/\/italcamara-es.com\/it\/wp-json\/wp\/v2\/posts\/56988\/revisions"}],"wp:featuredmedia":[{"embeddable":true,"href":"https:\/\/italcamara-es.com\/it\/wp-json\/wp\/v2\/media\/56989"}],"wp:attachment":[{"href":"https:\/\/italcamara-es.com\/it\/wp-json\/wp\/v2\/media?parent=56988"}],"wp:term":[{"taxonomy":"category","embeddable":true,"href":"https:\/\/italcamara-es.com\/it\/wp-json\/wp\/v2\/categories?post=56988"},{"taxonomy":"post_tag","embeddable":true,"href":"https:\/\/italcamara-es.com\/it\/wp-json\/wp\/v2\/tags?post=56988"}],"curies":[{"name":"wp","href":"https:\/\/api.w.org\/{rel}","templated":true}]}}