	{"id":56991,"date":"2018-11-30T13:52:12","date_gmt":"2018-11-30T12:52:12","guid":{"rendered":"http:\/\/pre.italcamara-es.com\/senza-categoria\/la-fundacion-abertis-lancia-il-programma-di-educazione-stradale-tenemos-que-repetirlo\/"},"modified":"2018-11-30T13:52:12","modified_gmt":"2018-11-30T12:52:12","slug":"la-fundacion-abertis-lancia-il-programma-di-educazione-stradale-tenemos-que-repetirlo","status":"publish","type":"post","link":"https:\/\/italcamara-es.com\/it\/notizie\/la-fundacion-abertis-lancia-il-programma-di-educazione-stradale-tenemos-que-repetirlo\/","title":{"rendered":"La Fundaci\u00f3n Abertis lancia il programma di educazione stradale \u201cTenemos que repetirlo\u201d"},"content":{"rendered":"<p>La Fondazione Abertis ha lanciato un programma di educazione stradale nelle scuole destinato a giovani ed adolescente. L\u2019obiettivo \u00e8 quello di sensibilizzare i giovani sull\u2019importanza della guida responsabile, specialmente nelle ore notturne e sui rischi che comporta il consumo di alcool e di altre sostanze.<\/p>\n<p>&nbsp;<\/p>\n<p>Fino ad oggi, i dibattiti hanno coinvolto quasi 1.000 alunni di 6 scuole. L\u2019obiettivo \u00e8 quello di coinvolgere 2.000 studenti di 10 istituti. Il programma si intitola \u201cTenemos que repetirlo\u201d (Dobbiamo ripetere), riferendosi alle notti nelle quali i giovani escono per divertirsi.<\/p>\n<p>&nbsp;<\/p>\n<p>Relatore nei dibattiti \u00e8 stato Sebas Lorente (www.sebaslorente.com), famoso oratore motivazionale ed autore del libro \u201c8 d\u00edas levant\u00e1ndome de #BuenHumor\u201d, che offre una testimonianza in prima persona, dato che Lorente \u00e8 rimasto paraplegico dopo un incidente in auto, capitato mentre tornava a casa dopo una serata in discoteca.<\/p>\n<p>&nbsp;<\/p>\n<p><strong>Concorso per squadre<\/strong><br \/>\nGli alunni possono partecipare ad un concorso a squadre, ideato dalla Fundaci\u00f3n Abertis, nel quale ciascuna squadra presenter\u00e0 un lavora che raccolga le impressioni e le conclusioni acquisite in materia di sicurezza stradale e responsabilit\u00e0 al volante. Le squadre saranno formate da gruppi di cinque alunni.<\/p>\n<p>&nbsp;<\/p>\n<p>La squadra vincitrice ricever\u00e0, come premio, un viaggio di una settimana in Irlanda per tutti i propri componenti, che saranno accompagnati da un professore o da un tutor, e che realizzeranno un corso intensivo di inglese.<\/p>\n<p>&nbsp;<\/p>\n<p><strong>Impegno sulla sicurezza stradale infantile e giovanile<\/strong><br \/>\nQuesta azione si inserisce tra le attivit\u00e0 sviluppate dalla Fundaci\u00f3n Abertis per promuovere la sicurezza stradale, specialmente tra bambini e giovani. Il Gruppo Abertis continua ad avere un\u2019alleanza con UNICEF per incentivare la sicurezza stradale dei bambini.<\/p>\n<p>&nbsp;<\/p>\n<p>La Fundaci\u00f3n Abertis sviluppa il progetto KanGo!, riconosciuto con il Premio Barcelona Innovaci\u00f3n Educativa 2018, che incentiva l\u2019utilizzo del trasporto pubblico in modo autonomo da parte degli studenti del distretto di Sarri\u00e1-Sant Gervasi (Barcellona). La Fondazione sviluppa questo programma dal 2014, che ha come obiettivo quello di incentivare il trasporto pubblico tra i pi\u00f9 giovani, incentivando la loro autonomia e favorendo l\u2019inclusione lavorativa delle persone con problemi intelettuali o con la sindrome di Down.<\/p>\n<p>&nbsp;<\/p>\n<p>Allo stesso modo, la Fondazione sviluppa azioni di sensibilizzazione rivolte ai giovani, specialmente in zone frequentate da giovani nel fine settimana, con campagne come \u201cTe queda una vida\u201d (Ti resta una vita) o \u201cEl Apag\u00f3n\u201d (Il blackout), che cercano di sensibilizzare i giovani che escono la notte dei pericoli che comporta guidare sotto effetto di alcool o droghe.<\/p>\n","protected":false},"excerpt":{"rendered":"<p>La Fondazione Abertis ha lanciato un programma di educazione stradale nelle scuole destinato a giovani ed adolescente. L\u2019obiettivo \u00e8 quello di sensibilizzare i giovani sull\u2019importanza della guida responsabile, specialmente nelle ore notturne e sui rischi che comporta il consumo di alcool e di altre sostanze. &nbsp; Fino ad oggi, i dibattiti hanno coinvolto quasi 1.000 [&hellip;]<\/p>\n","protected":false},"author":1,"featured_media":56992,"comment_status":"open","ping_status":"open","sticky":false,"template":"","format":"standard","meta":{"inline_featured_image":false,"ocean_post_layout":"","ocean_both_sidebars_style":"","ocean_both_sidebars_content_width":0,"ocean_both_sidebars_sidebars_width":0,"ocean_sidebar":"","ocean_second_sidebar":"","ocean_disable_margins":"enable","ocean_add_body_class":"","ocean_shortcode_before_top_bar":"","ocean_shortcode_after_top_bar":"","ocean_shortcode_before_header":"","ocean_shortcode_after_header":"","ocean_has_shortcode":"","ocean_shortcode_after_title":"","ocean_shortcode_before_footer_widgets":"","ocean_shortcode_after_footer_widgets":"","ocean_shortcode_before_footer_bottom":"","ocean_shortcode_after_footer_bottom":"","ocean_display_top_bar":"default","ocean_display_header":"default","ocean_header_style":"","ocean_center_header_left_menu":"","ocean_custom_header_template":"","ocean_custom_logo":0,"ocean_custom_retina_logo":0,"ocean_custom_logo_max_width":0,"ocean_custom_logo_tablet_max_width":0,"ocean_custom_logo_mobile_max_width":0,"ocean_custom_logo_max_height":0,"ocean_custom_logo_tablet_max_height":0,"ocean_custom_logo_mobile_max_height":0,"ocean_header_custom_menu":"","ocean_menu_typo_font_family":"","ocean_menu_typo_font_subset":"","ocean_menu_typo_font_size":0,"ocean_menu_typo_font_size_tablet":0,"ocean_menu_typo_font_size_mobile":0,"ocean_menu_typo_font_size_unit":"px","ocean_menu_typo_font_weight":"","ocean_menu_typo_font_weight_tablet":"","ocean_menu_typo_font_weight_mobile":"","ocean_menu_typo_transform":"","ocean_menu_typo_transform_tablet":"","ocean_menu_typo_transform_mobile":"","ocean_menu_typo_line_height":0,"ocean_menu_typo_line_height_tablet":0,"ocean_menu_typo_line_height_mobile":0,"ocean_menu_typo_line_height_unit":"","ocean_menu_typo_spacing":0,"ocean_menu_typo_spacing_tablet":0,"ocean_menu_typo_spacing_mobile":0,"ocean_menu_typo_spacing_unit":"","ocean_menu_link_color":"","ocean_menu_link_color_hover":"","ocean_menu_link_color_active":"","ocean_menu_link_background":"","ocean_menu_link_hover_background":"","ocean_menu_link_active_background":"","ocean_menu_social_links_bg":"","ocean_menu_social_hover_links_bg":"","ocean_menu_social_links_color":"","ocean_menu_social_hover_links_color":"","ocean_disable_title":"default","ocean_disable_heading":"default","ocean_post_title":"","ocean_post_subheading":"","ocean_post_title_style":"","ocean_post_title_background_color":"","ocean_post_title_background":0,"ocean_post_title_bg_image_position":"","ocean_post_title_bg_image_attachment":"","ocean_post_title_bg_image_repeat":"","ocean_post_title_bg_image_size":"","ocean_post_title_height":0,"ocean_post_title_bg_overlay":0.5,"ocean_post_title_bg_overlay_color":"","ocean_disable_breadcrumbs":"default","ocean_breadcrumbs_color":"","ocean_breadcrumbs_separator_color":"","ocean_breadcrumbs_links_color":"","ocean_breadcrumbs_links_hover_color":"","ocean_display_footer_widgets":"default","ocean_display_footer_bottom":"default","ocean_custom_footer_template":"","ocean_post_oembed":"","ocean_post_self_hosted_media":"","ocean_post_video_embed":"","ocean_link_format":"","ocean_link_format_target":"self","ocean_quote_format":"","ocean_quote_format_link":"post","ocean_gallery_link_images":"on","ocean_gallery_id":[],"footnotes":""},"categories":[133],"tags":[],"class_list":["post-56991","post","type-post","status-publish","format-standard","has-post-thumbnail","hentry","category-notizie","entry","has-media"],"yoast_head":"<!-- This site is optimized with the Yoast SEO plugin v27.5 - https:\/\/yoast.com\/product\/yoast-seo-wordpress\/ -->\n<title>La Fundaci\u00f3n Abertis lancia il programma di educazione stradale \u201cTenemos que repetirlo\u201d - Italcamara<\/title>\n<meta name=\"robots\" content=\"index, follow, max-snippet:-1, max-image-preview:large, max-video-preview:-1\" \/>\n<link rel=\"canonical\" href=\"https:\/\/italcamara-es.com\/it\/notizie\/la-fundacion-abertis-lancia-il-programma-di-educazione-stradale-tenemos-que-repetirlo\/\" \/>\n<meta property=\"og:locale\" content=\"it_IT\" \/>\n<meta property=\"og:type\" content=\"article\" \/>\n<meta property=\"og:title\" content=\"La Fundaci\u00f3n Abertis lancia il programma di educazione stradale \u201cTenemos que repetirlo\u201d - Italcamara\" \/>\n<meta property=\"og:description\" content=\"La Fondazione Abertis ha lanciato un programma di educazione stradale nelle scuole destinato a giovani ed adolescente. L\u2019obiettivo \u00e8 quello di sensibilizzare i giovani sull\u2019importanza della guida responsabile, specialmente nelle ore notturne e sui rischi che comporta il consumo di alcool e di altre sostanze. &nbsp; Fino ad oggi, i dibattiti hanno coinvolto quasi 1.000 [&hellip;]\" \/>\n<meta property=\"og:url\" content=\"https:\/\/italcamara-es.com\/it\/notizie\/la-fundacion-abertis-lancia-il-programma-di-educazione-stradale-tenemos-que-repetirlo\/\" \/>\n<meta property=\"og:site_name\" content=\"Italcamara\" \/>\n<meta property=\"article:published_time\" content=\"2018-11-30T12:52:12+00:00\" \/>\n<meta property=\"og:image\" content=\"https:\/\/italcamara-es.com\/wp-content\/uploads\/2025\/03\/Abertis-def1.jpg\" \/>\n\t<meta property=\"og:image:width\" content=\"500\" \/>\n\t<meta property=\"og:image:height\" content=\"280\" \/>\n\t<meta property=\"og:image:type\" content=\"image\/jpeg\" \/>\n<meta name=\"author\" content=\"administrador\" \/>\n<meta name=\"twitter:card\" content=\"summary_large_image\" \/>\n<meta name=\"twitter:label1\" content=\"Scritto da\" \/>\n\t<meta name=\"twitter:data1\" content=\"administrador\" \/>\n\t<meta name=\"twitter:label2\" content=\"Tempo di lettura stimato\" \/>\n\t<meta name=\"twitter:data2\" content=\"2 minuti\" \/>\n<script type=\"application\/ld+json\" class=\"yoast-schema-graph\">{\"@context\":\"https:\\\/\\\/schema.org\",\"@graph\":[{\"@type\":\"Article\",\"@id\":\"https:\\\/\\\/italcamara-es.com\\\/it\\\/notizie\\\/la-fundacion-abertis-lancia-il-programma-di-educazione-stradale-tenemos-que-repetirlo\\\/#article\",\"isPartOf\":{\"@id\":\"https:\\\/\\\/italcamara-es.com\\\/it\\\/notizie\\\/la-fundacion-abertis-lancia-il-programma-di-educazione-stradale-tenemos-que-repetirlo\\\/\"},\"author\":{\"name\":\"administrador\",\"@id\":\"https:\\\/\\\/italcamara-es.com\\\/#\\\/schema\\\/person\\\/bb3c56263e405bbd9a15171dcfee93bb\"},\"headline\":\"La Fundaci\u00f3n Abertis lancia il programma di educazione stradale \u201cTenemos que repetirlo\u201d\",\"datePublished\":\"2018-11-30T12:52:12+00:00\",\"mainEntityOfPage\":{\"@id\":\"https:\\\/\\\/italcamara-es.com\\\/it\\\/notizie\\\/la-fundacion-abertis-lancia-il-programma-di-educazione-stradale-tenemos-que-repetirlo\\\/\"},\"wordCount\":421,\"commentCount\":0,\"image\":{\"@id\":\"https:\\\/\\\/italcamara-es.com\\\/it\\\/notizie\\\/la-fundacion-abertis-lancia-il-programma-di-educazione-stradale-tenemos-que-repetirlo\\\/#primaryimage\"},\"thumbnailUrl\":\"https:\\\/\\\/italcamara-es.com\\\/wp-content\\\/uploads\\\/2025\\\/03\\\/Abertis-def1.jpg\",\"articleSection\":[\"Notizie\"],\"inLanguage\":\"it-IT\",\"potentialAction\":[{\"@type\":\"CommentAction\",\"name\":\"Comment\",\"target\":[\"https:\\\/\\\/italcamara-es.com\\\/it\\\/notizie\\\/la-fundacion-abertis-lancia-il-programma-di-educazione-stradale-tenemos-que-repetirlo\\\/#respond\"]}]},{\"@type\":\"WebPage\",\"@id\":\"https:\\\/\\\/italcamara-es.com\\\/it\\\/notizie\\\/la-fundacion-abertis-lancia-il-programma-di-educazione-stradale-tenemos-que-repetirlo\\\/\",\"url\":\"https:\\\/\\\/italcamara-es.com\\\/it\\\/notizie\\\/la-fundacion-abertis-lancia-il-programma-di-educazione-stradale-tenemos-que-repetirlo\\\/\",\"name\":\"La Fundaci\u00f3n Abertis lancia il programma di educazione stradale \u201cTenemos que repetirlo\u201d - Italcamara\",\"isPartOf\":{\"@id\":\"https:\\\/\\\/italcamara-es.com\\\/#website\"},\"primaryImageOfPage\":{\"@id\":\"https:\\\/\\\/italcamara-es.com\\\/it\\\/notizie\\\/la-fundacion-abertis-lancia-il-programma-di-educazione-stradale-tenemos-que-repetirlo\\\/#primaryimage\"},\"image\":{\"@id\":\"https:\\\/\\\/italcamara-es.com\\\/it\\\/notizie\\\/la-fundacion-abertis-lancia-il-programma-di-educazione-stradale-tenemos-que-repetirlo\\\/#primaryimage\"},\"thumbnailUrl\":\"https:\\\/\\\/italcamara-es.com\\\/wp-content\\\/uploads\\\/2025\\\/03\\\/Abertis-def1.jpg\",\"datePublished\":\"2018-11-30T12:52:12+00:00\",\"author\":{\"@id\":\"https:\\\/\\\/italcamara-es.com\\\/#\\\/schema\\\/person\\\/bb3c56263e405bbd9a15171dcfee93bb\"},\"breadcrumb\":{\"@id\":\"https:\\\/\\\/italcamara-es.com\\\/it\\\/notizie\\\/la-fundacion-abertis-lancia-il-programma-di-educazione-stradale-tenemos-que-repetirlo\\\/#breadcrumb\"},\"inLanguage\":\"it-IT\",\"potentialAction\":[{\"@type\":\"ReadAction\",\"target\":[\"https:\\\/\\\/italcamara-es.com\\\/it\\\/notizie\\\/la-fundacion-abertis-lancia-il-programma-di-educazione-stradale-tenemos-que-repetirlo\\\/\"]}]},{\"@type\":\"ImageObject\",\"inLanguage\":\"it-IT\",\"@id\":\"https:\\\/\\\/italcamara-es.com\\\/it\\\/notizie\\\/la-fundacion-abertis-lancia-il-programma-di-educazione-stradale-tenemos-que-repetirlo\\\/#primaryimage\",\"url\":\"https:\\\/\\\/italcamara-es.com\\\/wp-content\\\/uploads\\\/2025\\\/03\\\/Abertis-def1.jpg\",\"contentUrl\":\"https:\\\/\\\/italcamara-es.com\\\/wp-content\\\/uploads\\\/2025\\\/03\\\/Abertis-def1.jpg\",\"width\":500,\"height\":280},{\"@type\":\"BreadcrumbList\",\"@id\":\"https:\\\/\\\/italcamara-es.com\\\/it\\\/notizie\\\/la-fundacion-abertis-lancia-il-programma-di-educazione-stradale-tenemos-que-repetirlo\\\/#breadcrumb\",\"itemListElement\":[{\"@type\":\"ListItem\",\"position\":1,\"name\":\"Inicio\",\"item\":\"https:\\\/\\\/italcamara-es.com\\\/it\\\/homepage-ita\\\/\"},{\"@type\":\"ListItem\",\"position\":2,\"name\":\"La Fundaci\u00f3n Abertis lancia il programma di educazione stradale \u201cTenemos que repetirlo\u201d\"}]},{\"@type\":\"WebSite\",\"@id\":\"https:\\\/\\\/italcamara-es.com\\\/#website\",\"url\":\"https:\\\/\\\/italcamara-es.com\\\/\",\"name\":\"Italcamara\",\"description\":\"\",\"potentialAction\":[{\"@type\":\"SearchAction\",\"target\":{\"@type\":\"EntryPoint\",\"urlTemplate\":\"https:\\\/\\\/italcamara-es.com\\\/?s={search_term_string}\"},\"query-input\":{\"@type\":\"PropertyValueSpecification\",\"valueRequired\":true,\"valueName\":\"search_term_string\"}}],\"inLanguage\":\"it-IT\"},{\"@type\":\"Person\",\"@id\":\"https:\\\/\\\/italcamara-es.com\\\/#\\\/schema\\\/person\\\/bb3c56263e405bbd9a15171dcfee93bb\",\"name\":\"administrador\",\"image\":{\"@type\":\"ImageObject\",\"inLanguage\":\"it-IT\",\"@id\":\"https:\\\/\\\/secure.gravatar.com\\\/avatar\\\/14b5e63db38320b12031bb28cf9f77e210aa71fb3a8a3602a3c9a05134fa75eb?s=96&d=mm&r=g\",\"url\":\"https:\\\/\\\/secure.gravatar.com\\\/avatar\\\/14b5e63db38320b12031bb28cf9f77e210aa71fb3a8a3602a3c9a05134fa75eb?s=96&d=mm&r=g\",\"contentUrl\":\"https:\\\/\\\/secure.gravatar.com\\\/avatar\\\/14b5e63db38320b12031bb28cf9f77e210aa71fb3a8a3602a3c9a05134fa75eb?s=96&d=mm&r=g\",\"caption\":\"administrador\"},\"sameAs\":[\"http:\\\/\\\/pre.italcamara-es.com\"],\"url\":\"https:\\\/\\\/italcamara-es.com\\\/it\\\/author\\\/administrador\\\/\"}]}<\/script>\n<!-- \/ Yoast SEO plugin. -->","yoast_head_json":{"title":"La Fundaci\u00f3n Abertis lancia il programma di educazione stradale \u201cTenemos que repetirlo\u201d - Italcamara","robots":{"index":"index","follow":"follow","max-snippet":"max-snippet:-1","max-image-preview":"max-image-preview:large","max-video-preview":"max-video-preview:-1"},"canonical":"https:\/\/italcamara-es.com\/it\/notizie\/la-fundacion-abertis-lancia-il-programma-di-educazione-stradale-tenemos-que-repetirlo\/","og_locale":"it_IT","og_type":"article","og_title":"La Fundaci\u00f3n Abertis lancia il programma di educazione stradale \u201cTenemos que repetirlo\u201d - Italcamara","og_description":"La Fondazione Abertis ha lanciato un programma di educazione stradale nelle scuole destinato a giovani ed adolescente. L\u2019obiettivo \u00e8 quello di sensibilizzare i giovani sull\u2019importanza della guida responsabile, specialmente nelle ore notturne e sui rischi che comporta il consumo di alcool e di altre sostanze. &nbsp; Fino ad oggi, i dibattiti hanno coinvolto quasi 1.000 [&hellip;]","og_url":"https:\/\/italcamara-es.com\/it\/notizie\/la-fundacion-abertis-lancia-il-programma-di-educazione-stradale-tenemos-que-repetirlo\/","og_site_name":"Italcamara","article_published_time":"2018-11-30T12:52:12+00:00","og_image":[{"width":500,"height":280,"url":"https:\/\/italcamara-es.com\/wp-content\/uploads\/2025\/03\/Abertis-def1.jpg","type":"image\/jpeg"}],"author":"administrador","twitter_card":"summary_large_image","twitter_misc":{"Scritto da":"administrador","Tempo di lettura stimato":"2 minuti"},"schema":{"@context":"https:\/\/schema.org","@graph":[{"@type":"Article","@id":"https:\/\/italcamara-es.com\/it\/notizie\/la-fundacion-abertis-lancia-il-programma-di-educazione-stradale-tenemos-que-repetirlo\/#article","isPartOf":{"@id":"https:\/\/italcamara-es.com\/it\/notizie\/la-fundacion-abertis-lancia-il-programma-di-educazione-stradale-tenemos-que-repetirlo\/"},"author":{"name":"administrador","@id":"https:\/\/italcamara-es.com\/#\/schema\/person\/bb3c56263e405bbd9a15171dcfee93bb"},"headline":"La Fundaci\u00f3n Abertis lancia il programma di educazione stradale \u201cTenemos que repetirlo\u201d","datePublished":"2018-11-30T12:52:12+00:00","mainEntityOfPage":{"@id":"https:\/\/italcamara-es.com\/it\/notizie\/la-fundacion-abertis-lancia-il-programma-di-educazione-stradale-tenemos-que-repetirlo\/"},"wordCount":421,"commentCount":0,"image":{"@id":"https:\/\/italcamara-es.com\/it\/notizie\/la-fundacion-abertis-lancia-il-programma-di-educazione-stradale-tenemos-que-repetirlo\/#primaryimage"},"thumbnailUrl":"https:\/\/italcamara-es.com\/wp-content\/uploads\/2025\/03\/Abertis-def1.jpg","articleSection":["Notizie"],"inLanguage":"it-IT","potentialAction":[{"@type":"CommentAction","name":"Comment","target":["https:\/\/italcamara-es.com\/it\/notizie\/la-fundacion-abertis-lancia-il-programma-di-educazione-stradale-tenemos-que-repetirlo\/#respond"]}]},{"@type":"WebPage","@id":"https:\/\/italcamara-es.com\/it\/notizie\/la-fundacion-abertis-lancia-il-programma-di-educazione-stradale-tenemos-que-repetirlo\/","url":"https:\/\/italcamara-es.com\/it\/notizie\/la-fundacion-abertis-lancia-il-programma-di-educazione-stradale-tenemos-que-repetirlo\/","name":"La Fundaci\u00f3n Abertis lancia il programma di educazione stradale \u201cTenemos que repetirlo\u201d - Italcamara","isPartOf":{"@id":"https:\/\/italcamara-es.com\/#website"},"primaryImageOfPage":{"@id":"https:\/\/italcamara-es.com\/it\/notizie\/la-fundacion-abertis-lancia-il-programma-di-educazione-stradale-tenemos-que-repetirlo\/#primaryimage"},"image":{"@id":"https:\/\/italcamara-es.com\/it\/notizie\/la-fundacion-abertis-lancia-il-programma-di-educazione-stradale-tenemos-que-repetirlo\/#primaryimage"},"thumbnailUrl":"https:\/\/italcamara-es.com\/wp-content\/uploads\/2025\/03\/Abertis-def1.jpg","datePublished":"2018-11-30T12:52:12+00:00","author":{"@id":"https:\/\/italcamara-es.com\/#\/schema\/person\/bb3c56263e405bbd9a15171dcfee93bb"},"breadcrumb":{"@id":"https:\/\/italcamara-es.com\/it\/notizie\/la-fundacion-abertis-lancia-il-programma-di-educazione-stradale-tenemos-que-repetirlo\/#breadcrumb"},"inLanguage":"it-IT","potentialAction":[{"@type":"ReadAction","target":["https:\/\/italcamara-es.com\/it\/notizie\/la-fundacion-abertis-lancia-il-programma-di-educazione-stradale-tenemos-que-repetirlo\/"]}]},{"@type":"ImageObject","inLanguage":"it-IT","@id":"https:\/\/italcamara-es.com\/it\/notizie\/la-fundacion-abertis-lancia-il-programma-di-educazione-stradale-tenemos-que-repetirlo\/#primaryimage","url":"https:\/\/italcamara-es.com\/wp-content\/uploads\/2025\/03\/Abertis-def1.jpg","contentUrl":"https:\/\/italcamara-es.com\/wp-content\/uploads\/2025\/03\/Abertis-def1.jpg","width":500,"height":280},{"@type":"BreadcrumbList","@id":"https:\/\/italcamara-es.com\/it\/notizie\/la-fundacion-abertis-lancia-il-programma-di-educazione-stradale-tenemos-que-repetirlo\/#breadcrumb","itemListElement":[{"@type":"ListItem","position":1,"name":"Inicio","item":"https:\/\/italcamara-es.com\/it\/homepage-ita\/"},{"@type":"ListItem","position":2,"name":"La Fundaci\u00f3n Abertis lancia il programma di educazione stradale \u201cTenemos que repetirlo\u201d"}]},{"@type":"WebSite","@id":"https:\/\/italcamara-es.com\/#website","url":"https:\/\/italcamara-es.com\/","name":"Italcamara","description":"","potentialAction":[{"@type":"SearchAction","target":{"@type":"EntryPoint","urlTemplate":"https:\/\/italcamara-es.com\/?s={search_term_string}"},"query-input":{"@type":"PropertyValueSpecification","valueRequired":true,"valueName":"search_term_string"}}],"inLanguage":"it-IT"},{"@type":"Person","@id":"https:\/\/italcamara-es.com\/#\/schema\/person\/bb3c56263e405bbd9a15171dcfee93bb","name":"administrador","image":{"@type":"ImageObject","inLanguage":"it-IT","@id":"https:\/\/secure.gravatar.com\/avatar\/14b5e63db38320b12031bb28cf9f77e210aa71fb3a8a3602a3c9a05134fa75eb?s=96&d=mm&r=g","url":"https:\/\/secure.gravatar.com\/avatar\/14b5e63db38320b12031bb28cf9f77e210aa71fb3a8a3602a3c9a05134fa75eb?s=96&d=mm&r=g","contentUrl":"https:\/\/secure.gravatar.com\/avatar\/14b5e63db38320b12031bb28cf9f77e210aa71fb3a8a3602a3c9a05134fa75eb?s=96&d=mm&r=g","caption":"administrador"},"sameAs":["http:\/\/pre.italcamara-es.com"],"url":"https:\/\/italcamara-es.com\/it\/author\/administrador\/"}]}},"rttpg_featured_image_url":{"full":["https:\/\/italcamara-es.com\/wp-content\/uploads\/2025\/03\/Abertis-def1.jpg",500,280,false],"landscape":["https:\/\/italcamara-es.com\/wp-content\/uploads\/2025\/03\/Abertis-def1.jpg",500,280,false],"portraits":["https:\/\/italcamara-es.com\/wp-content\/uploads\/2025\/03\/Abertis-def1.jpg",500,280,false],"thumbnail":["https:\/\/italcamara-es.com\/wp-content\/uploads\/2025\/03\/Abertis-def1-150x150.jpg",150,150,true],"medium":["https:\/\/italcamara-es.com\/wp-content\/uploads\/2025\/03\/Abertis-def1-300x168.jpg",300,168,true],"large":["https:\/\/italcamara-es.com\/wp-content\/uploads\/2025\/03\/Abertis-def1.jpg",500,280,false],"1536x1536":["https:\/\/italcamara-es.com\/wp-content\/uploads\/2025\/03\/Abertis-def1.jpg",500,280,false],"2048x2048":["https:\/\/italcamara-es.com\/wp-content\/uploads\/2025\/03\/Abertis-def1.jpg",500,280,false],"ocean-thumb-m":["https:\/\/italcamara-es.com\/wp-content\/uploads\/2025\/03\/Abertis-def1.jpg",500,280,false],"ocean-thumb-ml":["https:\/\/italcamara-es.com\/wp-content\/uploads\/2025\/03\/Abertis-def1.jpg",500,280,false],"ocean-thumb-l":["https:\/\/italcamara-es.com\/wp-content\/uploads\/2025\/03\/Abertis-def1.jpg",500,280,false],"directorist_preview":["https:\/\/italcamara-es.com\/wp-content\/uploads\/2025\/03\/Abertis-def1.jpg",500,280,false]},"rttpg_author":{"display_name":"administrador","author_link":"https:\/\/italcamara-es.com\/it\/author\/administrador\/"},"rttpg_comment":0,"rttpg_category":"<a href=\"https:\/\/italcamara-es.com\/it\/category\/notizie\/\" rel=\"category tag\">Notizie<\/a>","rttpg_excerpt":"La Fondazione Abertis ha lanciato un programma di educazione stradale nelle scuole destinato a giovani ed adolescente. L\u2019obiettivo \u00e8 quello di sensibilizzare i giovani sull\u2019importanza della guida responsabile, specialmente nelle ore notturne e sui rischi che comporta il consumo di alcool e di altre sostanze. &nbsp; Fino ad oggi, i dibattiti hanno coinvolto quasi 1.000&hellip;","_links":{"self":[{"href":"https:\/\/italcamara-es.com\/it\/wp-json\/wp\/v2\/posts\/56991","targetHints":{"allow":["GET"]}}],"collection":[{"href":"https:\/\/italcamara-es.com\/it\/wp-json\/wp\/v2\/posts"}],"about":[{"href":"https:\/\/italcamara-es.com\/it\/wp-json\/wp\/v2\/types\/post"}],"author":[{"embeddable":true,"href":"https:\/\/italcamara-es.com\/it\/wp-json\/wp\/v2\/users\/1"}],"replies":[{"embeddable":true,"href":"https:\/\/italcamara-es.com\/it\/wp-json\/wp\/v2\/comments?post=56991"}],"version-history":[{"count":0,"href":"https:\/\/italcamara-es.com\/it\/wp-json\/wp\/v2\/posts\/56991\/revisions"}],"wp:featuredmedia":[{"embeddable":true,"href":"https:\/\/italcamara-es.com\/it\/wp-json\/wp\/v2\/media\/56992"}],"wp:attachment":[{"href":"https:\/\/italcamara-es.com\/it\/wp-json\/wp\/v2\/media?parent=56991"}],"wp:term":[{"taxonomy":"category","embeddable":true,"href":"https:\/\/italcamara-es.com\/it\/wp-json\/wp\/v2\/categories?post=56991"},{"taxonomy":"post_tag","embeddable":true,"href":"https:\/\/italcamara-es.com\/it\/wp-json\/wp\/v2\/tags?post=56991"}],"curies":[{"name":"wp","href":"https:\/\/api.w.org\/{rel}","templated":true}]}}