	{"id":57005,"date":"2019-07-01T09:39:24","date_gmt":"2019-07-01T07:39:24","guid":{"rendered":"http:\/\/pre.italcamara-es.com\/senza-categoria\/aldo-olcese-presidente-di-fincorp-e-consigliere-ccis-nominato-vicepresidente-della-raed\/"},"modified":"2019-07-01T09:39:24","modified_gmt":"2019-07-01T07:39:24","slug":"aldo-olcese-presidente-di-fincorp-e-consigliere-ccis-nominato-vicepresidente-della-raed","status":"publish","type":"post","link":"https:\/\/italcamara-es.com\/it\/notizie\/aldo-olcese-presidente-di-fincorp-e-consigliere-ccis-nominato-vicepresidente-della-raed\/","title":{"rendered":"Aldo Olcese, Presidente di Fincorp e Consigliere CCIS, nominato Vicepresidente della RAED"},"content":{"rendered":"\n<p>Lo scorso 4\ngiugno, il Presidente di Fincorp e Consigliere della Camera di Commercio e\nIndustria Italiana per la Spagna (CCIS), Aldo Olcese, \u00e8 stato nominato\nVicepresidente della Real Academia de Doctores (RAED), organismo di diritto\npubblico, che ha come obiettivo la ricerca, studio, sviluppo ed estensione\ndella conoscenza nel suo significato pi\u00f9 ampio. Si tratta di un punto di\nriferimento intellettuale in Europa, considerato anche che, tra i propri accademici,\naccoglie 20 premi Nobel.<\/p>\n\n\n\n<p>Olcese, Dottore\nin Economia ed <em>accademico di numero <\/em>di\nScienze Economiche e Finanziarie dal 2001, \u00e8 un importante referente in tema di\nResponsabilit\u00e0 Sociale Corporativa (RSC) ed un pioniere in Spagna nella difesa\ndel capitalismo umanista, inteso come la ricerca del bene generale dall\u2019interesse\nprivato.<\/p>\n\n\n\n<p>Durante la sua carriera professionale ed accademica, \u00e8 stato insignito con numerosi premi e decorazioni, tra queste la Gran Cruz del M\u00e9rito Civil de Espa\u00f1a e la distinzione di Commendatore nell\u2019ordine del Trono del Marrocco, il Merito Civile del Lussemburgo ed il Merito della Repubblica Italiana.<\/p>\n\n\n\n<div class=\"wp-block-image\"><figure class=\"aligncenter\"><img decoding=\"async\" src=\"https:\/\/www.italcamara-es.com\/wp-content\/uploads\/2019\/07\/Olcese700-1.jpg\" alt=\"\" class=\"wp-image-22449\"\/><\/figure><\/div>\n","protected":false},"excerpt":{"rendered":"<p>Lo scorso 4 giugno, il Presidente di Fincorp e Consigliere della Camera di Commercio e Industria Italiana per la Spagna (CCIS), Aldo Olcese, \u00e8 stato nominato Vicepresidente della Real Academia de Doctores (RAED), organismo di diritto pubblico, che ha come obiettivo la ricerca, studio, sviluppo ed estensione della conoscenza nel suo significato pi\u00f9 ampio. Si [&hellip;]<\/p>\n","protected":false},"author":1,"featured_media":52619,"comment_status":"open","ping_status":"open","sticky":false,"template":"","format":"standard","meta":{"inline_featured_image":false,"ocean_post_layout":"","ocean_both_sidebars_style":"","ocean_both_sidebars_content_width":0,"ocean_both_sidebars_sidebars_width":0,"ocean_sidebar":"","ocean_second_sidebar":"","ocean_disable_margins":"enable","ocean_add_body_class":"","ocean_shortcode_before_top_bar":"","ocean_shortcode_after_top_bar":"","ocean_shortcode_before_header":"","ocean_shortcode_after_header":"","ocean_has_shortcode":"","ocean_shortcode_after_title":"","ocean_shortcode_before_footer_widgets":"","ocean_shortcode_after_footer_widgets":"","ocean_shortcode_before_footer_bottom":"","ocean_shortcode_after_footer_bottom":"","ocean_display_top_bar":"default","ocean_display_header":"default","ocean_header_style":"","ocean_center_header_left_menu":"","ocean_custom_header_template":"","ocean_custom_logo":0,"ocean_custom_retina_logo":0,"ocean_custom_logo_max_width":0,"ocean_custom_logo_tablet_max_width":0,"ocean_custom_logo_mobile_max_width":0,"ocean_custom_logo_max_height":0,"ocean_custom_logo_tablet_max_height":0,"ocean_custom_logo_mobile_max_height":0,"ocean_header_custom_menu":"","ocean_menu_typo_font_family":"","ocean_menu_typo_font_subset":"","ocean_menu_typo_font_size":0,"ocean_menu_typo_font_size_tablet":0,"ocean_menu_typo_font_size_mobile":0,"ocean_menu_typo_font_size_unit":"px","ocean_menu_typo_font_weight":"","ocean_menu_typo_font_weight_tablet":"","ocean_menu_typo_font_weight_mobile":"","ocean_menu_typo_transform":"","ocean_menu_typo_transform_tablet":"","ocean_menu_typo_transform_mobile":"","ocean_menu_typo_line_height":0,"ocean_menu_typo_line_height_tablet":0,"ocean_menu_typo_line_height_mobile":0,"ocean_menu_typo_line_height_unit":"","ocean_menu_typo_spacing":0,"ocean_menu_typo_spacing_tablet":0,"ocean_menu_typo_spacing_mobile":0,"ocean_menu_typo_spacing_unit":"","ocean_menu_link_color":"","ocean_menu_link_color_hover":"","ocean_menu_link_color_active":"","ocean_menu_link_background":"","ocean_menu_link_hover_background":"","ocean_menu_link_active_background":"","ocean_menu_social_links_bg":"","ocean_menu_social_hover_links_bg":"","ocean_menu_social_links_color":"","ocean_menu_social_hover_links_color":"","ocean_disable_title":"default","ocean_disable_heading":"default","ocean_post_title":"","ocean_post_subheading":"","ocean_post_title_style":"","ocean_post_title_background_color":"","ocean_post_title_background":0,"ocean_post_title_bg_image_position":"","ocean_post_title_bg_image_attachment":"","ocean_post_title_bg_image_repeat":"","ocean_post_title_bg_image_size":"","ocean_post_title_height":0,"ocean_post_title_bg_overlay":0.5,"ocean_post_title_bg_overlay_color":"","ocean_disable_breadcrumbs":"default","ocean_breadcrumbs_color":"","ocean_breadcrumbs_separator_color":"","ocean_breadcrumbs_links_color":"","ocean_breadcrumbs_links_hover_color":"","ocean_display_footer_widgets":"default","ocean_display_footer_bottom":"default","ocean_custom_footer_template":"","ocean_post_oembed":"","ocean_post_self_hosted_media":"","ocean_post_video_embed":"","ocean_link_format":"","ocean_link_format_target":"self","ocean_quote_format":"","ocean_quote_format_link":"post","ocean_gallery_link_images":"on","ocean_gallery_id":[],"footnotes":""},"categories":[133],"tags":[],"class_list":["post-57005","post","type-post","status-publish","format-standard","has-post-thumbnail","hentry","category-notizie","entry","has-media"],"yoast_head":"<!-- This site is optimized with the Yoast SEO plugin v27.5 - https:\/\/yoast.com\/product\/yoast-seo-wordpress\/ -->\n<title>Aldo Olcese, Presidente di Fincorp e Consigliere CCIS, nominato Vicepresidente della RAED - Italcamara<\/title>\n<meta name=\"robots\" content=\"index, follow, max-snippet:-1, max-image-preview:large, max-video-preview:-1\" \/>\n<link rel=\"canonical\" href=\"https:\/\/italcamara-es.com\/it\/notizie\/aldo-olcese-presidente-di-fincorp-e-consigliere-ccis-nominato-vicepresidente-della-raed\/\" \/>\n<meta property=\"og:locale\" content=\"it_IT\" \/>\n<meta property=\"og:type\" content=\"article\" \/>\n<meta property=\"og:title\" content=\"Aldo Olcese, Presidente di Fincorp e Consigliere CCIS, nominato Vicepresidente della RAED - Italcamara\" \/>\n<meta property=\"og:description\" content=\"Lo scorso 4 giugno, il Presidente di Fincorp e Consigliere della Camera di Commercio e Industria Italiana per la Spagna (CCIS), Aldo Olcese, \u00e8 stato nominato Vicepresidente della Real Academia de Doctores (RAED), organismo di diritto pubblico, che ha come obiettivo la ricerca, studio, sviluppo ed estensione della conoscenza nel suo significato pi\u00f9 ampio. Si [&hellip;]\" \/>\n<meta property=\"og:url\" content=\"https:\/\/italcamara-es.com\/it\/notizie\/aldo-olcese-presidente-di-fincorp-e-consigliere-ccis-nominato-vicepresidente-della-raed\/\" \/>\n<meta property=\"og:site_name\" content=\"Italcamara\" \/>\n<meta property=\"article:published_time\" content=\"2019-07-01T07:39:24+00:00\" \/>\n<meta property=\"og:image\" content=\"https:\/\/italcamara-es.com\/wp-content\/uploads\/2025\/03\/Olcese500.jpg\" \/>\n\t<meta property=\"og:image:width\" content=\"500\" \/>\n\t<meta property=\"og:image:height\" content=\"281\" \/>\n\t<meta property=\"og:image:type\" content=\"image\/jpeg\" \/>\n<meta name=\"author\" content=\"administrador\" \/>\n<meta name=\"twitter:card\" content=\"summary_large_image\" \/>\n<meta name=\"twitter:label1\" content=\"Scritto da\" \/>\n\t<meta name=\"twitter:data1\" content=\"administrador\" \/>\n\t<meta name=\"twitter:label2\" content=\"Tempo di lettura stimato\" \/>\n\t<meta name=\"twitter:data2\" content=\"1 minuto\" \/>\n<script type=\"application\/ld+json\" class=\"yoast-schema-graph\">{\"@context\":\"https:\\\/\\\/schema.org\",\"@graph\":[{\"@type\":\"Article\",\"@id\":\"https:\\\/\\\/italcamara-es.com\\\/it\\\/notizie\\\/aldo-olcese-presidente-di-fincorp-e-consigliere-ccis-nominato-vicepresidente-della-raed\\\/#article\",\"isPartOf\":{\"@id\":\"https:\\\/\\\/italcamara-es.com\\\/it\\\/notizie\\\/aldo-olcese-presidente-di-fincorp-e-consigliere-ccis-nominato-vicepresidente-della-raed\\\/\"},\"author\":{\"name\":\"administrador\",\"@id\":\"https:\\\/\\\/italcamara-es.com\\\/#\\\/schema\\\/person\\\/bb3c56263e405bbd9a15171dcfee93bb\"},\"headline\":\"Aldo Olcese, Presidente di Fincorp e Consigliere CCIS, nominato Vicepresidente della RAED\",\"datePublished\":\"2019-07-01T07:39:24+00:00\",\"mainEntityOfPage\":{\"@id\":\"https:\\\/\\\/italcamara-es.com\\\/it\\\/notizie\\\/aldo-olcese-presidente-di-fincorp-e-consigliere-ccis-nominato-vicepresidente-della-raed\\\/\"},\"wordCount\":176,\"commentCount\":0,\"image\":{\"@id\":\"https:\\\/\\\/italcamara-es.com\\\/it\\\/notizie\\\/aldo-olcese-presidente-di-fincorp-e-consigliere-ccis-nominato-vicepresidente-della-raed\\\/#primaryimage\"},\"thumbnailUrl\":\"https:\\\/\\\/italcamara-es.com\\\/wp-content\\\/uploads\\\/2025\\\/03\\\/Olcese500.jpg\",\"articleSection\":[\"Notizie\"],\"inLanguage\":\"it-IT\",\"potentialAction\":[{\"@type\":\"CommentAction\",\"name\":\"Comment\",\"target\":[\"https:\\\/\\\/italcamara-es.com\\\/it\\\/notizie\\\/aldo-olcese-presidente-di-fincorp-e-consigliere-ccis-nominato-vicepresidente-della-raed\\\/#respond\"]}]},{\"@type\":\"WebPage\",\"@id\":\"https:\\\/\\\/italcamara-es.com\\\/it\\\/notizie\\\/aldo-olcese-presidente-di-fincorp-e-consigliere-ccis-nominato-vicepresidente-della-raed\\\/\",\"url\":\"https:\\\/\\\/italcamara-es.com\\\/it\\\/notizie\\\/aldo-olcese-presidente-di-fincorp-e-consigliere-ccis-nominato-vicepresidente-della-raed\\\/\",\"name\":\"Aldo Olcese, Presidente di Fincorp e Consigliere CCIS, nominato Vicepresidente della RAED - Italcamara\",\"isPartOf\":{\"@id\":\"https:\\\/\\\/italcamara-es.com\\\/#website\"},\"primaryImageOfPage\":{\"@id\":\"https:\\\/\\\/italcamara-es.com\\\/it\\\/notizie\\\/aldo-olcese-presidente-di-fincorp-e-consigliere-ccis-nominato-vicepresidente-della-raed\\\/#primaryimage\"},\"image\":{\"@id\":\"https:\\\/\\\/italcamara-es.com\\\/it\\\/notizie\\\/aldo-olcese-presidente-di-fincorp-e-consigliere-ccis-nominato-vicepresidente-della-raed\\\/#primaryimage\"},\"thumbnailUrl\":\"https:\\\/\\\/italcamara-es.com\\\/wp-content\\\/uploads\\\/2025\\\/03\\\/Olcese500.jpg\",\"datePublished\":\"2019-07-01T07:39:24+00:00\",\"author\":{\"@id\":\"https:\\\/\\\/italcamara-es.com\\\/#\\\/schema\\\/person\\\/bb3c56263e405bbd9a15171dcfee93bb\"},\"breadcrumb\":{\"@id\":\"https:\\\/\\\/italcamara-es.com\\\/it\\\/notizie\\\/aldo-olcese-presidente-di-fincorp-e-consigliere-ccis-nominato-vicepresidente-della-raed\\\/#breadcrumb\"},\"inLanguage\":\"it-IT\",\"potentialAction\":[{\"@type\":\"ReadAction\",\"target\":[\"https:\\\/\\\/italcamara-es.com\\\/it\\\/notizie\\\/aldo-olcese-presidente-di-fincorp-e-consigliere-ccis-nominato-vicepresidente-della-raed\\\/\"]}]},{\"@type\":\"ImageObject\",\"inLanguage\":\"it-IT\",\"@id\":\"https:\\\/\\\/italcamara-es.com\\\/it\\\/notizie\\\/aldo-olcese-presidente-di-fincorp-e-consigliere-ccis-nominato-vicepresidente-della-raed\\\/#primaryimage\",\"url\":\"https:\\\/\\\/italcamara-es.com\\\/wp-content\\\/uploads\\\/2025\\\/03\\\/Olcese500.jpg\",\"contentUrl\":\"https:\\\/\\\/italcamara-es.com\\\/wp-content\\\/uploads\\\/2025\\\/03\\\/Olcese500.jpg\",\"width\":500,\"height\":281},{\"@type\":\"BreadcrumbList\",\"@id\":\"https:\\\/\\\/italcamara-es.com\\\/it\\\/notizie\\\/aldo-olcese-presidente-di-fincorp-e-consigliere-ccis-nominato-vicepresidente-della-raed\\\/#breadcrumb\",\"itemListElement\":[{\"@type\":\"ListItem\",\"position\":1,\"name\":\"Inicio\",\"item\":\"https:\\\/\\\/italcamara-es.com\\\/it\\\/homepage-ita\\\/\"},{\"@type\":\"ListItem\",\"position\":2,\"name\":\"Aldo Olcese, Presidente di Fincorp e Consigliere CCIS, nominato Vicepresidente della RAED\"}]},{\"@type\":\"WebSite\",\"@id\":\"https:\\\/\\\/italcamara-es.com\\\/#website\",\"url\":\"https:\\\/\\\/italcamara-es.com\\\/\",\"name\":\"Italcamara\",\"description\":\"\",\"potentialAction\":[{\"@type\":\"SearchAction\",\"target\":{\"@type\":\"EntryPoint\",\"urlTemplate\":\"https:\\\/\\\/italcamara-es.com\\\/?s={search_term_string}\"},\"query-input\":{\"@type\":\"PropertyValueSpecification\",\"valueRequired\":true,\"valueName\":\"search_term_string\"}}],\"inLanguage\":\"it-IT\"},{\"@type\":\"Person\",\"@id\":\"https:\\\/\\\/italcamara-es.com\\\/#\\\/schema\\\/person\\\/bb3c56263e405bbd9a15171dcfee93bb\",\"name\":\"administrador\",\"image\":{\"@type\":\"ImageObject\",\"inLanguage\":\"it-IT\",\"@id\":\"https:\\\/\\\/secure.gravatar.com\\\/avatar\\\/14b5e63db38320b12031bb28cf9f77e210aa71fb3a8a3602a3c9a05134fa75eb?s=96&d=mm&r=g\",\"url\":\"https:\\\/\\\/secure.gravatar.com\\\/avatar\\\/14b5e63db38320b12031bb28cf9f77e210aa71fb3a8a3602a3c9a05134fa75eb?s=96&d=mm&r=g\",\"contentUrl\":\"https:\\\/\\\/secure.gravatar.com\\\/avatar\\\/14b5e63db38320b12031bb28cf9f77e210aa71fb3a8a3602a3c9a05134fa75eb?s=96&d=mm&r=g\",\"caption\":\"administrador\"},\"sameAs\":[\"http:\\\/\\\/pre.italcamara-es.com\"],\"url\":\"https:\\\/\\\/italcamara-es.com\\\/it\\\/author\\\/administrador\\\/\"}]}<\/script>\n<!-- \/ Yoast SEO plugin. -->","yoast_head_json":{"title":"Aldo Olcese, Presidente di Fincorp e Consigliere CCIS, nominato Vicepresidente della RAED - Italcamara","robots":{"index":"index","follow":"follow","max-snippet":"max-snippet:-1","max-image-preview":"max-image-preview:large","max-video-preview":"max-video-preview:-1"},"canonical":"https:\/\/italcamara-es.com\/it\/notizie\/aldo-olcese-presidente-di-fincorp-e-consigliere-ccis-nominato-vicepresidente-della-raed\/","og_locale":"it_IT","og_type":"article","og_title":"Aldo Olcese, Presidente di Fincorp e Consigliere CCIS, nominato Vicepresidente della RAED - Italcamara","og_description":"Lo scorso 4 giugno, il Presidente di Fincorp e Consigliere della Camera di Commercio e Industria Italiana per la Spagna (CCIS), Aldo Olcese, \u00e8 stato nominato Vicepresidente della Real Academia de Doctores (RAED), organismo di diritto pubblico, che ha come obiettivo la ricerca, studio, sviluppo ed estensione della conoscenza nel suo significato pi\u00f9 ampio. Si [&hellip;]","og_url":"https:\/\/italcamara-es.com\/it\/notizie\/aldo-olcese-presidente-di-fincorp-e-consigliere-ccis-nominato-vicepresidente-della-raed\/","og_site_name":"Italcamara","article_published_time":"2019-07-01T07:39:24+00:00","og_image":[{"width":500,"height":281,"url":"https:\/\/italcamara-es.com\/wp-content\/uploads\/2025\/03\/Olcese500.jpg","type":"image\/jpeg"}],"author":"administrador","twitter_card":"summary_large_image","twitter_misc":{"Scritto da":"administrador","Tempo di lettura stimato":"1 minuto"},"schema":{"@context":"https:\/\/schema.org","@graph":[{"@type":"Article","@id":"https:\/\/italcamara-es.com\/it\/notizie\/aldo-olcese-presidente-di-fincorp-e-consigliere-ccis-nominato-vicepresidente-della-raed\/#article","isPartOf":{"@id":"https:\/\/italcamara-es.com\/it\/notizie\/aldo-olcese-presidente-di-fincorp-e-consigliere-ccis-nominato-vicepresidente-della-raed\/"},"author":{"name":"administrador","@id":"https:\/\/italcamara-es.com\/#\/schema\/person\/bb3c56263e405bbd9a15171dcfee93bb"},"headline":"Aldo Olcese, Presidente di Fincorp e Consigliere CCIS, nominato Vicepresidente della RAED","datePublished":"2019-07-01T07:39:24+00:00","mainEntityOfPage":{"@id":"https:\/\/italcamara-es.com\/it\/notizie\/aldo-olcese-presidente-di-fincorp-e-consigliere-ccis-nominato-vicepresidente-della-raed\/"},"wordCount":176,"commentCount":0,"image":{"@id":"https:\/\/italcamara-es.com\/it\/notizie\/aldo-olcese-presidente-di-fincorp-e-consigliere-ccis-nominato-vicepresidente-della-raed\/#primaryimage"},"thumbnailUrl":"https:\/\/italcamara-es.com\/wp-content\/uploads\/2025\/03\/Olcese500.jpg","articleSection":["Notizie"],"inLanguage":"it-IT","potentialAction":[{"@type":"CommentAction","name":"Comment","target":["https:\/\/italcamara-es.com\/it\/notizie\/aldo-olcese-presidente-di-fincorp-e-consigliere-ccis-nominato-vicepresidente-della-raed\/#respond"]}]},{"@type":"WebPage","@id":"https:\/\/italcamara-es.com\/it\/notizie\/aldo-olcese-presidente-di-fincorp-e-consigliere-ccis-nominato-vicepresidente-della-raed\/","url":"https:\/\/italcamara-es.com\/it\/notizie\/aldo-olcese-presidente-di-fincorp-e-consigliere-ccis-nominato-vicepresidente-della-raed\/","name":"Aldo Olcese, Presidente di Fincorp e Consigliere CCIS, nominato Vicepresidente della RAED - Italcamara","isPartOf":{"@id":"https:\/\/italcamara-es.com\/#website"},"primaryImageOfPage":{"@id":"https:\/\/italcamara-es.com\/it\/notizie\/aldo-olcese-presidente-di-fincorp-e-consigliere-ccis-nominato-vicepresidente-della-raed\/#primaryimage"},"image":{"@id":"https:\/\/italcamara-es.com\/it\/notizie\/aldo-olcese-presidente-di-fincorp-e-consigliere-ccis-nominato-vicepresidente-della-raed\/#primaryimage"},"thumbnailUrl":"https:\/\/italcamara-es.com\/wp-content\/uploads\/2025\/03\/Olcese500.jpg","datePublished":"2019-07-01T07:39:24+00:00","author":{"@id":"https:\/\/italcamara-es.com\/#\/schema\/person\/bb3c56263e405bbd9a15171dcfee93bb"},"breadcrumb":{"@id":"https:\/\/italcamara-es.com\/it\/notizie\/aldo-olcese-presidente-di-fincorp-e-consigliere-ccis-nominato-vicepresidente-della-raed\/#breadcrumb"},"inLanguage":"it-IT","potentialAction":[{"@type":"ReadAction","target":["https:\/\/italcamara-es.com\/it\/notizie\/aldo-olcese-presidente-di-fincorp-e-consigliere-ccis-nominato-vicepresidente-della-raed\/"]}]},{"@type":"ImageObject","inLanguage":"it-IT","@id":"https:\/\/italcamara-es.com\/it\/notizie\/aldo-olcese-presidente-di-fincorp-e-consigliere-ccis-nominato-vicepresidente-della-raed\/#primaryimage","url":"https:\/\/italcamara-es.com\/wp-content\/uploads\/2025\/03\/Olcese500.jpg","contentUrl":"https:\/\/italcamara-es.com\/wp-content\/uploads\/2025\/03\/Olcese500.jpg","width":500,"height":281},{"@type":"BreadcrumbList","@id":"https:\/\/italcamara-es.com\/it\/notizie\/aldo-olcese-presidente-di-fincorp-e-consigliere-ccis-nominato-vicepresidente-della-raed\/#breadcrumb","itemListElement":[{"@type":"ListItem","position":1,"name":"Inicio","item":"https:\/\/italcamara-es.com\/it\/homepage-ita\/"},{"@type":"ListItem","position":2,"name":"Aldo Olcese, Presidente di Fincorp e Consigliere CCIS, nominato Vicepresidente della RAED"}]},{"@type":"WebSite","@id":"https:\/\/italcamara-es.com\/#website","url":"https:\/\/italcamara-es.com\/","name":"Italcamara","description":"","potentialAction":[{"@type":"SearchAction","target":{"@type":"EntryPoint","urlTemplate":"https:\/\/italcamara-es.com\/?s={search_term_string}"},"query-input":{"@type":"PropertyValueSpecification","valueRequired":true,"valueName":"search_term_string"}}],"inLanguage":"it-IT"},{"@type":"Person","@id":"https:\/\/italcamara-es.com\/#\/schema\/person\/bb3c56263e405bbd9a15171dcfee93bb","name":"administrador","image":{"@type":"ImageObject","inLanguage":"it-IT","@id":"https:\/\/secure.gravatar.com\/avatar\/14b5e63db38320b12031bb28cf9f77e210aa71fb3a8a3602a3c9a05134fa75eb?s=96&d=mm&r=g","url":"https:\/\/secure.gravatar.com\/avatar\/14b5e63db38320b12031bb28cf9f77e210aa71fb3a8a3602a3c9a05134fa75eb?s=96&d=mm&r=g","contentUrl":"https:\/\/secure.gravatar.com\/avatar\/14b5e63db38320b12031bb28cf9f77e210aa71fb3a8a3602a3c9a05134fa75eb?s=96&d=mm&r=g","caption":"administrador"},"sameAs":["http:\/\/pre.italcamara-es.com"],"url":"https:\/\/italcamara-es.com\/it\/author\/administrador\/"}]}},"rttpg_featured_image_url":{"full":["https:\/\/italcamara-es.com\/wp-content\/uploads\/2025\/03\/Olcese500.jpg",500,281,false],"landscape":["https:\/\/italcamara-es.com\/wp-content\/uploads\/2025\/03\/Olcese500.jpg",500,281,false],"portraits":["https:\/\/italcamara-es.com\/wp-content\/uploads\/2025\/03\/Olcese500.jpg",500,281,false],"thumbnail":["https:\/\/italcamara-es.com\/wp-content\/uploads\/2025\/03\/Olcese500-150x150.jpg",150,150,true],"medium":["https:\/\/italcamara-es.com\/wp-content\/uploads\/2025\/03\/Olcese500-300x169.jpg",300,169,true],"large":["https:\/\/italcamara-es.com\/wp-content\/uploads\/2025\/03\/Olcese500.jpg",500,281,false],"1536x1536":["https:\/\/italcamara-es.com\/wp-content\/uploads\/2025\/03\/Olcese500.jpg",500,281,false],"2048x2048":["https:\/\/italcamara-es.com\/wp-content\/uploads\/2025\/03\/Olcese500.jpg",500,281,false],"ocean-thumb-m":["https:\/\/italcamara-es.com\/wp-content\/uploads\/2025\/03\/Olcese500.jpg",500,281,false],"ocean-thumb-ml":["https:\/\/italcamara-es.com\/wp-content\/uploads\/2025\/03\/Olcese500.jpg",500,281,false],"ocean-thumb-l":["https:\/\/italcamara-es.com\/wp-content\/uploads\/2025\/03\/Olcese500.jpg",500,281,false],"directorist_preview":["https:\/\/italcamara-es.com\/wp-content\/uploads\/2025\/03\/Olcese500.jpg",500,281,false]},"rttpg_author":{"display_name":"administrador","author_link":"https:\/\/italcamara-es.com\/it\/author\/administrador\/"},"rttpg_comment":0,"rttpg_category":"<a href=\"https:\/\/italcamara-es.com\/it\/category\/notizie\/\" rel=\"category tag\">Notizie<\/a>","rttpg_excerpt":"Lo scorso 4 giugno, il Presidente di Fincorp e Consigliere della Camera di Commercio e Industria Italiana per la Spagna (CCIS), Aldo Olcese, \u00e8 stato nominato Vicepresidente della Real Academia de Doctores (RAED), organismo di diritto pubblico, che ha come obiettivo la ricerca, studio, sviluppo ed estensione della conoscenza nel suo significato pi\u00f9 ampio. Si&hellip;","_links":{"self":[{"href":"https:\/\/italcamara-es.com\/it\/wp-json\/wp\/v2\/posts\/57005","targetHints":{"allow":["GET"]}}],"collection":[{"href":"https:\/\/italcamara-es.com\/it\/wp-json\/wp\/v2\/posts"}],"about":[{"href":"https:\/\/italcamara-es.com\/it\/wp-json\/wp\/v2\/types\/post"}],"author":[{"embeddable":true,"href":"https:\/\/italcamara-es.com\/it\/wp-json\/wp\/v2\/users\/1"}],"replies":[{"embeddable":true,"href":"https:\/\/italcamara-es.com\/it\/wp-json\/wp\/v2\/comments?post=57005"}],"version-history":[{"count":0,"href":"https:\/\/italcamara-es.com\/it\/wp-json\/wp\/v2\/posts\/57005\/revisions"}],"wp:featuredmedia":[{"embeddable":true,"href":"https:\/\/italcamara-es.com\/it\/wp-json\/wp\/v2\/media\/52619"}],"wp:attachment":[{"href":"https:\/\/italcamara-es.com\/it\/wp-json\/wp\/v2\/media?parent=57005"}],"wp:term":[{"taxonomy":"category","embeddable":true,"href":"https:\/\/italcamara-es.com\/it\/wp-json\/wp\/v2\/categories?post=57005"},{"taxonomy":"post_tag","embeddable":true,"href":"https:\/\/italcamara-es.com\/it\/wp-json\/wp\/v2\/tags?post=57005"}],"curies":[{"name":"wp","href":"https:\/\/api.w.org\/{rel}","templated":true}]}}