	{"id":57007,"date":"2019-10-16T11:15:09","date_gmt":"2019-10-16T09:15:09","guid":{"rendered":"http:\/\/pre.italcamara-es.com\/senza-categoria\/il-programma-autonomy-di-fca-avvicina-le-scuole-allo-sport-adattato-e-alla-mobilita\/"},"modified":"2019-10-16T11:15:09","modified_gmt":"2019-10-16T09:15:09","slug":"il-programma-autonomy-di-fca-avvicina-le-scuole-allo-sport-adattato-e-alla-mobilita","status":"publish","type":"post","link":"https:\/\/italcamara-es.com\/it\/notizie\/il-programma-autonomy-di-fca-avvicina-le-scuole-allo-sport-adattato-e-alla-mobilita\/","title":{"rendered":"Il Programma Autonomy di FCA avvicina le scuole allo sport adattato e alla mobilit\u00e0"},"content":{"rendered":"\n<p>FCA Autonomy \u00e8 il programma di mobilit\u00e0 di FCA Group che permette alle persone con disabilit\u00e0 motrice, sensoriale o intellettiva di muoversi in totale autonomia e libert\u00e0 con i veicoli di tutte le marche del gruppo. Di fatto, FCA \u00e8 l\u2019unica impresa del settore dell\u2019automozione a livello mondiale che offre, da 25 anni a questa parte, un programma specifico dedicato alla disabilit\u00e0.<\/p>\n\n\n\n<p>Lo scorso venerd\u00ec 11 ottobre FCA Spain, in collaborazione con la <em>Federaci\u00f3n Espa\u00f1ola de Deportes de Personas con Discapacidad F\u00edsica<\/em> ((<a rel=\"noreferrer noopener\" href=\"http:\/\/www.feddf.es\/\" target=\"_blank\">http:\/\/www.feddf.es\/<\/a>), ha avvicinato i pi\u00f9 giovani allo sport adattato e alla mobilit\u00e0, attraverso l\u2019organizzazione di una giornata nella quale sono state organizzate diverse attivit\u00e0 sportive adattate per gli alunni del Colegio Patrocinio San Jos\u00e9 di Madrid. L\u2019obiettivo di questa giornata \u00e8 quello di sensibilizzare i giovani studenti sulle barriere e le difficolt\u00e0 che affrontano le persone con disabilit\u00e0 nel loro quotidiano e sulla loro integrazione nella societ\u00e0 attraverso lo sport.<\/p>\n\n\n\n<p>Durante la giornata, tutti gli alunni delle classi 5\u00ba e 6\u00aa di educazione primaria (oltre 200 bambini e bambine) hanno potuto praticare fino a cinque modalit\u00e0 sportive nelle stesse condizioni degli sportivi con disabilit\u00e0: handbike, pallacanestro, pallavolo, slalom e calcio.<\/p>\n\n\n\n<div class=\"wp-block-image\"><figure class=\"aligncenter\"><img decoding=\"async\" src=\"https:\/\/www.italcamara-es.com\/wp-content\/uploads\/2019\/10\/2019_FCA-AUTONOMY.jpg\" alt=\"\" class=\"wp-image-23018\"\/><\/figure><\/div>\n\n\n\n<p>L\u2019Atleta paraolimpica e ambasciatrice del programma Autonomy, <strong>Sara Andr\u00e9s Barrio<\/strong>, \u00e8 stata presente durante l\u2019intera giornata, trovando spazio nella sua fitta agenda di competizioni e allenamenti preparatori per la classificazione ai prossimi Giochi Paraolimpici di Tokio &nbsp;2020, mentre il pilota e anch\u2019egli ambasciatore di FCA Autonomy, <strong>Albert Llovera<\/strong>, ha parlato ai presenti attraverso un video inviato durante la sua permanenza in Marocco, dove si sta preparando per partecipare al prossimo Rally Dakar, con un camion IVECO adattato, ed ha messo a disposizione della giornata la sua Abarth Grande Punto di Rally affinch\u00e9 i giovani studenti potessero vedere da vicino una macchina da corse adattata.<\/p>\n\n\n\n<p>Anche altri atleti della FEDDF, insieme a <strong>Jes\u00fas Fern\u00e1ndez<\/strong>, presidente della Federaci\u00f3n Asturiana e schermitore paraolimpico nei Giochi paraolimpici di Atene 2004, hanno preso parte alla giornata e hanno accompagnato i piccoli nella pratica delle diverse discipline sportive.<\/p>\n\n\n\n<p>Attraverso il seguente link \u00e8 possibile vedere il video dell\u2019evento:<\/p>\n\n\n\n<p><a rel=\"noreferrer noopener\" href=\"http:\/\/www.fcautonomy.es\/2019\/10\/14\/programa-autonomy-fca-deporte-adaptado-y-la-movilidad-colegios\/\" target=\"_blank\">http:\/\/www.fcautonomy.es\/2019\/10\/14\/programa-autonomy-fca-deporte-adaptado-y-la-movilidad-colegios\/<\/a> <\/p>\n","protected":false},"excerpt":{"rendered":"<p>FCA Autonomy \u00e8 il programma di mobilit\u00e0 di FCA Group che permette alle persone con disabilit\u00e0 motrice, sensoriale o intellettiva di muoversi in totale autonomia e libert\u00e0 con i veicoli di tutte le marche del gruppo. Di fatto, FCA \u00e8 l\u2019unica impresa del settore dell\u2019automozione a livello mondiale che offre, da 25 anni a questa [&hellip;]<\/p>\n","protected":false},"author":1,"featured_media":52623,"comment_status":"open","ping_status":"open","sticky":false,"template":"","format":"standard","meta":{"inline_featured_image":false,"ocean_post_layout":"","ocean_both_sidebars_style":"","ocean_both_sidebars_content_width":0,"ocean_both_sidebars_sidebars_width":0,"ocean_sidebar":"","ocean_second_sidebar":"","ocean_disable_margins":"enable","ocean_add_body_class":"","ocean_shortcode_before_top_bar":"","ocean_shortcode_after_top_bar":"","ocean_shortcode_before_header":"","ocean_shortcode_after_header":"","ocean_has_shortcode":"","ocean_shortcode_after_title":"","ocean_shortcode_before_footer_widgets":"","ocean_shortcode_after_footer_widgets":"","ocean_shortcode_before_footer_bottom":"","ocean_shortcode_after_footer_bottom":"","ocean_display_top_bar":"default","ocean_display_header":"default","ocean_header_style":"","ocean_center_header_left_menu":"","ocean_custom_header_template":"","ocean_custom_logo":0,"ocean_custom_retina_logo":0,"ocean_custom_logo_max_width":0,"ocean_custom_logo_tablet_max_width":0,"ocean_custom_logo_mobile_max_width":0,"ocean_custom_logo_max_height":0,"ocean_custom_logo_tablet_max_height":0,"ocean_custom_logo_mobile_max_height":0,"ocean_header_custom_menu":"","ocean_menu_typo_font_family":"","ocean_menu_typo_font_subset":"","ocean_menu_typo_font_size":0,"ocean_menu_typo_font_size_tablet":0,"ocean_menu_typo_font_size_mobile":0,"ocean_menu_typo_font_size_unit":"px","ocean_menu_typo_font_weight":"","ocean_menu_typo_font_weight_tablet":"","ocean_menu_typo_font_weight_mobile":"","ocean_menu_typo_transform":"","ocean_menu_typo_transform_tablet":"","ocean_menu_typo_transform_mobile":"","ocean_menu_typo_line_height":0,"ocean_menu_typo_line_height_tablet":0,"ocean_menu_typo_line_height_mobile":0,"ocean_menu_typo_line_height_unit":"","ocean_menu_typo_spacing":0,"ocean_menu_typo_spacing_tablet":0,"ocean_menu_typo_spacing_mobile":0,"ocean_menu_typo_spacing_unit":"","ocean_menu_link_color":"","ocean_menu_link_color_hover":"","ocean_menu_link_color_active":"","ocean_menu_link_background":"","ocean_menu_link_hover_background":"","ocean_menu_link_active_background":"","ocean_menu_social_links_bg":"","ocean_menu_social_hover_links_bg":"","ocean_menu_social_links_color":"","ocean_menu_social_hover_links_color":"","ocean_disable_title":"default","ocean_disable_heading":"default","ocean_post_title":"","ocean_post_subheading":"","ocean_post_title_style":"","ocean_post_title_background_color":"","ocean_post_title_background":0,"ocean_post_title_bg_image_position":"","ocean_post_title_bg_image_attachment":"","ocean_post_title_bg_image_repeat":"","ocean_post_title_bg_image_size":"","ocean_post_title_height":0,"ocean_post_title_bg_overlay":0.5,"ocean_post_title_bg_overlay_color":"","ocean_disable_breadcrumbs":"default","ocean_breadcrumbs_color":"","ocean_breadcrumbs_separator_color":"","ocean_breadcrumbs_links_color":"","ocean_breadcrumbs_links_hover_color":"","ocean_display_footer_widgets":"default","ocean_display_footer_bottom":"default","ocean_custom_footer_template":"","ocean_post_oembed":"","ocean_post_self_hosted_media":"","ocean_post_video_embed":"","ocean_link_format":"","ocean_link_format_target":"self","ocean_quote_format":"","ocean_quote_format_link":"post","ocean_gallery_link_images":"on","ocean_gallery_id":[],"footnotes":""},"categories":[133],"tags":[],"class_list":["post-57007","post","type-post","status-publish","format-standard","has-post-thumbnail","hentry","category-notizie","entry","has-media"],"yoast_head":"<!-- This site is optimized with the Yoast SEO plugin v27.5 - https:\/\/yoast.com\/product\/yoast-seo-wordpress\/ -->\n<title>Il Programma Autonomy di FCA avvicina le scuole allo sport adattato e alla mobilit\u00e0 - Italcamara<\/title>\n<meta name=\"robots\" content=\"index, follow, max-snippet:-1, max-image-preview:large, max-video-preview:-1\" \/>\n<link rel=\"canonical\" href=\"https:\/\/italcamara-es.com\/it\/notizie\/il-programma-autonomy-di-fca-avvicina-le-scuole-allo-sport-adattato-e-alla-mobilita\/\" \/>\n<meta property=\"og:locale\" content=\"it_IT\" \/>\n<meta property=\"og:type\" content=\"article\" \/>\n<meta property=\"og:title\" content=\"Il Programma Autonomy di FCA avvicina le scuole allo sport adattato e alla mobilit\u00e0 - Italcamara\" \/>\n<meta property=\"og:description\" content=\"FCA Autonomy \u00e8 il programma di mobilit\u00e0 di FCA Group che permette alle persone con disabilit\u00e0 motrice, sensoriale o intellettiva di muoversi in totale autonomia e libert\u00e0 con i veicoli di tutte le marche del gruppo. Di fatto, FCA \u00e8 l\u2019unica impresa del settore dell\u2019automozione a livello mondiale che offre, da 25 anni a questa [&hellip;]\" \/>\n<meta property=\"og:url\" content=\"https:\/\/italcamara-es.com\/it\/notizie\/il-programma-autonomy-di-fca-avvicina-le-scuole-allo-sport-adattato-e-alla-mobilita\/\" \/>\n<meta property=\"og:site_name\" content=\"Italcamara\" \/>\n<meta property=\"article:published_time\" content=\"2019-10-16T09:15:09+00:00\" \/>\n<meta property=\"og:image\" content=\"https:\/\/italcamara-es.com\/wp-content\/uploads\/2025\/03\/fca500.jpg\" \/>\n\t<meta property=\"og:image:width\" content=\"500\" \/>\n\t<meta property=\"og:image:height\" content=\"280\" \/>\n\t<meta property=\"og:image:type\" content=\"image\/jpeg\" \/>\n<meta name=\"author\" content=\"administrador\" \/>\n<meta name=\"twitter:card\" content=\"summary_large_image\" \/>\n<meta name=\"twitter:label1\" content=\"Scritto da\" \/>\n\t<meta name=\"twitter:data1\" content=\"administrador\" \/>\n\t<meta name=\"twitter:label2\" content=\"Tempo di lettura stimato\" \/>\n\t<meta name=\"twitter:data2\" content=\"2 minuti\" \/>\n<script type=\"application\/ld+json\" class=\"yoast-schema-graph\">{\"@context\":\"https:\\\/\\\/schema.org\",\"@graph\":[{\"@type\":\"Article\",\"@id\":\"https:\\\/\\\/italcamara-es.com\\\/it\\\/notizie\\\/il-programma-autonomy-di-fca-avvicina-le-scuole-allo-sport-adattato-e-alla-mobilita\\\/#article\",\"isPartOf\":{\"@id\":\"https:\\\/\\\/italcamara-es.com\\\/it\\\/notizie\\\/il-programma-autonomy-di-fca-avvicina-le-scuole-allo-sport-adattato-e-alla-mobilita\\\/\"},\"author\":{\"name\":\"administrador\",\"@id\":\"https:\\\/\\\/italcamara-es.com\\\/#\\\/schema\\\/person\\\/bb3c56263e405bbd9a15171dcfee93bb\"},\"headline\":\"Il Programma Autonomy di FCA avvicina le scuole allo sport adattato e alla mobilit\u00e0\",\"datePublished\":\"2019-10-16T09:15:09+00:00\",\"mainEntityOfPage\":{\"@id\":\"https:\\\/\\\/italcamara-es.com\\\/it\\\/notizie\\\/il-programma-autonomy-di-fca-avvicina-le-scuole-allo-sport-adattato-e-alla-mobilita\\\/\"},\"wordCount\":370,\"commentCount\":0,\"image\":{\"@id\":\"https:\\\/\\\/italcamara-es.com\\\/it\\\/notizie\\\/il-programma-autonomy-di-fca-avvicina-le-scuole-allo-sport-adattato-e-alla-mobilita\\\/#primaryimage\"},\"thumbnailUrl\":\"https:\\\/\\\/italcamara-es.com\\\/wp-content\\\/uploads\\\/2025\\\/03\\\/fca500.jpg\",\"articleSection\":[\"Notizie\"],\"inLanguage\":\"it-IT\",\"potentialAction\":[{\"@type\":\"CommentAction\",\"name\":\"Comment\",\"target\":[\"https:\\\/\\\/italcamara-es.com\\\/it\\\/notizie\\\/il-programma-autonomy-di-fca-avvicina-le-scuole-allo-sport-adattato-e-alla-mobilita\\\/#respond\"]}]},{\"@type\":\"WebPage\",\"@id\":\"https:\\\/\\\/italcamara-es.com\\\/it\\\/notizie\\\/il-programma-autonomy-di-fca-avvicina-le-scuole-allo-sport-adattato-e-alla-mobilita\\\/\",\"url\":\"https:\\\/\\\/italcamara-es.com\\\/it\\\/notizie\\\/il-programma-autonomy-di-fca-avvicina-le-scuole-allo-sport-adattato-e-alla-mobilita\\\/\",\"name\":\"Il Programma Autonomy di FCA avvicina le scuole allo sport adattato e alla mobilit\u00e0 - Italcamara\",\"isPartOf\":{\"@id\":\"https:\\\/\\\/italcamara-es.com\\\/#website\"},\"primaryImageOfPage\":{\"@id\":\"https:\\\/\\\/italcamara-es.com\\\/it\\\/notizie\\\/il-programma-autonomy-di-fca-avvicina-le-scuole-allo-sport-adattato-e-alla-mobilita\\\/#primaryimage\"},\"image\":{\"@id\":\"https:\\\/\\\/italcamara-es.com\\\/it\\\/notizie\\\/il-programma-autonomy-di-fca-avvicina-le-scuole-allo-sport-adattato-e-alla-mobilita\\\/#primaryimage\"},\"thumbnailUrl\":\"https:\\\/\\\/italcamara-es.com\\\/wp-content\\\/uploads\\\/2025\\\/03\\\/fca500.jpg\",\"datePublished\":\"2019-10-16T09:15:09+00:00\",\"author\":{\"@id\":\"https:\\\/\\\/italcamara-es.com\\\/#\\\/schema\\\/person\\\/bb3c56263e405bbd9a15171dcfee93bb\"},\"breadcrumb\":{\"@id\":\"https:\\\/\\\/italcamara-es.com\\\/it\\\/notizie\\\/il-programma-autonomy-di-fca-avvicina-le-scuole-allo-sport-adattato-e-alla-mobilita\\\/#breadcrumb\"},\"inLanguage\":\"it-IT\",\"potentialAction\":[{\"@type\":\"ReadAction\",\"target\":[\"https:\\\/\\\/italcamara-es.com\\\/it\\\/notizie\\\/il-programma-autonomy-di-fca-avvicina-le-scuole-allo-sport-adattato-e-alla-mobilita\\\/\"]}]},{\"@type\":\"ImageObject\",\"inLanguage\":\"it-IT\",\"@id\":\"https:\\\/\\\/italcamara-es.com\\\/it\\\/notizie\\\/il-programma-autonomy-di-fca-avvicina-le-scuole-allo-sport-adattato-e-alla-mobilita\\\/#primaryimage\",\"url\":\"https:\\\/\\\/italcamara-es.com\\\/wp-content\\\/uploads\\\/2025\\\/03\\\/fca500.jpg\",\"contentUrl\":\"https:\\\/\\\/italcamara-es.com\\\/wp-content\\\/uploads\\\/2025\\\/03\\\/fca500.jpg\",\"width\":500,\"height\":280},{\"@type\":\"BreadcrumbList\",\"@id\":\"https:\\\/\\\/italcamara-es.com\\\/it\\\/notizie\\\/il-programma-autonomy-di-fca-avvicina-le-scuole-allo-sport-adattato-e-alla-mobilita\\\/#breadcrumb\",\"itemListElement\":[{\"@type\":\"ListItem\",\"position\":1,\"name\":\"Inicio\",\"item\":\"https:\\\/\\\/italcamara-es.com\\\/it\\\/homepage-ita\\\/\"},{\"@type\":\"ListItem\",\"position\":2,\"name\":\"Il Programma Autonomy di FCA avvicina le scuole allo sport adattato e alla mobilit\u00e0\"}]},{\"@type\":\"WebSite\",\"@id\":\"https:\\\/\\\/italcamara-es.com\\\/#website\",\"url\":\"https:\\\/\\\/italcamara-es.com\\\/\",\"name\":\"Italcamara\",\"description\":\"\",\"potentialAction\":[{\"@type\":\"SearchAction\",\"target\":{\"@type\":\"EntryPoint\",\"urlTemplate\":\"https:\\\/\\\/italcamara-es.com\\\/?s={search_term_string}\"},\"query-input\":{\"@type\":\"PropertyValueSpecification\",\"valueRequired\":true,\"valueName\":\"search_term_string\"}}],\"inLanguage\":\"it-IT\"},{\"@type\":\"Person\",\"@id\":\"https:\\\/\\\/italcamara-es.com\\\/#\\\/schema\\\/person\\\/bb3c56263e405bbd9a15171dcfee93bb\",\"name\":\"administrador\",\"image\":{\"@type\":\"ImageObject\",\"inLanguage\":\"it-IT\",\"@id\":\"https:\\\/\\\/secure.gravatar.com\\\/avatar\\\/14b5e63db38320b12031bb28cf9f77e210aa71fb3a8a3602a3c9a05134fa75eb?s=96&d=mm&r=g\",\"url\":\"https:\\\/\\\/secure.gravatar.com\\\/avatar\\\/14b5e63db38320b12031bb28cf9f77e210aa71fb3a8a3602a3c9a05134fa75eb?s=96&d=mm&r=g\",\"contentUrl\":\"https:\\\/\\\/secure.gravatar.com\\\/avatar\\\/14b5e63db38320b12031bb28cf9f77e210aa71fb3a8a3602a3c9a05134fa75eb?s=96&d=mm&r=g\",\"caption\":\"administrador\"},\"sameAs\":[\"http:\\\/\\\/pre.italcamara-es.com\"],\"url\":\"https:\\\/\\\/italcamara-es.com\\\/it\\\/author\\\/administrador\\\/\"}]}<\/script>\n<!-- \/ Yoast SEO plugin. -->","yoast_head_json":{"title":"Il Programma Autonomy di FCA avvicina le scuole allo sport adattato e alla mobilit\u00e0 - Italcamara","robots":{"index":"index","follow":"follow","max-snippet":"max-snippet:-1","max-image-preview":"max-image-preview:large","max-video-preview":"max-video-preview:-1"},"canonical":"https:\/\/italcamara-es.com\/it\/notizie\/il-programma-autonomy-di-fca-avvicina-le-scuole-allo-sport-adattato-e-alla-mobilita\/","og_locale":"it_IT","og_type":"article","og_title":"Il Programma Autonomy di FCA avvicina le scuole allo sport adattato e alla mobilit\u00e0 - Italcamara","og_description":"FCA Autonomy \u00e8 il programma di mobilit\u00e0 di FCA Group che permette alle persone con disabilit\u00e0 motrice, sensoriale o intellettiva di muoversi in totale autonomia e libert\u00e0 con i veicoli di tutte le marche del gruppo. Di fatto, FCA \u00e8 l\u2019unica impresa del settore dell\u2019automozione a livello mondiale che offre, da 25 anni a questa [&hellip;]","og_url":"https:\/\/italcamara-es.com\/it\/notizie\/il-programma-autonomy-di-fca-avvicina-le-scuole-allo-sport-adattato-e-alla-mobilita\/","og_site_name":"Italcamara","article_published_time":"2019-10-16T09:15:09+00:00","og_image":[{"width":500,"height":280,"url":"https:\/\/italcamara-es.com\/wp-content\/uploads\/2025\/03\/fca500.jpg","type":"image\/jpeg"}],"author":"administrador","twitter_card":"summary_large_image","twitter_misc":{"Scritto da":"administrador","Tempo di lettura stimato":"2 minuti"},"schema":{"@context":"https:\/\/schema.org","@graph":[{"@type":"Article","@id":"https:\/\/italcamara-es.com\/it\/notizie\/il-programma-autonomy-di-fca-avvicina-le-scuole-allo-sport-adattato-e-alla-mobilita\/#article","isPartOf":{"@id":"https:\/\/italcamara-es.com\/it\/notizie\/il-programma-autonomy-di-fca-avvicina-le-scuole-allo-sport-adattato-e-alla-mobilita\/"},"author":{"name":"administrador","@id":"https:\/\/italcamara-es.com\/#\/schema\/person\/bb3c56263e405bbd9a15171dcfee93bb"},"headline":"Il Programma Autonomy di FCA avvicina le scuole allo sport adattato e alla mobilit\u00e0","datePublished":"2019-10-16T09:15:09+00:00","mainEntityOfPage":{"@id":"https:\/\/italcamara-es.com\/it\/notizie\/il-programma-autonomy-di-fca-avvicina-le-scuole-allo-sport-adattato-e-alla-mobilita\/"},"wordCount":370,"commentCount":0,"image":{"@id":"https:\/\/italcamara-es.com\/it\/notizie\/il-programma-autonomy-di-fca-avvicina-le-scuole-allo-sport-adattato-e-alla-mobilita\/#primaryimage"},"thumbnailUrl":"https:\/\/italcamara-es.com\/wp-content\/uploads\/2025\/03\/fca500.jpg","articleSection":["Notizie"],"inLanguage":"it-IT","potentialAction":[{"@type":"CommentAction","name":"Comment","target":["https:\/\/italcamara-es.com\/it\/notizie\/il-programma-autonomy-di-fca-avvicina-le-scuole-allo-sport-adattato-e-alla-mobilita\/#respond"]}]},{"@type":"WebPage","@id":"https:\/\/italcamara-es.com\/it\/notizie\/il-programma-autonomy-di-fca-avvicina-le-scuole-allo-sport-adattato-e-alla-mobilita\/","url":"https:\/\/italcamara-es.com\/it\/notizie\/il-programma-autonomy-di-fca-avvicina-le-scuole-allo-sport-adattato-e-alla-mobilita\/","name":"Il Programma Autonomy di FCA avvicina le scuole allo sport adattato e alla mobilit\u00e0 - Italcamara","isPartOf":{"@id":"https:\/\/italcamara-es.com\/#website"},"primaryImageOfPage":{"@id":"https:\/\/italcamara-es.com\/it\/notizie\/il-programma-autonomy-di-fca-avvicina-le-scuole-allo-sport-adattato-e-alla-mobilita\/#primaryimage"},"image":{"@id":"https:\/\/italcamara-es.com\/it\/notizie\/il-programma-autonomy-di-fca-avvicina-le-scuole-allo-sport-adattato-e-alla-mobilita\/#primaryimage"},"thumbnailUrl":"https:\/\/italcamara-es.com\/wp-content\/uploads\/2025\/03\/fca500.jpg","datePublished":"2019-10-16T09:15:09+00:00","author":{"@id":"https:\/\/italcamara-es.com\/#\/schema\/person\/bb3c56263e405bbd9a15171dcfee93bb"},"breadcrumb":{"@id":"https:\/\/italcamara-es.com\/it\/notizie\/il-programma-autonomy-di-fca-avvicina-le-scuole-allo-sport-adattato-e-alla-mobilita\/#breadcrumb"},"inLanguage":"it-IT","potentialAction":[{"@type":"ReadAction","target":["https:\/\/italcamara-es.com\/it\/notizie\/il-programma-autonomy-di-fca-avvicina-le-scuole-allo-sport-adattato-e-alla-mobilita\/"]}]},{"@type":"ImageObject","inLanguage":"it-IT","@id":"https:\/\/italcamara-es.com\/it\/notizie\/il-programma-autonomy-di-fca-avvicina-le-scuole-allo-sport-adattato-e-alla-mobilita\/#primaryimage","url":"https:\/\/italcamara-es.com\/wp-content\/uploads\/2025\/03\/fca500.jpg","contentUrl":"https:\/\/italcamara-es.com\/wp-content\/uploads\/2025\/03\/fca500.jpg","width":500,"height":280},{"@type":"BreadcrumbList","@id":"https:\/\/italcamara-es.com\/it\/notizie\/il-programma-autonomy-di-fca-avvicina-le-scuole-allo-sport-adattato-e-alla-mobilita\/#breadcrumb","itemListElement":[{"@type":"ListItem","position":1,"name":"Inicio","item":"https:\/\/italcamara-es.com\/it\/homepage-ita\/"},{"@type":"ListItem","position":2,"name":"Il Programma Autonomy di FCA avvicina le scuole allo sport adattato e alla mobilit\u00e0"}]},{"@type":"WebSite","@id":"https:\/\/italcamara-es.com\/#website","url":"https:\/\/italcamara-es.com\/","name":"Italcamara","description":"","potentialAction":[{"@type":"SearchAction","target":{"@type":"EntryPoint","urlTemplate":"https:\/\/italcamara-es.com\/?s={search_term_string}"},"query-input":{"@type":"PropertyValueSpecification","valueRequired":true,"valueName":"search_term_string"}}],"inLanguage":"it-IT"},{"@type":"Person","@id":"https:\/\/italcamara-es.com\/#\/schema\/person\/bb3c56263e405bbd9a15171dcfee93bb","name":"administrador","image":{"@type":"ImageObject","inLanguage":"it-IT","@id":"https:\/\/secure.gravatar.com\/avatar\/14b5e63db38320b12031bb28cf9f77e210aa71fb3a8a3602a3c9a05134fa75eb?s=96&d=mm&r=g","url":"https:\/\/secure.gravatar.com\/avatar\/14b5e63db38320b12031bb28cf9f77e210aa71fb3a8a3602a3c9a05134fa75eb?s=96&d=mm&r=g","contentUrl":"https:\/\/secure.gravatar.com\/avatar\/14b5e63db38320b12031bb28cf9f77e210aa71fb3a8a3602a3c9a05134fa75eb?s=96&d=mm&r=g","caption":"administrador"},"sameAs":["http:\/\/pre.italcamara-es.com"],"url":"https:\/\/italcamara-es.com\/it\/author\/administrador\/"}]}},"rttpg_featured_image_url":{"full":["https:\/\/italcamara-es.com\/wp-content\/uploads\/2025\/03\/fca500.jpg",500,280,false],"landscape":["https:\/\/italcamara-es.com\/wp-content\/uploads\/2025\/03\/fca500.jpg",500,280,false],"portraits":["https:\/\/italcamara-es.com\/wp-content\/uploads\/2025\/03\/fca500.jpg",500,280,false],"thumbnail":["https:\/\/italcamara-es.com\/wp-content\/uploads\/2025\/03\/fca500-150x150.jpg",150,150,true],"medium":["https:\/\/italcamara-es.com\/wp-content\/uploads\/2025\/03\/fca500-300x168.jpg",300,168,true],"large":["https:\/\/italcamara-es.com\/wp-content\/uploads\/2025\/03\/fca500.jpg",500,280,false],"1536x1536":["https:\/\/italcamara-es.com\/wp-content\/uploads\/2025\/03\/fca500.jpg",500,280,false],"2048x2048":["https:\/\/italcamara-es.com\/wp-content\/uploads\/2025\/03\/fca500.jpg",500,280,false],"ocean-thumb-m":["https:\/\/italcamara-es.com\/wp-content\/uploads\/2025\/03\/fca500.jpg",500,280,false],"ocean-thumb-ml":["https:\/\/italcamara-es.com\/wp-content\/uploads\/2025\/03\/fca500.jpg",500,280,false],"ocean-thumb-l":["https:\/\/italcamara-es.com\/wp-content\/uploads\/2025\/03\/fca500.jpg",500,280,false],"directorist_preview":["https:\/\/italcamara-es.com\/wp-content\/uploads\/2025\/03\/fca500.jpg",500,280,false]},"rttpg_author":{"display_name":"administrador","author_link":"https:\/\/italcamara-es.com\/it\/author\/administrador\/"},"rttpg_comment":0,"rttpg_category":"<a href=\"https:\/\/italcamara-es.com\/it\/category\/notizie\/\" rel=\"category tag\">Notizie<\/a>","rttpg_excerpt":"FCA Autonomy \u00e8 il programma di mobilit\u00e0 di FCA Group che permette alle persone con disabilit\u00e0 motrice, sensoriale o intellettiva di muoversi in totale autonomia e libert\u00e0 con i veicoli di tutte le marche del gruppo. Di fatto, FCA \u00e8 l\u2019unica impresa del settore dell\u2019automozione a livello mondiale che offre, da 25 anni a questa&hellip;","_links":{"self":[{"href":"https:\/\/italcamara-es.com\/it\/wp-json\/wp\/v2\/posts\/57007","targetHints":{"allow":["GET"]}}],"collection":[{"href":"https:\/\/italcamara-es.com\/it\/wp-json\/wp\/v2\/posts"}],"about":[{"href":"https:\/\/italcamara-es.com\/it\/wp-json\/wp\/v2\/types\/post"}],"author":[{"embeddable":true,"href":"https:\/\/italcamara-es.com\/it\/wp-json\/wp\/v2\/users\/1"}],"replies":[{"embeddable":true,"href":"https:\/\/italcamara-es.com\/it\/wp-json\/wp\/v2\/comments?post=57007"}],"version-history":[{"count":0,"href":"https:\/\/italcamara-es.com\/it\/wp-json\/wp\/v2\/posts\/57007\/revisions"}],"wp:featuredmedia":[{"embeddable":true,"href":"https:\/\/italcamara-es.com\/it\/wp-json\/wp\/v2\/media\/52623"}],"wp:attachment":[{"href":"https:\/\/italcamara-es.com\/it\/wp-json\/wp\/v2\/media?parent=57007"}],"wp:term":[{"taxonomy":"category","embeddable":true,"href":"https:\/\/italcamara-es.com\/it\/wp-json\/wp\/v2\/categories?post=57007"},{"taxonomy":"post_tag","embeddable":true,"href":"https:\/\/italcamara-es.com\/it\/wp-json\/wp\/v2\/tags?post=57007"}],"curies":[{"name":"wp","href":"https:\/\/api.w.org\/{rel}","templated":true}]}}