	{"id":57015,"date":"2020-12-16T11:22:21","date_gmt":"2020-12-16T10:22:21","guid":{"rendered":"http:\/\/pre.italcamara-es.com\/senza-categoria\/orobianco-riconferma-la-sua-stella-michelin\/"},"modified":"2020-12-16T11:22:21","modified_gmt":"2020-12-16T10:22:21","slug":"orobianco-riconferma-la-sua-stella-michelin","status":"publish","type":"post","link":"https:\/\/italcamara-es.com\/it\/notizie\/orobianco-riconferma-la-sua-stella-michelin\/","title":{"rendered":"Orobianco riconferma la sua stella Michelin"},"content":{"rendered":"\n<p>Per il terzo anno consecutivo Orobianco, con sede a Calpe (Alicante), ha riconfermato la sua stella MICHELIN, ottenuta a novembre 2018, ed entra nuovamente a far parte della <strong>Guida MICHELIN Spagna e Portogallo 2021<\/strong>, che \u00e8 stata presentata lo scorso 15 dicembre a Madrid.<\/p>\n\n\n\n<p>Con una vista privilegiata sul Mar Mediterraneo e sul <em>Pe\u00f1\u00f3n de Ifach<\/em>, arroccato su una collina, Orobianco, che ha aperto i battenti nel giugno 2015, basa la sua proposta gastronomica sull&#8217;alta cucina italiana contemporanea, con 3 men\u00f9 degustazione (di cui uno vegetariano) che cambiano ogni stagione. I suoi piatti hanno un marcato carattere italiano e tradizionale ma sono realizzati con materie prime della Comunit\u00e0 Valenciana, come il <em>Risotto ai funghi e gambero rosso di Denia<\/em>, il suo <em>Spaghetto alla carbonara de galera<\/em> o i <em>Cappelletti con agnello, limone e liquirizia<\/em>.<\/p>\n\n\n\n<p>Il team di Orobianco, con Inna Skriabina come manager, \u00e8 guidato dallo chef <strong>Ferdinando Bernardi<\/strong>, che si avvale della collaborazione, in cucina, di Niccol\u00f3 Zorloni (Sous-Chef), Mat\u00edas Farf\u00e1n (Pastry Chef), Christopher de Ascens\u00e3o, Nicol\u00e1s Sequeira e Carlos Navarro. E in sala, Heguer Castellanos, Ma\u00eetre e Sommelier, guida un team composto da Carlos Cuenca, Elena Sevri e Ayat Dusimbaev.<\/p>\n\n\n\n<p>Lo chef Bernardi collabora attivamente anche alle iniziative di promozione della gastronomia italiana in Spagna realizzate dalla Camera di Commercio e Industria Italiana per la Spagna (CCIS). In particolare, la scorsa estate \u00e8 stato protagonista di due masterclass nell&#8217;ambito del progetto <em><strong><a href=\"https:\/\/www.italcamara-es.com\/it\/100-autentico-2\/\" target=\"_blank\" rel=\"noreferrer noopener\" aria-label=\"True Italian Taste (opens in a new tab)\">True Italian Taste<\/a><\/strong><\/em>.<\/p>\n\n\n\n<div class=\"wp-block-image\"><figure class=\"aligncenter\"><img decoding=\"async\" src=\"https:\/\/www.italcamara-es.com\/wp-content\/uploads\/2020\/12\/orobianco-600-1.jpg\" alt=\"\" class=\"wp-image-26561\"\/><figcaption>Lo chef Ferdinando Bernardi<\/figcaption><\/figure><\/div>\n\n\n\n<p><strong>L&#8217;OPINIONE DELLA GUIDA MICHELIN<\/strong><\/p>\n\n\n\n<p>\u201cSe vuoi sorprendere il tuo partner, prenotalo fin da adesso, perch\u00e9 le sue viste panoramiche sulla citt\u00e0, sul Pe\u00f1\u00f3n de Ifach e sul Mediterraneo, in particolare dall&#8217;esclusiva terrazza al piano superiore (<em>La Azotea<\/em> di Orobianco), hanno fatto s\u00ec che sia riconosciuto come \u2026 Uno dei ristoranti pi\u00f9 romantici della Spagna! Lo chef Ferdinando Bernardi, originario di Rimini, valorizza la proposta italiana di questa casa fornendo l&#8217;intuizione e la personalit\u00e0 di un uomo innamorato della sua professione, che crescendo in cucina scopre nuove tecniche viaggiando per il mondo e, alla ricerca della propria identit\u00e0, ha flirtato addirittura con la pastificeria e la pasticceria. Questo \u00e8 l&#8217;unico ristorante italiano con una Stella MICHELIN nel nostro paese e reinterpreta la cucina transalpina contemporanea a partire dal miglior prodotto locale \u201d.<\/p>\n","protected":false},"excerpt":{"rendered":"<p>Per il terzo anno consecutivo Orobianco, con sede a Calpe (Alicante), ha riconfermato la sua stella MICHELIN, ottenuta a novembre 2018, ed entra nuovamente a far parte della Guida MICHELIN Spagna e Portogallo 2021, che \u00e8 stata presentata lo scorso 15 dicembre a Madrid. Con una vista privilegiata sul Mar Mediterraneo e sul Pe\u00f1\u00f3n de [&hellip;]<\/p>\n","protected":false},"author":1,"featured_media":52639,"comment_status":"open","ping_status":"open","sticky":false,"template":"","format":"standard","meta":{"inline_featured_image":false,"ocean_post_layout":"","ocean_both_sidebars_style":"","ocean_both_sidebars_content_width":0,"ocean_both_sidebars_sidebars_width":0,"ocean_sidebar":"","ocean_second_sidebar":"","ocean_disable_margins":"enable","ocean_add_body_class":"","ocean_shortcode_before_top_bar":"","ocean_shortcode_after_top_bar":"","ocean_shortcode_before_header":"","ocean_shortcode_after_header":"","ocean_has_shortcode":"","ocean_shortcode_after_title":"","ocean_shortcode_before_footer_widgets":"","ocean_shortcode_after_footer_widgets":"","ocean_shortcode_before_footer_bottom":"","ocean_shortcode_after_footer_bottom":"","ocean_display_top_bar":"default","ocean_display_header":"default","ocean_header_style":"","ocean_center_header_left_menu":"","ocean_custom_header_template":"","ocean_custom_logo":0,"ocean_custom_retina_logo":0,"ocean_custom_logo_max_width":0,"ocean_custom_logo_tablet_max_width":0,"ocean_custom_logo_mobile_max_width":0,"ocean_custom_logo_max_height":0,"ocean_custom_logo_tablet_max_height":0,"ocean_custom_logo_mobile_max_height":0,"ocean_header_custom_menu":"","ocean_menu_typo_font_family":"","ocean_menu_typo_font_subset":"","ocean_menu_typo_font_size":0,"ocean_menu_typo_font_size_tablet":0,"ocean_menu_typo_font_size_mobile":0,"ocean_menu_typo_font_size_unit":"px","ocean_menu_typo_font_weight":"","ocean_menu_typo_font_weight_tablet":"","ocean_menu_typo_font_weight_mobile":"","ocean_menu_typo_transform":"","ocean_menu_typo_transform_tablet":"","ocean_menu_typo_transform_mobile":"","ocean_menu_typo_line_height":0,"ocean_menu_typo_line_height_tablet":0,"ocean_menu_typo_line_height_mobile":0,"ocean_menu_typo_line_height_unit":"","ocean_menu_typo_spacing":0,"ocean_menu_typo_spacing_tablet":0,"ocean_menu_typo_spacing_mobile":0,"ocean_menu_typo_spacing_unit":"","ocean_menu_link_color":"","ocean_menu_link_color_hover":"","ocean_menu_link_color_active":"","ocean_menu_link_background":"","ocean_menu_link_hover_background":"","ocean_menu_link_active_background":"","ocean_menu_social_links_bg":"","ocean_menu_social_hover_links_bg":"","ocean_menu_social_links_color":"","ocean_menu_social_hover_links_color":"","ocean_disable_title":"default","ocean_disable_heading":"default","ocean_post_title":"","ocean_post_subheading":"","ocean_post_title_style":"","ocean_post_title_background_color":"","ocean_post_title_background":0,"ocean_post_title_bg_image_position":"","ocean_post_title_bg_image_attachment":"","ocean_post_title_bg_image_repeat":"","ocean_post_title_bg_image_size":"","ocean_post_title_height":0,"ocean_post_title_bg_overlay":0.5,"ocean_post_title_bg_overlay_color":"","ocean_disable_breadcrumbs":"default","ocean_breadcrumbs_color":"","ocean_breadcrumbs_separator_color":"","ocean_breadcrumbs_links_color":"","ocean_breadcrumbs_links_hover_color":"","ocean_display_footer_widgets":"default","ocean_display_footer_bottom":"default","ocean_custom_footer_template":"","ocean_post_oembed":"","ocean_post_self_hosted_media":"","ocean_post_video_embed":"","ocean_link_format":"","ocean_link_format_target":"self","ocean_quote_format":"","ocean_quote_format_link":"post","ocean_gallery_link_images":"on","ocean_gallery_id":[],"footnotes":""},"categories":[133],"tags":[],"class_list":["post-57015","post","type-post","status-publish","format-standard","has-post-thumbnail","hentry","category-notizie","entry","has-media"],"yoast_head":"<!-- This site is optimized with the Yoast SEO plugin v27.4 - https:\/\/yoast.com\/product\/yoast-seo-wordpress\/ -->\n<title>Orobianco riconferma la sua stella Michelin - Italcamara<\/title>\n<meta name=\"robots\" content=\"index, follow, max-snippet:-1, max-image-preview:large, max-video-preview:-1\" \/>\n<link rel=\"canonical\" href=\"https:\/\/italcamara-es.com\/it\/notizie\/orobianco-riconferma-la-sua-stella-michelin\/\" \/>\n<meta property=\"og:locale\" content=\"it_IT\" \/>\n<meta property=\"og:type\" content=\"article\" \/>\n<meta property=\"og:title\" content=\"Orobianco riconferma la sua stella Michelin - Italcamara\" \/>\n<meta property=\"og:description\" content=\"Per il terzo anno consecutivo Orobianco, con sede a Calpe (Alicante), ha riconfermato la sua stella MICHELIN, ottenuta a novembre 2018, ed entra nuovamente a far parte della Guida MICHELIN Spagna e Portogallo 2021, che \u00e8 stata presentata lo scorso 15 dicembre a Madrid. Con una vista privilegiata sul Mar Mediterraneo e sul Pe\u00f1\u00f3n de [&hellip;]\" \/>\n<meta property=\"og:url\" content=\"https:\/\/italcamara-es.com\/it\/notizie\/orobianco-riconferma-la-sua-stella-michelin\/\" \/>\n<meta property=\"og:site_name\" content=\"Italcamara\" \/>\n<meta property=\"article:published_time\" content=\"2020-12-16T10:22:21+00:00\" \/>\n<meta property=\"og:image\" content=\"https:\/\/italcamara-es.com\/wp-content\/uploads\/2025\/03\/orobianco-500.jpg\" \/>\n\t<meta property=\"og:image:width\" content=\"500\" \/>\n\t<meta property=\"og:image:height\" content=\"280\" \/>\n\t<meta property=\"og:image:type\" content=\"image\/jpeg\" \/>\n<meta name=\"author\" content=\"administrador\" \/>\n<meta name=\"twitter:card\" content=\"summary_large_image\" \/>\n<meta name=\"twitter:label1\" content=\"Scritto da\" \/>\n\t<meta name=\"twitter:data1\" content=\"administrador\" \/>\n\t<meta name=\"twitter:label2\" content=\"Tempo di lettura stimato\" \/>\n\t<meta name=\"twitter:data2\" content=\"2 minuti\" \/>\n<script type=\"application\/ld+json\" class=\"yoast-schema-graph\">{\"@context\":\"https:\\\/\\\/schema.org\",\"@graph\":[{\"@type\":\"Article\",\"@id\":\"https:\\\/\\\/italcamara-es.com\\\/it\\\/notizie\\\/orobianco-riconferma-la-sua-stella-michelin\\\/#article\",\"isPartOf\":{\"@id\":\"https:\\\/\\\/italcamara-es.com\\\/it\\\/notizie\\\/orobianco-riconferma-la-sua-stella-michelin\\\/\"},\"author\":{\"name\":\"administrador\",\"@id\":\"https:\\\/\\\/italcamara-es.com\\\/#\\\/schema\\\/person\\\/bb3c56263e405bbd9a15171dcfee93bb\"},\"headline\":\"Orobianco riconferma la sua stella Michelin\",\"datePublished\":\"2020-12-16T10:22:21+00:00\",\"mainEntityOfPage\":{\"@id\":\"https:\\\/\\\/italcamara-es.com\\\/it\\\/notizie\\\/orobianco-riconferma-la-sua-stella-michelin\\\/\"},\"wordCount\":379,\"commentCount\":0,\"image\":{\"@id\":\"https:\\\/\\\/italcamara-es.com\\\/it\\\/notizie\\\/orobianco-riconferma-la-sua-stella-michelin\\\/#primaryimage\"},\"thumbnailUrl\":\"https:\\\/\\\/italcamara-es.com\\\/wp-content\\\/uploads\\\/2025\\\/03\\\/orobianco-500.jpg\",\"articleSection\":[\"Notizie\"],\"inLanguage\":\"it-IT\",\"potentialAction\":[{\"@type\":\"CommentAction\",\"name\":\"Comment\",\"target\":[\"https:\\\/\\\/italcamara-es.com\\\/it\\\/notizie\\\/orobianco-riconferma-la-sua-stella-michelin\\\/#respond\"]}]},{\"@type\":\"WebPage\",\"@id\":\"https:\\\/\\\/italcamara-es.com\\\/it\\\/notizie\\\/orobianco-riconferma-la-sua-stella-michelin\\\/\",\"url\":\"https:\\\/\\\/italcamara-es.com\\\/it\\\/notizie\\\/orobianco-riconferma-la-sua-stella-michelin\\\/\",\"name\":\"Orobianco riconferma la sua stella Michelin - Italcamara\",\"isPartOf\":{\"@id\":\"https:\\\/\\\/italcamara-es.com\\\/#website\"},\"primaryImageOfPage\":{\"@id\":\"https:\\\/\\\/italcamara-es.com\\\/it\\\/notizie\\\/orobianco-riconferma-la-sua-stella-michelin\\\/#primaryimage\"},\"image\":{\"@id\":\"https:\\\/\\\/italcamara-es.com\\\/it\\\/notizie\\\/orobianco-riconferma-la-sua-stella-michelin\\\/#primaryimage\"},\"thumbnailUrl\":\"https:\\\/\\\/italcamara-es.com\\\/wp-content\\\/uploads\\\/2025\\\/03\\\/orobianco-500.jpg\",\"datePublished\":\"2020-12-16T10:22:21+00:00\",\"author\":{\"@id\":\"https:\\\/\\\/italcamara-es.com\\\/#\\\/schema\\\/person\\\/bb3c56263e405bbd9a15171dcfee93bb\"},\"breadcrumb\":{\"@id\":\"https:\\\/\\\/italcamara-es.com\\\/it\\\/notizie\\\/orobianco-riconferma-la-sua-stella-michelin\\\/#breadcrumb\"},\"inLanguage\":\"it-IT\",\"potentialAction\":[{\"@type\":\"ReadAction\",\"target\":[\"https:\\\/\\\/italcamara-es.com\\\/it\\\/notizie\\\/orobianco-riconferma-la-sua-stella-michelin\\\/\"]}]},{\"@type\":\"ImageObject\",\"inLanguage\":\"it-IT\",\"@id\":\"https:\\\/\\\/italcamara-es.com\\\/it\\\/notizie\\\/orobianco-riconferma-la-sua-stella-michelin\\\/#primaryimage\",\"url\":\"https:\\\/\\\/italcamara-es.com\\\/wp-content\\\/uploads\\\/2025\\\/03\\\/orobianco-500.jpg\",\"contentUrl\":\"https:\\\/\\\/italcamara-es.com\\\/wp-content\\\/uploads\\\/2025\\\/03\\\/orobianco-500.jpg\",\"width\":500,\"height\":280},{\"@type\":\"BreadcrumbList\",\"@id\":\"https:\\\/\\\/italcamara-es.com\\\/it\\\/notizie\\\/orobianco-riconferma-la-sua-stella-michelin\\\/#breadcrumb\",\"itemListElement\":[{\"@type\":\"ListItem\",\"position\":1,\"name\":\"Inicio\",\"item\":\"https:\\\/\\\/italcamara-es.com\\\/it\\\/homepage-ita\\\/\"},{\"@type\":\"ListItem\",\"position\":2,\"name\":\"Orobianco riconferma la sua stella Michelin\"}]},{\"@type\":\"WebSite\",\"@id\":\"https:\\\/\\\/italcamara-es.com\\\/#website\",\"url\":\"https:\\\/\\\/italcamara-es.com\\\/\",\"name\":\"Italcamara\",\"description\":\"\",\"potentialAction\":[{\"@type\":\"SearchAction\",\"target\":{\"@type\":\"EntryPoint\",\"urlTemplate\":\"https:\\\/\\\/italcamara-es.com\\\/?s={search_term_string}\"},\"query-input\":{\"@type\":\"PropertyValueSpecification\",\"valueRequired\":true,\"valueName\":\"search_term_string\"}}],\"inLanguage\":\"it-IT\"},{\"@type\":\"Person\",\"@id\":\"https:\\\/\\\/italcamara-es.com\\\/#\\\/schema\\\/person\\\/bb3c56263e405bbd9a15171dcfee93bb\",\"name\":\"administrador\",\"image\":{\"@type\":\"ImageObject\",\"inLanguage\":\"it-IT\",\"@id\":\"https:\\\/\\\/secure.gravatar.com\\\/avatar\\\/14b5e63db38320b12031bb28cf9f77e210aa71fb3a8a3602a3c9a05134fa75eb?s=96&d=mm&r=g\",\"url\":\"https:\\\/\\\/secure.gravatar.com\\\/avatar\\\/14b5e63db38320b12031bb28cf9f77e210aa71fb3a8a3602a3c9a05134fa75eb?s=96&d=mm&r=g\",\"contentUrl\":\"https:\\\/\\\/secure.gravatar.com\\\/avatar\\\/14b5e63db38320b12031bb28cf9f77e210aa71fb3a8a3602a3c9a05134fa75eb?s=96&d=mm&r=g\",\"caption\":\"administrador\"},\"sameAs\":[\"http:\\\/\\\/pre.italcamara-es.com\"],\"url\":\"https:\\\/\\\/italcamara-es.com\\\/it\\\/author\\\/administrador\\\/\"}]}<\/script>\n<!-- \/ Yoast SEO plugin. -->","yoast_head_json":{"title":"Orobianco riconferma la sua stella Michelin - Italcamara","robots":{"index":"index","follow":"follow","max-snippet":"max-snippet:-1","max-image-preview":"max-image-preview:large","max-video-preview":"max-video-preview:-1"},"canonical":"https:\/\/italcamara-es.com\/it\/notizie\/orobianco-riconferma-la-sua-stella-michelin\/","og_locale":"it_IT","og_type":"article","og_title":"Orobianco riconferma la sua stella Michelin - Italcamara","og_description":"Per il terzo anno consecutivo Orobianco, con sede a Calpe (Alicante), ha riconfermato la sua stella MICHELIN, ottenuta a novembre 2018, ed entra nuovamente a far parte della Guida MICHELIN Spagna e Portogallo 2021, che \u00e8 stata presentata lo scorso 15 dicembre a Madrid. Con una vista privilegiata sul Mar Mediterraneo e sul Pe\u00f1\u00f3n de [&hellip;]","og_url":"https:\/\/italcamara-es.com\/it\/notizie\/orobianco-riconferma-la-sua-stella-michelin\/","og_site_name":"Italcamara","article_published_time":"2020-12-16T10:22:21+00:00","og_image":[{"width":500,"height":280,"url":"https:\/\/italcamara-es.com\/wp-content\/uploads\/2025\/03\/orobianco-500.jpg","type":"image\/jpeg"}],"author":"administrador","twitter_card":"summary_large_image","twitter_misc":{"Scritto da":"administrador","Tempo di lettura stimato":"2 minuti"},"schema":{"@context":"https:\/\/schema.org","@graph":[{"@type":"Article","@id":"https:\/\/italcamara-es.com\/it\/notizie\/orobianco-riconferma-la-sua-stella-michelin\/#article","isPartOf":{"@id":"https:\/\/italcamara-es.com\/it\/notizie\/orobianco-riconferma-la-sua-stella-michelin\/"},"author":{"name":"administrador","@id":"https:\/\/italcamara-es.com\/#\/schema\/person\/bb3c56263e405bbd9a15171dcfee93bb"},"headline":"Orobianco riconferma la sua stella Michelin","datePublished":"2020-12-16T10:22:21+00:00","mainEntityOfPage":{"@id":"https:\/\/italcamara-es.com\/it\/notizie\/orobianco-riconferma-la-sua-stella-michelin\/"},"wordCount":379,"commentCount":0,"image":{"@id":"https:\/\/italcamara-es.com\/it\/notizie\/orobianco-riconferma-la-sua-stella-michelin\/#primaryimage"},"thumbnailUrl":"https:\/\/italcamara-es.com\/wp-content\/uploads\/2025\/03\/orobianco-500.jpg","articleSection":["Notizie"],"inLanguage":"it-IT","potentialAction":[{"@type":"CommentAction","name":"Comment","target":["https:\/\/italcamara-es.com\/it\/notizie\/orobianco-riconferma-la-sua-stella-michelin\/#respond"]}]},{"@type":"WebPage","@id":"https:\/\/italcamara-es.com\/it\/notizie\/orobianco-riconferma-la-sua-stella-michelin\/","url":"https:\/\/italcamara-es.com\/it\/notizie\/orobianco-riconferma-la-sua-stella-michelin\/","name":"Orobianco riconferma la sua stella Michelin - Italcamara","isPartOf":{"@id":"https:\/\/italcamara-es.com\/#website"},"primaryImageOfPage":{"@id":"https:\/\/italcamara-es.com\/it\/notizie\/orobianco-riconferma-la-sua-stella-michelin\/#primaryimage"},"image":{"@id":"https:\/\/italcamara-es.com\/it\/notizie\/orobianco-riconferma-la-sua-stella-michelin\/#primaryimage"},"thumbnailUrl":"https:\/\/italcamara-es.com\/wp-content\/uploads\/2025\/03\/orobianco-500.jpg","datePublished":"2020-12-16T10:22:21+00:00","author":{"@id":"https:\/\/italcamara-es.com\/#\/schema\/person\/bb3c56263e405bbd9a15171dcfee93bb"},"breadcrumb":{"@id":"https:\/\/italcamara-es.com\/it\/notizie\/orobianco-riconferma-la-sua-stella-michelin\/#breadcrumb"},"inLanguage":"it-IT","potentialAction":[{"@type":"ReadAction","target":["https:\/\/italcamara-es.com\/it\/notizie\/orobianco-riconferma-la-sua-stella-michelin\/"]}]},{"@type":"ImageObject","inLanguage":"it-IT","@id":"https:\/\/italcamara-es.com\/it\/notizie\/orobianco-riconferma-la-sua-stella-michelin\/#primaryimage","url":"https:\/\/italcamara-es.com\/wp-content\/uploads\/2025\/03\/orobianco-500.jpg","contentUrl":"https:\/\/italcamara-es.com\/wp-content\/uploads\/2025\/03\/orobianco-500.jpg","width":500,"height":280},{"@type":"BreadcrumbList","@id":"https:\/\/italcamara-es.com\/it\/notizie\/orobianco-riconferma-la-sua-stella-michelin\/#breadcrumb","itemListElement":[{"@type":"ListItem","position":1,"name":"Inicio","item":"https:\/\/italcamara-es.com\/it\/homepage-ita\/"},{"@type":"ListItem","position":2,"name":"Orobianco riconferma la sua stella Michelin"}]},{"@type":"WebSite","@id":"https:\/\/italcamara-es.com\/#website","url":"https:\/\/italcamara-es.com\/","name":"Italcamara","description":"","potentialAction":[{"@type":"SearchAction","target":{"@type":"EntryPoint","urlTemplate":"https:\/\/italcamara-es.com\/?s={search_term_string}"},"query-input":{"@type":"PropertyValueSpecification","valueRequired":true,"valueName":"search_term_string"}}],"inLanguage":"it-IT"},{"@type":"Person","@id":"https:\/\/italcamara-es.com\/#\/schema\/person\/bb3c56263e405bbd9a15171dcfee93bb","name":"administrador","image":{"@type":"ImageObject","inLanguage":"it-IT","@id":"https:\/\/secure.gravatar.com\/avatar\/14b5e63db38320b12031bb28cf9f77e210aa71fb3a8a3602a3c9a05134fa75eb?s=96&d=mm&r=g","url":"https:\/\/secure.gravatar.com\/avatar\/14b5e63db38320b12031bb28cf9f77e210aa71fb3a8a3602a3c9a05134fa75eb?s=96&d=mm&r=g","contentUrl":"https:\/\/secure.gravatar.com\/avatar\/14b5e63db38320b12031bb28cf9f77e210aa71fb3a8a3602a3c9a05134fa75eb?s=96&d=mm&r=g","caption":"administrador"},"sameAs":["http:\/\/pre.italcamara-es.com"],"url":"https:\/\/italcamara-es.com\/it\/author\/administrador\/"}]}},"rttpg_featured_image_url":{"full":["https:\/\/italcamara-es.com\/wp-content\/uploads\/2025\/03\/orobianco-500.jpg",500,280,false],"landscape":["https:\/\/italcamara-es.com\/wp-content\/uploads\/2025\/03\/orobianco-500.jpg",500,280,false],"portraits":["https:\/\/italcamara-es.com\/wp-content\/uploads\/2025\/03\/orobianco-500.jpg",500,280,false],"thumbnail":["https:\/\/italcamara-es.com\/wp-content\/uploads\/2025\/03\/orobianco-500-150x150.jpg",150,150,true],"medium":["https:\/\/italcamara-es.com\/wp-content\/uploads\/2025\/03\/orobianco-500-300x168.jpg",300,168,true],"large":["https:\/\/italcamara-es.com\/wp-content\/uploads\/2025\/03\/orobianco-500.jpg",500,280,false],"1536x1536":["https:\/\/italcamara-es.com\/wp-content\/uploads\/2025\/03\/orobianco-500.jpg",500,280,false],"2048x2048":["https:\/\/italcamara-es.com\/wp-content\/uploads\/2025\/03\/orobianco-500.jpg",500,280,false],"ocean-thumb-m":["https:\/\/italcamara-es.com\/wp-content\/uploads\/2025\/03\/orobianco-500.jpg",500,280,false],"ocean-thumb-ml":["https:\/\/italcamara-es.com\/wp-content\/uploads\/2025\/03\/orobianco-500.jpg",500,280,false],"ocean-thumb-l":["https:\/\/italcamara-es.com\/wp-content\/uploads\/2025\/03\/orobianco-500.jpg",500,280,false],"directorist_preview":["https:\/\/italcamara-es.com\/wp-content\/uploads\/2025\/03\/orobianco-500.jpg",500,280,false]},"rttpg_author":{"display_name":"administrador","author_link":"https:\/\/italcamara-es.com\/it\/author\/administrador\/"},"rttpg_comment":0,"rttpg_category":"<a href=\"https:\/\/italcamara-es.com\/it\/category\/notizie\/\" rel=\"category tag\">Notizie<\/a>","rttpg_excerpt":"Per il terzo anno consecutivo Orobianco, con sede a Calpe (Alicante), ha riconfermato la sua stella MICHELIN, ottenuta a novembre 2018, ed entra nuovamente a far parte della Guida MICHELIN Spagna e Portogallo 2021, che \u00e8 stata presentata lo scorso 15 dicembre a Madrid. Con una vista privilegiata sul Mar Mediterraneo e sul Pe\u00f1\u00f3n de&hellip;","_links":{"self":[{"href":"https:\/\/italcamara-es.com\/it\/wp-json\/wp\/v2\/posts\/57015","targetHints":{"allow":["GET"]}}],"collection":[{"href":"https:\/\/italcamara-es.com\/it\/wp-json\/wp\/v2\/posts"}],"about":[{"href":"https:\/\/italcamara-es.com\/it\/wp-json\/wp\/v2\/types\/post"}],"author":[{"embeddable":true,"href":"https:\/\/italcamara-es.com\/it\/wp-json\/wp\/v2\/users\/1"}],"replies":[{"embeddable":true,"href":"https:\/\/italcamara-es.com\/it\/wp-json\/wp\/v2\/comments?post=57015"}],"version-history":[{"count":0,"href":"https:\/\/italcamara-es.com\/it\/wp-json\/wp\/v2\/posts\/57015\/revisions"}],"wp:featuredmedia":[{"embeddable":true,"href":"https:\/\/italcamara-es.com\/it\/wp-json\/wp\/v2\/media\/52639"}],"wp:attachment":[{"href":"https:\/\/italcamara-es.com\/it\/wp-json\/wp\/v2\/media?parent=57015"}],"wp:term":[{"taxonomy":"category","embeddable":true,"href":"https:\/\/italcamara-es.com\/it\/wp-json\/wp\/v2\/categories?post=57015"},{"taxonomy":"post_tag","embeddable":true,"href":"https:\/\/italcamara-es.com\/it\/wp-json\/wp\/v2\/tags?post=57015"}],"curies":[{"name":"wp","href":"https:\/\/api.w.org\/{rel}","templated":true}]}}