	{"id":57019,"date":"2021-02-26T09:22:07","date_gmt":"2021-02-26T08:22:07","guid":{"rendered":"http:\/\/pre.italcamara-es.com\/senza-categoria\/tribuna-independiente-monarchia-parlamentare-e-nuova-ley-de-la-corona\/"},"modified":"2021-02-26T09:22:07","modified_gmt":"2021-02-26T08:22:07","slug":"tribuna-independiente-monarchia-parlamentare-e-nuova-ley-de-la-corona","status":"publish","type":"post","link":"https:\/\/italcamara-es.com\/it\/notizie\/tribuna-independiente-monarchia-parlamentare-e-nuova-ley-de-la-corona\/","title":{"rendered":"Tribuna independiente: &#8220;Monarchia parlamentare e nuova Ley de la Corona&#8221;"},"content":{"rendered":"\n<p>Gioved\u00ec prossimo, <strong>11 marzo, dalle 19:00 alle 20:00<\/strong>, la <strong>Fundaci\u00f3n Independiente<\/strong> celebrer\u00e0 una conferenza dal titolo &#8220;<strong><em>Monarchia parlamentare e nuova Ley de la Corona<\/em><\/strong>&#8220;, in cui <strong>Silvia Iranzo<\/strong>, Segretaria di Stato per il Commercio (2008-2010) , e Ambasciatrice di Spagna in Belgio (2010-2012), ed <strong>Eduardo Serra<\/strong>, Ministro della Difesa (1996-2000) e presidente della Fundaci\u00f3n Transforma Espa\u00f1a. Nel corso della conferenza si parler\u00e0 dell\u2019importanza e la rilevanza del dibattito sulla monarchia parlamentare e sulla nuova Ley de la Corona.<\/p>\n\n\n\n<div class=\"wp-block-image\"><figure class=\"aligncenter is-resized\"><img decoding=\"async\" src=\"https:\/\/www.italcamara-es.com\/wp-content\/uploads\/2021\/02\/OLCESE-1024x576.png\" alt=\"\" class=\"wp-image-27201\" width=\"600\"\/><\/figure><\/div>\n\n\n\n<p>La conferenza pu\u00f2 essere seguito in diretta, sul canale della Fundaci\u00f3n Independiente, tramite questo link: <a href=\"http:\/\/www.youtube.com\/watch?app=desktop&amp;v=1dIaa14k8rs&amp;feature=youtu.be \">www.youtube.com\/watch?app=desktop&amp;v=1dIaa14k8rs&amp;feature=youtu.be <\/a><\/p>\n\n\n\n<p><strong>TRIBUNA INDEPENDIENTE<\/strong><br> Si tratta di una delle attivit\u00e0 organizzate dalla Fundaci\u00f3n Independiente, presieduta dal nostro Consigliere <strong>Aldo Olcese Santona<\/strong>. Un ciclo di conferenze che mira a diventare uno spazio per il rafforzamento e la proiezione della societ\u00e0 civile. Ad ogni sessione partecipano uno o pi\u00f9 relatori di rilievo per presentare un argomento di massimo interesse e attualit\u00e0.<\/p>\n\n\n\n<p>Per ulteriori informazioni: <a href=\"http:\/\/www.fundacionindependiente.es\">www.fundacionindependiente.es<\/a> <\/p>\n","protected":false},"excerpt":{"rendered":"<p>Gioved\u00ec prossimo, 11 marzo, dalle 19:00 alle 20:00, la Fundaci\u00f3n Independiente celebrer\u00e0 una conferenza dal titolo &#8220;Monarchia parlamentare e nuova Ley de la Corona&#8220;, in cui Silvia Iranzo, Segretaria di Stato per il Commercio (2008-2010) , e Ambasciatrice di Spagna in Belgio (2010-2012), ed Eduardo Serra, Ministro della Difesa (1996-2000) e presidente della Fundaci\u00f3n Transforma [&hellip;]<\/p>\n","protected":false},"author":1,"featured_media":52647,"comment_status":"open","ping_status":"open","sticky":false,"template":"","format":"standard","meta":{"inline_featured_image":false,"ocean_post_layout":"","ocean_both_sidebars_style":"","ocean_both_sidebars_content_width":0,"ocean_both_sidebars_sidebars_width":0,"ocean_sidebar":"","ocean_second_sidebar":"","ocean_disable_margins":"enable","ocean_add_body_class":"","ocean_shortcode_before_top_bar":"","ocean_shortcode_after_top_bar":"","ocean_shortcode_before_header":"","ocean_shortcode_after_header":"","ocean_has_shortcode":"","ocean_shortcode_after_title":"","ocean_shortcode_before_footer_widgets":"","ocean_shortcode_after_footer_widgets":"","ocean_shortcode_before_footer_bottom":"","ocean_shortcode_after_footer_bottom":"","ocean_display_top_bar":"default","ocean_display_header":"default","ocean_header_style":"","ocean_center_header_left_menu":"","ocean_custom_header_template":"","ocean_custom_logo":0,"ocean_custom_retina_logo":0,"ocean_custom_logo_max_width":0,"ocean_custom_logo_tablet_max_width":0,"ocean_custom_logo_mobile_max_width":0,"ocean_custom_logo_max_height":0,"ocean_custom_logo_tablet_max_height":0,"ocean_custom_logo_mobile_max_height":0,"ocean_header_custom_menu":"","ocean_menu_typo_font_family":"","ocean_menu_typo_font_subset":"","ocean_menu_typo_font_size":0,"ocean_menu_typo_font_size_tablet":0,"ocean_menu_typo_font_size_mobile":0,"ocean_menu_typo_font_size_unit":"px","ocean_menu_typo_font_weight":"","ocean_menu_typo_font_weight_tablet":"","ocean_menu_typo_font_weight_mobile":"","ocean_menu_typo_transform":"","ocean_menu_typo_transform_tablet":"","ocean_menu_typo_transform_mobile":"","ocean_menu_typo_line_height":0,"ocean_menu_typo_line_height_tablet":0,"ocean_menu_typo_line_height_mobile":0,"ocean_menu_typo_line_height_unit":"","ocean_menu_typo_spacing":0,"ocean_menu_typo_spacing_tablet":0,"ocean_menu_typo_spacing_mobile":0,"ocean_menu_typo_spacing_unit":"","ocean_menu_link_color":"","ocean_menu_link_color_hover":"","ocean_menu_link_color_active":"","ocean_menu_link_background":"","ocean_menu_link_hover_background":"","ocean_menu_link_active_background":"","ocean_menu_social_links_bg":"","ocean_menu_social_hover_links_bg":"","ocean_menu_social_links_color":"","ocean_menu_social_hover_links_color":"","ocean_disable_title":"default","ocean_disable_heading":"default","ocean_post_title":"","ocean_post_subheading":"","ocean_post_title_style":"","ocean_post_title_background_color":"","ocean_post_title_background":0,"ocean_post_title_bg_image_position":"","ocean_post_title_bg_image_attachment":"","ocean_post_title_bg_image_repeat":"","ocean_post_title_bg_image_size":"","ocean_post_title_height":0,"ocean_post_title_bg_overlay":0.5,"ocean_post_title_bg_overlay_color":"","ocean_disable_breadcrumbs":"default","ocean_breadcrumbs_color":"","ocean_breadcrumbs_separator_color":"","ocean_breadcrumbs_links_color":"","ocean_breadcrumbs_links_hover_color":"","ocean_display_footer_widgets":"default","ocean_display_footer_bottom":"default","ocean_custom_footer_template":"","ocean_post_oembed":"","ocean_post_self_hosted_media":"","ocean_post_video_embed":"","ocean_link_format":"","ocean_link_format_target":"self","ocean_quote_format":"","ocean_quote_format_link":"post","ocean_gallery_link_images":"on","ocean_gallery_id":[],"footnotes":""},"categories":[133],"tags":[],"class_list":["post-57019","post","type-post","status-publish","format-standard","has-post-thumbnail","hentry","category-notizie","entry","has-media"],"yoast_head":"<!-- This site is optimized with the Yoast SEO plugin v27.5 - https:\/\/yoast.com\/product\/yoast-seo-wordpress\/ -->\n<title>Tribuna independiente: &quot;Monarchia parlamentare e nuova Ley de la Corona&quot; - Italcamara<\/title>\n<meta name=\"robots\" content=\"index, follow, max-snippet:-1, max-image-preview:large, max-video-preview:-1\" \/>\n<link rel=\"canonical\" href=\"https:\/\/italcamara-es.com\/it\/notizie\/tribuna-independiente-monarchia-parlamentare-e-nuova-ley-de-la-corona\/\" \/>\n<meta property=\"og:locale\" content=\"it_IT\" \/>\n<meta property=\"og:type\" content=\"article\" \/>\n<meta property=\"og:title\" content=\"Tribuna independiente: &quot;Monarchia parlamentare e nuova Ley de la Corona&quot; - Italcamara\" \/>\n<meta property=\"og:description\" content=\"Gioved\u00ec prossimo, 11 marzo, dalle 19:00 alle 20:00, la Fundaci\u00f3n Independiente celebrer\u00e0 una conferenza dal titolo &#8220;Monarchia parlamentare e nuova Ley de la Corona&#8220;, in cui Silvia Iranzo, Segretaria di Stato per il Commercio (2008-2010) , e Ambasciatrice di Spagna in Belgio (2010-2012), ed Eduardo Serra, Ministro della Difesa (1996-2000) e presidente della Fundaci\u00f3n Transforma [&hellip;]\" \/>\n<meta property=\"og:url\" content=\"https:\/\/italcamara-es.com\/it\/notizie\/tribuna-independiente-monarchia-parlamentare-e-nuova-ley-de-la-corona\/\" \/>\n<meta property=\"og:site_name\" content=\"Italcamara\" \/>\n<meta property=\"article:published_time\" content=\"2021-02-26T08:22:07+00:00\" \/>\n<meta property=\"og:image\" content=\"https:\/\/italcamara-es.com\/wp-content\/uploads\/2025\/03\/Tribuna500.jpg\" \/>\n\t<meta property=\"og:image:width\" content=\"500\" \/>\n\t<meta property=\"og:image:height\" content=\"280\" \/>\n\t<meta property=\"og:image:type\" content=\"image\/jpeg\" \/>\n<meta name=\"author\" content=\"administrador\" \/>\n<meta name=\"twitter:card\" content=\"summary_large_image\" \/>\n<meta name=\"twitter:label1\" content=\"Scritto da\" \/>\n\t<meta name=\"twitter:data1\" content=\"administrador\" \/>\n\t<meta name=\"twitter:label2\" content=\"Tempo di lettura stimato\" \/>\n\t<meta name=\"twitter:data2\" content=\"1 minuto\" \/>\n<script type=\"application\/ld+json\" class=\"yoast-schema-graph\">{\"@context\":\"https:\\\/\\\/schema.org\",\"@graph\":[{\"@type\":\"Article\",\"@id\":\"https:\\\/\\\/italcamara-es.com\\\/it\\\/notizie\\\/tribuna-independiente-monarchia-parlamentare-e-nuova-ley-de-la-corona\\\/#article\",\"isPartOf\":{\"@id\":\"https:\\\/\\\/italcamara-es.com\\\/it\\\/notizie\\\/tribuna-independiente-monarchia-parlamentare-e-nuova-ley-de-la-corona\\\/\"},\"author\":{\"name\":\"administrador\",\"@id\":\"https:\\\/\\\/italcamara-es.com\\\/#\\\/schema\\\/person\\\/bb3c56263e405bbd9a15171dcfee93bb\"},\"headline\":\"Tribuna independiente: &#8220;Monarchia parlamentare e nuova Ley de la Corona&#8221;\",\"datePublished\":\"2021-02-26T08:22:07+00:00\",\"mainEntityOfPage\":{\"@id\":\"https:\\\/\\\/italcamara-es.com\\\/it\\\/notizie\\\/tribuna-independiente-monarchia-parlamentare-e-nuova-ley-de-la-corona\\\/\"},\"wordCount\":183,\"commentCount\":0,\"image\":{\"@id\":\"https:\\\/\\\/italcamara-es.com\\\/it\\\/notizie\\\/tribuna-independiente-monarchia-parlamentare-e-nuova-ley-de-la-corona\\\/#primaryimage\"},\"thumbnailUrl\":\"https:\\\/\\\/italcamara-es.com\\\/wp-content\\\/uploads\\\/2025\\\/03\\\/Tribuna500.jpg\",\"articleSection\":[\"Notizie\"],\"inLanguage\":\"it-IT\",\"potentialAction\":[{\"@type\":\"CommentAction\",\"name\":\"Comment\",\"target\":[\"https:\\\/\\\/italcamara-es.com\\\/it\\\/notizie\\\/tribuna-independiente-monarchia-parlamentare-e-nuova-ley-de-la-corona\\\/#respond\"]}]},{\"@type\":\"WebPage\",\"@id\":\"https:\\\/\\\/italcamara-es.com\\\/it\\\/notizie\\\/tribuna-independiente-monarchia-parlamentare-e-nuova-ley-de-la-corona\\\/\",\"url\":\"https:\\\/\\\/italcamara-es.com\\\/it\\\/notizie\\\/tribuna-independiente-monarchia-parlamentare-e-nuova-ley-de-la-corona\\\/\",\"name\":\"Tribuna independiente: \\\"Monarchia parlamentare e nuova Ley de la Corona\\\" - Italcamara\",\"isPartOf\":{\"@id\":\"https:\\\/\\\/italcamara-es.com\\\/#website\"},\"primaryImageOfPage\":{\"@id\":\"https:\\\/\\\/italcamara-es.com\\\/it\\\/notizie\\\/tribuna-independiente-monarchia-parlamentare-e-nuova-ley-de-la-corona\\\/#primaryimage\"},\"image\":{\"@id\":\"https:\\\/\\\/italcamara-es.com\\\/it\\\/notizie\\\/tribuna-independiente-monarchia-parlamentare-e-nuova-ley-de-la-corona\\\/#primaryimage\"},\"thumbnailUrl\":\"https:\\\/\\\/italcamara-es.com\\\/wp-content\\\/uploads\\\/2025\\\/03\\\/Tribuna500.jpg\",\"datePublished\":\"2021-02-26T08:22:07+00:00\",\"author\":{\"@id\":\"https:\\\/\\\/italcamara-es.com\\\/#\\\/schema\\\/person\\\/bb3c56263e405bbd9a15171dcfee93bb\"},\"breadcrumb\":{\"@id\":\"https:\\\/\\\/italcamara-es.com\\\/it\\\/notizie\\\/tribuna-independiente-monarchia-parlamentare-e-nuova-ley-de-la-corona\\\/#breadcrumb\"},\"inLanguage\":\"it-IT\",\"potentialAction\":[{\"@type\":\"ReadAction\",\"target\":[\"https:\\\/\\\/italcamara-es.com\\\/it\\\/notizie\\\/tribuna-independiente-monarchia-parlamentare-e-nuova-ley-de-la-corona\\\/\"]}]},{\"@type\":\"ImageObject\",\"inLanguage\":\"it-IT\",\"@id\":\"https:\\\/\\\/italcamara-es.com\\\/it\\\/notizie\\\/tribuna-independiente-monarchia-parlamentare-e-nuova-ley-de-la-corona\\\/#primaryimage\",\"url\":\"https:\\\/\\\/italcamara-es.com\\\/wp-content\\\/uploads\\\/2025\\\/03\\\/Tribuna500.jpg\",\"contentUrl\":\"https:\\\/\\\/italcamara-es.com\\\/wp-content\\\/uploads\\\/2025\\\/03\\\/Tribuna500.jpg\",\"width\":500,\"height\":280},{\"@type\":\"BreadcrumbList\",\"@id\":\"https:\\\/\\\/italcamara-es.com\\\/it\\\/notizie\\\/tribuna-independiente-monarchia-parlamentare-e-nuova-ley-de-la-corona\\\/#breadcrumb\",\"itemListElement\":[{\"@type\":\"ListItem\",\"position\":1,\"name\":\"Inicio\",\"item\":\"https:\\\/\\\/italcamara-es.com\\\/it\\\/homepage-ita\\\/\"},{\"@type\":\"ListItem\",\"position\":2,\"name\":\"Tribuna independiente: \u00abMonarchia parlamentare e nuova Ley de la Corona\u00bb\"}]},{\"@type\":\"WebSite\",\"@id\":\"https:\\\/\\\/italcamara-es.com\\\/#website\",\"url\":\"https:\\\/\\\/italcamara-es.com\\\/\",\"name\":\"Italcamara\",\"description\":\"\",\"potentialAction\":[{\"@type\":\"SearchAction\",\"target\":{\"@type\":\"EntryPoint\",\"urlTemplate\":\"https:\\\/\\\/italcamara-es.com\\\/?s={search_term_string}\"},\"query-input\":{\"@type\":\"PropertyValueSpecification\",\"valueRequired\":true,\"valueName\":\"search_term_string\"}}],\"inLanguage\":\"it-IT\"},{\"@type\":\"Person\",\"@id\":\"https:\\\/\\\/italcamara-es.com\\\/#\\\/schema\\\/person\\\/bb3c56263e405bbd9a15171dcfee93bb\",\"name\":\"administrador\",\"image\":{\"@type\":\"ImageObject\",\"inLanguage\":\"it-IT\",\"@id\":\"https:\\\/\\\/secure.gravatar.com\\\/avatar\\\/14b5e63db38320b12031bb28cf9f77e210aa71fb3a8a3602a3c9a05134fa75eb?s=96&d=mm&r=g\",\"url\":\"https:\\\/\\\/secure.gravatar.com\\\/avatar\\\/14b5e63db38320b12031bb28cf9f77e210aa71fb3a8a3602a3c9a05134fa75eb?s=96&d=mm&r=g\",\"contentUrl\":\"https:\\\/\\\/secure.gravatar.com\\\/avatar\\\/14b5e63db38320b12031bb28cf9f77e210aa71fb3a8a3602a3c9a05134fa75eb?s=96&d=mm&r=g\",\"caption\":\"administrador\"},\"sameAs\":[\"http:\\\/\\\/pre.italcamara-es.com\"],\"url\":\"https:\\\/\\\/italcamara-es.com\\\/it\\\/author\\\/administrador\\\/\"}]}<\/script>\n<!-- \/ Yoast SEO plugin. -->","yoast_head_json":{"title":"Tribuna independiente: \"Monarchia parlamentare e nuova Ley de la Corona\" - Italcamara","robots":{"index":"index","follow":"follow","max-snippet":"max-snippet:-1","max-image-preview":"max-image-preview:large","max-video-preview":"max-video-preview:-1"},"canonical":"https:\/\/italcamara-es.com\/it\/notizie\/tribuna-independiente-monarchia-parlamentare-e-nuova-ley-de-la-corona\/","og_locale":"it_IT","og_type":"article","og_title":"Tribuna independiente: \"Monarchia parlamentare e nuova Ley de la Corona\" - Italcamara","og_description":"Gioved\u00ec prossimo, 11 marzo, dalle 19:00 alle 20:00, la Fundaci\u00f3n Independiente celebrer\u00e0 una conferenza dal titolo &#8220;Monarchia parlamentare e nuova Ley de la Corona&#8220;, in cui Silvia Iranzo, Segretaria di Stato per il Commercio (2008-2010) , e Ambasciatrice di Spagna in Belgio (2010-2012), ed Eduardo Serra, Ministro della Difesa (1996-2000) e presidente della Fundaci\u00f3n Transforma [&hellip;]","og_url":"https:\/\/italcamara-es.com\/it\/notizie\/tribuna-independiente-monarchia-parlamentare-e-nuova-ley-de-la-corona\/","og_site_name":"Italcamara","article_published_time":"2021-02-26T08:22:07+00:00","og_image":[{"width":500,"height":280,"url":"https:\/\/italcamara-es.com\/wp-content\/uploads\/2025\/03\/Tribuna500.jpg","type":"image\/jpeg"}],"author":"administrador","twitter_card":"summary_large_image","twitter_misc":{"Scritto da":"administrador","Tempo di lettura stimato":"1 minuto"},"schema":{"@context":"https:\/\/schema.org","@graph":[{"@type":"Article","@id":"https:\/\/italcamara-es.com\/it\/notizie\/tribuna-independiente-monarchia-parlamentare-e-nuova-ley-de-la-corona\/#article","isPartOf":{"@id":"https:\/\/italcamara-es.com\/it\/notizie\/tribuna-independiente-monarchia-parlamentare-e-nuova-ley-de-la-corona\/"},"author":{"name":"administrador","@id":"https:\/\/italcamara-es.com\/#\/schema\/person\/bb3c56263e405bbd9a15171dcfee93bb"},"headline":"Tribuna independiente: &#8220;Monarchia parlamentare e nuova Ley de la Corona&#8221;","datePublished":"2021-02-26T08:22:07+00:00","mainEntityOfPage":{"@id":"https:\/\/italcamara-es.com\/it\/notizie\/tribuna-independiente-monarchia-parlamentare-e-nuova-ley-de-la-corona\/"},"wordCount":183,"commentCount":0,"image":{"@id":"https:\/\/italcamara-es.com\/it\/notizie\/tribuna-independiente-monarchia-parlamentare-e-nuova-ley-de-la-corona\/#primaryimage"},"thumbnailUrl":"https:\/\/italcamara-es.com\/wp-content\/uploads\/2025\/03\/Tribuna500.jpg","articleSection":["Notizie"],"inLanguage":"it-IT","potentialAction":[{"@type":"CommentAction","name":"Comment","target":["https:\/\/italcamara-es.com\/it\/notizie\/tribuna-independiente-monarchia-parlamentare-e-nuova-ley-de-la-corona\/#respond"]}]},{"@type":"WebPage","@id":"https:\/\/italcamara-es.com\/it\/notizie\/tribuna-independiente-monarchia-parlamentare-e-nuova-ley-de-la-corona\/","url":"https:\/\/italcamara-es.com\/it\/notizie\/tribuna-independiente-monarchia-parlamentare-e-nuova-ley-de-la-corona\/","name":"Tribuna independiente: \"Monarchia parlamentare e nuova Ley de la Corona\" - Italcamara","isPartOf":{"@id":"https:\/\/italcamara-es.com\/#website"},"primaryImageOfPage":{"@id":"https:\/\/italcamara-es.com\/it\/notizie\/tribuna-independiente-monarchia-parlamentare-e-nuova-ley-de-la-corona\/#primaryimage"},"image":{"@id":"https:\/\/italcamara-es.com\/it\/notizie\/tribuna-independiente-monarchia-parlamentare-e-nuova-ley-de-la-corona\/#primaryimage"},"thumbnailUrl":"https:\/\/italcamara-es.com\/wp-content\/uploads\/2025\/03\/Tribuna500.jpg","datePublished":"2021-02-26T08:22:07+00:00","author":{"@id":"https:\/\/italcamara-es.com\/#\/schema\/person\/bb3c56263e405bbd9a15171dcfee93bb"},"breadcrumb":{"@id":"https:\/\/italcamara-es.com\/it\/notizie\/tribuna-independiente-monarchia-parlamentare-e-nuova-ley-de-la-corona\/#breadcrumb"},"inLanguage":"it-IT","potentialAction":[{"@type":"ReadAction","target":["https:\/\/italcamara-es.com\/it\/notizie\/tribuna-independiente-monarchia-parlamentare-e-nuova-ley-de-la-corona\/"]}]},{"@type":"ImageObject","inLanguage":"it-IT","@id":"https:\/\/italcamara-es.com\/it\/notizie\/tribuna-independiente-monarchia-parlamentare-e-nuova-ley-de-la-corona\/#primaryimage","url":"https:\/\/italcamara-es.com\/wp-content\/uploads\/2025\/03\/Tribuna500.jpg","contentUrl":"https:\/\/italcamara-es.com\/wp-content\/uploads\/2025\/03\/Tribuna500.jpg","width":500,"height":280},{"@type":"BreadcrumbList","@id":"https:\/\/italcamara-es.com\/it\/notizie\/tribuna-independiente-monarchia-parlamentare-e-nuova-ley-de-la-corona\/#breadcrumb","itemListElement":[{"@type":"ListItem","position":1,"name":"Inicio","item":"https:\/\/italcamara-es.com\/it\/homepage-ita\/"},{"@type":"ListItem","position":2,"name":"Tribuna independiente: \u00abMonarchia parlamentare e nuova Ley de la Corona\u00bb"}]},{"@type":"WebSite","@id":"https:\/\/italcamara-es.com\/#website","url":"https:\/\/italcamara-es.com\/","name":"Italcamara","description":"","potentialAction":[{"@type":"SearchAction","target":{"@type":"EntryPoint","urlTemplate":"https:\/\/italcamara-es.com\/?s={search_term_string}"},"query-input":{"@type":"PropertyValueSpecification","valueRequired":true,"valueName":"search_term_string"}}],"inLanguage":"it-IT"},{"@type":"Person","@id":"https:\/\/italcamara-es.com\/#\/schema\/person\/bb3c56263e405bbd9a15171dcfee93bb","name":"administrador","image":{"@type":"ImageObject","inLanguage":"it-IT","@id":"https:\/\/secure.gravatar.com\/avatar\/14b5e63db38320b12031bb28cf9f77e210aa71fb3a8a3602a3c9a05134fa75eb?s=96&d=mm&r=g","url":"https:\/\/secure.gravatar.com\/avatar\/14b5e63db38320b12031bb28cf9f77e210aa71fb3a8a3602a3c9a05134fa75eb?s=96&d=mm&r=g","contentUrl":"https:\/\/secure.gravatar.com\/avatar\/14b5e63db38320b12031bb28cf9f77e210aa71fb3a8a3602a3c9a05134fa75eb?s=96&d=mm&r=g","caption":"administrador"},"sameAs":["http:\/\/pre.italcamara-es.com"],"url":"https:\/\/italcamara-es.com\/it\/author\/administrador\/"}]}},"rttpg_featured_image_url":{"full":["https:\/\/italcamara-es.com\/wp-content\/uploads\/2025\/03\/Tribuna500.jpg",500,280,false],"landscape":["https:\/\/italcamara-es.com\/wp-content\/uploads\/2025\/03\/Tribuna500.jpg",500,280,false],"portraits":["https:\/\/italcamara-es.com\/wp-content\/uploads\/2025\/03\/Tribuna500.jpg",500,280,false],"thumbnail":["https:\/\/italcamara-es.com\/wp-content\/uploads\/2025\/03\/Tribuna500-150x150.jpg",150,150,true],"medium":["https:\/\/italcamara-es.com\/wp-content\/uploads\/2025\/03\/Tribuna500-300x168.jpg",300,168,true],"large":["https:\/\/italcamara-es.com\/wp-content\/uploads\/2025\/03\/Tribuna500.jpg",500,280,false],"1536x1536":["https:\/\/italcamara-es.com\/wp-content\/uploads\/2025\/03\/Tribuna500.jpg",500,280,false],"2048x2048":["https:\/\/italcamara-es.com\/wp-content\/uploads\/2025\/03\/Tribuna500.jpg",500,280,false],"ocean-thumb-m":["https:\/\/italcamara-es.com\/wp-content\/uploads\/2025\/03\/Tribuna500.jpg",500,280,false],"ocean-thumb-ml":["https:\/\/italcamara-es.com\/wp-content\/uploads\/2025\/03\/Tribuna500.jpg",500,280,false],"ocean-thumb-l":["https:\/\/italcamara-es.com\/wp-content\/uploads\/2025\/03\/Tribuna500.jpg",500,280,false],"directorist_preview":["https:\/\/italcamara-es.com\/wp-content\/uploads\/2025\/03\/Tribuna500.jpg",500,280,false]},"rttpg_author":{"display_name":"administrador","author_link":"https:\/\/italcamara-es.com\/it\/author\/administrador\/"},"rttpg_comment":0,"rttpg_category":"<a href=\"https:\/\/italcamara-es.com\/it\/category\/notizie\/\" rel=\"category tag\">Notizie<\/a>","rttpg_excerpt":"Gioved\u00ec prossimo, 11 marzo, dalle 19:00 alle 20:00, la Fundaci\u00f3n Independiente celebrer\u00e0 una conferenza dal titolo &#8220;Monarchia parlamentare e nuova Ley de la Corona&#8220;, in cui Silvia Iranzo, Segretaria di Stato per il Commercio (2008-2010) , e Ambasciatrice di Spagna in Belgio (2010-2012), ed Eduardo Serra, Ministro della Difesa (1996-2000) e presidente della Fundaci\u00f3n Transforma&hellip;","_links":{"self":[{"href":"https:\/\/italcamara-es.com\/it\/wp-json\/wp\/v2\/posts\/57019","targetHints":{"allow":["GET"]}}],"collection":[{"href":"https:\/\/italcamara-es.com\/it\/wp-json\/wp\/v2\/posts"}],"about":[{"href":"https:\/\/italcamara-es.com\/it\/wp-json\/wp\/v2\/types\/post"}],"author":[{"embeddable":true,"href":"https:\/\/italcamara-es.com\/it\/wp-json\/wp\/v2\/users\/1"}],"replies":[{"embeddable":true,"href":"https:\/\/italcamara-es.com\/it\/wp-json\/wp\/v2\/comments?post=57019"}],"version-history":[{"count":0,"href":"https:\/\/italcamara-es.com\/it\/wp-json\/wp\/v2\/posts\/57019\/revisions"}],"wp:featuredmedia":[{"embeddable":true,"href":"https:\/\/italcamara-es.com\/it\/wp-json\/wp\/v2\/media\/52647"}],"wp:attachment":[{"href":"https:\/\/italcamara-es.com\/it\/wp-json\/wp\/v2\/media?parent=57019"}],"wp:term":[{"taxonomy":"category","embeddable":true,"href":"https:\/\/italcamara-es.com\/it\/wp-json\/wp\/v2\/categories?post=57019"},{"taxonomy":"post_tag","embeddable":true,"href":"https:\/\/italcamara-es.com\/it\/wp-json\/wp\/v2\/tags?post=57019"}],"curies":[{"name":"wp","href":"https:\/\/api.w.org\/{rel}","templated":true}]}}