	{"id":57031,"date":"2021-10-18T14:49:08","date_gmt":"2021-10-18T12:49:08","guid":{"rendered":"http:\/\/pre.italcamara-es.com\/senza-categoria\/generali-sponsorizzera-la-partita-di-rugby-tra-spagna-e-italia\/"},"modified":"2021-10-18T14:49:08","modified_gmt":"2021-10-18T12:49:08","slug":"generali-sponsorizzera-la-partita-di-rugby-tra-spagna-e-italia","status":"publish","type":"post","link":"https:\/\/italcamara-es.com\/it\/notizie\/generali-sponsorizzera-la-partita-di-rugby-tra-spagna-e-italia\/","title":{"rendered":"Generali sponsorizzer\u00e0 la partita di rugby tra Spagna e Italia"},"content":{"rendered":"\n<p>Nell&#8217;ambito del suo 190\u00b0 anniversario, GENERALI ha presentato oggi, 18 ottobre,  insieme alla Federazione Spagnola di Rugby la partita ufficiale che vedr\u00e0 affrontarsi le formazioni della  Spagna e dell&#8217;Italia A sabato 30 ottobre, al Campo Centrale dell&#8217;Universit\u00e0 Complutense di Madrid alle ore 16:45. L&#8217;incontro sar\u00e0 anche il primo atto delle celebrazioni del centenario del rugby in Spagna.<br> La conferenza stampa, alla quale ha partecipato il Segretario di Stato spagnolo per lo Sport, Jos\u00e9 Manuel Franco, \u00e8 servita anche per presentare il logo con cui la Federazione Spagnola di Rugby celebrer\u00e0 questo evento.<br>L&#8217;incontro con i media ha visto anche la presenza di Patricia Garc\u00eda, attuale capitano della squadra spagnola di rugby femminile, e di Jaime Nava, ex capitano della squadra maschile, entrambi in qualit\u00e0 di ambasciatori di questo sport. I due hanno ripercorso l&#8217;evoluzione del rugby fino ai giorni nostri. A nome della Federazione Spagnola di Rugby, il presidente, Alfonso Feijoo, ha voluto ringraziare Generali per il suo impegno in questo sport e i suoi valori.<\/p>\n\n\n\n<div class=\"wp-block-image\"><figure class=\"aligncenter\"><img decoding=\"async\" src=\"https:\/\/www.italcamara-es.com\/wp-content\/uploads\/2021\/10\/Rueda-de-prensa-GENERALI-600-1.jpg\" alt=\"\" class=\"wp-image-28741\"\/><\/figure><\/div>\n\n\n\n<p><strong>Santiago Villa, CEO di Generali Spagna,<\/strong>\u00a0presente\u00a0anch&#8217;\u00e8gli\u00a0alla\u00a0cerimonia, ha sottolineato come: \u201c<em>Generali \u00e8 un&#8217;azienda dai valori consolidati, che sono rimasti intatti durante i nostri 190 anni di storia. Valori come il lavoro di squadra, pienamente allineati a quelli del rugby. Per questo motivo siamo profondamente orgogliosi di far parte di questo incontro che vedr\u00e0 di fronte le squadre spagnole e italiane, entrambe strettamente legate alla nostra azienda<\/em>\u201d<br><\/p>\n\n\n\n<p>J<strong>os\u00e9 Manuel Franco, Segretario di Stato per lo Sport<\/strong> ha affermato che: \u201c<em>una Federazione compie 100 anni e li celebra nelle mani del suo sponsor pi\u00f9 importante, l&#8217;assicurazione GENERALI, che compie 190 anni dalla sua creazione, a testimonianza del fatto che entrambe le entit\u00e0 sono saldamente radicate la nostra societ\u00e0, grazie alla condivisione di valori cos\u00ec importanti come il lavoro di squadra, la perseveranza e lo sforzo. Per il CSD \u00e8 un onore ospitare questa presentazione, con ambasciatori come Patricia Garcia e Jaime Nava che sono un modello per le migliaia di fan del rugby spagnolo e per tutti i giovani giocatori<\/em>\u201d.<\/p>\n\n\n\n<p>Allo stesso modo, <strong>Alfonso Feijoo, presidente della Federazione spagnola di rugby<\/strong> ha dichiarato: &#8220;<em>Con la presentazione di questo logo possiamo dire che stiamo iniziando la celebrazione del Centenario del rugby in Spagna, anche se in realt\u00e0 le celebrazioni sono iniziate il 4 luglio, quando si sono compiuti 100 anni dalla prima riunione in cui \u00e8 stato firmato l&#8217;atto costitutivo dell&#8217;Uni\u00f3 Esportiva Santboiana. Il nostro Centenario \u00e8 stato dichiarato Evento di Eccezionale Interesse Pubblico, che speriamo possa aiutarci affinch\u00e9 alcune aziende siano incoraggiate a sostenere il rugby, come ha fatto GENERALI, e scoprano che siamo una scommessa sicura.<\/em>&#8220;<\/p>\n\n\n\n<p>L&#8217;incontro sar\u00e0 il primo che il XV spagnolo giocher\u00e0 con il pubblico dal marzo 2020, quando affront\u00f3 la Georgia e servir\u00e0 a celebrare il ritorno degli spettatori, segnando una svolta verso il ritorno alla normalit\u00e0 nello sport.<\/p>\n","protected":false},"excerpt":{"rendered":"<p>Nell&#8217;ambito del suo 190\u00b0 anniversario, GENERALI ha presentato oggi, 18 ottobre, insieme alla Federazione Spagnola di Rugby la partita ufficiale che vedr\u00e0 affrontarsi le formazioni della Spagna e dell&#8217;Italia A sabato 30 ottobre, al Campo Centrale dell&#8217;Universit\u00e0 Complutense di Madrid alle ore 16:45. L&#8217;incontro sar\u00e0 anche il primo atto delle celebrazioni del centenario del rugby [&hellip;]<\/p>\n","protected":false},"author":1,"featured_media":57032,"comment_status":"open","ping_status":"open","sticky":false,"template":"","format":"standard","meta":{"inline_featured_image":false,"ocean_post_layout":"","ocean_both_sidebars_style":"","ocean_both_sidebars_content_width":0,"ocean_both_sidebars_sidebars_width":0,"ocean_sidebar":"","ocean_second_sidebar":"","ocean_disable_margins":"enable","ocean_add_body_class":"","ocean_shortcode_before_top_bar":"","ocean_shortcode_after_top_bar":"","ocean_shortcode_before_header":"","ocean_shortcode_after_header":"","ocean_has_shortcode":"","ocean_shortcode_after_title":"","ocean_shortcode_before_footer_widgets":"","ocean_shortcode_after_footer_widgets":"","ocean_shortcode_before_footer_bottom":"","ocean_shortcode_after_footer_bottom":"","ocean_display_top_bar":"default","ocean_display_header":"default","ocean_header_style":"","ocean_center_header_left_menu":"","ocean_custom_header_template":"","ocean_custom_logo":0,"ocean_custom_retina_logo":0,"ocean_custom_logo_max_width":0,"ocean_custom_logo_tablet_max_width":0,"ocean_custom_logo_mobile_max_width":0,"ocean_custom_logo_max_height":0,"ocean_custom_logo_tablet_max_height":0,"ocean_custom_logo_mobile_max_height":0,"ocean_header_custom_menu":"","ocean_menu_typo_font_family":"","ocean_menu_typo_font_subset":"","ocean_menu_typo_font_size":0,"ocean_menu_typo_font_size_tablet":0,"ocean_menu_typo_font_size_mobile":0,"ocean_menu_typo_font_size_unit":"px","ocean_menu_typo_font_weight":"","ocean_menu_typo_font_weight_tablet":"","ocean_menu_typo_font_weight_mobile":"","ocean_menu_typo_transform":"","ocean_menu_typo_transform_tablet":"","ocean_menu_typo_transform_mobile":"","ocean_menu_typo_line_height":0,"ocean_menu_typo_line_height_tablet":0,"ocean_menu_typo_line_height_mobile":0,"ocean_menu_typo_line_height_unit":"","ocean_menu_typo_spacing":0,"ocean_menu_typo_spacing_tablet":0,"ocean_menu_typo_spacing_mobile":0,"ocean_menu_typo_spacing_unit":"","ocean_menu_link_color":"","ocean_menu_link_color_hover":"","ocean_menu_link_color_active":"","ocean_menu_link_background":"","ocean_menu_link_hover_background":"","ocean_menu_link_active_background":"","ocean_menu_social_links_bg":"","ocean_menu_social_hover_links_bg":"","ocean_menu_social_links_color":"","ocean_menu_social_hover_links_color":"","ocean_disable_title":"default","ocean_disable_heading":"default","ocean_post_title":"","ocean_post_subheading":"","ocean_post_title_style":"","ocean_post_title_background_color":"","ocean_post_title_background":0,"ocean_post_title_bg_image_position":"","ocean_post_title_bg_image_attachment":"","ocean_post_title_bg_image_repeat":"","ocean_post_title_bg_image_size":"","ocean_post_title_height":0,"ocean_post_title_bg_overlay":0.5,"ocean_post_title_bg_overlay_color":"","ocean_disable_breadcrumbs":"default","ocean_breadcrumbs_color":"","ocean_breadcrumbs_separator_color":"","ocean_breadcrumbs_links_color":"","ocean_breadcrumbs_links_hover_color":"","ocean_display_footer_widgets":"default","ocean_display_footer_bottom":"default","ocean_custom_footer_template":"","ocean_post_oembed":"","ocean_post_self_hosted_media":"","ocean_post_video_embed":"","ocean_link_format":"","ocean_link_format_target":"self","ocean_quote_format":"","ocean_quote_format_link":"post","ocean_gallery_link_images":"on","ocean_gallery_id":[],"footnotes":""},"categories":[133],"tags":[],"class_list":["post-57031","post","type-post","status-publish","format-standard","has-post-thumbnail","hentry","category-notizie","entry","has-media"],"yoast_head":"<!-- This site is optimized with the Yoast SEO plugin v27.4 - https:\/\/yoast.com\/product\/yoast-seo-wordpress\/ -->\n<title>Generali sponsorizzer\u00e0 la partita di rugby tra Spagna e Italia - Italcamara<\/title>\n<meta name=\"robots\" content=\"index, follow, max-snippet:-1, max-image-preview:large, max-video-preview:-1\" \/>\n<link rel=\"canonical\" href=\"https:\/\/italcamara-es.com\/it\/notizie\/generali-sponsorizzera-la-partita-di-rugby-tra-spagna-e-italia\/\" \/>\n<meta property=\"og:locale\" content=\"it_IT\" \/>\n<meta property=\"og:type\" content=\"article\" \/>\n<meta property=\"og:title\" content=\"Generali sponsorizzer\u00e0 la partita di rugby tra Spagna e Italia - Italcamara\" \/>\n<meta property=\"og:description\" content=\"Nell&#8217;ambito del suo 190\u00b0 anniversario, GENERALI ha presentato oggi, 18 ottobre, insieme alla Federazione Spagnola di Rugby la partita ufficiale che vedr\u00e0 affrontarsi le formazioni della Spagna e dell&#8217;Italia A sabato 30 ottobre, al Campo Centrale dell&#8217;Universit\u00e0 Complutense di Madrid alle ore 16:45. L&#8217;incontro sar\u00e0 anche il primo atto delle celebrazioni del centenario del rugby [&hellip;]\" \/>\n<meta property=\"og:url\" content=\"https:\/\/italcamara-es.com\/it\/notizie\/generali-sponsorizzera-la-partita-di-rugby-tra-spagna-e-italia\/\" \/>\n<meta property=\"og:site_name\" content=\"Italcamara\" \/>\n<meta property=\"article:published_time\" content=\"2021-10-18T12:49:08+00:00\" \/>\n<meta property=\"og:image\" content=\"https:\/\/italcamara-es.com\/wp-content\/uploads\/2025\/03\/Rueda-de-prensa-GENERALI-500-1.jpg\" \/>\n\t<meta property=\"og:image:width\" content=\"500\" \/>\n\t<meta property=\"og:image:height\" content=\"280\" \/>\n\t<meta property=\"og:image:type\" content=\"image\/jpeg\" \/>\n<meta name=\"author\" content=\"administrador\" \/>\n<meta name=\"twitter:card\" content=\"summary_large_image\" \/>\n<meta name=\"twitter:label1\" content=\"Scritto da\" \/>\n\t<meta name=\"twitter:data1\" content=\"administrador\" \/>\n\t<meta name=\"twitter:label2\" content=\"Tempo di lettura stimato\" \/>\n\t<meta name=\"twitter:data2\" content=\"2 minuti\" \/>\n<script type=\"application\/ld+json\" class=\"yoast-schema-graph\">{\"@context\":\"https:\\\/\\\/schema.org\",\"@graph\":[{\"@type\":\"Article\",\"@id\":\"https:\\\/\\\/italcamara-es.com\\\/it\\\/notizie\\\/generali-sponsorizzera-la-partita-di-rugby-tra-spagna-e-italia\\\/#article\",\"isPartOf\":{\"@id\":\"https:\\\/\\\/italcamara-es.com\\\/it\\\/notizie\\\/generali-sponsorizzera-la-partita-di-rugby-tra-spagna-e-italia\\\/\"},\"author\":{\"name\":\"administrador\",\"@id\":\"https:\\\/\\\/italcamara-es.com\\\/#\\\/schema\\\/person\\\/bb3c56263e405bbd9a15171dcfee93bb\"},\"headline\":\"Generali sponsorizzer\u00e0 la partita di rugby tra Spagna e Italia\",\"datePublished\":\"2021-10-18T12:49:08+00:00\",\"mainEntityOfPage\":{\"@id\":\"https:\\\/\\\/italcamara-es.com\\\/it\\\/notizie\\\/generali-sponsorizzera-la-partita-di-rugby-tra-spagna-e-italia\\\/\"},\"wordCount\":479,\"commentCount\":0,\"image\":{\"@id\":\"https:\\\/\\\/italcamara-es.com\\\/it\\\/notizie\\\/generali-sponsorizzera-la-partita-di-rugby-tra-spagna-e-italia\\\/#primaryimage\"},\"thumbnailUrl\":\"https:\\\/\\\/italcamara-es.com\\\/wp-content\\\/uploads\\\/2025\\\/03\\\/Rueda-de-prensa-GENERALI-500-1.jpg\",\"articleSection\":[\"Notizie\"],\"inLanguage\":\"it-IT\",\"potentialAction\":[{\"@type\":\"CommentAction\",\"name\":\"Comment\",\"target\":[\"https:\\\/\\\/italcamara-es.com\\\/it\\\/notizie\\\/generali-sponsorizzera-la-partita-di-rugby-tra-spagna-e-italia\\\/#respond\"]}]},{\"@type\":\"WebPage\",\"@id\":\"https:\\\/\\\/italcamara-es.com\\\/it\\\/notizie\\\/generali-sponsorizzera-la-partita-di-rugby-tra-spagna-e-italia\\\/\",\"url\":\"https:\\\/\\\/italcamara-es.com\\\/it\\\/notizie\\\/generali-sponsorizzera-la-partita-di-rugby-tra-spagna-e-italia\\\/\",\"name\":\"Generali sponsorizzer\u00e0 la partita di rugby tra Spagna e Italia - Italcamara\",\"isPartOf\":{\"@id\":\"https:\\\/\\\/italcamara-es.com\\\/#website\"},\"primaryImageOfPage\":{\"@id\":\"https:\\\/\\\/italcamara-es.com\\\/it\\\/notizie\\\/generali-sponsorizzera-la-partita-di-rugby-tra-spagna-e-italia\\\/#primaryimage\"},\"image\":{\"@id\":\"https:\\\/\\\/italcamara-es.com\\\/it\\\/notizie\\\/generali-sponsorizzera-la-partita-di-rugby-tra-spagna-e-italia\\\/#primaryimage\"},\"thumbnailUrl\":\"https:\\\/\\\/italcamara-es.com\\\/wp-content\\\/uploads\\\/2025\\\/03\\\/Rueda-de-prensa-GENERALI-500-1.jpg\",\"datePublished\":\"2021-10-18T12:49:08+00:00\",\"author\":{\"@id\":\"https:\\\/\\\/italcamara-es.com\\\/#\\\/schema\\\/person\\\/bb3c56263e405bbd9a15171dcfee93bb\"},\"breadcrumb\":{\"@id\":\"https:\\\/\\\/italcamara-es.com\\\/it\\\/notizie\\\/generali-sponsorizzera-la-partita-di-rugby-tra-spagna-e-italia\\\/#breadcrumb\"},\"inLanguage\":\"it-IT\",\"potentialAction\":[{\"@type\":\"ReadAction\",\"target\":[\"https:\\\/\\\/italcamara-es.com\\\/it\\\/notizie\\\/generali-sponsorizzera-la-partita-di-rugby-tra-spagna-e-italia\\\/\"]}]},{\"@type\":\"ImageObject\",\"inLanguage\":\"it-IT\",\"@id\":\"https:\\\/\\\/italcamara-es.com\\\/it\\\/notizie\\\/generali-sponsorizzera-la-partita-di-rugby-tra-spagna-e-italia\\\/#primaryimage\",\"url\":\"https:\\\/\\\/italcamara-es.com\\\/wp-content\\\/uploads\\\/2025\\\/03\\\/Rueda-de-prensa-GENERALI-500-1.jpg\",\"contentUrl\":\"https:\\\/\\\/italcamara-es.com\\\/wp-content\\\/uploads\\\/2025\\\/03\\\/Rueda-de-prensa-GENERALI-500-1.jpg\",\"width\":500,\"height\":280},{\"@type\":\"BreadcrumbList\",\"@id\":\"https:\\\/\\\/italcamara-es.com\\\/it\\\/notizie\\\/generali-sponsorizzera-la-partita-di-rugby-tra-spagna-e-italia\\\/#breadcrumb\",\"itemListElement\":[{\"@type\":\"ListItem\",\"position\":1,\"name\":\"Inicio\",\"item\":\"https:\\\/\\\/italcamara-es.com\\\/it\\\/homepage-ita\\\/\"},{\"@type\":\"ListItem\",\"position\":2,\"name\":\"Generali sponsorizzer\u00e0 la partita di rugby tra Spagna e Italia\"}]},{\"@type\":\"WebSite\",\"@id\":\"https:\\\/\\\/italcamara-es.com\\\/#website\",\"url\":\"https:\\\/\\\/italcamara-es.com\\\/\",\"name\":\"Italcamara\",\"description\":\"\",\"potentialAction\":[{\"@type\":\"SearchAction\",\"target\":{\"@type\":\"EntryPoint\",\"urlTemplate\":\"https:\\\/\\\/italcamara-es.com\\\/?s={search_term_string}\"},\"query-input\":{\"@type\":\"PropertyValueSpecification\",\"valueRequired\":true,\"valueName\":\"search_term_string\"}}],\"inLanguage\":\"it-IT\"},{\"@type\":\"Person\",\"@id\":\"https:\\\/\\\/italcamara-es.com\\\/#\\\/schema\\\/person\\\/bb3c56263e405bbd9a15171dcfee93bb\",\"name\":\"administrador\",\"image\":{\"@type\":\"ImageObject\",\"inLanguage\":\"it-IT\",\"@id\":\"https:\\\/\\\/secure.gravatar.com\\\/avatar\\\/14b5e63db38320b12031bb28cf9f77e210aa71fb3a8a3602a3c9a05134fa75eb?s=96&d=mm&r=g\",\"url\":\"https:\\\/\\\/secure.gravatar.com\\\/avatar\\\/14b5e63db38320b12031bb28cf9f77e210aa71fb3a8a3602a3c9a05134fa75eb?s=96&d=mm&r=g\",\"contentUrl\":\"https:\\\/\\\/secure.gravatar.com\\\/avatar\\\/14b5e63db38320b12031bb28cf9f77e210aa71fb3a8a3602a3c9a05134fa75eb?s=96&d=mm&r=g\",\"caption\":\"administrador\"},\"sameAs\":[\"http:\\\/\\\/pre.italcamara-es.com\"],\"url\":\"https:\\\/\\\/italcamara-es.com\\\/it\\\/author\\\/administrador\\\/\"}]}<\/script>\n<!-- \/ Yoast SEO plugin. -->","yoast_head_json":{"title":"Generali sponsorizzer\u00e0 la partita di rugby tra Spagna e Italia - Italcamara","robots":{"index":"index","follow":"follow","max-snippet":"max-snippet:-1","max-image-preview":"max-image-preview:large","max-video-preview":"max-video-preview:-1"},"canonical":"https:\/\/italcamara-es.com\/it\/notizie\/generali-sponsorizzera-la-partita-di-rugby-tra-spagna-e-italia\/","og_locale":"it_IT","og_type":"article","og_title":"Generali sponsorizzer\u00e0 la partita di rugby tra Spagna e Italia - Italcamara","og_description":"Nell&#8217;ambito del suo 190\u00b0 anniversario, GENERALI ha presentato oggi, 18 ottobre, insieme alla Federazione Spagnola di Rugby la partita ufficiale che vedr\u00e0 affrontarsi le formazioni della Spagna e dell&#8217;Italia A sabato 30 ottobre, al Campo Centrale dell&#8217;Universit\u00e0 Complutense di Madrid alle ore 16:45. L&#8217;incontro sar\u00e0 anche il primo atto delle celebrazioni del centenario del rugby [&hellip;]","og_url":"https:\/\/italcamara-es.com\/it\/notizie\/generali-sponsorizzera-la-partita-di-rugby-tra-spagna-e-italia\/","og_site_name":"Italcamara","article_published_time":"2021-10-18T12:49:08+00:00","og_image":[{"width":500,"height":280,"url":"https:\/\/italcamara-es.com\/wp-content\/uploads\/2025\/03\/Rueda-de-prensa-GENERALI-500-1.jpg","type":"image\/jpeg"}],"author":"administrador","twitter_card":"summary_large_image","twitter_misc":{"Scritto da":"administrador","Tempo di lettura stimato":"2 minuti"},"schema":{"@context":"https:\/\/schema.org","@graph":[{"@type":"Article","@id":"https:\/\/italcamara-es.com\/it\/notizie\/generali-sponsorizzera-la-partita-di-rugby-tra-spagna-e-italia\/#article","isPartOf":{"@id":"https:\/\/italcamara-es.com\/it\/notizie\/generali-sponsorizzera-la-partita-di-rugby-tra-spagna-e-italia\/"},"author":{"name":"administrador","@id":"https:\/\/italcamara-es.com\/#\/schema\/person\/bb3c56263e405bbd9a15171dcfee93bb"},"headline":"Generali sponsorizzer\u00e0 la partita di rugby tra Spagna e Italia","datePublished":"2021-10-18T12:49:08+00:00","mainEntityOfPage":{"@id":"https:\/\/italcamara-es.com\/it\/notizie\/generali-sponsorizzera-la-partita-di-rugby-tra-spagna-e-italia\/"},"wordCount":479,"commentCount":0,"image":{"@id":"https:\/\/italcamara-es.com\/it\/notizie\/generali-sponsorizzera-la-partita-di-rugby-tra-spagna-e-italia\/#primaryimage"},"thumbnailUrl":"https:\/\/italcamara-es.com\/wp-content\/uploads\/2025\/03\/Rueda-de-prensa-GENERALI-500-1.jpg","articleSection":["Notizie"],"inLanguage":"it-IT","potentialAction":[{"@type":"CommentAction","name":"Comment","target":["https:\/\/italcamara-es.com\/it\/notizie\/generali-sponsorizzera-la-partita-di-rugby-tra-spagna-e-italia\/#respond"]}]},{"@type":"WebPage","@id":"https:\/\/italcamara-es.com\/it\/notizie\/generali-sponsorizzera-la-partita-di-rugby-tra-spagna-e-italia\/","url":"https:\/\/italcamara-es.com\/it\/notizie\/generali-sponsorizzera-la-partita-di-rugby-tra-spagna-e-italia\/","name":"Generali sponsorizzer\u00e0 la partita di rugby tra Spagna e Italia - Italcamara","isPartOf":{"@id":"https:\/\/italcamara-es.com\/#website"},"primaryImageOfPage":{"@id":"https:\/\/italcamara-es.com\/it\/notizie\/generali-sponsorizzera-la-partita-di-rugby-tra-spagna-e-italia\/#primaryimage"},"image":{"@id":"https:\/\/italcamara-es.com\/it\/notizie\/generali-sponsorizzera-la-partita-di-rugby-tra-spagna-e-italia\/#primaryimage"},"thumbnailUrl":"https:\/\/italcamara-es.com\/wp-content\/uploads\/2025\/03\/Rueda-de-prensa-GENERALI-500-1.jpg","datePublished":"2021-10-18T12:49:08+00:00","author":{"@id":"https:\/\/italcamara-es.com\/#\/schema\/person\/bb3c56263e405bbd9a15171dcfee93bb"},"breadcrumb":{"@id":"https:\/\/italcamara-es.com\/it\/notizie\/generali-sponsorizzera-la-partita-di-rugby-tra-spagna-e-italia\/#breadcrumb"},"inLanguage":"it-IT","potentialAction":[{"@type":"ReadAction","target":["https:\/\/italcamara-es.com\/it\/notizie\/generali-sponsorizzera-la-partita-di-rugby-tra-spagna-e-italia\/"]}]},{"@type":"ImageObject","inLanguage":"it-IT","@id":"https:\/\/italcamara-es.com\/it\/notizie\/generali-sponsorizzera-la-partita-di-rugby-tra-spagna-e-italia\/#primaryimage","url":"https:\/\/italcamara-es.com\/wp-content\/uploads\/2025\/03\/Rueda-de-prensa-GENERALI-500-1.jpg","contentUrl":"https:\/\/italcamara-es.com\/wp-content\/uploads\/2025\/03\/Rueda-de-prensa-GENERALI-500-1.jpg","width":500,"height":280},{"@type":"BreadcrumbList","@id":"https:\/\/italcamara-es.com\/it\/notizie\/generali-sponsorizzera-la-partita-di-rugby-tra-spagna-e-italia\/#breadcrumb","itemListElement":[{"@type":"ListItem","position":1,"name":"Inicio","item":"https:\/\/italcamara-es.com\/it\/homepage-ita\/"},{"@type":"ListItem","position":2,"name":"Generali sponsorizzer\u00e0 la partita di rugby tra Spagna e Italia"}]},{"@type":"WebSite","@id":"https:\/\/italcamara-es.com\/#website","url":"https:\/\/italcamara-es.com\/","name":"Italcamara","description":"","potentialAction":[{"@type":"SearchAction","target":{"@type":"EntryPoint","urlTemplate":"https:\/\/italcamara-es.com\/?s={search_term_string}"},"query-input":{"@type":"PropertyValueSpecification","valueRequired":true,"valueName":"search_term_string"}}],"inLanguage":"it-IT"},{"@type":"Person","@id":"https:\/\/italcamara-es.com\/#\/schema\/person\/bb3c56263e405bbd9a15171dcfee93bb","name":"administrador","image":{"@type":"ImageObject","inLanguage":"it-IT","@id":"https:\/\/secure.gravatar.com\/avatar\/14b5e63db38320b12031bb28cf9f77e210aa71fb3a8a3602a3c9a05134fa75eb?s=96&d=mm&r=g","url":"https:\/\/secure.gravatar.com\/avatar\/14b5e63db38320b12031bb28cf9f77e210aa71fb3a8a3602a3c9a05134fa75eb?s=96&d=mm&r=g","contentUrl":"https:\/\/secure.gravatar.com\/avatar\/14b5e63db38320b12031bb28cf9f77e210aa71fb3a8a3602a3c9a05134fa75eb?s=96&d=mm&r=g","caption":"administrador"},"sameAs":["http:\/\/pre.italcamara-es.com"],"url":"https:\/\/italcamara-es.com\/it\/author\/administrador\/"}]}},"rttpg_featured_image_url":{"full":["https:\/\/italcamara-es.com\/wp-content\/uploads\/2025\/03\/Rueda-de-prensa-GENERALI-500-1.jpg",500,280,false],"landscape":["https:\/\/italcamara-es.com\/wp-content\/uploads\/2025\/03\/Rueda-de-prensa-GENERALI-500-1.jpg",500,280,false],"portraits":["https:\/\/italcamara-es.com\/wp-content\/uploads\/2025\/03\/Rueda-de-prensa-GENERALI-500-1.jpg",500,280,false],"thumbnail":["https:\/\/italcamara-es.com\/wp-content\/uploads\/2025\/03\/Rueda-de-prensa-GENERALI-500-1-150x150.jpg",150,150,true],"medium":["https:\/\/italcamara-es.com\/wp-content\/uploads\/2025\/03\/Rueda-de-prensa-GENERALI-500-1-300x168.jpg",300,168,true],"large":["https:\/\/italcamara-es.com\/wp-content\/uploads\/2025\/03\/Rueda-de-prensa-GENERALI-500-1.jpg",500,280,false],"1536x1536":["https:\/\/italcamara-es.com\/wp-content\/uploads\/2025\/03\/Rueda-de-prensa-GENERALI-500-1.jpg",500,280,false],"2048x2048":["https:\/\/italcamara-es.com\/wp-content\/uploads\/2025\/03\/Rueda-de-prensa-GENERALI-500-1.jpg",500,280,false],"ocean-thumb-m":["https:\/\/italcamara-es.com\/wp-content\/uploads\/2025\/03\/Rueda-de-prensa-GENERALI-500-1.jpg",500,280,false],"ocean-thumb-ml":["https:\/\/italcamara-es.com\/wp-content\/uploads\/2025\/03\/Rueda-de-prensa-GENERALI-500-1.jpg",500,280,false],"ocean-thumb-l":["https:\/\/italcamara-es.com\/wp-content\/uploads\/2025\/03\/Rueda-de-prensa-GENERALI-500-1.jpg",500,280,false],"directorist_preview":["https:\/\/italcamara-es.com\/wp-content\/uploads\/2025\/03\/Rueda-de-prensa-GENERALI-500-1.jpg",500,280,false]},"rttpg_author":{"display_name":"administrador","author_link":"https:\/\/italcamara-es.com\/it\/author\/administrador\/"},"rttpg_comment":0,"rttpg_category":"<a href=\"https:\/\/italcamara-es.com\/it\/category\/notizie\/\" rel=\"category tag\">Notizie<\/a>","rttpg_excerpt":"Nell&#8217;ambito del suo 190\u00b0 anniversario, GENERALI ha presentato oggi, 18 ottobre, insieme alla Federazione Spagnola di Rugby la partita ufficiale che vedr\u00e0 affrontarsi le formazioni della Spagna e dell&#8217;Italia A sabato 30 ottobre, al Campo Centrale dell&#8217;Universit\u00e0 Complutense di Madrid alle ore 16:45. L&#8217;incontro sar\u00e0 anche il primo atto delle celebrazioni del centenario del rugby&hellip;","_links":{"self":[{"href":"https:\/\/italcamara-es.com\/it\/wp-json\/wp\/v2\/posts\/57031","targetHints":{"allow":["GET"]}}],"collection":[{"href":"https:\/\/italcamara-es.com\/it\/wp-json\/wp\/v2\/posts"}],"about":[{"href":"https:\/\/italcamara-es.com\/it\/wp-json\/wp\/v2\/types\/post"}],"author":[{"embeddable":true,"href":"https:\/\/italcamara-es.com\/it\/wp-json\/wp\/v2\/users\/1"}],"replies":[{"embeddable":true,"href":"https:\/\/italcamara-es.com\/it\/wp-json\/wp\/v2\/comments?post=57031"}],"version-history":[{"count":0,"href":"https:\/\/italcamara-es.com\/it\/wp-json\/wp\/v2\/posts\/57031\/revisions"}],"wp:featuredmedia":[{"embeddable":true,"href":"https:\/\/italcamara-es.com\/it\/wp-json\/wp\/v2\/media\/57032"}],"wp:attachment":[{"href":"https:\/\/italcamara-es.com\/it\/wp-json\/wp\/v2\/media?parent=57031"}],"wp:term":[{"taxonomy":"category","embeddable":true,"href":"https:\/\/italcamara-es.com\/it\/wp-json\/wp\/v2\/categories?post=57031"},{"taxonomy":"post_tag","embeddable":true,"href":"https:\/\/italcamara-es.com\/it\/wp-json\/wp\/v2\/tags?post=57031"}],"curies":[{"name":"wp","href":"https:\/\/api.w.org\/{rel}","templated":true}]}}