	{"id":57038,"date":"2022-06-15T21:22:23","date_gmt":"2022-06-15T19:22:23","guid":{"rendered":"http:\/\/pre.italcamara-es.com\/senza-categoria\/natuzzi-italia-protagonista-alla-milano-design-week-2022\/"},"modified":"2022-06-15T21:22:23","modified_gmt":"2022-06-15T19:22:23","slug":"natuzzi-italia-protagonista-alla-milano-design-week-2022","status":"publish","type":"post","link":"https:\/\/italcamara-es.com\/it\/notizie\/natuzzi-italia-protagonista-alla-milano-design-week-2022\/","title":{"rendered":"Natuzzi Italia protagonista alla Milano Design Week 2022"},"content":{"rendered":"\n<p>La&nbsp;<strong>Milano Design Week 2022<\/strong>&nbsp;si \u00e8 conclusa lo scorso 12 giugno con un risultato molto positivo in termini di partecipanti e visitatori.  In particolare, sono state  oltre 262.000 le presenze alla 60\u00aa edizione del Salone del Mobile, che ha visto la presenza di 2.175 brand espositori, di cui il 27% esteri, tra cui 600 giovani designer. <\/p>\n\n\n\n<p>In questo contesto, <strong>Natuzzi Italia<\/strong> ha presentato la nuova collezione <strong><em>The Circle of Harmony \u2013 Second Life<\/em><\/strong>, che, con la direzione creativa di <strong>Pasquale Junior Natuzzi<\/strong>, vede protagonisti l\u2019artista-designer italiano <strong>Marcantonio<\/strong> con il <strong>pouf<\/strong> <strong><em>Terra<\/em><\/strong> e l\u2019olandese <strong>Marcel Wanders studio<\/strong> con il <strong>divano<\/strong> <strong><em>Adam<\/em><\/strong>. <\/p>\n\n\n\n<p>Il flagship store di via Durini, \u00e8 stata la scenografia dove il pubblico ha potuto scoprire le novit\u00e0 di prodotto, oltre a una speciale selezione di pezzi iconici del marchio, in una nuova veste impreziosita dalle <strong>nuove collezoni di rivestimenti eco-fiber<\/strong>, 100% sostenibili. Inoltre, una suggestiva installazione ambientale dal titolo<strong> <em>Germogli<\/em><\/strong> ideata da Marcantonio per gli spazi del cortile adiacente lo showroom di Palazzo Durini Caproni di Taliedo \u00e8 stata accessibile al pubblico  i giorni 8 e 9 giugno. <\/p>\n\n\n\n<p><strong>THE CIRCLE OF HARMONY \u2013 SECOND LIFE<\/strong><\/p>\n\n\n\n<p><strong><em>Second <\/em><\/strong><em>Life<\/em> \u00e8 la nuova concept collection realizzata nel<strong> <em>Circle\nof Harmony <\/em><\/strong>di Natuzzi Italia, il progetto nato nel 2019 percreare uno spazio ideale in cui accogliere\ndiverse interpretazioni creative del DNA del brand. Dopo la riflessione\nsul futuro avviata attraverso le ultime due collezioni <em>The Circle of Harmony<\/em>\n(2020) e <em>The Circle of Harmony \u2013 Live the Transition<\/em> (2021), con <em>Second Life<\/em> Natuzzi Italia\nriflette cos\u00ec sul<strong> concetto di sostenibilit\u00e0 nel suo senso pi\u00f9 ampio<\/strong>.\n<em>The Circle of Harmony \u2013 Second Life<\/em>\nrappresenta cos\u00ec un terzo capitolo di questa narrazione, una riflessione intorno ad un tema di forte\nattualit\u00e0: come orientare la\nproduzione degli arredi verso una sostenibilit\u00e0 che sia sempre pi\u00f9 coerente e\nconcreta. <\/p>\n\n\n\n<p>\u201c<em>Second Life \u00e8 il concept della nuova collezione, un pensiero che guida la mano dei designer con i quali abbiamo collaborato, ma che abbraccia i nostri abili artigiani ed \u00e8 cos\u00ec universale che accoglie idealmente tutti<\/em>\u201d,  ha raccontato <strong>Pasquale Junior Natuzzi<\/strong>, direttore creativo dell\u2019azienda. \u201c<em>L\u2019obiettivo \u00e8 dare vita a una progettazione e a una produzione pi\u00f9 consapevoli. Creare una bellezza senza tempo in grado di valicare il tempo stesso. Una collezione di pezzi mirati, studiati per durare una vita, con l\u2019idea pulita di abbattere l\u2019inquinamento, realizzando materiali che vivono una preziosa seconda vita: riciclati, riutilizzati, ripensati; oggetti dove funzionalit\u00e0 ed estetica convivono in perfetto equilibrio. Per vivere finalmente una seconda vita in armonia<\/em>\u201d<em>.<\/em><\/p>\n\n\n\n<p>La sostenibilit\u00e0 \u00e8 quindi il concetto alla base dei <strong>nuovi progetti<\/strong> che l\u2019azienda italiana ha presentato nell\u2019ambito della Milano Design Week. In questo senso, grande protagonismo \u00e8 stato riservato a due tra i nuovi progetti di Natuzzi Italia. Il primo \u00e8 il pouf <strong><em>Terra<\/em><\/strong>, nato dalla collaborazione con l\u2019artista e designer Marcantoniocomeprogetto pensato per essere a <strong>impatto zero sull\u2019ambiente<\/strong>, con un volume dalle forme smussate, linee colme di stondature e morbidezze che evocano le forme di un\u2019oliva sulla terra rossa dei paesaggi pugliesi. <\/p>\n\n\n\n<div class=\"wp-block-image\"><figure class=\"aligncenter is-resized\"><img decoding=\"async\" src=\"https:\/\/www.italcamara-es.com\/wp-content\/uploads\/2022\/05\/NI_focus_1200x820_1-1-1024x700.jpg\" alt=\"\" class=\"wp-image-30201\" width=\"800\"\/><figcaption>Il pouf Terra<\/figcaption><\/figure><\/div>\n\n\n\n<p>Il <strong>divano modulare <em>Adam<\/em><\/strong>\n\u00e8 invece frutto della collaborazione con Marcel Wanders studio e nasce con la volont\u00e0 di unire <strong>materiali sostenibili<\/strong> e un design senza tempo alle\nispirazioni nate dalla Puglia, la regione che rappresenta le radici del\nmarchio e simboleggia quello stile di vita mediterraneo che il brand porta in\ntutto il mondo.<\/p>\n\n\n\n<div class=\"wp-block-image\"><figure class=\"aligncenter is-resized\"><img decoding=\"async\" src=\"https:\/\/www.italcamara-es.com\/wp-content\/uploads\/2022\/05\/NI_guida_1920x1080_2-1-1024x576.png\" alt=\"\" class=\"wp-image-30202\" width=\"800\"\/><figcaption>Il divano modulare Adam<\/figcaption><\/figure><\/div>\n\n\n\n<p>Il concept <em>Second Life<\/em> si esprime anche nella <strong>nuova collezione di rivestimenti sostenibili<\/strong> presentata da Natuzzi Italia. Dopo il lancio nel 2020 della collaborazione con lo studio olandese di <em>textile innovation<\/em><strong> BYBORRE<\/strong>, che ha dato origine alla collezione di tessuti <strong><em>Water<\/em><\/strong> \u2013 realizzati con un filato che combina lana di altissima qualit\u00e0 e PES riciclato \u2013, il brand ha presentato quest\u2019anno una serie di nuove fibre pensate per ottenere il massimo impatto positivo sull\u2019ambiente e sull\u2019uomo: <strong><em>Gaia<\/em><\/strong> e <strong><em>Origami<\/em><\/strong>. La prima \u00e8 una sperimentale<strong> fibra vegan <\/strong>che riproduce in modo straordinario la texture della pelle, mentre la seconda \u00e8 un tessuto che si compone prevalentemente di <strong>fibra di carta<\/strong> \u2013 prodotto ecologico e sostenibile, 100% naturale \u2013 unita a ciniglia floccata di nylon su rovescio.&nbsp; <\/p>\n\n\n\n<p><em><a href=\"https:\/\/www.italcamara-es.com\/wp-content\/uploads\/2022\/06\/Natuzzi-Italia-stores.pdf\"><strong>Lista degli store Natuzzi in Spagna<\/strong><\/a><\/em><\/p>\n","protected":false},"excerpt":{"rendered":"<p>La&nbsp;Milano Design Week 2022&nbsp;si \u00e8 conclusa lo scorso 12 giugno con un risultato molto positivo in termini di partecipanti e visitatori. In particolare, sono state oltre 262.000 le presenze alla 60\u00aa edizione del Salone del Mobile, che ha visto la presenza di 2.175 brand espositori, di cui il 27% esteri, tra cui 600 giovani designer. [&hellip;]<\/p>\n","protected":false},"author":1,"featured_media":52685,"comment_status":"open","ping_status":"open","sticky":false,"template":"","format":"standard","meta":{"inline_featured_image":false,"ocean_post_layout":"","ocean_both_sidebars_style":"","ocean_both_sidebars_content_width":0,"ocean_both_sidebars_sidebars_width":0,"ocean_sidebar":"","ocean_second_sidebar":"","ocean_disable_margins":"enable","ocean_add_body_class":"","ocean_shortcode_before_top_bar":"","ocean_shortcode_after_top_bar":"","ocean_shortcode_before_header":"","ocean_shortcode_after_header":"","ocean_has_shortcode":"","ocean_shortcode_after_title":"","ocean_shortcode_before_footer_widgets":"","ocean_shortcode_after_footer_widgets":"","ocean_shortcode_before_footer_bottom":"","ocean_shortcode_after_footer_bottom":"","ocean_display_top_bar":"default","ocean_display_header":"default","ocean_header_style":"","ocean_center_header_left_menu":"","ocean_custom_header_template":"","ocean_custom_logo":0,"ocean_custom_retina_logo":0,"ocean_custom_logo_max_width":0,"ocean_custom_logo_tablet_max_width":0,"ocean_custom_logo_mobile_max_width":0,"ocean_custom_logo_max_height":0,"ocean_custom_logo_tablet_max_height":0,"ocean_custom_logo_mobile_max_height":0,"ocean_header_custom_menu":"","ocean_menu_typo_font_family":"","ocean_menu_typo_font_subset":"","ocean_menu_typo_font_size":0,"ocean_menu_typo_font_size_tablet":0,"ocean_menu_typo_font_size_mobile":0,"ocean_menu_typo_font_size_unit":"px","ocean_menu_typo_font_weight":"","ocean_menu_typo_font_weight_tablet":"","ocean_menu_typo_font_weight_mobile":"","ocean_menu_typo_transform":"","ocean_menu_typo_transform_tablet":"","ocean_menu_typo_transform_mobile":"","ocean_menu_typo_line_height":0,"ocean_menu_typo_line_height_tablet":0,"ocean_menu_typo_line_height_mobile":0,"ocean_menu_typo_line_height_unit":"","ocean_menu_typo_spacing":0,"ocean_menu_typo_spacing_tablet":0,"ocean_menu_typo_spacing_mobile":0,"ocean_menu_typo_spacing_unit":"","ocean_menu_link_color":"","ocean_menu_link_color_hover":"","ocean_menu_link_color_active":"","ocean_menu_link_background":"","ocean_menu_link_hover_background":"","ocean_menu_link_active_background":"","ocean_menu_social_links_bg":"","ocean_menu_social_hover_links_bg":"","ocean_menu_social_links_color":"","ocean_menu_social_hover_links_color":"","ocean_disable_title":"default","ocean_disable_heading":"default","ocean_post_title":"","ocean_post_subheading":"","ocean_post_title_style":"","ocean_post_title_background_color":"","ocean_post_title_background":0,"ocean_post_title_bg_image_position":"","ocean_post_title_bg_image_attachment":"","ocean_post_title_bg_image_repeat":"","ocean_post_title_bg_image_size":"","ocean_post_title_height":0,"ocean_post_title_bg_overlay":0.5,"ocean_post_title_bg_overlay_color":"","ocean_disable_breadcrumbs":"default","ocean_breadcrumbs_color":"","ocean_breadcrumbs_separator_color":"","ocean_breadcrumbs_links_color":"","ocean_breadcrumbs_links_hover_color":"","ocean_display_footer_widgets":"default","ocean_display_footer_bottom":"default","ocean_custom_footer_template":"","ocean_post_oembed":"","ocean_post_self_hosted_media":"","ocean_post_video_embed":"","ocean_link_format":"","ocean_link_format_target":"self","ocean_quote_format":"","ocean_quote_format_link":"post","ocean_gallery_link_images":"on","ocean_gallery_id":[],"footnotes":""},"categories":[133],"tags":[],"class_list":["post-57038","post","type-post","status-publish","format-standard","has-post-thumbnail","hentry","category-notizie","entry","has-media"],"yoast_head":"<!-- This site is optimized with the Yoast SEO plugin v27.4 - https:\/\/yoast.com\/product\/yoast-seo-wordpress\/ -->\n<title>Natuzzi Italia protagonista alla Milano Design Week 2022 - Italcamara<\/title>\n<meta name=\"robots\" content=\"index, follow, max-snippet:-1, max-image-preview:large, max-video-preview:-1\" \/>\n<link rel=\"canonical\" href=\"https:\/\/italcamara-es.com\/it\/notizie\/natuzzi-italia-protagonista-alla-milano-design-week-2022\/\" \/>\n<meta property=\"og:locale\" content=\"it_IT\" \/>\n<meta property=\"og:type\" content=\"article\" \/>\n<meta property=\"og:title\" content=\"Natuzzi Italia protagonista alla Milano Design Week 2022 - Italcamara\" \/>\n<meta property=\"og:description\" content=\"La&nbsp;Milano Design Week 2022&nbsp;si \u00e8 conclusa lo scorso 12 giugno con un risultato molto positivo in termini di partecipanti e visitatori. In particolare, sono state oltre 262.000 le presenze alla 60\u00aa edizione del Salone del Mobile, che ha visto la presenza di 2.175 brand espositori, di cui il 27% esteri, tra cui 600 giovani designer. [&hellip;]\" \/>\n<meta property=\"og:url\" content=\"https:\/\/italcamara-es.com\/it\/notizie\/natuzzi-italia-protagonista-alla-milano-design-week-2022\/\" \/>\n<meta property=\"og:site_name\" content=\"Italcamara\" \/>\n<meta property=\"article:published_time\" content=\"2022-06-15T19:22:23+00:00\" \/>\n<meta property=\"og:image\" content=\"https:\/\/italcamara-es.com\/wp-content\/uploads\/2025\/03\/natuzzi-500.jpg\" \/>\n\t<meta property=\"og:image:width\" content=\"500\" \/>\n\t<meta property=\"og:image:height\" content=\"280\" \/>\n\t<meta property=\"og:image:type\" content=\"image\/jpeg\" \/>\n<meta name=\"author\" content=\"administrador\" \/>\n<meta name=\"twitter:card\" content=\"summary_large_image\" \/>\n<meta name=\"twitter:label1\" content=\"Scritto da\" \/>\n\t<meta name=\"twitter:data1\" content=\"administrador\" \/>\n\t<meta name=\"twitter:label2\" content=\"Tempo di lettura stimato\" \/>\n\t<meta name=\"twitter:data2\" content=\"3 minuti\" \/>\n<script type=\"application\/ld+json\" class=\"yoast-schema-graph\">{\"@context\":\"https:\\\/\\\/schema.org\",\"@graph\":[{\"@type\":\"Article\",\"@id\":\"https:\\\/\\\/italcamara-es.com\\\/it\\\/notizie\\\/natuzzi-italia-protagonista-alla-milano-design-week-2022\\\/#article\",\"isPartOf\":{\"@id\":\"https:\\\/\\\/italcamara-es.com\\\/it\\\/notizie\\\/natuzzi-italia-protagonista-alla-milano-design-week-2022\\\/\"},\"author\":{\"name\":\"administrador\",\"@id\":\"https:\\\/\\\/italcamara-es.com\\\/#\\\/schema\\\/person\\\/bb3c56263e405bbd9a15171dcfee93bb\"},\"headline\":\"Natuzzi Italia protagonista alla Milano Design Week 2022\",\"datePublished\":\"2022-06-15T19:22:23+00:00\",\"mainEntityOfPage\":{\"@id\":\"https:\\\/\\\/italcamara-es.com\\\/it\\\/notizie\\\/natuzzi-italia-protagonista-alla-milano-design-week-2022\\\/\"},\"wordCount\":680,\"commentCount\":0,\"image\":{\"@id\":\"https:\\\/\\\/italcamara-es.com\\\/it\\\/notizie\\\/natuzzi-italia-protagonista-alla-milano-design-week-2022\\\/#primaryimage\"},\"thumbnailUrl\":\"https:\\\/\\\/italcamara-es.com\\\/wp-content\\\/uploads\\\/2025\\\/03\\\/natuzzi-500.jpg\",\"articleSection\":[\"Notizie\"],\"inLanguage\":\"it-IT\",\"potentialAction\":[{\"@type\":\"CommentAction\",\"name\":\"Comment\",\"target\":[\"https:\\\/\\\/italcamara-es.com\\\/it\\\/notizie\\\/natuzzi-italia-protagonista-alla-milano-design-week-2022\\\/#respond\"]}]},{\"@type\":\"WebPage\",\"@id\":\"https:\\\/\\\/italcamara-es.com\\\/it\\\/notizie\\\/natuzzi-italia-protagonista-alla-milano-design-week-2022\\\/\",\"url\":\"https:\\\/\\\/italcamara-es.com\\\/it\\\/notizie\\\/natuzzi-italia-protagonista-alla-milano-design-week-2022\\\/\",\"name\":\"Natuzzi Italia protagonista alla Milano Design Week 2022 - Italcamara\",\"isPartOf\":{\"@id\":\"https:\\\/\\\/italcamara-es.com\\\/#website\"},\"primaryImageOfPage\":{\"@id\":\"https:\\\/\\\/italcamara-es.com\\\/it\\\/notizie\\\/natuzzi-italia-protagonista-alla-milano-design-week-2022\\\/#primaryimage\"},\"image\":{\"@id\":\"https:\\\/\\\/italcamara-es.com\\\/it\\\/notizie\\\/natuzzi-italia-protagonista-alla-milano-design-week-2022\\\/#primaryimage\"},\"thumbnailUrl\":\"https:\\\/\\\/italcamara-es.com\\\/wp-content\\\/uploads\\\/2025\\\/03\\\/natuzzi-500.jpg\",\"datePublished\":\"2022-06-15T19:22:23+00:00\",\"author\":{\"@id\":\"https:\\\/\\\/italcamara-es.com\\\/#\\\/schema\\\/person\\\/bb3c56263e405bbd9a15171dcfee93bb\"},\"breadcrumb\":{\"@id\":\"https:\\\/\\\/italcamara-es.com\\\/it\\\/notizie\\\/natuzzi-italia-protagonista-alla-milano-design-week-2022\\\/#breadcrumb\"},\"inLanguage\":\"it-IT\",\"potentialAction\":[{\"@type\":\"ReadAction\",\"target\":[\"https:\\\/\\\/italcamara-es.com\\\/it\\\/notizie\\\/natuzzi-italia-protagonista-alla-milano-design-week-2022\\\/\"]}]},{\"@type\":\"ImageObject\",\"inLanguage\":\"it-IT\",\"@id\":\"https:\\\/\\\/italcamara-es.com\\\/it\\\/notizie\\\/natuzzi-italia-protagonista-alla-milano-design-week-2022\\\/#primaryimage\",\"url\":\"https:\\\/\\\/italcamara-es.com\\\/wp-content\\\/uploads\\\/2025\\\/03\\\/natuzzi-500.jpg\",\"contentUrl\":\"https:\\\/\\\/italcamara-es.com\\\/wp-content\\\/uploads\\\/2025\\\/03\\\/natuzzi-500.jpg\",\"width\":500,\"height\":280},{\"@type\":\"BreadcrumbList\",\"@id\":\"https:\\\/\\\/italcamara-es.com\\\/it\\\/notizie\\\/natuzzi-italia-protagonista-alla-milano-design-week-2022\\\/#breadcrumb\",\"itemListElement\":[{\"@type\":\"ListItem\",\"position\":1,\"name\":\"Inicio\",\"item\":\"https:\\\/\\\/italcamara-es.com\\\/it\\\/homepage-ita\\\/\"},{\"@type\":\"ListItem\",\"position\":2,\"name\":\"Natuzzi Italia protagonista alla Milano Design Week 2022\"}]},{\"@type\":\"WebSite\",\"@id\":\"https:\\\/\\\/italcamara-es.com\\\/#website\",\"url\":\"https:\\\/\\\/italcamara-es.com\\\/\",\"name\":\"Italcamara\",\"description\":\"\",\"potentialAction\":[{\"@type\":\"SearchAction\",\"target\":{\"@type\":\"EntryPoint\",\"urlTemplate\":\"https:\\\/\\\/italcamara-es.com\\\/?s={search_term_string}\"},\"query-input\":{\"@type\":\"PropertyValueSpecification\",\"valueRequired\":true,\"valueName\":\"search_term_string\"}}],\"inLanguage\":\"it-IT\"},{\"@type\":\"Person\",\"@id\":\"https:\\\/\\\/italcamara-es.com\\\/#\\\/schema\\\/person\\\/bb3c56263e405bbd9a15171dcfee93bb\",\"name\":\"administrador\",\"image\":{\"@type\":\"ImageObject\",\"inLanguage\":\"it-IT\",\"@id\":\"https:\\\/\\\/secure.gravatar.com\\\/avatar\\\/14b5e63db38320b12031bb28cf9f77e210aa71fb3a8a3602a3c9a05134fa75eb?s=96&d=mm&r=g\",\"url\":\"https:\\\/\\\/secure.gravatar.com\\\/avatar\\\/14b5e63db38320b12031bb28cf9f77e210aa71fb3a8a3602a3c9a05134fa75eb?s=96&d=mm&r=g\",\"contentUrl\":\"https:\\\/\\\/secure.gravatar.com\\\/avatar\\\/14b5e63db38320b12031bb28cf9f77e210aa71fb3a8a3602a3c9a05134fa75eb?s=96&d=mm&r=g\",\"caption\":\"administrador\"},\"sameAs\":[\"http:\\\/\\\/pre.italcamara-es.com\"],\"url\":\"https:\\\/\\\/italcamara-es.com\\\/it\\\/author\\\/administrador\\\/\"}]}<\/script>\n<!-- \/ Yoast SEO plugin. -->","yoast_head_json":{"title":"Natuzzi Italia protagonista alla Milano Design Week 2022 - Italcamara","robots":{"index":"index","follow":"follow","max-snippet":"max-snippet:-1","max-image-preview":"max-image-preview:large","max-video-preview":"max-video-preview:-1"},"canonical":"https:\/\/italcamara-es.com\/it\/notizie\/natuzzi-italia-protagonista-alla-milano-design-week-2022\/","og_locale":"it_IT","og_type":"article","og_title":"Natuzzi Italia protagonista alla Milano Design Week 2022 - Italcamara","og_description":"La&nbsp;Milano Design Week 2022&nbsp;si \u00e8 conclusa lo scorso 12 giugno con un risultato molto positivo in termini di partecipanti e visitatori. In particolare, sono state oltre 262.000 le presenze alla 60\u00aa edizione del Salone del Mobile, che ha visto la presenza di 2.175 brand espositori, di cui il 27% esteri, tra cui 600 giovani designer. [&hellip;]","og_url":"https:\/\/italcamara-es.com\/it\/notizie\/natuzzi-italia-protagonista-alla-milano-design-week-2022\/","og_site_name":"Italcamara","article_published_time":"2022-06-15T19:22:23+00:00","og_image":[{"width":500,"height":280,"url":"https:\/\/italcamara-es.com\/wp-content\/uploads\/2025\/03\/natuzzi-500.jpg","type":"image\/jpeg"}],"author":"administrador","twitter_card":"summary_large_image","twitter_misc":{"Scritto da":"administrador","Tempo di lettura stimato":"3 minuti"},"schema":{"@context":"https:\/\/schema.org","@graph":[{"@type":"Article","@id":"https:\/\/italcamara-es.com\/it\/notizie\/natuzzi-italia-protagonista-alla-milano-design-week-2022\/#article","isPartOf":{"@id":"https:\/\/italcamara-es.com\/it\/notizie\/natuzzi-italia-protagonista-alla-milano-design-week-2022\/"},"author":{"name":"administrador","@id":"https:\/\/italcamara-es.com\/#\/schema\/person\/bb3c56263e405bbd9a15171dcfee93bb"},"headline":"Natuzzi Italia protagonista alla Milano Design Week 2022","datePublished":"2022-06-15T19:22:23+00:00","mainEntityOfPage":{"@id":"https:\/\/italcamara-es.com\/it\/notizie\/natuzzi-italia-protagonista-alla-milano-design-week-2022\/"},"wordCount":680,"commentCount":0,"image":{"@id":"https:\/\/italcamara-es.com\/it\/notizie\/natuzzi-italia-protagonista-alla-milano-design-week-2022\/#primaryimage"},"thumbnailUrl":"https:\/\/italcamara-es.com\/wp-content\/uploads\/2025\/03\/natuzzi-500.jpg","articleSection":["Notizie"],"inLanguage":"it-IT","potentialAction":[{"@type":"CommentAction","name":"Comment","target":["https:\/\/italcamara-es.com\/it\/notizie\/natuzzi-italia-protagonista-alla-milano-design-week-2022\/#respond"]}]},{"@type":"WebPage","@id":"https:\/\/italcamara-es.com\/it\/notizie\/natuzzi-italia-protagonista-alla-milano-design-week-2022\/","url":"https:\/\/italcamara-es.com\/it\/notizie\/natuzzi-italia-protagonista-alla-milano-design-week-2022\/","name":"Natuzzi Italia protagonista alla Milano Design Week 2022 - Italcamara","isPartOf":{"@id":"https:\/\/italcamara-es.com\/#website"},"primaryImageOfPage":{"@id":"https:\/\/italcamara-es.com\/it\/notizie\/natuzzi-italia-protagonista-alla-milano-design-week-2022\/#primaryimage"},"image":{"@id":"https:\/\/italcamara-es.com\/it\/notizie\/natuzzi-italia-protagonista-alla-milano-design-week-2022\/#primaryimage"},"thumbnailUrl":"https:\/\/italcamara-es.com\/wp-content\/uploads\/2025\/03\/natuzzi-500.jpg","datePublished":"2022-06-15T19:22:23+00:00","author":{"@id":"https:\/\/italcamara-es.com\/#\/schema\/person\/bb3c56263e405bbd9a15171dcfee93bb"},"breadcrumb":{"@id":"https:\/\/italcamara-es.com\/it\/notizie\/natuzzi-italia-protagonista-alla-milano-design-week-2022\/#breadcrumb"},"inLanguage":"it-IT","potentialAction":[{"@type":"ReadAction","target":["https:\/\/italcamara-es.com\/it\/notizie\/natuzzi-italia-protagonista-alla-milano-design-week-2022\/"]}]},{"@type":"ImageObject","inLanguage":"it-IT","@id":"https:\/\/italcamara-es.com\/it\/notizie\/natuzzi-italia-protagonista-alla-milano-design-week-2022\/#primaryimage","url":"https:\/\/italcamara-es.com\/wp-content\/uploads\/2025\/03\/natuzzi-500.jpg","contentUrl":"https:\/\/italcamara-es.com\/wp-content\/uploads\/2025\/03\/natuzzi-500.jpg","width":500,"height":280},{"@type":"BreadcrumbList","@id":"https:\/\/italcamara-es.com\/it\/notizie\/natuzzi-italia-protagonista-alla-milano-design-week-2022\/#breadcrumb","itemListElement":[{"@type":"ListItem","position":1,"name":"Inicio","item":"https:\/\/italcamara-es.com\/it\/homepage-ita\/"},{"@type":"ListItem","position":2,"name":"Natuzzi Italia protagonista alla Milano Design Week 2022"}]},{"@type":"WebSite","@id":"https:\/\/italcamara-es.com\/#website","url":"https:\/\/italcamara-es.com\/","name":"Italcamara","description":"","potentialAction":[{"@type":"SearchAction","target":{"@type":"EntryPoint","urlTemplate":"https:\/\/italcamara-es.com\/?s={search_term_string}"},"query-input":{"@type":"PropertyValueSpecification","valueRequired":true,"valueName":"search_term_string"}}],"inLanguage":"it-IT"},{"@type":"Person","@id":"https:\/\/italcamara-es.com\/#\/schema\/person\/bb3c56263e405bbd9a15171dcfee93bb","name":"administrador","image":{"@type":"ImageObject","inLanguage":"it-IT","@id":"https:\/\/secure.gravatar.com\/avatar\/14b5e63db38320b12031bb28cf9f77e210aa71fb3a8a3602a3c9a05134fa75eb?s=96&d=mm&r=g","url":"https:\/\/secure.gravatar.com\/avatar\/14b5e63db38320b12031bb28cf9f77e210aa71fb3a8a3602a3c9a05134fa75eb?s=96&d=mm&r=g","contentUrl":"https:\/\/secure.gravatar.com\/avatar\/14b5e63db38320b12031bb28cf9f77e210aa71fb3a8a3602a3c9a05134fa75eb?s=96&d=mm&r=g","caption":"administrador"},"sameAs":["http:\/\/pre.italcamara-es.com"],"url":"https:\/\/italcamara-es.com\/it\/author\/administrador\/"}]}},"rttpg_featured_image_url":{"full":["https:\/\/italcamara-es.com\/wp-content\/uploads\/2025\/03\/natuzzi-500.jpg",500,280,false],"landscape":["https:\/\/italcamara-es.com\/wp-content\/uploads\/2025\/03\/natuzzi-500.jpg",500,280,false],"portraits":["https:\/\/italcamara-es.com\/wp-content\/uploads\/2025\/03\/natuzzi-500.jpg",500,280,false],"thumbnail":["https:\/\/italcamara-es.com\/wp-content\/uploads\/2025\/03\/natuzzi-500-150x150.jpg",150,150,true],"medium":["https:\/\/italcamara-es.com\/wp-content\/uploads\/2025\/03\/natuzzi-500-300x168.jpg",300,168,true],"large":["https:\/\/italcamara-es.com\/wp-content\/uploads\/2025\/03\/natuzzi-500.jpg",500,280,false],"1536x1536":["https:\/\/italcamara-es.com\/wp-content\/uploads\/2025\/03\/natuzzi-500.jpg",500,280,false],"2048x2048":["https:\/\/italcamara-es.com\/wp-content\/uploads\/2025\/03\/natuzzi-500.jpg",500,280,false],"ocean-thumb-m":["https:\/\/italcamara-es.com\/wp-content\/uploads\/2025\/03\/natuzzi-500.jpg",500,280,false],"ocean-thumb-ml":["https:\/\/italcamara-es.com\/wp-content\/uploads\/2025\/03\/natuzzi-500.jpg",500,280,false],"ocean-thumb-l":["https:\/\/italcamara-es.com\/wp-content\/uploads\/2025\/03\/natuzzi-500.jpg",500,280,false],"directorist_preview":["https:\/\/italcamara-es.com\/wp-content\/uploads\/2025\/03\/natuzzi-500.jpg",500,280,false]},"rttpg_author":{"display_name":"administrador","author_link":"https:\/\/italcamara-es.com\/it\/author\/administrador\/"},"rttpg_comment":0,"rttpg_category":"<a href=\"https:\/\/italcamara-es.com\/it\/category\/notizie\/\" rel=\"category tag\">Notizie<\/a>","rttpg_excerpt":"La&nbsp;Milano Design Week 2022&nbsp;si \u00e8 conclusa lo scorso 12 giugno con un risultato molto positivo in termini di partecipanti e visitatori. In particolare, sono state oltre 262.000 le presenze alla 60\u00aa edizione del Salone del Mobile, che ha visto la presenza di 2.175 brand espositori, di cui il 27% esteri, tra cui 600 giovani designer.&hellip;","_links":{"self":[{"href":"https:\/\/italcamara-es.com\/it\/wp-json\/wp\/v2\/posts\/57038","targetHints":{"allow":["GET"]}}],"collection":[{"href":"https:\/\/italcamara-es.com\/it\/wp-json\/wp\/v2\/posts"}],"about":[{"href":"https:\/\/italcamara-es.com\/it\/wp-json\/wp\/v2\/types\/post"}],"author":[{"embeddable":true,"href":"https:\/\/italcamara-es.com\/it\/wp-json\/wp\/v2\/users\/1"}],"replies":[{"embeddable":true,"href":"https:\/\/italcamara-es.com\/it\/wp-json\/wp\/v2\/comments?post=57038"}],"version-history":[{"count":0,"href":"https:\/\/italcamara-es.com\/it\/wp-json\/wp\/v2\/posts\/57038\/revisions"}],"wp:featuredmedia":[{"embeddable":true,"href":"https:\/\/italcamara-es.com\/it\/wp-json\/wp\/v2\/media\/52685"}],"wp:attachment":[{"href":"https:\/\/italcamara-es.com\/it\/wp-json\/wp\/v2\/media?parent=57038"}],"wp:term":[{"taxonomy":"category","embeddable":true,"href":"https:\/\/italcamara-es.com\/it\/wp-json\/wp\/v2\/categories?post=57038"},{"taxonomy":"post_tag","embeddable":true,"href":"https:\/\/italcamara-es.com\/it\/wp-json\/wp\/v2\/tags?post=57038"}],"curies":[{"name":"wp","href":"https:\/\/api.w.org\/{rel}","templated":true}]}}