	{"id":57039,"date":"2022-06-15T14:25:05","date_gmt":"2022-06-15T12:25:05","guid":{"rendered":"http:\/\/pre.italcamara-es.com\/senza-categoria\/presentazione-della-ii-edizione-dellannuario-corporativo-liderazgo-femenino-woman-forward\/"},"modified":"2022-06-15T14:25:05","modified_gmt":"2022-06-15T12:25:05","slug":"presentazione-della-ii-edizione-dellannuario-corporativo-liderazgo-femenino-woman-forward","status":"publish","type":"post","link":"https:\/\/italcamara-es.com\/it\/notizie\/presentazione-della-ii-edizione-dellannuario-corporativo-liderazgo-femenino-woman-forward\/","title":{"rendered":"Presentazione della II edizione dell&#8217;Annuario Corporativo &#8220;Liderazgo Femenino Woman Forward&#8221;"},"content":{"rendered":"\n<p>Il prossimo <strong>4 luglio<\/strong>, alle 17:30, presso la sede del Colegio de Ingenieros Civiles, Canales e Puertos di Madrid (Calle Almagro, 42), la <em><strong>Fundaci\u00f3n Woman Forward<\/strong><\/em> organizza la presentazione del <strong>II Annuario Corporativo &#8220;Liderazgo Femenino en Espa\u00f1a\u00a9<\/strong>&#8221; e la presentazione della strategia &#8220;<strong>Allargare la base del talento nelle posizioni decisionali<\/strong>&#8220;,<br> <\/p>\n\n\n\n<p>L&#8217;annnuario \u00e8 un documento che raccoglie gli sviluppi pi\u00f9 rilevanti avvenuti nel corso del 2021 in relazione alla leadership femminile in Spagna. Il suo obiettivo \u00e8 offrire una testimonianza della sua evoluzione.<br>Questo strumento raccoglie un campione delle best p`ractices esistenti nell&#8217;ambiente di lavoro e consente di diffondere l&#8217;impegno di aziende e organizzazioni attraverso le loro ricerche, eventi, testimonianze e iniziative. <\/p>\n\n\n\n<p>D&#8217;altra parte, cerca di dare visibilit\u00e0 alle diverse associazioni e organizzazioni di donne manager e imprenditrici, per pubblicizzare i loro principali obiettivi, progetti e ambito di azione.<\/p>\n\n\n\n<p><br> La conferenza vedr\u00e0 anche la partecipazione dell&#8217;Ambasciatore del Regno Unito in Spagna, <strong>Hugh Elliot<\/strong>, che far\u00e0 il punto sui risultati del<em> Rapporto Lord Davies<\/em>, che mostrano come il Regno Unito sia riuscito a inserire pi\u00f9 donne nelle posizioni decisionali senza adottare una legge sulle quote di genere e ampliando quella base di talenti a donne d&#8217;affari, manager di universit\u00e0, ospedali, centri tecnologici oltre che di grandi aziende e multinazionali.<\/p>\n\n\n\n<p><br>Da parte sua, la Direttrice Generale delle Pari Opportunit\u00e0 della Comunit\u00e0 di Madrid, <strong>Patricia Reyes<\/strong>, chiuder\u00e0 l&#8217;evento e consegner\u00e0 i diplomi del Corso <strong>WoMen Joining Boards<\/strong>, a donne formate in corporate governance, con meriti per entrare a far parte di consigli consultivi e amministrativi , e che costituisce un ottimo esempio di base di talenti ampliata.<\/p>\n\n\n\n<p>Clicca <a href=\"https:\/\/womanforward.acblnk.com\/envio\/ver\/it3kPn787Rx9c3jpBp9pNyFWHgQkChiAd5tJMBHq6n1P4DXyDhOzRPmZI\/\" target=\"_blank\" rel=\"noreferrer noopener\" aria-label=\"qui (opens in a new tab)\">qui<\/a> per vedere il programma della giornata<br><\/p>\n\n\n\n<p>La partecipazione all&#8217;evento \u00e8 gratuita previa registrazione (posti limitati).<\/p>\n\n\n\n<div class=\"wp-block-button aligncenter\"><a class=\"wp-block-button__link has-background has-vivid-cyan-blue-background-color\" href=\"https:\/\/www.eventbrite.es\/e\/entradas-presentacion-del-anuario-corporativo-de-liderazgo-femenino-en-espana-356234365577?utm_campaign=presentacion-ii-edicion-anuario-corporativo-liderazgo-femenino&amp;utm_medium=email&amp;utm_source=acumbamail\">Iscriviti<\/a><\/div>\n\n\n\n<p><\/p>\n","protected":false},"excerpt":{"rendered":"<p>Il prossimo 4 luglio, alle 17:30, presso la sede del Colegio de Ingenieros Civiles, Canales e Puertos di Madrid (Calle Almagro, 42), la Fundaci\u00f3n Woman Forward organizza la presentazione del II Annuario Corporativo &#8220;Liderazgo Femenino en Espa\u00f1a\u00a9&#8221; e la presentazione della strategia &#8220;Allargare la base del talento nelle posizioni decisionali&#8220;, L&#8217;annnuario \u00e8 un documento che [&hellip;]<\/p>\n","protected":false},"author":1,"featured_media":52687,"comment_status":"open","ping_status":"open","sticky":false,"template":"","format":"standard","meta":{"inline_featured_image":false,"ocean_post_layout":"","ocean_both_sidebars_style":"","ocean_both_sidebars_content_width":0,"ocean_both_sidebars_sidebars_width":0,"ocean_sidebar":"","ocean_second_sidebar":"","ocean_disable_margins":"enable","ocean_add_body_class":"","ocean_shortcode_before_top_bar":"","ocean_shortcode_after_top_bar":"","ocean_shortcode_before_header":"","ocean_shortcode_after_header":"","ocean_has_shortcode":"","ocean_shortcode_after_title":"","ocean_shortcode_before_footer_widgets":"","ocean_shortcode_after_footer_widgets":"","ocean_shortcode_before_footer_bottom":"","ocean_shortcode_after_footer_bottom":"","ocean_display_top_bar":"default","ocean_display_header":"default","ocean_header_style":"","ocean_center_header_left_menu":"","ocean_custom_header_template":"","ocean_custom_logo":0,"ocean_custom_retina_logo":0,"ocean_custom_logo_max_width":0,"ocean_custom_logo_tablet_max_width":0,"ocean_custom_logo_mobile_max_width":0,"ocean_custom_logo_max_height":0,"ocean_custom_logo_tablet_max_height":0,"ocean_custom_logo_mobile_max_height":0,"ocean_header_custom_menu":"","ocean_menu_typo_font_family":"","ocean_menu_typo_font_subset":"","ocean_menu_typo_font_size":0,"ocean_menu_typo_font_size_tablet":0,"ocean_menu_typo_font_size_mobile":0,"ocean_menu_typo_font_size_unit":"px","ocean_menu_typo_font_weight":"","ocean_menu_typo_font_weight_tablet":"","ocean_menu_typo_font_weight_mobile":"","ocean_menu_typo_transform":"","ocean_menu_typo_transform_tablet":"","ocean_menu_typo_transform_mobile":"","ocean_menu_typo_line_height":0,"ocean_menu_typo_line_height_tablet":0,"ocean_menu_typo_line_height_mobile":0,"ocean_menu_typo_line_height_unit":"","ocean_menu_typo_spacing":0,"ocean_menu_typo_spacing_tablet":0,"ocean_menu_typo_spacing_mobile":0,"ocean_menu_typo_spacing_unit":"","ocean_menu_link_color":"","ocean_menu_link_color_hover":"","ocean_menu_link_color_active":"","ocean_menu_link_background":"","ocean_menu_link_hover_background":"","ocean_menu_link_active_background":"","ocean_menu_social_links_bg":"","ocean_menu_social_hover_links_bg":"","ocean_menu_social_links_color":"","ocean_menu_social_hover_links_color":"","ocean_disable_title":"default","ocean_disable_heading":"default","ocean_post_title":"","ocean_post_subheading":"","ocean_post_title_style":"","ocean_post_title_background_color":"","ocean_post_title_background":0,"ocean_post_title_bg_image_position":"","ocean_post_title_bg_image_attachment":"","ocean_post_title_bg_image_repeat":"","ocean_post_title_bg_image_size":"","ocean_post_title_height":0,"ocean_post_title_bg_overlay":0.5,"ocean_post_title_bg_overlay_color":"","ocean_disable_breadcrumbs":"default","ocean_breadcrumbs_color":"","ocean_breadcrumbs_separator_color":"","ocean_breadcrumbs_links_color":"","ocean_breadcrumbs_links_hover_color":"","ocean_display_footer_widgets":"default","ocean_display_footer_bottom":"default","ocean_custom_footer_template":"","ocean_post_oembed":"","ocean_post_self_hosted_media":"","ocean_post_video_embed":"","ocean_link_format":"","ocean_link_format_target":"self","ocean_quote_format":"","ocean_quote_format_link":"post","ocean_gallery_link_images":"on","ocean_gallery_id":[],"footnotes":""},"categories":[133],"tags":[],"class_list":["post-57039","post","type-post","status-publish","format-standard","has-post-thumbnail","hentry","category-notizie","entry","has-media"],"yoast_head":"<!-- This site is optimized with the Yoast SEO plugin v27.4 - https:\/\/yoast.com\/product\/yoast-seo-wordpress\/ -->\n<title>Presentazione della II edizione dell&#039;Annuario Corporativo &quot;Liderazgo Femenino Woman Forward&quot; - Italcamara<\/title>\n<meta name=\"robots\" content=\"index, follow, max-snippet:-1, max-image-preview:large, max-video-preview:-1\" \/>\n<link rel=\"canonical\" href=\"https:\/\/italcamara-es.com\/it\/notizie\/presentazione-della-ii-edizione-dellannuario-corporativo-liderazgo-femenino-woman-forward\/\" \/>\n<meta property=\"og:locale\" content=\"it_IT\" \/>\n<meta property=\"og:type\" content=\"article\" \/>\n<meta property=\"og:title\" content=\"Presentazione della II edizione dell&#039;Annuario Corporativo &quot;Liderazgo Femenino Woman Forward&quot; - Italcamara\" \/>\n<meta property=\"og:description\" content=\"Il prossimo 4 luglio, alle 17:30, presso la sede del Colegio de Ingenieros Civiles, Canales e Puertos di Madrid (Calle Almagro, 42), la Fundaci\u00f3n Woman Forward organizza la presentazione del II Annuario Corporativo &#8220;Liderazgo Femenino en Espa\u00f1a\u00a9&#8221; e la presentazione della strategia &#8220;Allargare la base del talento nelle posizioni decisionali&#8220;, L&#8217;annnuario \u00e8 un documento che [&hellip;]\" \/>\n<meta property=\"og:url\" content=\"https:\/\/italcamara-es.com\/it\/notizie\/presentazione-della-ii-edizione-dellannuario-corporativo-liderazgo-femenino-woman-forward\/\" \/>\n<meta property=\"og:site_name\" content=\"Italcamara\" \/>\n<meta property=\"article:published_time\" content=\"2022-06-15T12:25:05+00:00\" \/>\n<meta property=\"og:image\" content=\"https:\/\/italcamara-es.com\/wp-content\/uploads\/2025\/03\/fundacion-women-forward500.jpg\" \/>\n\t<meta property=\"og:image:width\" content=\"500\" \/>\n\t<meta property=\"og:image:height\" content=\"280\" \/>\n\t<meta property=\"og:image:type\" content=\"image\/jpeg\" \/>\n<meta name=\"author\" content=\"administrador\" \/>\n<meta name=\"twitter:card\" content=\"summary_large_image\" \/>\n<meta name=\"twitter:label1\" content=\"Scritto da\" \/>\n\t<meta name=\"twitter:data1\" content=\"administrador\" \/>\n\t<meta name=\"twitter:label2\" content=\"Tempo di lettura stimato\" \/>\n\t<meta name=\"twitter:data2\" content=\"1 minuto\" \/>\n<script type=\"application\/ld+json\" class=\"yoast-schema-graph\">{\"@context\":\"https:\\\/\\\/schema.org\",\"@graph\":[{\"@type\":\"Article\",\"@id\":\"https:\\\/\\\/italcamara-es.com\\\/it\\\/notizie\\\/presentazione-della-ii-edizione-dellannuario-corporativo-liderazgo-femenino-woman-forward\\\/#article\",\"isPartOf\":{\"@id\":\"https:\\\/\\\/italcamara-es.com\\\/it\\\/notizie\\\/presentazione-della-ii-edizione-dellannuario-corporativo-liderazgo-femenino-woman-forward\\\/\"},\"author\":{\"name\":\"administrador\",\"@id\":\"https:\\\/\\\/italcamara-es.com\\\/#\\\/schema\\\/person\\\/bb3c56263e405bbd9a15171dcfee93bb\"},\"headline\":\"Presentazione della II edizione dell&#8217;Annuario Corporativo &#8220;Liderazgo Femenino Woman Forward&#8221;\",\"datePublished\":\"2022-06-15T12:25:05+00:00\",\"mainEntityOfPage\":{\"@id\":\"https:\\\/\\\/italcamara-es.com\\\/it\\\/notizie\\\/presentazione-della-ii-edizione-dellannuario-corporativo-liderazgo-femenino-woman-forward\\\/\"},\"wordCount\":295,\"commentCount\":0,\"image\":{\"@id\":\"https:\\\/\\\/italcamara-es.com\\\/it\\\/notizie\\\/presentazione-della-ii-edizione-dellannuario-corporativo-liderazgo-femenino-woman-forward\\\/#primaryimage\"},\"thumbnailUrl\":\"https:\\\/\\\/italcamara-es.com\\\/wp-content\\\/uploads\\\/2025\\\/03\\\/fundacion-women-forward500.jpg\",\"articleSection\":[\"Notizie\"],\"inLanguage\":\"it-IT\",\"potentialAction\":[{\"@type\":\"CommentAction\",\"name\":\"Comment\",\"target\":[\"https:\\\/\\\/italcamara-es.com\\\/it\\\/notizie\\\/presentazione-della-ii-edizione-dellannuario-corporativo-liderazgo-femenino-woman-forward\\\/#respond\"]}]},{\"@type\":\"WebPage\",\"@id\":\"https:\\\/\\\/italcamara-es.com\\\/it\\\/notizie\\\/presentazione-della-ii-edizione-dellannuario-corporativo-liderazgo-femenino-woman-forward\\\/\",\"url\":\"https:\\\/\\\/italcamara-es.com\\\/it\\\/notizie\\\/presentazione-della-ii-edizione-dellannuario-corporativo-liderazgo-femenino-woman-forward\\\/\",\"name\":\"Presentazione della II edizione dell'Annuario Corporativo \\\"Liderazgo Femenino Woman Forward\\\" - Italcamara\",\"isPartOf\":{\"@id\":\"https:\\\/\\\/italcamara-es.com\\\/#website\"},\"primaryImageOfPage\":{\"@id\":\"https:\\\/\\\/italcamara-es.com\\\/it\\\/notizie\\\/presentazione-della-ii-edizione-dellannuario-corporativo-liderazgo-femenino-woman-forward\\\/#primaryimage\"},\"image\":{\"@id\":\"https:\\\/\\\/italcamara-es.com\\\/it\\\/notizie\\\/presentazione-della-ii-edizione-dellannuario-corporativo-liderazgo-femenino-woman-forward\\\/#primaryimage\"},\"thumbnailUrl\":\"https:\\\/\\\/italcamara-es.com\\\/wp-content\\\/uploads\\\/2025\\\/03\\\/fundacion-women-forward500.jpg\",\"datePublished\":\"2022-06-15T12:25:05+00:00\",\"author\":{\"@id\":\"https:\\\/\\\/italcamara-es.com\\\/#\\\/schema\\\/person\\\/bb3c56263e405bbd9a15171dcfee93bb\"},\"breadcrumb\":{\"@id\":\"https:\\\/\\\/italcamara-es.com\\\/it\\\/notizie\\\/presentazione-della-ii-edizione-dellannuario-corporativo-liderazgo-femenino-woman-forward\\\/#breadcrumb\"},\"inLanguage\":\"it-IT\",\"potentialAction\":[{\"@type\":\"ReadAction\",\"target\":[\"https:\\\/\\\/italcamara-es.com\\\/it\\\/notizie\\\/presentazione-della-ii-edizione-dellannuario-corporativo-liderazgo-femenino-woman-forward\\\/\"]}]},{\"@type\":\"ImageObject\",\"inLanguage\":\"it-IT\",\"@id\":\"https:\\\/\\\/italcamara-es.com\\\/it\\\/notizie\\\/presentazione-della-ii-edizione-dellannuario-corporativo-liderazgo-femenino-woman-forward\\\/#primaryimage\",\"url\":\"https:\\\/\\\/italcamara-es.com\\\/wp-content\\\/uploads\\\/2025\\\/03\\\/fundacion-women-forward500.jpg\",\"contentUrl\":\"https:\\\/\\\/italcamara-es.com\\\/wp-content\\\/uploads\\\/2025\\\/03\\\/fundacion-women-forward500.jpg\",\"width\":500,\"height\":280},{\"@type\":\"BreadcrumbList\",\"@id\":\"https:\\\/\\\/italcamara-es.com\\\/it\\\/notizie\\\/presentazione-della-ii-edizione-dellannuario-corporativo-liderazgo-femenino-woman-forward\\\/#breadcrumb\",\"itemListElement\":[{\"@type\":\"ListItem\",\"position\":1,\"name\":\"Inicio\",\"item\":\"https:\\\/\\\/italcamara-es.com\\\/it\\\/homepage-ita\\\/\"},{\"@type\":\"ListItem\",\"position\":2,\"name\":\"Presentazione della II edizione dell&#8217;Annuario Corporativo \u00abLiderazgo Femenino Woman Forward\u00bb\"}]},{\"@type\":\"WebSite\",\"@id\":\"https:\\\/\\\/italcamara-es.com\\\/#website\",\"url\":\"https:\\\/\\\/italcamara-es.com\\\/\",\"name\":\"Italcamara\",\"description\":\"\",\"potentialAction\":[{\"@type\":\"SearchAction\",\"target\":{\"@type\":\"EntryPoint\",\"urlTemplate\":\"https:\\\/\\\/italcamara-es.com\\\/?s={search_term_string}\"},\"query-input\":{\"@type\":\"PropertyValueSpecification\",\"valueRequired\":true,\"valueName\":\"search_term_string\"}}],\"inLanguage\":\"it-IT\"},{\"@type\":\"Person\",\"@id\":\"https:\\\/\\\/italcamara-es.com\\\/#\\\/schema\\\/person\\\/bb3c56263e405bbd9a15171dcfee93bb\",\"name\":\"administrador\",\"image\":{\"@type\":\"ImageObject\",\"inLanguage\":\"it-IT\",\"@id\":\"https:\\\/\\\/secure.gravatar.com\\\/avatar\\\/14b5e63db38320b12031bb28cf9f77e210aa71fb3a8a3602a3c9a05134fa75eb?s=96&d=mm&r=g\",\"url\":\"https:\\\/\\\/secure.gravatar.com\\\/avatar\\\/14b5e63db38320b12031bb28cf9f77e210aa71fb3a8a3602a3c9a05134fa75eb?s=96&d=mm&r=g\",\"contentUrl\":\"https:\\\/\\\/secure.gravatar.com\\\/avatar\\\/14b5e63db38320b12031bb28cf9f77e210aa71fb3a8a3602a3c9a05134fa75eb?s=96&d=mm&r=g\",\"caption\":\"administrador\"},\"sameAs\":[\"http:\\\/\\\/pre.italcamara-es.com\"],\"url\":\"https:\\\/\\\/italcamara-es.com\\\/it\\\/author\\\/administrador\\\/\"}]}<\/script>\n<!-- \/ Yoast SEO plugin. -->","yoast_head_json":{"title":"Presentazione della II edizione dell'Annuario Corporativo \"Liderazgo Femenino Woman Forward\" - Italcamara","robots":{"index":"index","follow":"follow","max-snippet":"max-snippet:-1","max-image-preview":"max-image-preview:large","max-video-preview":"max-video-preview:-1"},"canonical":"https:\/\/italcamara-es.com\/it\/notizie\/presentazione-della-ii-edizione-dellannuario-corporativo-liderazgo-femenino-woman-forward\/","og_locale":"it_IT","og_type":"article","og_title":"Presentazione della II edizione dell'Annuario Corporativo \"Liderazgo Femenino Woman Forward\" - Italcamara","og_description":"Il prossimo 4 luglio, alle 17:30, presso la sede del Colegio de Ingenieros Civiles, Canales e Puertos di Madrid (Calle Almagro, 42), la Fundaci\u00f3n Woman Forward organizza la presentazione del II Annuario Corporativo &#8220;Liderazgo Femenino en Espa\u00f1a\u00a9&#8221; e la presentazione della strategia &#8220;Allargare la base del talento nelle posizioni decisionali&#8220;, L&#8217;annnuario \u00e8 un documento che [&hellip;]","og_url":"https:\/\/italcamara-es.com\/it\/notizie\/presentazione-della-ii-edizione-dellannuario-corporativo-liderazgo-femenino-woman-forward\/","og_site_name":"Italcamara","article_published_time":"2022-06-15T12:25:05+00:00","og_image":[{"width":500,"height":280,"url":"https:\/\/italcamara-es.com\/wp-content\/uploads\/2025\/03\/fundacion-women-forward500.jpg","type":"image\/jpeg"}],"author":"administrador","twitter_card":"summary_large_image","twitter_misc":{"Scritto da":"administrador","Tempo di lettura stimato":"1 minuto"},"schema":{"@context":"https:\/\/schema.org","@graph":[{"@type":"Article","@id":"https:\/\/italcamara-es.com\/it\/notizie\/presentazione-della-ii-edizione-dellannuario-corporativo-liderazgo-femenino-woman-forward\/#article","isPartOf":{"@id":"https:\/\/italcamara-es.com\/it\/notizie\/presentazione-della-ii-edizione-dellannuario-corporativo-liderazgo-femenino-woman-forward\/"},"author":{"name":"administrador","@id":"https:\/\/italcamara-es.com\/#\/schema\/person\/bb3c56263e405bbd9a15171dcfee93bb"},"headline":"Presentazione della II edizione dell&#8217;Annuario Corporativo &#8220;Liderazgo Femenino Woman Forward&#8221;","datePublished":"2022-06-15T12:25:05+00:00","mainEntityOfPage":{"@id":"https:\/\/italcamara-es.com\/it\/notizie\/presentazione-della-ii-edizione-dellannuario-corporativo-liderazgo-femenino-woman-forward\/"},"wordCount":295,"commentCount":0,"image":{"@id":"https:\/\/italcamara-es.com\/it\/notizie\/presentazione-della-ii-edizione-dellannuario-corporativo-liderazgo-femenino-woman-forward\/#primaryimage"},"thumbnailUrl":"https:\/\/italcamara-es.com\/wp-content\/uploads\/2025\/03\/fundacion-women-forward500.jpg","articleSection":["Notizie"],"inLanguage":"it-IT","potentialAction":[{"@type":"CommentAction","name":"Comment","target":["https:\/\/italcamara-es.com\/it\/notizie\/presentazione-della-ii-edizione-dellannuario-corporativo-liderazgo-femenino-woman-forward\/#respond"]}]},{"@type":"WebPage","@id":"https:\/\/italcamara-es.com\/it\/notizie\/presentazione-della-ii-edizione-dellannuario-corporativo-liderazgo-femenino-woman-forward\/","url":"https:\/\/italcamara-es.com\/it\/notizie\/presentazione-della-ii-edizione-dellannuario-corporativo-liderazgo-femenino-woman-forward\/","name":"Presentazione della II edizione dell'Annuario Corporativo \"Liderazgo Femenino Woman Forward\" - Italcamara","isPartOf":{"@id":"https:\/\/italcamara-es.com\/#website"},"primaryImageOfPage":{"@id":"https:\/\/italcamara-es.com\/it\/notizie\/presentazione-della-ii-edizione-dellannuario-corporativo-liderazgo-femenino-woman-forward\/#primaryimage"},"image":{"@id":"https:\/\/italcamara-es.com\/it\/notizie\/presentazione-della-ii-edizione-dellannuario-corporativo-liderazgo-femenino-woman-forward\/#primaryimage"},"thumbnailUrl":"https:\/\/italcamara-es.com\/wp-content\/uploads\/2025\/03\/fundacion-women-forward500.jpg","datePublished":"2022-06-15T12:25:05+00:00","author":{"@id":"https:\/\/italcamara-es.com\/#\/schema\/person\/bb3c56263e405bbd9a15171dcfee93bb"},"breadcrumb":{"@id":"https:\/\/italcamara-es.com\/it\/notizie\/presentazione-della-ii-edizione-dellannuario-corporativo-liderazgo-femenino-woman-forward\/#breadcrumb"},"inLanguage":"it-IT","potentialAction":[{"@type":"ReadAction","target":["https:\/\/italcamara-es.com\/it\/notizie\/presentazione-della-ii-edizione-dellannuario-corporativo-liderazgo-femenino-woman-forward\/"]}]},{"@type":"ImageObject","inLanguage":"it-IT","@id":"https:\/\/italcamara-es.com\/it\/notizie\/presentazione-della-ii-edizione-dellannuario-corporativo-liderazgo-femenino-woman-forward\/#primaryimage","url":"https:\/\/italcamara-es.com\/wp-content\/uploads\/2025\/03\/fundacion-women-forward500.jpg","contentUrl":"https:\/\/italcamara-es.com\/wp-content\/uploads\/2025\/03\/fundacion-women-forward500.jpg","width":500,"height":280},{"@type":"BreadcrumbList","@id":"https:\/\/italcamara-es.com\/it\/notizie\/presentazione-della-ii-edizione-dellannuario-corporativo-liderazgo-femenino-woman-forward\/#breadcrumb","itemListElement":[{"@type":"ListItem","position":1,"name":"Inicio","item":"https:\/\/italcamara-es.com\/it\/homepage-ita\/"},{"@type":"ListItem","position":2,"name":"Presentazione della II edizione dell&#8217;Annuario Corporativo \u00abLiderazgo Femenino Woman Forward\u00bb"}]},{"@type":"WebSite","@id":"https:\/\/italcamara-es.com\/#website","url":"https:\/\/italcamara-es.com\/","name":"Italcamara","description":"","potentialAction":[{"@type":"SearchAction","target":{"@type":"EntryPoint","urlTemplate":"https:\/\/italcamara-es.com\/?s={search_term_string}"},"query-input":{"@type":"PropertyValueSpecification","valueRequired":true,"valueName":"search_term_string"}}],"inLanguage":"it-IT"},{"@type":"Person","@id":"https:\/\/italcamara-es.com\/#\/schema\/person\/bb3c56263e405bbd9a15171dcfee93bb","name":"administrador","image":{"@type":"ImageObject","inLanguage":"it-IT","@id":"https:\/\/secure.gravatar.com\/avatar\/14b5e63db38320b12031bb28cf9f77e210aa71fb3a8a3602a3c9a05134fa75eb?s=96&d=mm&r=g","url":"https:\/\/secure.gravatar.com\/avatar\/14b5e63db38320b12031bb28cf9f77e210aa71fb3a8a3602a3c9a05134fa75eb?s=96&d=mm&r=g","contentUrl":"https:\/\/secure.gravatar.com\/avatar\/14b5e63db38320b12031bb28cf9f77e210aa71fb3a8a3602a3c9a05134fa75eb?s=96&d=mm&r=g","caption":"administrador"},"sameAs":["http:\/\/pre.italcamara-es.com"],"url":"https:\/\/italcamara-es.com\/it\/author\/administrador\/"}]}},"rttpg_featured_image_url":{"full":["https:\/\/italcamara-es.com\/wp-content\/uploads\/2025\/03\/fundacion-women-forward500.jpg",500,280,false],"landscape":["https:\/\/italcamara-es.com\/wp-content\/uploads\/2025\/03\/fundacion-women-forward500.jpg",500,280,false],"portraits":["https:\/\/italcamara-es.com\/wp-content\/uploads\/2025\/03\/fundacion-women-forward500.jpg",500,280,false],"thumbnail":["https:\/\/italcamara-es.com\/wp-content\/uploads\/2025\/03\/fundacion-women-forward500-150x150.jpg",150,150,true],"medium":["https:\/\/italcamara-es.com\/wp-content\/uploads\/2025\/03\/fundacion-women-forward500-300x168.jpg",300,168,true],"large":["https:\/\/italcamara-es.com\/wp-content\/uploads\/2025\/03\/fundacion-women-forward500.jpg",500,280,false],"1536x1536":["https:\/\/italcamara-es.com\/wp-content\/uploads\/2025\/03\/fundacion-women-forward500.jpg",500,280,false],"2048x2048":["https:\/\/italcamara-es.com\/wp-content\/uploads\/2025\/03\/fundacion-women-forward500.jpg",500,280,false],"ocean-thumb-m":["https:\/\/italcamara-es.com\/wp-content\/uploads\/2025\/03\/fundacion-women-forward500.jpg",500,280,false],"ocean-thumb-ml":["https:\/\/italcamara-es.com\/wp-content\/uploads\/2025\/03\/fundacion-women-forward500.jpg",500,280,false],"ocean-thumb-l":["https:\/\/italcamara-es.com\/wp-content\/uploads\/2025\/03\/fundacion-women-forward500.jpg",500,280,false],"directorist_preview":["https:\/\/italcamara-es.com\/wp-content\/uploads\/2025\/03\/fundacion-women-forward500.jpg",500,280,false]},"rttpg_author":{"display_name":"administrador","author_link":"https:\/\/italcamara-es.com\/it\/author\/administrador\/"},"rttpg_comment":0,"rttpg_category":"<a href=\"https:\/\/italcamara-es.com\/it\/category\/notizie\/\" rel=\"category tag\">Notizie<\/a>","rttpg_excerpt":"Il prossimo 4 luglio, alle 17:30, presso la sede del Colegio de Ingenieros Civiles, Canales e Puertos di Madrid (Calle Almagro, 42), la Fundaci\u00f3n Woman Forward organizza la presentazione del II Annuario Corporativo &#8220;Liderazgo Femenino en Espa\u00f1a\u00a9&#8221; e la presentazione della strategia &#8220;Allargare la base del talento nelle posizioni decisionali&#8220;, L&#8217;annnuario \u00e8 un documento che&hellip;","_links":{"self":[{"href":"https:\/\/italcamara-es.com\/it\/wp-json\/wp\/v2\/posts\/57039","targetHints":{"allow":["GET"]}}],"collection":[{"href":"https:\/\/italcamara-es.com\/it\/wp-json\/wp\/v2\/posts"}],"about":[{"href":"https:\/\/italcamara-es.com\/it\/wp-json\/wp\/v2\/types\/post"}],"author":[{"embeddable":true,"href":"https:\/\/italcamara-es.com\/it\/wp-json\/wp\/v2\/users\/1"}],"replies":[{"embeddable":true,"href":"https:\/\/italcamara-es.com\/it\/wp-json\/wp\/v2\/comments?post=57039"}],"version-history":[{"count":0,"href":"https:\/\/italcamara-es.com\/it\/wp-json\/wp\/v2\/posts\/57039\/revisions"}],"wp:featuredmedia":[{"embeddable":true,"href":"https:\/\/italcamara-es.com\/it\/wp-json\/wp\/v2\/media\/52687"}],"wp:attachment":[{"href":"https:\/\/italcamara-es.com\/it\/wp-json\/wp\/v2\/media?parent=57039"}],"wp:term":[{"taxonomy":"category","embeddable":true,"href":"https:\/\/italcamara-es.com\/it\/wp-json\/wp\/v2\/categories?post=57039"},{"taxonomy":"post_tag","embeddable":true,"href":"https:\/\/italcamara-es.com\/it\/wp-json\/wp\/v2\/tags?post=57039"}],"curies":[{"name":"wp","href":"https:\/\/api.w.org\/{rel}","templated":true}]}}