	{"id":57040,"date":"2022-06-16T08:25:04","date_gmt":"2022-06-16T06:25:04","guid":{"rendered":"http:\/\/pre.italcamara-es.com\/senza-categoria\/piano-city-madrid-60-concerti-gratuiti-in-diversi-angoli-della-citta-dal-17-al-19-giugno\/"},"modified":"2022-06-16T08:25:04","modified_gmt":"2022-06-16T06:25:04","slug":"piano-city-madrid-60-concerti-gratuiti-in-diversi-angoli-della-citta-dal-17-al-19-giugno","status":"publish","type":"post","link":"https:\/\/italcamara-es.com\/it\/notizie\/piano-city-madrid-60-concerti-gratuiti-in-diversi-angoli-della-citta-dal-17-al-19-giugno\/","title":{"rendered":"PIANO CITY MADRID: 60 CONCERTI GRATUITI IN DIVERSI ANGOLI DELLA CITT\u00c0, DAL 17 AL 19 GIUGNO"},"content":{"rendered":"\n<p>Madrid diventa la capitale internazionale del pianoforte con la prima edizione di <strong>Piano City Madrid<\/strong>. Il festival internazionale, ideato dal musicista tedesco Andreas Kern, arriva per la prima volta in Spagna il <strong>17, 18 e 19 giugno<\/strong>, nell&#8217;ambito della <strong>Giornata Europea della Musica<\/strong> organizzata dall&#8217;Assessorato alla Cultura, Turismo e Sport del Comune di Madrid.<\/p>\n\n\n\n<p>L&#8217;appuntamento \u00e8 organizzato da <strong>TopArtEspa\u00f1a<\/strong>, patrocinato da<strong> <\/strong><em><strong>Endesa<\/strong> <\/em>e, tra i collaboratori, conta sul supporto di <em><strong>Generali<\/strong><\/em>. Offrir\u00e0 <strong>60 concerti gratuiti <\/strong>in diversi luoghi e centri culturali della citt\u00e0, con musica classica, jazz, flamenco, elettronica e musica <em>new age<\/em>. I pianisti hanno un&#8217;et\u00e0 compresa tra i 15 ei 65 anni, con un&#8217;alta percentuale di interpreti femminili.<\/p>\n\n\n\n<div class=\"wp-block-image\"><figure class=\"aligncenter is-resized\"><img decoding=\"async\" src=\"https:\/\/www.italcamara-es.com\/wp-content\/uploads\/2022\/06\/logo963-1.jpg\" alt=\"\" class=\"wp-image-30482\" width=\"500\"\/><\/figure><\/div>\n\n\n\n<p>Il ciclo sar\u00e0 inaugurato venerd\u00ec 17 giugno al Matadero Madrid, a partire dalle 17:30, con l&#8217;esibizione di tre celebri pianisti: Clara Lai, Diego Amador e Chano Dom\u00ednguez. Quest&#8217;ultimo, inoltre, \u00e8 stato incaricato di fornire consulenza a Piano City Madrid per l&#8217;individuazion degli artisti per questa prima edizione, che sottolinea la qualit\u00e0, l&#8217;uguaglianza di genere e la presenza di un&#8217;ampia variet\u00e0 di stili musicali.<\/p>\n\n\n\n<div class=\"wp-block-button aligncenter\"><a class=\"wp-block-button__link has-background has-vivid-cyan-blue-background-color\" href=\"www.pianocitymadrid.es\">Guarda il programma<\/a><\/div>\n\n\n\n<p><strong>Protagonismo dei classici<\/strong><\/p>\n\n\n\n<p>Tra i pianisti classici spicca la presenza dell&#8217;italiano Michele Campanella, che interpreter\u00e0 Liszt e Mousorgski; i viaggi musicali per il Romanticismo di Ana Vega Toscano e Cristina Sanz; il recital che Roberto Prosseda dedicher\u00e0 a Mozart e Morricone; le miniature per pianoforte che eseguir\u00e0 Mar\u00eda Abad; il collegamento che propone Riccardo Bini tra Beethoven e Brahms; o la danza attraverso i secoli di Gabriele Carcano che suona Bach, Ravel e Chopin.<\/p>\n\n\n\n<div class=\"wp-block-image\"><figure class=\"aligncenter is-resized\"><img decoding=\"async\" src=\"https:\/\/www.italcamara-es.com\/wp-content\/uploads\/2022\/06\/Michele-Campanella-Vita2-1.jpeg\" alt=\"\" class=\"wp-image-30483\" width=\"500\"\/><figcaption>Michele Campanella<\/figcaption><\/figure><\/div>\n\n\n\n<p>Pi\u00f9 contemporanea la proposta di Mario Prisuelos, che unisce pagine di due classici del Novecento, Schostakovich e Ligeti; Susana G\u00f3mez dedica il suo programma a Ellas, le compositrici; e Marianna Prejevalskaya rende omaggio al compositore russo Scriabin. Infine, la pianista galiziana Andrea Gonz\u00e1lez recupera le composizioni di Lucas Josef Salvado, un frate e compositore galiziano del XIX secolo totalmente dimenticato.<\/p>\n\n\n\n<p><strong>Il pianista Uri Caine presenta<em> Change!<\/em><\/strong><\/p>\n\n\n\n<p>Piano City Madrid presenta Uri Caine, pianista e compositore americano, che suoner\u00e0 il suo ultimo progetto di pianoforte solista \u201cChange!\u201d. Elisabet Raspal e Lucia Fumero arrivano come rappresentanti dell&#8217;effervescente scena artistica catalana; Il cubano Pepe Rivero sorprender\u00e0 con il suo originale  <em>Joruba lat\u00edn jazz meets classic<\/em>; e per celebrare il centesimo anniversario della nascita di Pier Paolo Pasolini, l&#8217;italiano Giovanni Guidi presenter\u00e0 il suo progetto <em>Comizi d&#8217;amore<\/em>.<\/p>\n\n\n\n<p><strong>Tocchi di flamenco<\/strong><\/p>\n\n\n\n<p>Un&#8217;altra personalit\u00e0 centrale di Piano City Madrid \u00e8 Chano Dom\u00ednguez, di Cadice, riconosciuto a livello internazionale come uno dei maestri del jazz flamenco, che aprir\u00e0 il festival a Matadero Madrid nel pomeriggio di venerd\u00ec 17 giugno (insieme ai recital di Clara Lai e Diego Amador, grande interprete di <em>flamenco free jazz<\/em>). In programma anche i giovani Alex Conde e Andr\u00e9s Barrios, due dei pi\u00f9 illustri pianisti della loro generazione, che proporranno le loro improvvisazioni al pianoforte.<\/p>\n\n\n\n<p><strong>Pianisti e compositori<\/strong><\/p>\n\n\n\n<p>Molti degli artisti presentano le proprie composizioni e arrangiamenti a Madrid, proponendo temi originali. Tra questi Mois\u00e9s S\u00e1nchez, l&#8217;italiana Francesca Tandoi, Mar\u00eda Parra, Javier Coble, Claudio Constatini (con arrangiamenti di Piazzolla e Gershwin), Esther Quevedo e l&#8217;argentino Federico Lechner, con il suo toccante progetto <em>Cartas a mi padre<\/em>. Infine, il caso peculiare dell&#8217;americano Dan Tepfer, che presenter\u00e0 per la prima volta in Spagna <em>Natural Machines<\/em> (musica elettronica), improvvisando su un algoritmo da lui stesso ideato per il pianoforte <em>Disklavier<\/em>.<\/p>\n\n\n\n<div class=\"wp-block-image\"><figure class=\"aligncenter is-resized\"><img decoding=\"async\" src=\"https:\/\/www.italcamara-es.com\/wp-content\/uploads\/2022\/06\/Francesca-Tandoi-2-1-1024x678.jpeg\" alt=\"\" class=\"wp-image-30484\" width=\"500\"\/><figcaption>Francesca Tandoi<\/figcaption><\/figure><\/div>\n\n\n\n<p><strong>Giovani talenti<\/strong><\/p>\n\n\n\n<p>Al Piano City Madrid verranno presentati anche i giovani talenti, provenienti da un accordo tra TopArtEspa\u00f1a, il Conservatorio Reale di Atocha e la Scuola di Musica Reina Sof\u00eda. Le rispettive cattedre di pianoforte presenteranno alcuni musicisti, selezionati dai loro insegnanti, che presenteranno programmi molto vari e di innegabile valore artistico. In questo modo si vuole mettere in luce l&#8217;esistenza di una solida comunit\u00e0 di pianisti degna di essere fatta conoscere al grande pubblico. A questi concerti si aggiungeranno i recital degli studenti del Centro Shigeru Kawai e della Scuola di Arti Musicali di Madrid. Il pi\u00f9 giovane del festival \u00e8 Guillermo Hern\u00e1ndez, che a soli 15 anni ha gi\u00e0 una lunga carriera come pianista classico.<\/p>\n\n\n\n<p><em>Programmazione e ulteriori informazioni disponibili su:&nbsp;<\/em><a href=\"http:\/\/www.pianocitymadrid.es\/\">www.pianocitymadrid.es<\/a><\/p>\n","protected":false},"excerpt":{"rendered":"<p>Madrid diventa la capitale internazionale del pianoforte con la prima edizione di Piano City Madrid. Il festival internazionale, ideato dal musicista tedesco Andreas Kern, arriva per la prima volta in Spagna il 17, 18 e 19 giugno, nell&#8217;ambito della Giornata Europea della Musica organizzata dall&#8217;Assessorato alla Cultura, Turismo e Sport del Comune di Madrid. L&#8217;appuntamento [&hellip;]<\/p>\n","protected":false},"author":1,"featured_media":52689,"comment_status":"open","ping_status":"open","sticky":false,"template":"","format":"standard","meta":{"inline_featured_image":false,"ocean_post_layout":"","ocean_both_sidebars_style":"","ocean_both_sidebars_content_width":0,"ocean_both_sidebars_sidebars_width":0,"ocean_sidebar":"","ocean_second_sidebar":"","ocean_disable_margins":"enable","ocean_add_body_class":"","ocean_shortcode_before_top_bar":"","ocean_shortcode_after_top_bar":"","ocean_shortcode_before_header":"","ocean_shortcode_after_header":"","ocean_has_shortcode":"","ocean_shortcode_after_title":"","ocean_shortcode_before_footer_widgets":"","ocean_shortcode_after_footer_widgets":"","ocean_shortcode_before_footer_bottom":"","ocean_shortcode_after_footer_bottom":"","ocean_display_top_bar":"default","ocean_display_header":"default","ocean_header_style":"","ocean_center_header_left_menu":"","ocean_custom_header_template":"","ocean_custom_logo":0,"ocean_custom_retina_logo":0,"ocean_custom_logo_max_width":0,"ocean_custom_logo_tablet_max_width":0,"ocean_custom_logo_mobile_max_width":0,"ocean_custom_logo_max_height":0,"ocean_custom_logo_tablet_max_height":0,"ocean_custom_logo_mobile_max_height":0,"ocean_header_custom_menu":"","ocean_menu_typo_font_family":"","ocean_menu_typo_font_subset":"","ocean_menu_typo_font_size":0,"ocean_menu_typo_font_size_tablet":0,"ocean_menu_typo_font_size_mobile":0,"ocean_menu_typo_font_size_unit":"px","ocean_menu_typo_font_weight":"","ocean_menu_typo_font_weight_tablet":"","ocean_menu_typo_font_weight_mobile":"","ocean_menu_typo_transform":"","ocean_menu_typo_transform_tablet":"","ocean_menu_typo_transform_mobile":"","ocean_menu_typo_line_height":0,"ocean_menu_typo_line_height_tablet":0,"ocean_menu_typo_line_height_mobile":0,"ocean_menu_typo_line_height_unit":"","ocean_menu_typo_spacing":0,"ocean_menu_typo_spacing_tablet":0,"ocean_menu_typo_spacing_mobile":0,"ocean_menu_typo_spacing_unit":"","ocean_menu_link_color":"","ocean_menu_link_color_hover":"","ocean_menu_link_color_active":"","ocean_menu_link_background":"","ocean_menu_link_hover_background":"","ocean_menu_link_active_background":"","ocean_menu_social_links_bg":"","ocean_menu_social_hover_links_bg":"","ocean_menu_social_links_color":"","ocean_menu_social_hover_links_color":"","ocean_disable_title":"default","ocean_disable_heading":"default","ocean_post_title":"","ocean_post_subheading":"","ocean_post_title_style":"","ocean_post_title_background_color":"","ocean_post_title_background":0,"ocean_post_title_bg_image_position":"","ocean_post_title_bg_image_attachment":"","ocean_post_title_bg_image_repeat":"","ocean_post_title_bg_image_size":"","ocean_post_title_height":0,"ocean_post_title_bg_overlay":0.5,"ocean_post_title_bg_overlay_color":"","ocean_disable_breadcrumbs":"default","ocean_breadcrumbs_color":"","ocean_breadcrumbs_separator_color":"","ocean_breadcrumbs_links_color":"","ocean_breadcrumbs_links_hover_color":"","ocean_display_footer_widgets":"default","ocean_display_footer_bottom":"default","ocean_custom_footer_template":"","ocean_post_oembed":"","ocean_post_self_hosted_media":"","ocean_post_video_embed":"","ocean_link_format":"","ocean_link_format_target":"self","ocean_quote_format":"","ocean_quote_format_link":"post","ocean_gallery_link_images":"on","ocean_gallery_id":[],"footnotes":""},"categories":[133],"tags":[],"class_list":["post-57040","post","type-post","status-publish","format-standard","has-post-thumbnail","hentry","category-notizie","entry","has-media"],"yoast_head":"<!-- This site is optimized with the Yoast SEO plugin v27.4 - https:\/\/yoast.com\/product\/yoast-seo-wordpress\/ -->\n<title>PIANO CITY MADRID: 60 CONCERTI GRATUITI IN DIVERSI ANGOLI DELLA CITT\u00c0, DAL 17 AL 19 GIUGNO - Italcamara<\/title>\n<meta name=\"robots\" content=\"index, follow, max-snippet:-1, max-image-preview:large, max-video-preview:-1\" \/>\n<link rel=\"canonical\" href=\"https:\/\/italcamara-es.com\/it\/notizie\/piano-city-madrid-60-concerti-gratuiti-in-diversi-angoli-della-citta-dal-17-al-19-giugno\/\" \/>\n<meta property=\"og:locale\" content=\"it_IT\" \/>\n<meta property=\"og:type\" content=\"article\" \/>\n<meta property=\"og:title\" content=\"PIANO CITY MADRID: 60 CONCERTI GRATUITI IN DIVERSI ANGOLI DELLA CITT\u00c0, DAL 17 AL 19 GIUGNO - Italcamara\" \/>\n<meta property=\"og:description\" content=\"Madrid diventa la capitale internazionale del pianoforte con la prima edizione di Piano City Madrid. Il festival internazionale, ideato dal musicista tedesco Andreas Kern, arriva per la prima volta in Spagna il 17, 18 e 19 giugno, nell&#8217;ambito della Giornata Europea della Musica organizzata dall&#8217;Assessorato alla Cultura, Turismo e Sport del Comune di Madrid. L&#8217;appuntamento [&hellip;]\" \/>\n<meta property=\"og:url\" content=\"https:\/\/italcamara-es.com\/it\/notizie\/piano-city-madrid-60-concerti-gratuiti-in-diversi-angoli-della-citta-dal-17-al-19-giugno\/\" \/>\n<meta property=\"og:site_name\" content=\"Italcamara\" \/>\n<meta property=\"article:published_time\" content=\"2022-06-16T06:25:04+00:00\" \/>\n<meta property=\"og:image\" content=\"https:\/\/italcamara-es.com\/wp-content\/uploads\/2025\/03\/pianocitymadrid500.jpg\" \/>\n\t<meta property=\"og:image:width\" content=\"500\" \/>\n\t<meta property=\"og:image:height\" content=\"280\" \/>\n\t<meta property=\"og:image:type\" content=\"image\/jpeg\" \/>\n<meta name=\"author\" content=\"administrador\" \/>\n<meta name=\"twitter:card\" content=\"summary_large_image\" \/>\n<meta name=\"twitter:label1\" content=\"Scritto da\" \/>\n\t<meta name=\"twitter:data1\" content=\"administrador\" \/>\n\t<meta name=\"twitter:label2\" content=\"Tempo di lettura stimato\" \/>\n\t<meta name=\"twitter:data2\" content=\"3 minuti\" \/>\n<script type=\"application\/ld+json\" class=\"yoast-schema-graph\">{\"@context\":\"https:\\\/\\\/schema.org\",\"@graph\":[{\"@type\":\"Article\",\"@id\":\"https:\\\/\\\/italcamara-es.com\\\/it\\\/notizie\\\/piano-city-madrid-60-concerti-gratuiti-in-diversi-angoli-della-citta-dal-17-al-19-giugno\\\/#article\",\"isPartOf\":{\"@id\":\"https:\\\/\\\/italcamara-es.com\\\/it\\\/notizie\\\/piano-city-madrid-60-concerti-gratuiti-in-diversi-angoli-della-citta-dal-17-al-19-giugno\\\/\"},\"author\":{\"name\":\"administrador\",\"@id\":\"https:\\\/\\\/italcamara-es.com\\\/#\\\/schema\\\/person\\\/bb3c56263e405bbd9a15171dcfee93bb\"},\"headline\":\"PIANO CITY MADRID: 60 CONCERTI GRATUITI IN DIVERSI ANGOLI DELLA CITT\u00c0, DAL 17 AL 19 GIUGNO\",\"datePublished\":\"2022-06-16T06:25:04+00:00\",\"mainEntityOfPage\":{\"@id\":\"https:\\\/\\\/italcamara-es.com\\\/it\\\/notizie\\\/piano-city-madrid-60-concerti-gratuiti-in-diversi-angoli-della-citta-dal-17-al-19-giugno\\\/\"},\"wordCount\":707,\"commentCount\":0,\"image\":{\"@id\":\"https:\\\/\\\/italcamara-es.com\\\/it\\\/notizie\\\/piano-city-madrid-60-concerti-gratuiti-in-diversi-angoli-della-citta-dal-17-al-19-giugno\\\/#primaryimage\"},\"thumbnailUrl\":\"https:\\\/\\\/italcamara-es.com\\\/wp-content\\\/uploads\\\/2025\\\/03\\\/pianocitymadrid500.jpg\",\"articleSection\":[\"Notizie\"],\"inLanguage\":\"it-IT\",\"potentialAction\":[{\"@type\":\"CommentAction\",\"name\":\"Comment\",\"target\":[\"https:\\\/\\\/italcamara-es.com\\\/it\\\/notizie\\\/piano-city-madrid-60-concerti-gratuiti-in-diversi-angoli-della-citta-dal-17-al-19-giugno\\\/#respond\"]}]},{\"@type\":\"WebPage\",\"@id\":\"https:\\\/\\\/italcamara-es.com\\\/it\\\/notizie\\\/piano-city-madrid-60-concerti-gratuiti-in-diversi-angoli-della-citta-dal-17-al-19-giugno\\\/\",\"url\":\"https:\\\/\\\/italcamara-es.com\\\/it\\\/notizie\\\/piano-city-madrid-60-concerti-gratuiti-in-diversi-angoli-della-citta-dal-17-al-19-giugno\\\/\",\"name\":\"PIANO CITY MADRID: 60 CONCERTI GRATUITI IN DIVERSI ANGOLI DELLA CITT\u00c0, DAL 17 AL 19 GIUGNO - Italcamara\",\"isPartOf\":{\"@id\":\"https:\\\/\\\/italcamara-es.com\\\/#website\"},\"primaryImageOfPage\":{\"@id\":\"https:\\\/\\\/italcamara-es.com\\\/it\\\/notizie\\\/piano-city-madrid-60-concerti-gratuiti-in-diversi-angoli-della-citta-dal-17-al-19-giugno\\\/#primaryimage\"},\"image\":{\"@id\":\"https:\\\/\\\/italcamara-es.com\\\/it\\\/notizie\\\/piano-city-madrid-60-concerti-gratuiti-in-diversi-angoli-della-citta-dal-17-al-19-giugno\\\/#primaryimage\"},\"thumbnailUrl\":\"https:\\\/\\\/italcamara-es.com\\\/wp-content\\\/uploads\\\/2025\\\/03\\\/pianocitymadrid500.jpg\",\"datePublished\":\"2022-06-16T06:25:04+00:00\",\"author\":{\"@id\":\"https:\\\/\\\/italcamara-es.com\\\/#\\\/schema\\\/person\\\/bb3c56263e405bbd9a15171dcfee93bb\"},\"breadcrumb\":{\"@id\":\"https:\\\/\\\/italcamara-es.com\\\/it\\\/notizie\\\/piano-city-madrid-60-concerti-gratuiti-in-diversi-angoli-della-citta-dal-17-al-19-giugno\\\/#breadcrumb\"},\"inLanguage\":\"it-IT\",\"potentialAction\":[{\"@type\":\"ReadAction\",\"target\":[\"https:\\\/\\\/italcamara-es.com\\\/it\\\/notizie\\\/piano-city-madrid-60-concerti-gratuiti-in-diversi-angoli-della-citta-dal-17-al-19-giugno\\\/\"]}]},{\"@type\":\"ImageObject\",\"inLanguage\":\"it-IT\",\"@id\":\"https:\\\/\\\/italcamara-es.com\\\/it\\\/notizie\\\/piano-city-madrid-60-concerti-gratuiti-in-diversi-angoli-della-citta-dal-17-al-19-giugno\\\/#primaryimage\",\"url\":\"https:\\\/\\\/italcamara-es.com\\\/wp-content\\\/uploads\\\/2025\\\/03\\\/pianocitymadrid500.jpg\",\"contentUrl\":\"https:\\\/\\\/italcamara-es.com\\\/wp-content\\\/uploads\\\/2025\\\/03\\\/pianocitymadrid500.jpg\",\"width\":500,\"height\":280},{\"@type\":\"BreadcrumbList\",\"@id\":\"https:\\\/\\\/italcamara-es.com\\\/it\\\/notizie\\\/piano-city-madrid-60-concerti-gratuiti-in-diversi-angoli-della-citta-dal-17-al-19-giugno\\\/#breadcrumb\",\"itemListElement\":[{\"@type\":\"ListItem\",\"position\":1,\"name\":\"Inicio\",\"item\":\"https:\\\/\\\/italcamara-es.com\\\/it\\\/homepage-ita\\\/\"},{\"@type\":\"ListItem\",\"position\":2,\"name\":\"PIANO CITY MADRID: 60 CONCERTI GRATUITI IN DIVERSI ANGOLI DELLA CITT\u00c0, DAL 17 AL 19 GIUGNO\"}]},{\"@type\":\"WebSite\",\"@id\":\"https:\\\/\\\/italcamara-es.com\\\/#website\",\"url\":\"https:\\\/\\\/italcamara-es.com\\\/\",\"name\":\"Italcamara\",\"description\":\"\",\"potentialAction\":[{\"@type\":\"SearchAction\",\"target\":{\"@type\":\"EntryPoint\",\"urlTemplate\":\"https:\\\/\\\/italcamara-es.com\\\/?s={search_term_string}\"},\"query-input\":{\"@type\":\"PropertyValueSpecification\",\"valueRequired\":true,\"valueName\":\"search_term_string\"}}],\"inLanguage\":\"it-IT\"},{\"@type\":\"Person\",\"@id\":\"https:\\\/\\\/italcamara-es.com\\\/#\\\/schema\\\/person\\\/bb3c56263e405bbd9a15171dcfee93bb\",\"name\":\"administrador\",\"image\":{\"@type\":\"ImageObject\",\"inLanguage\":\"it-IT\",\"@id\":\"https:\\\/\\\/secure.gravatar.com\\\/avatar\\\/14b5e63db38320b12031bb28cf9f77e210aa71fb3a8a3602a3c9a05134fa75eb?s=96&d=mm&r=g\",\"url\":\"https:\\\/\\\/secure.gravatar.com\\\/avatar\\\/14b5e63db38320b12031bb28cf9f77e210aa71fb3a8a3602a3c9a05134fa75eb?s=96&d=mm&r=g\",\"contentUrl\":\"https:\\\/\\\/secure.gravatar.com\\\/avatar\\\/14b5e63db38320b12031bb28cf9f77e210aa71fb3a8a3602a3c9a05134fa75eb?s=96&d=mm&r=g\",\"caption\":\"administrador\"},\"sameAs\":[\"http:\\\/\\\/pre.italcamara-es.com\"],\"url\":\"https:\\\/\\\/italcamara-es.com\\\/it\\\/author\\\/administrador\\\/\"}]}<\/script>\n<!-- \/ Yoast SEO plugin. -->","yoast_head_json":{"title":"PIANO CITY MADRID: 60 CONCERTI GRATUITI IN DIVERSI ANGOLI DELLA CITT\u00c0, DAL 17 AL 19 GIUGNO - Italcamara","robots":{"index":"index","follow":"follow","max-snippet":"max-snippet:-1","max-image-preview":"max-image-preview:large","max-video-preview":"max-video-preview:-1"},"canonical":"https:\/\/italcamara-es.com\/it\/notizie\/piano-city-madrid-60-concerti-gratuiti-in-diversi-angoli-della-citta-dal-17-al-19-giugno\/","og_locale":"it_IT","og_type":"article","og_title":"PIANO CITY MADRID: 60 CONCERTI GRATUITI IN DIVERSI ANGOLI DELLA CITT\u00c0, DAL 17 AL 19 GIUGNO - Italcamara","og_description":"Madrid diventa la capitale internazionale del pianoforte con la prima edizione di Piano City Madrid. Il festival internazionale, ideato dal musicista tedesco Andreas Kern, arriva per la prima volta in Spagna il 17, 18 e 19 giugno, nell&#8217;ambito della Giornata Europea della Musica organizzata dall&#8217;Assessorato alla Cultura, Turismo e Sport del Comune di Madrid. L&#8217;appuntamento [&hellip;]","og_url":"https:\/\/italcamara-es.com\/it\/notizie\/piano-city-madrid-60-concerti-gratuiti-in-diversi-angoli-della-citta-dal-17-al-19-giugno\/","og_site_name":"Italcamara","article_published_time":"2022-06-16T06:25:04+00:00","og_image":[{"width":500,"height":280,"url":"https:\/\/italcamara-es.com\/wp-content\/uploads\/2025\/03\/pianocitymadrid500.jpg","type":"image\/jpeg"}],"author":"administrador","twitter_card":"summary_large_image","twitter_misc":{"Scritto da":"administrador","Tempo di lettura stimato":"3 minuti"},"schema":{"@context":"https:\/\/schema.org","@graph":[{"@type":"Article","@id":"https:\/\/italcamara-es.com\/it\/notizie\/piano-city-madrid-60-concerti-gratuiti-in-diversi-angoli-della-citta-dal-17-al-19-giugno\/#article","isPartOf":{"@id":"https:\/\/italcamara-es.com\/it\/notizie\/piano-city-madrid-60-concerti-gratuiti-in-diversi-angoli-della-citta-dal-17-al-19-giugno\/"},"author":{"name":"administrador","@id":"https:\/\/italcamara-es.com\/#\/schema\/person\/bb3c56263e405bbd9a15171dcfee93bb"},"headline":"PIANO CITY MADRID: 60 CONCERTI GRATUITI IN DIVERSI ANGOLI DELLA CITT\u00c0, DAL 17 AL 19 GIUGNO","datePublished":"2022-06-16T06:25:04+00:00","mainEntityOfPage":{"@id":"https:\/\/italcamara-es.com\/it\/notizie\/piano-city-madrid-60-concerti-gratuiti-in-diversi-angoli-della-citta-dal-17-al-19-giugno\/"},"wordCount":707,"commentCount":0,"image":{"@id":"https:\/\/italcamara-es.com\/it\/notizie\/piano-city-madrid-60-concerti-gratuiti-in-diversi-angoli-della-citta-dal-17-al-19-giugno\/#primaryimage"},"thumbnailUrl":"https:\/\/italcamara-es.com\/wp-content\/uploads\/2025\/03\/pianocitymadrid500.jpg","articleSection":["Notizie"],"inLanguage":"it-IT","potentialAction":[{"@type":"CommentAction","name":"Comment","target":["https:\/\/italcamara-es.com\/it\/notizie\/piano-city-madrid-60-concerti-gratuiti-in-diversi-angoli-della-citta-dal-17-al-19-giugno\/#respond"]}]},{"@type":"WebPage","@id":"https:\/\/italcamara-es.com\/it\/notizie\/piano-city-madrid-60-concerti-gratuiti-in-diversi-angoli-della-citta-dal-17-al-19-giugno\/","url":"https:\/\/italcamara-es.com\/it\/notizie\/piano-city-madrid-60-concerti-gratuiti-in-diversi-angoli-della-citta-dal-17-al-19-giugno\/","name":"PIANO CITY MADRID: 60 CONCERTI GRATUITI IN DIVERSI ANGOLI DELLA CITT\u00c0, DAL 17 AL 19 GIUGNO - Italcamara","isPartOf":{"@id":"https:\/\/italcamara-es.com\/#website"},"primaryImageOfPage":{"@id":"https:\/\/italcamara-es.com\/it\/notizie\/piano-city-madrid-60-concerti-gratuiti-in-diversi-angoli-della-citta-dal-17-al-19-giugno\/#primaryimage"},"image":{"@id":"https:\/\/italcamara-es.com\/it\/notizie\/piano-city-madrid-60-concerti-gratuiti-in-diversi-angoli-della-citta-dal-17-al-19-giugno\/#primaryimage"},"thumbnailUrl":"https:\/\/italcamara-es.com\/wp-content\/uploads\/2025\/03\/pianocitymadrid500.jpg","datePublished":"2022-06-16T06:25:04+00:00","author":{"@id":"https:\/\/italcamara-es.com\/#\/schema\/person\/bb3c56263e405bbd9a15171dcfee93bb"},"breadcrumb":{"@id":"https:\/\/italcamara-es.com\/it\/notizie\/piano-city-madrid-60-concerti-gratuiti-in-diversi-angoli-della-citta-dal-17-al-19-giugno\/#breadcrumb"},"inLanguage":"it-IT","potentialAction":[{"@type":"ReadAction","target":["https:\/\/italcamara-es.com\/it\/notizie\/piano-city-madrid-60-concerti-gratuiti-in-diversi-angoli-della-citta-dal-17-al-19-giugno\/"]}]},{"@type":"ImageObject","inLanguage":"it-IT","@id":"https:\/\/italcamara-es.com\/it\/notizie\/piano-city-madrid-60-concerti-gratuiti-in-diversi-angoli-della-citta-dal-17-al-19-giugno\/#primaryimage","url":"https:\/\/italcamara-es.com\/wp-content\/uploads\/2025\/03\/pianocitymadrid500.jpg","contentUrl":"https:\/\/italcamara-es.com\/wp-content\/uploads\/2025\/03\/pianocitymadrid500.jpg","width":500,"height":280},{"@type":"BreadcrumbList","@id":"https:\/\/italcamara-es.com\/it\/notizie\/piano-city-madrid-60-concerti-gratuiti-in-diversi-angoli-della-citta-dal-17-al-19-giugno\/#breadcrumb","itemListElement":[{"@type":"ListItem","position":1,"name":"Inicio","item":"https:\/\/italcamara-es.com\/it\/homepage-ita\/"},{"@type":"ListItem","position":2,"name":"PIANO CITY MADRID: 60 CONCERTI GRATUITI IN DIVERSI ANGOLI DELLA CITT\u00c0, DAL 17 AL 19 GIUGNO"}]},{"@type":"WebSite","@id":"https:\/\/italcamara-es.com\/#website","url":"https:\/\/italcamara-es.com\/","name":"Italcamara","description":"","potentialAction":[{"@type":"SearchAction","target":{"@type":"EntryPoint","urlTemplate":"https:\/\/italcamara-es.com\/?s={search_term_string}"},"query-input":{"@type":"PropertyValueSpecification","valueRequired":true,"valueName":"search_term_string"}}],"inLanguage":"it-IT"},{"@type":"Person","@id":"https:\/\/italcamara-es.com\/#\/schema\/person\/bb3c56263e405bbd9a15171dcfee93bb","name":"administrador","image":{"@type":"ImageObject","inLanguage":"it-IT","@id":"https:\/\/secure.gravatar.com\/avatar\/14b5e63db38320b12031bb28cf9f77e210aa71fb3a8a3602a3c9a05134fa75eb?s=96&d=mm&r=g","url":"https:\/\/secure.gravatar.com\/avatar\/14b5e63db38320b12031bb28cf9f77e210aa71fb3a8a3602a3c9a05134fa75eb?s=96&d=mm&r=g","contentUrl":"https:\/\/secure.gravatar.com\/avatar\/14b5e63db38320b12031bb28cf9f77e210aa71fb3a8a3602a3c9a05134fa75eb?s=96&d=mm&r=g","caption":"administrador"},"sameAs":["http:\/\/pre.italcamara-es.com"],"url":"https:\/\/italcamara-es.com\/it\/author\/administrador\/"}]}},"rttpg_featured_image_url":{"full":["https:\/\/italcamara-es.com\/wp-content\/uploads\/2025\/03\/pianocitymadrid500.jpg",500,280,false],"landscape":["https:\/\/italcamara-es.com\/wp-content\/uploads\/2025\/03\/pianocitymadrid500.jpg",500,280,false],"portraits":["https:\/\/italcamara-es.com\/wp-content\/uploads\/2025\/03\/pianocitymadrid500.jpg",500,280,false],"thumbnail":["https:\/\/italcamara-es.com\/wp-content\/uploads\/2025\/03\/pianocitymadrid500-150x150.jpg",150,150,true],"medium":["https:\/\/italcamara-es.com\/wp-content\/uploads\/2025\/03\/pianocitymadrid500-300x168.jpg",300,168,true],"large":["https:\/\/italcamara-es.com\/wp-content\/uploads\/2025\/03\/pianocitymadrid500.jpg",500,280,false],"1536x1536":["https:\/\/italcamara-es.com\/wp-content\/uploads\/2025\/03\/pianocitymadrid500.jpg",500,280,false],"2048x2048":["https:\/\/italcamara-es.com\/wp-content\/uploads\/2025\/03\/pianocitymadrid500.jpg",500,280,false],"ocean-thumb-m":["https:\/\/italcamara-es.com\/wp-content\/uploads\/2025\/03\/pianocitymadrid500.jpg",500,280,false],"ocean-thumb-ml":["https:\/\/italcamara-es.com\/wp-content\/uploads\/2025\/03\/pianocitymadrid500.jpg",500,280,false],"ocean-thumb-l":["https:\/\/italcamara-es.com\/wp-content\/uploads\/2025\/03\/pianocitymadrid500.jpg",500,280,false],"directorist_preview":["https:\/\/italcamara-es.com\/wp-content\/uploads\/2025\/03\/pianocitymadrid500.jpg",500,280,false]},"rttpg_author":{"display_name":"administrador","author_link":"https:\/\/italcamara-es.com\/it\/author\/administrador\/"},"rttpg_comment":0,"rttpg_category":"<a href=\"https:\/\/italcamara-es.com\/it\/category\/notizie\/\" rel=\"category tag\">Notizie<\/a>","rttpg_excerpt":"Madrid diventa la capitale internazionale del pianoforte con la prima edizione di Piano City Madrid. Il festival internazionale, ideato dal musicista tedesco Andreas Kern, arriva per la prima volta in Spagna il 17, 18 e 19 giugno, nell&#8217;ambito della Giornata Europea della Musica organizzata dall&#8217;Assessorato alla Cultura, Turismo e Sport del Comune di Madrid. L&#8217;appuntamento&hellip;","_links":{"self":[{"href":"https:\/\/italcamara-es.com\/it\/wp-json\/wp\/v2\/posts\/57040","targetHints":{"allow":["GET"]}}],"collection":[{"href":"https:\/\/italcamara-es.com\/it\/wp-json\/wp\/v2\/posts"}],"about":[{"href":"https:\/\/italcamara-es.com\/it\/wp-json\/wp\/v2\/types\/post"}],"author":[{"embeddable":true,"href":"https:\/\/italcamara-es.com\/it\/wp-json\/wp\/v2\/users\/1"}],"replies":[{"embeddable":true,"href":"https:\/\/italcamara-es.com\/it\/wp-json\/wp\/v2\/comments?post=57040"}],"version-history":[{"count":0,"href":"https:\/\/italcamara-es.com\/it\/wp-json\/wp\/v2\/posts\/57040\/revisions"}],"wp:featuredmedia":[{"embeddable":true,"href":"https:\/\/italcamara-es.com\/it\/wp-json\/wp\/v2\/media\/52689"}],"wp:attachment":[{"href":"https:\/\/italcamara-es.com\/it\/wp-json\/wp\/v2\/media?parent=57040"}],"wp:term":[{"taxonomy":"category","embeddable":true,"href":"https:\/\/italcamara-es.com\/it\/wp-json\/wp\/v2\/categories?post=57040"},{"taxonomy":"post_tag","embeddable":true,"href":"https:\/\/italcamara-es.com\/it\/wp-json\/wp\/v2\/tags?post=57040"}],"curies":[{"name":"wp","href":"https:\/\/api.w.org\/{rel}","templated":true}]}}