	{"id":57041,"date":"2022-09-08T07:08:07","date_gmt":"2022-09-08T05:08:07","guid":{"rendered":"http:\/\/pre.italcamara-es.com\/senza-categoria\/tariffe-speciali-di-ita-airways-in-occasione-delle-elezioni-del-25-settembre\/"},"modified":"2022-09-08T07:08:07","modified_gmt":"2022-09-08T05:08:07","slug":"tariffe-speciali-di-ita-airways-in-occasione-delle-elezioni-del-25-settembre","status":"publish","type":"post","link":"https:\/\/italcamara-es.com\/it\/notizie\/tariffe-speciali-di-ita-airways-in-occasione-delle-elezioni-del-25-settembre\/","title":{"rendered":"Tariffe speciali di ITA Airways in occasione delle elezioni del 25 settembre"},"content":{"rendered":"\n<p>In occasione delle prossime elezioni politiche che si terranno il 25 settembre 2022, gli elettori che voleranno con <strong>ITA Airways<\/strong> potranno usufruire di <strong>uno sconto sul biglietto aereo, andata e ritorno<\/strong>, utilizzato per recarsi presso la sede del seggio elettorale:<\/p>\n\n\n\n<p>&#8211; 50% di sconto per i voli nazionali (Sardegna esclusa)<br>&#8211; 40% di sconto per i voli internazionali (da Europa, Nord Africa e Medio Oriente)<br>&#8211; 25% di sconto per i voli intercontinentali<br><\/p>\n\n\n\n<p>Lo sconto \u00e8 valido esclusivamente sui voli ITA Airways per tariffe adulto, andata e ritorno, al netto di tasse, supplementi e servizio di vendita.<br><\/p>\n\n\n\n<p>Acquisto fino al 25 settembre per volare dal 22 al 28 settembre 2022.<br> L\u2019acquisto pu\u00f2 essere effettuato sul sito ITA Airways, compilando il form di booking presente nella<a href=\"https:\/\/www.ita-airways.com\/en_it\/fly-ita\/news-and-activities\/news\/elections-italy-september2022.html\"> <strong>pagina dedicata<\/strong><\/a>, oppure attraverso il call center della Compagnia e le agenzie di viaggio.<br><\/p>\n\n\n\n<p>Al momento del check-in e dell\u2019imbarco al passeggero verr\u00e0 semplicemente chiesto di esibire la propria tessera elettorale (sia all\u2019andata sia al ritorno). Qualora l\u2019elettore ne sia sprovvisto per il viaggio di andata, sar\u00e0 necessario sottoscrivere una dichiarazione sostitutiva da presentare al personale di scalo. Per i viaggiatori provenienti in Italia con voli internazionali o intercontinentali \u00e8 sufficiente esibire il passaporto italiano. Al ritorno, il passeggero dovr\u00e0 esibire la propria tessera elettorale regolarmente timbrata e datata dalla Sezione Elettorale, dimostrando cos\u00ec l\u2019avvenuta votazione.<\/p>\n","protected":false},"excerpt":{"rendered":"<p>In occasione delle prossime elezioni politiche che si terranno il 25 settembre 2022, gli elettori che voleranno con ITA Airways potranno usufruire di uno sconto sul biglietto aereo, andata e ritorno, utilizzato per recarsi presso la sede del seggio elettorale: &#8211; 50% di sconto per i voli nazionali (Sardegna esclusa)&#8211; 40% di sconto per i [&hellip;]<\/p>\n","protected":false},"author":1,"featured_media":52691,"comment_status":"open","ping_status":"open","sticky":false,"template":"","format":"standard","meta":{"inline_featured_image":false,"ocean_post_layout":"","ocean_both_sidebars_style":"","ocean_both_sidebars_content_width":0,"ocean_both_sidebars_sidebars_width":0,"ocean_sidebar":"","ocean_second_sidebar":"","ocean_disable_margins":"enable","ocean_add_body_class":"","ocean_shortcode_before_top_bar":"","ocean_shortcode_after_top_bar":"","ocean_shortcode_before_header":"","ocean_shortcode_after_header":"","ocean_has_shortcode":"","ocean_shortcode_after_title":"","ocean_shortcode_before_footer_widgets":"","ocean_shortcode_after_footer_widgets":"","ocean_shortcode_before_footer_bottom":"","ocean_shortcode_after_footer_bottom":"","ocean_display_top_bar":"default","ocean_display_header":"default","ocean_header_style":"","ocean_center_header_left_menu":"","ocean_custom_header_template":"","ocean_custom_logo":0,"ocean_custom_retina_logo":0,"ocean_custom_logo_max_width":0,"ocean_custom_logo_tablet_max_width":0,"ocean_custom_logo_mobile_max_width":0,"ocean_custom_logo_max_height":0,"ocean_custom_logo_tablet_max_height":0,"ocean_custom_logo_mobile_max_height":0,"ocean_header_custom_menu":"","ocean_menu_typo_font_family":"","ocean_menu_typo_font_subset":"","ocean_menu_typo_font_size":0,"ocean_menu_typo_font_size_tablet":0,"ocean_menu_typo_font_size_mobile":0,"ocean_menu_typo_font_size_unit":"px","ocean_menu_typo_font_weight":"","ocean_menu_typo_font_weight_tablet":"","ocean_menu_typo_font_weight_mobile":"","ocean_menu_typo_transform":"","ocean_menu_typo_transform_tablet":"","ocean_menu_typo_transform_mobile":"","ocean_menu_typo_line_height":0,"ocean_menu_typo_line_height_tablet":0,"ocean_menu_typo_line_height_mobile":0,"ocean_menu_typo_line_height_unit":"","ocean_menu_typo_spacing":0,"ocean_menu_typo_spacing_tablet":0,"ocean_menu_typo_spacing_mobile":0,"ocean_menu_typo_spacing_unit":"","ocean_menu_link_color":"","ocean_menu_link_color_hover":"","ocean_menu_link_color_active":"","ocean_menu_link_background":"","ocean_menu_link_hover_background":"","ocean_menu_link_active_background":"","ocean_menu_social_links_bg":"","ocean_menu_social_hover_links_bg":"","ocean_menu_social_links_color":"","ocean_menu_social_hover_links_color":"","ocean_disable_title":"default","ocean_disable_heading":"default","ocean_post_title":"","ocean_post_subheading":"","ocean_post_title_style":"","ocean_post_title_background_color":"","ocean_post_title_background":0,"ocean_post_title_bg_image_position":"","ocean_post_title_bg_image_attachment":"","ocean_post_title_bg_image_repeat":"","ocean_post_title_bg_image_size":"","ocean_post_title_height":0,"ocean_post_title_bg_overlay":0.5,"ocean_post_title_bg_overlay_color":"","ocean_disable_breadcrumbs":"default","ocean_breadcrumbs_color":"","ocean_breadcrumbs_separator_color":"","ocean_breadcrumbs_links_color":"","ocean_breadcrumbs_links_hover_color":"","ocean_display_footer_widgets":"default","ocean_display_footer_bottom":"default","ocean_custom_footer_template":"","ocean_post_oembed":"","ocean_post_self_hosted_media":"","ocean_post_video_embed":"","ocean_link_format":"","ocean_link_format_target":"self","ocean_quote_format":"","ocean_quote_format_link":"post","ocean_gallery_link_images":"on","ocean_gallery_id":[],"footnotes":""},"categories":[133],"tags":[],"class_list":["post-57041","post","type-post","status-publish","format-standard","has-post-thumbnail","hentry","category-notizie","entry","has-media"],"yoast_head":"<!-- This site is optimized with the Yoast SEO plugin v27.4 - https:\/\/yoast.com\/product\/yoast-seo-wordpress\/ -->\n<title>Tariffe speciali di ITA Airways in occasione delle elezioni del 25 settembre - Italcamara<\/title>\n<meta name=\"robots\" content=\"index, follow, max-snippet:-1, max-image-preview:large, max-video-preview:-1\" \/>\n<link rel=\"canonical\" href=\"https:\/\/italcamara-es.com\/it\/notizie\/tariffe-speciali-di-ita-airways-in-occasione-delle-elezioni-del-25-settembre\/\" \/>\n<meta property=\"og:locale\" content=\"it_IT\" \/>\n<meta property=\"og:type\" content=\"article\" \/>\n<meta property=\"og:title\" content=\"Tariffe speciali di ITA Airways in occasione delle elezioni del 25 settembre - Italcamara\" \/>\n<meta property=\"og:description\" content=\"In occasione delle prossime elezioni politiche che si terranno il 25 settembre 2022, gli elettori che voleranno con ITA Airways potranno usufruire di uno sconto sul biglietto aereo, andata e ritorno, utilizzato per recarsi presso la sede del seggio elettorale: &#8211; 50% di sconto per i voli nazionali (Sardegna esclusa)&#8211; 40% di sconto per i [&hellip;]\" \/>\n<meta property=\"og:url\" content=\"https:\/\/italcamara-es.com\/it\/notizie\/tariffe-speciali-di-ita-airways-in-occasione-delle-elezioni-del-25-settembre\/\" \/>\n<meta property=\"og:site_name\" content=\"Italcamara\" \/>\n<meta property=\"article:published_time\" content=\"2022-09-08T05:08:07+00:00\" \/>\n<meta property=\"og:image\" content=\"https:\/\/italcamara-es.com\/wp-content\/uploads\/2025\/03\/ITA.jpg\" \/>\n\t<meta property=\"og:image:width\" content=\"840\" \/>\n\t<meta property=\"og:image:height\" content=\"296\" \/>\n\t<meta property=\"og:image:type\" content=\"image\/jpeg\" \/>\n<meta name=\"author\" content=\"administrador\" \/>\n<meta name=\"twitter:card\" content=\"summary_large_image\" \/>\n<meta name=\"twitter:label1\" content=\"Scritto da\" \/>\n\t<meta name=\"twitter:data1\" content=\"administrador\" \/>\n\t<meta name=\"twitter:label2\" content=\"Tempo di lettura stimato\" \/>\n\t<meta name=\"twitter:data2\" content=\"1 minuto\" \/>\n<script type=\"application\/ld+json\" class=\"yoast-schema-graph\">{\"@context\":\"https:\\\/\\\/schema.org\",\"@graph\":[{\"@type\":\"Article\",\"@id\":\"https:\\\/\\\/italcamara-es.com\\\/it\\\/notizie\\\/tariffe-speciali-di-ita-airways-in-occasione-delle-elezioni-del-25-settembre\\\/#article\",\"isPartOf\":{\"@id\":\"https:\\\/\\\/italcamara-es.com\\\/it\\\/notizie\\\/tariffe-speciali-di-ita-airways-in-occasione-delle-elezioni-del-25-settembre\\\/\"},\"author\":{\"name\":\"administrador\",\"@id\":\"https:\\\/\\\/italcamara-es.com\\\/#\\\/schema\\\/person\\\/bb3c56263e405bbd9a15171dcfee93bb\"},\"headline\":\"Tariffe speciali di ITA Airways in occasione delle elezioni del 25 settembre\",\"datePublished\":\"2022-09-08T05:08:07+00:00\",\"mainEntityOfPage\":{\"@id\":\"https:\\\/\\\/italcamara-es.com\\\/it\\\/notizie\\\/tariffe-speciali-di-ita-airways-in-occasione-delle-elezioni-del-25-settembre\\\/\"},\"wordCount\":226,\"commentCount\":0,\"image\":{\"@id\":\"https:\\\/\\\/italcamara-es.com\\\/it\\\/notizie\\\/tariffe-speciali-di-ita-airways-in-occasione-delle-elezioni-del-25-settembre\\\/#primaryimage\"},\"thumbnailUrl\":\"https:\\\/\\\/italcamara-es.com\\\/wp-content\\\/uploads\\\/2025\\\/03\\\/ITA.jpg\",\"articleSection\":[\"Notizie\"],\"inLanguage\":\"it-IT\",\"potentialAction\":[{\"@type\":\"CommentAction\",\"name\":\"Comment\",\"target\":[\"https:\\\/\\\/italcamara-es.com\\\/it\\\/notizie\\\/tariffe-speciali-di-ita-airways-in-occasione-delle-elezioni-del-25-settembre\\\/#respond\"]}]},{\"@type\":\"WebPage\",\"@id\":\"https:\\\/\\\/italcamara-es.com\\\/it\\\/notizie\\\/tariffe-speciali-di-ita-airways-in-occasione-delle-elezioni-del-25-settembre\\\/\",\"url\":\"https:\\\/\\\/italcamara-es.com\\\/it\\\/notizie\\\/tariffe-speciali-di-ita-airways-in-occasione-delle-elezioni-del-25-settembre\\\/\",\"name\":\"Tariffe speciali di ITA Airways in occasione delle elezioni del 25 settembre - Italcamara\",\"isPartOf\":{\"@id\":\"https:\\\/\\\/italcamara-es.com\\\/#website\"},\"primaryImageOfPage\":{\"@id\":\"https:\\\/\\\/italcamara-es.com\\\/it\\\/notizie\\\/tariffe-speciali-di-ita-airways-in-occasione-delle-elezioni-del-25-settembre\\\/#primaryimage\"},\"image\":{\"@id\":\"https:\\\/\\\/italcamara-es.com\\\/it\\\/notizie\\\/tariffe-speciali-di-ita-airways-in-occasione-delle-elezioni-del-25-settembre\\\/#primaryimage\"},\"thumbnailUrl\":\"https:\\\/\\\/italcamara-es.com\\\/wp-content\\\/uploads\\\/2025\\\/03\\\/ITA.jpg\",\"datePublished\":\"2022-09-08T05:08:07+00:00\",\"author\":{\"@id\":\"https:\\\/\\\/italcamara-es.com\\\/#\\\/schema\\\/person\\\/bb3c56263e405bbd9a15171dcfee93bb\"},\"breadcrumb\":{\"@id\":\"https:\\\/\\\/italcamara-es.com\\\/it\\\/notizie\\\/tariffe-speciali-di-ita-airways-in-occasione-delle-elezioni-del-25-settembre\\\/#breadcrumb\"},\"inLanguage\":\"it-IT\",\"potentialAction\":[{\"@type\":\"ReadAction\",\"target\":[\"https:\\\/\\\/italcamara-es.com\\\/it\\\/notizie\\\/tariffe-speciali-di-ita-airways-in-occasione-delle-elezioni-del-25-settembre\\\/\"]}]},{\"@type\":\"ImageObject\",\"inLanguage\":\"it-IT\",\"@id\":\"https:\\\/\\\/italcamara-es.com\\\/it\\\/notizie\\\/tariffe-speciali-di-ita-airways-in-occasione-delle-elezioni-del-25-settembre\\\/#primaryimage\",\"url\":\"https:\\\/\\\/italcamara-es.com\\\/wp-content\\\/uploads\\\/2025\\\/03\\\/ITA.jpg\",\"contentUrl\":\"https:\\\/\\\/italcamara-es.com\\\/wp-content\\\/uploads\\\/2025\\\/03\\\/ITA.jpg\",\"width\":840,\"height\":296},{\"@type\":\"BreadcrumbList\",\"@id\":\"https:\\\/\\\/italcamara-es.com\\\/it\\\/notizie\\\/tariffe-speciali-di-ita-airways-in-occasione-delle-elezioni-del-25-settembre\\\/#breadcrumb\",\"itemListElement\":[{\"@type\":\"ListItem\",\"position\":1,\"name\":\"Inicio\",\"item\":\"https:\\\/\\\/italcamara-es.com\\\/it\\\/homepage-ita\\\/\"},{\"@type\":\"ListItem\",\"position\":2,\"name\":\"Tariffe speciali di ITA Airways in occasione delle elezioni del 25 settembre\"}]},{\"@type\":\"WebSite\",\"@id\":\"https:\\\/\\\/italcamara-es.com\\\/#website\",\"url\":\"https:\\\/\\\/italcamara-es.com\\\/\",\"name\":\"Italcamara\",\"description\":\"\",\"potentialAction\":[{\"@type\":\"SearchAction\",\"target\":{\"@type\":\"EntryPoint\",\"urlTemplate\":\"https:\\\/\\\/italcamara-es.com\\\/?s={search_term_string}\"},\"query-input\":{\"@type\":\"PropertyValueSpecification\",\"valueRequired\":true,\"valueName\":\"search_term_string\"}}],\"inLanguage\":\"it-IT\"},{\"@type\":\"Person\",\"@id\":\"https:\\\/\\\/italcamara-es.com\\\/#\\\/schema\\\/person\\\/bb3c56263e405bbd9a15171dcfee93bb\",\"name\":\"administrador\",\"image\":{\"@type\":\"ImageObject\",\"inLanguage\":\"it-IT\",\"@id\":\"https:\\\/\\\/secure.gravatar.com\\\/avatar\\\/14b5e63db38320b12031bb28cf9f77e210aa71fb3a8a3602a3c9a05134fa75eb?s=96&d=mm&r=g\",\"url\":\"https:\\\/\\\/secure.gravatar.com\\\/avatar\\\/14b5e63db38320b12031bb28cf9f77e210aa71fb3a8a3602a3c9a05134fa75eb?s=96&d=mm&r=g\",\"contentUrl\":\"https:\\\/\\\/secure.gravatar.com\\\/avatar\\\/14b5e63db38320b12031bb28cf9f77e210aa71fb3a8a3602a3c9a05134fa75eb?s=96&d=mm&r=g\",\"caption\":\"administrador\"},\"sameAs\":[\"http:\\\/\\\/pre.italcamara-es.com\"],\"url\":\"https:\\\/\\\/italcamara-es.com\\\/it\\\/author\\\/administrador\\\/\"}]}<\/script>\n<!-- \/ Yoast SEO plugin. -->","yoast_head_json":{"title":"Tariffe speciali di ITA Airways in occasione delle elezioni del 25 settembre - Italcamara","robots":{"index":"index","follow":"follow","max-snippet":"max-snippet:-1","max-image-preview":"max-image-preview:large","max-video-preview":"max-video-preview:-1"},"canonical":"https:\/\/italcamara-es.com\/it\/notizie\/tariffe-speciali-di-ita-airways-in-occasione-delle-elezioni-del-25-settembre\/","og_locale":"it_IT","og_type":"article","og_title":"Tariffe speciali di ITA Airways in occasione delle elezioni del 25 settembre - Italcamara","og_description":"In occasione delle prossime elezioni politiche che si terranno il 25 settembre 2022, gli elettori che voleranno con ITA Airways potranno usufruire di uno sconto sul biglietto aereo, andata e ritorno, utilizzato per recarsi presso la sede del seggio elettorale: &#8211; 50% di sconto per i voli nazionali (Sardegna esclusa)&#8211; 40% di sconto per i [&hellip;]","og_url":"https:\/\/italcamara-es.com\/it\/notizie\/tariffe-speciali-di-ita-airways-in-occasione-delle-elezioni-del-25-settembre\/","og_site_name":"Italcamara","article_published_time":"2022-09-08T05:08:07+00:00","og_image":[{"width":840,"height":296,"url":"https:\/\/italcamara-es.com\/wp-content\/uploads\/2025\/03\/ITA.jpg","type":"image\/jpeg"}],"author":"administrador","twitter_card":"summary_large_image","twitter_misc":{"Scritto da":"administrador","Tempo di lettura stimato":"1 minuto"},"schema":{"@context":"https:\/\/schema.org","@graph":[{"@type":"Article","@id":"https:\/\/italcamara-es.com\/it\/notizie\/tariffe-speciali-di-ita-airways-in-occasione-delle-elezioni-del-25-settembre\/#article","isPartOf":{"@id":"https:\/\/italcamara-es.com\/it\/notizie\/tariffe-speciali-di-ita-airways-in-occasione-delle-elezioni-del-25-settembre\/"},"author":{"name":"administrador","@id":"https:\/\/italcamara-es.com\/#\/schema\/person\/bb3c56263e405bbd9a15171dcfee93bb"},"headline":"Tariffe speciali di ITA Airways in occasione delle elezioni del 25 settembre","datePublished":"2022-09-08T05:08:07+00:00","mainEntityOfPage":{"@id":"https:\/\/italcamara-es.com\/it\/notizie\/tariffe-speciali-di-ita-airways-in-occasione-delle-elezioni-del-25-settembre\/"},"wordCount":226,"commentCount":0,"image":{"@id":"https:\/\/italcamara-es.com\/it\/notizie\/tariffe-speciali-di-ita-airways-in-occasione-delle-elezioni-del-25-settembre\/#primaryimage"},"thumbnailUrl":"https:\/\/italcamara-es.com\/wp-content\/uploads\/2025\/03\/ITA.jpg","articleSection":["Notizie"],"inLanguage":"it-IT","potentialAction":[{"@type":"CommentAction","name":"Comment","target":["https:\/\/italcamara-es.com\/it\/notizie\/tariffe-speciali-di-ita-airways-in-occasione-delle-elezioni-del-25-settembre\/#respond"]}]},{"@type":"WebPage","@id":"https:\/\/italcamara-es.com\/it\/notizie\/tariffe-speciali-di-ita-airways-in-occasione-delle-elezioni-del-25-settembre\/","url":"https:\/\/italcamara-es.com\/it\/notizie\/tariffe-speciali-di-ita-airways-in-occasione-delle-elezioni-del-25-settembre\/","name":"Tariffe speciali di ITA Airways in occasione delle elezioni del 25 settembre - Italcamara","isPartOf":{"@id":"https:\/\/italcamara-es.com\/#website"},"primaryImageOfPage":{"@id":"https:\/\/italcamara-es.com\/it\/notizie\/tariffe-speciali-di-ita-airways-in-occasione-delle-elezioni-del-25-settembre\/#primaryimage"},"image":{"@id":"https:\/\/italcamara-es.com\/it\/notizie\/tariffe-speciali-di-ita-airways-in-occasione-delle-elezioni-del-25-settembre\/#primaryimage"},"thumbnailUrl":"https:\/\/italcamara-es.com\/wp-content\/uploads\/2025\/03\/ITA.jpg","datePublished":"2022-09-08T05:08:07+00:00","author":{"@id":"https:\/\/italcamara-es.com\/#\/schema\/person\/bb3c56263e405bbd9a15171dcfee93bb"},"breadcrumb":{"@id":"https:\/\/italcamara-es.com\/it\/notizie\/tariffe-speciali-di-ita-airways-in-occasione-delle-elezioni-del-25-settembre\/#breadcrumb"},"inLanguage":"it-IT","potentialAction":[{"@type":"ReadAction","target":["https:\/\/italcamara-es.com\/it\/notizie\/tariffe-speciali-di-ita-airways-in-occasione-delle-elezioni-del-25-settembre\/"]}]},{"@type":"ImageObject","inLanguage":"it-IT","@id":"https:\/\/italcamara-es.com\/it\/notizie\/tariffe-speciali-di-ita-airways-in-occasione-delle-elezioni-del-25-settembre\/#primaryimage","url":"https:\/\/italcamara-es.com\/wp-content\/uploads\/2025\/03\/ITA.jpg","contentUrl":"https:\/\/italcamara-es.com\/wp-content\/uploads\/2025\/03\/ITA.jpg","width":840,"height":296},{"@type":"BreadcrumbList","@id":"https:\/\/italcamara-es.com\/it\/notizie\/tariffe-speciali-di-ita-airways-in-occasione-delle-elezioni-del-25-settembre\/#breadcrumb","itemListElement":[{"@type":"ListItem","position":1,"name":"Inicio","item":"https:\/\/italcamara-es.com\/it\/homepage-ita\/"},{"@type":"ListItem","position":2,"name":"Tariffe speciali di ITA Airways in occasione delle elezioni del 25 settembre"}]},{"@type":"WebSite","@id":"https:\/\/italcamara-es.com\/#website","url":"https:\/\/italcamara-es.com\/","name":"Italcamara","description":"","potentialAction":[{"@type":"SearchAction","target":{"@type":"EntryPoint","urlTemplate":"https:\/\/italcamara-es.com\/?s={search_term_string}"},"query-input":{"@type":"PropertyValueSpecification","valueRequired":true,"valueName":"search_term_string"}}],"inLanguage":"it-IT"},{"@type":"Person","@id":"https:\/\/italcamara-es.com\/#\/schema\/person\/bb3c56263e405bbd9a15171dcfee93bb","name":"administrador","image":{"@type":"ImageObject","inLanguage":"it-IT","@id":"https:\/\/secure.gravatar.com\/avatar\/14b5e63db38320b12031bb28cf9f77e210aa71fb3a8a3602a3c9a05134fa75eb?s=96&d=mm&r=g","url":"https:\/\/secure.gravatar.com\/avatar\/14b5e63db38320b12031bb28cf9f77e210aa71fb3a8a3602a3c9a05134fa75eb?s=96&d=mm&r=g","contentUrl":"https:\/\/secure.gravatar.com\/avatar\/14b5e63db38320b12031bb28cf9f77e210aa71fb3a8a3602a3c9a05134fa75eb?s=96&d=mm&r=g","caption":"administrador"},"sameAs":["http:\/\/pre.italcamara-es.com"],"url":"https:\/\/italcamara-es.com\/it\/author\/administrador\/"}]}},"rttpg_featured_image_url":{"full":["https:\/\/italcamara-es.com\/wp-content\/uploads\/2025\/03\/ITA.jpg",840,296,false],"landscape":["https:\/\/italcamara-es.com\/wp-content\/uploads\/2025\/03\/ITA.jpg",840,296,false],"portraits":["https:\/\/italcamara-es.com\/wp-content\/uploads\/2025\/03\/ITA.jpg",840,296,false],"thumbnail":["https:\/\/italcamara-es.com\/wp-content\/uploads\/2025\/03\/ITA-150x150.jpg",150,150,true],"medium":["https:\/\/italcamara-es.com\/wp-content\/uploads\/2025\/03\/ITA-300x106.jpg",300,106,true],"large":["https:\/\/italcamara-es.com\/wp-content\/uploads\/2025\/03\/ITA.jpg",840,296,false],"1536x1536":["https:\/\/italcamara-es.com\/wp-content\/uploads\/2025\/03\/ITA.jpg",840,296,false],"2048x2048":["https:\/\/italcamara-es.com\/wp-content\/uploads\/2025\/03\/ITA.jpg",840,296,false],"ocean-thumb-m":["https:\/\/italcamara-es.com\/wp-content\/uploads\/2025\/03\/ITA-600x296.jpg",600,296,true],"ocean-thumb-ml":["https:\/\/italcamara-es.com\/wp-content\/uploads\/2025\/03\/ITA-800x296.jpg",800,296,true],"ocean-thumb-l":["https:\/\/italcamara-es.com\/wp-content\/uploads\/2025\/03\/ITA.jpg",840,296,false],"directorist_preview":["https:\/\/italcamara-es.com\/wp-content\/uploads\/2025\/03\/ITA-640x296.jpg",640,296,true]},"rttpg_author":{"display_name":"administrador","author_link":"https:\/\/italcamara-es.com\/it\/author\/administrador\/"},"rttpg_comment":0,"rttpg_category":"<a href=\"https:\/\/italcamara-es.com\/it\/category\/notizie\/\" rel=\"category tag\">Notizie<\/a>","rttpg_excerpt":"In occasione delle prossime elezioni politiche che si terranno il 25 settembre 2022, gli elettori che voleranno con ITA Airways potranno usufruire di uno sconto sul biglietto aereo, andata e ritorno, utilizzato per recarsi presso la sede del seggio elettorale: &#8211; 50% di sconto per i voli nazionali (Sardegna esclusa)&#8211; 40% di sconto per i&hellip;","_links":{"self":[{"href":"https:\/\/italcamara-es.com\/it\/wp-json\/wp\/v2\/posts\/57041","targetHints":{"allow":["GET"]}}],"collection":[{"href":"https:\/\/italcamara-es.com\/it\/wp-json\/wp\/v2\/posts"}],"about":[{"href":"https:\/\/italcamara-es.com\/it\/wp-json\/wp\/v2\/types\/post"}],"author":[{"embeddable":true,"href":"https:\/\/italcamara-es.com\/it\/wp-json\/wp\/v2\/users\/1"}],"replies":[{"embeddable":true,"href":"https:\/\/italcamara-es.com\/it\/wp-json\/wp\/v2\/comments?post=57041"}],"version-history":[{"count":0,"href":"https:\/\/italcamara-es.com\/it\/wp-json\/wp\/v2\/posts\/57041\/revisions"}],"wp:featuredmedia":[{"embeddable":true,"href":"https:\/\/italcamara-es.com\/it\/wp-json\/wp\/v2\/media\/52691"}],"wp:attachment":[{"href":"https:\/\/italcamara-es.com\/it\/wp-json\/wp\/v2\/media?parent=57041"}],"wp:term":[{"taxonomy":"category","embeddable":true,"href":"https:\/\/italcamara-es.com\/it\/wp-json\/wp\/v2\/categories?post=57041"},{"taxonomy":"post_tag","embeddable":true,"href":"https:\/\/italcamara-es.com\/it\/wp-json\/wp\/v2\/tags?post=57041"}],"curies":[{"name":"wp","href":"https:\/\/api.w.org\/{rel}","templated":true}]}}