	{"id":57043,"date":"2022-11-14T14:50:57","date_gmt":"2022-11-14T13:50:57","guid":{"rendered":"http:\/\/pre.italcamara-es.com\/senza-categoria\/la-fondazione-woman-forward-presenta-una-classifica-delle-imprese-per-luguaglianza\/"},"modified":"2022-11-14T14:50:57","modified_gmt":"2022-11-14T13:50:57","slug":"la-fondazione-woman-forward-presenta-una-classifica-delle-imprese-per-luguaglianza","status":"publish","type":"post","link":"https:\/\/italcamara-es.com\/it\/notizie\/la-fondazione-woman-forward-presenta-una-classifica-delle-imprese-per-luguaglianza\/","title":{"rendered":"La Fondazione Woman Forward presenta una classifica delle imprese per l&#8217;uguaglianza"},"content":{"rendered":"\n<p>La fondazione Woman Forward ha presentato il passato 11 novembre i risultati della ricerca &#8220;La percezione della parit\u00e0 nelle imprese spagnole&#8221; mediante la strategia &#8220;<strong>CEO, leve del cambiamento verso l&#8217;uguaglianza<\/strong>&#8221; che cerca di dare visibilit\u00e0 ai CEO e alle imprese che vogliono essere leva del cambiamento verso la parit\u00e0.<\/p>\n<p>La Fondazione invita le imprese a partecipare all&#8217;<strong>Indice delle pari opportunit\u00e0 aziendali&nbsp; <\/strong>attraverso una piattaforma appositamente creata, accessibile tramite il sito web della fondazione.<\/p>\n<p>L&#8217;indice di uguaglianza aziendale stabilir\u00e0 automaticamente una classifica che compara le imprese per localizzazione, dimensione e settore, che verr\u00e0 presentata in primavera, a tre mesi dalla pubblicazione per permettere alle imprese di partecipare. &nbsp;<\/p>\n\n\n\n<p>La giuria presieduta da <strong>Giuseppe Tringali<\/strong>, Presidente del Global Corporation Center IE\/EY verifica la metodologia, la partecipazione oggettiva delle imprese e il funzionamento automatico della classifica, secondo diversi benchmark in relazione all&#8217;ubicazione, alle dimensioni e al settore.<\/p>\n\n\n\n<p>La giornata \u00e8 stata condotta da <strong>Paloma Barandiar\u00e1n<\/strong>, direttrice di GSG legal hub e inaugurata da <strong>Maria Andr\u00e9s<\/strong>, direttrice del l&#8217;Ufficio del Parlamento europeo in Spagna, che ha dichiarato &#8220;Il Parlamento europeo adotter\u00e0 tra pochi giorni un&#8217;importante legge che vincoler\u00e0 le imprese alle societ\u00e0 quotate con pi\u00f9 di 250 dipendenti ad assicurare che almeno il 40% delle posizioni dirigenziali non esecutive siano del sesso meno rappresentato. Tuttavia, il cambiamento di mentalit\u00e0 e della cultura imprenditoriale non si realizzer\u00e0 solo a colpi di legge. Iniziative come quella di Woman Forward, con questa classifica per misurare le aziende che guidano questo cambiamento promuovendo il talento femminile, sono particolarmente preziose. Ci\u00f2 che non si misura non si vede. E ci\u00f2 che non si vede, non esiste. Mostriamo a questi uomini CEO campioni di uguaglianza, aiutiamo a creare nuovi referenti di inclusione&#8221;.<\/p>\n\n\n\n<p><strong>Mirian Izquierdo<\/strong>, presidente della Fondazione Woman Forward, ha spiegato nel suo intervento che la strategia &#8220;CEO Leve del cambiamento verso l&#8217;uguaglianza&#8221; emerge dalle conclusioni della ricerca &#8220;La percezione degli uomini sulla parit\u00e0 nell&#8217;impresa spagnola&#8221;, in cui hanno partecipato dirigenti, CEO e consulenti di grandi, medie e piccole imprese.<\/p>\n\n\n\n<p>&nbsp;Le conclusioni evidenziano che:<\/p>\n\n\n\n<ul class=\"wp-block-list\"><li>Mentre i 2\/3 degli uomini percepiscono le donne in modo diverso, sia socialmente che professionalmente, le percepiscono ancora peggio nell&#8217;ambito decisionale.<\/li><li>Vi \u00e8 1\/3 di alti dirigenti uomini e CEO la cui percezione sociale e professionale delle donne \u00e8 egualitaria. Per cui, questo gruppo di CEO e dirigenti possono essere effaci leve del cambiamento verso l&#8217;uguaglianza.<\/li><\/ul>\n\n\n\n<p>Questa strategia mira pertanto a rendere visibile l&#8217;impegno dei CEO a favore della parit\u00e0 di opportunit\u00e0, affinch\u00e9 coloro che sono convinti, attraverso la loro influenza, possano essere leve del cambiamente verso la parit\u00e0, sia all&#8217;interno che all&#8217;esterno delle loro organizzazioni. L&#8217;iniziativa ha come obiettivo ultimo quello di promuovere la priorit\u00e0 nell&#8217;impresa rispetto alle politiche di uguaglianza, diversit\u00e0 e inclusione per creare valore reale nelle imprese. <\/p>\n\n\n<div class=\"wp-block-image\">\n<figure class=\"aligncenter size-full is-resized\"><img fetchpriority=\"high\" decoding=\"async\" src=\"https:\/\/www.italcamara-es.com\/wp-content\/uploads\/2022\/11\/2-Mirian-Izquierdo-Fundacion-Woman-Forward-1024x768-2.jpeg\" alt=\"\" class=\"wp-image-31534\" width=\"512\" height=\"384\"\/><figcaption>La presidente della Fundaci\u00f3n Madrid Forward, Miriam Izquierdo<\/figcaption><\/figure>\n<\/div>\n\n\n<p>Per rendere visibili i CEO delle aziende che si impegnano per la parit\u00e0 e misurare il loro apporto, la Fondazione ha messo a punto una piattaforma che consente, in relazione a 6 capitoli di indicatori, di valutare il loro grado di uguaglianza in modo obiettivo e misurabile. Questo sar\u00e0 realizzato attraverso la partecipazione all&#8217;Indice per le pari opportunit\u00e0 della sua piattaforma @DIVERSIA.<\/p>\n\n\n\n<p>La piattaforma permette, a sua volta, di stabilire un ranking di pari opportunit\u00e0, per presentare i progressi in modo equo, stabilendo un benchmark secondo criteri diversi, quali: le dimensioni, la localizzazione e il settore.<\/p>\n\n\n\n<p>A continuazione, un tavolo moderato da <strong>Yolanda Gomez<\/strong>, vicedirettore della ABC &#8220;Leading equally throughout the corporate world: women in economic decision making&#8221;. Quali sono le barriere. &nbsp;Che barriere esistono. La strada da percorrere \u00e8 ancora lunga.&nbsp;<\/p>\n\n\n\n<p><strong>Eugenia Rodr\u00edguez Palop<\/strong>, vicepresidente della&nbsp; Commissione per i Diritti delle Donne del Parlamento europeo, ha sottolineato che esiste non solo un &#8220;tetto di vetro&#8221; ma anche un &#8220;tetto di cemento&#8221; per le barriere autoimposte delle donne, legate a ruoli e stereotipi di genere che le impedisce di crescere professionalmente.<\/p>\n\n\n\n<p><strong>Rosa P\u00e9rez<\/strong>, membro della commissione per i diritti delle donne del Parlamento europeo, ha sottolineato che questa iniziativa della Woman Forward Foundation ci consente di dare un seguito reale ai cambio necessari per progredire verso la parit\u00e0 e per promuovere il talento femminile.<\/p>\n\n\n\n<p>Allo stesso modo, <strong>Lina G\u00e1lvez<\/strong>, membro della commissione per i Diritti delle Donne del Parlamento europeo ha sottolineato che, in quegli spazi decisionali in cui ci sono donne, le donne sono pi\u00f9 sostenibili ed esiste maggiore resilienza.<\/p>\n\n\n\n<p><strong>Margherita di Pisa<\/strong>, vuole una societ\u00e0 migliore in cui le norme sulla parit\u00e0 producano risultati reali e consentano la loro tracciabilit\u00e0.<\/p>\n\n\n\n<p>Un secondo tavolo di CEO, moderato da <strong>Noelia Garc\u00eda<\/strong>, Direttrice di Branded Content e Speciali di &#8220;L&#8217;Economista&#8221;, ha discusso l&#8217;interesse de &#8220;la strategia CEO leve del cambiamento verso la parit\u00e0 e le barriere strutturali nelle imprese&#8221;:<\/p>\n\n\n\n<p><strong>Enrique Serra Gonz\u00e1lez<\/strong>, CEO di Banco Caminos, ha sottolineato &#8220;Crediamo che la diversit\u00e0 sia un valore integrale. Nei nostri progetti, non cerchiamo solo l&#8217;uguaglianza in variabili come il genere ma la diversit\u00e0 in tutti gli aspetti che possono nutrire le squadre: et\u00e0, nazionalit\u00e0, esperienza, diversi modi di pensare ecc.&#8221;<\/p>\n\n\n\n<p><strong>Enrique Polo de Lara<\/strong>, CEO di Salesforce, ha dichiarato: &#8220;Nel settore tecnologico ci troviamo di fronte a una disparit\u00e0 sistematica nel numero di uomini e donne all&#8217;interno delle organizzazioni. \u00c8 necessario uno sforzo consapevole da parte dell&#8217;alta dirigenza per evitare distorsioni nei processi di selezione e rimuovere le barriere intangibili che ostacolano lo sviluppo professionale di molte donne. Uno dei valori fondamentali di Salesforce \u00e8 l&#8217;uguaglianza e siamo impegnati ad aumentare il numero di donne nella nostra azienda e nelle posizioni dirigenziali&#8221;.<\/p>\n\n\n\n<p>Allo stesso modo, <strong>Mario de Gaviria<\/strong>, CEO di IGE Group, ritiene che &#8220;Il successo, la sopravvivenza e la sostenibilit\u00e0 delle aziende dipender\u00e0 in gran parte dalla loro reale capacit\u00e0 di<\/p>\n\n\n\n<p>trasformare la loro cultura imprenditoriale, dove la diversit\u00e0 inclusiva deve essere uno dei suoi pilastri fondamentale e questo sar\u00e0 possibile solo con la piena convinzione e il coinvolgimento attivo dei CEO.&#8221;<\/p>\n\n\n\n<p>A sua volta, <strong>Antonio Torrado<\/strong>, CEO di Wolf Iberica ha spiegato che &#8220;Non dobbiamo forzare con l&#8217;obiettivo di riuscire ma bisogna continuare a lavorare nella comunicazione e nella formazione&nbsp; per sensibilizzare su quello che apporta all&#8217;impresa e alla societ\u00e0, per rompere possibili barriere e far in modo di interiorizzare il tema e viverlo in maniera naturale&#8221;.<\/p>\n\n\n\n<p>Per concludere, il presidente della giuria del ranking delle imprese per la parit\u00e0, <strong>Giuseppe Pringali<\/strong>, Presidente di Global Corporation Center IE\/EY, ha presentato le modalit\u00e0 di partecipazione all&#8217;Indice, insieme ai membri della giuria.<\/p>\n\n\n\n<p>La giuria che ha l&#8217;obiettivo di verificare che la partecipazione alla piattaforma possa avvenire in modo equo e obiettivo, nonch\u00e9 che la piattaforma ha funzionato automaticamente per la definizione della classifica, \u00e8 composto da <strong>Giuseppe Tringali<\/strong>, President Global Corporation Center IE\/EY; F\u00e1tima B\u00e1\u00f1ez, presidente della Fondazione CEOE; <strong>Mar\u00eda de Andr\u00e9s<\/strong>, Presidente dell&#8217;ufficio del Parlamento europeo in Spagna, <strong>Sara Bieger Franco Espa\u00f1ola<\/strong>; <strong>Jos\u00e9 Luis Blanco<\/strong>, direttore generale esecutivo dell&#8217;IEF, <strong>Beatriz Corredor<\/strong>, Presidente di Redeia; <strong>Marta Garc\u00eda Valenzuela<\/strong>, Socia di talento e leadership di Talengo, <strong>Federico Linares<\/strong>, Presidente di EY Espa\u00f1a, <strong>Angel Mart\u00ednez Aldama<\/strong>, Presidente della Associazione degli Organismi di Investimento Collettivo e dei Fondi Pensione (INVERCO); <strong>Aldo Olcense<\/strong>, Presidente della Fondazione Indipendente Societ\u00e0 Civile Now; <strong>Antonio Oporto<\/strong>, Segretario Generale del Circolo degli Imprenditori; <strong>Marco Pizzi<\/strong>, Presidente della Camera di Commercio e Industria Italiana per la Spagna; <strong>Osmar Polo<\/strong>, Presidente della Camera di Commercio Tedesca per Spagna; <strong>Bieito Rubido<\/strong>, Direttore del giornale digitale &#8220;El Debate&#8221;; <strong>Enrique Sanchez de Le\u00f3n<\/strong>, Consigliere Direttore Generale APD, <strong>Pilar Menor Sanchez<\/strong>, Avvocato dello Stato Global Co-Chair, DLA Piper Employment\/Senior Partner Spain, <strong>Rosa Maria Vidal<\/strong>, Socia Direttrice dell&#8217;azienda <strong>Broseta Avvocati<\/strong>, guidando il suo piano strategico di crescita sostenibile.<\/p>\n\n\n\n<p>Giuseppe Tringali ha sottolineato che &#8220;l&#8217;uguaglianza di genere \u00e8 un diritto, ma anche una grande opportuit\u00e0, una serie di studi indica che genera maggiore innovazione e migliora i risultati economici delle imprese incrementando il PIL dei paesi. I leader delle imprese devono avere interessi concreti nell&#8217;accelerare e attuare questa trasformazione che non \u00e8 solo culturale, \u00e8 altamente produttiva.&#8221;<\/p>\n\n\n\n<p>Pertanto, la giuria invita le aziende a partecipare, da met\u00e0 novembre fino alla fine di febbraio, attraverso il seguente link del sito web della fondazione, all&#8217;Indice di uguaglianza aziendale GRATUITAMENTE e, di conseguenza, a far parte della classifica delle Aziende per l&#8217;uguaglianza che verr\u00e0 presentata in un evento in primavera.<\/p>\n\n\n\n<p>Maggiori informazioni: info@womanforward.org<\/p>\n\n\n\n<p>FUNDACION WOMAN FORWARD<br>marketing@womanforward.es<br>+34 672 63 25 97<\/p>\n\n\n\n<p>SU WOMAN FORWARD<\/p>\n\n\n\n<p><em>La Woman Forward Foundation \u00e8 un&#8217;istituzione senza scopo di lucro che crea valore nelle organizzazioni promuovendo il talento femminile la parit\u00e0 di genere. Donne e uomini impegnati nella societ\u00e0 civile, pronti a unire le forze per accrescere la partecipazione e l&#8217;influenza delle donne nelle sfere decisionali in campo sociale ed economico. Woman Forward promuove misure di uguaglianza nelle aziende che promuovono l&#8217;uguaglianza e aiutano a rafforzare l&#8217;allineamento strategico nelle imprese.<\/em><\/p>\n\n\n\n<p><em>La Fondazione Woman Forward ha come missione la promozione della leadership femminile nell&#8217;ambiente imprenditoriale, utilizzando, a tal fine, strumenti quali la ricerca, la consulenza, le attivit\u00e0 di formazione attraverso Think- Tank, programmi di mentoring per partner e sponsor e networking al pi\u00f9 alto livello.<\/em><\/p>\n\n\n","protected":false},"excerpt":{"rendered":"<p>La giuria presieduta da Giuseppe Tringali, Presidente del Global Corporation Center IE\/EY verifica la metodologia, la partecipazione oggettiva delle imprese e il funzionamento automatico della classifica, secondo diversi benchmark in relazione all&#8217;ubicazione, alle dimensioni e al settore. La giornata \u00e8 stata condotta da Paloma Barandiar\u00e1n, direttrice di GSG legal hub e inaugurata da Maria Andr\u00e9s, [&hellip;]<\/p>\n","protected":false},"author":1,"featured_media":57044,"comment_status":"open","ping_status":"open","sticky":false,"template":"","format":"standard","meta":{"inline_featured_image":false,"ocean_post_layout":"","ocean_both_sidebars_style":"","ocean_both_sidebars_content_width":0,"ocean_both_sidebars_sidebars_width":0,"ocean_sidebar":"","ocean_second_sidebar":"","ocean_disable_margins":"enable","ocean_add_body_class":"","ocean_shortcode_before_top_bar":"","ocean_shortcode_after_top_bar":"","ocean_shortcode_before_header":"","ocean_shortcode_after_header":"","ocean_has_shortcode":"","ocean_shortcode_after_title":"","ocean_shortcode_before_footer_widgets":"","ocean_shortcode_after_footer_widgets":"","ocean_shortcode_before_footer_bottom":"","ocean_shortcode_after_footer_bottom":"","ocean_display_top_bar":"default","ocean_display_header":"default","ocean_header_style":"","ocean_center_header_left_menu":"","ocean_custom_header_template":"","ocean_custom_logo":0,"ocean_custom_retina_logo":0,"ocean_custom_logo_max_width":0,"ocean_custom_logo_tablet_max_width":0,"ocean_custom_logo_mobile_max_width":0,"ocean_custom_logo_max_height":0,"ocean_custom_logo_tablet_max_height":0,"ocean_custom_logo_mobile_max_height":0,"ocean_header_custom_menu":"","ocean_menu_typo_font_family":"","ocean_menu_typo_font_subset":"","ocean_menu_typo_font_size":0,"ocean_menu_typo_font_size_tablet":0,"ocean_menu_typo_font_size_mobile":0,"ocean_menu_typo_font_size_unit":"px","ocean_menu_typo_font_weight":"","ocean_menu_typo_font_weight_tablet":"","ocean_menu_typo_font_weight_mobile":"","ocean_menu_typo_transform":"","ocean_menu_typo_transform_tablet":"","ocean_menu_typo_transform_mobile":"","ocean_menu_typo_line_height":0,"ocean_menu_typo_line_height_tablet":0,"ocean_menu_typo_line_height_mobile":0,"ocean_menu_typo_line_height_unit":"","ocean_menu_typo_spacing":0,"ocean_menu_typo_spacing_tablet":0,"ocean_menu_typo_spacing_mobile":0,"ocean_menu_typo_spacing_unit":"","ocean_menu_link_color":"","ocean_menu_link_color_hover":"","ocean_menu_link_color_active":"","ocean_menu_link_background":"","ocean_menu_link_hover_background":"","ocean_menu_link_active_background":"","ocean_menu_social_links_bg":"","ocean_menu_social_hover_links_bg":"","ocean_menu_social_links_color":"","ocean_menu_social_hover_links_color":"","ocean_disable_title":"default","ocean_disable_heading":"default","ocean_post_title":"","ocean_post_subheading":"","ocean_post_title_style":"","ocean_post_title_background_color":"","ocean_post_title_background":0,"ocean_post_title_bg_image_position":"","ocean_post_title_bg_image_attachment":"","ocean_post_title_bg_image_repeat":"","ocean_post_title_bg_image_size":"","ocean_post_title_height":0,"ocean_post_title_bg_overlay":0.5,"ocean_post_title_bg_overlay_color":"","ocean_disable_breadcrumbs":"default","ocean_breadcrumbs_color":"","ocean_breadcrumbs_separator_color":"","ocean_breadcrumbs_links_color":"","ocean_breadcrumbs_links_hover_color":"","ocean_display_footer_widgets":"default","ocean_display_footer_bottom":"default","ocean_custom_footer_template":"","ocean_post_oembed":"","ocean_post_self_hosted_media":"","ocean_post_video_embed":"","ocean_link_format":"","ocean_link_format_target":"self","ocean_quote_format":"","ocean_quote_format_link":"post","ocean_gallery_link_images":"on","ocean_gallery_id":[],"footnotes":""},"categories":[133],"tags":[],"class_list":["post-57043","post","type-post","status-publish","format-standard","has-post-thumbnail","hentry","category-notizie","entry","has-media"],"yoast_head":"<!-- This site is optimized with the Yoast SEO plugin v27.5 - https:\/\/yoast.com\/product\/yoast-seo-wordpress\/ -->\n<title>La Fondazione Woman Forward presenta una classifica delle imprese per l&#039;uguaglianza - Italcamara<\/title>\n<meta name=\"robots\" content=\"index, follow, max-snippet:-1, max-image-preview:large, max-video-preview:-1\" \/>\n<link rel=\"canonical\" href=\"https:\/\/italcamara-es.com\/it\/notizie\/la-fondazione-woman-forward-presenta-una-classifica-delle-imprese-per-luguaglianza\/\" \/>\n<meta property=\"og:locale\" content=\"it_IT\" \/>\n<meta property=\"og:type\" content=\"article\" \/>\n<meta property=\"og:title\" content=\"La Fondazione Woman Forward presenta una classifica delle imprese per l&#039;uguaglianza - Italcamara\" \/>\n<meta property=\"og:description\" content=\"La giuria presieduta da Giuseppe Tringali, Presidente del Global Corporation Center IE\/EY verifica la metodologia, la partecipazione oggettiva delle imprese e il funzionamento automatico della classifica, secondo diversi benchmark in relazione all&#8217;ubicazione, alle dimensioni e al settore. La giornata \u00e8 stata condotta da Paloma Barandiar\u00e1n, direttrice di GSG legal hub e inaugurata da Maria Andr\u00e9s, [&hellip;]\" \/>\n<meta property=\"og:url\" content=\"https:\/\/italcamara-es.com\/it\/notizie\/la-fondazione-woman-forward-presenta-una-classifica-delle-imprese-per-luguaglianza\/\" \/>\n<meta property=\"og:site_name\" content=\"Italcamara\" \/>\n<meta property=\"article:published_time\" content=\"2022-11-14T13:50:57+00:00\" \/>\n<meta property=\"og:image\" content=\"https:\/\/italcamara-es.com\/wp-content\/uploads\/2025\/03\/2-Mirian-Izquierdo-Fundacion-Woman-Forward-1024x768-2.jpeg\" \/>\n\t<meta property=\"og:image:width\" content=\"1024\" \/>\n\t<meta property=\"og:image:height\" content=\"768\" \/>\n\t<meta property=\"og:image:type\" content=\"image\/jpeg\" \/>\n<meta name=\"author\" content=\"administrador\" \/>\n<meta name=\"twitter:card\" content=\"summary_large_image\" \/>\n<meta name=\"twitter:label1\" content=\"Scritto da\" \/>\n\t<meta name=\"twitter:data1\" content=\"administrador\" \/>\n\t<meta name=\"twitter:label2\" content=\"Tempo di lettura stimato\" \/>\n\t<meta name=\"twitter:data2\" content=\"7 minuti\" \/>\n<script type=\"application\/ld+json\" class=\"yoast-schema-graph\">{\"@context\":\"https:\\\/\\\/schema.org\",\"@graph\":[{\"@type\":\"Article\",\"@id\":\"https:\\\/\\\/italcamara-es.com\\\/it\\\/notizie\\\/la-fondazione-woman-forward-presenta-una-classifica-delle-imprese-per-luguaglianza\\\/#article\",\"isPartOf\":{\"@id\":\"https:\\\/\\\/italcamara-es.com\\\/it\\\/notizie\\\/la-fondazione-woman-forward-presenta-una-classifica-delle-imprese-per-luguaglianza\\\/\"},\"author\":{\"name\":\"administrador\",\"@id\":\"https:\\\/\\\/italcamara-es.com\\\/#\\\/schema\\\/person\\\/bb3c56263e405bbd9a15171dcfee93bb\"},\"headline\":\"La Fondazione Woman Forward presenta una classifica delle imprese per l&#8217;uguaglianza\",\"datePublished\":\"2022-11-14T13:50:57+00:00\",\"mainEntityOfPage\":{\"@id\":\"https:\\\/\\\/italcamara-es.com\\\/it\\\/notizie\\\/la-fondazione-woman-forward-presenta-una-classifica-delle-imprese-per-luguaglianza\\\/\"},\"wordCount\":1547,\"commentCount\":0,\"image\":{\"@id\":\"https:\\\/\\\/italcamara-es.com\\\/it\\\/notizie\\\/la-fondazione-woman-forward-presenta-una-classifica-delle-imprese-per-luguaglianza\\\/#primaryimage\"},\"thumbnailUrl\":\"https:\\\/\\\/italcamara-es.com\\\/wp-content\\\/uploads\\\/2025\\\/03\\\/2-Mirian-Izquierdo-Fundacion-Woman-Forward-1024x768-2.jpeg\",\"articleSection\":[\"Notizie\"],\"inLanguage\":\"it-IT\",\"potentialAction\":[{\"@type\":\"CommentAction\",\"name\":\"Comment\",\"target\":[\"https:\\\/\\\/italcamara-es.com\\\/it\\\/notizie\\\/la-fondazione-woman-forward-presenta-una-classifica-delle-imprese-per-luguaglianza\\\/#respond\"]}]},{\"@type\":\"WebPage\",\"@id\":\"https:\\\/\\\/italcamara-es.com\\\/it\\\/notizie\\\/la-fondazione-woman-forward-presenta-una-classifica-delle-imprese-per-luguaglianza\\\/\",\"url\":\"https:\\\/\\\/italcamara-es.com\\\/it\\\/notizie\\\/la-fondazione-woman-forward-presenta-una-classifica-delle-imprese-per-luguaglianza\\\/\",\"name\":\"La Fondazione Woman Forward presenta una classifica delle imprese per l'uguaglianza - Italcamara\",\"isPartOf\":{\"@id\":\"https:\\\/\\\/italcamara-es.com\\\/#website\"},\"primaryImageOfPage\":{\"@id\":\"https:\\\/\\\/italcamara-es.com\\\/it\\\/notizie\\\/la-fondazione-woman-forward-presenta-una-classifica-delle-imprese-per-luguaglianza\\\/#primaryimage\"},\"image\":{\"@id\":\"https:\\\/\\\/italcamara-es.com\\\/it\\\/notizie\\\/la-fondazione-woman-forward-presenta-una-classifica-delle-imprese-per-luguaglianza\\\/#primaryimage\"},\"thumbnailUrl\":\"https:\\\/\\\/italcamara-es.com\\\/wp-content\\\/uploads\\\/2025\\\/03\\\/2-Mirian-Izquierdo-Fundacion-Woman-Forward-1024x768-2.jpeg\",\"datePublished\":\"2022-11-14T13:50:57+00:00\",\"author\":{\"@id\":\"https:\\\/\\\/italcamara-es.com\\\/#\\\/schema\\\/person\\\/bb3c56263e405bbd9a15171dcfee93bb\"},\"breadcrumb\":{\"@id\":\"https:\\\/\\\/italcamara-es.com\\\/it\\\/notizie\\\/la-fondazione-woman-forward-presenta-una-classifica-delle-imprese-per-luguaglianza\\\/#breadcrumb\"},\"inLanguage\":\"it-IT\",\"potentialAction\":[{\"@type\":\"ReadAction\",\"target\":[\"https:\\\/\\\/italcamara-es.com\\\/it\\\/notizie\\\/la-fondazione-woman-forward-presenta-una-classifica-delle-imprese-per-luguaglianza\\\/\"]}]},{\"@type\":\"ImageObject\",\"inLanguage\":\"it-IT\",\"@id\":\"https:\\\/\\\/italcamara-es.com\\\/it\\\/notizie\\\/la-fondazione-woman-forward-presenta-una-classifica-delle-imprese-per-luguaglianza\\\/#primaryimage\",\"url\":\"https:\\\/\\\/italcamara-es.com\\\/wp-content\\\/uploads\\\/2025\\\/03\\\/2-Mirian-Izquierdo-Fundacion-Woman-Forward-1024x768-2.jpeg\",\"contentUrl\":\"https:\\\/\\\/italcamara-es.com\\\/wp-content\\\/uploads\\\/2025\\\/03\\\/2-Mirian-Izquierdo-Fundacion-Woman-Forward-1024x768-2.jpeg\",\"width\":1024,\"height\":768},{\"@type\":\"BreadcrumbList\",\"@id\":\"https:\\\/\\\/italcamara-es.com\\\/it\\\/notizie\\\/la-fondazione-woman-forward-presenta-una-classifica-delle-imprese-per-luguaglianza\\\/#breadcrumb\",\"itemListElement\":[{\"@type\":\"ListItem\",\"position\":1,\"name\":\"Inicio\",\"item\":\"https:\\\/\\\/italcamara-es.com\\\/it\\\/homepage-ita\\\/\"},{\"@type\":\"ListItem\",\"position\":2,\"name\":\"La Fondazione Woman Forward presenta una classifica delle imprese per l&#8217;uguaglianza\"}]},{\"@type\":\"WebSite\",\"@id\":\"https:\\\/\\\/italcamara-es.com\\\/#website\",\"url\":\"https:\\\/\\\/italcamara-es.com\\\/\",\"name\":\"Italcamara\",\"description\":\"\",\"potentialAction\":[{\"@type\":\"SearchAction\",\"target\":{\"@type\":\"EntryPoint\",\"urlTemplate\":\"https:\\\/\\\/italcamara-es.com\\\/?s={search_term_string}\"},\"query-input\":{\"@type\":\"PropertyValueSpecification\",\"valueRequired\":true,\"valueName\":\"search_term_string\"}}],\"inLanguage\":\"it-IT\"},{\"@type\":\"Person\",\"@id\":\"https:\\\/\\\/italcamara-es.com\\\/#\\\/schema\\\/person\\\/bb3c56263e405bbd9a15171dcfee93bb\",\"name\":\"administrador\",\"image\":{\"@type\":\"ImageObject\",\"inLanguage\":\"it-IT\",\"@id\":\"https:\\\/\\\/secure.gravatar.com\\\/avatar\\\/14b5e63db38320b12031bb28cf9f77e210aa71fb3a8a3602a3c9a05134fa75eb?s=96&d=mm&r=g\",\"url\":\"https:\\\/\\\/secure.gravatar.com\\\/avatar\\\/14b5e63db38320b12031bb28cf9f77e210aa71fb3a8a3602a3c9a05134fa75eb?s=96&d=mm&r=g\",\"contentUrl\":\"https:\\\/\\\/secure.gravatar.com\\\/avatar\\\/14b5e63db38320b12031bb28cf9f77e210aa71fb3a8a3602a3c9a05134fa75eb?s=96&d=mm&r=g\",\"caption\":\"administrador\"},\"sameAs\":[\"http:\\\/\\\/pre.italcamara-es.com\"],\"url\":\"https:\\\/\\\/italcamara-es.com\\\/it\\\/author\\\/administrador\\\/\"}]}<\/script>\n<!-- \/ Yoast SEO plugin. -->","yoast_head_json":{"title":"La Fondazione Woman Forward presenta una classifica delle imprese per l'uguaglianza - Italcamara","robots":{"index":"index","follow":"follow","max-snippet":"max-snippet:-1","max-image-preview":"max-image-preview:large","max-video-preview":"max-video-preview:-1"},"canonical":"https:\/\/italcamara-es.com\/it\/notizie\/la-fondazione-woman-forward-presenta-una-classifica-delle-imprese-per-luguaglianza\/","og_locale":"it_IT","og_type":"article","og_title":"La Fondazione Woman Forward presenta una classifica delle imprese per l'uguaglianza - Italcamara","og_description":"La giuria presieduta da Giuseppe Tringali, Presidente del Global Corporation Center IE\/EY verifica la metodologia, la partecipazione oggettiva delle imprese e il funzionamento automatico della classifica, secondo diversi benchmark in relazione all&#8217;ubicazione, alle dimensioni e al settore. La giornata \u00e8 stata condotta da Paloma Barandiar\u00e1n, direttrice di GSG legal hub e inaugurata da Maria Andr\u00e9s, [&hellip;]","og_url":"https:\/\/italcamara-es.com\/it\/notizie\/la-fondazione-woman-forward-presenta-una-classifica-delle-imprese-per-luguaglianza\/","og_site_name":"Italcamara","article_published_time":"2022-11-14T13:50:57+00:00","og_image":[{"width":1024,"height":768,"url":"https:\/\/italcamara-es.com\/wp-content\/uploads\/2025\/03\/2-Mirian-Izquierdo-Fundacion-Woman-Forward-1024x768-2.jpeg","type":"image\/jpeg"}],"author":"administrador","twitter_card":"summary_large_image","twitter_misc":{"Scritto da":"administrador","Tempo di lettura stimato":"7 minuti"},"schema":{"@context":"https:\/\/schema.org","@graph":[{"@type":"Article","@id":"https:\/\/italcamara-es.com\/it\/notizie\/la-fondazione-woman-forward-presenta-una-classifica-delle-imprese-per-luguaglianza\/#article","isPartOf":{"@id":"https:\/\/italcamara-es.com\/it\/notizie\/la-fondazione-woman-forward-presenta-una-classifica-delle-imprese-per-luguaglianza\/"},"author":{"name":"administrador","@id":"https:\/\/italcamara-es.com\/#\/schema\/person\/bb3c56263e405bbd9a15171dcfee93bb"},"headline":"La Fondazione Woman Forward presenta una classifica delle imprese per l&#8217;uguaglianza","datePublished":"2022-11-14T13:50:57+00:00","mainEntityOfPage":{"@id":"https:\/\/italcamara-es.com\/it\/notizie\/la-fondazione-woman-forward-presenta-una-classifica-delle-imprese-per-luguaglianza\/"},"wordCount":1547,"commentCount":0,"image":{"@id":"https:\/\/italcamara-es.com\/it\/notizie\/la-fondazione-woman-forward-presenta-una-classifica-delle-imprese-per-luguaglianza\/#primaryimage"},"thumbnailUrl":"https:\/\/italcamara-es.com\/wp-content\/uploads\/2025\/03\/2-Mirian-Izquierdo-Fundacion-Woman-Forward-1024x768-2.jpeg","articleSection":["Notizie"],"inLanguage":"it-IT","potentialAction":[{"@type":"CommentAction","name":"Comment","target":["https:\/\/italcamara-es.com\/it\/notizie\/la-fondazione-woman-forward-presenta-una-classifica-delle-imprese-per-luguaglianza\/#respond"]}]},{"@type":"WebPage","@id":"https:\/\/italcamara-es.com\/it\/notizie\/la-fondazione-woman-forward-presenta-una-classifica-delle-imprese-per-luguaglianza\/","url":"https:\/\/italcamara-es.com\/it\/notizie\/la-fondazione-woman-forward-presenta-una-classifica-delle-imprese-per-luguaglianza\/","name":"La Fondazione Woman Forward presenta una classifica delle imprese per l'uguaglianza - Italcamara","isPartOf":{"@id":"https:\/\/italcamara-es.com\/#website"},"primaryImageOfPage":{"@id":"https:\/\/italcamara-es.com\/it\/notizie\/la-fondazione-woman-forward-presenta-una-classifica-delle-imprese-per-luguaglianza\/#primaryimage"},"image":{"@id":"https:\/\/italcamara-es.com\/it\/notizie\/la-fondazione-woman-forward-presenta-una-classifica-delle-imprese-per-luguaglianza\/#primaryimage"},"thumbnailUrl":"https:\/\/italcamara-es.com\/wp-content\/uploads\/2025\/03\/2-Mirian-Izquierdo-Fundacion-Woman-Forward-1024x768-2.jpeg","datePublished":"2022-11-14T13:50:57+00:00","author":{"@id":"https:\/\/italcamara-es.com\/#\/schema\/person\/bb3c56263e405bbd9a15171dcfee93bb"},"breadcrumb":{"@id":"https:\/\/italcamara-es.com\/it\/notizie\/la-fondazione-woman-forward-presenta-una-classifica-delle-imprese-per-luguaglianza\/#breadcrumb"},"inLanguage":"it-IT","potentialAction":[{"@type":"ReadAction","target":["https:\/\/italcamara-es.com\/it\/notizie\/la-fondazione-woman-forward-presenta-una-classifica-delle-imprese-per-luguaglianza\/"]}]},{"@type":"ImageObject","inLanguage":"it-IT","@id":"https:\/\/italcamara-es.com\/it\/notizie\/la-fondazione-woman-forward-presenta-una-classifica-delle-imprese-per-luguaglianza\/#primaryimage","url":"https:\/\/italcamara-es.com\/wp-content\/uploads\/2025\/03\/2-Mirian-Izquierdo-Fundacion-Woman-Forward-1024x768-2.jpeg","contentUrl":"https:\/\/italcamara-es.com\/wp-content\/uploads\/2025\/03\/2-Mirian-Izquierdo-Fundacion-Woman-Forward-1024x768-2.jpeg","width":1024,"height":768},{"@type":"BreadcrumbList","@id":"https:\/\/italcamara-es.com\/it\/notizie\/la-fondazione-woman-forward-presenta-una-classifica-delle-imprese-per-luguaglianza\/#breadcrumb","itemListElement":[{"@type":"ListItem","position":1,"name":"Inicio","item":"https:\/\/italcamara-es.com\/it\/homepage-ita\/"},{"@type":"ListItem","position":2,"name":"La Fondazione Woman Forward presenta una classifica delle imprese per l&#8217;uguaglianza"}]},{"@type":"WebSite","@id":"https:\/\/italcamara-es.com\/#website","url":"https:\/\/italcamara-es.com\/","name":"Italcamara","description":"","potentialAction":[{"@type":"SearchAction","target":{"@type":"EntryPoint","urlTemplate":"https:\/\/italcamara-es.com\/?s={search_term_string}"},"query-input":{"@type":"PropertyValueSpecification","valueRequired":true,"valueName":"search_term_string"}}],"inLanguage":"it-IT"},{"@type":"Person","@id":"https:\/\/italcamara-es.com\/#\/schema\/person\/bb3c56263e405bbd9a15171dcfee93bb","name":"administrador","image":{"@type":"ImageObject","inLanguage":"it-IT","@id":"https:\/\/secure.gravatar.com\/avatar\/14b5e63db38320b12031bb28cf9f77e210aa71fb3a8a3602a3c9a05134fa75eb?s=96&d=mm&r=g","url":"https:\/\/secure.gravatar.com\/avatar\/14b5e63db38320b12031bb28cf9f77e210aa71fb3a8a3602a3c9a05134fa75eb?s=96&d=mm&r=g","contentUrl":"https:\/\/secure.gravatar.com\/avatar\/14b5e63db38320b12031bb28cf9f77e210aa71fb3a8a3602a3c9a05134fa75eb?s=96&d=mm&r=g","caption":"administrador"},"sameAs":["http:\/\/pre.italcamara-es.com"],"url":"https:\/\/italcamara-es.com\/it\/author\/administrador\/"}]}},"rttpg_featured_image_url":{"full":["https:\/\/italcamara-es.com\/wp-content\/uploads\/2025\/03\/2-Mirian-Izquierdo-Fundacion-Woman-Forward-1024x768-2.jpeg",1024,768,false],"landscape":["https:\/\/italcamara-es.com\/wp-content\/uploads\/2025\/03\/2-Mirian-Izquierdo-Fundacion-Woman-Forward-1024x768-2.jpeg",1024,768,false],"portraits":["https:\/\/italcamara-es.com\/wp-content\/uploads\/2025\/03\/2-Mirian-Izquierdo-Fundacion-Woman-Forward-1024x768-2.jpeg",1024,768,false],"thumbnail":["https:\/\/italcamara-es.com\/wp-content\/uploads\/2025\/03\/2-Mirian-Izquierdo-Fundacion-Woman-Forward-1024x768-2-150x150.jpeg",150,150,true],"medium":["https:\/\/italcamara-es.com\/wp-content\/uploads\/2025\/03\/2-Mirian-Izquierdo-Fundacion-Woman-Forward-1024x768-2-300x225.jpeg",300,225,true],"large":["https:\/\/italcamara-es.com\/wp-content\/uploads\/2025\/03\/2-Mirian-Izquierdo-Fundacion-Woman-Forward-1024x768-2.jpeg",1024,768,false],"1536x1536":["https:\/\/italcamara-es.com\/wp-content\/uploads\/2025\/03\/2-Mirian-Izquierdo-Fundacion-Woman-Forward-1024x768-2.jpeg",1024,768,false],"2048x2048":["https:\/\/italcamara-es.com\/wp-content\/uploads\/2025\/03\/2-Mirian-Izquierdo-Fundacion-Woman-Forward-1024x768-2.jpeg",1024,768,false],"ocean-thumb-m":["https:\/\/italcamara-es.com\/wp-content\/uploads\/2025\/03\/2-Mirian-Izquierdo-Fundacion-Woman-Forward-1024x768-2-600x600.jpeg",600,600,true],"ocean-thumb-ml":["https:\/\/italcamara-es.com\/wp-content\/uploads\/2025\/03\/2-Mirian-Izquierdo-Fundacion-Woman-Forward-1024x768-2-800x450.jpeg",800,450,true],"ocean-thumb-l":["https:\/\/italcamara-es.com\/wp-content\/uploads\/2025\/03\/2-Mirian-Izquierdo-Fundacion-Woman-Forward-1024x768-2-1024x700.jpeg",1024,700,true],"directorist_preview":["https:\/\/italcamara-es.com\/wp-content\/uploads\/2025\/03\/2-Mirian-Izquierdo-Fundacion-Woman-Forward-1024x768-2-640x360.jpeg",640,360,true]},"rttpg_author":{"display_name":"administrador","author_link":"https:\/\/italcamara-es.com\/it\/author\/administrador\/"},"rttpg_comment":0,"rttpg_category":"<a href=\"https:\/\/italcamara-es.com\/it\/category\/notizie\/\" rel=\"category tag\">Notizie<\/a>","rttpg_excerpt":"La giuria presieduta da Giuseppe Tringali, Presidente del Global Corporation Center IE\/EY verifica la metodologia, la partecipazione oggettiva delle imprese e il funzionamento automatico della classifica, secondo diversi benchmark in relazione all&#8217;ubicazione, alle dimensioni e al settore. La giornata \u00e8 stata condotta da Paloma Barandiar\u00e1n, direttrice di GSG legal hub e inaugurata da Maria Andr\u00e9s,&hellip;","_links":{"self":[{"href":"https:\/\/italcamara-es.com\/it\/wp-json\/wp\/v2\/posts\/57043","targetHints":{"allow":["GET"]}}],"collection":[{"href":"https:\/\/italcamara-es.com\/it\/wp-json\/wp\/v2\/posts"}],"about":[{"href":"https:\/\/italcamara-es.com\/it\/wp-json\/wp\/v2\/types\/post"}],"author":[{"embeddable":true,"href":"https:\/\/italcamara-es.com\/it\/wp-json\/wp\/v2\/users\/1"}],"replies":[{"embeddable":true,"href":"https:\/\/italcamara-es.com\/it\/wp-json\/wp\/v2\/comments?post=57043"}],"version-history":[{"count":0,"href":"https:\/\/italcamara-es.com\/it\/wp-json\/wp\/v2\/posts\/57043\/revisions"}],"wp:featuredmedia":[{"embeddable":true,"href":"https:\/\/italcamara-es.com\/it\/wp-json\/wp\/v2\/media\/57044"}],"wp:attachment":[{"href":"https:\/\/italcamara-es.com\/it\/wp-json\/wp\/v2\/media?parent=57043"}],"wp:term":[{"taxonomy":"category","embeddable":true,"href":"https:\/\/italcamara-es.com\/it\/wp-json\/wp\/v2\/categories?post=57043"},{"taxonomy":"post_tag","embeddable":true,"href":"https:\/\/italcamara-es.com\/it\/wp-json\/wp\/v2\/tags?post=57043"}],"curies":[{"name":"wp","href":"https:\/\/api.w.org\/{rel}","templated":true}]}}