	{"id":57052,"date":"2023-04-17T15:19:57","date_gmt":"2023-04-17T13:19:57","guid":{"rendered":"http:\/\/pre.italcamara-es.com\/senza-categoria\/nuova-edizione-di-piano-city-madrid-21-23-aprile\/"},"modified":"2025-09-30T14:56:26","modified_gmt":"2025-09-30T12:56:26","slug":"nuova-edizione-di-piano-city-madrid-21-23-aprile","status":"publish","type":"post","link":"https:\/\/italcamara-es.com\/it\/notizie\/nuova-edizione-di-piano-city-madrid-21-23-aprile\/","title":{"rendered":"NUOVA EDIZIONE DI PIANO CITY MADRID (21-23 APRILE)"},"content":{"rendered":"\n<p>Dopo il grande successo dello scorso anno, torna <strong>PIANO CITY MADRID<\/strong>, la seconda edizione del grande festival musicale dedicato al pianoforte.<\/p>\n\n\n\n<p>PIANO CITY MADRID \u00e8 un grande evento, un macro festival dedicato al pianoforte che concentra in tre giorni, <strong>21, 22 e 23 aprile<\/strong>, pi\u00f9 di <strong>50 concerti gratuiti <\/strong>sparsi per la citt\u00e0, all&#8217;aperto e in alcuni degli spazi pubblici pi\u00f9 rappresentativi di Madrid.<\/p>\n\n\n\n<p>Questa seconda edizione di PIANO CITY MADRID \u00e8 organizzata dall&#8217;azienda associata <strong>TopArtEspa\u00f1a<\/strong>, con la collaborazione istituzionale dell&#8217;Assessorato alla Cultura, Turismo e Sport del Comune di Madrid, la sponsorizzazione di Endesa e la consulenza artistica della grande pianista madrilena Rosa Torres-Pardo.<\/p>\n\n\n\n<p>Gli sponsor tecnici dell&#8217;evento sono i prestigiosi marchi Yamaha, Hinves Piano e Bechstein, i cui strumenti saranno suonati dagli artisti per inondare la citt\u00e0 di musica. PIANO CITY MADRID si avvale anche della collaborazione di Qobuz, del Goethe Institut di Madrid e degli Amici di Goethe Spagna, dell&#8217;Hotel Hyatt Regency Hesperia insieme a Free Now e Generali Spagna. Collaborano anche l&#8217;Istituto Italiano di Cultura, il Forum Austriaco di Cultura e l&#8217;Ambasciata del Portogallo in Spagna.<\/p>\n\n\n\n<p>I giovani talenti provengono dal Real Conservatorio Superior de M\u00fasica de Atocha, dalla Escuela Superior de M\u00fasica Reina Sof\u00eda e dal Centro Superior de M\u00fasica &#8220;Katarina Gurska&#8221;.<\/p>\n\n\n\n<p>L&#8217;evento avr\u00e0 ancora una volta un media partner di riferimento, Radio Cl\u00e1sica &#8211; Radio Nacional de Espa\u00f1a.<\/p>\n\n\n\n<p>PIANO CITY MADRID nasce come risultato di progetti simili che si sono svolti in Europa a partire dal 2010. Tutto \u00e8 iniziato a Berlino, da un&#8217;idea del musicista tedesco Andreas Kern, e tale \u00e8 stato il successo che altre citt\u00e0 europee come Napoli, Palermo, Novi Sad e soprattutto Milano, che da 11 anni celebra in grande stile la propria Piano City, hanno aderito all&#8217;iniziativa.<\/p>\n\n\n\n<p>PIANO CITY MADRID \u00e8 un <strong>festival interamente dedicato al pianoforte<\/strong>, che si svolger\u00e0 per la seconda volta nella capitale spagnola. Si terr\u00e0 in alcuni dei luoghi pi\u00f9 emblematici della citt\u00e0 di Madrid, dove si terranno concerti di musica classica, jazz, jazz-flamenco, fado-jazz\u2026 e ci sar\u00e0 spazio anche per la musica contemporanea ed elettronica.<\/p>\n\n\n\n<p>Dopo il clamoroso successo dell&#8217;anno scorso, questa nuova edizione promette di essere ancora migliore! Grazie alla maestria dei musicisti selezionati e alla bellezza di alcuni dei luoghi pi\u00f9 magici della capitale, Piano City Madrid ha l&#8217;ambizione di diventare <strong>la nuova colonna sonora della citt\u00e0<\/strong>. &#8220;<em>Vogliamo che tutti possano godere della musica dal vivo, del meraviglioso suono del pianoforte, perch\u00e9 la cultura \u00e8 di tutti e per tutti<\/em>&#8220;, conclude <strong>Carmelo Di Gennaro<\/strong>, CEO di TopArtEspa\u00f1a.<\/p>\n\n\n\n<p>Per maggiori informazioni: <a href=\"https:\/\/www.pianocitymadrid.es\/\">Piano City Madrid<\/a>.<\/p>\n\n\n\n<p><\/p>\n\n\n<div class=\"wp-block-image\">\n<figure class=\"aligncenter size-large is-resized\"><img fetchpriority=\"high\" decoding=\"async\" src=\"https:\/\/www.italcamara-es.com\/wp-content\/uploads\/2023\/04\/PIANO-CITY-MADRID-2023-IMMAGINE-copia-1-1024x1024.png\" alt=\"\" class=\"wp-image-33124\" width=\"600\" height=\"600\"\/><\/figure>\n<\/div>","protected":false},"excerpt":{"rendered":"<p>Dopo il grande successo dello scorso anno, torna PIANO CITY MADRID, la seconda edizione del grande festival musicale dedicato al pianoforte. PIANO CITY MADRID \u00e8 un grande evento, un macro festival dedicato al pianoforte che concentra in tre giorni, 21, 22 e 23 aprile, pi\u00f9 di 50 concerti gratuiti sparsi per la citt\u00e0, all&#8217;aperto e [&hellip;]<\/p>\n","protected":false},"author":1,"featured_media":52711,"comment_status":"open","ping_status":"open","sticky":false,"template":"","format":"standard","meta":{"inline_featured_image":false,"ocean_post_layout":"","ocean_both_sidebars_style":"","ocean_both_sidebars_content_width":0,"ocean_both_sidebars_sidebars_width":0,"ocean_sidebar":"","ocean_second_sidebar":"","ocean_disable_margins":"enable","ocean_add_body_class":"","ocean_shortcode_before_top_bar":"","ocean_shortcode_after_top_bar":"","ocean_shortcode_before_header":"","ocean_shortcode_after_header":"","ocean_has_shortcode":"","ocean_shortcode_after_title":"","ocean_shortcode_before_footer_widgets":"","ocean_shortcode_after_footer_widgets":"","ocean_shortcode_before_footer_bottom":"","ocean_shortcode_after_footer_bottom":"","ocean_display_top_bar":"default","ocean_display_header":"default","ocean_header_style":"","ocean_center_header_left_menu":"","ocean_custom_header_template":"","ocean_custom_logo":0,"ocean_custom_retina_logo":0,"ocean_custom_logo_max_width":0,"ocean_custom_logo_tablet_max_width":0,"ocean_custom_logo_mobile_max_width":0,"ocean_custom_logo_max_height":0,"ocean_custom_logo_tablet_max_height":0,"ocean_custom_logo_mobile_max_height":0,"ocean_header_custom_menu":"","ocean_menu_typo_font_family":"","ocean_menu_typo_font_subset":"","ocean_menu_typo_font_size":0,"ocean_menu_typo_font_size_tablet":0,"ocean_menu_typo_font_size_mobile":0,"ocean_menu_typo_font_size_unit":"px","ocean_menu_typo_font_weight":"","ocean_menu_typo_font_weight_tablet":"","ocean_menu_typo_font_weight_mobile":"","ocean_menu_typo_transform":"","ocean_menu_typo_transform_tablet":"","ocean_menu_typo_transform_mobile":"","ocean_menu_typo_line_height":0,"ocean_menu_typo_line_height_tablet":0,"ocean_menu_typo_line_height_mobile":0,"ocean_menu_typo_line_height_unit":"","ocean_menu_typo_spacing":0,"ocean_menu_typo_spacing_tablet":0,"ocean_menu_typo_spacing_mobile":0,"ocean_menu_typo_spacing_unit":"","ocean_menu_link_color":"","ocean_menu_link_color_hover":"","ocean_menu_link_color_active":"","ocean_menu_link_background":"","ocean_menu_link_hover_background":"","ocean_menu_link_active_background":"","ocean_menu_social_links_bg":"","ocean_menu_social_hover_links_bg":"","ocean_menu_social_links_color":"","ocean_menu_social_hover_links_color":"","ocean_disable_title":"default","ocean_disable_heading":"default","ocean_post_title":"","ocean_post_subheading":"","ocean_post_title_style":"","ocean_post_title_background_color":"","ocean_post_title_background":0,"ocean_post_title_bg_image_position":"","ocean_post_title_bg_image_attachment":"","ocean_post_title_bg_image_repeat":"","ocean_post_title_bg_image_size":"","ocean_post_title_height":0,"ocean_post_title_bg_overlay":0.5,"ocean_post_title_bg_overlay_color":"","ocean_disable_breadcrumbs":"default","ocean_breadcrumbs_color":"","ocean_breadcrumbs_separator_color":"","ocean_breadcrumbs_links_color":"","ocean_breadcrumbs_links_hover_color":"","ocean_display_footer_widgets":"default","ocean_display_footer_bottom":"default","ocean_custom_footer_template":"","ocean_post_oembed":"","ocean_post_self_hosted_media":"","ocean_post_video_embed":"","ocean_link_format":"","ocean_link_format_target":"self","ocean_quote_format":"","ocean_quote_format_link":"post","ocean_gallery_link_images":"on","ocean_gallery_id":[],"footnotes":""},"categories":[133],"tags":[206],"class_list":["post-57052","post","type-post","status-publish","format-standard","has-post-thumbnail","hentry","category-notizie","tag-noticias-de-socios-it","entry","has-media"],"yoast_head":"<!-- This site is optimized with the Yoast SEO plugin v27.5 - https:\/\/yoast.com\/product\/yoast-seo-wordpress\/ -->\n<title>NUOVA EDIZIONE DI PIANO CITY MADRID (21-23 APRILE) - Italcamara<\/title>\n<meta name=\"robots\" content=\"index, follow, max-snippet:-1, max-image-preview:large, max-video-preview:-1\" \/>\n<link rel=\"canonical\" href=\"https:\/\/italcamara-es.com\/noticias\/nueva-edicion-de-piano-city-madrid-21-23-de-abril\/\" \/>\n<meta property=\"og:locale\" content=\"it_IT\" \/>\n<meta property=\"og:type\" content=\"article\" \/>\n<meta property=\"og:title\" content=\"NUOVA EDIZIONE DI PIANO CITY MADRID (21-23 APRILE) - Italcamara\" \/>\n<meta property=\"og:description\" content=\"Dopo il grande successo dello scorso anno, torna PIANO CITY MADRID, la seconda edizione del grande festival musicale dedicato al pianoforte. PIANO CITY MADRID \u00e8 un grande evento, un macro festival dedicato al pianoforte che concentra in tre giorni, 21, 22 e 23 aprile, pi\u00f9 di 50 concerti gratuiti sparsi per la citt\u00e0, all&#8217;aperto e [&hellip;]\" \/>\n<meta property=\"og:url\" content=\"https:\/\/italcamara-es.com\/noticias\/nueva-edicion-de-piano-city-madrid-21-23-de-abril\/\" \/>\n<meta property=\"og:site_name\" content=\"Italcamara\" \/>\n<meta property=\"article:published_time\" content=\"2023-04-17T13:19:57+00:00\" \/>\n<meta property=\"article:modified_time\" content=\"2025-09-30T12:56:26+00:00\" \/>\n<meta property=\"og:image\" content=\"https:\/\/italcamara-es.com\/wp-content\/uploads\/2025\/03\/Foto-Piano-City-Madrid.png\" \/>\n\t<meta property=\"og:image:width\" content=\"500\" \/>\n\t<meta property=\"og:image:height\" content=\"280\" \/>\n\t<meta property=\"og:image:type\" content=\"image\/png\" \/>\n<meta name=\"author\" content=\"administrador\" \/>\n<meta name=\"twitter:card\" content=\"summary_large_image\" \/>\n<meta name=\"twitter:label1\" content=\"Scritto da\" \/>\n\t<meta name=\"twitter:data1\" content=\"administrador\" \/>\n\t<meta name=\"twitter:label2\" content=\"Tempo di lettura stimato\" \/>\n\t<meta name=\"twitter:data2\" content=\"3 minuti\" \/>\n<script type=\"application\/ld+json\" class=\"yoast-schema-graph\">{\"@context\":\"https:\\\/\\\/schema.org\",\"@graph\":[{\"@type\":\"Article\",\"@id\":\"https:\\\/\\\/italcamara-es.com\\\/noticias\\\/nueva-edicion-de-piano-city-madrid-21-23-de-abril\\\/#article\",\"isPartOf\":{\"@id\":\"https:\\\/\\\/italcamara-es.com\\\/noticias\\\/nueva-edicion-de-piano-city-madrid-21-23-de-abril\\\/\"},\"author\":{\"name\":\"administrador\",\"@id\":\"https:\\\/\\\/italcamara-es.com\\\/#\\\/schema\\\/person\\\/bb3c56263e405bbd9a15171dcfee93bb\"},\"headline\":\"NUOVA EDIZIONE DI PIANO CITY MADRID (21-23 APRILE)\",\"datePublished\":\"2023-04-17T13:19:57+00:00\",\"dateModified\":\"2025-09-30T12:56:26+00:00\",\"mainEntityOfPage\":{\"@id\":\"https:\\\/\\\/italcamara-es.com\\\/noticias\\\/nueva-edicion-de-piano-city-madrid-21-23-de-abril\\\/\"},\"wordCount\":436,\"commentCount\":0,\"image\":{\"@id\":\"https:\\\/\\\/italcamara-es.com\\\/noticias\\\/nueva-edicion-de-piano-city-madrid-21-23-de-abril\\\/#primaryimage\"},\"thumbnailUrl\":\"https:\\\/\\\/italcamara-es.com\\\/wp-content\\\/uploads\\\/2025\\\/03\\\/Foto-Piano-City-Madrid.png\",\"keywords\":[\"Notizie dei soci\"],\"articleSection\":[\"Notizie\"],\"inLanguage\":\"it-IT\",\"potentialAction\":[{\"@type\":\"CommentAction\",\"name\":\"Comment\",\"target\":[\"https:\\\/\\\/italcamara-es.com\\\/noticias\\\/nueva-edicion-de-piano-city-madrid-21-23-de-abril\\\/#respond\"]}]},{\"@type\":\"WebPage\",\"@id\":\"https:\\\/\\\/italcamara-es.com\\\/noticias\\\/nueva-edicion-de-piano-city-madrid-21-23-de-abril\\\/\",\"url\":\"https:\\\/\\\/italcamara-es.com\\\/noticias\\\/nueva-edicion-de-piano-city-madrid-21-23-de-abril\\\/\",\"name\":\"NUOVA EDIZIONE DI PIANO CITY MADRID (21-23 APRILE) - Italcamara\",\"isPartOf\":{\"@id\":\"https:\\\/\\\/italcamara-es.com\\\/#website\"},\"primaryImageOfPage\":{\"@id\":\"https:\\\/\\\/italcamara-es.com\\\/noticias\\\/nueva-edicion-de-piano-city-madrid-21-23-de-abril\\\/#primaryimage\"},\"image\":{\"@id\":\"https:\\\/\\\/italcamara-es.com\\\/noticias\\\/nueva-edicion-de-piano-city-madrid-21-23-de-abril\\\/#primaryimage\"},\"thumbnailUrl\":\"https:\\\/\\\/italcamara-es.com\\\/wp-content\\\/uploads\\\/2025\\\/03\\\/Foto-Piano-City-Madrid.png\",\"datePublished\":\"2023-04-17T13:19:57+00:00\",\"dateModified\":\"2025-09-30T12:56:26+00:00\",\"author\":{\"@id\":\"https:\\\/\\\/italcamara-es.com\\\/#\\\/schema\\\/person\\\/bb3c56263e405bbd9a15171dcfee93bb\"},\"breadcrumb\":{\"@id\":\"https:\\\/\\\/italcamara-es.com\\\/noticias\\\/nueva-edicion-de-piano-city-madrid-21-23-de-abril\\\/#breadcrumb\"},\"inLanguage\":\"it-IT\",\"potentialAction\":[{\"@type\":\"ReadAction\",\"target\":[\"https:\\\/\\\/italcamara-es.com\\\/noticias\\\/nueva-edicion-de-piano-city-madrid-21-23-de-abril\\\/\"]}]},{\"@type\":\"ImageObject\",\"inLanguage\":\"it-IT\",\"@id\":\"https:\\\/\\\/italcamara-es.com\\\/noticias\\\/nueva-edicion-de-piano-city-madrid-21-23-de-abril\\\/#primaryimage\",\"url\":\"https:\\\/\\\/italcamara-es.com\\\/wp-content\\\/uploads\\\/2025\\\/03\\\/Foto-Piano-City-Madrid.png\",\"contentUrl\":\"https:\\\/\\\/italcamara-es.com\\\/wp-content\\\/uploads\\\/2025\\\/03\\\/Foto-Piano-City-Madrid.png\",\"width\":500,\"height\":280},{\"@type\":\"BreadcrumbList\",\"@id\":\"https:\\\/\\\/italcamara-es.com\\\/noticias\\\/nueva-edicion-de-piano-city-madrid-21-23-de-abril\\\/#breadcrumb\",\"itemListElement\":[{\"@type\":\"ListItem\",\"position\":1,\"name\":\"Inicio\",\"item\":\"https:\\\/\\\/italcamara-es.com\\\/it\\\/homepage-ita\\\/\"},{\"@type\":\"ListItem\",\"position\":2,\"name\":\"NUOVA EDIZIONE DI PIANO CITY MADRID (21-23 APRILE)\"}]},{\"@type\":\"WebSite\",\"@id\":\"https:\\\/\\\/italcamara-es.com\\\/#website\",\"url\":\"https:\\\/\\\/italcamara-es.com\\\/\",\"name\":\"Italcamara\",\"description\":\"\",\"potentialAction\":[{\"@type\":\"SearchAction\",\"target\":{\"@type\":\"EntryPoint\",\"urlTemplate\":\"https:\\\/\\\/italcamara-es.com\\\/?s={search_term_string}\"},\"query-input\":{\"@type\":\"PropertyValueSpecification\",\"valueRequired\":true,\"valueName\":\"search_term_string\"}}],\"inLanguage\":\"it-IT\"},{\"@type\":\"Person\",\"@id\":\"https:\\\/\\\/italcamara-es.com\\\/#\\\/schema\\\/person\\\/bb3c56263e405bbd9a15171dcfee93bb\",\"name\":\"administrador\",\"image\":{\"@type\":\"ImageObject\",\"inLanguage\":\"it-IT\",\"@id\":\"https:\\\/\\\/secure.gravatar.com\\\/avatar\\\/14b5e63db38320b12031bb28cf9f77e210aa71fb3a8a3602a3c9a05134fa75eb?s=96&d=mm&r=g\",\"url\":\"https:\\\/\\\/secure.gravatar.com\\\/avatar\\\/14b5e63db38320b12031bb28cf9f77e210aa71fb3a8a3602a3c9a05134fa75eb?s=96&d=mm&r=g\",\"contentUrl\":\"https:\\\/\\\/secure.gravatar.com\\\/avatar\\\/14b5e63db38320b12031bb28cf9f77e210aa71fb3a8a3602a3c9a05134fa75eb?s=96&d=mm&r=g\",\"caption\":\"administrador\"},\"sameAs\":[\"http:\\\/\\\/pre.italcamara-es.com\"],\"url\":\"https:\\\/\\\/italcamara-es.com\\\/it\\\/author\\\/administrador\\\/\"}]}<\/script>\n<!-- \/ Yoast SEO plugin. -->","yoast_head_json":{"title":"NUOVA EDIZIONE DI PIANO CITY MADRID (21-23 APRILE) - Italcamara","robots":{"index":"index","follow":"follow","max-snippet":"max-snippet:-1","max-image-preview":"max-image-preview:large","max-video-preview":"max-video-preview:-1"},"canonical":"https:\/\/italcamara-es.com\/noticias\/nueva-edicion-de-piano-city-madrid-21-23-de-abril\/","og_locale":"it_IT","og_type":"article","og_title":"NUOVA EDIZIONE DI PIANO CITY MADRID (21-23 APRILE) - Italcamara","og_description":"Dopo il grande successo dello scorso anno, torna PIANO CITY MADRID, la seconda edizione del grande festival musicale dedicato al pianoforte. PIANO CITY MADRID \u00e8 un grande evento, un macro festival dedicato al pianoforte che concentra in tre giorni, 21, 22 e 23 aprile, pi\u00f9 di 50 concerti gratuiti sparsi per la citt\u00e0, all&#8217;aperto e [&hellip;]","og_url":"https:\/\/italcamara-es.com\/noticias\/nueva-edicion-de-piano-city-madrid-21-23-de-abril\/","og_site_name":"Italcamara","article_published_time":"2023-04-17T13:19:57+00:00","article_modified_time":"2025-09-30T12:56:26+00:00","og_image":[{"width":500,"height":280,"url":"https:\/\/italcamara-es.com\/wp-content\/uploads\/2025\/03\/Foto-Piano-City-Madrid.png","type":"image\/png"}],"author":"administrador","twitter_card":"summary_large_image","twitter_misc":{"Scritto da":"administrador","Tempo di lettura stimato":"3 minuti"},"schema":{"@context":"https:\/\/schema.org","@graph":[{"@type":"Article","@id":"https:\/\/italcamara-es.com\/noticias\/nueva-edicion-de-piano-city-madrid-21-23-de-abril\/#article","isPartOf":{"@id":"https:\/\/italcamara-es.com\/noticias\/nueva-edicion-de-piano-city-madrid-21-23-de-abril\/"},"author":{"name":"administrador","@id":"https:\/\/italcamara-es.com\/#\/schema\/person\/bb3c56263e405bbd9a15171dcfee93bb"},"headline":"NUOVA EDIZIONE DI PIANO CITY MADRID (21-23 APRILE)","datePublished":"2023-04-17T13:19:57+00:00","dateModified":"2025-09-30T12:56:26+00:00","mainEntityOfPage":{"@id":"https:\/\/italcamara-es.com\/noticias\/nueva-edicion-de-piano-city-madrid-21-23-de-abril\/"},"wordCount":436,"commentCount":0,"image":{"@id":"https:\/\/italcamara-es.com\/noticias\/nueva-edicion-de-piano-city-madrid-21-23-de-abril\/#primaryimage"},"thumbnailUrl":"https:\/\/italcamara-es.com\/wp-content\/uploads\/2025\/03\/Foto-Piano-City-Madrid.png","keywords":["Notizie dei soci"],"articleSection":["Notizie"],"inLanguage":"it-IT","potentialAction":[{"@type":"CommentAction","name":"Comment","target":["https:\/\/italcamara-es.com\/noticias\/nueva-edicion-de-piano-city-madrid-21-23-de-abril\/#respond"]}]},{"@type":"WebPage","@id":"https:\/\/italcamara-es.com\/noticias\/nueva-edicion-de-piano-city-madrid-21-23-de-abril\/","url":"https:\/\/italcamara-es.com\/noticias\/nueva-edicion-de-piano-city-madrid-21-23-de-abril\/","name":"NUOVA EDIZIONE DI PIANO CITY MADRID (21-23 APRILE) - Italcamara","isPartOf":{"@id":"https:\/\/italcamara-es.com\/#website"},"primaryImageOfPage":{"@id":"https:\/\/italcamara-es.com\/noticias\/nueva-edicion-de-piano-city-madrid-21-23-de-abril\/#primaryimage"},"image":{"@id":"https:\/\/italcamara-es.com\/noticias\/nueva-edicion-de-piano-city-madrid-21-23-de-abril\/#primaryimage"},"thumbnailUrl":"https:\/\/italcamara-es.com\/wp-content\/uploads\/2025\/03\/Foto-Piano-City-Madrid.png","datePublished":"2023-04-17T13:19:57+00:00","dateModified":"2025-09-30T12:56:26+00:00","author":{"@id":"https:\/\/italcamara-es.com\/#\/schema\/person\/bb3c56263e405bbd9a15171dcfee93bb"},"breadcrumb":{"@id":"https:\/\/italcamara-es.com\/noticias\/nueva-edicion-de-piano-city-madrid-21-23-de-abril\/#breadcrumb"},"inLanguage":"it-IT","potentialAction":[{"@type":"ReadAction","target":["https:\/\/italcamara-es.com\/noticias\/nueva-edicion-de-piano-city-madrid-21-23-de-abril\/"]}]},{"@type":"ImageObject","inLanguage":"it-IT","@id":"https:\/\/italcamara-es.com\/noticias\/nueva-edicion-de-piano-city-madrid-21-23-de-abril\/#primaryimage","url":"https:\/\/italcamara-es.com\/wp-content\/uploads\/2025\/03\/Foto-Piano-City-Madrid.png","contentUrl":"https:\/\/italcamara-es.com\/wp-content\/uploads\/2025\/03\/Foto-Piano-City-Madrid.png","width":500,"height":280},{"@type":"BreadcrumbList","@id":"https:\/\/italcamara-es.com\/noticias\/nueva-edicion-de-piano-city-madrid-21-23-de-abril\/#breadcrumb","itemListElement":[{"@type":"ListItem","position":1,"name":"Inicio","item":"https:\/\/italcamara-es.com\/it\/homepage-ita\/"},{"@type":"ListItem","position":2,"name":"NUOVA EDIZIONE DI PIANO CITY MADRID (21-23 APRILE)"}]},{"@type":"WebSite","@id":"https:\/\/italcamara-es.com\/#website","url":"https:\/\/italcamara-es.com\/","name":"Italcamara","description":"","potentialAction":[{"@type":"SearchAction","target":{"@type":"EntryPoint","urlTemplate":"https:\/\/italcamara-es.com\/?s={search_term_string}"},"query-input":{"@type":"PropertyValueSpecification","valueRequired":true,"valueName":"search_term_string"}}],"inLanguage":"it-IT"},{"@type":"Person","@id":"https:\/\/italcamara-es.com\/#\/schema\/person\/bb3c56263e405bbd9a15171dcfee93bb","name":"administrador","image":{"@type":"ImageObject","inLanguage":"it-IT","@id":"https:\/\/secure.gravatar.com\/avatar\/14b5e63db38320b12031bb28cf9f77e210aa71fb3a8a3602a3c9a05134fa75eb?s=96&d=mm&r=g","url":"https:\/\/secure.gravatar.com\/avatar\/14b5e63db38320b12031bb28cf9f77e210aa71fb3a8a3602a3c9a05134fa75eb?s=96&d=mm&r=g","contentUrl":"https:\/\/secure.gravatar.com\/avatar\/14b5e63db38320b12031bb28cf9f77e210aa71fb3a8a3602a3c9a05134fa75eb?s=96&d=mm&r=g","caption":"administrador"},"sameAs":["http:\/\/pre.italcamara-es.com"],"url":"https:\/\/italcamara-es.com\/it\/author\/administrador\/"}]}},"rttpg_featured_image_url":{"full":["https:\/\/italcamara-es.com\/wp-content\/uploads\/2025\/03\/Foto-Piano-City-Madrid.png",500,280,false],"landscape":["https:\/\/italcamara-es.com\/wp-content\/uploads\/2025\/03\/Foto-Piano-City-Madrid.png",500,280,false],"portraits":["https:\/\/italcamara-es.com\/wp-content\/uploads\/2025\/03\/Foto-Piano-City-Madrid.png",500,280,false],"thumbnail":["https:\/\/italcamara-es.com\/wp-content\/uploads\/2025\/03\/Foto-Piano-City-Madrid-150x150.png",150,150,true],"medium":["https:\/\/italcamara-es.com\/wp-content\/uploads\/2025\/03\/Foto-Piano-City-Madrid-300x168.png",300,168,true],"large":["https:\/\/italcamara-es.com\/wp-content\/uploads\/2025\/03\/Foto-Piano-City-Madrid.png",500,280,false],"1536x1536":["https:\/\/italcamara-es.com\/wp-content\/uploads\/2025\/03\/Foto-Piano-City-Madrid.png",500,280,false],"2048x2048":["https:\/\/italcamara-es.com\/wp-content\/uploads\/2025\/03\/Foto-Piano-City-Madrid.png",500,280,false],"ocean-thumb-m":["https:\/\/italcamara-es.com\/wp-content\/uploads\/2025\/03\/Foto-Piano-City-Madrid.png",500,280,false],"ocean-thumb-ml":["https:\/\/italcamara-es.com\/wp-content\/uploads\/2025\/03\/Foto-Piano-City-Madrid.png",500,280,false],"ocean-thumb-l":["https:\/\/italcamara-es.com\/wp-content\/uploads\/2025\/03\/Foto-Piano-City-Madrid.png",500,280,false],"directorist_preview":["https:\/\/italcamara-es.com\/wp-content\/uploads\/2025\/03\/Foto-Piano-City-Madrid.png",500,280,false]},"rttpg_author":{"display_name":"administrador","author_link":"https:\/\/italcamara-es.com\/it\/author\/administrador\/"},"rttpg_comment":0,"rttpg_category":"<a href=\"https:\/\/italcamara-es.com\/it\/category\/notizie\/\" rel=\"category tag\">Notizie<\/a>","rttpg_excerpt":"Dopo il grande successo dello scorso anno, torna PIANO CITY MADRID, la seconda edizione del grande festival musicale dedicato al pianoforte. PIANO CITY MADRID \u00e8 un grande evento, un macro festival dedicato al pianoforte che concentra in tre giorni, 21, 22 e 23 aprile, pi\u00f9 di 50 concerti gratuiti sparsi per la citt\u00e0, all&#8217;aperto e&hellip;","_links":{"self":[{"href":"https:\/\/italcamara-es.com\/it\/wp-json\/wp\/v2\/posts\/57052","targetHints":{"allow":["GET"]}}],"collection":[{"href":"https:\/\/italcamara-es.com\/it\/wp-json\/wp\/v2\/posts"}],"about":[{"href":"https:\/\/italcamara-es.com\/it\/wp-json\/wp\/v2\/types\/post"}],"author":[{"embeddable":true,"href":"https:\/\/italcamara-es.com\/it\/wp-json\/wp\/v2\/users\/1"}],"replies":[{"embeddable":true,"href":"https:\/\/italcamara-es.com\/it\/wp-json\/wp\/v2\/comments?post=57052"}],"version-history":[{"count":1,"href":"https:\/\/italcamara-es.com\/it\/wp-json\/wp\/v2\/posts\/57052\/revisions"}],"predecessor-version":[{"id":58958,"href":"https:\/\/italcamara-es.com\/it\/wp-json\/wp\/v2\/posts\/57052\/revisions\/58958"}],"wp:featuredmedia":[{"embeddable":true,"href":"https:\/\/italcamara-es.com\/it\/wp-json\/wp\/v2\/media\/52711"}],"wp:attachment":[{"href":"https:\/\/italcamara-es.com\/it\/wp-json\/wp\/v2\/media?parent=57052"}],"wp:term":[{"taxonomy":"category","embeddable":true,"href":"https:\/\/italcamara-es.com\/it\/wp-json\/wp\/v2\/categories?post=57052"},{"taxonomy":"post_tag","embeddable":true,"href":"https:\/\/italcamara-es.com\/it\/wp-json\/wp\/v2\/tags?post=57052"}],"curies":[{"name":"wp","href":"https:\/\/api.w.org\/{rel}","templated":true}]}}