	{"id":57053,"date":"2023-04-27T07:43:30","date_gmt":"2023-04-27T05:43:30","guid":{"rendered":"http:\/\/pre.italcamara-es.com\/senza-categoria\/il-licenziamento-durante-il-periodo-di-prova-di-un-lavoratore-in-uno-stato-di-invalidita-temporanea-e-nullo\/"},"modified":"2025-09-30T14:55:59","modified_gmt":"2025-09-30T12:55:59","slug":"il-licenziamento-durante-il-periodo-di-prova-di-un-lavoratore-in-uno-stato-di-invalidita-temporanea-e-nullo","status":"publish","type":"post","link":"https:\/\/italcamara-es.com\/it\/notizie\/il-licenziamento-durante-il-periodo-di-prova-di-un-lavoratore-in-uno-stato-di-invalidita-temporanea-e-nullo\/","title":{"rendered":"Il licenziamento durante il periodo di prova di un lavoratore in uno stato di invalidit\u00e0 temporanea \u00e8 nullo"},"content":{"rendered":"\n<p>Un lavoratore \u00e8 stato assunto con un contratto a tempo determinato che prevedeva un periodo di prova di un mese. Tuttavia, il 6 luglio 2020, il lavoratore ha iniziato a soffrire di una malattia comune (sintomatologia ansioso-depressiva) che ha portato a un&#8217;invalidit\u00e0 temporanea. Il 9 luglio 2020, l&#8217;azienda ha comunicato per iscritto al lavoratore la risoluzione del suo contratto di lavoro in quanto non aveva superato il periodo di prova.<\/p>\n\n\n\n<p>Prima della sua assunzione, il servizio di prevenzione dei rischi professionali incaricato dall&#8217;azienda aveva emesso un parere che dichiarava il lavoratore idoneo alla mansione. Inoltre, il contratto collettivo applicabile prevede che <strong>le situazioni di invalidit\u00e0 temporanea<\/strong>, maternit\u00e0, adozione o affidamento che interessano il lavoratore durante il periodo di prova <strong>interrompano la durata dello stesso<\/strong>.<\/p>\n\n\n\n<p>Il lavoratore ritiene che la vera causa del suo licenziamento sia stato il timore che la sua situazione di invalidit\u00e0 temporanea si prolungasse nel tempo e ha presentato un ricorso per licenziamento. Quando il licenziamento \u00e8 stato respinto in prima istanza, ha impugnato la sentenza presentando ricorso. <\/p>\n\n\n\n<p>La questione che si pone, dunque, consiste nel determinare se i diritti fondamentali del lavoratore, in particolare la sua integrit\u00e0 fisica, siano stati violati e, quindi, se il licenziamento debba essere considerato nullo.<\/p>\n\n\n\n<p class=\"has-medium-font-size\">Violazione del diritto fondamentale all&#8217;integrit\u00e0 fisica<\/p>\n\n\n\n<p>Nella sua sentenza del 24 gennaio 2023, l&#8217;Alta Corte di Giustizia delle Isole Baleari ricorda che la giurisprudenza dell&#8217;Alta Corte ha compreso, in diverse occasioni, che il licenziamento di un lavoratore in una situazione di invalidit\u00e0 temporanea pu\u00f2 costituire una violazione del diritto fondamentale all&#8217;integrit\u00e0 fisica, se si ritiene che &#8211; anche solo potenzialmente &#8211; tale licenziamento abbia un impatto sul <strong>diritto alla salute<\/strong>. Nel caso in questione:<\/p>\n\n\n\n<p>a) Il lavoratore sostiene di aver subito pressioni prima della cessazione del suo contratto in diverse occasioni. Queste affermazioni sono supportate dal fatto che il lavoro doveva terminare nel settembre 2020. Poich\u00e9 la sua posizione di capocantiere era essenziale, il suo congedo obbligava l&#8217;azienda a trovare un sostituto il prima possibile. Ci\u00f2 porta l&#8217;Alta Corte di Giustizia a ritenere che la causa del licenziamento sia stata la sua situazione di invalidit\u00e0 temporanea, cos\u00ec come il sospetto che prima del licenziamento abbia subito pressioni per tornare al lavoro.<\/p>\n\n\n\n<p>b) L&#8217;azienda non ha rispettato le disposizioni del <strong>contratto collettivo<\/strong> che stabilisce <strong>l&#8217;interruzione del periodo di prova durante l&#8217;invalidit\u00e0 temporanea<\/strong>, il cui scopo \u00e8 evitare licenziamenti come quello avvenuto.<\/p>\n\n\n\n<p>Di conseguenza, si conclude che la decisione dell&#8217;azienda di licenziare il lavoratore solo a causa della sua invalidit\u00e0 temporanea e il fatto di averlo sollecitato a ritornare al lavoro \u00e8 stata un&#8217;azione negativa e pregiudizievole. Questa azione \u00e8 in contrasto con l&#8217;esercizio dei diritti costituzionali relativi alla salute e all&#8217;accesso alle prestazioni della Sicurezza Sociale. Inoltre, questa decisione viola il diritto fondamentale del lavoratore all&#8217;integrit\u00e0 fisica.<\/p>\n\n\n\n<p>Si verifica un&#8217;azione o un&#8217;omissione da parte dell&#8217;azienda che, nell&#8217;esercizio dei suoi poteri di direzione e controllo dell&#8217;attivit\u00e0 lavorativa, potrebbe comportare un rischio o un danno per la salute del lavoratore. Se questa situazione viene trascurata, il suddetto diritto fondamentale sarebbe violato.<\/p>\n\n\n\n<p>Inoltre, si pu\u00f2 dire che questa conclusione \u00e8 rafforzata dal fatto che il legislatore, con l&#8217;obiettivo di prevenire situazioni come quella sopra descritta, ha inserito nella <strong>legge 15\/2022 del 12 luglio sulla parit\u00e0 di trattamento e la non discriminazione<\/strong>, la malattia o lo stato di salute come uno dei motivi di discriminazione vietati, distinti dalla disabilit\u00e0. Ci\u00f2 ha dato luogo a un dibattito relativo a se la valutazione della malattia come motivo di discriminazione debba prevedere che la sua guarigione sia imprevedibile o che la sua durata sia prolungata, come \u00e8 stato sollevato nel caso Daouidi.<\/p>\n\n\n\n<p>Pertanto, il ricorso \u00e8 stato accolto, dichiarando <strong>nullo il licenziamento<\/strong> e obbligando l&#8217;azienda a reintegrare il lavoratore e a pagare le retribuzioni corrispondenti fino alla data di cessazione prevista dal contratto, tenendo conto della sua natura temporanea. \u00c8 importante sottolineare che l&#8217;Alta Corte di Giustizia non si \u00e8 pronunciato sul risarcimento per la violazione del diritto fondamentale all&#8217;integrit\u00e0 fisica, in quanto non richiesto nel ricorso.<\/p>\n\n\n\n<p>Fonte:&nbsp;<a href=\"https:\/\/analisisdenovedades.com\/\">ADN Social<\/a><\/p>\n\n\n\n<p><\/p>\n\n\n\n<p><\/p>\n","protected":false},"excerpt":{"rendered":"<p>Un lavoratore \u00e8 stato assunto con un contratto a tempo determinato che prevedeva un periodo di prova di un mese. Tuttavia, il 6 luglio 2020, il lavoratore ha iniziato a soffrire di una malattia comune (sintomatologia ansioso-depressiva) che ha portato a un&#8217;invalidit\u00e0 temporanea. Il 9 luglio 2020, l&#8217;azienda ha comunicato per iscritto al lavoratore la [&hellip;]<\/p>\n","protected":false},"author":1,"featured_media":52713,"comment_status":"open","ping_status":"open","sticky":false,"template":"","format":"standard","meta":{"inline_featured_image":false,"ocean_post_layout":"","ocean_both_sidebars_style":"","ocean_both_sidebars_content_width":0,"ocean_both_sidebars_sidebars_width":0,"ocean_sidebar":"","ocean_second_sidebar":"","ocean_disable_margins":"enable","ocean_add_body_class":"","ocean_shortcode_before_top_bar":"","ocean_shortcode_after_top_bar":"","ocean_shortcode_before_header":"","ocean_shortcode_after_header":"","ocean_has_shortcode":"","ocean_shortcode_after_title":"","ocean_shortcode_before_footer_widgets":"","ocean_shortcode_after_footer_widgets":"","ocean_shortcode_before_footer_bottom":"","ocean_shortcode_after_footer_bottom":"","ocean_display_top_bar":"default","ocean_display_header":"default","ocean_header_style":"","ocean_center_header_left_menu":"","ocean_custom_header_template":"","ocean_custom_logo":0,"ocean_custom_retina_logo":0,"ocean_custom_logo_max_width":0,"ocean_custom_logo_tablet_max_width":0,"ocean_custom_logo_mobile_max_width":0,"ocean_custom_logo_max_height":0,"ocean_custom_logo_tablet_max_height":0,"ocean_custom_logo_mobile_max_height":0,"ocean_header_custom_menu":"","ocean_menu_typo_font_family":"","ocean_menu_typo_font_subset":"","ocean_menu_typo_font_size":0,"ocean_menu_typo_font_size_tablet":0,"ocean_menu_typo_font_size_mobile":0,"ocean_menu_typo_font_size_unit":"px","ocean_menu_typo_font_weight":"","ocean_menu_typo_font_weight_tablet":"","ocean_menu_typo_font_weight_mobile":"","ocean_menu_typo_transform":"","ocean_menu_typo_transform_tablet":"","ocean_menu_typo_transform_mobile":"","ocean_menu_typo_line_height":0,"ocean_menu_typo_line_height_tablet":0,"ocean_menu_typo_line_height_mobile":0,"ocean_menu_typo_line_height_unit":"","ocean_menu_typo_spacing":0,"ocean_menu_typo_spacing_tablet":0,"ocean_menu_typo_spacing_mobile":0,"ocean_menu_typo_spacing_unit":"","ocean_menu_link_color":"","ocean_menu_link_color_hover":"","ocean_menu_link_color_active":"","ocean_menu_link_background":"","ocean_menu_link_hover_background":"","ocean_menu_link_active_background":"","ocean_menu_social_links_bg":"","ocean_menu_social_hover_links_bg":"","ocean_menu_social_links_color":"","ocean_menu_social_hover_links_color":"","ocean_disable_title":"default","ocean_disable_heading":"default","ocean_post_title":"","ocean_post_subheading":"","ocean_post_title_style":"","ocean_post_title_background_color":"","ocean_post_title_background":0,"ocean_post_title_bg_image_position":"","ocean_post_title_bg_image_attachment":"","ocean_post_title_bg_image_repeat":"","ocean_post_title_bg_image_size":"","ocean_post_title_height":0,"ocean_post_title_bg_overlay":0.5,"ocean_post_title_bg_overlay_color":"","ocean_disable_breadcrumbs":"default","ocean_breadcrumbs_color":"","ocean_breadcrumbs_separator_color":"","ocean_breadcrumbs_links_color":"","ocean_breadcrumbs_links_hover_color":"","ocean_display_footer_widgets":"default","ocean_display_footer_bottom":"default","ocean_custom_footer_template":"","ocean_post_oembed":"","ocean_post_self_hosted_media":"","ocean_post_video_embed":"","ocean_link_format":"","ocean_link_format_target":"self","ocean_quote_format":"","ocean_quote_format_link":"post","ocean_gallery_link_images":"on","ocean_gallery_id":[],"footnotes":""},"categories":[133],"tags":[206],"class_list":["post-57053","post","type-post","status-publish","format-standard","has-post-thumbnail","hentry","category-notizie","tag-noticias-de-socios-it","entry","has-media"],"yoast_head":"<!-- This site is optimized with the Yoast SEO plugin v27.4 - https:\/\/yoast.com\/product\/yoast-seo-wordpress\/ -->\n<title>Il licenziamento durante il periodo di prova di un lavoratore in uno stato di invalidit\u00e0 temporanea \u00e8 nullo - Italcamara<\/title>\n<meta name=\"robots\" content=\"index, follow, max-snippet:-1, max-image-preview:large, max-video-preview:-1\" \/>\n<link rel=\"canonical\" href=\"https:\/\/italcamara-es.com\/it\/notizie\/il-licenziamento-durante-il-periodo-di-prova-di-un-lavoratore-in-uno-stato-di-invalidita-temporanea-e-nullo\/\" \/>\n<meta property=\"og:locale\" content=\"it_IT\" \/>\n<meta property=\"og:type\" content=\"article\" \/>\n<meta property=\"og:title\" content=\"Il licenziamento durante il periodo di prova di un lavoratore in uno stato di invalidit\u00e0 temporanea \u00e8 nullo - Italcamara\" \/>\n<meta property=\"og:description\" content=\"Un lavoratore \u00e8 stato assunto con un contratto a tempo determinato che prevedeva un periodo di prova di un mese. Tuttavia, il 6 luglio 2020, il lavoratore ha iniziato a soffrire di una malattia comune (sintomatologia ansioso-depressiva) che ha portato a un&#8217;invalidit\u00e0 temporanea. Il 9 luglio 2020, l&#8217;azienda ha comunicato per iscritto al lavoratore la [&hellip;]\" \/>\n<meta property=\"og:url\" content=\"https:\/\/italcamara-es.com\/it\/notizie\/il-licenziamento-durante-il-periodo-di-prova-di-un-lavoratore-in-uno-stato-di-invalidita-temporanea-e-nullo\/\" \/>\n<meta property=\"og:site_name\" content=\"Italcamara\" \/>\n<meta property=\"article:published_time\" content=\"2023-04-27T05:43:30+00:00\" \/>\n<meta property=\"article:modified_time\" content=\"2025-09-30T12:55:59+00:00\" \/>\n<meta property=\"og:image\" content=\"https:\/\/italcamara-es.com\/wp-content\/uploads\/2025\/03\/Lefebvre-500.png\" \/>\n\t<meta property=\"og:image:width\" content=\"500\" \/>\n\t<meta property=\"og:image:height\" content=\"280\" \/>\n\t<meta property=\"og:image:type\" content=\"image\/png\" \/>\n<meta name=\"author\" content=\"administrador\" \/>\n<meta name=\"twitter:card\" content=\"summary_large_image\" \/>\n<meta name=\"twitter:label1\" content=\"Scritto da\" \/>\n\t<meta name=\"twitter:data1\" content=\"administrador\" \/>\n\t<meta name=\"twitter:label2\" content=\"Tempo di lettura stimato\" \/>\n\t<meta name=\"twitter:data2\" content=\"4 minuti\" \/>\n<script type=\"application\/ld+json\" class=\"yoast-schema-graph\">{\"@context\":\"https:\\\/\\\/schema.org\",\"@graph\":[{\"@type\":\"Article\",\"@id\":\"https:\\\/\\\/italcamara-es.com\\\/it\\\/notizie\\\/il-licenziamento-durante-il-periodo-di-prova-di-un-lavoratore-in-uno-stato-di-invalidita-temporanea-e-nullo\\\/#article\",\"isPartOf\":{\"@id\":\"https:\\\/\\\/italcamara-es.com\\\/it\\\/notizie\\\/il-licenziamento-durante-il-periodo-di-prova-di-un-lavoratore-in-uno-stato-di-invalidita-temporanea-e-nullo\\\/\"},\"author\":{\"name\":\"administrador\",\"@id\":\"https:\\\/\\\/italcamara-es.com\\\/#\\\/schema\\\/person\\\/bb3c56263e405bbd9a15171dcfee93bb\"},\"headline\":\"Il licenziamento durante il periodo di prova di un lavoratore in uno stato di invalidit\u00e0 temporanea \u00e8 nullo\",\"datePublished\":\"2023-04-27T05:43:30+00:00\",\"dateModified\":\"2025-09-30T12:55:59+00:00\",\"mainEntityOfPage\":{\"@id\":\"https:\\\/\\\/italcamara-es.com\\\/it\\\/notizie\\\/il-licenziamento-durante-il-periodo-di-prova-di-un-lavoratore-in-uno-stato-di-invalidita-temporanea-e-nullo\\\/\"},\"wordCount\":691,\"commentCount\":0,\"image\":{\"@id\":\"https:\\\/\\\/italcamara-es.com\\\/it\\\/notizie\\\/il-licenziamento-durante-il-periodo-di-prova-di-un-lavoratore-in-uno-stato-di-invalidita-temporanea-e-nullo\\\/#primaryimage\"},\"thumbnailUrl\":\"https:\\\/\\\/italcamara-es.com\\\/wp-content\\\/uploads\\\/2025\\\/03\\\/Lefebvre-500.png\",\"keywords\":[\"Notizie dei soci\"],\"articleSection\":[\"Notizie\"],\"inLanguage\":\"it-IT\",\"potentialAction\":[{\"@type\":\"CommentAction\",\"name\":\"Comment\",\"target\":[\"https:\\\/\\\/italcamara-es.com\\\/it\\\/notizie\\\/il-licenziamento-durante-il-periodo-di-prova-di-un-lavoratore-in-uno-stato-di-invalidita-temporanea-e-nullo\\\/#respond\"]}]},{\"@type\":\"WebPage\",\"@id\":\"https:\\\/\\\/italcamara-es.com\\\/it\\\/notizie\\\/il-licenziamento-durante-il-periodo-di-prova-di-un-lavoratore-in-uno-stato-di-invalidita-temporanea-e-nullo\\\/\",\"url\":\"https:\\\/\\\/italcamara-es.com\\\/it\\\/notizie\\\/il-licenziamento-durante-il-periodo-di-prova-di-un-lavoratore-in-uno-stato-di-invalidita-temporanea-e-nullo\\\/\",\"name\":\"Il licenziamento durante il periodo di prova di un lavoratore in uno stato di invalidit\u00e0 temporanea \u00e8 nullo - Italcamara\",\"isPartOf\":{\"@id\":\"https:\\\/\\\/italcamara-es.com\\\/#website\"},\"primaryImageOfPage\":{\"@id\":\"https:\\\/\\\/italcamara-es.com\\\/it\\\/notizie\\\/il-licenziamento-durante-il-periodo-di-prova-di-un-lavoratore-in-uno-stato-di-invalidita-temporanea-e-nullo\\\/#primaryimage\"},\"image\":{\"@id\":\"https:\\\/\\\/italcamara-es.com\\\/it\\\/notizie\\\/il-licenziamento-durante-il-periodo-di-prova-di-un-lavoratore-in-uno-stato-di-invalidita-temporanea-e-nullo\\\/#primaryimage\"},\"thumbnailUrl\":\"https:\\\/\\\/italcamara-es.com\\\/wp-content\\\/uploads\\\/2025\\\/03\\\/Lefebvre-500.png\",\"datePublished\":\"2023-04-27T05:43:30+00:00\",\"dateModified\":\"2025-09-30T12:55:59+00:00\",\"author\":{\"@id\":\"https:\\\/\\\/italcamara-es.com\\\/#\\\/schema\\\/person\\\/bb3c56263e405bbd9a15171dcfee93bb\"},\"breadcrumb\":{\"@id\":\"https:\\\/\\\/italcamara-es.com\\\/it\\\/notizie\\\/il-licenziamento-durante-il-periodo-di-prova-di-un-lavoratore-in-uno-stato-di-invalidita-temporanea-e-nullo\\\/#breadcrumb\"},\"inLanguage\":\"it-IT\",\"potentialAction\":[{\"@type\":\"ReadAction\",\"target\":[\"https:\\\/\\\/italcamara-es.com\\\/it\\\/notizie\\\/il-licenziamento-durante-il-periodo-di-prova-di-un-lavoratore-in-uno-stato-di-invalidita-temporanea-e-nullo\\\/\"]}]},{\"@type\":\"ImageObject\",\"inLanguage\":\"it-IT\",\"@id\":\"https:\\\/\\\/italcamara-es.com\\\/it\\\/notizie\\\/il-licenziamento-durante-il-periodo-di-prova-di-un-lavoratore-in-uno-stato-di-invalidita-temporanea-e-nullo\\\/#primaryimage\",\"url\":\"https:\\\/\\\/italcamara-es.com\\\/wp-content\\\/uploads\\\/2025\\\/03\\\/Lefebvre-500.png\",\"contentUrl\":\"https:\\\/\\\/italcamara-es.com\\\/wp-content\\\/uploads\\\/2025\\\/03\\\/Lefebvre-500.png\",\"width\":500,\"height\":280},{\"@type\":\"BreadcrumbList\",\"@id\":\"https:\\\/\\\/italcamara-es.com\\\/it\\\/notizie\\\/il-licenziamento-durante-il-periodo-di-prova-di-un-lavoratore-in-uno-stato-di-invalidita-temporanea-e-nullo\\\/#breadcrumb\",\"itemListElement\":[{\"@type\":\"ListItem\",\"position\":1,\"name\":\"Inicio\",\"item\":\"https:\\\/\\\/italcamara-es.com\\\/it\\\/homepage-ita\\\/\"},{\"@type\":\"ListItem\",\"position\":2,\"name\":\"Il licenziamento durante il periodo di prova di un lavoratore in uno stato di invalidit\u00e0 temporanea \u00e8 nullo\"}]},{\"@type\":\"WebSite\",\"@id\":\"https:\\\/\\\/italcamara-es.com\\\/#website\",\"url\":\"https:\\\/\\\/italcamara-es.com\\\/\",\"name\":\"Italcamara\",\"description\":\"\",\"potentialAction\":[{\"@type\":\"SearchAction\",\"target\":{\"@type\":\"EntryPoint\",\"urlTemplate\":\"https:\\\/\\\/italcamara-es.com\\\/?s={search_term_string}\"},\"query-input\":{\"@type\":\"PropertyValueSpecification\",\"valueRequired\":true,\"valueName\":\"search_term_string\"}}],\"inLanguage\":\"it-IT\"},{\"@type\":\"Person\",\"@id\":\"https:\\\/\\\/italcamara-es.com\\\/#\\\/schema\\\/person\\\/bb3c56263e405bbd9a15171dcfee93bb\",\"name\":\"administrador\",\"image\":{\"@type\":\"ImageObject\",\"inLanguage\":\"it-IT\",\"@id\":\"https:\\\/\\\/secure.gravatar.com\\\/avatar\\\/14b5e63db38320b12031bb28cf9f77e210aa71fb3a8a3602a3c9a05134fa75eb?s=96&d=mm&r=g\",\"url\":\"https:\\\/\\\/secure.gravatar.com\\\/avatar\\\/14b5e63db38320b12031bb28cf9f77e210aa71fb3a8a3602a3c9a05134fa75eb?s=96&d=mm&r=g\",\"contentUrl\":\"https:\\\/\\\/secure.gravatar.com\\\/avatar\\\/14b5e63db38320b12031bb28cf9f77e210aa71fb3a8a3602a3c9a05134fa75eb?s=96&d=mm&r=g\",\"caption\":\"administrador\"},\"sameAs\":[\"http:\\\/\\\/pre.italcamara-es.com\"],\"url\":\"https:\\\/\\\/italcamara-es.com\\\/it\\\/author\\\/administrador\\\/\"}]}<\/script>\n<!-- \/ Yoast SEO plugin. -->","yoast_head_json":{"title":"Il licenziamento durante il periodo di prova di un lavoratore in uno stato di invalidit\u00e0 temporanea \u00e8 nullo - Italcamara","robots":{"index":"index","follow":"follow","max-snippet":"max-snippet:-1","max-image-preview":"max-image-preview:large","max-video-preview":"max-video-preview:-1"},"canonical":"https:\/\/italcamara-es.com\/it\/notizie\/il-licenziamento-durante-il-periodo-di-prova-di-un-lavoratore-in-uno-stato-di-invalidita-temporanea-e-nullo\/","og_locale":"it_IT","og_type":"article","og_title":"Il licenziamento durante il periodo di prova di un lavoratore in uno stato di invalidit\u00e0 temporanea \u00e8 nullo - Italcamara","og_description":"Un lavoratore \u00e8 stato assunto con un contratto a tempo determinato che prevedeva un periodo di prova di un mese. Tuttavia, il 6 luglio 2020, il lavoratore ha iniziato a soffrire di una malattia comune (sintomatologia ansioso-depressiva) che ha portato a un&#8217;invalidit\u00e0 temporanea. Il 9 luglio 2020, l&#8217;azienda ha comunicato per iscritto al lavoratore la [&hellip;]","og_url":"https:\/\/italcamara-es.com\/it\/notizie\/il-licenziamento-durante-il-periodo-di-prova-di-un-lavoratore-in-uno-stato-di-invalidita-temporanea-e-nullo\/","og_site_name":"Italcamara","article_published_time":"2023-04-27T05:43:30+00:00","article_modified_time":"2025-09-30T12:55:59+00:00","og_image":[{"width":500,"height":280,"url":"https:\/\/italcamara-es.com\/wp-content\/uploads\/2025\/03\/Lefebvre-500.png","type":"image\/png"}],"author":"administrador","twitter_card":"summary_large_image","twitter_misc":{"Scritto da":"administrador","Tempo di lettura stimato":"4 minuti"},"schema":{"@context":"https:\/\/schema.org","@graph":[{"@type":"Article","@id":"https:\/\/italcamara-es.com\/it\/notizie\/il-licenziamento-durante-il-periodo-di-prova-di-un-lavoratore-in-uno-stato-di-invalidita-temporanea-e-nullo\/#article","isPartOf":{"@id":"https:\/\/italcamara-es.com\/it\/notizie\/il-licenziamento-durante-il-periodo-di-prova-di-un-lavoratore-in-uno-stato-di-invalidita-temporanea-e-nullo\/"},"author":{"name":"administrador","@id":"https:\/\/italcamara-es.com\/#\/schema\/person\/bb3c56263e405bbd9a15171dcfee93bb"},"headline":"Il licenziamento durante il periodo di prova di un lavoratore in uno stato di invalidit\u00e0 temporanea \u00e8 nullo","datePublished":"2023-04-27T05:43:30+00:00","dateModified":"2025-09-30T12:55:59+00:00","mainEntityOfPage":{"@id":"https:\/\/italcamara-es.com\/it\/notizie\/il-licenziamento-durante-il-periodo-di-prova-di-un-lavoratore-in-uno-stato-di-invalidita-temporanea-e-nullo\/"},"wordCount":691,"commentCount":0,"image":{"@id":"https:\/\/italcamara-es.com\/it\/notizie\/il-licenziamento-durante-il-periodo-di-prova-di-un-lavoratore-in-uno-stato-di-invalidita-temporanea-e-nullo\/#primaryimage"},"thumbnailUrl":"https:\/\/italcamara-es.com\/wp-content\/uploads\/2025\/03\/Lefebvre-500.png","keywords":["Notizie dei soci"],"articleSection":["Notizie"],"inLanguage":"it-IT","potentialAction":[{"@type":"CommentAction","name":"Comment","target":["https:\/\/italcamara-es.com\/it\/notizie\/il-licenziamento-durante-il-periodo-di-prova-di-un-lavoratore-in-uno-stato-di-invalidita-temporanea-e-nullo\/#respond"]}]},{"@type":"WebPage","@id":"https:\/\/italcamara-es.com\/it\/notizie\/il-licenziamento-durante-il-periodo-di-prova-di-un-lavoratore-in-uno-stato-di-invalidita-temporanea-e-nullo\/","url":"https:\/\/italcamara-es.com\/it\/notizie\/il-licenziamento-durante-il-periodo-di-prova-di-un-lavoratore-in-uno-stato-di-invalidita-temporanea-e-nullo\/","name":"Il licenziamento durante il periodo di prova di un lavoratore in uno stato di invalidit\u00e0 temporanea \u00e8 nullo - Italcamara","isPartOf":{"@id":"https:\/\/italcamara-es.com\/#website"},"primaryImageOfPage":{"@id":"https:\/\/italcamara-es.com\/it\/notizie\/il-licenziamento-durante-il-periodo-di-prova-di-un-lavoratore-in-uno-stato-di-invalidita-temporanea-e-nullo\/#primaryimage"},"image":{"@id":"https:\/\/italcamara-es.com\/it\/notizie\/il-licenziamento-durante-il-periodo-di-prova-di-un-lavoratore-in-uno-stato-di-invalidita-temporanea-e-nullo\/#primaryimage"},"thumbnailUrl":"https:\/\/italcamara-es.com\/wp-content\/uploads\/2025\/03\/Lefebvre-500.png","datePublished":"2023-04-27T05:43:30+00:00","dateModified":"2025-09-30T12:55:59+00:00","author":{"@id":"https:\/\/italcamara-es.com\/#\/schema\/person\/bb3c56263e405bbd9a15171dcfee93bb"},"breadcrumb":{"@id":"https:\/\/italcamara-es.com\/it\/notizie\/il-licenziamento-durante-il-periodo-di-prova-di-un-lavoratore-in-uno-stato-di-invalidita-temporanea-e-nullo\/#breadcrumb"},"inLanguage":"it-IT","potentialAction":[{"@type":"ReadAction","target":["https:\/\/italcamara-es.com\/it\/notizie\/il-licenziamento-durante-il-periodo-di-prova-di-un-lavoratore-in-uno-stato-di-invalidita-temporanea-e-nullo\/"]}]},{"@type":"ImageObject","inLanguage":"it-IT","@id":"https:\/\/italcamara-es.com\/it\/notizie\/il-licenziamento-durante-il-periodo-di-prova-di-un-lavoratore-in-uno-stato-di-invalidita-temporanea-e-nullo\/#primaryimage","url":"https:\/\/italcamara-es.com\/wp-content\/uploads\/2025\/03\/Lefebvre-500.png","contentUrl":"https:\/\/italcamara-es.com\/wp-content\/uploads\/2025\/03\/Lefebvre-500.png","width":500,"height":280},{"@type":"BreadcrumbList","@id":"https:\/\/italcamara-es.com\/it\/notizie\/il-licenziamento-durante-il-periodo-di-prova-di-un-lavoratore-in-uno-stato-di-invalidita-temporanea-e-nullo\/#breadcrumb","itemListElement":[{"@type":"ListItem","position":1,"name":"Inicio","item":"https:\/\/italcamara-es.com\/it\/homepage-ita\/"},{"@type":"ListItem","position":2,"name":"Il licenziamento durante il periodo di prova di un lavoratore in uno stato di invalidit\u00e0 temporanea \u00e8 nullo"}]},{"@type":"WebSite","@id":"https:\/\/italcamara-es.com\/#website","url":"https:\/\/italcamara-es.com\/","name":"Italcamara","description":"","potentialAction":[{"@type":"SearchAction","target":{"@type":"EntryPoint","urlTemplate":"https:\/\/italcamara-es.com\/?s={search_term_string}"},"query-input":{"@type":"PropertyValueSpecification","valueRequired":true,"valueName":"search_term_string"}}],"inLanguage":"it-IT"},{"@type":"Person","@id":"https:\/\/italcamara-es.com\/#\/schema\/person\/bb3c56263e405bbd9a15171dcfee93bb","name":"administrador","image":{"@type":"ImageObject","inLanguage":"it-IT","@id":"https:\/\/secure.gravatar.com\/avatar\/14b5e63db38320b12031bb28cf9f77e210aa71fb3a8a3602a3c9a05134fa75eb?s=96&d=mm&r=g","url":"https:\/\/secure.gravatar.com\/avatar\/14b5e63db38320b12031bb28cf9f77e210aa71fb3a8a3602a3c9a05134fa75eb?s=96&d=mm&r=g","contentUrl":"https:\/\/secure.gravatar.com\/avatar\/14b5e63db38320b12031bb28cf9f77e210aa71fb3a8a3602a3c9a05134fa75eb?s=96&d=mm&r=g","caption":"administrador"},"sameAs":["http:\/\/pre.italcamara-es.com"],"url":"https:\/\/italcamara-es.com\/it\/author\/administrador\/"}]}},"rttpg_featured_image_url":{"full":["https:\/\/italcamara-es.com\/wp-content\/uploads\/2025\/03\/Lefebvre-500.png",500,280,false],"landscape":["https:\/\/italcamara-es.com\/wp-content\/uploads\/2025\/03\/Lefebvre-500.png",500,280,false],"portraits":["https:\/\/italcamara-es.com\/wp-content\/uploads\/2025\/03\/Lefebvre-500.png",500,280,false],"thumbnail":["https:\/\/italcamara-es.com\/wp-content\/uploads\/2025\/03\/Lefebvre-500-150x150.png",150,150,true],"medium":["https:\/\/italcamara-es.com\/wp-content\/uploads\/2025\/03\/Lefebvre-500-300x168.png",300,168,true],"large":["https:\/\/italcamara-es.com\/wp-content\/uploads\/2025\/03\/Lefebvre-500.png",500,280,false],"1536x1536":["https:\/\/italcamara-es.com\/wp-content\/uploads\/2025\/03\/Lefebvre-500.png",500,280,false],"2048x2048":["https:\/\/italcamara-es.com\/wp-content\/uploads\/2025\/03\/Lefebvre-500.png",500,280,false],"ocean-thumb-m":["https:\/\/italcamara-es.com\/wp-content\/uploads\/2025\/03\/Lefebvre-500.png",500,280,false],"ocean-thumb-ml":["https:\/\/italcamara-es.com\/wp-content\/uploads\/2025\/03\/Lefebvre-500.png",500,280,false],"ocean-thumb-l":["https:\/\/italcamara-es.com\/wp-content\/uploads\/2025\/03\/Lefebvre-500.png",500,280,false],"directorist_preview":["https:\/\/italcamara-es.com\/wp-content\/uploads\/2025\/03\/Lefebvre-500.png",500,280,false]},"rttpg_author":{"display_name":"administrador","author_link":"https:\/\/italcamara-es.com\/it\/author\/administrador\/"},"rttpg_comment":0,"rttpg_category":"<a href=\"https:\/\/italcamara-es.com\/it\/category\/notizie\/\" rel=\"category tag\">Notizie<\/a>","rttpg_excerpt":"Un lavoratore \u00e8 stato assunto con un contratto a tempo determinato che prevedeva un periodo di prova di un mese. Tuttavia, il 6 luglio 2020, il lavoratore ha iniziato a soffrire di una malattia comune (sintomatologia ansioso-depressiva) che ha portato a un&#8217;invalidit\u00e0 temporanea. Il 9 luglio 2020, l&#8217;azienda ha comunicato per iscritto al lavoratore la&hellip;","_links":{"self":[{"href":"https:\/\/italcamara-es.com\/it\/wp-json\/wp\/v2\/posts\/57053","targetHints":{"allow":["GET"]}}],"collection":[{"href":"https:\/\/italcamara-es.com\/it\/wp-json\/wp\/v2\/posts"}],"about":[{"href":"https:\/\/italcamara-es.com\/it\/wp-json\/wp\/v2\/types\/post"}],"author":[{"embeddable":true,"href":"https:\/\/italcamara-es.com\/it\/wp-json\/wp\/v2\/users\/1"}],"replies":[{"embeddable":true,"href":"https:\/\/italcamara-es.com\/it\/wp-json\/wp\/v2\/comments?post=57053"}],"version-history":[{"count":1,"href":"https:\/\/italcamara-es.com\/it\/wp-json\/wp\/v2\/posts\/57053\/revisions"}],"predecessor-version":[{"id":58963,"href":"https:\/\/italcamara-es.com\/it\/wp-json\/wp\/v2\/posts\/57053\/revisions\/58963"}],"wp:featuredmedia":[{"embeddable":true,"href":"https:\/\/italcamara-es.com\/it\/wp-json\/wp\/v2\/media\/52713"}],"wp:attachment":[{"href":"https:\/\/italcamara-es.com\/it\/wp-json\/wp\/v2\/media?parent=57053"}],"wp:term":[{"taxonomy":"category","embeddable":true,"href":"https:\/\/italcamara-es.com\/it\/wp-json\/wp\/v2\/categories?post=57053"},{"taxonomy":"post_tag","embeddable":true,"href":"https:\/\/italcamara-es.com\/it\/wp-json\/wp\/v2\/tags?post=57053"}],"curies":[{"name":"wp","href":"https:\/\/api.w.org\/{rel}","templated":true}]}}