	{"id":57056,"date":"2023-04-28T08:24:24","date_gmt":"2023-04-28T06:24:24","guid":{"rendered":"http:\/\/pre.italcamara-es.com\/senza-categoria\/cellnex-marco-patuano-succede-a-tobias-martinez-come-amministratore-delegato-dal-4-giugno\/"},"modified":"2025-09-30T14:55:03","modified_gmt":"2025-09-30T12:55:03","slug":"cellnex-marco-patuano-succede-a-tobias-martinez-come-amministratore-delegato-dal-4-giugno","status":"publish","type":"post","link":"https:\/\/italcamara-es.com\/it\/notizie\/cellnex-marco-patuano-succede-a-tobias-martinez-come-amministratore-delegato-dal-4-giugno\/","title":{"rendered":"Cellnex, Marco Patuano succede a Tobias Martinez come amministratore delegato dal 4 giugno"},"content":{"rendered":"\n<p><strong>Tobias Martinez<\/strong>, CEO fondatore di Cellnex, lascer\u00e0 il suo incarico il 3 giugno dopo aver guidato l&#8217;azienda per otto anni e aver gestito con successo l&#8217;espansione del gruppo in 12 paesi europei.<\/p>\n\n\n\n<p><strong>\u00d3scar Fanjul<\/strong> e <strong>Dominique d&#8217;Hinnin<\/strong> entreranno a far parte del Consiglio di Amministrazione in qualit\u00e0 di amministratori indipendenti, previa approvazione dell&#8217;allargamento del Consiglio a 13 membri in occasione dell&#8217;Assemblea generale del 1\u00b0 giugno.<\/p>\n\n\n\n<p>Il Consiglio di Amministrazione di Cellnex proporr\u00e0 all&#8217;Assemblea generale degli azionisti <strong>la nomina di Marco Patuano come nuovo CEO di Cellnex<\/strong>. La nomina del nuovo CEO sar\u00e0 effettiva dal 4 giugno 2023.<\/p>\n\n\n\n<p><strong>Marco Patuano<\/strong> ha una vasta esperienza nel settore delle telecomunicazioni e un&#8217;ampia conoscenza dell&#8217;ecosistema europeo delle torri di telecomunicazione, come Cellnex, di cui \u00e8 stato Presidente per due anni (2018-2019).<\/p>\n\n\n\n<p>Patuano ha pi\u00f9 di 25 anni di esperienza in TIM (Italia). Tra le altre responsabilit\u00e0, \u00e8 stato Amministratore Delegato del Gruppo (2011-2016), Direttore Commerciale-CCO (2009-2010) e CFO (2008-2009). La sua carriera professionale si \u00e8 sviluppata in diversi mercati, sia in Europa che in America Latina. Ha inoltre fatto parte dei Consigli di Amministrazione di Autogrill, Atlantia, GSM Association (GSMA), Utenti Pubblicita Associati e WAC Ltd, tra gli altri.<\/p>\n\n\n\n<p>Marco Patuano si \u00e8 laureato in Finanza presso l&#8217;Universit\u00e0 Bocconi di Milano (Italia).<\/p>\n\n\n\n<p><strong>Anne Bouverot, Presidente di Cellnex, ha commentato<\/strong>: &#8220;A nome del Consiglio di Amministrazione, sono lieta di dare il benvenuto a Marco come nuovo CEO di Cellnex dopo un processo di selezione attento e approfondito. Marco \u00e8 un leader aziendale rispettato ed esperto, con una profonda conoscenza delle dinamiche del settore delle telecomunicazioni e del mercato europeo delle torri di telecomunicazione. Avr\u00e0 il nostro sostegno all&#8217;interno del Consiglio di Amministrazione quando assumer\u00e0 la responsabilit\u00e0 di guidare il nuovo capitolo di Cellnex.<\/p>\n\n\n\n<p>&#8220;Vorrei anche cogliere l&#8217;occasione per ringraziare Tobias per la sua eccezionale leadership e per il ruolo decisivo che ha svolto nella costruzione del principale operatore di infrastrutture di telecomunicazioni in Europa&#8221;.<\/p>\n\n\n\n<p>&#8220;Marco e Tobias lavoreranno insieme nelle prossime settimane per assicurare una transizione senza intoppi dopo l&#8217;assemblea generale, facilitando il rapido raggiungimento delle priorit\u00e0 strategiche che abbiamo annunciato a novembre dello scorso anno, incentrate sulla guida della crescita organica, sulla creazione di valore e sul rafforzamento del bilancio, e raggiungendo di conseguenza lo status di investment grade.&#8221;<\/p>\n\n\n\n<p><strong>Marco Patuano, CEO designato, ha dichiarato<\/strong>: &#8220;Desidero ringraziare il Consiglio di Amministrazione di Cellnex per la fiducia dimostrata nel propormi come prossimo CEO. Cellnex \u00e8 una grande azienda, con un futuro luminoso e se avr\u00f2 il sostegno dell&#8217;Assemblea degli azionisti, il mio impegno sar\u00e0 rivolto alla strategia annunciata nel novembre 2022, che mira chiaramente alla creazione di valore, alla focalizzazione sulla crescita organica e al raggiungimento dell&#8217;investment grade&#8221;.<\/p>\n\n\n\n<p>Il Consiglio ha convocato l&#8217;Assemblea Generale degli Azionisti per l&#8217;esercizio finanziario 2022 per il 1\u00b0 giugno, in seconda convocazione, presso la sede del Collegio degli Architetti di Madrid.<\/p>\n\n\n\n<p>Nell&#8217;ambito dell&#8217;ordine del giorno, il Consiglio propone di ampliare il Consiglio <strong>da 11 a 13 membri<\/strong> e, a tal fine, propone la nomina di <strong>\u00d3scar Fanjul<\/strong> e <strong>Dominique d&#8217;Hinnin<\/strong> come nuovi amministratori indipendenti.<\/p>\n\n\n\n<p><strong>\u00d3scar Fanjul<\/strong> ha una vasta esperienza nella gestione di grandi multinazionali e una profonda conoscenza del mondo degli affari in diversi Paesi del mondo. Attualmente \u00e8 Vicepresidente di Ferrovial e direttore di Marsh &amp; McLennan Companies ed \u00e8 stato Vicepresidente di Omega Capital.<\/p>\n\n\n\n<p>\u00d3scar Fanjul ha iniziato la sua carriera professionale presso l&#8217;Istituto Nazionale dell&#8217;Industria (INI) e ha lavorato anche presso la Confederazione spagnola delle Casse di Risparmio. Nel 1983 e 1984, Fanjul \u00e8 stato Segretario Generale e Vice Segretario del Ministero dell&#8217;Industria e dell&#8217;Energia. \u00c8 stato Presidente fondatore e amministratore delegato di Repsol, S.A., nonch\u00e9 Presidente di Hidroel\u00e9ctrica del Cant\u00e1brico, NHH e Deoleo, e direttore della Borsa di Londra, LSE, Unilever, BBVA, Areva, Lafarge e Holcim.<\/p>\n\n\n\n<p>Laureato in Economia, \u00e8 stato membro del Gruppo consultivo per la competitivit\u00e0 del Presidente della Commissione europea e patrono dell&#8217;International Financial Reporting Standard (IFRS).<\/p>\n\n\n\n<p><strong>Dominique D&#8217;Hinnin<\/strong> \u00e8 Presidente del Consiglio di Amministrazione di Eutelsat Communications S.A. dal novembre 2017 e membro di tale Consiglio di Amministrazione dal 4 novembre 2016.<\/p>\n\n\n\n<p>D&#8217;Hinnin \u00e8 laureato all&#8217;\u00c9cole Normale Sup\u00e9rieure ed ex ispettore finanziario. Ha trascorso la maggior parte della sua carriera nel Gruppo Lagard\u00e8re, in cui \u00e8 entrato nel 1990 come consulente di Philippe Camus. Successivamente, nel 1993, \u00e8 stato nominato direttore dell&#8217;audit interno e direttore finanziario di Hachette Livre e, nel 1994, Vicepresidente esecutivo di Grolier, Inc (Connecticut, USA). \u00c8 stato Chief Financial Officer di Lagard\u00e8re dal 1998 al 2009 e Co-Managing Partner di Lagard\u00e8re SCA dal 2009 al 2016. \u00c8 stato membro del Consiglio di Amministrazione di Airbus e Canal+ e membro del Comitato consultivo di PricewaterhouseCoopers France.<\/p>\n\n\n\n<p>Dominique D&#8217;Hinnin \u00e8 anche attualmente membro del Consiglio di Amministrazione della societ\u00e0 francese Edenred, della societ\u00e0 francese Vantiva e della societ\u00e0 di distribuzione belga Louis Delhaize SA.<\/p>\n\n\n\n<p>Con l&#8217;aggiunta di questi due nuovi amministratori al Consiglio di Amministrazione di Cellnex, <strong>il numero di membri indipendenti salirebbe a 9<\/strong> &#8211; su un totale di 13 -, il che rappresenterebbe un peso del 69%, superando cos\u00ec la soglia stabilita dalle raccomandazioni della Good Governance of Listed Companies. Il resto del Consiglio sarebbe composto da 3 amministratori proprietari &#8211; uno in rappresentanza di TCI, uno in rappresentanza di Edizione e uno in rappresentanza di GIC, in quanto azionisti di riferimento &#8211; e da 1 amministratore esecutivo.<\/p>\n\n\n\n<p>L&#8217;assemblea del 1\u00b0 giugno dovrebbe anche ratificare i nuovi consiglieri nominati dall&#8217;ultima assemblea dell&#8217;aprile 2022, Ana Garc\u00eda Fau, Jonathan Amouyal e Mar\u00eda Teresa Ballester, e rinnovare Marieta del Rivero, consigliere indipendente e Presidente del Comitato Nomine, Remunerazione e Sostenibilit\u00e0, e Christian Coco, consigliere proprietario in rappresentanza di Edizione.<\/p>\n\n\n\n<p>Fonte: <a href=\"https:\/\/www.cellnex.com\/es\/noticias\/marco-patuano-sucedera-tobias-martinez-consejero-delegado-partir-4-junio\/\">Cellnex<\/a><\/p>\n\n\n\n<p><\/p>\n","protected":false},"excerpt":{"rendered":"<p>Tobias Martinez, CEO fondatore di Cellnex, lascer\u00e0 il suo incarico il 3 giugno dopo aver guidato l&#8217;azienda per otto anni e aver gestito con successo l&#8217;espansione del gruppo in 12 paesi europei. \u00d3scar Fanjul e Dominique d&#8217;Hinnin entreranno a far parte del Consiglio di Amministrazione in qualit\u00e0 di amministratori indipendenti, previa approvazione dell&#8217;allargamento del Consiglio [&hellip;]<\/p>\n","protected":false},"author":1,"featured_media":52717,"comment_status":"open","ping_status":"open","sticky":false,"template":"","format":"standard","meta":{"inline_featured_image":false,"ocean_post_layout":"","ocean_both_sidebars_style":"","ocean_both_sidebars_content_width":0,"ocean_both_sidebars_sidebars_width":0,"ocean_sidebar":"","ocean_second_sidebar":"","ocean_disable_margins":"enable","ocean_add_body_class":"","ocean_shortcode_before_top_bar":"","ocean_shortcode_after_top_bar":"","ocean_shortcode_before_header":"","ocean_shortcode_after_header":"","ocean_has_shortcode":"","ocean_shortcode_after_title":"","ocean_shortcode_before_footer_widgets":"","ocean_shortcode_after_footer_widgets":"","ocean_shortcode_before_footer_bottom":"","ocean_shortcode_after_footer_bottom":"","ocean_display_top_bar":"default","ocean_display_header":"default","ocean_header_style":"","ocean_center_header_left_menu":"","ocean_custom_header_template":"","ocean_custom_logo":0,"ocean_custom_retina_logo":0,"ocean_custom_logo_max_width":0,"ocean_custom_logo_tablet_max_width":0,"ocean_custom_logo_mobile_max_width":0,"ocean_custom_logo_max_height":0,"ocean_custom_logo_tablet_max_height":0,"ocean_custom_logo_mobile_max_height":0,"ocean_header_custom_menu":"","ocean_menu_typo_font_family":"","ocean_menu_typo_font_subset":"","ocean_menu_typo_font_size":0,"ocean_menu_typo_font_size_tablet":0,"ocean_menu_typo_font_size_mobile":0,"ocean_menu_typo_font_size_unit":"px","ocean_menu_typo_font_weight":"","ocean_menu_typo_font_weight_tablet":"","ocean_menu_typo_font_weight_mobile":"","ocean_menu_typo_transform":"","ocean_menu_typo_transform_tablet":"","ocean_menu_typo_transform_mobile":"","ocean_menu_typo_line_height":0,"ocean_menu_typo_line_height_tablet":0,"ocean_menu_typo_line_height_mobile":0,"ocean_menu_typo_line_height_unit":"","ocean_menu_typo_spacing":0,"ocean_menu_typo_spacing_tablet":0,"ocean_menu_typo_spacing_mobile":0,"ocean_menu_typo_spacing_unit":"","ocean_menu_link_color":"","ocean_menu_link_color_hover":"","ocean_menu_link_color_active":"","ocean_menu_link_background":"","ocean_menu_link_hover_background":"","ocean_menu_link_active_background":"","ocean_menu_social_links_bg":"","ocean_menu_social_hover_links_bg":"","ocean_menu_social_links_color":"","ocean_menu_social_hover_links_color":"","ocean_disable_title":"default","ocean_disable_heading":"default","ocean_post_title":"","ocean_post_subheading":"","ocean_post_title_style":"","ocean_post_title_background_color":"","ocean_post_title_background":0,"ocean_post_title_bg_image_position":"","ocean_post_title_bg_image_attachment":"","ocean_post_title_bg_image_repeat":"","ocean_post_title_bg_image_size":"","ocean_post_title_height":0,"ocean_post_title_bg_overlay":0.5,"ocean_post_title_bg_overlay_color":"","ocean_disable_breadcrumbs":"default","ocean_breadcrumbs_color":"","ocean_breadcrumbs_separator_color":"","ocean_breadcrumbs_links_color":"","ocean_breadcrumbs_links_hover_color":"","ocean_display_footer_widgets":"default","ocean_display_footer_bottom":"default","ocean_custom_footer_template":"","ocean_post_oembed":"","ocean_post_self_hosted_media":"","ocean_post_video_embed":"","ocean_link_format":"","ocean_link_format_target":"self","ocean_quote_format":"","ocean_quote_format_link":"post","ocean_gallery_link_images":"on","ocean_gallery_id":[],"footnotes":""},"categories":[133],"tags":[206],"class_list":["post-57056","post","type-post","status-publish","format-standard","has-post-thumbnail","hentry","category-notizie","tag-noticias-de-socios-it","entry","has-media"],"yoast_head":"<!-- This site is optimized with the Yoast SEO plugin v27.4 - https:\/\/yoast.com\/product\/yoast-seo-wordpress\/ -->\n<title>Cellnex, Marco Patuano succede a Tobias Martinez come amministratore delegato dal 4 giugno - Italcamara<\/title>\n<meta name=\"robots\" content=\"index, follow, max-snippet:-1, max-image-preview:large, max-video-preview:-1\" \/>\n<link rel=\"canonical\" href=\"https:\/\/italcamara-es.com\/noticias\/cellnex-marco-patuano-sucedera-a-tobias-martinez-como-consejero-delegado-a-partir-del-4-de-junio\/\" \/>\n<meta property=\"og:locale\" content=\"it_IT\" \/>\n<meta property=\"og:type\" content=\"article\" \/>\n<meta property=\"og:title\" content=\"Cellnex, Marco Patuano succede a Tobias Martinez come amministratore delegato dal 4 giugno - Italcamara\" \/>\n<meta property=\"og:description\" content=\"Tobias Martinez, CEO fondatore di Cellnex, lascer\u00e0 il suo incarico il 3 giugno dopo aver guidato l&#8217;azienda per otto anni e aver gestito con successo l&#8217;espansione del gruppo in 12 paesi europei. \u00d3scar Fanjul e Dominique d&#8217;Hinnin entreranno a far parte del Consiglio di Amministrazione in qualit\u00e0 di amministratori indipendenti, previa approvazione dell&#8217;allargamento del Consiglio [&hellip;]\" \/>\n<meta property=\"og:url\" content=\"https:\/\/italcamara-es.com\/noticias\/cellnex-marco-patuano-sucedera-a-tobias-martinez-como-consejero-delegado-a-partir-del-4-de-junio\/\" \/>\n<meta property=\"og:site_name\" content=\"Italcamara\" \/>\n<meta property=\"article:published_time\" content=\"2023-04-28T06:24:24+00:00\" \/>\n<meta property=\"article:modified_time\" content=\"2025-09-30T12:55:03+00:00\" \/>\n<meta property=\"og:image\" content=\"https:\/\/italcamara-es.com\/wp-content\/uploads\/2025\/03\/Cellnex-500.png\" \/>\n\t<meta property=\"og:image:width\" content=\"500\" \/>\n\t<meta property=\"og:image:height\" content=\"280\" \/>\n\t<meta property=\"og:image:type\" content=\"image\/png\" \/>\n<meta name=\"author\" content=\"administrador\" \/>\n<meta name=\"twitter:card\" content=\"summary_large_image\" \/>\n<meta name=\"twitter:label1\" content=\"Scritto da\" \/>\n\t<meta name=\"twitter:data1\" content=\"administrador\" \/>\n\t<meta name=\"twitter:label2\" content=\"Tempo di lettura stimato\" \/>\n\t<meta name=\"twitter:data2\" content=\"5 minuti\" \/>\n<script type=\"application\/ld+json\" class=\"yoast-schema-graph\">{\"@context\":\"https:\\\/\\\/schema.org\",\"@graph\":[{\"@type\":\"Article\",\"@id\":\"https:\\\/\\\/italcamara-es.com\\\/noticias\\\/cellnex-marco-patuano-sucedera-a-tobias-martinez-como-consejero-delegado-a-partir-del-4-de-junio\\\/#article\",\"isPartOf\":{\"@id\":\"https:\\\/\\\/italcamara-es.com\\\/noticias\\\/cellnex-marco-patuano-sucedera-a-tobias-martinez-como-consejero-delegado-a-partir-del-4-de-junio\\\/\"},\"author\":{\"name\":\"administrador\",\"@id\":\"https:\\\/\\\/italcamara-es.com\\\/#\\\/schema\\\/person\\\/bb3c56263e405bbd9a15171dcfee93bb\"},\"headline\":\"Cellnex, Marco Patuano succede a Tobias Martinez come amministratore delegato dal 4 giugno\",\"datePublished\":\"2023-04-28T06:24:24+00:00\",\"dateModified\":\"2025-09-30T12:55:03+00:00\",\"mainEntityOfPage\":{\"@id\":\"https:\\\/\\\/italcamara-es.com\\\/noticias\\\/cellnex-marco-patuano-sucedera-a-tobias-martinez-como-consejero-delegado-a-partir-del-4-de-junio\\\/\"},\"wordCount\":937,\"commentCount\":0,\"image\":{\"@id\":\"https:\\\/\\\/italcamara-es.com\\\/noticias\\\/cellnex-marco-patuano-sucedera-a-tobias-martinez-como-consejero-delegado-a-partir-del-4-de-junio\\\/#primaryimage\"},\"thumbnailUrl\":\"https:\\\/\\\/italcamara-es.com\\\/wp-content\\\/uploads\\\/2025\\\/03\\\/Cellnex-500.png\",\"keywords\":[\"Notizie dei soci\"],\"articleSection\":[\"Notizie\"],\"inLanguage\":\"it-IT\",\"potentialAction\":[{\"@type\":\"CommentAction\",\"name\":\"Comment\",\"target\":[\"https:\\\/\\\/italcamara-es.com\\\/noticias\\\/cellnex-marco-patuano-sucedera-a-tobias-martinez-como-consejero-delegado-a-partir-del-4-de-junio\\\/#respond\"]}]},{\"@type\":\"WebPage\",\"@id\":\"https:\\\/\\\/italcamara-es.com\\\/noticias\\\/cellnex-marco-patuano-sucedera-a-tobias-martinez-como-consejero-delegado-a-partir-del-4-de-junio\\\/\",\"url\":\"https:\\\/\\\/italcamara-es.com\\\/noticias\\\/cellnex-marco-patuano-sucedera-a-tobias-martinez-como-consejero-delegado-a-partir-del-4-de-junio\\\/\",\"name\":\"Cellnex, Marco Patuano succede a Tobias Martinez come amministratore delegato dal 4 giugno - Italcamara\",\"isPartOf\":{\"@id\":\"https:\\\/\\\/italcamara-es.com\\\/#website\"},\"primaryImageOfPage\":{\"@id\":\"https:\\\/\\\/italcamara-es.com\\\/noticias\\\/cellnex-marco-patuano-sucedera-a-tobias-martinez-como-consejero-delegado-a-partir-del-4-de-junio\\\/#primaryimage\"},\"image\":{\"@id\":\"https:\\\/\\\/italcamara-es.com\\\/noticias\\\/cellnex-marco-patuano-sucedera-a-tobias-martinez-como-consejero-delegado-a-partir-del-4-de-junio\\\/#primaryimage\"},\"thumbnailUrl\":\"https:\\\/\\\/italcamara-es.com\\\/wp-content\\\/uploads\\\/2025\\\/03\\\/Cellnex-500.png\",\"datePublished\":\"2023-04-28T06:24:24+00:00\",\"dateModified\":\"2025-09-30T12:55:03+00:00\",\"author\":{\"@id\":\"https:\\\/\\\/italcamara-es.com\\\/#\\\/schema\\\/person\\\/bb3c56263e405bbd9a15171dcfee93bb\"},\"breadcrumb\":{\"@id\":\"https:\\\/\\\/italcamara-es.com\\\/noticias\\\/cellnex-marco-patuano-sucedera-a-tobias-martinez-como-consejero-delegado-a-partir-del-4-de-junio\\\/#breadcrumb\"},\"inLanguage\":\"it-IT\",\"potentialAction\":[{\"@type\":\"ReadAction\",\"target\":[\"https:\\\/\\\/italcamara-es.com\\\/noticias\\\/cellnex-marco-patuano-sucedera-a-tobias-martinez-como-consejero-delegado-a-partir-del-4-de-junio\\\/\"]}]},{\"@type\":\"ImageObject\",\"inLanguage\":\"it-IT\",\"@id\":\"https:\\\/\\\/italcamara-es.com\\\/noticias\\\/cellnex-marco-patuano-sucedera-a-tobias-martinez-como-consejero-delegado-a-partir-del-4-de-junio\\\/#primaryimage\",\"url\":\"https:\\\/\\\/italcamara-es.com\\\/wp-content\\\/uploads\\\/2025\\\/03\\\/Cellnex-500.png\",\"contentUrl\":\"https:\\\/\\\/italcamara-es.com\\\/wp-content\\\/uploads\\\/2025\\\/03\\\/Cellnex-500.png\",\"width\":500,\"height\":280},{\"@type\":\"BreadcrumbList\",\"@id\":\"https:\\\/\\\/italcamara-es.com\\\/noticias\\\/cellnex-marco-patuano-sucedera-a-tobias-martinez-como-consejero-delegado-a-partir-del-4-de-junio\\\/#breadcrumb\",\"itemListElement\":[{\"@type\":\"ListItem\",\"position\":1,\"name\":\"Inicio\",\"item\":\"https:\\\/\\\/italcamara-es.com\\\/it\\\/homepage-ita\\\/\"},{\"@type\":\"ListItem\",\"position\":2,\"name\":\"Cellnex, Marco Patuano succede a Tobias Martinez come amministratore delegato dal 4 giugno\"}]},{\"@type\":\"WebSite\",\"@id\":\"https:\\\/\\\/italcamara-es.com\\\/#website\",\"url\":\"https:\\\/\\\/italcamara-es.com\\\/\",\"name\":\"Italcamara\",\"description\":\"\",\"potentialAction\":[{\"@type\":\"SearchAction\",\"target\":{\"@type\":\"EntryPoint\",\"urlTemplate\":\"https:\\\/\\\/italcamara-es.com\\\/?s={search_term_string}\"},\"query-input\":{\"@type\":\"PropertyValueSpecification\",\"valueRequired\":true,\"valueName\":\"search_term_string\"}}],\"inLanguage\":\"it-IT\"},{\"@type\":\"Person\",\"@id\":\"https:\\\/\\\/italcamara-es.com\\\/#\\\/schema\\\/person\\\/bb3c56263e405bbd9a15171dcfee93bb\",\"name\":\"administrador\",\"image\":{\"@type\":\"ImageObject\",\"inLanguage\":\"it-IT\",\"@id\":\"https:\\\/\\\/secure.gravatar.com\\\/avatar\\\/14b5e63db38320b12031bb28cf9f77e210aa71fb3a8a3602a3c9a05134fa75eb?s=96&d=mm&r=g\",\"url\":\"https:\\\/\\\/secure.gravatar.com\\\/avatar\\\/14b5e63db38320b12031bb28cf9f77e210aa71fb3a8a3602a3c9a05134fa75eb?s=96&d=mm&r=g\",\"contentUrl\":\"https:\\\/\\\/secure.gravatar.com\\\/avatar\\\/14b5e63db38320b12031bb28cf9f77e210aa71fb3a8a3602a3c9a05134fa75eb?s=96&d=mm&r=g\",\"caption\":\"administrador\"},\"sameAs\":[\"http:\\\/\\\/pre.italcamara-es.com\"],\"url\":\"https:\\\/\\\/italcamara-es.com\\\/it\\\/author\\\/administrador\\\/\"}]}<\/script>\n<!-- \/ Yoast SEO plugin. -->","yoast_head_json":{"title":"Cellnex, Marco Patuano succede a Tobias Martinez come amministratore delegato dal 4 giugno - Italcamara","robots":{"index":"index","follow":"follow","max-snippet":"max-snippet:-1","max-image-preview":"max-image-preview:large","max-video-preview":"max-video-preview:-1"},"canonical":"https:\/\/italcamara-es.com\/noticias\/cellnex-marco-patuano-sucedera-a-tobias-martinez-como-consejero-delegado-a-partir-del-4-de-junio\/","og_locale":"it_IT","og_type":"article","og_title":"Cellnex, Marco Patuano succede a Tobias Martinez come amministratore delegato dal 4 giugno - Italcamara","og_description":"Tobias Martinez, CEO fondatore di Cellnex, lascer\u00e0 il suo incarico il 3 giugno dopo aver guidato l&#8217;azienda per otto anni e aver gestito con successo l&#8217;espansione del gruppo in 12 paesi europei. \u00d3scar Fanjul e Dominique d&#8217;Hinnin entreranno a far parte del Consiglio di Amministrazione in qualit\u00e0 di amministratori indipendenti, previa approvazione dell&#8217;allargamento del Consiglio [&hellip;]","og_url":"https:\/\/italcamara-es.com\/noticias\/cellnex-marco-patuano-sucedera-a-tobias-martinez-como-consejero-delegado-a-partir-del-4-de-junio\/","og_site_name":"Italcamara","article_published_time":"2023-04-28T06:24:24+00:00","article_modified_time":"2025-09-30T12:55:03+00:00","og_image":[{"width":500,"height":280,"url":"https:\/\/italcamara-es.com\/wp-content\/uploads\/2025\/03\/Cellnex-500.png","type":"image\/png"}],"author":"administrador","twitter_card":"summary_large_image","twitter_misc":{"Scritto da":"administrador","Tempo di lettura stimato":"5 minuti"},"schema":{"@context":"https:\/\/schema.org","@graph":[{"@type":"Article","@id":"https:\/\/italcamara-es.com\/noticias\/cellnex-marco-patuano-sucedera-a-tobias-martinez-como-consejero-delegado-a-partir-del-4-de-junio\/#article","isPartOf":{"@id":"https:\/\/italcamara-es.com\/noticias\/cellnex-marco-patuano-sucedera-a-tobias-martinez-como-consejero-delegado-a-partir-del-4-de-junio\/"},"author":{"name":"administrador","@id":"https:\/\/italcamara-es.com\/#\/schema\/person\/bb3c56263e405bbd9a15171dcfee93bb"},"headline":"Cellnex, Marco Patuano succede a Tobias Martinez come amministratore delegato dal 4 giugno","datePublished":"2023-04-28T06:24:24+00:00","dateModified":"2025-09-30T12:55:03+00:00","mainEntityOfPage":{"@id":"https:\/\/italcamara-es.com\/noticias\/cellnex-marco-patuano-sucedera-a-tobias-martinez-como-consejero-delegado-a-partir-del-4-de-junio\/"},"wordCount":937,"commentCount":0,"image":{"@id":"https:\/\/italcamara-es.com\/noticias\/cellnex-marco-patuano-sucedera-a-tobias-martinez-como-consejero-delegado-a-partir-del-4-de-junio\/#primaryimage"},"thumbnailUrl":"https:\/\/italcamara-es.com\/wp-content\/uploads\/2025\/03\/Cellnex-500.png","keywords":["Notizie dei soci"],"articleSection":["Notizie"],"inLanguage":"it-IT","potentialAction":[{"@type":"CommentAction","name":"Comment","target":["https:\/\/italcamara-es.com\/noticias\/cellnex-marco-patuano-sucedera-a-tobias-martinez-como-consejero-delegado-a-partir-del-4-de-junio\/#respond"]}]},{"@type":"WebPage","@id":"https:\/\/italcamara-es.com\/noticias\/cellnex-marco-patuano-sucedera-a-tobias-martinez-como-consejero-delegado-a-partir-del-4-de-junio\/","url":"https:\/\/italcamara-es.com\/noticias\/cellnex-marco-patuano-sucedera-a-tobias-martinez-como-consejero-delegado-a-partir-del-4-de-junio\/","name":"Cellnex, Marco Patuano succede a Tobias Martinez come amministratore delegato dal 4 giugno - Italcamara","isPartOf":{"@id":"https:\/\/italcamara-es.com\/#website"},"primaryImageOfPage":{"@id":"https:\/\/italcamara-es.com\/noticias\/cellnex-marco-patuano-sucedera-a-tobias-martinez-como-consejero-delegado-a-partir-del-4-de-junio\/#primaryimage"},"image":{"@id":"https:\/\/italcamara-es.com\/noticias\/cellnex-marco-patuano-sucedera-a-tobias-martinez-como-consejero-delegado-a-partir-del-4-de-junio\/#primaryimage"},"thumbnailUrl":"https:\/\/italcamara-es.com\/wp-content\/uploads\/2025\/03\/Cellnex-500.png","datePublished":"2023-04-28T06:24:24+00:00","dateModified":"2025-09-30T12:55:03+00:00","author":{"@id":"https:\/\/italcamara-es.com\/#\/schema\/person\/bb3c56263e405bbd9a15171dcfee93bb"},"breadcrumb":{"@id":"https:\/\/italcamara-es.com\/noticias\/cellnex-marco-patuano-sucedera-a-tobias-martinez-como-consejero-delegado-a-partir-del-4-de-junio\/#breadcrumb"},"inLanguage":"it-IT","potentialAction":[{"@type":"ReadAction","target":["https:\/\/italcamara-es.com\/noticias\/cellnex-marco-patuano-sucedera-a-tobias-martinez-como-consejero-delegado-a-partir-del-4-de-junio\/"]}]},{"@type":"ImageObject","inLanguage":"it-IT","@id":"https:\/\/italcamara-es.com\/noticias\/cellnex-marco-patuano-sucedera-a-tobias-martinez-como-consejero-delegado-a-partir-del-4-de-junio\/#primaryimage","url":"https:\/\/italcamara-es.com\/wp-content\/uploads\/2025\/03\/Cellnex-500.png","contentUrl":"https:\/\/italcamara-es.com\/wp-content\/uploads\/2025\/03\/Cellnex-500.png","width":500,"height":280},{"@type":"BreadcrumbList","@id":"https:\/\/italcamara-es.com\/noticias\/cellnex-marco-patuano-sucedera-a-tobias-martinez-como-consejero-delegado-a-partir-del-4-de-junio\/#breadcrumb","itemListElement":[{"@type":"ListItem","position":1,"name":"Inicio","item":"https:\/\/italcamara-es.com\/it\/homepage-ita\/"},{"@type":"ListItem","position":2,"name":"Cellnex, Marco Patuano succede a Tobias Martinez come amministratore delegato dal 4 giugno"}]},{"@type":"WebSite","@id":"https:\/\/italcamara-es.com\/#website","url":"https:\/\/italcamara-es.com\/","name":"Italcamara","description":"","potentialAction":[{"@type":"SearchAction","target":{"@type":"EntryPoint","urlTemplate":"https:\/\/italcamara-es.com\/?s={search_term_string}"},"query-input":{"@type":"PropertyValueSpecification","valueRequired":true,"valueName":"search_term_string"}}],"inLanguage":"it-IT"},{"@type":"Person","@id":"https:\/\/italcamara-es.com\/#\/schema\/person\/bb3c56263e405bbd9a15171dcfee93bb","name":"administrador","image":{"@type":"ImageObject","inLanguage":"it-IT","@id":"https:\/\/secure.gravatar.com\/avatar\/14b5e63db38320b12031bb28cf9f77e210aa71fb3a8a3602a3c9a05134fa75eb?s=96&d=mm&r=g","url":"https:\/\/secure.gravatar.com\/avatar\/14b5e63db38320b12031bb28cf9f77e210aa71fb3a8a3602a3c9a05134fa75eb?s=96&d=mm&r=g","contentUrl":"https:\/\/secure.gravatar.com\/avatar\/14b5e63db38320b12031bb28cf9f77e210aa71fb3a8a3602a3c9a05134fa75eb?s=96&d=mm&r=g","caption":"administrador"},"sameAs":["http:\/\/pre.italcamara-es.com"],"url":"https:\/\/italcamara-es.com\/it\/author\/administrador\/"}]}},"rttpg_featured_image_url":{"full":["https:\/\/italcamara-es.com\/wp-content\/uploads\/2025\/03\/Cellnex-500.png",500,280,false],"landscape":["https:\/\/italcamara-es.com\/wp-content\/uploads\/2025\/03\/Cellnex-500.png",500,280,false],"portraits":["https:\/\/italcamara-es.com\/wp-content\/uploads\/2025\/03\/Cellnex-500.png",500,280,false],"thumbnail":["https:\/\/italcamara-es.com\/wp-content\/uploads\/2025\/03\/Cellnex-500-150x150.png",150,150,true],"medium":["https:\/\/italcamara-es.com\/wp-content\/uploads\/2025\/03\/Cellnex-500-300x168.png",300,168,true],"large":["https:\/\/italcamara-es.com\/wp-content\/uploads\/2025\/03\/Cellnex-500.png",500,280,false],"1536x1536":["https:\/\/italcamara-es.com\/wp-content\/uploads\/2025\/03\/Cellnex-500.png",500,280,false],"2048x2048":["https:\/\/italcamara-es.com\/wp-content\/uploads\/2025\/03\/Cellnex-500.png",500,280,false],"ocean-thumb-m":["https:\/\/italcamara-es.com\/wp-content\/uploads\/2025\/03\/Cellnex-500.png",500,280,false],"ocean-thumb-ml":["https:\/\/italcamara-es.com\/wp-content\/uploads\/2025\/03\/Cellnex-500.png",500,280,false],"ocean-thumb-l":["https:\/\/italcamara-es.com\/wp-content\/uploads\/2025\/03\/Cellnex-500.png",500,280,false],"directorist_preview":["https:\/\/italcamara-es.com\/wp-content\/uploads\/2025\/03\/Cellnex-500.png",500,280,false]},"rttpg_author":{"display_name":"administrador","author_link":"https:\/\/italcamara-es.com\/it\/author\/administrador\/"},"rttpg_comment":0,"rttpg_category":"<a href=\"https:\/\/italcamara-es.com\/it\/category\/notizie\/\" rel=\"category tag\">Notizie<\/a>","rttpg_excerpt":"Tobias Martinez, CEO fondatore di Cellnex, lascer\u00e0 il suo incarico il 3 giugno dopo aver guidato l&#8217;azienda per otto anni e aver gestito con successo l&#8217;espansione del gruppo in 12 paesi europei. \u00d3scar Fanjul e Dominique d&#8217;Hinnin entreranno a far parte del Consiglio di Amministrazione in qualit\u00e0 di amministratori indipendenti, previa approvazione dell&#8217;allargamento del Consiglio&hellip;","_links":{"self":[{"href":"https:\/\/italcamara-es.com\/it\/wp-json\/wp\/v2\/posts\/57056","targetHints":{"allow":["GET"]}}],"collection":[{"href":"https:\/\/italcamara-es.com\/it\/wp-json\/wp\/v2\/posts"}],"about":[{"href":"https:\/\/italcamara-es.com\/it\/wp-json\/wp\/v2\/types\/post"}],"author":[{"embeddable":true,"href":"https:\/\/italcamara-es.com\/it\/wp-json\/wp\/v2\/users\/1"}],"replies":[{"embeddable":true,"href":"https:\/\/italcamara-es.com\/it\/wp-json\/wp\/v2\/comments?post=57056"}],"version-history":[{"count":1,"href":"https:\/\/italcamara-es.com\/it\/wp-json\/wp\/v2\/posts\/57056\/revisions"}],"predecessor-version":[{"id":58961,"href":"https:\/\/italcamara-es.com\/it\/wp-json\/wp\/v2\/posts\/57056\/revisions\/58961"}],"wp:featuredmedia":[{"embeddable":true,"href":"https:\/\/italcamara-es.com\/it\/wp-json\/wp\/v2\/media\/52717"}],"wp:attachment":[{"href":"https:\/\/italcamara-es.com\/it\/wp-json\/wp\/v2\/media?parent=57056"}],"wp:term":[{"taxonomy":"category","embeddable":true,"href":"https:\/\/italcamara-es.com\/it\/wp-json\/wp\/v2\/categories?post=57056"},{"taxonomy":"post_tag","embeddable":true,"href":"https:\/\/italcamara-es.com\/it\/wp-json\/wp\/v2\/tags?post=57056"}],"curies":[{"name":"wp","href":"https:\/\/api.w.org\/{rel}","templated":true}]}}