	{"id":57061,"date":"2023-06-14T13:39:07","date_gmt":"2023-06-14T11:39:07","guid":{"rendered":"http:\/\/pre.italcamara-es.com\/senza-categoria\/made-film-festival-concorso-corporate-movies\/"},"modified":"2025-09-30T15:05:10","modified_gmt":"2025-09-30T13:05:10","slug":"made-film-festival-concorso-corporate-movies","status":"publish","type":"post","link":"https:\/\/italcamara-es.com\/it\/notizie\/made-film-festival-concorso-corporate-movies\/","title":{"rendered":"MADE Film Festival: Concorso Corporate Movies"},"content":{"rendered":"\n<p>Nell\u2019ambito di \u201cBergamo Brescia Capitale Italiana della Cultura 2023\u201d, la <strong>Camera di commercio di Bergamo<\/strong> ha ideato <strong>MADE Film Festival<\/strong>, iniziativa che si svolger\u00e0 a Bergamo <strong>dal 22 al 24 settembre 2023<\/strong> e che intende valorizzare la memoria storica e il fare impresa attraverso l&#8217;utilizzo del <strong>linguaggio audiovisivo<\/strong> ovvero qualsiasi tipo di contenuto video creato o commissionato da un\u2019azienda, un\u2019istituzione, una societ\u00e0, un\u2019associazione di categoria per raccontare se stessa, i propri processi, i propri prodotti e servizi.<br><\/p>\n\n\n\n<p>In particolare, sono aperte le iscrizioni al <strong>Concorso Corporate Movies<\/strong>, sezione competitiva di MADE dedicata ai film aziendali di qualit\u00e0 della durata massima di dieci minuti terminati dopo il 1\u00b0 gennaio 2018. Al video vincitore del Concorso, selezionato da una qualificata Giuria, verr\u00e0 assegnato <strong>un premio di \u20ac 5.000<\/strong>. <\/p>\n\n\n\n<p>La <strong>Camera di Commercio di Brescia<\/strong>, che collabora attivamente nella realizzazione di MADE, assegner\u00e0 inoltre il <strong>premio speciale \u201cFUTURA\u201d<\/strong>, riservato all&#8217;opera che si sar\u00e0 distinta per una particolare sensibilit\u00e0 ai temi dell&#8217;ambiente e della sostenibilit\u00e0, del valore economico di <strong>\u20ac 3.000<\/strong>.<br><\/p>\n\n\n\n<p>L\u2019iscrizione alla selezione \u00e8 <strong>gratuita<\/strong>. Per partecipare \u00e8 possibile accedere al sito www.madefilmfestival.it\/corporate-movies-application e compilare, entro il 30.06.2023, il form in tutte le sue parti allegando un link al video (preferibilmente Vimeo o YouTube) e il materiale informativo richiesto.<br><br>La Segreteria Organizzativa di MADE Film Festival info@madefilmfestival.it \u00e8 a disposizione per fornire ulteriori dettagli.<\/p>\n\n\n\n<p>Maggiori informazioni sul progetto:<a href=\"https:\/\/www.italcamara-es.com\/wp-content\/uploads\/2023\/06\/Progetto.pdf\"> MADE Film Festival<\/a><\/p>\n\n\n\n<p>Regolamento: <a href=\"https:\/\/www.italcamara-es.com\/wp-content\/uploads\/2023\/06\/Bando.pdf\">MADE Film Festival_Bando.pdf<\/a><\/p>\n","protected":false},"excerpt":{"rendered":"<p>Nell\u2019ambito di \u201cBergamo Brescia Capitale Italiana della Cultura 2023\u201d, la Camera di commercio di Bergamo ha ideato MADE Film Festival, iniziativa che si svolger\u00e0 a Bergamo dal 22 al 24 settembre 2023 e che intende valorizzare la memoria storica e il fare impresa attraverso l&#8217;utilizzo del linguaggio audiovisivo ovvero qualsiasi tipo di contenuto video creato [&hellip;]<\/p>\n","protected":false},"author":1,"featured_media":52729,"comment_status":"open","ping_status":"open","sticky":false,"template":"","format":"standard","meta":{"inline_featured_image":false,"ocean_post_layout":"","ocean_both_sidebars_style":"","ocean_both_sidebars_content_width":0,"ocean_both_sidebars_sidebars_width":0,"ocean_sidebar":"","ocean_second_sidebar":"","ocean_disable_margins":"enable","ocean_add_body_class":"","ocean_shortcode_before_top_bar":"","ocean_shortcode_after_top_bar":"","ocean_shortcode_before_header":"","ocean_shortcode_after_header":"","ocean_has_shortcode":"","ocean_shortcode_after_title":"","ocean_shortcode_before_footer_widgets":"","ocean_shortcode_after_footer_widgets":"","ocean_shortcode_before_footer_bottom":"","ocean_shortcode_after_footer_bottom":"","ocean_display_top_bar":"default","ocean_display_header":"default","ocean_header_style":"","ocean_center_header_left_menu":"","ocean_custom_header_template":"","ocean_custom_logo":0,"ocean_custom_retina_logo":0,"ocean_custom_logo_max_width":0,"ocean_custom_logo_tablet_max_width":0,"ocean_custom_logo_mobile_max_width":0,"ocean_custom_logo_max_height":0,"ocean_custom_logo_tablet_max_height":0,"ocean_custom_logo_mobile_max_height":0,"ocean_header_custom_menu":"","ocean_menu_typo_font_family":"","ocean_menu_typo_font_subset":"","ocean_menu_typo_font_size":0,"ocean_menu_typo_font_size_tablet":0,"ocean_menu_typo_font_size_mobile":0,"ocean_menu_typo_font_size_unit":"px","ocean_menu_typo_font_weight":"","ocean_menu_typo_font_weight_tablet":"","ocean_menu_typo_font_weight_mobile":"","ocean_menu_typo_transform":"","ocean_menu_typo_transform_tablet":"","ocean_menu_typo_transform_mobile":"","ocean_menu_typo_line_height":0,"ocean_menu_typo_line_height_tablet":0,"ocean_menu_typo_line_height_mobile":0,"ocean_menu_typo_line_height_unit":"","ocean_menu_typo_spacing":0,"ocean_menu_typo_spacing_tablet":0,"ocean_menu_typo_spacing_mobile":0,"ocean_menu_typo_spacing_unit":"","ocean_menu_link_color":"","ocean_menu_link_color_hover":"","ocean_menu_link_color_active":"","ocean_menu_link_background":"","ocean_menu_link_hover_background":"","ocean_menu_link_active_background":"","ocean_menu_social_links_bg":"","ocean_menu_social_hover_links_bg":"","ocean_menu_social_links_color":"","ocean_menu_social_hover_links_color":"","ocean_disable_title":"default","ocean_disable_heading":"default","ocean_post_title":"","ocean_post_subheading":"","ocean_post_title_style":"","ocean_post_title_background_color":"","ocean_post_title_background":0,"ocean_post_title_bg_image_position":"","ocean_post_title_bg_image_attachment":"","ocean_post_title_bg_image_repeat":"","ocean_post_title_bg_image_size":"","ocean_post_title_height":0,"ocean_post_title_bg_overlay":0.5,"ocean_post_title_bg_overlay_color":"","ocean_disable_breadcrumbs":"default","ocean_breadcrumbs_color":"","ocean_breadcrumbs_separator_color":"","ocean_breadcrumbs_links_color":"","ocean_breadcrumbs_links_hover_color":"","ocean_display_footer_widgets":"default","ocean_display_footer_bottom":"default","ocean_custom_footer_template":"","ocean_post_oembed":"","ocean_post_self_hosted_media":"","ocean_post_video_embed":"","ocean_link_format":"","ocean_link_format_target":"self","ocean_quote_format":"","ocean_quote_format_link":"post","ocean_gallery_link_images":"on","ocean_gallery_id":[],"footnotes":""},"categories":[133],"tags":[206],"class_list":["post-57061","post","type-post","status-publish","format-standard","has-post-thumbnail","hentry","category-notizie","tag-noticias-de-socios-it","entry","has-media"],"yoast_head":"<!-- This site is optimized with the Yoast SEO plugin v27.5 - https:\/\/yoast.com\/product\/yoast-seo-wordpress\/ -->\n<title>MADE Film Festival: Concorso Corporate Movies - Italcamara<\/title>\n<meta name=\"robots\" content=\"index, follow, max-snippet:-1, max-image-preview:large, max-video-preview:-1\" \/>\n<link rel=\"canonical\" href=\"https:\/\/italcamara-es.com\/noticias\/made-film-festival-concurso-corporate-movies\/\" \/>\n<meta property=\"og:locale\" content=\"it_IT\" \/>\n<meta property=\"og:type\" content=\"article\" \/>\n<meta property=\"og:title\" content=\"MADE Film Festival: Concorso Corporate Movies - Italcamara\" \/>\n<meta property=\"og:description\" content=\"Nell\u2019ambito di \u201cBergamo Brescia Capitale Italiana della Cultura 2023\u201d, la Camera di commercio di Bergamo ha ideato MADE Film Festival, iniziativa che si svolger\u00e0 a Bergamo dal 22 al 24 settembre 2023 e che intende valorizzare la memoria storica e il fare impresa attraverso l&#8217;utilizzo del linguaggio audiovisivo ovvero qualsiasi tipo di contenuto video creato [&hellip;]\" \/>\n<meta property=\"og:url\" content=\"https:\/\/italcamara-es.com\/noticias\/made-film-festival-concurso-corporate-movies\/\" \/>\n<meta property=\"og:site_name\" content=\"Italcamara\" \/>\n<meta property=\"article:published_time\" content=\"2023-06-14T11:39:07+00:00\" \/>\n<meta property=\"article:modified_time\" content=\"2025-09-30T13:05:10+00:00\" \/>\n<meta property=\"og:image\" content=\"https:\/\/italcamara-es.com\/wp-content\/uploads\/2025\/03\/made-500.jpg\" \/>\n\t<meta property=\"og:image:width\" content=\"500\" \/>\n\t<meta property=\"og:image:height\" content=\"280\" \/>\n\t<meta property=\"og:image:type\" content=\"image\/jpeg\" \/>\n<meta name=\"author\" content=\"administrador\" \/>\n<meta name=\"twitter:card\" content=\"summary_large_image\" \/>\n<meta name=\"twitter:label1\" content=\"Scritto da\" \/>\n\t<meta name=\"twitter:data1\" content=\"administrador\" \/>\n\t<meta name=\"twitter:label2\" content=\"Tempo di lettura stimato\" \/>\n\t<meta name=\"twitter:data2\" content=\"2 minuti\" \/>\n<script type=\"application\/ld+json\" class=\"yoast-schema-graph\">{\"@context\":\"https:\\\/\\\/schema.org\",\"@graph\":[{\"@type\":\"Article\",\"@id\":\"https:\\\/\\\/italcamara-es.com\\\/noticias\\\/made-film-festival-concurso-corporate-movies\\\/#article\",\"isPartOf\":{\"@id\":\"https:\\\/\\\/italcamara-es.com\\\/noticias\\\/made-film-festival-concurso-corporate-movies\\\/\"},\"author\":{\"name\":\"administrador\",\"@id\":\"https:\\\/\\\/italcamara-es.com\\\/#\\\/schema\\\/person\\\/bb3c56263e405bbd9a15171dcfee93bb\"},\"headline\":\"MADE Film Festival: Concorso Corporate Movies\",\"datePublished\":\"2023-06-14T11:39:07+00:00\",\"dateModified\":\"2025-09-30T13:05:10+00:00\",\"mainEntityOfPage\":{\"@id\":\"https:\\\/\\\/italcamara-es.com\\\/noticias\\\/made-film-festival-concurso-corporate-movies\\\/\"},\"wordCount\":239,\"commentCount\":0,\"image\":{\"@id\":\"https:\\\/\\\/italcamara-es.com\\\/noticias\\\/made-film-festival-concurso-corporate-movies\\\/#primaryimage\"},\"thumbnailUrl\":\"https:\\\/\\\/italcamara-es.com\\\/wp-content\\\/uploads\\\/2025\\\/03\\\/made-500.jpg\",\"keywords\":[\"Notizie dei soci\"],\"articleSection\":[\"Notizie\"],\"inLanguage\":\"it-IT\",\"potentialAction\":[{\"@type\":\"CommentAction\",\"name\":\"Comment\",\"target\":[\"https:\\\/\\\/italcamara-es.com\\\/noticias\\\/made-film-festival-concurso-corporate-movies\\\/#respond\"]}]},{\"@type\":\"WebPage\",\"@id\":\"https:\\\/\\\/italcamara-es.com\\\/noticias\\\/made-film-festival-concurso-corporate-movies\\\/\",\"url\":\"https:\\\/\\\/italcamara-es.com\\\/noticias\\\/made-film-festival-concurso-corporate-movies\\\/\",\"name\":\"MADE Film Festival: Concorso Corporate Movies - Italcamara\",\"isPartOf\":{\"@id\":\"https:\\\/\\\/italcamara-es.com\\\/#website\"},\"primaryImageOfPage\":{\"@id\":\"https:\\\/\\\/italcamara-es.com\\\/noticias\\\/made-film-festival-concurso-corporate-movies\\\/#primaryimage\"},\"image\":{\"@id\":\"https:\\\/\\\/italcamara-es.com\\\/noticias\\\/made-film-festival-concurso-corporate-movies\\\/#primaryimage\"},\"thumbnailUrl\":\"https:\\\/\\\/italcamara-es.com\\\/wp-content\\\/uploads\\\/2025\\\/03\\\/made-500.jpg\",\"datePublished\":\"2023-06-14T11:39:07+00:00\",\"dateModified\":\"2025-09-30T13:05:10+00:00\",\"author\":{\"@id\":\"https:\\\/\\\/italcamara-es.com\\\/#\\\/schema\\\/person\\\/bb3c56263e405bbd9a15171dcfee93bb\"},\"breadcrumb\":{\"@id\":\"https:\\\/\\\/italcamara-es.com\\\/noticias\\\/made-film-festival-concurso-corporate-movies\\\/#breadcrumb\"},\"inLanguage\":\"it-IT\",\"potentialAction\":[{\"@type\":\"ReadAction\",\"target\":[\"https:\\\/\\\/italcamara-es.com\\\/noticias\\\/made-film-festival-concurso-corporate-movies\\\/\"]}]},{\"@type\":\"ImageObject\",\"inLanguage\":\"it-IT\",\"@id\":\"https:\\\/\\\/italcamara-es.com\\\/noticias\\\/made-film-festival-concurso-corporate-movies\\\/#primaryimage\",\"url\":\"https:\\\/\\\/italcamara-es.com\\\/wp-content\\\/uploads\\\/2025\\\/03\\\/made-500.jpg\",\"contentUrl\":\"https:\\\/\\\/italcamara-es.com\\\/wp-content\\\/uploads\\\/2025\\\/03\\\/made-500.jpg\",\"width\":500,\"height\":280},{\"@type\":\"BreadcrumbList\",\"@id\":\"https:\\\/\\\/italcamara-es.com\\\/noticias\\\/made-film-festival-concurso-corporate-movies\\\/#breadcrumb\",\"itemListElement\":[{\"@type\":\"ListItem\",\"position\":1,\"name\":\"Inicio\",\"item\":\"https:\\\/\\\/italcamara-es.com\\\/\"},{\"@type\":\"ListItem\",\"position\":2,\"name\":\"MADE Film Festival: Concorso Corporate Movies\"}]},{\"@type\":\"WebSite\",\"@id\":\"https:\\\/\\\/italcamara-es.com\\\/#website\",\"url\":\"https:\\\/\\\/italcamara-es.com\\\/\",\"name\":\"Italcamara\",\"description\":\"\",\"potentialAction\":[{\"@type\":\"SearchAction\",\"target\":{\"@type\":\"EntryPoint\",\"urlTemplate\":\"https:\\\/\\\/italcamara-es.com\\\/?s={search_term_string}\"},\"query-input\":{\"@type\":\"PropertyValueSpecification\",\"valueRequired\":true,\"valueName\":\"search_term_string\"}}],\"inLanguage\":\"it-IT\"},{\"@type\":\"Person\",\"@id\":\"https:\\\/\\\/italcamara-es.com\\\/#\\\/schema\\\/person\\\/bb3c56263e405bbd9a15171dcfee93bb\",\"name\":\"administrador\",\"image\":{\"@type\":\"ImageObject\",\"inLanguage\":\"it-IT\",\"@id\":\"https:\\\/\\\/secure.gravatar.com\\\/avatar\\\/14b5e63db38320b12031bb28cf9f77e210aa71fb3a8a3602a3c9a05134fa75eb?s=96&d=mm&r=g\",\"url\":\"https:\\\/\\\/secure.gravatar.com\\\/avatar\\\/14b5e63db38320b12031bb28cf9f77e210aa71fb3a8a3602a3c9a05134fa75eb?s=96&d=mm&r=g\",\"contentUrl\":\"https:\\\/\\\/secure.gravatar.com\\\/avatar\\\/14b5e63db38320b12031bb28cf9f77e210aa71fb3a8a3602a3c9a05134fa75eb?s=96&d=mm&r=g\",\"caption\":\"administrador\"},\"sameAs\":[\"http:\\\/\\\/pre.italcamara-es.com\"],\"url\":\"https:\\\/\\\/italcamara-es.com\\\/it\\\/author\\\/administrador\\\/\"}]}<\/script>\n<!-- \/ Yoast SEO plugin. -->","yoast_head_json":{"title":"MADE Film Festival: Concorso Corporate Movies - Italcamara","robots":{"index":"index","follow":"follow","max-snippet":"max-snippet:-1","max-image-preview":"max-image-preview:large","max-video-preview":"max-video-preview:-1"},"canonical":"https:\/\/italcamara-es.com\/noticias\/made-film-festival-concurso-corporate-movies\/","og_locale":"it_IT","og_type":"article","og_title":"MADE Film Festival: Concorso Corporate Movies - Italcamara","og_description":"Nell\u2019ambito di \u201cBergamo Brescia Capitale Italiana della Cultura 2023\u201d, la Camera di commercio di Bergamo ha ideato MADE Film Festival, iniziativa che si svolger\u00e0 a Bergamo dal 22 al 24 settembre 2023 e che intende valorizzare la memoria storica e il fare impresa attraverso l&#8217;utilizzo del linguaggio audiovisivo ovvero qualsiasi tipo di contenuto video creato [&hellip;]","og_url":"https:\/\/italcamara-es.com\/noticias\/made-film-festival-concurso-corporate-movies\/","og_site_name":"Italcamara","article_published_time":"2023-06-14T11:39:07+00:00","article_modified_time":"2025-09-30T13:05:10+00:00","og_image":[{"width":500,"height":280,"url":"https:\/\/italcamara-es.com\/wp-content\/uploads\/2025\/03\/made-500.jpg","type":"image\/jpeg"}],"author":"administrador","twitter_card":"summary_large_image","twitter_misc":{"Scritto da":"administrador","Tempo di lettura stimato":"2 minuti"},"schema":{"@context":"https:\/\/schema.org","@graph":[{"@type":"Article","@id":"https:\/\/italcamara-es.com\/noticias\/made-film-festival-concurso-corporate-movies\/#article","isPartOf":{"@id":"https:\/\/italcamara-es.com\/noticias\/made-film-festival-concurso-corporate-movies\/"},"author":{"name":"administrador","@id":"https:\/\/italcamara-es.com\/#\/schema\/person\/bb3c56263e405bbd9a15171dcfee93bb"},"headline":"MADE Film Festival: Concorso Corporate Movies","datePublished":"2023-06-14T11:39:07+00:00","dateModified":"2025-09-30T13:05:10+00:00","mainEntityOfPage":{"@id":"https:\/\/italcamara-es.com\/noticias\/made-film-festival-concurso-corporate-movies\/"},"wordCount":239,"commentCount":0,"image":{"@id":"https:\/\/italcamara-es.com\/noticias\/made-film-festival-concurso-corporate-movies\/#primaryimage"},"thumbnailUrl":"https:\/\/italcamara-es.com\/wp-content\/uploads\/2025\/03\/made-500.jpg","keywords":["Notizie dei soci"],"articleSection":["Notizie"],"inLanguage":"it-IT","potentialAction":[{"@type":"CommentAction","name":"Comment","target":["https:\/\/italcamara-es.com\/noticias\/made-film-festival-concurso-corporate-movies\/#respond"]}]},{"@type":"WebPage","@id":"https:\/\/italcamara-es.com\/noticias\/made-film-festival-concurso-corporate-movies\/","url":"https:\/\/italcamara-es.com\/noticias\/made-film-festival-concurso-corporate-movies\/","name":"MADE Film Festival: Concorso Corporate Movies - Italcamara","isPartOf":{"@id":"https:\/\/italcamara-es.com\/#website"},"primaryImageOfPage":{"@id":"https:\/\/italcamara-es.com\/noticias\/made-film-festival-concurso-corporate-movies\/#primaryimage"},"image":{"@id":"https:\/\/italcamara-es.com\/noticias\/made-film-festival-concurso-corporate-movies\/#primaryimage"},"thumbnailUrl":"https:\/\/italcamara-es.com\/wp-content\/uploads\/2025\/03\/made-500.jpg","datePublished":"2023-06-14T11:39:07+00:00","dateModified":"2025-09-30T13:05:10+00:00","author":{"@id":"https:\/\/italcamara-es.com\/#\/schema\/person\/bb3c56263e405bbd9a15171dcfee93bb"},"breadcrumb":{"@id":"https:\/\/italcamara-es.com\/noticias\/made-film-festival-concurso-corporate-movies\/#breadcrumb"},"inLanguage":"it-IT","potentialAction":[{"@type":"ReadAction","target":["https:\/\/italcamara-es.com\/noticias\/made-film-festival-concurso-corporate-movies\/"]}]},{"@type":"ImageObject","inLanguage":"it-IT","@id":"https:\/\/italcamara-es.com\/noticias\/made-film-festival-concurso-corporate-movies\/#primaryimage","url":"https:\/\/italcamara-es.com\/wp-content\/uploads\/2025\/03\/made-500.jpg","contentUrl":"https:\/\/italcamara-es.com\/wp-content\/uploads\/2025\/03\/made-500.jpg","width":500,"height":280},{"@type":"BreadcrumbList","@id":"https:\/\/italcamara-es.com\/noticias\/made-film-festival-concurso-corporate-movies\/#breadcrumb","itemListElement":[{"@type":"ListItem","position":1,"name":"Inicio","item":"https:\/\/italcamara-es.com\/"},{"@type":"ListItem","position":2,"name":"MADE Film Festival: Concorso Corporate Movies"}]},{"@type":"WebSite","@id":"https:\/\/italcamara-es.com\/#website","url":"https:\/\/italcamara-es.com\/","name":"Italcamara","description":"","potentialAction":[{"@type":"SearchAction","target":{"@type":"EntryPoint","urlTemplate":"https:\/\/italcamara-es.com\/?s={search_term_string}"},"query-input":{"@type":"PropertyValueSpecification","valueRequired":true,"valueName":"search_term_string"}}],"inLanguage":"it-IT"},{"@type":"Person","@id":"https:\/\/italcamara-es.com\/#\/schema\/person\/bb3c56263e405bbd9a15171dcfee93bb","name":"administrador","image":{"@type":"ImageObject","inLanguage":"it-IT","@id":"https:\/\/secure.gravatar.com\/avatar\/14b5e63db38320b12031bb28cf9f77e210aa71fb3a8a3602a3c9a05134fa75eb?s=96&d=mm&r=g","url":"https:\/\/secure.gravatar.com\/avatar\/14b5e63db38320b12031bb28cf9f77e210aa71fb3a8a3602a3c9a05134fa75eb?s=96&d=mm&r=g","contentUrl":"https:\/\/secure.gravatar.com\/avatar\/14b5e63db38320b12031bb28cf9f77e210aa71fb3a8a3602a3c9a05134fa75eb?s=96&d=mm&r=g","caption":"administrador"},"sameAs":["http:\/\/pre.italcamara-es.com"],"url":"https:\/\/italcamara-es.com\/it\/author\/administrador\/"}]}},"rttpg_featured_image_url":{"full":["https:\/\/italcamara-es.com\/wp-content\/uploads\/2025\/03\/made-500.jpg",500,280,false],"landscape":["https:\/\/italcamara-es.com\/wp-content\/uploads\/2025\/03\/made-500.jpg",500,280,false],"portraits":["https:\/\/italcamara-es.com\/wp-content\/uploads\/2025\/03\/made-500.jpg",500,280,false],"thumbnail":["https:\/\/italcamara-es.com\/wp-content\/uploads\/2025\/03\/made-500-150x150.jpg",150,150,true],"medium":["https:\/\/italcamara-es.com\/wp-content\/uploads\/2025\/03\/made-500-300x168.jpg",300,168,true],"large":["https:\/\/italcamara-es.com\/wp-content\/uploads\/2025\/03\/made-500.jpg",500,280,false],"1536x1536":["https:\/\/italcamara-es.com\/wp-content\/uploads\/2025\/03\/made-500.jpg",500,280,false],"2048x2048":["https:\/\/italcamara-es.com\/wp-content\/uploads\/2025\/03\/made-500.jpg",500,280,false],"ocean-thumb-m":["https:\/\/italcamara-es.com\/wp-content\/uploads\/2025\/03\/made-500.jpg",500,280,false],"ocean-thumb-ml":["https:\/\/italcamara-es.com\/wp-content\/uploads\/2025\/03\/made-500.jpg",500,280,false],"ocean-thumb-l":["https:\/\/italcamara-es.com\/wp-content\/uploads\/2025\/03\/made-500.jpg",500,280,false],"directorist_preview":["https:\/\/italcamara-es.com\/wp-content\/uploads\/2025\/03\/made-500.jpg",500,280,false]},"rttpg_author":{"display_name":"administrador","author_link":"https:\/\/italcamara-es.com\/it\/author\/administrador\/"},"rttpg_comment":0,"rttpg_category":"<a href=\"https:\/\/italcamara-es.com\/it\/category\/notizie\/\" rel=\"category tag\">Notizie<\/a>","rttpg_excerpt":"Nell\u2019ambito di \u201cBergamo Brescia Capitale Italiana della Cultura 2023\u201d, la Camera di commercio di Bergamo ha ideato MADE Film Festival, iniziativa che si svolger\u00e0 a Bergamo dal 22 al 24 settembre 2023 e che intende valorizzare la memoria storica e il fare impresa attraverso l&#8217;utilizzo del linguaggio audiovisivo ovvero qualsiasi tipo di contenuto video creato&hellip;","_links":{"self":[{"href":"https:\/\/italcamara-es.com\/it\/wp-json\/wp\/v2\/posts\/57061","targetHints":{"allow":["GET"]}}],"collection":[{"href":"https:\/\/italcamara-es.com\/it\/wp-json\/wp\/v2\/posts"}],"about":[{"href":"https:\/\/italcamara-es.com\/it\/wp-json\/wp\/v2\/types\/post"}],"author":[{"embeddable":true,"href":"https:\/\/italcamara-es.com\/it\/wp-json\/wp\/v2\/users\/1"}],"replies":[{"embeddable":true,"href":"https:\/\/italcamara-es.com\/it\/wp-json\/wp\/v2\/comments?post=57061"}],"version-history":[{"count":1,"href":"https:\/\/italcamara-es.com\/it\/wp-json\/wp\/v2\/posts\/57061\/revisions"}],"predecessor-version":[{"id":58970,"href":"https:\/\/italcamara-es.com\/it\/wp-json\/wp\/v2\/posts\/57061\/revisions\/58970"}],"wp:featuredmedia":[{"embeddable":true,"href":"https:\/\/italcamara-es.com\/it\/wp-json\/wp\/v2\/media\/52729"}],"wp:attachment":[{"href":"https:\/\/italcamara-es.com\/it\/wp-json\/wp\/v2\/media?parent=57061"}],"wp:term":[{"taxonomy":"category","embeddable":true,"href":"https:\/\/italcamara-es.com\/it\/wp-json\/wp\/v2\/categories?post=57061"},{"taxonomy":"post_tag","embeddable":true,"href":"https:\/\/italcamara-es.com\/it\/wp-json\/wp\/v2\/tags?post=57061"}],"curies":[{"name":"wp","href":"https:\/\/api.w.org\/{rel}","templated":true}]}}