	{"id":57064,"date":"2023-06-26T08:12:06","date_gmt":"2023-06-26T06:12:06","guid":{"rendered":"http:\/\/pre.italcamara-es.com\/senza-categoria\/erg-consolida-il-suo-portafoglio-spagnolo-con-il-progetto-garnacha-solar\/"},"modified":"2025-09-30T15:04:16","modified_gmt":"2025-09-30T13:04:16","slug":"erg-consolida-il-suo-portafoglio-spagnolo-con-il-progetto-garnacha-solar","status":"publish","type":"post","link":"https:\/\/italcamara-es.com\/it\/notizie\/erg-consolida-il-suo-portafoglio-spagnolo-con-il-progetto-garnacha-solar\/","title":{"rendered":"ERG consolida il suo portafoglio spagnolo con il progetto Garnacha Solar"},"content":{"rendered":"\n<p>L&#8217;azienda energetica italiana <strong>ERG<\/strong> ha raggiunto un accordo per l&#8217;acquisizione del 100% dell&#8217;impianto fotovoltaico <strong>Garnacha Solar<\/strong>, situato a Toro (Zamora). L&#8217;impianto, che avr\u00e0 una capacit\u00e0 installata di 149 megawatt di picco, \u00e8 in fase avanzata di costruzione ed entrer\u00e0 in esercizio commerciale nell&#8217;ultimo trimestre di quest&#8217;anno. La chiusura dell&#8217;operazione \u00e8 prevista per il trimestre precedente. Il prezzo \u00e8 stato fissato a 170 milioni di euro, con un valore patrimoniale di <strong>80,5 milioni di euro<\/strong>.<\/p>\n\n\n\n<p>L&#8217;acquisto consolida la <strong>presenza di ERG in Spagna<\/strong>, moltiplicando la sua capacit\u00e0 installata. L&#8217;azienda, arrivata in Spagna nel 2021, ha acquisito due progetti nello stesso anno, uno in Castilla-La Mancha, con 50 megawatt di picco, e un altro in Andalusia, con 41,6 megawatt di picco. Dopo la chiusura della transazione, aumenter\u00e0 la sua capacit\u00e0 a <strong>pi\u00f9 di 240 megawatt di picco<\/strong>.<\/p>\n\n\n\n<p class=\"has-medium-font-size\">Contratto di acquisto della durata di 12 anni<\/p>\n\n\n\n<p>L&#8217;accordo con il venditore, la societ\u00e0 tedesca IBV Solar Parks, impegna ERG o una sua controllata ad acquistare il 100% delle azioni della societ\u00e0 Garnacha Solar, SL, proprietaria dell&#8217;omonimo impianto solare, situato nella provincia di Zamora nella zona di Castiglia e Le\u00f3n. Una delle sue attrattive \u00e8 l&#8217;accordo di acquisto (PPA) in base al quale il 70% della sua produzione \u00e8 stato contrattato con una multinazionale <strong>per i prossimi dodici anni<\/strong>.<\/p>\n\n\n\n<p>L&#8217;impianto sar\u00e0 dotato di pannelli fotovoltaici bifacciali di ultima generazione con sistema di monitoraggio, il che consentir\u00e0 di raggiungere un fattore di capacit\u00e0 del 22%. Secondo questo dato, che confronta la produzione effettiva con quella massima raggiungibile, Garnacha Solar produrr\u00e0 circa <strong>280 gigawattora all&#8217;anno<\/strong>.<\/p>\n\n\n\n<p>Spiega <strong>Paolo Merli<\/strong>, Amministratore Delegato di ERG: &#8220;L&#8217;acquisizione dell&#8217;impianto solare di Garnacha, il pi\u00f9 grande in termini di capacit\u00e0 del portafoglio di rinnovabili del Gruppo, consolida la nostra presenza in Spagna, dove entro la fine dell&#8217;anno raggiungeremo 266 megawatt di capacit\u00e0 installata di picco, con un portafoglio di oltre un gigawatt di energia solare in fase di sviluppo. Con questa operazione ERG raggiunge un importante posizionamento nel Paese, con possibili future sinergie industriali, nell&#8217;ambito del processo di diversificazione geografica e tecnologica previsto dal piano industriale 2022-2026&#8221;.<\/p>\n\n\n\n<p>Fonte: <a href=\"https:\/\/www.investinspain.org\/en\/index\" title=\"Invest in Spain\">Invest in Spain<\/a><\/p>\n","protected":false},"excerpt":{"rendered":"<p>L&#8217;azienda energetica italiana ERG ha raggiunto un accordo per l&#8217;acquisizione del 100% dell&#8217;impianto fotovoltaico Garnacha Solar, situato a Toro (Zamora). L&#8217;impianto, che avr\u00e0 una capacit\u00e0 installata di 149 megawatt di picco, \u00e8 in fase avanzata di costruzione ed entrer\u00e0 in esercizio commerciale nell&#8217;ultimo trimestre di quest&#8217;anno. La chiusura dell&#8217;operazione \u00e8 prevista per il trimestre precedente. [&hellip;]<\/p>\n","protected":false},"author":1,"featured_media":52735,"comment_status":"open","ping_status":"open","sticky":false,"template":"","format":"standard","meta":{"inline_featured_image":false,"ocean_post_layout":"","ocean_both_sidebars_style":"","ocean_both_sidebars_content_width":0,"ocean_both_sidebars_sidebars_width":0,"ocean_sidebar":"","ocean_second_sidebar":"","ocean_disable_margins":"enable","ocean_add_body_class":"","ocean_shortcode_before_top_bar":"","ocean_shortcode_after_top_bar":"","ocean_shortcode_before_header":"","ocean_shortcode_after_header":"","ocean_has_shortcode":"","ocean_shortcode_after_title":"","ocean_shortcode_before_footer_widgets":"","ocean_shortcode_after_footer_widgets":"","ocean_shortcode_before_footer_bottom":"","ocean_shortcode_after_footer_bottom":"","ocean_display_top_bar":"default","ocean_display_header":"default","ocean_header_style":"","ocean_center_header_left_menu":"","ocean_custom_header_template":"","ocean_custom_logo":0,"ocean_custom_retina_logo":0,"ocean_custom_logo_max_width":0,"ocean_custom_logo_tablet_max_width":0,"ocean_custom_logo_mobile_max_width":0,"ocean_custom_logo_max_height":0,"ocean_custom_logo_tablet_max_height":0,"ocean_custom_logo_mobile_max_height":0,"ocean_header_custom_menu":"","ocean_menu_typo_font_family":"","ocean_menu_typo_font_subset":"","ocean_menu_typo_font_size":0,"ocean_menu_typo_font_size_tablet":0,"ocean_menu_typo_font_size_mobile":0,"ocean_menu_typo_font_size_unit":"px","ocean_menu_typo_font_weight":"","ocean_menu_typo_font_weight_tablet":"","ocean_menu_typo_font_weight_mobile":"","ocean_menu_typo_transform":"","ocean_menu_typo_transform_tablet":"","ocean_menu_typo_transform_mobile":"","ocean_menu_typo_line_height":0,"ocean_menu_typo_line_height_tablet":0,"ocean_menu_typo_line_height_mobile":0,"ocean_menu_typo_line_height_unit":"","ocean_menu_typo_spacing":0,"ocean_menu_typo_spacing_tablet":0,"ocean_menu_typo_spacing_mobile":0,"ocean_menu_typo_spacing_unit":"","ocean_menu_link_color":"","ocean_menu_link_color_hover":"","ocean_menu_link_color_active":"","ocean_menu_link_background":"","ocean_menu_link_hover_background":"","ocean_menu_link_active_background":"","ocean_menu_social_links_bg":"","ocean_menu_social_hover_links_bg":"","ocean_menu_social_links_color":"","ocean_menu_social_hover_links_color":"","ocean_disable_title":"default","ocean_disable_heading":"default","ocean_post_title":"","ocean_post_subheading":"","ocean_post_title_style":"","ocean_post_title_background_color":"","ocean_post_title_background":0,"ocean_post_title_bg_image_position":"","ocean_post_title_bg_image_attachment":"","ocean_post_title_bg_image_repeat":"","ocean_post_title_bg_image_size":"","ocean_post_title_height":0,"ocean_post_title_bg_overlay":0.5,"ocean_post_title_bg_overlay_color":"","ocean_disable_breadcrumbs":"default","ocean_breadcrumbs_color":"","ocean_breadcrumbs_separator_color":"","ocean_breadcrumbs_links_color":"","ocean_breadcrumbs_links_hover_color":"","ocean_display_footer_widgets":"default","ocean_display_footer_bottom":"default","ocean_custom_footer_template":"","ocean_post_oembed":"","ocean_post_self_hosted_media":"","ocean_post_video_embed":"","ocean_link_format":"","ocean_link_format_target":"self","ocean_quote_format":"","ocean_quote_format_link":"post","ocean_gallery_link_images":"on","ocean_gallery_id":[],"footnotes":""},"categories":[133],"tags":[206],"class_list":["post-57064","post","type-post","status-publish","format-standard","has-post-thumbnail","hentry","category-notizie","tag-noticias-de-socios-it","entry","has-media"],"yoast_head":"<!-- This site is optimized with the Yoast SEO plugin v27.4 - https:\/\/yoast.com\/product\/yoast-seo-wordpress\/ -->\n<title>ERG consolida il suo portafoglio spagnolo con il progetto Garnacha Solar - Italcamara<\/title>\n<meta name=\"robots\" content=\"index, follow, max-snippet:-1, max-image-preview:large, max-video-preview:-1\" \/>\n<link rel=\"canonical\" href=\"https:\/\/italcamara-es.com\/noticias\/erg-consolida-su-portafolio-espanol-con-el-proyecto-garnacha-solar\/\" \/>\n<meta property=\"og:locale\" content=\"it_IT\" \/>\n<meta property=\"og:type\" content=\"article\" \/>\n<meta property=\"og:title\" content=\"ERG consolida il suo portafoglio spagnolo con il progetto Garnacha Solar - Italcamara\" \/>\n<meta property=\"og:description\" content=\"L&#8217;azienda energetica italiana ERG ha raggiunto un accordo per l&#8217;acquisizione del 100% dell&#8217;impianto fotovoltaico Garnacha Solar, situato a Toro (Zamora). L&#8217;impianto, che avr\u00e0 una capacit\u00e0 installata di 149 megawatt di picco, \u00e8 in fase avanzata di costruzione ed entrer\u00e0 in esercizio commerciale nell&#8217;ultimo trimestre di quest&#8217;anno. La chiusura dell&#8217;operazione \u00e8 prevista per il trimestre precedente. [&hellip;]\" \/>\n<meta property=\"og:url\" content=\"https:\/\/italcamara-es.com\/noticias\/erg-consolida-su-portafolio-espanol-con-el-proyecto-garnacha-solar\/\" \/>\n<meta property=\"og:site_name\" content=\"Italcamara\" \/>\n<meta property=\"article:published_time\" content=\"2023-06-26T06:12:06+00:00\" \/>\n<meta property=\"article:modified_time\" content=\"2025-09-30T13:04:16+00:00\" \/>\n<meta property=\"og:image\" content=\"https:\/\/italcamara-es.com\/wp-content\/uploads\/2025\/03\/Foto-articolo.jpg\" \/>\n\t<meta property=\"og:image:width\" content=\"500\" \/>\n\t<meta property=\"og:image:height\" content=\"280\" \/>\n\t<meta property=\"og:image:type\" content=\"image\/jpeg\" \/>\n<meta name=\"author\" content=\"administrador\" \/>\n<meta name=\"twitter:card\" content=\"summary_large_image\" \/>\n<meta name=\"twitter:label1\" content=\"Scritto da\" \/>\n\t<meta name=\"twitter:data1\" content=\"administrador\" \/>\n\t<meta name=\"twitter:label2\" content=\"Tempo di lettura stimato\" \/>\n\t<meta name=\"twitter:data2\" content=\"2 minuti\" \/>\n<script type=\"application\/ld+json\" class=\"yoast-schema-graph\">{\"@context\":\"https:\\\/\\\/schema.org\",\"@graph\":[{\"@type\":\"Article\",\"@id\":\"https:\\\/\\\/italcamara-es.com\\\/noticias\\\/erg-consolida-su-portafolio-espanol-con-el-proyecto-garnacha-solar\\\/#article\",\"isPartOf\":{\"@id\":\"https:\\\/\\\/italcamara-es.com\\\/noticias\\\/erg-consolida-su-portafolio-espanol-con-el-proyecto-garnacha-solar\\\/\"},\"author\":{\"name\":\"administrador\",\"@id\":\"https:\\\/\\\/italcamara-es.com\\\/#\\\/schema\\\/person\\\/bb3c56263e405bbd9a15171dcfee93bb\"},\"headline\":\"ERG consolida il suo portafoglio spagnolo con il progetto Garnacha Solar\",\"datePublished\":\"2023-06-26T06:12:06+00:00\",\"dateModified\":\"2025-09-30T13:04:16+00:00\",\"mainEntityOfPage\":{\"@id\":\"https:\\\/\\\/italcamara-es.com\\\/noticias\\\/erg-consolida-su-portafolio-espanol-con-el-proyecto-garnacha-solar\\\/\"},\"wordCount\":359,\"commentCount\":0,\"image\":{\"@id\":\"https:\\\/\\\/italcamara-es.com\\\/noticias\\\/erg-consolida-su-portafolio-espanol-con-el-proyecto-garnacha-solar\\\/#primaryimage\"},\"thumbnailUrl\":\"https:\\\/\\\/italcamara-es.com\\\/wp-content\\\/uploads\\\/2025\\\/03\\\/Foto-articolo.jpg\",\"keywords\":[\"Notizie dei soci\"],\"articleSection\":[\"Notizie\"],\"inLanguage\":\"it-IT\",\"potentialAction\":[{\"@type\":\"CommentAction\",\"name\":\"Comment\",\"target\":[\"https:\\\/\\\/italcamara-es.com\\\/noticias\\\/erg-consolida-su-portafolio-espanol-con-el-proyecto-garnacha-solar\\\/#respond\"]}]},{\"@type\":\"WebPage\",\"@id\":\"https:\\\/\\\/italcamara-es.com\\\/noticias\\\/erg-consolida-su-portafolio-espanol-con-el-proyecto-garnacha-solar\\\/\",\"url\":\"https:\\\/\\\/italcamara-es.com\\\/noticias\\\/erg-consolida-su-portafolio-espanol-con-el-proyecto-garnacha-solar\\\/\",\"name\":\"ERG consolida il suo portafoglio spagnolo con il progetto Garnacha Solar - Italcamara\",\"isPartOf\":{\"@id\":\"https:\\\/\\\/italcamara-es.com\\\/#website\"},\"primaryImageOfPage\":{\"@id\":\"https:\\\/\\\/italcamara-es.com\\\/noticias\\\/erg-consolida-su-portafolio-espanol-con-el-proyecto-garnacha-solar\\\/#primaryimage\"},\"image\":{\"@id\":\"https:\\\/\\\/italcamara-es.com\\\/noticias\\\/erg-consolida-su-portafolio-espanol-con-el-proyecto-garnacha-solar\\\/#primaryimage\"},\"thumbnailUrl\":\"https:\\\/\\\/italcamara-es.com\\\/wp-content\\\/uploads\\\/2025\\\/03\\\/Foto-articolo.jpg\",\"datePublished\":\"2023-06-26T06:12:06+00:00\",\"dateModified\":\"2025-09-30T13:04:16+00:00\",\"author\":{\"@id\":\"https:\\\/\\\/italcamara-es.com\\\/#\\\/schema\\\/person\\\/bb3c56263e405bbd9a15171dcfee93bb\"},\"breadcrumb\":{\"@id\":\"https:\\\/\\\/italcamara-es.com\\\/noticias\\\/erg-consolida-su-portafolio-espanol-con-el-proyecto-garnacha-solar\\\/#breadcrumb\"},\"inLanguage\":\"it-IT\",\"potentialAction\":[{\"@type\":\"ReadAction\",\"target\":[\"https:\\\/\\\/italcamara-es.com\\\/noticias\\\/erg-consolida-su-portafolio-espanol-con-el-proyecto-garnacha-solar\\\/\"]}]},{\"@type\":\"ImageObject\",\"inLanguage\":\"it-IT\",\"@id\":\"https:\\\/\\\/italcamara-es.com\\\/noticias\\\/erg-consolida-su-portafolio-espanol-con-el-proyecto-garnacha-solar\\\/#primaryimage\",\"url\":\"https:\\\/\\\/italcamara-es.com\\\/wp-content\\\/uploads\\\/2025\\\/03\\\/Foto-articolo.jpg\",\"contentUrl\":\"https:\\\/\\\/italcamara-es.com\\\/wp-content\\\/uploads\\\/2025\\\/03\\\/Foto-articolo.jpg\",\"width\":500,\"height\":280},{\"@type\":\"BreadcrumbList\",\"@id\":\"https:\\\/\\\/italcamara-es.com\\\/noticias\\\/erg-consolida-su-portafolio-espanol-con-el-proyecto-garnacha-solar\\\/#breadcrumb\",\"itemListElement\":[{\"@type\":\"ListItem\",\"position\":1,\"name\":\"Inicio\",\"item\":\"https:\\\/\\\/italcamara-es.com\\\/it\\\/homepage-ita\\\/\"},{\"@type\":\"ListItem\",\"position\":2,\"name\":\"ERG consolida il suo portafoglio spagnolo con il progetto Garnacha Solar\"}]},{\"@type\":\"WebSite\",\"@id\":\"https:\\\/\\\/italcamara-es.com\\\/#website\",\"url\":\"https:\\\/\\\/italcamara-es.com\\\/\",\"name\":\"Italcamara\",\"description\":\"\",\"potentialAction\":[{\"@type\":\"SearchAction\",\"target\":{\"@type\":\"EntryPoint\",\"urlTemplate\":\"https:\\\/\\\/italcamara-es.com\\\/?s={search_term_string}\"},\"query-input\":{\"@type\":\"PropertyValueSpecification\",\"valueRequired\":true,\"valueName\":\"search_term_string\"}}],\"inLanguage\":\"it-IT\"},{\"@type\":\"Person\",\"@id\":\"https:\\\/\\\/italcamara-es.com\\\/#\\\/schema\\\/person\\\/bb3c56263e405bbd9a15171dcfee93bb\",\"name\":\"administrador\",\"image\":{\"@type\":\"ImageObject\",\"inLanguage\":\"it-IT\",\"@id\":\"https:\\\/\\\/secure.gravatar.com\\\/avatar\\\/14b5e63db38320b12031bb28cf9f77e210aa71fb3a8a3602a3c9a05134fa75eb?s=96&d=mm&r=g\",\"url\":\"https:\\\/\\\/secure.gravatar.com\\\/avatar\\\/14b5e63db38320b12031bb28cf9f77e210aa71fb3a8a3602a3c9a05134fa75eb?s=96&d=mm&r=g\",\"contentUrl\":\"https:\\\/\\\/secure.gravatar.com\\\/avatar\\\/14b5e63db38320b12031bb28cf9f77e210aa71fb3a8a3602a3c9a05134fa75eb?s=96&d=mm&r=g\",\"caption\":\"administrador\"},\"sameAs\":[\"http:\\\/\\\/pre.italcamara-es.com\"],\"url\":\"https:\\\/\\\/italcamara-es.com\\\/it\\\/author\\\/administrador\\\/\"}]}<\/script>\n<!-- \/ Yoast SEO plugin. -->","yoast_head_json":{"title":"ERG consolida il suo portafoglio spagnolo con il progetto Garnacha Solar - Italcamara","robots":{"index":"index","follow":"follow","max-snippet":"max-snippet:-1","max-image-preview":"max-image-preview:large","max-video-preview":"max-video-preview:-1"},"canonical":"https:\/\/italcamara-es.com\/noticias\/erg-consolida-su-portafolio-espanol-con-el-proyecto-garnacha-solar\/","og_locale":"it_IT","og_type":"article","og_title":"ERG consolida il suo portafoglio spagnolo con il progetto Garnacha Solar - Italcamara","og_description":"L&#8217;azienda energetica italiana ERG ha raggiunto un accordo per l&#8217;acquisizione del 100% dell&#8217;impianto fotovoltaico Garnacha Solar, situato a Toro (Zamora). L&#8217;impianto, che avr\u00e0 una capacit\u00e0 installata di 149 megawatt di picco, \u00e8 in fase avanzata di costruzione ed entrer\u00e0 in esercizio commerciale nell&#8217;ultimo trimestre di quest&#8217;anno. La chiusura dell&#8217;operazione \u00e8 prevista per il trimestre precedente. [&hellip;]","og_url":"https:\/\/italcamara-es.com\/noticias\/erg-consolida-su-portafolio-espanol-con-el-proyecto-garnacha-solar\/","og_site_name":"Italcamara","article_published_time":"2023-06-26T06:12:06+00:00","article_modified_time":"2025-09-30T13:04:16+00:00","og_image":[{"width":500,"height":280,"url":"https:\/\/italcamara-es.com\/wp-content\/uploads\/2025\/03\/Foto-articolo.jpg","type":"image\/jpeg"}],"author":"administrador","twitter_card":"summary_large_image","twitter_misc":{"Scritto da":"administrador","Tempo di lettura stimato":"2 minuti"},"schema":{"@context":"https:\/\/schema.org","@graph":[{"@type":"Article","@id":"https:\/\/italcamara-es.com\/noticias\/erg-consolida-su-portafolio-espanol-con-el-proyecto-garnacha-solar\/#article","isPartOf":{"@id":"https:\/\/italcamara-es.com\/noticias\/erg-consolida-su-portafolio-espanol-con-el-proyecto-garnacha-solar\/"},"author":{"name":"administrador","@id":"https:\/\/italcamara-es.com\/#\/schema\/person\/bb3c56263e405bbd9a15171dcfee93bb"},"headline":"ERG consolida il suo portafoglio spagnolo con il progetto Garnacha Solar","datePublished":"2023-06-26T06:12:06+00:00","dateModified":"2025-09-30T13:04:16+00:00","mainEntityOfPage":{"@id":"https:\/\/italcamara-es.com\/noticias\/erg-consolida-su-portafolio-espanol-con-el-proyecto-garnacha-solar\/"},"wordCount":359,"commentCount":0,"image":{"@id":"https:\/\/italcamara-es.com\/noticias\/erg-consolida-su-portafolio-espanol-con-el-proyecto-garnacha-solar\/#primaryimage"},"thumbnailUrl":"https:\/\/italcamara-es.com\/wp-content\/uploads\/2025\/03\/Foto-articolo.jpg","keywords":["Notizie dei soci"],"articleSection":["Notizie"],"inLanguage":"it-IT","potentialAction":[{"@type":"CommentAction","name":"Comment","target":["https:\/\/italcamara-es.com\/noticias\/erg-consolida-su-portafolio-espanol-con-el-proyecto-garnacha-solar\/#respond"]}]},{"@type":"WebPage","@id":"https:\/\/italcamara-es.com\/noticias\/erg-consolida-su-portafolio-espanol-con-el-proyecto-garnacha-solar\/","url":"https:\/\/italcamara-es.com\/noticias\/erg-consolida-su-portafolio-espanol-con-el-proyecto-garnacha-solar\/","name":"ERG consolida il suo portafoglio spagnolo con il progetto Garnacha Solar - Italcamara","isPartOf":{"@id":"https:\/\/italcamara-es.com\/#website"},"primaryImageOfPage":{"@id":"https:\/\/italcamara-es.com\/noticias\/erg-consolida-su-portafolio-espanol-con-el-proyecto-garnacha-solar\/#primaryimage"},"image":{"@id":"https:\/\/italcamara-es.com\/noticias\/erg-consolida-su-portafolio-espanol-con-el-proyecto-garnacha-solar\/#primaryimage"},"thumbnailUrl":"https:\/\/italcamara-es.com\/wp-content\/uploads\/2025\/03\/Foto-articolo.jpg","datePublished":"2023-06-26T06:12:06+00:00","dateModified":"2025-09-30T13:04:16+00:00","author":{"@id":"https:\/\/italcamara-es.com\/#\/schema\/person\/bb3c56263e405bbd9a15171dcfee93bb"},"breadcrumb":{"@id":"https:\/\/italcamara-es.com\/noticias\/erg-consolida-su-portafolio-espanol-con-el-proyecto-garnacha-solar\/#breadcrumb"},"inLanguage":"it-IT","potentialAction":[{"@type":"ReadAction","target":["https:\/\/italcamara-es.com\/noticias\/erg-consolida-su-portafolio-espanol-con-el-proyecto-garnacha-solar\/"]}]},{"@type":"ImageObject","inLanguage":"it-IT","@id":"https:\/\/italcamara-es.com\/noticias\/erg-consolida-su-portafolio-espanol-con-el-proyecto-garnacha-solar\/#primaryimage","url":"https:\/\/italcamara-es.com\/wp-content\/uploads\/2025\/03\/Foto-articolo.jpg","contentUrl":"https:\/\/italcamara-es.com\/wp-content\/uploads\/2025\/03\/Foto-articolo.jpg","width":500,"height":280},{"@type":"BreadcrumbList","@id":"https:\/\/italcamara-es.com\/noticias\/erg-consolida-su-portafolio-espanol-con-el-proyecto-garnacha-solar\/#breadcrumb","itemListElement":[{"@type":"ListItem","position":1,"name":"Inicio","item":"https:\/\/italcamara-es.com\/it\/homepage-ita\/"},{"@type":"ListItem","position":2,"name":"ERG consolida il suo portafoglio spagnolo con il progetto Garnacha Solar"}]},{"@type":"WebSite","@id":"https:\/\/italcamara-es.com\/#website","url":"https:\/\/italcamara-es.com\/","name":"Italcamara","description":"","potentialAction":[{"@type":"SearchAction","target":{"@type":"EntryPoint","urlTemplate":"https:\/\/italcamara-es.com\/?s={search_term_string}"},"query-input":{"@type":"PropertyValueSpecification","valueRequired":true,"valueName":"search_term_string"}}],"inLanguage":"it-IT"},{"@type":"Person","@id":"https:\/\/italcamara-es.com\/#\/schema\/person\/bb3c56263e405bbd9a15171dcfee93bb","name":"administrador","image":{"@type":"ImageObject","inLanguage":"it-IT","@id":"https:\/\/secure.gravatar.com\/avatar\/14b5e63db38320b12031bb28cf9f77e210aa71fb3a8a3602a3c9a05134fa75eb?s=96&d=mm&r=g","url":"https:\/\/secure.gravatar.com\/avatar\/14b5e63db38320b12031bb28cf9f77e210aa71fb3a8a3602a3c9a05134fa75eb?s=96&d=mm&r=g","contentUrl":"https:\/\/secure.gravatar.com\/avatar\/14b5e63db38320b12031bb28cf9f77e210aa71fb3a8a3602a3c9a05134fa75eb?s=96&d=mm&r=g","caption":"administrador"},"sameAs":["http:\/\/pre.italcamara-es.com"],"url":"https:\/\/italcamara-es.com\/it\/author\/administrador\/"}]}},"rttpg_featured_image_url":{"full":["https:\/\/italcamara-es.com\/wp-content\/uploads\/2025\/03\/Foto-articolo.jpg",500,280,false],"landscape":["https:\/\/italcamara-es.com\/wp-content\/uploads\/2025\/03\/Foto-articolo.jpg",500,280,false],"portraits":["https:\/\/italcamara-es.com\/wp-content\/uploads\/2025\/03\/Foto-articolo.jpg",500,280,false],"thumbnail":["https:\/\/italcamara-es.com\/wp-content\/uploads\/2025\/03\/Foto-articolo-150x150.jpg",150,150,true],"medium":["https:\/\/italcamara-es.com\/wp-content\/uploads\/2025\/03\/Foto-articolo-300x168.jpg",300,168,true],"large":["https:\/\/italcamara-es.com\/wp-content\/uploads\/2025\/03\/Foto-articolo.jpg",500,280,false],"1536x1536":["https:\/\/italcamara-es.com\/wp-content\/uploads\/2025\/03\/Foto-articolo.jpg",500,280,false],"2048x2048":["https:\/\/italcamara-es.com\/wp-content\/uploads\/2025\/03\/Foto-articolo.jpg",500,280,false],"ocean-thumb-m":["https:\/\/italcamara-es.com\/wp-content\/uploads\/2025\/03\/Foto-articolo.jpg",500,280,false],"ocean-thumb-ml":["https:\/\/italcamara-es.com\/wp-content\/uploads\/2025\/03\/Foto-articolo.jpg",500,280,false],"ocean-thumb-l":["https:\/\/italcamara-es.com\/wp-content\/uploads\/2025\/03\/Foto-articolo.jpg",500,280,false],"directorist_preview":["https:\/\/italcamara-es.com\/wp-content\/uploads\/2025\/03\/Foto-articolo.jpg",500,280,false]},"rttpg_author":{"display_name":"administrador","author_link":"https:\/\/italcamara-es.com\/it\/author\/administrador\/"},"rttpg_comment":0,"rttpg_category":"<a href=\"https:\/\/italcamara-es.com\/it\/category\/notizie\/\" rel=\"category tag\">Notizie<\/a>","rttpg_excerpt":"L&#8217;azienda energetica italiana ERG ha raggiunto un accordo per l&#8217;acquisizione del 100% dell&#8217;impianto fotovoltaico Garnacha Solar, situato a Toro (Zamora). L&#8217;impianto, che avr\u00e0 una capacit\u00e0 installata di 149 megawatt di picco, \u00e8 in fase avanzata di costruzione ed entrer\u00e0 in esercizio commerciale nell&#8217;ultimo trimestre di quest&#8217;anno. La chiusura dell&#8217;operazione \u00e8 prevista per il trimestre precedente.&hellip;","_links":{"self":[{"href":"https:\/\/italcamara-es.com\/it\/wp-json\/wp\/v2\/posts\/57064","targetHints":{"allow":["GET"]}}],"collection":[{"href":"https:\/\/italcamara-es.com\/it\/wp-json\/wp\/v2\/posts"}],"about":[{"href":"https:\/\/italcamara-es.com\/it\/wp-json\/wp\/v2\/types\/post"}],"author":[{"embeddable":true,"href":"https:\/\/italcamara-es.com\/it\/wp-json\/wp\/v2\/users\/1"}],"replies":[{"embeddable":true,"href":"https:\/\/italcamara-es.com\/it\/wp-json\/wp\/v2\/comments?post=57064"}],"version-history":[{"count":1,"href":"https:\/\/italcamara-es.com\/it\/wp-json\/wp\/v2\/posts\/57064\/revisions"}],"predecessor-version":[{"id":58968,"href":"https:\/\/italcamara-es.com\/it\/wp-json\/wp\/v2\/posts\/57064\/revisions\/58968"}],"wp:featuredmedia":[{"embeddable":true,"href":"https:\/\/italcamara-es.com\/it\/wp-json\/wp\/v2\/media\/52735"}],"wp:attachment":[{"href":"https:\/\/italcamara-es.com\/it\/wp-json\/wp\/v2\/media?parent=57064"}],"wp:term":[{"taxonomy":"category","embeddable":true,"href":"https:\/\/italcamara-es.com\/it\/wp-json\/wp\/v2\/categories?post=57064"},{"taxonomy":"post_tag","embeddable":true,"href":"https:\/\/italcamara-es.com\/it\/wp-json\/wp\/v2\/tags?post=57064"}],"curies":[{"name":"wp","href":"https:\/\/api.w.org\/{rel}","templated":true}]}}