	{"id":57070,"date":"2023-11-14T14:03:52","date_gmt":"2023-11-14T13:03:52","guid":{"rendered":"http:\/\/pre.italcamara-es.com\/senza-categoria\/nicoletta-negrini-tra-le-100-donne-piu-influenti-in-spagna\/"},"modified":"2025-09-30T15:02:48","modified_gmt":"2025-09-30T13:02:48","slug":"nicoletta-negrini-tra-le-100-donne-piu-influenti-in-spagna","status":"publish","type":"post","link":"https:\/\/italcamara-es.com\/it\/notizie\/nicoletta-negrini-tra-le-100-donne-piu-influenti-in-spagna\/","title":{"rendered":"Nicoletta Negrini, tra le 100 donne pi\u00f9 influenti in Spagna"},"content":{"rendered":"\n<p>Per il secondo anno consecutivo la CEO di Negrini SL e Vicepresidente della Camera di Commercio e Industria Italiana per la Spagna, Nicoletta Negrini,  \u00e8 stata inserita dalla rivista Forbe Women nella lista delle 100 donne pi\u00f9 influenti in Spagna.<\/p>\n\n\n\n<figure class=\"wp-block-image size-full is-resized\"><img fetchpriority=\"high\" decoding=\"async\" src=\"https:\/\/www.italcamara-es.com\/wp-content\/uploads\/2023\/11\/directora-ejecutiva.png\" alt=\"\" class=\"wp-image-35048\" width=\"750\" height=\"471\"\/><\/figure>\n\n\n\n<p><\/p>\n\n\n\n<p>Questa prestigiosa menzione \u00e8 frutto della trentennale attivit\u00e0 alla guida di uno dei principali gruppi di distribuzione di prodotti italiani nella penisola iberica, che l&#8217;ha convertita in una vera &#8220;ambasciatrice gastronomica dell&#8217;autentico sapore italiano&#8221; in Spagna, come viene sottolineato dalla rivista, che riconosce in Negrini il merito di aver introdotto nel mercato prodotti emblematici della tradizione agroalimentare italiana quali la mortadella e la mozzarella.<\/p>\n\n\n\n<p><em>Link all&#8217;articolo su Forbes Women: <a href=\"https:\/\/forbeswomen.es\/las-100-mujeres-mas-influyentes-en-espana-2023\/ \">https:\/\/forbeswomen.es\/las-100-mujeres-mas-influyentes-en-espana-2023\/ <\/a><\/em><\/p>\n","protected":false},"excerpt":{"rendered":"<p>Per il secondo anno consecutivo la CEO di Negrini SL e Vicepresidente della Camera di Commercio e Industria Italiana per la Spagna, Nicoletta Negrini, \u00e8 stata inserita dalla rivista Forbe Women nella lista delle 100 donne pi\u00f9 influenti in Spagna. Questa prestigiosa menzione \u00e8 frutto della trentennale attivit\u00e0 alla guida di uno dei principali gruppi [&hellip;]<\/p>\n","protected":false},"author":1,"featured_media":52747,"comment_status":"open","ping_status":"open","sticky":false,"template":"","format":"standard","meta":{"inline_featured_image":false,"ocean_post_layout":"","ocean_both_sidebars_style":"","ocean_both_sidebars_content_width":0,"ocean_both_sidebars_sidebars_width":0,"ocean_sidebar":"","ocean_second_sidebar":"","ocean_disable_margins":"enable","ocean_add_body_class":"","ocean_shortcode_before_top_bar":"","ocean_shortcode_after_top_bar":"","ocean_shortcode_before_header":"","ocean_shortcode_after_header":"","ocean_has_shortcode":"","ocean_shortcode_after_title":"","ocean_shortcode_before_footer_widgets":"","ocean_shortcode_after_footer_widgets":"","ocean_shortcode_before_footer_bottom":"","ocean_shortcode_after_footer_bottom":"","ocean_display_top_bar":"default","ocean_display_header":"default","ocean_header_style":"","ocean_center_header_left_menu":"","ocean_custom_header_template":"","ocean_custom_logo":0,"ocean_custom_retina_logo":0,"ocean_custom_logo_max_width":0,"ocean_custom_logo_tablet_max_width":0,"ocean_custom_logo_mobile_max_width":0,"ocean_custom_logo_max_height":0,"ocean_custom_logo_tablet_max_height":0,"ocean_custom_logo_mobile_max_height":0,"ocean_header_custom_menu":"","ocean_menu_typo_font_family":"","ocean_menu_typo_font_subset":"","ocean_menu_typo_font_size":0,"ocean_menu_typo_font_size_tablet":0,"ocean_menu_typo_font_size_mobile":0,"ocean_menu_typo_font_size_unit":"px","ocean_menu_typo_font_weight":"","ocean_menu_typo_font_weight_tablet":"","ocean_menu_typo_font_weight_mobile":"","ocean_menu_typo_transform":"","ocean_menu_typo_transform_tablet":"","ocean_menu_typo_transform_mobile":"","ocean_menu_typo_line_height":0,"ocean_menu_typo_line_height_tablet":0,"ocean_menu_typo_line_height_mobile":0,"ocean_menu_typo_line_height_unit":"","ocean_menu_typo_spacing":0,"ocean_menu_typo_spacing_tablet":0,"ocean_menu_typo_spacing_mobile":0,"ocean_menu_typo_spacing_unit":"","ocean_menu_link_color":"","ocean_menu_link_color_hover":"","ocean_menu_link_color_active":"","ocean_menu_link_background":"","ocean_menu_link_hover_background":"","ocean_menu_link_active_background":"","ocean_menu_social_links_bg":"","ocean_menu_social_hover_links_bg":"","ocean_menu_social_links_color":"","ocean_menu_social_hover_links_color":"","ocean_disable_title":"default","ocean_disable_heading":"default","ocean_post_title":"","ocean_post_subheading":"","ocean_post_title_style":"","ocean_post_title_background_color":"","ocean_post_title_background":0,"ocean_post_title_bg_image_position":"","ocean_post_title_bg_image_attachment":"","ocean_post_title_bg_image_repeat":"","ocean_post_title_bg_image_size":"","ocean_post_title_height":0,"ocean_post_title_bg_overlay":0.5,"ocean_post_title_bg_overlay_color":"","ocean_disable_breadcrumbs":"default","ocean_breadcrumbs_color":"","ocean_breadcrumbs_separator_color":"","ocean_breadcrumbs_links_color":"","ocean_breadcrumbs_links_hover_color":"","ocean_display_footer_widgets":"default","ocean_display_footer_bottom":"default","ocean_custom_footer_template":"","ocean_post_oembed":"","ocean_post_self_hosted_media":"","ocean_post_video_embed":"","ocean_link_format":"","ocean_link_format_target":"self","ocean_quote_format":"","ocean_quote_format_link":"post","ocean_gallery_link_images":"on","ocean_gallery_id":[],"footnotes":""},"categories":[133],"tags":[206],"class_list":["post-57070","post","type-post","status-publish","format-standard","has-post-thumbnail","hentry","category-notizie","tag-noticias-de-socios-it","entry","has-media"],"yoast_head":"<!-- This site is optimized with the Yoast SEO plugin v27.4 - https:\/\/yoast.com\/product\/yoast-seo-wordpress\/ -->\n<title>Nicoletta Negrini, tra le 100 donne pi\u00f9 influenti in Spagna - Italcamara<\/title>\n<meta name=\"robots\" content=\"index, follow, max-snippet:-1, max-image-preview:large, max-video-preview:-1\" \/>\n<link rel=\"canonical\" href=\"https:\/\/italcamara-es.com\/noticias\/nicoletta-negrini-entre-las-100-mujeres-mas-influyentes-en-espana\/\" \/>\n<meta property=\"og:locale\" content=\"it_IT\" \/>\n<meta property=\"og:type\" content=\"article\" \/>\n<meta property=\"og:title\" content=\"Nicoletta Negrini, tra le 100 donne pi\u00f9 influenti in Spagna - Italcamara\" \/>\n<meta property=\"og:description\" content=\"Per il secondo anno consecutivo la CEO di Negrini SL e Vicepresidente della Camera di Commercio e Industria Italiana per la Spagna, Nicoletta Negrini, \u00e8 stata inserita dalla rivista Forbe Women nella lista delle 100 donne pi\u00f9 influenti in Spagna. Questa prestigiosa menzione \u00e8 frutto della trentennale attivit\u00e0 alla guida di uno dei principali gruppi [&hellip;]\" \/>\n<meta property=\"og:url\" content=\"https:\/\/italcamara-es.com\/noticias\/nicoletta-negrini-entre-las-100-mujeres-mas-influyentes-en-espana\/\" \/>\n<meta property=\"og:site_name\" content=\"Italcamara\" \/>\n<meta property=\"article:published_time\" content=\"2023-11-14T13:03:52+00:00\" \/>\n<meta property=\"article:modified_time\" content=\"2025-09-30T13:02:48+00:00\" \/>\n<meta property=\"og:image\" content=\"https:\/\/italcamara-es.com\/wp-content\/uploads\/2025\/03\/directora-ejecutiva-500.png\" \/>\n\t<meta property=\"og:image:width\" content=\"500\" \/>\n\t<meta property=\"og:image:height\" content=\"280\" \/>\n\t<meta property=\"og:image:type\" content=\"image\/png\" \/>\n<meta name=\"author\" content=\"administrador\" \/>\n<meta name=\"twitter:card\" content=\"summary_large_image\" \/>\n<meta name=\"twitter:label1\" content=\"Scritto da\" \/>\n\t<meta name=\"twitter:data1\" content=\"administrador\" \/>\n\t<meta name=\"twitter:label2\" content=\"Tempo di lettura stimato\" \/>\n\t<meta name=\"twitter:data2\" content=\"1 minuto\" \/>\n<script type=\"application\/ld+json\" class=\"yoast-schema-graph\">{\"@context\":\"https:\\\/\\\/schema.org\",\"@graph\":[{\"@type\":\"Article\",\"@id\":\"https:\\\/\\\/italcamara-es.com\\\/noticias\\\/nicoletta-negrini-entre-las-100-mujeres-mas-influyentes-en-espana\\\/#article\",\"isPartOf\":{\"@id\":\"https:\\\/\\\/italcamara-es.com\\\/noticias\\\/nicoletta-negrini-entre-las-100-mujeres-mas-influyentes-en-espana\\\/\"},\"author\":{\"name\":\"administrador\",\"@id\":\"https:\\\/\\\/italcamara-es.com\\\/#\\\/schema\\\/person\\\/bb3c56263e405bbd9a15171dcfee93bb\"},\"headline\":\"Nicoletta Negrini, tra le 100 donne pi\u00f9 influenti in Spagna\",\"datePublished\":\"2023-11-14T13:03:52+00:00\",\"dateModified\":\"2025-09-30T13:02:48+00:00\",\"mainEntityOfPage\":{\"@id\":\"https:\\\/\\\/italcamara-es.com\\\/noticias\\\/nicoletta-negrini-entre-las-100-mujeres-mas-influyentes-en-espana\\\/\"},\"wordCount\":123,\"commentCount\":0,\"image\":{\"@id\":\"https:\\\/\\\/italcamara-es.com\\\/noticias\\\/nicoletta-negrini-entre-las-100-mujeres-mas-influyentes-en-espana\\\/#primaryimage\"},\"thumbnailUrl\":\"https:\\\/\\\/italcamara-es.com\\\/wp-content\\\/uploads\\\/2025\\\/03\\\/directora-ejecutiva-500.png\",\"keywords\":[\"Notizie dei soci\"],\"articleSection\":[\"Notizie\"],\"inLanguage\":\"it-IT\",\"potentialAction\":[{\"@type\":\"CommentAction\",\"name\":\"Comment\",\"target\":[\"https:\\\/\\\/italcamara-es.com\\\/noticias\\\/nicoletta-negrini-entre-las-100-mujeres-mas-influyentes-en-espana\\\/#respond\"]}]},{\"@type\":\"WebPage\",\"@id\":\"https:\\\/\\\/italcamara-es.com\\\/noticias\\\/nicoletta-negrini-entre-las-100-mujeres-mas-influyentes-en-espana\\\/\",\"url\":\"https:\\\/\\\/italcamara-es.com\\\/noticias\\\/nicoletta-negrini-entre-las-100-mujeres-mas-influyentes-en-espana\\\/\",\"name\":\"Nicoletta Negrini, tra le 100 donne pi\u00f9 influenti in Spagna - Italcamara\",\"isPartOf\":{\"@id\":\"https:\\\/\\\/italcamara-es.com\\\/#website\"},\"primaryImageOfPage\":{\"@id\":\"https:\\\/\\\/italcamara-es.com\\\/noticias\\\/nicoletta-negrini-entre-las-100-mujeres-mas-influyentes-en-espana\\\/#primaryimage\"},\"image\":{\"@id\":\"https:\\\/\\\/italcamara-es.com\\\/noticias\\\/nicoletta-negrini-entre-las-100-mujeres-mas-influyentes-en-espana\\\/#primaryimage\"},\"thumbnailUrl\":\"https:\\\/\\\/italcamara-es.com\\\/wp-content\\\/uploads\\\/2025\\\/03\\\/directora-ejecutiva-500.png\",\"datePublished\":\"2023-11-14T13:03:52+00:00\",\"dateModified\":\"2025-09-30T13:02:48+00:00\",\"author\":{\"@id\":\"https:\\\/\\\/italcamara-es.com\\\/#\\\/schema\\\/person\\\/bb3c56263e405bbd9a15171dcfee93bb\"},\"breadcrumb\":{\"@id\":\"https:\\\/\\\/italcamara-es.com\\\/noticias\\\/nicoletta-negrini-entre-las-100-mujeres-mas-influyentes-en-espana\\\/#breadcrumb\"},\"inLanguage\":\"it-IT\",\"potentialAction\":[{\"@type\":\"ReadAction\",\"target\":[\"https:\\\/\\\/italcamara-es.com\\\/noticias\\\/nicoletta-negrini-entre-las-100-mujeres-mas-influyentes-en-espana\\\/\"]}]},{\"@type\":\"ImageObject\",\"inLanguage\":\"it-IT\",\"@id\":\"https:\\\/\\\/italcamara-es.com\\\/noticias\\\/nicoletta-negrini-entre-las-100-mujeres-mas-influyentes-en-espana\\\/#primaryimage\",\"url\":\"https:\\\/\\\/italcamara-es.com\\\/wp-content\\\/uploads\\\/2025\\\/03\\\/directora-ejecutiva-500.png\",\"contentUrl\":\"https:\\\/\\\/italcamara-es.com\\\/wp-content\\\/uploads\\\/2025\\\/03\\\/directora-ejecutiva-500.png\",\"width\":500,\"height\":280},{\"@type\":\"BreadcrumbList\",\"@id\":\"https:\\\/\\\/italcamara-es.com\\\/noticias\\\/nicoletta-negrini-entre-las-100-mujeres-mas-influyentes-en-espana\\\/#breadcrumb\",\"itemListElement\":[{\"@type\":\"ListItem\",\"position\":1,\"name\":\"Inicio\",\"item\":\"https:\\\/\\\/italcamara-es.com\\\/it\\\/homepage-ita\\\/\"},{\"@type\":\"ListItem\",\"position\":2,\"name\":\"Nicoletta Negrini, tra le 100 donne pi\u00f9 influenti in Spagna\"}]},{\"@type\":\"WebSite\",\"@id\":\"https:\\\/\\\/italcamara-es.com\\\/#website\",\"url\":\"https:\\\/\\\/italcamara-es.com\\\/\",\"name\":\"Italcamara\",\"description\":\"\",\"potentialAction\":[{\"@type\":\"SearchAction\",\"target\":{\"@type\":\"EntryPoint\",\"urlTemplate\":\"https:\\\/\\\/italcamara-es.com\\\/?s={search_term_string}\"},\"query-input\":{\"@type\":\"PropertyValueSpecification\",\"valueRequired\":true,\"valueName\":\"search_term_string\"}}],\"inLanguage\":\"it-IT\"},{\"@type\":\"Person\",\"@id\":\"https:\\\/\\\/italcamara-es.com\\\/#\\\/schema\\\/person\\\/bb3c56263e405bbd9a15171dcfee93bb\",\"name\":\"administrador\",\"image\":{\"@type\":\"ImageObject\",\"inLanguage\":\"it-IT\",\"@id\":\"https:\\\/\\\/secure.gravatar.com\\\/avatar\\\/14b5e63db38320b12031bb28cf9f77e210aa71fb3a8a3602a3c9a05134fa75eb?s=96&d=mm&r=g\",\"url\":\"https:\\\/\\\/secure.gravatar.com\\\/avatar\\\/14b5e63db38320b12031bb28cf9f77e210aa71fb3a8a3602a3c9a05134fa75eb?s=96&d=mm&r=g\",\"contentUrl\":\"https:\\\/\\\/secure.gravatar.com\\\/avatar\\\/14b5e63db38320b12031bb28cf9f77e210aa71fb3a8a3602a3c9a05134fa75eb?s=96&d=mm&r=g\",\"caption\":\"administrador\"},\"sameAs\":[\"http:\\\/\\\/pre.italcamara-es.com\"],\"url\":\"https:\\\/\\\/italcamara-es.com\\\/it\\\/author\\\/administrador\\\/\"}]}<\/script>\n<!-- \/ Yoast SEO plugin. -->","yoast_head_json":{"title":"Nicoletta Negrini, tra le 100 donne pi\u00f9 influenti in Spagna - Italcamara","robots":{"index":"index","follow":"follow","max-snippet":"max-snippet:-1","max-image-preview":"max-image-preview:large","max-video-preview":"max-video-preview:-1"},"canonical":"https:\/\/italcamara-es.com\/noticias\/nicoletta-negrini-entre-las-100-mujeres-mas-influyentes-en-espana\/","og_locale":"it_IT","og_type":"article","og_title":"Nicoletta Negrini, tra le 100 donne pi\u00f9 influenti in Spagna - Italcamara","og_description":"Per il secondo anno consecutivo la CEO di Negrini SL e Vicepresidente della Camera di Commercio e Industria Italiana per la Spagna, Nicoletta Negrini, \u00e8 stata inserita dalla rivista Forbe Women nella lista delle 100 donne pi\u00f9 influenti in Spagna. Questa prestigiosa menzione \u00e8 frutto della trentennale attivit\u00e0 alla guida di uno dei principali gruppi [&hellip;]","og_url":"https:\/\/italcamara-es.com\/noticias\/nicoletta-negrini-entre-las-100-mujeres-mas-influyentes-en-espana\/","og_site_name":"Italcamara","article_published_time":"2023-11-14T13:03:52+00:00","article_modified_time":"2025-09-30T13:02:48+00:00","og_image":[{"width":500,"height":280,"url":"https:\/\/italcamara-es.com\/wp-content\/uploads\/2025\/03\/directora-ejecutiva-500.png","type":"image\/png"}],"author":"administrador","twitter_card":"summary_large_image","twitter_misc":{"Scritto da":"administrador","Tempo di lettura stimato":"1 minuto"},"schema":{"@context":"https:\/\/schema.org","@graph":[{"@type":"Article","@id":"https:\/\/italcamara-es.com\/noticias\/nicoletta-negrini-entre-las-100-mujeres-mas-influyentes-en-espana\/#article","isPartOf":{"@id":"https:\/\/italcamara-es.com\/noticias\/nicoletta-negrini-entre-las-100-mujeres-mas-influyentes-en-espana\/"},"author":{"name":"administrador","@id":"https:\/\/italcamara-es.com\/#\/schema\/person\/bb3c56263e405bbd9a15171dcfee93bb"},"headline":"Nicoletta Negrini, tra le 100 donne pi\u00f9 influenti in Spagna","datePublished":"2023-11-14T13:03:52+00:00","dateModified":"2025-09-30T13:02:48+00:00","mainEntityOfPage":{"@id":"https:\/\/italcamara-es.com\/noticias\/nicoletta-negrini-entre-las-100-mujeres-mas-influyentes-en-espana\/"},"wordCount":123,"commentCount":0,"image":{"@id":"https:\/\/italcamara-es.com\/noticias\/nicoletta-negrini-entre-las-100-mujeres-mas-influyentes-en-espana\/#primaryimage"},"thumbnailUrl":"https:\/\/italcamara-es.com\/wp-content\/uploads\/2025\/03\/directora-ejecutiva-500.png","keywords":["Notizie dei soci"],"articleSection":["Notizie"],"inLanguage":"it-IT","potentialAction":[{"@type":"CommentAction","name":"Comment","target":["https:\/\/italcamara-es.com\/noticias\/nicoletta-negrini-entre-las-100-mujeres-mas-influyentes-en-espana\/#respond"]}]},{"@type":"WebPage","@id":"https:\/\/italcamara-es.com\/noticias\/nicoletta-negrini-entre-las-100-mujeres-mas-influyentes-en-espana\/","url":"https:\/\/italcamara-es.com\/noticias\/nicoletta-negrini-entre-las-100-mujeres-mas-influyentes-en-espana\/","name":"Nicoletta Negrini, tra le 100 donne pi\u00f9 influenti in Spagna - Italcamara","isPartOf":{"@id":"https:\/\/italcamara-es.com\/#website"},"primaryImageOfPage":{"@id":"https:\/\/italcamara-es.com\/noticias\/nicoletta-negrini-entre-las-100-mujeres-mas-influyentes-en-espana\/#primaryimage"},"image":{"@id":"https:\/\/italcamara-es.com\/noticias\/nicoletta-negrini-entre-las-100-mujeres-mas-influyentes-en-espana\/#primaryimage"},"thumbnailUrl":"https:\/\/italcamara-es.com\/wp-content\/uploads\/2025\/03\/directora-ejecutiva-500.png","datePublished":"2023-11-14T13:03:52+00:00","dateModified":"2025-09-30T13:02:48+00:00","author":{"@id":"https:\/\/italcamara-es.com\/#\/schema\/person\/bb3c56263e405bbd9a15171dcfee93bb"},"breadcrumb":{"@id":"https:\/\/italcamara-es.com\/noticias\/nicoletta-negrini-entre-las-100-mujeres-mas-influyentes-en-espana\/#breadcrumb"},"inLanguage":"it-IT","potentialAction":[{"@type":"ReadAction","target":["https:\/\/italcamara-es.com\/noticias\/nicoletta-negrini-entre-las-100-mujeres-mas-influyentes-en-espana\/"]}]},{"@type":"ImageObject","inLanguage":"it-IT","@id":"https:\/\/italcamara-es.com\/noticias\/nicoletta-negrini-entre-las-100-mujeres-mas-influyentes-en-espana\/#primaryimage","url":"https:\/\/italcamara-es.com\/wp-content\/uploads\/2025\/03\/directora-ejecutiva-500.png","contentUrl":"https:\/\/italcamara-es.com\/wp-content\/uploads\/2025\/03\/directora-ejecutiva-500.png","width":500,"height":280},{"@type":"BreadcrumbList","@id":"https:\/\/italcamara-es.com\/noticias\/nicoletta-negrini-entre-las-100-mujeres-mas-influyentes-en-espana\/#breadcrumb","itemListElement":[{"@type":"ListItem","position":1,"name":"Inicio","item":"https:\/\/italcamara-es.com\/it\/homepage-ita\/"},{"@type":"ListItem","position":2,"name":"Nicoletta Negrini, tra le 100 donne pi\u00f9 influenti in Spagna"}]},{"@type":"WebSite","@id":"https:\/\/italcamara-es.com\/#website","url":"https:\/\/italcamara-es.com\/","name":"Italcamara","description":"","potentialAction":[{"@type":"SearchAction","target":{"@type":"EntryPoint","urlTemplate":"https:\/\/italcamara-es.com\/?s={search_term_string}"},"query-input":{"@type":"PropertyValueSpecification","valueRequired":true,"valueName":"search_term_string"}}],"inLanguage":"it-IT"},{"@type":"Person","@id":"https:\/\/italcamara-es.com\/#\/schema\/person\/bb3c56263e405bbd9a15171dcfee93bb","name":"administrador","image":{"@type":"ImageObject","inLanguage":"it-IT","@id":"https:\/\/secure.gravatar.com\/avatar\/14b5e63db38320b12031bb28cf9f77e210aa71fb3a8a3602a3c9a05134fa75eb?s=96&d=mm&r=g","url":"https:\/\/secure.gravatar.com\/avatar\/14b5e63db38320b12031bb28cf9f77e210aa71fb3a8a3602a3c9a05134fa75eb?s=96&d=mm&r=g","contentUrl":"https:\/\/secure.gravatar.com\/avatar\/14b5e63db38320b12031bb28cf9f77e210aa71fb3a8a3602a3c9a05134fa75eb?s=96&d=mm&r=g","caption":"administrador"},"sameAs":["http:\/\/pre.italcamara-es.com"],"url":"https:\/\/italcamara-es.com\/it\/author\/administrador\/"}]}},"rttpg_featured_image_url":{"full":["https:\/\/italcamara-es.com\/wp-content\/uploads\/2025\/03\/directora-ejecutiva-500.png",500,280,false],"landscape":["https:\/\/italcamara-es.com\/wp-content\/uploads\/2025\/03\/directora-ejecutiva-500.png",500,280,false],"portraits":["https:\/\/italcamara-es.com\/wp-content\/uploads\/2025\/03\/directora-ejecutiva-500.png",500,280,false],"thumbnail":["https:\/\/italcamara-es.com\/wp-content\/uploads\/2025\/03\/directora-ejecutiva-500-150x150.png",150,150,true],"medium":["https:\/\/italcamara-es.com\/wp-content\/uploads\/2025\/03\/directora-ejecutiva-500-300x168.png",300,168,true],"large":["https:\/\/italcamara-es.com\/wp-content\/uploads\/2025\/03\/directora-ejecutiva-500.png",500,280,false],"1536x1536":["https:\/\/italcamara-es.com\/wp-content\/uploads\/2025\/03\/directora-ejecutiva-500.png",500,280,false],"2048x2048":["https:\/\/italcamara-es.com\/wp-content\/uploads\/2025\/03\/directora-ejecutiva-500.png",500,280,false],"ocean-thumb-m":["https:\/\/italcamara-es.com\/wp-content\/uploads\/2025\/03\/directora-ejecutiva-500.png",500,280,false],"ocean-thumb-ml":["https:\/\/italcamara-es.com\/wp-content\/uploads\/2025\/03\/directora-ejecutiva-500.png",500,280,false],"ocean-thumb-l":["https:\/\/italcamara-es.com\/wp-content\/uploads\/2025\/03\/directora-ejecutiva-500.png",500,280,false],"directorist_preview":["https:\/\/italcamara-es.com\/wp-content\/uploads\/2025\/03\/directora-ejecutiva-500.png",500,280,false]},"rttpg_author":{"display_name":"administrador","author_link":"https:\/\/italcamara-es.com\/it\/author\/administrador\/"},"rttpg_comment":0,"rttpg_category":"<a href=\"https:\/\/italcamara-es.com\/it\/category\/notizie\/\" rel=\"category tag\">Notizie<\/a>","rttpg_excerpt":"Per il secondo anno consecutivo la CEO di Negrini SL e Vicepresidente della Camera di Commercio e Industria Italiana per la Spagna, Nicoletta Negrini, \u00e8 stata inserita dalla rivista Forbe Women nella lista delle 100 donne pi\u00f9 influenti in Spagna. Questa prestigiosa menzione \u00e8 frutto della trentennale attivit\u00e0 alla guida di uno dei principali gruppi&hellip;","_links":{"self":[{"href":"https:\/\/italcamara-es.com\/it\/wp-json\/wp\/v2\/posts\/57070","targetHints":{"allow":["GET"]}}],"collection":[{"href":"https:\/\/italcamara-es.com\/it\/wp-json\/wp\/v2\/posts"}],"about":[{"href":"https:\/\/italcamara-es.com\/it\/wp-json\/wp\/v2\/types\/post"}],"author":[{"embeddable":true,"href":"https:\/\/italcamara-es.com\/it\/wp-json\/wp\/v2\/users\/1"}],"replies":[{"embeddable":true,"href":"https:\/\/italcamara-es.com\/it\/wp-json\/wp\/v2\/comments?post=57070"}],"version-history":[{"count":1,"href":"https:\/\/italcamara-es.com\/it\/wp-json\/wp\/v2\/posts\/57070\/revisions"}],"predecessor-version":[{"id":58921,"href":"https:\/\/italcamara-es.com\/it\/wp-json\/wp\/v2\/posts\/57070\/revisions\/58921"}],"wp:featuredmedia":[{"embeddable":true,"href":"https:\/\/italcamara-es.com\/it\/wp-json\/wp\/v2\/media\/52747"}],"wp:attachment":[{"href":"https:\/\/italcamara-es.com\/it\/wp-json\/wp\/v2\/media?parent=57070"}],"wp:term":[{"taxonomy":"category","embeddable":true,"href":"https:\/\/italcamara-es.com\/it\/wp-json\/wp\/v2\/categories?post=57070"},{"taxonomy":"post_tag","embeddable":true,"href":"https:\/\/italcamara-es.com\/it\/wp-json\/wp\/v2\/tags?post=57070"}],"curies":[{"name":"wp","href":"https:\/\/api.w.org\/{rel}","templated":true}]}}