	{"id":57083,"date":"2024-04-25T08:06:34","date_gmt":"2024-04-25T06:06:34","guid":{"rendered":"http:\/\/pre.italcamara-es.com\/senza-categoria\/bove-montero-y-asociados-completa-il-piano-strategico-con-il-potenziamento-del-dipartimento-di-innovazione-aziendale\/"},"modified":"2025-09-30T14:17:39","modified_gmt":"2025-09-30T12:17:39","slug":"bove-montero-y-asociados-completa-il-piano-strategico-con-il-potenziamento-del-dipartimento-di-innovazione-aziendale","status":"publish","type":"post","link":"https:\/\/italcamara-es.com\/it\/notizie\/bove-montero-y-asociados-completa-il-piano-strategico-con-il-potenziamento-del-dipartimento-di-innovazione-aziendale\/","title":{"rendered":"Bov\u00e9 Montero y Asociados completa il piano strategico con il potenziamento del dipartimento di innovazione aziendale"},"content":{"rendered":"\n\n\n<p>Lo studio legale<strong>\u00a0Bov\u00e9 Montero y Asociados<\/strong> ha completato il suo piano strategico con l&#8217;introduzione del nuovo dipartimento di Business Innovation, che offrir\u00e0 servizi di trasformazione digitale e intelligenza artificiale (AI) sia a gruppi multinazionali che a PMI e che, a partire dall&#8217;area di consulenza, coprir\u00e0 l&#8217;intero territorio nazionale dalle proprie sedi a Madrid, Barcellona, Palma di Maiorca, Siviglia e Valencia.<\/p>\n<p><img fetchpriority=\"high\" decoding=\"async\" class=\"aligncenter wp-image-36806 size-medium\" src=\"https:\/\/www.italcamara-es.com\/wp-content\/uploads\/2024\/04\/digitization-4667376_1280-copia-1-480x269.jpg\" alt=\"\" width=\"480\" height=\"269\" \/><\/p>\n<p>Jos\u00e9 Mar\u00eda Bov\u00e9, presidente della societ\u00e0, spiega che <strong>\u201c<\/strong><em>stiamo promuovendo la crescita organica dello studio in un&#8217;area che offre un elevato potenziale di sviluppo e che, inoltre, costituisce un pilastro fondamentale per la competitivit\u00e0 delle imprese<\/em><strong>\u201d<\/strong>. Il dipartimento \u00e8 diretto dall&#8217;ingegnere industriale M\u00f3nica Bov\u00e9 ed \u00e8 composto da profili professionali legati all&#8217;ingegneria, all&#8217;informatica, alla fisica e all&#8217;analisi dei dati.<\/p>\n<p>Dopo un quinquennio caratterizzato dalla digitalizzazione dei servizi chiave e dall&#8217;ammodernamento degli strumenti interni e, come sottolinea il presidente, in considerazione del \u201c<em>crescente interesse dei nostri clienti a incorporare la rivoluzione tecnologica nelle loro imprese e attivit\u00e0<\/em>\u201d, il dipartimento di Business Innovation concentrer\u00e0 il suo lavoro nei settori della visualizzazione interattiva dei dati per ottimizzare il processo decisionale strategico e dell&#8217;applicazione di strumenti per migliorare l&#8217;efficienza dei processi aziendali.<\/p>\n<p>Bov\u00e9 Montero y Asociados ha chiuso l&#8217;ultimo anno fiscale con un fatturato di 11,8 milioni di euro, con un incremento del 17% rispetto all&#8217;esercizio precedente.<\/p>\n<p>Per ulteriori informazioni: <a href=\"https:\/\/bovemontero.com\/\">bovemontero.com<\/a><\/p>\n<p>\u00a0<\/p>\n<p><br \/><br \/><\/p>\n","protected":false},"excerpt":{"rendered":"","protected":false},"author":1,"featured_media":52769,"comment_status":"open","ping_status":"open","sticky":false,"template":"","format":"standard","meta":{"inline_featured_image":false,"ocean_post_layout":"","ocean_both_sidebars_style":"","ocean_both_sidebars_content_width":0,"ocean_both_sidebars_sidebars_width":0,"ocean_sidebar":"","ocean_second_sidebar":"","ocean_disable_margins":"enable","ocean_add_body_class":"","ocean_shortcode_before_top_bar":"","ocean_shortcode_after_top_bar":"","ocean_shortcode_before_header":"","ocean_shortcode_after_header":"","ocean_has_shortcode":"","ocean_shortcode_after_title":"","ocean_shortcode_before_footer_widgets":"","ocean_shortcode_after_footer_widgets":"","ocean_shortcode_before_footer_bottom":"","ocean_shortcode_after_footer_bottom":"","ocean_display_top_bar":"default","ocean_display_header":"default","ocean_header_style":"","ocean_center_header_left_menu":"","ocean_custom_header_template":"","ocean_custom_logo":0,"ocean_custom_retina_logo":0,"ocean_custom_logo_max_width":0,"ocean_custom_logo_tablet_max_width":0,"ocean_custom_logo_mobile_max_width":0,"ocean_custom_logo_max_height":0,"ocean_custom_logo_tablet_max_height":0,"ocean_custom_logo_mobile_max_height":0,"ocean_header_custom_menu":"","ocean_menu_typo_font_family":"","ocean_menu_typo_font_subset":"","ocean_menu_typo_font_size":0,"ocean_menu_typo_font_size_tablet":0,"ocean_menu_typo_font_size_mobile":0,"ocean_menu_typo_font_size_unit":"px","ocean_menu_typo_font_weight":"","ocean_menu_typo_font_weight_tablet":"","ocean_menu_typo_font_weight_mobile":"","ocean_menu_typo_transform":"","ocean_menu_typo_transform_tablet":"","ocean_menu_typo_transform_mobile":"","ocean_menu_typo_line_height":0,"ocean_menu_typo_line_height_tablet":0,"ocean_menu_typo_line_height_mobile":0,"ocean_menu_typo_line_height_unit":"","ocean_menu_typo_spacing":0,"ocean_menu_typo_spacing_tablet":0,"ocean_menu_typo_spacing_mobile":0,"ocean_menu_typo_spacing_unit":"","ocean_menu_link_color":"","ocean_menu_link_color_hover":"","ocean_menu_link_color_active":"","ocean_menu_link_background":"","ocean_menu_link_hover_background":"","ocean_menu_link_active_background":"","ocean_menu_social_links_bg":"","ocean_menu_social_hover_links_bg":"","ocean_menu_social_links_color":"","ocean_menu_social_hover_links_color":"","ocean_disable_title":"default","ocean_disable_heading":"default","ocean_post_title":"","ocean_post_subheading":"","ocean_post_title_style":"","ocean_post_title_background_color":"","ocean_post_title_background":0,"ocean_post_title_bg_image_position":"","ocean_post_title_bg_image_attachment":"","ocean_post_title_bg_image_repeat":"","ocean_post_title_bg_image_size":"","ocean_post_title_height":0,"ocean_post_title_bg_overlay":0.5,"ocean_post_title_bg_overlay_color":"","ocean_disable_breadcrumbs":"default","ocean_breadcrumbs_color":"","ocean_breadcrumbs_separator_color":"","ocean_breadcrumbs_links_color":"","ocean_breadcrumbs_links_hover_color":"","ocean_display_footer_widgets":"default","ocean_display_footer_bottom":"default","ocean_custom_footer_template":"","ocean_post_oembed":"","ocean_post_self_hosted_media":"","ocean_post_video_embed":"","ocean_link_format":"","ocean_link_format_target":"self","ocean_quote_format":"","ocean_quote_format_link":"post","ocean_gallery_link_images":"on","ocean_gallery_id":[],"footnotes":""},"categories":[133],"tags":[206],"class_list":["post-57083","post","type-post","status-publish","format-standard","has-post-thumbnail","hentry","category-notizie","tag-noticias-de-socios-it","entry","has-media"],"yoast_head":"<!-- This site is optimized with the Yoast SEO plugin v27.4 - https:\/\/yoast.com\/product\/yoast-seo-wordpress\/ -->\n<title>Bov\u00e9 Montero y Asociados completa il piano strategico con il potenziamento del dipartimento di innovazione aziendale - Italcamara<\/title>\n<meta name=\"robots\" content=\"index, follow, max-snippet:-1, max-image-preview:large, max-video-preview:-1\" \/>\n<link rel=\"canonical\" href=\"https:\/\/italcamara-es.com\/it\/notizie\/bove-montero-y-asociados-completa-il-piano-strategico-con-il-potenziamento-del-dipartimento-di-innovazione-aziendale\/\" \/>\n<meta property=\"og:locale\" content=\"it_IT\" \/>\n<meta property=\"og:type\" content=\"article\" \/>\n<meta property=\"og:title\" content=\"Bov\u00e9 Montero y Asociados completa il piano strategico con il potenziamento del dipartimento di innovazione aziendale - Italcamara\" \/>\n<meta property=\"og:url\" content=\"https:\/\/italcamara-es.com\/it\/notizie\/bove-montero-y-asociados-completa-il-piano-strategico-con-il-potenziamento-del-dipartimento-di-innovazione-aziendale\/\" \/>\n<meta property=\"og:site_name\" content=\"Italcamara\" \/>\n<meta property=\"article:published_time\" content=\"2024-04-25T06:06:34+00:00\" \/>\n<meta property=\"article:modified_time\" content=\"2025-09-30T12:17:39+00:00\" \/>\n<meta property=\"og:image\" content=\"https:\/\/italcamara-es.com\/wp-content\/uploads\/2025\/03\/imagen-destacada-3.jpg\" \/>\n\t<meta property=\"og:image:width\" content=\"280\" \/>\n\t<meta property=\"og:image:height\" content=\"140\" \/>\n\t<meta property=\"og:image:type\" content=\"image\/jpeg\" \/>\n<meta name=\"author\" content=\"administrador\" \/>\n<meta name=\"twitter:card\" content=\"summary_large_image\" \/>\n<meta name=\"twitter:label1\" content=\"Scritto da\" \/>\n\t<meta name=\"twitter:data1\" content=\"administrador\" \/>\n\t<meta name=\"twitter:label2\" content=\"Tempo di lettura stimato\" \/>\n\t<meta name=\"twitter:data2\" content=\"1 minuto\" \/>\n<script type=\"application\/ld+json\" class=\"yoast-schema-graph\">{\"@context\":\"https:\\\/\\\/schema.org\",\"@graph\":[{\"@type\":\"Article\",\"@id\":\"https:\\\/\\\/italcamara-es.com\\\/it\\\/notizie\\\/bove-montero-y-asociados-completa-il-piano-strategico-con-il-potenziamento-del-dipartimento-di-innovazione-aziendale\\\/#article\",\"isPartOf\":{\"@id\":\"https:\\\/\\\/italcamara-es.com\\\/it\\\/notizie\\\/bove-montero-y-asociados-completa-il-piano-strategico-con-il-potenziamento-del-dipartimento-di-innovazione-aziendale\\\/\"},\"author\":{\"name\":\"administrador\",\"@id\":\"https:\\\/\\\/italcamara-es.com\\\/#\\\/schema\\\/person\\\/bb3c56263e405bbd9a15171dcfee93bb\"},\"headline\":\"Bov\u00e9 Montero y Asociados completa il piano strategico con il potenziamento del dipartimento di innovazione aziendale\",\"datePublished\":\"2024-04-25T06:06:34+00:00\",\"dateModified\":\"2025-09-30T12:17:39+00:00\",\"mainEntityOfPage\":{\"@id\":\"https:\\\/\\\/italcamara-es.com\\\/it\\\/notizie\\\/bove-montero-y-asociados-completa-il-piano-strategico-con-il-potenziamento-del-dipartimento-di-innovazione-aziendale\\\/\"},\"wordCount\":246,\"commentCount\":0,\"image\":{\"@id\":\"https:\\\/\\\/italcamara-es.com\\\/it\\\/notizie\\\/bove-montero-y-asociados-completa-il-piano-strategico-con-il-potenziamento-del-dipartimento-di-innovazione-aziendale\\\/#primaryimage\"},\"thumbnailUrl\":\"https:\\\/\\\/italcamara-es.com\\\/wp-content\\\/uploads\\\/2025\\\/03\\\/imagen-destacada-3.jpg\",\"keywords\":[\"Notizie dei soci\"],\"articleSection\":[\"Notizie\"],\"inLanguage\":\"it-IT\",\"potentialAction\":[{\"@type\":\"CommentAction\",\"name\":\"Comment\",\"target\":[\"https:\\\/\\\/italcamara-es.com\\\/it\\\/notizie\\\/bove-montero-y-asociados-completa-il-piano-strategico-con-il-potenziamento-del-dipartimento-di-innovazione-aziendale\\\/#respond\"]}]},{\"@type\":\"WebPage\",\"@id\":\"https:\\\/\\\/italcamara-es.com\\\/it\\\/notizie\\\/bove-montero-y-asociados-completa-il-piano-strategico-con-il-potenziamento-del-dipartimento-di-innovazione-aziendale\\\/\",\"url\":\"https:\\\/\\\/italcamara-es.com\\\/it\\\/notizie\\\/bove-montero-y-asociados-completa-il-piano-strategico-con-il-potenziamento-del-dipartimento-di-innovazione-aziendale\\\/\",\"name\":\"Bov\u00e9 Montero y Asociados completa il piano strategico con il potenziamento del dipartimento di innovazione aziendale - Italcamara\",\"isPartOf\":{\"@id\":\"https:\\\/\\\/italcamara-es.com\\\/#website\"},\"primaryImageOfPage\":{\"@id\":\"https:\\\/\\\/italcamara-es.com\\\/it\\\/notizie\\\/bove-montero-y-asociados-completa-il-piano-strategico-con-il-potenziamento-del-dipartimento-di-innovazione-aziendale\\\/#primaryimage\"},\"image\":{\"@id\":\"https:\\\/\\\/italcamara-es.com\\\/it\\\/notizie\\\/bove-montero-y-asociados-completa-il-piano-strategico-con-il-potenziamento-del-dipartimento-di-innovazione-aziendale\\\/#primaryimage\"},\"thumbnailUrl\":\"https:\\\/\\\/italcamara-es.com\\\/wp-content\\\/uploads\\\/2025\\\/03\\\/imagen-destacada-3.jpg\",\"datePublished\":\"2024-04-25T06:06:34+00:00\",\"dateModified\":\"2025-09-30T12:17:39+00:00\",\"author\":{\"@id\":\"https:\\\/\\\/italcamara-es.com\\\/#\\\/schema\\\/person\\\/bb3c56263e405bbd9a15171dcfee93bb\"},\"breadcrumb\":{\"@id\":\"https:\\\/\\\/italcamara-es.com\\\/it\\\/notizie\\\/bove-montero-y-asociados-completa-il-piano-strategico-con-il-potenziamento-del-dipartimento-di-innovazione-aziendale\\\/#breadcrumb\"},\"inLanguage\":\"it-IT\",\"potentialAction\":[{\"@type\":\"ReadAction\",\"target\":[\"https:\\\/\\\/italcamara-es.com\\\/it\\\/notizie\\\/bove-montero-y-asociados-completa-il-piano-strategico-con-il-potenziamento-del-dipartimento-di-innovazione-aziendale\\\/\"]}]},{\"@type\":\"ImageObject\",\"inLanguage\":\"it-IT\",\"@id\":\"https:\\\/\\\/italcamara-es.com\\\/it\\\/notizie\\\/bove-montero-y-asociados-completa-il-piano-strategico-con-il-potenziamento-del-dipartimento-di-innovazione-aziendale\\\/#primaryimage\",\"url\":\"https:\\\/\\\/italcamara-es.com\\\/wp-content\\\/uploads\\\/2025\\\/03\\\/imagen-destacada-3.jpg\",\"contentUrl\":\"https:\\\/\\\/italcamara-es.com\\\/wp-content\\\/uploads\\\/2025\\\/03\\\/imagen-destacada-3.jpg\",\"width\":280,\"height\":140},{\"@type\":\"BreadcrumbList\",\"@id\":\"https:\\\/\\\/italcamara-es.com\\\/it\\\/notizie\\\/bove-montero-y-asociados-completa-il-piano-strategico-con-il-potenziamento-del-dipartimento-di-innovazione-aziendale\\\/#breadcrumb\",\"itemListElement\":[{\"@type\":\"ListItem\",\"position\":1,\"name\":\"Inicio\",\"item\":\"https:\\\/\\\/italcamara-es.com\\\/it\\\/homepage-ita\\\/\"},{\"@type\":\"ListItem\",\"position\":2,\"name\":\"Bov\u00e9 Montero y Asociados completa il piano strategico con il potenziamento del dipartimento di innovazione aziendale\"}]},{\"@type\":\"WebSite\",\"@id\":\"https:\\\/\\\/italcamara-es.com\\\/#website\",\"url\":\"https:\\\/\\\/italcamara-es.com\\\/\",\"name\":\"Italcamara\",\"description\":\"\",\"potentialAction\":[{\"@type\":\"SearchAction\",\"target\":{\"@type\":\"EntryPoint\",\"urlTemplate\":\"https:\\\/\\\/italcamara-es.com\\\/?s={search_term_string}\"},\"query-input\":{\"@type\":\"PropertyValueSpecification\",\"valueRequired\":true,\"valueName\":\"search_term_string\"}}],\"inLanguage\":\"it-IT\"},{\"@type\":\"Person\",\"@id\":\"https:\\\/\\\/italcamara-es.com\\\/#\\\/schema\\\/person\\\/bb3c56263e405bbd9a15171dcfee93bb\",\"name\":\"administrador\",\"image\":{\"@type\":\"ImageObject\",\"inLanguage\":\"it-IT\",\"@id\":\"https:\\\/\\\/secure.gravatar.com\\\/avatar\\\/14b5e63db38320b12031bb28cf9f77e210aa71fb3a8a3602a3c9a05134fa75eb?s=96&d=mm&r=g\",\"url\":\"https:\\\/\\\/secure.gravatar.com\\\/avatar\\\/14b5e63db38320b12031bb28cf9f77e210aa71fb3a8a3602a3c9a05134fa75eb?s=96&d=mm&r=g\",\"contentUrl\":\"https:\\\/\\\/secure.gravatar.com\\\/avatar\\\/14b5e63db38320b12031bb28cf9f77e210aa71fb3a8a3602a3c9a05134fa75eb?s=96&d=mm&r=g\",\"caption\":\"administrador\"},\"sameAs\":[\"http:\\\/\\\/pre.italcamara-es.com\"],\"url\":\"https:\\\/\\\/italcamara-es.com\\\/it\\\/author\\\/administrador\\\/\"}]}<\/script>\n<!-- \/ Yoast SEO plugin. -->","yoast_head_json":{"title":"Bov\u00e9 Montero y Asociados completa il piano strategico con il potenziamento del dipartimento di innovazione aziendale - Italcamara","robots":{"index":"index","follow":"follow","max-snippet":"max-snippet:-1","max-image-preview":"max-image-preview:large","max-video-preview":"max-video-preview:-1"},"canonical":"https:\/\/italcamara-es.com\/it\/notizie\/bove-montero-y-asociados-completa-il-piano-strategico-con-il-potenziamento-del-dipartimento-di-innovazione-aziendale\/","og_locale":"it_IT","og_type":"article","og_title":"Bov\u00e9 Montero y Asociados completa il piano strategico con il potenziamento del dipartimento di innovazione aziendale - Italcamara","og_url":"https:\/\/italcamara-es.com\/it\/notizie\/bove-montero-y-asociados-completa-il-piano-strategico-con-il-potenziamento-del-dipartimento-di-innovazione-aziendale\/","og_site_name":"Italcamara","article_published_time":"2024-04-25T06:06:34+00:00","article_modified_time":"2025-09-30T12:17:39+00:00","og_image":[{"width":280,"height":140,"url":"https:\/\/italcamara-es.com\/wp-content\/uploads\/2025\/03\/imagen-destacada-3.jpg","type":"image\/jpeg"}],"author":"administrador","twitter_card":"summary_large_image","twitter_misc":{"Scritto da":"administrador","Tempo di lettura stimato":"1 minuto"},"schema":{"@context":"https:\/\/schema.org","@graph":[{"@type":"Article","@id":"https:\/\/italcamara-es.com\/it\/notizie\/bove-montero-y-asociados-completa-il-piano-strategico-con-il-potenziamento-del-dipartimento-di-innovazione-aziendale\/#article","isPartOf":{"@id":"https:\/\/italcamara-es.com\/it\/notizie\/bove-montero-y-asociados-completa-il-piano-strategico-con-il-potenziamento-del-dipartimento-di-innovazione-aziendale\/"},"author":{"name":"administrador","@id":"https:\/\/italcamara-es.com\/#\/schema\/person\/bb3c56263e405bbd9a15171dcfee93bb"},"headline":"Bov\u00e9 Montero y Asociados completa il piano strategico con il potenziamento del dipartimento di innovazione aziendale","datePublished":"2024-04-25T06:06:34+00:00","dateModified":"2025-09-30T12:17:39+00:00","mainEntityOfPage":{"@id":"https:\/\/italcamara-es.com\/it\/notizie\/bove-montero-y-asociados-completa-il-piano-strategico-con-il-potenziamento-del-dipartimento-di-innovazione-aziendale\/"},"wordCount":246,"commentCount":0,"image":{"@id":"https:\/\/italcamara-es.com\/it\/notizie\/bove-montero-y-asociados-completa-il-piano-strategico-con-il-potenziamento-del-dipartimento-di-innovazione-aziendale\/#primaryimage"},"thumbnailUrl":"https:\/\/italcamara-es.com\/wp-content\/uploads\/2025\/03\/imagen-destacada-3.jpg","keywords":["Notizie dei soci"],"articleSection":["Notizie"],"inLanguage":"it-IT","potentialAction":[{"@type":"CommentAction","name":"Comment","target":["https:\/\/italcamara-es.com\/it\/notizie\/bove-montero-y-asociados-completa-il-piano-strategico-con-il-potenziamento-del-dipartimento-di-innovazione-aziendale\/#respond"]}]},{"@type":"WebPage","@id":"https:\/\/italcamara-es.com\/it\/notizie\/bove-montero-y-asociados-completa-il-piano-strategico-con-il-potenziamento-del-dipartimento-di-innovazione-aziendale\/","url":"https:\/\/italcamara-es.com\/it\/notizie\/bove-montero-y-asociados-completa-il-piano-strategico-con-il-potenziamento-del-dipartimento-di-innovazione-aziendale\/","name":"Bov\u00e9 Montero y Asociados completa il piano strategico con il potenziamento del dipartimento di innovazione aziendale - Italcamara","isPartOf":{"@id":"https:\/\/italcamara-es.com\/#website"},"primaryImageOfPage":{"@id":"https:\/\/italcamara-es.com\/it\/notizie\/bove-montero-y-asociados-completa-il-piano-strategico-con-il-potenziamento-del-dipartimento-di-innovazione-aziendale\/#primaryimage"},"image":{"@id":"https:\/\/italcamara-es.com\/it\/notizie\/bove-montero-y-asociados-completa-il-piano-strategico-con-il-potenziamento-del-dipartimento-di-innovazione-aziendale\/#primaryimage"},"thumbnailUrl":"https:\/\/italcamara-es.com\/wp-content\/uploads\/2025\/03\/imagen-destacada-3.jpg","datePublished":"2024-04-25T06:06:34+00:00","dateModified":"2025-09-30T12:17:39+00:00","author":{"@id":"https:\/\/italcamara-es.com\/#\/schema\/person\/bb3c56263e405bbd9a15171dcfee93bb"},"breadcrumb":{"@id":"https:\/\/italcamara-es.com\/it\/notizie\/bove-montero-y-asociados-completa-il-piano-strategico-con-il-potenziamento-del-dipartimento-di-innovazione-aziendale\/#breadcrumb"},"inLanguage":"it-IT","potentialAction":[{"@type":"ReadAction","target":["https:\/\/italcamara-es.com\/it\/notizie\/bove-montero-y-asociados-completa-il-piano-strategico-con-il-potenziamento-del-dipartimento-di-innovazione-aziendale\/"]}]},{"@type":"ImageObject","inLanguage":"it-IT","@id":"https:\/\/italcamara-es.com\/it\/notizie\/bove-montero-y-asociados-completa-il-piano-strategico-con-il-potenziamento-del-dipartimento-di-innovazione-aziendale\/#primaryimage","url":"https:\/\/italcamara-es.com\/wp-content\/uploads\/2025\/03\/imagen-destacada-3.jpg","contentUrl":"https:\/\/italcamara-es.com\/wp-content\/uploads\/2025\/03\/imagen-destacada-3.jpg","width":280,"height":140},{"@type":"BreadcrumbList","@id":"https:\/\/italcamara-es.com\/it\/notizie\/bove-montero-y-asociados-completa-il-piano-strategico-con-il-potenziamento-del-dipartimento-di-innovazione-aziendale\/#breadcrumb","itemListElement":[{"@type":"ListItem","position":1,"name":"Inicio","item":"https:\/\/italcamara-es.com\/it\/homepage-ita\/"},{"@type":"ListItem","position":2,"name":"Bov\u00e9 Montero y Asociados completa il piano strategico con il potenziamento del dipartimento di innovazione aziendale"}]},{"@type":"WebSite","@id":"https:\/\/italcamara-es.com\/#website","url":"https:\/\/italcamara-es.com\/","name":"Italcamara","description":"","potentialAction":[{"@type":"SearchAction","target":{"@type":"EntryPoint","urlTemplate":"https:\/\/italcamara-es.com\/?s={search_term_string}"},"query-input":{"@type":"PropertyValueSpecification","valueRequired":true,"valueName":"search_term_string"}}],"inLanguage":"it-IT"},{"@type":"Person","@id":"https:\/\/italcamara-es.com\/#\/schema\/person\/bb3c56263e405bbd9a15171dcfee93bb","name":"administrador","image":{"@type":"ImageObject","inLanguage":"it-IT","@id":"https:\/\/secure.gravatar.com\/avatar\/14b5e63db38320b12031bb28cf9f77e210aa71fb3a8a3602a3c9a05134fa75eb?s=96&d=mm&r=g","url":"https:\/\/secure.gravatar.com\/avatar\/14b5e63db38320b12031bb28cf9f77e210aa71fb3a8a3602a3c9a05134fa75eb?s=96&d=mm&r=g","contentUrl":"https:\/\/secure.gravatar.com\/avatar\/14b5e63db38320b12031bb28cf9f77e210aa71fb3a8a3602a3c9a05134fa75eb?s=96&d=mm&r=g","caption":"administrador"},"sameAs":["http:\/\/pre.italcamara-es.com"],"url":"https:\/\/italcamara-es.com\/it\/author\/administrador\/"}]}},"rttpg_featured_image_url":{"full":["https:\/\/italcamara-es.com\/wp-content\/uploads\/2025\/03\/imagen-destacada-3.jpg",280,140,false],"landscape":["https:\/\/italcamara-es.com\/wp-content\/uploads\/2025\/03\/imagen-destacada-3.jpg",280,140,false],"portraits":["https:\/\/italcamara-es.com\/wp-content\/uploads\/2025\/03\/imagen-destacada-3.jpg",280,140,false],"thumbnail":["https:\/\/italcamara-es.com\/wp-content\/uploads\/2025\/03\/imagen-destacada-3-150x140.jpg",150,140,true],"medium":["https:\/\/italcamara-es.com\/wp-content\/uploads\/2025\/03\/imagen-destacada-3.jpg",280,140,false],"large":["https:\/\/italcamara-es.com\/wp-content\/uploads\/2025\/03\/imagen-destacada-3.jpg",280,140,false],"1536x1536":["https:\/\/italcamara-es.com\/wp-content\/uploads\/2025\/03\/imagen-destacada-3.jpg",280,140,false],"2048x2048":["https:\/\/italcamara-es.com\/wp-content\/uploads\/2025\/03\/imagen-destacada-3.jpg",280,140,false],"ocean-thumb-m":["https:\/\/italcamara-es.com\/wp-content\/uploads\/2025\/03\/imagen-destacada-3.jpg",280,140,false],"ocean-thumb-ml":["https:\/\/italcamara-es.com\/wp-content\/uploads\/2025\/03\/imagen-destacada-3.jpg",280,140,false],"ocean-thumb-l":["https:\/\/italcamara-es.com\/wp-content\/uploads\/2025\/03\/imagen-destacada-3.jpg",280,140,false],"directorist_preview":["https:\/\/italcamara-es.com\/wp-content\/uploads\/2025\/03\/imagen-destacada-3.jpg",280,140,false]},"rttpg_author":{"display_name":"administrador","author_link":"https:\/\/italcamara-es.com\/it\/author\/administrador\/"},"rttpg_comment":0,"rttpg_category":"<a href=\"https:\/\/italcamara-es.com\/it\/category\/notizie\/\" rel=\"category tag\">Notizie<\/a>","rttpg_excerpt":null,"_links":{"self":[{"href":"https:\/\/italcamara-es.com\/it\/wp-json\/wp\/v2\/posts\/57083","targetHints":{"allow":["GET"]}}],"collection":[{"href":"https:\/\/italcamara-es.com\/it\/wp-json\/wp\/v2\/posts"}],"about":[{"href":"https:\/\/italcamara-es.com\/it\/wp-json\/wp\/v2\/types\/post"}],"author":[{"embeddable":true,"href":"https:\/\/italcamara-es.com\/it\/wp-json\/wp\/v2\/users\/1"}],"replies":[{"embeddable":true,"href":"https:\/\/italcamara-es.com\/it\/wp-json\/wp\/v2\/comments?post=57083"}],"version-history":[{"count":1,"href":"https:\/\/italcamara-es.com\/it\/wp-json\/wp\/v2\/posts\/57083\/revisions"}],"predecessor-version":[{"id":58899,"href":"https:\/\/italcamara-es.com\/it\/wp-json\/wp\/v2\/posts\/57083\/revisions\/58899"}],"wp:featuredmedia":[{"embeddable":true,"href":"https:\/\/italcamara-es.com\/it\/wp-json\/wp\/v2\/media\/52769"}],"wp:attachment":[{"href":"https:\/\/italcamara-es.com\/it\/wp-json\/wp\/v2\/media?parent=57083"}],"wp:term":[{"taxonomy":"category","embeddable":true,"href":"https:\/\/italcamara-es.com\/it\/wp-json\/wp\/v2\/categories?post=57083"},{"taxonomy":"post_tag","embeddable":true,"href":"https:\/\/italcamara-es.com\/it\/wp-json\/wp\/v2\/tags?post=57083"}],"curies":[{"name":"wp","href":"https:\/\/api.w.org\/{rel}","templated":true}]}}