	{"id":57262,"date":"2016-06-11T10:38:36","date_gmt":"2016-06-11T08:38:36","guid":{"rendered":"http:\/\/pre.italcamara-es.com\/senza-categoria\/experience-italy-south-and-beyond\/"},"modified":"2016-06-11T10:38:36","modified_gmt":"2016-06-11T08:38:36","slug":"experience-italy-south-and-beyond","status":"publish","type":"post","link":"https:\/\/italcamara-es.com\/it\/progetti\/experience-italy-south-and-beyond\/","title":{"rendered":"EXPERIENCE ITALY SOUTH AND BEYOND"},"content":{"rendered":"<p style=\"text-align: justify;\"><strong>IS.NA.R.T.<\/strong> in collaborazione con \u00a0la <strong>Camera di Commercio e Industria Italiana per la Spagna<\/strong>, e con il patrocinio del \u201c<strong>Ministero dei Beni e delle Attivit\u00e0 culturali e del Turismo<\/strong>\u201d, presenta un nuovo progetto, diretto a promuovere i prodotti tipici delle varie regioni del Mezzogiorno italiano: Basilicata, Calabria, Campania, Puglia, Sardegna e Sicilia.<\/p>\n<p style=\"text-align: justify;\"><!--more--><\/p>\n<p style=\"text-align: justify;\"><a href=\"https:\/\/www.italcamara-es.com\/wp-content\/uploads\/2016\/08\/logo-progetto-uff.jpg\"><img fetchpriority=\"high\" decoding=\"async\" class=\" size-full wp-image-4392 aligncenter\" src=\"https:\/\/www.italcamara-es.com\/wp-content\/uploads\/2016\/08\/logo-progetto-uff.jpg\" alt=\"logo-progetto-uff\" width=\"700\" height=\"200\" \/><\/a><\/p>\n<div>\n<div style=\"text-align: justify;\">\u201c<strong>Experience Italy South and Beyond<\/strong>\u201d, che si svolger\u00e0 nel mese di <strong>Settembre 2016<\/strong>, nasce con l\u2019obiettivo di promuovere l\u2019enogastronomia e le numerose produzioni tipiche a marchio d\u2019origine del Sud Italia.<\/div>\n<\/div>\n<div style=\"text-align: justify;\"><\/div>\n<div style=\"text-align: justify;\"><a href=\"https:\/\/www.italcamara-es.com\/wp-content\/uploads\/2016\/08\/foto-prodotti-tipici.jpg\"><img decoding=\"async\" class=\" size-full wp-image-4395 aligncenter\" src=\"https:\/\/www.italcamara-es.com\/wp-content\/uploads\/2016\/08\/foto-prodotti-tipici.jpg\" alt=\"foto prodotti tipici\" width=\"700\" height=\"250\" \/><\/a><\/div>\n<p>&nbsp;<\/p>\n<div>\n<div style=\"text-align: justify;\"><\/div>\n<div style=\"text-align: justify;\"><strong>SETTIMANA DEDICATA AL SUD ITALIA: 19-25 SETTEMBRE 2016<\/strong><\/div>\n<div style=\"text-align: justify;\"><strong>\u00a0<\/strong><\/div>\n<div style=\"text-align: justify;\">12 ristoranti certificati col Marchio Ospitalit\u00e0 Italiana presenti nel territorio spagnolo, proporranno, per la durata di una settimana, oltre alla propria offerta gastronomica abituale, anche un men\u00fa di degustazione speciale dedicato proprio alle eccellenze del Mezzogiorno. Ogni ristorante rielaborer\u00e0 alcune delle ricette tipiche del Sud Italia, patria non solo della Pizza, ma anche di piatti gustosi come la famosa \u201cParmigiana\u201d di melanzane, la \u201cCaponata\u201d e molte altre da scoprire!<\/div>\n<div style=\"text-align: justify;\">A ciascun men\u00f9 speciale verr\u00e0 proposto in abbinamento un vino DOC, DOCG o IGT del sud Italia, la cui tradizione vinicola \u00e8 nota in tutto il mondo.<\/div>\n<div style=\"text-align: justify;\"><\/div>\n<\/div>\n<div>\n<p><strong><strong>LISTA DEI RISTORANTI ADERENTI<\/strong><\/strong><\/div>\n<div>\n<ul style=\"list-style-type: disc;\">\n<li><strong>Il Basilico<\/strong> &#8211; Mairena del Aljarafe (Sevilla)\u00a0\u2192\u00a0<span style=\"color: #0000ff;\"><a href=\"https:\/\/www.italcamara-es.com\/wp-content\/uploads\/2016\/07\/Menu-Il-Basilico.pdf\" target=\"_blank\" rel=\"noopener\">men\u00f9<\/a><\/span><\/li>\n<\/ul>\n<p>&nbsp;<\/p>\n<ul style=\"list-style-type: disc;\">\n<li><strong>Il Pastaio<\/strong> &#8211; Madrid\u00a0\u2192\u00a0<span style=\"color: #0000ff;\"><a href=\"https:\/\/www.italcamara-es.com\/wp-content\/uploads\/2016\/07\/Menu-Il-Pastaio-Uff.pdf\" target=\"_blank\" rel=\"noopener\">men\u00f9<\/a><\/span><\/li>\n<\/ul>\n<p>&nbsp;<\/p>\n<ul style=\"list-style-type: disc;\">\n<li><strong>Il Piccolo<\/strong> &#8211; Pontevedra\u00a0\u2192\u00a0<span style=\"color: #0000ff;\"><a href=\"https:\/\/www.italcamara-es.com\/wp-content\/uploads\/2016\/07\/Menu-Il-Piccolo.pdf\" target=\"_blank\" rel=\"noopener\">men\u00f9<\/a><\/span><\/li>\n<\/ul>\n<\/div>\n<div>\n<ul style=\"list-style-type: disc;\">\n<li><strong>La Casa Pompeyana<\/strong> &#8211; Gij\u00f3n\u00a0\u2192\u00a0<span style=\"color: #0000ff;\"><a href=\"https:\/\/www.italcamara-es.com\/wp-content\/uploads\/2016\/07\/Menu-La-Casa-Pompeyana.pdf\" target=\"_blank\" rel=\"noopener\">men\u00f9<\/a><\/span><\/li>\n<\/ul>\n<p>&nbsp;<\/p>\n<ul style=\"list-style-type: disc;\">\n<li><strong>La Mariposa<\/strong> &#8211; Churra (Murcia)\u00a0\u2192\u00a0<span style=\"color: #0000ff;\"><a href=\"https:\/\/www.italcamara-es.com\/wp-content\/uploads\/2016\/07\/Menu-La-Mariposa.pdf\" target=\"_blank\" rel=\"noopener\">men\u00f9<\/a><\/span><\/li>\n<\/ul>\n<p>&nbsp;<\/p>\n<ul style=\"list-style-type: disc;\">\n<li><strong>Mare e Monti<\/strong> &#8211; Pontevedra\u00a0\u2192\u00a0<span style=\"color: #0000ff;\"><a href=\"https:\/\/www.italcamara-es.com\/wp-content\/uploads\/2016\/07\/Menu-Mare-e-Monti.pdf\" target=\"_blank\" rel=\"noopener\">men\u00f9<\/a><\/span><\/li>\n<\/ul>\n<p>&nbsp;<\/p>\n<ul style=\"list-style-type: disc;\">\n<li><strong>Pasta Mito<\/strong> &#8211; Madrid\u00a0\u2192\u00a0<span style=\"color: #0000ff;\"><a href=\"https:\/\/www.italcamara-es.com\/wp-content\/uploads\/2016\/07\/Menu-Pasta-Mito.pdf\" target=\"_blank\" rel=\"noopener\">men\u00f9<\/a><\/span><\/li>\n<\/ul>\n<p>&nbsp;<\/p>\n<ul style=\"list-style-type: disc;\">\n<li><strong>Pizzeria Piscina de Orba<\/strong> &#8211; Alicante\u00a0\u2192\u00a0<span style=\"color: #0000ff;\"><a href=\"https:\/\/www.italcamara-es.com\/wp-content\/uploads\/2016\/07\/Menu-Pizzeria-Piscina-di-Orba.pdf\" target=\"_blank\" rel=\"noopener\">men\u00f9<\/a><\/span><\/li>\n<\/ul>\n<p>&nbsp;<\/p>\n<ul style=\"list-style-type: disc;\">\n<li><strong>Restaurante Ponte Vecchio<\/strong> &#8211; Valladolid\u00a0\u2192\u00a0<span style=\"color: #0000ff;\"><a style=\"color: #0000ff;\" href=\"https:\/\/www.italcamara-es.com\/wp-content\/uploads\/2016\/06\/Menu-Restaurante-Ponte-Vecchio.pdf\" target=\"_blank\" rel=\"noopener\">men<\/a><a style=\"color: #0000ff;\" href=\"https:\/\/www.italcamara-es.com\/wp-content\/uploads\/2016\/06\/Menu-Restaurante-Ponte-Vecchio.pdf\" target=\"_blank\" rel=\"noopener\">\u00f9<\/a><\/span><\/li>\n<\/ul>\n<p>&nbsp;<\/p>\n<ul style=\"list-style-type: disc;\">\n<li><strong>Trattoria Calahorra<\/strong> &#8211; la Rioja\u00a0\u2192\u00a0<span style=\"color: #0000ff;\"><span style=\"color: #0000ff;\"><span style=\"color: #0000ff;\"><span style=\"color: #0000ff;\"><a href=\"https:\/\/www.italcamara-es.com\/wp-content\/uploads\/2016\/07\/Menu-Trattoria-Calahorra.pdf\" target=\"_blank\" rel=\"noopener\">men\u00f9<\/a><\/span><\/span><\/span><\/span><\/li>\n<\/ul>\n<p>&nbsp;<\/p>\n<\/div>\n<p style=\"text-align: center;\"><a href=\"https:\/\/www.italcamara-es.com\/wp-content\/uploads\/2016\/07\/lista-menu-web.pdf\" target=\"_blank\" rel=\"noopener\"><span style=\"color: #0000ff;\"><span style=\"text-decoration: underline;\"><strong>Scarica<\/strong>\u00a0la lista intera dei men\u00f9 dei ristoranti<\/span><\/span><\/a><\/p>\n<p>&nbsp;<\/p>\n<div style=\"text-align: justify;\"><strong><a href=\"https:\/\/www.italcamara-es.com\/wp-content\/uploads\/2016\/08\/parmigiana-WEB.jpg\"><img decoding=\"async\" class=\" size-full wp-image-4394 aligncenter\" src=\"https:\/\/www.italcamara-es.com\/wp-content\/uploads\/2016\/08\/parmigiana-WEB.jpg\" alt=\"parmigiana-WEB\" width=\"680\" height=\"290\" \/><\/a><\/strong><\/div>\n<div style=\"text-align: justify;\"><\/div>\n<div>\n<div style=\"text-align: justify;\"><\/div>\n<div style=\"text-align: justify;\"><strong>E<\/strong><strong>VENTO DI PRESENTAZIONE<\/strong><\/div>\n<div style=\"text-align: justify;\"><strong>\u00a0<\/strong><\/div>\n<div style=\"text-align: justify;\">Per presentare questa settimana speciale, dedicata al Mezzogiorno italiano, la CCIS organizzer\u00e0 una serata di gala presso uno dei ristoranti italiani certificati con il Marcio Ospitalit\u00e0 Italiana.<\/div>\n<div style=\"text-align: justify;\">Prossimamente, tutti gli aggiornamenti sull\u2019appuntamento con le eccellenze della gastronomia del sud Italia.<\/div>\n<div style=\"text-align: justify;\">Per leggere ogni giorno le novit\u00e0 relative a <strong>EXPERIENCE ITALY SOUTH AND BEYOND\u00a0<\/strong><span style=\"color: #0000ff;\"><span style=\"text-decoration: underline;\"><span style=\"color: #0000ff;\"><a href=\"https:\/\/www.facebook.com\/ItalianFXP\/?fref=ts \" target=\"_blank\" rel=\"noopener\"><span style=\"color: #0000ff;\">cliccare qui<\/span><\/a><\/span><\/span><\/span>.<\/div>\n<\/div>\n<div style=\"text-align: justify;\"><\/div>\n<div>\n<div style=\"text-align: justify;\"><strong>EDUCATIONAL TOUR NEL SUD ITALIA<\/strong><\/div>\n<div style=\"text-align: justify;\"><strong>\u00a0<\/strong><\/div>\n<div style=\"text-align: justify;\">La CCIS sar\u00e0 inoltre impegnata nell\u2019individuazione e selezione di importatori del settore food, Tour Operator, blogger, giornalisti e buyers per la partecipazione ad educational tour e workshop in programma nelle Regioni del Sud Italia, dove le delegazioni estere incontreranno le aziende d\u2019eccellenza italiane appartenenti alle filiere di prodotto pasta, olio, formaggi, salumi, ortofrutta, orto-conservanti, carne, vini e dolciumi, certificati con i marchi DOP, IGP, STG, DOC, DOCG, IGT.<\/div>\n<div style=\"text-align: justify;\">Gli educational dovrebbero reaizzarsi tra i mesi di settembre e ottobre 2016.<\/div>\n<\/div>\n<div style=\"text-align: justify;\"><\/div>\n<div style=\"text-align: justify;\"><a href=\"https:\/\/www.italcamara-es.com\/wp-content\/uploads\/2016\/08\/loghi-Experience-South-of-Italy.jpg\"><img loading=\"lazy\" decoding=\"async\" class=\" size-full wp-image-4393 aligncenter\" src=\"https:\/\/www.italcamara-es.com\/wp-content\/uploads\/2016\/08\/loghi-Experience-South-of-Italy.jpg\" alt=\"loghi Experience South of Italy\" width=\"700\" height=\"158\" \/><\/a><\/div>\n<div style=\"text-align: justify;\"><\/div>\n<div><\/div>\n","protected":false},"excerpt":{"rendered":"<p>IS.NA.R.T. in collaborazione con \u00a0la Camera di Commercio e Industria Italiana per la Spagna, e con il patrocinio del \u201cMinistero dei Beni e delle Attivit\u00e0 culturali e del Turismo\u201d, presenta un nuovo progetto, diretto a promuovere i prodotti tipici delle varie regioni del Mezzogiorno italiano: Basilicata, Calabria, Campania, Puglia, Sardegna e Sicilia.<\/p>\n","protected":false},"author":1,"featured_media":55343,"comment_status":"open","ping_status":"open","sticky":false,"template":"","format":"standard","meta":{"inline_featured_image":false,"ocean_post_layout":"","ocean_both_sidebars_style":"","ocean_both_sidebars_content_width":0,"ocean_both_sidebars_sidebars_width":0,"ocean_sidebar":"","ocean_second_sidebar":"","ocean_disable_margins":"enable","ocean_add_body_class":"","ocean_shortcode_before_top_bar":"","ocean_shortcode_after_top_bar":"","ocean_shortcode_before_header":"","ocean_shortcode_after_header":"","ocean_has_shortcode":"","ocean_shortcode_after_title":"","ocean_shortcode_before_footer_widgets":"","ocean_shortcode_after_footer_widgets":"","ocean_shortcode_before_footer_bottom":"","ocean_shortcode_after_footer_bottom":"","ocean_display_top_bar":"default","ocean_display_header":"default","ocean_header_style":"","ocean_center_header_left_menu":"","ocean_custom_header_template":"","ocean_custom_logo":0,"ocean_custom_retina_logo":0,"ocean_custom_logo_max_width":0,"ocean_custom_logo_tablet_max_width":0,"ocean_custom_logo_mobile_max_width":0,"ocean_custom_logo_max_height":0,"ocean_custom_logo_tablet_max_height":0,"ocean_custom_logo_mobile_max_height":0,"ocean_header_custom_menu":"","ocean_menu_typo_font_family":"","ocean_menu_typo_font_subset":"","ocean_menu_typo_font_size":0,"ocean_menu_typo_font_size_tablet":0,"ocean_menu_typo_font_size_mobile":0,"ocean_menu_typo_font_size_unit":"px","ocean_menu_typo_font_weight":"","ocean_menu_typo_font_weight_tablet":"","ocean_menu_typo_font_weight_mobile":"","ocean_menu_typo_transform":"","ocean_menu_typo_transform_tablet":"","ocean_menu_typo_transform_mobile":"","ocean_menu_typo_line_height":0,"ocean_menu_typo_line_height_tablet":0,"ocean_menu_typo_line_height_mobile":0,"ocean_menu_typo_line_height_unit":"","ocean_menu_typo_spacing":0,"ocean_menu_typo_spacing_tablet":0,"ocean_menu_typo_spacing_mobile":0,"ocean_menu_typo_spacing_unit":"","ocean_menu_link_color":"","ocean_menu_link_color_hover":"","ocean_menu_link_color_active":"","ocean_menu_link_background":"","ocean_menu_link_hover_background":"","ocean_menu_link_active_background":"","ocean_menu_social_links_bg":"","ocean_menu_social_hover_links_bg":"","ocean_menu_social_links_color":"","ocean_menu_social_hover_links_color":"","ocean_disable_title":"default","ocean_disable_heading":"default","ocean_post_title":"","ocean_post_subheading":"","ocean_post_title_style":"","ocean_post_title_background_color":"","ocean_post_title_background":0,"ocean_post_title_bg_image_position":"","ocean_post_title_bg_image_attachment":"","ocean_post_title_bg_image_repeat":"","ocean_post_title_bg_image_size":"","ocean_post_title_height":0,"ocean_post_title_bg_overlay":0.5,"ocean_post_title_bg_overlay_color":"","ocean_disable_breadcrumbs":"default","ocean_breadcrumbs_color":"","ocean_breadcrumbs_separator_color":"","ocean_breadcrumbs_links_color":"","ocean_breadcrumbs_links_hover_color":"","ocean_display_footer_widgets":"default","ocean_display_footer_bottom":"default","ocean_custom_footer_template":"","ocean_post_oembed":"","ocean_post_self_hosted_media":"","ocean_post_video_embed":"","ocean_link_format":"","ocean_link_format_target":"self","ocean_quote_format":"","ocean_quote_format_link":"post","ocean_gallery_link_images":"on","ocean_gallery_id":[],"footnotes":""},"categories":[136],"tags":[],"class_list":["post-57262","post","type-post","status-publish","format-standard","has-post-thumbnail","hentry","category-progetti","entry","has-media"],"yoast_head":"<!-- This site is optimized with the Yoast SEO plugin v27.4 - https:\/\/yoast.com\/product\/yoast-seo-wordpress\/ -->\n<title>EXPERIENCE ITALY SOUTH AND BEYOND - Italcamara<\/title>\n<meta name=\"robots\" content=\"index, follow, max-snippet:-1, max-image-preview:large, max-video-preview:-1\" \/>\n<link rel=\"canonical\" href=\"https:\/\/italcamara-es.com\/it\/progetti\/experience-italy-south-and-beyond\/\" \/>\n<meta property=\"og:locale\" content=\"it_IT\" \/>\n<meta property=\"og:type\" content=\"article\" \/>\n<meta property=\"og:title\" content=\"EXPERIENCE ITALY SOUTH AND BEYOND - Italcamara\" \/>\n<meta property=\"og:description\" content=\"IS.NA.R.T. in collaborazione con \u00a0la Camera di Commercio e Industria Italiana per la Spagna, e con il patrocinio del \u201cMinistero dei Beni e delle Attivit\u00e0 culturali e del Turismo\u201d, presenta un nuovo progetto, diretto a promuovere i prodotti tipici delle varie regioni del Mezzogiorno italiano: Basilicata, Calabria, Campania, Puglia, Sardegna e Sicilia.\" \/>\n<meta property=\"og:url\" content=\"https:\/\/italcamara-es.com\/it\/progetti\/experience-italy-south-and-beyond\/\" \/>\n<meta property=\"og:site_name\" content=\"Italcamara\" \/>\n<meta property=\"article:published_time\" content=\"2016-06-11T08:38:36+00:00\" \/>\n<meta property=\"og:image\" content=\"https:\/\/italcamara-es.com\/wp-content\/uploads\/2025\/03\/logo-progetto-e1471948559128.jpg\" \/>\n\t<meta property=\"og:image:width\" content=\"250\" \/>\n\t<meta property=\"og:image:height\" content=\"141\" \/>\n\t<meta property=\"og:image:type\" content=\"image\/jpeg\" \/>\n<meta name=\"author\" content=\"administrador\" \/>\n<meta name=\"twitter:card\" content=\"summary_large_image\" \/>\n<meta name=\"twitter:label1\" content=\"Scritto da\" \/>\n\t<meta name=\"twitter:data1\" content=\"administrador\" \/>\n\t<meta name=\"twitter:label2\" content=\"Tempo di lettura stimato\" \/>\n\t<meta name=\"twitter:data2\" content=\"2 minuti\" \/>\n<script type=\"application\/ld+json\" class=\"yoast-schema-graph\">{\"@context\":\"https:\\\/\\\/schema.org\",\"@graph\":[{\"@type\":\"Article\",\"@id\":\"https:\\\/\\\/italcamara-es.com\\\/it\\\/progetti\\\/experience-italy-south-and-beyond\\\/#article\",\"isPartOf\":{\"@id\":\"https:\\\/\\\/italcamara-es.com\\\/it\\\/progetti\\\/experience-italy-south-and-beyond\\\/\"},\"author\":{\"name\":\"administrador\",\"@id\":\"https:\\\/\\\/italcamara-es.com\\\/#\\\/schema\\\/person\\\/bb3c56263e405bbd9a15171dcfee93bb\"},\"headline\":\"EXPERIENCE ITALY SOUTH AND BEYOND\",\"datePublished\":\"2016-06-11T08:38:36+00:00\",\"mainEntityOfPage\":{\"@id\":\"https:\\\/\\\/italcamara-es.com\\\/it\\\/progetti\\\/experience-italy-south-and-beyond\\\/\"},\"wordCount\":423,\"commentCount\":0,\"image\":{\"@id\":\"https:\\\/\\\/italcamara-es.com\\\/it\\\/progetti\\\/experience-italy-south-and-beyond\\\/#primaryimage\"},\"thumbnailUrl\":\"https:\\\/\\\/italcamara-es.com\\\/wp-content\\\/uploads\\\/2025\\\/03\\\/logo-progetto-e1471948559128.jpg\",\"articleSection\":[\"Progetti\"],\"inLanguage\":\"it-IT\",\"potentialAction\":[{\"@type\":\"CommentAction\",\"name\":\"Comment\",\"target\":[\"https:\\\/\\\/italcamara-es.com\\\/it\\\/progetti\\\/experience-italy-south-and-beyond\\\/#respond\"]}]},{\"@type\":\"WebPage\",\"@id\":\"https:\\\/\\\/italcamara-es.com\\\/it\\\/progetti\\\/experience-italy-south-and-beyond\\\/\",\"url\":\"https:\\\/\\\/italcamara-es.com\\\/it\\\/progetti\\\/experience-italy-south-and-beyond\\\/\",\"name\":\"EXPERIENCE ITALY SOUTH AND BEYOND - Italcamara\",\"isPartOf\":{\"@id\":\"https:\\\/\\\/italcamara-es.com\\\/#website\"},\"primaryImageOfPage\":{\"@id\":\"https:\\\/\\\/italcamara-es.com\\\/it\\\/progetti\\\/experience-italy-south-and-beyond\\\/#primaryimage\"},\"image\":{\"@id\":\"https:\\\/\\\/italcamara-es.com\\\/it\\\/progetti\\\/experience-italy-south-and-beyond\\\/#primaryimage\"},\"thumbnailUrl\":\"https:\\\/\\\/italcamara-es.com\\\/wp-content\\\/uploads\\\/2025\\\/03\\\/logo-progetto-e1471948559128.jpg\",\"datePublished\":\"2016-06-11T08:38:36+00:00\",\"author\":{\"@id\":\"https:\\\/\\\/italcamara-es.com\\\/#\\\/schema\\\/person\\\/bb3c56263e405bbd9a15171dcfee93bb\"},\"breadcrumb\":{\"@id\":\"https:\\\/\\\/italcamara-es.com\\\/it\\\/progetti\\\/experience-italy-south-and-beyond\\\/#breadcrumb\"},\"inLanguage\":\"it-IT\",\"potentialAction\":[{\"@type\":\"ReadAction\",\"target\":[\"https:\\\/\\\/italcamara-es.com\\\/it\\\/progetti\\\/experience-italy-south-and-beyond\\\/\"]}]},{\"@type\":\"ImageObject\",\"inLanguage\":\"it-IT\",\"@id\":\"https:\\\/\\\/italcamara-es.com\\\/it\\\/progetti\\\/experience-italy-south-and-beyond\\\/#primaryimage\",\"url\":\"https:\\\/\\\/italcamara-es.com\\\/wp-content\\\/uploads\\\/2025\\\/03\\\/logo-progetto-e1471948559128.jpg\",\"contentUrl\":\"https:\\\/\\\/italcamara-es.com\\\/wp-content\\\/uploads\\\/2025\\\/03\\\/logo-progetto-e1471948559128.jpg\",\"width\":250,\"height\":141},{\"@type\":\"BreadcrumbList\",\"@id\":\"https:\\\/\\\/italcamara-es.com\\\/it\\\/progetti\\\/experience-italy-south-and-beyond\\\/#breadcrumb\",\"itemListElement\":[{\"@type\":\"ListItem\",\"position\":1,\"name\":\"Inicio\",\"item\":\"https:\\\/\\\/italcamara-es.com\\\/it\\\/homepage-ita\\\/\"},{\"@type\":\"ListItem\",\"position\":2,\"name\":\"EXPERIENCE ITALY SOUTH AND BEYOND\"}]},{\"@type\":\"WebSite\",\"@id\":\"https:\\\/\\\/italcamara-es.com\\\/#website\",\"url\":\"https:\\\/\\\/italcamara-es.com\\\/\",\"name\":\"Italcamara\",\"description\":\"\",\"potentialAction\":[{\"@type\":\"SearchAction\",\"target\":{\"@type\":\"EntryPoint\",\"urlTemplate\":\"https:\\\/\\\/italcamara-es.com\\\/?s={search_term_string}\"},\"query-input\":{\"@type\":\"PropertyValueSpecification\",\"valueRequired\":true,\"valueName\":\"search_term_string\"}}],\"inLanguage\":\"it-IT\"},{\"@type\":\"Person\",\"@id\":\"https:\\\/\\\/italcamara-es.com\\\/#\\\/schema\\\/person\\\/bb3c56263e405bbd9a15171dcfee93bb\",\"name\":\"administrador\",\"image\":{\"@type\":\"ImageObject\",\"inLanguage\":\"it-IT\",\"@id\":\"https:\\\/\\\/secure.gravatar.com\\\/avatar\\\/14b5e63db38320b12031bb28cf9f77e210aa71fb3a8a3602a3c9a05134fa75eb?s=96&d=mm&r=g\",\"url\":\"https:\\\/\\\/secure.gravatar.com\\\/avatar\\\/14b5e63db38320b12031bb28cf9f77e210aa71fb3a8a3602a3c9a05134fa75eb?s=96&d=mm&r=g\",\"contentUrl\":\"https:\\\/\\\/secure.gravatar.com\\\/avatar\\\/14b5e63db38320b12031bb28cf9f77e210aa71fb3a8a3602a3c9a05134fa75eb?s=96&d=mm&r=g\",\"caption\":\"administrador\"},\"sameAs\":[\"http:\\\/\\\/pre.italcamara-es.com\"],\"url\":\"https:\\\/\\\/italcamara-es.com\\\/it\\\/author\\\/administrador\\\/\"}]}<\/script>\n<!-- \/ Yoast SEO plugin. -->","yoast_head_json":{"title":"EXPERIENCE ITALY SOUTH AND BEYOND - Italcamara","robots":{"index":"index","follow":"follow","max-snippet":"max-snippet:-1","max-image-preview":"max-image-preview:large","max-video-preview":"max-video-preview:-1"},"canonical":"https:\/\/italcamara-es.com\/it\/progetti\/experience-italy-south-and-beyond\/","og_locale":"it_IT","og_type":"article","og_title":"EXPERIENCE ITALY SOUTH AND BEYOND - Italcamara","og_description":"IS.NA.R.T. in collaborazione con \u00a0la Camera di Commercio e Industria Italiana per la Spagna, e con il patrocinio del \u201cMinistero dei Beni e delle Attivit\u00e0 culturali e del Turismo\u201d, presenta un nuovo progetto, diretto a promuovere i prodotti tipici delle varie regioni del Mezzogiorno italiano: Basilicata, Calabria, Campania, Puglia, Sardegna e Sicilia.","og_url":"https:\/\/italcamara-es.com\/it\/progetti\/experience-italy-south-and-beyond\/","og_site_name":"Italcamara","article_published_time":"2016-06-11T08:38:36+00:00","og_image":[{"width":250,"height":141,"url":"https:\/\/italcamara-es.com\/wp-content\/uploads\/2025\/03\/logo-progetto-e1471948559128.jpg","type":"image\/jpeg"}],"author":"administrador","twitter_card":"summary_large_image","twitter_misc":{"Scritto da":"administrador","Tempo di lettura stimato":"2 minuti"},"schema":{"@context":"https:\/\/schema.org","@graph":[{"@type":"Article","@id":"https:\/\/italcamara-es.com\/it\/progetti\/experience-italy-south-and-beyond\/#article","isPartOf":{"@id":"https:\/\/italcamara-es.com\/it\/progetti\/experience-italy-south-and-beyond\/"},"author":{"name":"administrador","@id":"https:\/\/italcamara-es.com\/#\/schema\/person\/bb3c56263e405bbd9a15171dcfee93bb"},"headline":"EXPERIENCE ITALY SOUTH AND BEYOND","datePublished":"2016-06-11T08:38:36+00:00","mainEntityOfPage":{"@id":"https:\/\/italcamara-es.com\/it\/progetti\/experience-italy-south-and-beyond\/"},"wordCount":423,"commentCount":0,"image":{"@id":"https:\/\/italcamara-es.com\/it\/progetti\/experience-italy-south-and-beyond\/#primaryimage"},"thumbnailUrl":"https:\/\/italcamara-es.com\/wp-content\/uploads\/2025\/03\/logo-progetto-e1471948559128.jpg","articleSection":["Progetti"],"inLanguage":"it-IT","potentialAction":[{"@type":"CommentAction","name":"Comment","target":["https:\/\/italcamara-es.com\/it\/progetti\/experience-italy-south-and-beyond\/#respond"]}]},{"@type":"WebPage","@id":"https:\/\/italcamara-es.com\/it\/progetti\/experience-italy-south-and-beyond\/","url":"https:\/\/italcamara-es.com\/it\/progetti\/experience-italy-south-and-beyond\/","name":"EXPERIENCE ITALY SOUTH AND BEYOND - Italcamara","isPartOf":{"@id":"https:\/\/italcamara-es.com\/#website"},"primaryImageOfPage":{"@id":"https:\/\/italcamara-es.com\/it\/progetti\/experience-italy-south-and-beyond\/#primaryimage"},"image":{"@id":"https:\/\/italcamara-es.com\/it\/progetti\/experience-italy-south-and-beyond\/#primaryimage"},"thumbnailUrl":"https:\/\/italcamara-es.com\/wp-content\/uploads\/2025\/03\/logo-progetto-e1471948559128.jpg","datePublished":"2016-06-11T08:38:36+00:00","author":{"@id":"https:\/\/italcamara-es.com\/#\/schema\/person\/bb3c56263e405bbd9a15171dcfee93bb"},"breadcrumb":{"@id":"https:\/\/italcamara-es.com\/it\/progetti\/experience-italy-south-and-beyond\/#breadcrumb"},"inLanguage":"it-IT","potentialAction":[{"@type":"ReadAction","target":["https:\/\/italcamara-es.com\/it\/progetti\/experience-italy-south-and-beyond\/"]}]},{"@type":"ImageObject","inLanguage":"it-IT","@id":"https:\/\/italcamara-es.com\/it\/progetti\/experience-italy-south-and-beyond\/#primaryimage","url":"https:\/\/italcamara-es.com\/wp-content\/uploads\/2025\/03\/logo-progetto-e1471948559128.jpg","contentUrl":"https:\/\/italcamara-es.com\/wp-content\/uploads\/2025\/03\/logo-progetto-e1471948559128.jpg","width":250,"height":141},{"@type":"BreadcrumbList","@id":"https:\/\/italcamara-es.com\/it\/progetti\/experience-italy-south-and-beyond\/#breadcrumb","itemListElement":[{"@type":"ListItem","position":1,"name":"Inicio","item":"https:\/\/italcamara-es.com\/it\/homepage-ita\/"},{"@type":"ListItem","position":2,"name":"EXPERIENCE ITALY SOUTH AND BEYOND"}]},{"@type":"WebSite","@id":"https:\/\/italcamara-es.com\/#website","url":"https:\/\/italcamara-es.com\/","name":"Italcamara","description":"","potentialAction":[{"@type":"SearchAction","target":{"@type":"EntryPoint","urlTemplate":"https:\/\/italcamara-es.com\/?s={search_term_string}"},"query-input":{"@type":"PropertyValueSpecification","valueRequired":true,"valueName":"search_term_string"}}],"inLanguage":"it-IT"},{"@type":"Person","@id":"https:\/\/italcamara-es.com\/#\/schema\/person\/bb3c56263e405bbd9a15171dcfee93bb","name":"administrador","image":{"@type":"ImageObject","inLanguage":"it-IT","@id":"https:\/\/secure.gravatar.com\/avatar\/14b5e63db38320b12031bb28cf9f77e210aa71fb3a8a3602a3c9a05134fa75eb?s=96&d=mm&r=g","url":"https:\/\/secure.gravatar.com\/avatar\/14b5e63db38320b12031bb28cf9f77e210aa71fb3a8a3602a3c9a05134fa75eb?s=96&d=mm&r=g","contentUrl":"https:\/\/secure.gravatar.com\/avatar\/14b5e63db38320b12031bb28cf9f77e210aa71fb3a8a3602a3c9a05134fa75eb?s=96&d=mm&r=g","caption":"administrador"},"sameAs":["http:\/\/pre.italcamara-es.com"],"url":"https:\/\/italcamara-es.com\/it\/author\/administrador\/"}]}},"rttpg_featured_image_url":{"full":["https:\/\/italcamara-es.com\/wp-content\/uploads\/2025\/03\/logo-progetto-e1471948559128.jpg",250,141,false],"landscape":["https:\/\/italcamara-es.com\/wp-content\/uploads\/2025\/03\/logo-progetto-e1471948559128.jpg",250,141,false],"portraits":["https:\/\/italcamara-es.com\/wp-content\/uploads\/2025\/03\/logo-progetto-e1471948559128.jpg",250,141,false],"thumbnail":["https:\/\/italcamara-es.com\/wp-content\/uploads\/2025\/03\/logo-progetto-e1471948559128-150x141.jpg",150,141,true],"medium":["https:\/\/italcamara-es.com\/wp-content\/uploads\/2025\/03\/logo-progetto-e1471948559128.jpg",250,141,false],"large":["https:\/\/italcamara-es.com\/wp-content\/uploads\/2025\/03\/logo-progetto-e1471948559128.jpg",250,141,false],"1536x1536":["https:\/\/italcamara-es.com\/wp-content\/uploads\/2025\/03\/logo-progetto-e1471948559128.jpg",250,141,false],"2048x2048":["https:\/\/italcamara-es.com\/wp-content\/uploads\/2025\/03\/logo-progetto-e1471948559128.jpg",250,141,false],"ocean-thumb-m":["https:\/\/italcamara-es.com\/wp-content\/uploads\/2025\/03\/logo-progetto-e1471948559128.jpg",250,141,false],"ocean-thumb-ml":["https:\/\/italcamara-es.com\/wp-content\/uploads\/2025\/03\/logo-progetto-e1471948559128.jpg",250,141,false],"ocean-thumb-l":["https:\/\/italcamara-es.com\/wp-content\/uploads\/2025\/03\/logo-progetto-e1471948559128.jpg",250,141,false],"directorist_preview":["https:\/\/italcamara-es.com\/wp-content\/uploads\/2025\/03\/logo-progetto-e1471948559128.jpg",250,141,false]},"rttpg_author":{"display_name":"administrador","author_link":"https:\/\/italcamara-es.com\/it\/author\/administrador\/"},"rttpg_comment":0,"rttpg_category":"<a href=\"https:\/\/italcamara-es.com\/it\/category\/progetti\/\" rel=\"category tag\">Progetti<\/a>","rttpg_excerpt":"IS.NA.R.T. in collaborazione con \u00a0la Camera di Commercio e Industria Italiana per la Spagna, e con il patrocinio del \u201cMinistero dei Beni e delle Attivit\u00e0 culturali e del Turismo\u201d, presenta un nuovo progetto, diretto a promuovere i prodotti tipici delle varie regioni del Mezzogiorno italiano: Basilicata, Calabria, Campania, Puglia, Sardegna e Sicilia.","_links":{"self":[{"href":"https:\/\/italcamara-es.com\/it\/wp-json\/wp\/v2\/posts\/57262","targetHints":{"allow":["GET"]}}],"collection":[{"href":"https:\/\/italcamara-es.com\/it\/wp-json\/wp\/v2\/posts"}],"about":[{"href":"https:\/\/italcamara-es.com\/it\/wp-json\/wp\/v2\/types\/post"}],"author":[{"embeddable":true,"href":"https:\/\/italcamara-es.com\/it\/wp-json\/wp\/v2\/users\/1"}],"replies":[{"embeddable":true,"href":"https:\/\/italcamara-es.com\/it\/wp-json\/wp\/v2\/comments?post=57262"}],"version-history":[{"count":0,"href":"https:\/\/italcamara-es.com\/it\/wp-json\/wp\/v2\/posts\/57262\/revisions"}],"wp:featuredmedia":[{"embeddable":true,"href":"https:\/\/italcamara-es.com\/it\/wp-json\/wp\/v2\/media\/55343"}],"wp:attachment":[{"href":"https:\/\/italcamara-es.com\/it\/wp-json\/wp\/v2\/media?parent=57262"}],"wp:term":[{"taxonomy":"category","embeddable":true,"href":"https:\/\/italcamara-es.com\/it\/wp-json\/wp\/v2\/categories?post=57262"},{"taxonomy":"post_tag","embeddable":true,"href":"https:\/\/italcamara-es.com\/it\/wp-json\/wp\/v2\/tags?post=57262"}],"curies":[{"name":"wp","href":"https:\/\/api.w.org\/{rel}","templated":true}]}}