	{"id":57278,"date":"2016-11-14T13:00:42","date_gmt":"2016-11-14T12:00:42","guid":{"rendered":"http:\/\/pre.italcamara-es.com\/senza-categoria\/prima-settimana-della-cucina-italiana-nel-mondo-21-27-novembre-2016\/"},"modified":"2016-11-14T13:00:42","modified_gmt":"2016-11-14T12:00:42","slug":"prima-settimana-della-cucina-italiana-nel-mondo-21-27-novembre-2016","status":"publish","type":"post","link":"https:\/\/italcamara-es.com\/it\/progetti\/prima-settimana-della-cucina-italiana-nel-mondo-21-27-novembre-2016\/","title":{"rendered":"Prima Settimana della Cucina Italiana nel Mondo, 21- 27 novembre 2016"},"content":{"rendered":"<p>1300 eventi in 105 paesi nel mondo coordinati dalla rete diplomatica per un grande evento di promozione della cucina italiana. In Spagna, numerose iniziative organizzate dagli attori del Sistema Italia in collaborazione con imprese del settore alimentare, importatori, ristoratori, chef italiani e spagnoli.<!--more--><\/p>\n<p>&nbsp;<\/p>\n<p>&nbsp;<\/p>\n<p>Durante l\u2019ultima settimana di novembre si celebra in 105 paesi la Prima Settimana della Cucina Italiana nel Mondo. Un\u2019iniziativa strategica di promozione all\u2019estero della tradizione culinaria italiana che vede impegnata la rete diplomatica in coordinamento con tutti gli attori del Sistema Italia.<\/p>\n<p>&nbsp;<\/p>\n<p>La Prima Settimana della Cucina Italiana nel Mondo sviluppa le grandi tematiche presentate nel corso di EXPO Milano 2015 e racchiuse nella Carta di Milano: qualit\u00e0, sostenibilit\u00e0, cultura, sicurezza alimentare, diritto al cibo, educazione, identit\u00e0, territorio, biodiversit\u00e0.<\/p>\n<p>&nbsp;<\/p>\n<p>Il progetto si inserisce nel piano di attivit\u00e0 previste dal protocollo di intesa per la valorizzazione all&#8217;estero della cucina italiana di qualit\u00e0, sottoscritto lo scorso 15 marzo tra Ministero degli Esteri, Ministero delle Politiche Agricole e Forestali, Ministero dell\u2019Istruzione, dell\u2019Universita\u2019 e della Ricerca.<\/p>\n<p><strong>\u00a0<\/strong><\/p>\n<p><strong>L\u2019iniziativa in Spagna<\/strong><\/p>\n<p>Pi\u00f9 di 50 gli eventi che tra il 20 e il 30 novembre verranno organizzati a Madrid e a Barcellona, con seminari sulla sostenibilit\u00e0 alimentare e le certificazioni, degustazioni, presentazioni di libri e ricette, eventi di promozione commerciale, proiezioni cinematografiche, presentazione di itinerari turistici, confe\u00acrenze sul design in cucina, sull\u2019alimentazione sportiva e sui benefici della dieta mediterranea.<\/p>\n<p>&nbsp;<\/p>\n<p>Le iniziative in programma, consultabili sul sito internet <span style=\"color: #003366;\"><strong><a style=\"color: #003366;\" href=\"http:\/\/www.semanacocinaitaliana.es\" target=\"_blank\" rel=\"noopener\">www.semanacocinaitaliana.es<\/a><\/strong><\/span>, coinvolgeranno chef stellati italiani e spagnoli, critici gastronomici, ristoratori, imprese, scuole alberghiere, esperti nutrizionisti, giornalisti, designer e artisti che faranno conoscere al pubblico spagnolo lo straordinario patrimonio della tradizione gastronomica italiana e le piu\u2019 recenti tendenze della nostra cucina.<\/p>\n<p>&nbsp;<\/p>\n<p>Tra le iniziative proposte \u201c<span style=\"color: #003366;\"><strong><a style=\"color: #003366;\" href=\"http:\/\/www.semanacocinaitaliana.es\/degusta-italia\/\" target=\"_blank\" rel=\"noopener\">Degusta Italia<\/a><\/strong><\/span>\u201d, che coinvolge alcuni ristoranti italiani nel territorio, con la proposta di men\u00fa speciali, sconti, omaggi e degustazioni per i clienti.<\/p>\n","protected":false},"excerpt":{"rendered":"<p>1300 eventi in 105 paesi nel mondo coordinati dalla rete diplomatica per un grande evento di promozione della cucina italiana. In Spagna, numerose iniziative organizzate dagli attori del Sistema Italia in collaborazione con imprese del settore alimentare, importatori, ristoratori, chef italiani e spagnoli.<\/p>\n","protected":false},"author":1,"featured_media":54302,"comment_status":"open","ping_status":"open","sticky":false,"template":"","format":"standard","meta":{"inline_featured_image":false,"ocean_post_layout":"","ocean_both_sidebars_style":"","ocean_both_sidebars_content_width":0,"ocean_both_sidebars_sidebars_width":0,"ocean_sidebar":"","ocean_second_sidebar":"","ocean_disable_margins":"enable","ocean_add_body_class":"","ocean_shortcode_before_top_bar":"","ocean_shortcode_after_top_bar":"","ocean_shortcode_before_header":"","ocean_shortcode_after_header":"","ocean_has_shortcode":"","ocean_shortcode_after_title":"","ocean_shortcode_before_footer_widgets":"","ocean_shortcode_after_footer_widgets":"","ocean_shortcode_before_footer_bottom":"","ocean_shortcode_after_footer_bottom":"","ocean_display_top_bar":"default","ocean_display_header":"default","ocean_header_style":"","ocean_center_header_left_menu":"","ocean_custom_header_template":"","ocean_custom_logo":0,"ocean_custom_retina_logo":0,"ocean_custom_logo_max_width":0,"ocean_custom_logo_tablet_max_width":0,"ocean_custom_logo_mobile_max_width":0,"ocean_custom_logo_max_height":0,"ocean_custom_logo_tablet_max_height":0,"ocean_custom_logo_mobile_max_height":0,"ocean_header_custom_menu":"","ocean_menu_typo_font_family":"","ocean_menu_typo_font_subset":"","ocean_menu_typo_font_size":0,"ocean_menu_typo_font_size_tablet":0,"ocean_menu_typo_font_size_mobile":0,"ocean_menu_typo_font_size_unit":"px","ocean_menu_typo_font_weight":"","ocean_menu_typo_font_weight_tablet":"","ocean_menu_typo_font_weight_mobile":"","ocean_menu_typo_transform":"","ocean_menu_typo_transform_tablet":"","ocean_menu_typo_transform_mobile":"","ocean_menu_typo_line_height":0,"ocean_menu_typo_line_height_tablet":0,"ocean_menu_typo_line_height_mobile":0,"ocean_menu_typo_line_height_unit":"","ocean_menu_typo_spacing":0,"ocean_menu_typo_spacing_tablet":0,"ocean_menu_typo_spacing_mobile":0,"ocean_menu_typo_spacing_unit":"","ocean_menu_link_color":"","ocean_menu_link_color_hover":"","ocean_menu_link_color_active":"","ocean_menu_link_background":"","ocean_menu_link_hover_background":"","ocean_menu_link_active_background":"","ocean_menu_social_links_bg":"","ocean_menu_social_hover_links_bg":"","ocean_menu_social_links_color":"","ocean_menu_social_hover_links_color":"","ocean_disable_title":"default","ocean_disable_heading":"default","ocean_post_title":"","ocean_post_subheading":"","ocean_post_title_style":"","ocean_post_title_background_color":"","ocean_post_title_background":0,"ocean_post_title_bg_image_position":"","ocean_post_title_bg_image_attachment":"","ocean_post_title_bg_image_repeat":"","ocean_post_title_bg_image_size":"","ocean_post_title_height":0,"ocean_post_title_bg_overlay":0.5,"ocean_post_title_bg_overlay_color":"","ocean_disable_breadcrumbs":"default","ocean_breadcrumbs_color":"","ocean_breadcrumbs_separator_color":"","ocean_breadcrumbs_links_color":"","ocean_breadcrumbs_links_hover_color":"","ocean_display_footer_widgets":"default","ocean_display_footer_bottom":"default","ocean_custom_footer_template":"","ocean_post_oembed":"","ocean_post_self_hosted_media":"","ocean_post_video_embed":"","ocean_link_format":"","ocean_link_format_target":"self","ocean_quote_format":"","ocean_quote_format_link":"post","ocean_gallery_link_images":"on","ocean_gallery_id":[],"footnotes":""},"categories":[136],"tags":[],"class_list":["post-57278","post","type-post","status-publish","format-standard","has-post-thumbnail","hentry","category-progetti","entry","has-media"],"yoast_head":"<!-- This site is optimized with the Yoast SEO plugin v27.4 - https:\/\/yoast.com\/product\/yoast-seo-wordpress\/ -->\n<title>Prima Settimana della Cucina Italiana nel Mondo, 21- 27 novembre 2016 - Italcamara<\/title>\n<meta name=\"robots\" content=\"index, follow, max-snippet:-1, max-image-preview:large, max-video-preview:-1\" \/>\n<link rel=\"canonical\" href=\"https:\/\/italcamara-es.com\/it\/progetti\/prima-settimana-della-cucina-italiana-nel-mondo-21-27-novembre-2016\/\" \/>\n<meta property=\"og:locale\" content=\"it_IT\" \/>\n<meta property=\"og:type\" content=\"article\" \/>\n<meta property=\"og:title\" content=\"Prima Settimana della Cucina Italiana nel Mondo, 21- 27 novembre 2016 - Italcamara\" \/>\n<meta property=\"og:description\" content=\"1300 eventi in 105 paesi nel mondo coordinati dalla rete diplomatica per un grande evento di promozione della cucina italiana. In Spagna, numerose iniziative organizzate dagli attori del Sistema Italia in collaborazione con imprese del settore alimentare, importatori, ristoratori, chef italiani e spagnoli.\" \/>\n<meta property=\"og:url\" content=\"https:\/\/italcamara-es.com\/it\/progetti\/prima-settimana-della-cucina-italiana-nel-mondo-21-27-novembre-2016\/\" \/>\n<meta property=\"og:site_name\" content=\"Italcamara\" \/>\n<meta property=\"article:published_time\" content=\"2016-11-14T12:00:42+00:00\" \/>\n<meta property=\"og:image\" content=\"https:\/\/italcamara-es.com\/wp-content\/uploads\/2025\/03\/TheExtraordinaryItalianTast.jpg\" \/>\n\t<meta property=\"og:image:width\" content=\"250\" \/>\n\t<meta property=\"og:image:height\" content=\"140\" \/>\n\t<meta property=\"og:image:type\" content=\"image\/jpeg\" \/>\n<meta name=\"author\" content=\"administrador\" \/>\n<meta name=\"twitter:card\" content=\"summary_large_image\" \/>\n<meta name=\"twitter:label1\" content=\"Scritto da\" \/>\n\t<meta name=\"twitter:data1\" content=\"administrador\" \/>\n\t<meta name=\"twitter:label2\" content=\"Tempo di lettura stimato\" \/>\n\t<meta name=\"twitter:data2\" content=\"2 minuti\" \/>\n<script type=\"application\/ld+json\" class=\"yoast-schema-graph\">{\"@context\":\"https:\\\/\\\/schema.org\",\"@graph\":[{\"@type\":\"Article\",\"@id\":\"https:\\\/\\\/italcamara-es.com\\\/it\\\/progetti\\\/prima-settimana-della-cucina-italiana-nel-mondo-21-27-novembre-2016\\\/#article\",\"isPartOf\":{\"@id\":\"https:\\\/\\\/italcamara-es.com\\\/it\\\/progetti\\\/prima-settimana-della-cucina-italiana-nel-mondo-21-27-novembre-2016\\\/\"},\"author\":{\"name\":\"administrador\",\"@id\":\"https:\\\/\\\/italcamara-es.com\\\/#\\\/schema\\\/person\\\/bb3c56263e405bbd9a15171dcfee93bb\"},\"headline\":\"Prima Settimana della Cucina Italiana nel Mondo, 21- 27 novembre 2016\",\"datePublished\":\"2016-11-14T12:00:42+00:00\",\"mainEntityOfPage\":{\"@id\":\"https:\\\/\\\/italcamara-es.com\\\/it\\\/progetti\\\/prima-settimana-della-cucina-italiana-nel-mondo-21-27-novembre-2016\\\/\"},\"wordCount\":317,\"commentCount\":0,\"image\":{\"@id\":\"https:\\\/\\\/italcamara-es.com\\\/it\\\/progetti\\\/prima-settimana-della-cucina-italiana-nel-mondo-21-27-novembre-2016\\\/#primaryimage\"},\"thumbnailUrl\":\"https:\\\/\\\/italcamara-es.com\\\/wp-content\\\/uploads\\\/2025\\\/03\\\/TheExtraordinaryItalianTast.jpg\",\"articleSection\":[\"Progetti\"],\"inLanguage\":\"it-IT\",\"potentialAction\":[{\"@type\":\"CommentAction\",\"name\":\"Comment\",\"target\":[\"https:\\\/\\\/italcamara-es.com\\\/it\\\/progetti\\\/prima-settimana-della-cucina-italiana-nel-mondo-21-27-novembre-2016\\\/#respond\"]}]},{\"@type\":\"WebPage\",\"@id\":\"https:\\\/\\\/italcamara-es.com\\\/it\\\/progetti\\\/prima-settimana-della-cucina-italiana-nel-mondo-21-27-novembre-2016\\\/\",\"url\":\"https:\\\/\\\/italcamara-es.com\\\/it\\\/progetti\\\/prima-settimana-della-cucina-italiana-nel-mondo-21-27-novembre-2016\\\/\",\"name\":\"Prima Settimana della Cucina Italiana nel Mondo, 21- 27 novembre 2016 - Italcamara\",\"isPartOf\":{\"@id\":\"https:\\\/\\\/italcamara-es.com\\\/#website\"},\"primaryImageOfPage\":{\"@id\":\"https:\\\/\\\/italcamara-es.com\\\/it\\\/progetti\\\/prima-settimana-della-cucina-italiana-nel-mondo-21-27-novembre-2016\\\/#primaryimage\"},\"image\":{\"@id\":\"https:\\\/\\\/italcamara-es.com\\\/it\\\/progetti\\\/prima-settimana-della-cucina-italiana-nel-mondo-21-27-novembre-2016\\\/#primaryimage\"},\"thumbnailUrl\":\"https:\\\/\\\/italcamara-es.com\\\/wp-content\\\/uploads\\\/2025\\\/03\\\/TheExtraordinaryItalianTast.jpg\",\"datePublished\":\"2016-11-14T12:00:42+00:00\",\"author\":{\"@id\":\"https:\\\/\\\/italcamara-es.com\\\/#\\\/schema\\\/person\\\/bb3c56263e405bbd9a15171dcfee93bb\"},\"breadcrumb\":{\"@id\":\"https:\\\/\\\/italcamara-es.com\\\/it\\\/progetti\\\/prima-settimana-della-cucina-italiana-nel-mondo-21-27-novembre-2016\\\/#breadcrumb\"},\"inLanguage\":\"it-IT\",\"potentialAction\":[{\"@type\":\"ReadAction\",\"target\":[\"https:\\\/\\\/italcamara-es.com\\\/it\\\/progetti\\\/prima-settimana-della-cucina-italiana-nel-mondo-21-27-novembre-2016\\\/\"]}]},{\"@type\":\"ImageObject\",\"inLanguage\":\"it-IT\",\"@id\":\"https:\\\/\\\/italcamara-es.com\\\/it\\\/progetti\\\/prima-settimana-della-cucina-italiana-nel-mondo-21-27-novembre-2016\\\/#primaryimage\",\"url\":\"https:\\\/\\\/italcamara-es.com\\\/wp-content\\\/uploads\\\/2025\\\/03\\\/TheExtraordinaryItalianTast.jpg\",\"contentUrl\":\"https:\\\/\\\/italcamara-es.com\\\/wp-content\\\/uploads\\\/2025\\\/03\\\/TheExtraordinaryItalianTast.jpg\",\"width\":250,\"height\":140},{\"@type\":\"BreadcrumbList\",\"@id\":\"https:\\\/\\\/italcamara-es.com\\\/it\\\/progetti\\\/prima-settimana-della-cucina-italiana-nel-mondo-21-27-novembre-2016\\\/#breadcrumb\",\"itemListElement\":[{\"@type\":\"ListItem\",\"position\":1,\"name\":\"Inicio\",\"item\":\"https:\\\/\\\/italcamara-es.com\\\/it\\\/homepage-ita\\\/\"},{\"@type\":\"ListItem\",\"position\":2,\"name\":\"Prima Settimana della Cucina Italiana nel Mondo, 21- 27 novembre 2016\"}]},{\"@type\":\"WebSite\",\"@id\":\"https:\\\/\\\/italcamara-es.com\\\/#website\",\"url\":\"https:\\\/\\\/italcamara-es.com\\\/\",\"name\":\"Italcamara\",\"description\":\"\",\"potentialAction\":[{\"@type\":\"SearchAction\",\"target\":{\"@type\":\"EntryPoint\",\"urlTemplate\":\"https:\\\/\\\/italcamara-es.com\\\/?s={search_term_string}\"},\"query-input\":{\"@type\":\"PropertyValueSpecification\",\"valueRequired\":true,\"valueName\":\"search_term_string\"}}],\"inLanguage\":\"it-IT\"},{\"@type\":\"Person\",\"@id\":\"https:\\\/\\\/italcamara-es.com\\\/#\\\/schema\\\/person\\\/bb3c56263e405bbd9a15171dcfee93bb\",\"name\":\"administrador\",\"image\":{\"@type\":\"ImageObject\",\"inLanguage\":\"it-IT\",\"@id\":\"https:\\\/\\\/secure.gravatar.com\\\/avatar\\\/14b5e63db38320b12031bb28cf9f77e210aa71fb3a8a3602a3c9a05134fa75eb?s=96&d=mm&r=g\",\"url\":\"https:\\\/\\\/secure.gravatar.com\\\/avatar\\\/14b5e63db38320b12031bb28cf9f77e210aa71fb3a8a3602a3c9a05134fa75eb?s=96&d=mm&r=g\",\"contentUrl\":\"https:\\\/\\\/secure.gravatar.com\\\/avatar\\\/14b5e63db38320b12031bb28cf9f77e210aa71fb3a8a3602a3c9a05134fa75eb?s=96&d=mm&r=g\",\"caption\":\"administrador\"},\"sameAs\":[\"http:\\\/\\\/pre.italcamara-es.com\"],\"url\":\"https:\\\/\\\/italcamara-es.com\\\/it\\\/author\\\/administrador\\\/\"}]}<\/script>\n<!-- \/ Yoast SEO plugin. -->","yoast_head_json":{"title":"Prima Settimana della Cucina Italiana nel Mondo, 21- 27 novembre 2016 - Italcamara","robots":{"index":"index","follow":"follow","max-snippet":"max-snippet:-1","max-image-preview":"max-image-preview:large","max-video-preview":"max-video-preview:-1"},"canonical":"https:\/\/italcamara-es.com\/it\/progetti\/prima-settimana-della-cucina-italiana-nel-mondo-21-27-novembre-2016\/","og_locale":"it_IT","og_type":"article","og_title":"Prima Settimana della Cucina Italiana nel Mondo, 21- 27 novembre 2016 - Italcamara","og_description":"1300 eventi in 105 paesi nel mondo coordinati dalla rete diplomatica per un grande evento di promozione della cucina italiana. In Spagna, numerose iniziative organizzate dagli attori del Sistema Italia in collaborazione con imprese del settore alimentare, importatori, ristoratori, chef italiani e spagnoli.","og_url":"https:\/\/italcamara-es.com\/it\/progetti\/prima-settimana-della-cucina-italiana-nel-mondo-21-27-novembre-2016\/","og_site_name":"Italcamara","article_published_time":"2016-11-14T12:00:42+00:00","og_image":[{"width":250,"height":140,"url":"https:\/\/italcamara-es.com\/wp-content\/uploads\/2025\/03\/TheExtraordinaryItalianTast.jpg","type":"image\/jpeg"}],"author":"administrador","twitter_card":"summary_large_image","twitter_misc":{"Scritto da":"administrador","Tempo di lettura stimato":"2 minuti"},"schema":{"@context":"https:\/\/schema.org","@graph":[{"@type":"Article","@id":"https:\/\/italcamara-es.com\/it\/progetti\/prima-settimana-della-cucina-italiana-nel-mondo-21-27-novembre-2016\/#article","isPartOf":{"@id":"https:\/\/italcamara-es.com\/it\/progetti\/prima-settimana-della-cucina-italiana-nel-mondo-21-27-novembre-2016\/"},"author":{"name":"administrador","@id":"https:\/\/italcamara-es.com\/#\/schema\/person\/bb3c56263e405bbd9a15171dcfee93bb"},"headline":"Prima Settimana della Cucina Italiana nel Mondo, 21- 27 novembre 2016","datePublished":"2016-11-14T12:00:42+00:00","mainEntityOfPage":{"@id":"https:\/\/italcamara-es.com\/it\/progetti\/prima-settimana-della-cucina-italiana-nel-mondo-21-27-novembre-2016\/"},"wordCount":317,"commentCount":0,"image":{"@id":"https:\/\/italcamara-es.com\/it\/progetti\/prima-settimana-della-cucina-italiana-nel-mondo-21-27-novembre-2016\/#primaryimage"},"thumbnailUrl":"https:\/\/italcamara-es.com\/wp-content\/uploads\/2025\/03\/TheExtraordinaryItalianTast.jpg","articleSection":["Progetti"],"inLanguage":"it-IT","potentialAction":[{"@type":"CommentAction","name":"Comment","target":["https:\/\/italcamara-es.com\/it\/progetti\/prima-settimana-della-cucina-italiana-nel-mondo-21-27-novembre-2016\/#respond"]}]},{"@type":"WebPage","@id":"https:\/\/italcamara-es.com\/it\/progetti\/prima-settimana-della-cucina-italiana-nel-mondo-21-27-novembre-2016\/","url":"https:\/\/italcamara-es.com\/it\/progetti\/prima-settimana-della-cucina-italiana-nel-mondo-21-27-novembre-2016\/","name":"Prima Settimana della Cucina Italiana nel Mondo, 21- 27 novembre 2016 - Italcamara","isPartOf":{"@id":"https:\/\/italcamara-es.com\/#website"},"primaryImageOfPage":{"@id":"https:\/\/italcamara-es.com\/it\/progetti\/prima-settimana-della-cucina-italiana-nel-mondo-21-27-novembre-2016\/#primaryimage"},"image":{"@id":"https:\/\/italcamara-es.com\/it\/progetti\/prima-settimana-della-cucina-italiana-nel-mondo-21-27-novembre-2016\/#primaryimage"},"thumbnailUrl":"https:\/\/italcamara-es.com\/wp-content\/uploads\/2025\/03\/TheExtraordinaryItalianTast.jpg","datePublished":"2016-11-14T12:00:42+00:00","author":{"@id":"https:\/\/italcamara-es.com\/#\/schema\/person\/bb3c56263e405bbd9a15171dcfee93bb"},"breadcrumb":{"@id":"https:\/\/italcamara-es.com\/it\/progetti\/prima-settimana-della-cucina-italiana-nel-mondo-21-27-novembre-2016\/#breadcrumb"},"inLanguage":"it-IT","potentialAction":[{"@type":"ReadAction","target":["https:\/\/italcamara-es.com\/it\/progetti\/prima-settimana-della-cucina-italiana-nel-mondo-21-27-novembre-2016\/"]}]},{"@type":"ImageObject","inLanguage":"it-IT","@id":"https:\/\/italcamara-es.com\/it\/progetti\/prima-settimana-della-cucina-italiana-nel-mondo-21-27-novembre-2016\/#primaryimage","url":"https:\/\/italcamara-es.com\/wp-content\/uploads\/2025\/03\/TheExtraordinaryItalianTast.jpg","contentUrl":"https:\/\/italcamara-es.com\/wp-content\/uploads\/2025\/03\/TheExtraordinaryItalianTast.jpg","width":250,"height":140},{"@type":"BreadcrumbList","@id":"https:\/\/italcamara-es.com\/it\/progetti\/prima-settimana-della-cucina-italiana-nel-mondo-21-27-novembre-2016\/#breadcrumb","itemListElement":[{"@type":"ListItem","position":1,"name":"Inicio","item":"https:\/\/italcamara-es.com\/it\/homepage-ita\/"},{"@type":"ListItem","position":2,"name":"Prima Settimana della Cucina Italiana nel Mondo, 21- 27 novembre 2016"}]},{"@type":"WebSite","@id":"https:\/\/italcamara-es.com\/#website","url":"https:\/\/italcamara-es.com\/","name":"Italcamara","description":"","potentialAction":[{"@type":"SearchAction","target":{"@type":"EntryPoint","urlTemplate":"https:\/\/italcamara-es.com\/?s={search_term_string}"},"query-input":{"@type":"PropertyValueSpecification","valueRequired":true,"valueName":"search_term_string"}}],"inLanguage":"it-IT"},{"@type":"Person","@id":"https:\/\/italcamara-es.com\/#\/schema\/person\/bb3c56263e405bbd9a15171dcfee93bb","name":"administrador","image":{"@type":"ImageObject","inLanguage":"it-IT","@id":"https:\/\/secure.gravatar.com\/avatar\/14b5e63db38320b12031bb28cf9f77e210aa71fb3a8a3602a3c9a05134fa75eb?s=96&d=mm&r=g","url":"https:\/\/secure.gravatar.com\/avatar\/14b5e63db38320b12031bb28cf9f77e210aa71fb3a8a3602a3c9a05134fa75eb?s=96&d=mm&r=g","contentUrl":"https:\/\/secure.gravatar.com\/avatar\/14b5e63db38320b12031bb28cf9f77e210aa71fb3a8a3602a3c9a05134fa75eb?s=96&d=mm&r=g","caption":"administrador"},"sameAs":["http:\/\/pre.italcamara-es.com"],"url":"https:\/\/italcamara-es.com\/it\/author\/administrador\/"}]}},"rttpg_featured_image_url":{"full":["https:\/\/italcamara-es.com\/wp-content\/uploads\/2025\/03\/TheExtraordinaryItalianTast.jpg",250,140,false],"landscape":["https:\/\/italcamara-es.com\/wp-content\/uploads\/2025\/03\/TheExtraordinaryItalianTast.jpg",250,140,false],"portraits":["https:\/\/italcamara-es.com\/wp-content\/uploads\/2025\/03\/TheExtraordinaryItalianTast.jpg",250,140,false],"thumbnail":["https:\/\/italcamara-es.com\/wp-content\/uploads\/2025\/03\/TheExtraordinaryItalianTast-150x140.jpg",150,140,true],"medium":["https:\/\/italcamara-es.com\/wp-content\/uploads\/2025\/03\/TheExtraordinaryItalianTast.jpg",250,140,false],"large":["https:\/\/italcamara-es.com\/wp-content\/uploads\/2025\/03\/TheExtraordinaryItalianTast.jpg",250,140,false],"1536x1536":["https:\/\/italcamara-es.com\/wp-content\/uploads\/2025\/03\/TheExtraordinaryItalianTast.jpg",250,140,false],"2048x2048":["https:\/\/italcamara-es.com\/wp-content\/uploads\/2025\/03\/TheExtraordinaryItalianTast.jpg",250,140,false],"ocean-thumb-m":["https:\/\/italcamara-es.com\/wp-content\/uploads\/2025\/03\/TheExtraordinaryItalianTast.jpg",250,140,false],"ocean-thumb-ml":["https:\/\/italcamara-es.com\/wp-content\/uploads\/2025\/03\/TheExtraordinaryItalianTast.jpg",250,140,false],"ocean-thumb-l":["https:\/\/italcamara-es.com\/wp-content\/uploads\/2025\/03\/TheExtraordinaryItalianTast.jpg",250,140,false],"directorist_preview":["https:\/\/italcamara-es.com\/wp-content\/uploads\/2025\/03\/TheExtraordinaryItalianTast.jpg",250,140,false]},"rttpg_author":{"display_name":"administrador","author_link":"https:\/\/italcamara-es.com\/it\/author\/administrador\/"},"rttpg_comment":0,"rttpg_category":"<a href=\"https:\/\/italcamara-es.com\/it\/category\/progetti\/\" rel=\"category tag\">Progetti<\/a>","rttpg_excerpt":"1300 eventi in 105 paesi nel mondo coordinati dalla rete diplomatica per un grande evento di promozione della cucina italiana. In Spagna, numerose iniziative organizzate dagli attori del Sistema Italia in collaborazione con imprese del settore alimentare, importatori, ristoratori, chef italiani e spagnoli.","_links":{"self":[{"href":"https:\/\/italcamara-es.com\/it\/wp-json\/wp\/v2\/posts\/57278","targetHints":{"allow":["GET"]}}],"collection":[{"href":"https:\/\/italcamara-es.com\/it\/wp-json\/wp\/v2\/posts"}],"about":[{"href":"https:\/\/italcamara-es.com\/it\/wp-json\/wp\/v2\/types\/post"}],"author":[{"embeddable":true,"href":"https:\/\/italcamara-es.com\/it\/wp-json\/wp\/v2\/users\/1"}],"replies":[{"embeddable":true,"href":"https:\/\/italcamara-es.com\/it\/wp-json\/wp\/v2\/comments?post=57278"}],"version-history":[{"count":0,"href":"https:\/\/italcamara-es.com\/it\/wp-json\/wp\/v2\/posts\/57278\/revisions"}],"wp:featuredmedia":[{"embeddable":true,"href":"https:\/\/italcamara-es.com\/it\/wp-json\/wp\/v2\/media\/54302"}],"wp:attachment":[{"href":"https:\/\/italcamara-es.com\/it\/wp-json\/wp\/v2\/media?parent=57278"}],"wp:term":[{"taxonomy":"category","embeddable":true,"href":"https:\/\/italcamara-es.com\/it\/wp-json\/wp\/v2\/categories?post=57278"},{"taxonomy":"post_tag","embeddable":true,"href":"https:\/\/italcamara-es.com\/it\/wp-json\/wp\/v2\/tags?post=57278"}],"curies":[{"name":"wp","href":"https:\/\/api.w.org\/{rel}","templated":true}]}}