	{"id":57305,"date":"2023-04-12T09:14:00","date_gmt":"2023-04-12T07:14:00","guid":{"rendered":"http:\/\/pre.italcamara-es.com\/senza-categoria\/ciclo-di-seminari-e-webinar-ccis\/"},"modified":"2023-04-12T09:14:00","modified_gmt":"2023-04-12T07:14:00","slug":"ciclo-di-seminari-e-webinar-ccis","status":"publish","type":"post","link":"https:\/\/italcamara-es.com\/it\/progetti\/ciclo-di-seminari-e-webinar-ccis\/","title":{"rendered":"Ciclo di Seminari e webinar CCIS"},"content":{"rendered":"\n<p>La CCIS organizza un ciclo di seminari e webinar gratuiti su tematiche di interesse per le imprese italiane e spagnole, in relazione all\u2019attuale situazione dei due mercati in ambito legale, commerciale, lavorativo, sanitario, ecc.<\/p>\n\n\n\n<!--more-->\n\n\n\n<p>Tale ciclo di\nwebinar nasce dalla collaborazione con alcune delle imprese associate alla\nCCIS, che verranno coinvolte direttamente nella realizzazione dei seminari.<\/p>\n\n\n\n<p>Di seguito l&#8217;elenco dei seminari e webinar programmati<\/p>\n\n\n\n<h3 class=\"has-text-align-center wp-block-heading\">2024<\/h3>\n\n\n\n\n\n<p>\u00a0<\/p>\n<p><em>Mercoled\u00ec 25 giugno dalle 09:15 alle 11:00.<\/em><\/p>\n<p><strong>Seminario: &#8220;PIANI DI PARIT\u00c0 E DIVERSIT\u00c0: questioni attuali&#8221;.<\/strong><\/p>\n<p>L&#8217;uguaglianza, l&#8217;equit\u00e0 e l&#8217;inclusione (EI) sono diventati uno dei pilastri strategici dell&#8217;agenda sociale delle aziende nel loro impegno verso gli obiettivi di sviluppo sostenibile dell&#8217;Agenda 2030.<br \/><br \/>In questa conferenza affronteremo, da un punto di vista pratico, gli obblighi delle aziende in questo ambito, con particolare attenzione ai piani di parit\u00e0, ai registri e agli audit retributivi e alle sfide attuali che si presentano nella loro attuazione. Tratteremo anche le novit\u00e0, dal punto di vista lavorativo, introdotte dalla legge 15\/2022, del 12 luglio, sulla parit\u00e0 di trattamento e la non discriminazione, compresa l&#8217;estensione dei motivi di discriminazione al di l\u00e0 del genere. Affronteremo anche le sfide dell&#8217;attuazione dei piani e dei protocolli LGTBI, nonch\u00e9 il loro coordinamento con i protocolli gi\u00e0 esistenti nelle aziende, derivati dalla Legge 4\/2023, del 28 febbraio, per l&#8217;uguaglianza reale ed effettiva delle persone trans e per la garanzia dei diritti delle persone LGTBI, obbligatoria dallo scorso marzo 2024.<\/p>\n<p><strong>Relatore<\/strong>: <br \/>&#8211; Almudena Batista Jim\u00e9nez &#8211; partner di Cuatrecasas <br \/>Data: 25 giugno 2024<\/p>\n<p><strong>Indirizzo<\/strong>: Camera di Commercio Italiana per la Spagna<br \/>Crist\u00f3bal Bordi\u00fa, 54 &#8211; 28003 Madrid<\/p>\n<p><strong>Orario<\/strong>: 9:15 h Accoglienza e caff\u00e8 di benvenuto<br \/>9:30 h Inizio della sessione<br \/>11:00 h Fine della vigilia<\/p>\n<p>La partecipazione \u00e8 gratuita, ma a causa della capienza limitata \u00e8 indispensabile la registrazione preventiva.<\/p>\n<p><em>Modalit\u00e0: in presenza<\/em><\/p>\n<div class=\"wp-block-buttons\">\n<div class=\"wp-block-button aligncenter is-style-outline\"><a class=\"wp-block-button__link\" href=\"https:\/\/docs.google.com\/forms\/d\/e\/1FAIpQLSc0MCWWX9869osEEr7nFcnI1_zLt5R_drw0STkGDpmm1IGSrQ\/viewform\" rel=\"nofollow \">Iscriviti<\/a><\/div>\n<\/div>\n<p>\u00a0<\/p>\n<p><em>Mercoled\u00ec 19 giugno dalle 10:00 alle 11:00.<\/em><\/p>\n<p><strong>Webinar: Cina: la sinergia tra vendita al dettaglio online e fisica. I leader dell&#8217;e-commerce in Cina&#8221;.<\/strong><\/p>\n<p>L\u2019e-commerce in Cina \u00e8 un settore vivace e in evoluzione, con una forte integrazione tra le piattaforme online e le esperienze di acquisto fisico, supportato da un ecosistema tecnologico avanzato e da un comportamento dei consumatori ricettivo all\u2019innovazione. I canali di vendita al dettaglio includono negozi fisici, piattaforme di e-commerce, applicazioni mobili, social media e altro ancora: Alibaba, Tmall, Douyin e WeChat sono solo alcuni di questi canali.<\/p>\n<p>In questo webinar vi presenteremo i passi fondamentali per costruire una strategia di e-commerce retail in Cina, esaminando alcuni casi concreti di aziende che hanno gi\u00e0 affrontato questa sfida.<\/p>\n<p>Programma:<\/p>\n<p>\u2013 Introduzione: Maria Sole Lensi- Country Manager ADIACENT SPAGNA<\/p>\n<p>\u2013 L\u2019ecosistema dell\u2019e-commerce in Cina: Chenyin Pan \u2013 Direttore generale<br \/>ADIACENT CINA (Inglese)<\/p>\n<p>\u2013 Il branding in Cina: Andrea Fenn \u2013 CEO \u2013 ADIACENT CHINA (inglese)<\/p>\n<p><strong>Data:<\/strong> 19 giugno 2024<br \/><strong>Orario:<\/strong> 10:00 \u2013 11:00\u00a0<\/p>\n<p>La partecipazione \u00e8 gratuita, ma a causa della capienza limitata \u00e8 indispensabile la registrazione preventiva.<\/p>\n<p><em>Modalit\u00e0: online<\/em><\/p>\n<div class=\"wp-block-buttons\">\n<div class=\"wp-block-button aligncenter is-style-outline\"><a class=\"wp-block-button__link\" href=\"https:\/\/us02web.zoom.us\/webinar\/register\/WN_AiZZ8HC9RIim9Vh8XIWF_w#\/registration\" rel=\"nofollow \">Iscriviti<\/a><\/div>\n<\/div>\n<p>\u00a0<\/p>\n<p><em>Luned\u00ec 21 maggio dalle 10:00 alle 11:00.<\/em><\/p>\n<p><strong>Webinar: &#8220;Prezzi di trasferimento: la prospettiva spagnola e italiana&#8221;.<\/strong><\/p>\n<p>uesto webinar fornir\u00e0 una panoramica pratica dei requisiti in materia di prezzi di trasferimento applicabili ai gruppi internazionali con una presenza in Spagna e\/o in Italia, nonch\u00e9 delle sanzioni previste in entrambe le giurisdizioni. Inoltre, verr\u00e0 discussa in dettaglio l\u2019importanza della pianificazione preventiva delle spese tra entit\u00e0 correlate e della documentazione di supporto delle politiche sui prezzi di trasferimento.<\/p>\n<p><strong>Data:<\/strong> 21 maggio 2024<\/p>\n<p><strong>Orario:<\/strong> 10:00 &#8211; 11:00 h<\/p>\n<p><em>Modalit\u00e0: online<\/em><\/p>\n<div class=\"wp-block-buttons\">\n<div class=\"wp-block-button aligncenter is-style-outline\"><a class=\"wp-block-button__link\" href=\"https:\/\/us02web.zoom.us\/webinar\/register\/WN_AiZZ8HC9RIim9Vh8XIWF_w#\/registration\" rel=\"nofollow \">Iscriviti<\/a><\/div>\n<\/div>\n<p>\u00a0<\/p>\n<p><em>Luned\u00ec 13 maggio dalle 18.00 alle 20:00.<\/em><\/p>\n<p><strong>Evento: \u00a0&#8220;WHAT&#8217;S NEXT? Fondi europei di ripresa e resilienza&#8221;.<\/strong><\/p>\n<p>Siamo lieti di invitarvi a questo evento esclusivo incentrato sull&#8217;impatto e sull&#8217;attuazione dei Fondi europei per la ripresa e la resilienza.<br \/>A questo evento parteciper\u00e0 Anna Armengol, consulente economico e responsabile dei Fondi di ripresa e resilienza della Commissione europea in Spagna.<\/p>\n<p>Avremo l&#8217;opportunit\u00e0 di esplorare nel dettaglio come questi fondi stiano contribuendo alla ripresa e alla resilienza in tutta Europa, nonch\u00e9 le sfide e le opportunit\u00e0 che le iniziative di transizione verde e digitale devono affrontare.<\/p>\n<p><strong>Sede<\/strong>: ESCP Business School<br \/>Mar\u00eda de Molina, 4 &#8211; Madrid<\/p>\n<p><strong>Data:<\/strong> 13 maggio 2024<\/p>\n<p><strong>Orario:<\/strong> 18:00 h<\/p>\n<p><em>\u00c8 essenziale confermare la partecipazione entro il 10 maggio, poich\u00e9 i posti sono limitati e l&#8217;accesso potrebbe essere limitato alle persone che non si sono registrate in anticipo.<\/em><\/p>\n<p><strong>Ingresso: gratuito per i soci; 20\u20ac per i non soci.<\/strong><\/p>\n<p>\u00a0<\/p>\n<p><em>Modalit\u00e0: presenza<\/em><\/p>\n<div class=\"wp-block-buttons\">\n<div class=\"wp-block-button aligncenter is-style-outline\"><a class=\"wp-block-button__link\" href=\"https:\/\/us02web.zoom.us\/webinar\/register\/WN_7XfpOdXUQDGhHjjKsMEwow#\/registration\" rel=\"nofollow \">Iscriviti<\/a><\/div>\n<\/div>\n<p><em>Mercoled\u00ec 24 aprile dalle 9.00 alle 11:00.<\/em><\/p>\n<p><strong>Webinar: \u00a0&#8220;Trasformazione digitale finanziaria: il ruolo del CFO nell&#8217;era della fatturazione elettronica globale&#8221;.<\/strong><\/p>\n<p>Questo intervento affronter\u00e0 il ruolo cruciale del CFO nel successo aziendale e discuter\u00e0 l&#8217;importanza della digitalizzazione dei processi finanziari in un mondo in cui la normativa sulla fatturazione elettronica \u00e8 in continua evoluzione. Scoprirete come adattarsi a queste tendenze sia fondamentale per guidare la crescita e la competitivit\u00e0 della vostra azienda nel mercato globale. Attraverso questo dialogo imparerete le migliori pratiche per guidare la vostra organizzazione verso un futuro finanziario digitalizzato e prospero.<br \/><br \/><strong>Programma:<\/strong><br \/>&#8211; Introduzione<br \/>&#8211; Il CFO al centro della trasformazione digitale<br \/>&#8211; Automatizzazione dei processi finanziari<br \/>&#8211; Normativa globale sulla fatturazione elettronica<br \/>&#8211; Domande e risposte<br \/><br \/><strong>Relatore:<\/strong> <br \/>&#8211; Paolo Blasi, Key account Manager &#8211; Pagero <br \/><br \/><strong>Data:<\/strong> 24 aprile 2024<br \/><strong>Orario:<\/strong> 10:00 &#8211; 11:00.<br \/>La partecipazione \u00e8 gratuita, ma a causa della capienza limitata \u00e8 richiesta la registrazione preventiva.<\/p>\n<p>\u00a0<\/p>\n<p><em>Modalit\u00e0: online<\/em><\/p>\n<div class=\"wp-block-buttons\">\n<div class=\"wp-block-button aligncenter is-style-outline\"><a class=\"wp-block-button__link\" href=\"https:\/\/us02web.zoom.us\/webinar\/register\/WN_7XfpOdXUQDGhHjjKsMEwow#\/registration\" rel=\"nofollow \">Iscriviti<\/a><\/div>\n<\/div>\n<p>\u00a0<\/p>\n<p><em>Gioved\u00ec 11 aprile dalle 9.30 alle 11:30.<\/em><\/p>\n<p><strong>Webinar: &#8220;La nuova giustizia digitale&#8221;. Misure per la trasformazione digitale dell&#8217;amministrazione della giustizia.<\/strong><\/p>\n<p>&#8220;La giustizia digitale in Spagna&#8221; \u00e8 il nuovo webinar organizzato dalla Camera di Commercio Italiana per la Spagna in collaborazione con R\u00f6dl &amp; Partner.<\/p>\n<p>Il 20 marzo 2024 entreranno in vigore le misure per la trasformazione digitale dell&#8217;amministrazione della giustizia, approvate con il Regio Decreto Legge 6\/2023 e richieste dall&#8217;Unione Europea nell&#8217;ambito del suo progetto digitale per l&#8217;Europa.<\/p>\n<p>Durante l&#8217;evento, che si terr\u00e0 in lingua spagnola, gli esperti avvocati di R\u00f6dl &amp; Partner, Rafael San Bruno, Associate Partner (Italian Desk), Patricia Ayala e Javier Poncet, risponderanno alle domande pi\u00f9 importanti sui cambiamenti in arrivo.<\/p>\n<p><strong>Data:<\/strong> 11 aprile 2024<br \/><strong>Ora :<\/strong> 9:30<\/p>\n<p>La partecipazione \u00e8 gratuita ma, dato che i posti sono limitati, \u00e8 indispensabile registrarsi prima.<\/p>\n<p><em>Modalit\u00e0: online<\/em><\/p>\n<div class=\"wp-block-buttons\">\n<div class=\"wp-block-button aligncenter is-style-outline\"><a class=\"wp-block-button__link\" href=\"https:\/\/us02web.zoom.us\/webinar\/register\/WN_qmoCUIFWQY2htDA4ThvGtQ\" rel=\"nofollow \">Iscriviti<\/a><\/div>\n<\/div>\n<p>\u00a0<\/p>\n<p><em>Mercoled\u00ec 21 aprile dalle 10:00 alle 11:00.<\/em><\/p>\n<p>\u00a0<\/p>\n<p>Volete essere aggiornati sulle ultime innovazioni nel campo dell&#8217;Intelligenza Artificiale Generativa?<\/p>\n<p>In questo evento esclusivo, esploreremo i casi d&#8217;uso aziendali e i flussi di finanziamento legati all&#8217;Intelligenza Artificiale Generativa. Scoprite come questa tecnologia sta trasformando diversi settori e come potete sfruttarla per incrementare la vostra attivit\u00e0.<br \/><br \/><strong>Programma:<\/strong><\/p>\n<ul>\n<li>Intelligenza artificiale generativa: cos&#8217;\u00e8 e come si differenzia dagli altri strumenti di intelligenza artificiale.<\/li>\n<li>Esempi reali di casi d&#8217;uso sviluppati presso i clienti<br \/>Raccomandazioni per l&#8217;adozione dell&#8217;Intelligenza Artificiale Generativa in un ambiente aziendale.<\/li>\n<li>Opportunit\u00e0 di finanziamento per lo sviluppo di progetti di Intelligenza Artificiale Generativa.<br \/><br \/><strong>Relatori:\u00a0<\/strong><\/li>\n<li>Giovanni Alessandrello &#8211; Partner e Amministratore delegato di Bip Iberia<\/li>\n<li>Irene Serrano &#8211; Partner e Co-Leader della Data &amp; Artificial Intelligence Practice di Bip Iberia<\/li>\n<li>Carlos Cabanillas &#8211; Esperto di intelligenza artificiale generativa di Bip Iberia<\/li>\n<li>Fran Aranda &#8211; Esperto di finanza pubblica di Bip Iberia<\/li>\n<\/ul>\n<p><br \/><strong>Data:<\/strong> 17 aprile 2024<br \/><strong>Orario:<\/strong> 10:00 &#8211; 11:00<\/p>\n<p><br \/>La partecipazione \u00e8 gratuita ma, dato che i posti sono limitati, \u00e8 indispensabile registrarsi prima.<\/p>\n<p><em>Modalit\u00e0: online<\/em><\/p>\n<div class=\"wp-block-buttons\">\n<div class=\"wp-block-button aligncenter is-style-outline\"><a class=\"wp-block-button__link\" href=\"https:\/\/us02web.zoom.us\/webinar\/register\/WN_NC5jaC7jTsyNDp0ef0MEYg#\/registration\" rel=\"nofollow \">Iscriviti<\/a><\/div>\n<\/div>\n<p>\u00a0<\/p>\n<p>\u00a0<\/p>\n<p>\u00a0<\/p>\n<p><em>Gioved\u00ec 21 marzo dalle 10:00 alle 11:00.<\/em><\/p>\n<p>\u00a0<\/p>\n<p><strong>Webinar: &#8220;ZEC, la zona speciale delle Isole Canarie: vantaggi e requisiti&#8221;.&#8221;<\/strong><\/p>\n<p>Durante l&#8217;intervento verranno analizzati i vantaggi della costituzione di societ\u00e0 nelle Isole Canarie e i requisiti per poter accedere al Registro Speciale delle Imprese, Z.E.C..<br \/><br \/><br \/><strong>Relatore:<\/strong> <br \/>Melissa Carusi Beltotti &#8211; Bufete Melissa Carusi Beltotti<\/p>\n<p>Data: 21 marzo 2024<br \/>Orario: 10:00 &#8211; 11:00.<br \/><br \/>La partecipazione \u00e8 gratuita, ma essendo i posti limitati \u00e8 indispensabile la registrazione preventiva.<\/p>\n<p>\u00a0<\/p>\n<p><em>Modalit\u00e0: online<\/em><\/p>\n<div class=\"wp-block-buttons\">\n<div class=\"wp-block-button aligncenter is-style-outline\"><a class=\"wp-block-button__link\" href=\"https:\/\/us02web.zoom.us\/webinar\/register\/WN_sejimYtKSkuYpdz4itRS6A\" rel=\"nofollow \">Iscriviti<\/a><\/div>\n<\/div>\n<p>\u00a0<\/p>\n<p>\u00a0<\/p>\n<p>\u00a0<\/p>\n<p><em>Marted\u00ec 12 marzo dalle 10:00 alle 11:00.<\/em><\/p>\n<p><strong>Webinar: &#8220;Attivit\u00e0 commerciali e di start-up in Spagna per le imprese italiane: strategie di mercato e aspetti legali&#8221;.<\/strong><\/p>\n<p>Questo webinar si rivolge principalmente alle aziende che stanno pensando di espandere la propria attivit\u00e0 in Spagna e affronter\u00e0 le principali pratiche di analisi del mercato e di identificazione delle opportunit\u00e0 commerciali internazionali, nonch\u00e9 la progettazione di strategie per ottimizzare la gestione finanziaria.<\/p>\n<p>Allo stesso tempo, approfondir\u00e0 gli aspetti legali e fiscali per l&#8217;apertura di una sede secondaria, previsti dalla normativa locale.<\/p>\n<p>Relatori:<\/p>\n<p>EUGENIA RAVAGNAN VENEZZE &#8211; avvocato, Italian desk &#8211; Bufete Escura<br \/>GAETANO MONGELLI &#8211; Export Manager &#8211; Mongelli Consulting<\/p>\n<p>Data: 12 marzo 2024<br \/>Orario: 10:00 &#8211; 11:00.<\/p>\n<p>L&#8217;intervento sar\u00e0 tenuto in italiano; chi vorr\u00e0 partecipare potr\u00e0 avere la presentazione in spagnolo e, se necessario, la traduzione delle parti che non riesce a comprendere.<\/p>\n<p>La partecipazione \u00e8 gratuita, ma poich\u00e9 i posti sono limitati, \u00e8 indispensabile l&#8217;iscrizione preventiva.<\/p>\n<p>\u00a0<\/p>\n<p><em>Modalit\u00e0: online<\/em><\/p>\n<div class=\"wp-block-buttons\">\n<div class=\"wp-block-button aligncenter is-style-outline\"><a class=\"wp-block-button__link\" href=\"https:\/\/us02web.zoom.us\/webinar\/register\/WN_1g2npKuiTLGCgFRTh2n_rw#\/registration\" rel=\"nofollow \">Iscriviti<\/a><\/div>\n<\/div>\n<p>\u00a0<\/p>\n<p>\u00a0<\/p>\n<p><em>Marted\u00ec 27 febbraio dalle 10:00 alle 11:00.<\/em><\/p>\n<p><strong>Webinar: &#8220;Compravendita immobiliaria in Spagna&#8221;.<\/strong><\/p>\n<p>La conferenza tratter\u00e0 i documenti necessari in Spagna per l&#8217;acquisto, la differenza tra lo studio notarile in Italia e in Spagna, l&#8217;importanza dei certificati urbanistici, i tipi di tasse, ecc. Casi di studio.<\/p>\n<p><br \/>La partecipazione \u00e8 gratuita ma, dato che i posti sono limitati, \u00e8 indispensabile la registrazione preventiva.<\/p>\n<p>\u00a0<\/p>\n<p><em>Relatore:<\/em><\/p>\n<p>Melissa Carusi Beltotti &#8211; Studio legale Melissa Carusi Beltotti<\/p>\n<p>\u00a0<\/p>\n<p><em>Modalit\u00e0:<\/em>\u00a0presenziale<\/p>\n<div class=\"wp-block-buttons\">\n<div class=\"wp-block-button aligncenter is-style-outline\"><a class=\"wp-block-button__link\" href=\"https:\/\/us02web.zoom.us\/webinar\/register\/WN_dfUZDXyPRTKgQse6yUf2iQ#\/registration\" rel=\"nofollow \">Iscriviti<\/a><\/div>\n<\/div>\n<p>\u00a0<\/p>\n\n\n\n<p><em>Mercoled\u00ec 7 febbraio dalle 12:00 alle 14:30.<\/em><br><strong><br>Webinar: \u201cIl nuovo regime giuridico dei lavoratori rimpatriati in Italia\u201d.<\/strong><\/p>\n\n\n\n<p>L\u2019obiettivo dell\u2019incontro \u00e8 quello di analizzare insieme i pi\u00f9 recenti e importanti sviluppi legislativi del regime dei rimpatriati, in vigore dal 1\u00b0 gennaio 2024, fornendo preziosi spunti di riflessione per chi desidera comprendere le dinamiche di una normativa in continua evoluzione.<\/p>\n\n\n\n<p><em>Modalit\u00e0:<\/em>&nbsp;presenziale<\/p>\n\n\n\n<div class=\"wp-block-buttons is-layout-flex wp-block-buttons-is-layout-flex\">\n<div class=\"wp-block-button aligncenter is-style-outline is-style-outline--1\"><a class=\"wp-block-button__link\" href=\"mailto:begona.pardo@italcamara-es.com\">Iscriviti<\/a><\/div>\n<\/div>\n\n\n\n<hr class=\"wp-block-separator has-alpha-channel-opacity\"\/>\n\n\n\n\n\n<h3 class=\"has-text-align-center wp-block-heading\">2023<\/h3>\n\n\n\n<p><em>Mercoled\u00ec 27 settembre, dalle 09:00 alle 10:00.<\/em><br><strong><br>Webinar: &#8220;Whistlebowling en Espa\u00f1a e Italia<\/strong>&#8220;.<\/p>\n\n\n\n<p>Organizzato in collaborazione con R\u00f6dl &amp; Partner, in questo webinar verranno spiegate le misure di coordinamento da attuare tra le aziende presenti in Spagna e in Italia con la normativa nazionale sul whistleblowing. <\/p>\n\n\n\n<p><em>Modalit\u00e0:<\/em>&nbsp;presenziale<\/p>\n\n\n\n<div class=\"wp-block-buttons is-layout-flex wp-block-buttons-is-layout-flex\">\n<div class=\"wp-block-button aligncenter is-style-outline is-style-outline--2\"><a class=\"wp-block-button__link\" href=\"mailto:begona.pardo@italcamara-es.com\">Iscriviti<\/a><\/div>\n<\/div>\n\n\n\n<hr class=\"wp-block-separator has-alpha-channel-opacity\"\/>\n\n\n\n<p><em>Marted\u00ec 26 settembre, dalle 11:00 alle 12:00.<\/em><br><strong><br>Webinar: \u201cTraduzioni giurate in Italia: cosa, come e perch\u00e9\u201d<\/strong>.<\/p>\n\n\n\n<p>In questo webinar si forniranno alcune linee guida affinch\u00e9 chi ha bisogno di una traduzione sappia quando \u00e8 necessario farla asseverare e quando non \u00e8 necessario farla asseverare.<\/p>\n\n\n\n<p><em>Modalit\u00e0:<\/em>&nbsp;presenziale<\/p>\n\n\n\n<div class=\"wp-block-buttons is-layout-flex wp-block-buttons-is-layout-flex\">\n<div class=\"wp-block-button aligncenter is-style-outline is-style-outline--3\"><a class=\"wp-block-button__link\" href=\"mailto:begona.pardo@italcamara-es.com\">Iscriviti<\/a><\/div>\n<\/div>\n\n\n\n<hr class=\"wp-block-separator has-alpha-channel-opacity\"\/>\n\n\n\n<p> <p><em>Marted\u00ec 27 giugno, dalle 10:00 alle 11:00.<\/em><br><strong><br>Webinar: \u201c\u201cTendenze e sfide della robotica nei settori dell\u2019ospitalit\u00e0 e della ristorazione\u201d<\/strong><\/p><\/p>\n\n\n\n<p><span style=\"font-size: revert; color: initial;\">In questo webinar si approfondir\u00e0 il tema della robotica applicata ai settori dell\u2019ospitalit\u00e0 e della ristorazione attraverso esempi concreti e spiegazioni. <\/span><\/p>\n\n\n\n<p><p><span style=\"font-size: revert; background-color: rgb(255, 255, 255); color: initial;\">Modalit\u00e0:\u00a0online<\/span><\/p><\/p>\n\n\n\n<div class=\"wp-block-buttons is-layout-flex wp-block-buttons-is-layout-flex\">\n<div class=\"wp-block-button aligncenter is-style-outline is-style-outline--4\"><a class=\"wp-block-button__link\" href=\"https:\/\/us02web.zoom.us\/webinar\/register\/WN_0ik4dYhVQ_CSLekiLzib6A#\/registration\">Iscriviti<\/a><\/div>\n<\/div>\n\n\n\n<hr class=\"wp-block-separator has-alpha-channel-opacity\"\/>\n\n\n\n<p><em>Mercoled\u00ec 31maggio, dalle 10:00 alle 11:00.<\/em><br><strong><br>Webinar: \u201cLe novit\u00e0 della legge sugli alloggi e le opportunit\u00e0 di investimento immobiliare residenziale in Spagna\u201d<\/strong>.<\/p>\n\n\n\n<p>In occasione della nuova legge sugli alloggi, l\u2019avvocato e professore di Diritto Amministrativo Victor Manuel Soriano i Piqueras, socio della nostra Camera, ci illustrer\u00e0 tutte le novit\u00e0 e le possibilit\u00e0 di investimento.<\/p>\n\n\n\n<p><em>Modalit\u00e0:<\/em>&nbsp;online<\/p>\n\n\n\n<div class=\"wp-block-buttons is-layout-flex wp-block-buttons-is-layout-flex\">\n<div class=\"wp-block-button aligncenter is-style-outline is-style-outline--5\"><a class=\"wp-block-button__link\" href=\"https:\/\/us02web.zoom.us\/webinar\/register\/WN_sj7pzOlHRvm3hKzZHV_GIg#\/registration\">Iscriviti<\/a><\/div>\n<\/div>\n\n\n\n<hr class=\"wp-block-separator has-alpha-channel-opacity\"\/>\n\n\n\n<p><em>Mercoled\u00ec 17 maggio, dalle 10:00 alle 11:00.<\/em><br><strong><br>Webinar: \u201cIl canale di whistleblowing in Spagna: una sfida per le aziende\u201d<\/strong>.<\/p>\n\n\n\n<p>In questo incontro, due avvocati di ESCURA parleranno degli obblighi in materia di whistleblowing e tratteranno alcuni temi legati alla compliance nelle aziende.<\/p>\n\n\n\n<p><em>Modalit\u00e0:<\/em>&nbsp;online <\/p>\n\n\n\n<div class=\"wp-block-buttons is-layout-flex wp-block-buttons-is-layout-flex\">\n<div class=\"wp-block-button aligncenter is-style-outline is-style-outline--6\"><a class=\"wp-block-button__link has-black-color has-white-background-color has-text-color has-background\" href=\"https:\/\/www.italcamara-es.com\/it\/event\/webinar-il-canale-di-whistleblowing-in-spagna-una-sfida-per-le-aziende\/#:~:text=https%3A\/\/us02web.zoom.us\/webinar\/register\/WN_b2LqQZVIR3GAcd_6%2DiMXAA%23\/registration\">Iscriviti<\/a><\/div>\n<\/div>\n\n\n\n<hr class=\"wp-block-separator has-alpha-channel-opacity\"\/>\n\n\n\n<p><em>Marted\u00ec 9 maggio, dalle 09:00 alle 11:00. <\/em><br><br><strong>Tavola rotonda \u201cL&#8217;industria farmaceutica italiana in Spagna: tendenze e sfide del 2023&#8243;.<\/strong><\/p>\n\n\n\n<p>Organizzato in collaborazione con Page Executive, verranno analizzate le tendenze e le sfide che l\u2019industria farmaceutica italiana dovr\u00e0 affrontare in Spagna nel 2023.<\/p>\n\n\n\n<p><em>Modalit\u00e0:<\/em> presenziale (presso l&#8217;Hotel Meli\u00e1 Serrano, c\/ Claudio Coello,139 Madrid)<\/p>\n\n\n\n<div class=\"wp-block-button aligncenter is-style-outline is-style-outline--7\"><a class=\"wp-block-button__link has-white-background-color has-background\" href=\"mailto:begona.pardo@italcamara-es.com\">Iscriviti<\/a><\/div>\n\n\n\n<hr class=\"wp-block-separator has-text-color has-black-color has-alpha-channel-opacity has-black-background-color has-background\"\/>\n\n\n\n<p><em>Mercoled\u00ec 19 aprile, dalle 16:00 alle 18:30. <\/em><br><br><strong>Seminario \u201cLa insolvenza delle microimprese. Strumenti legislativi per la gestione delle crisi d&#8217;impresa&#8221;.<\/strong><\/p>\n\n\n\n<p>Organizzato in collaborazione con Pes &amp; Partners Abogados, verranno illustrati i i meccanismi legali che possono aiutare le imprese a riprendersi e a continuare a operare in situazioni di insolvenza, evitando possibili responsabilit\u00e0 per i loro amministratori.<\/p>\n\n\n\n<p><em>Modalit\u00e0:<\/em> presenziale (presso la sede della CCIS, calle Crist\u00f3bal Bordi\u00fa, 54 &#8211; 280033 Madrid)<\/p>\n\n\n\n<div class=\"wp-block-buttons is-content-justification-center is-layout-flex wp-container-core-buttons-is-layout-8057eaf3 wp-block-buttons-is-layout-flex\">\n<div class=\"wp-block-button is-style-outline is-style-outline--8\"><a class=\"wp-block-button__link\" href=\"begona.pardo@italcamara-es.com\">Iscriviti<\/a><\/div>\n<\/div>\n\n\n\n<hr class=\"wp-block-separator has-alpha-channel-opacity\"\/>\n\n\n\n<p><em>Marted\u00ec 28 marzo, dalle 09:00 alle 11:30. <\/em><br><br><strong>Seminario \u201cIntelligenza Artificiale e ultime tecnologie giuridiche al servizio delle imprese&#8221;.<\/strong><\/p>\n\n\n\n<p>Organizzato in collaborazione con Lefebvre e Giuffre, verr\u00e0 analizzato come le nuove tecnologie sono state adattate e adeguate alle reali esigenze dei dipartimenti legali, HR e finanziari delle aziende per fornire un valore aggiunto, ottenere efficienze e automatizzare la gestione dei processi.<\/p>\n\n\n\n<p><em>Modalit\u00e0:<\/em> presenziale (presso la sede della CCIS, calle Crist\u00f3bal Bordi\u00fa, 54 &#8211; 280033 Madrid)<\/p>\n\n\n\n<div class=\"wp-block-buttons is-content-justification-center is-layout-flex wp-container-core-buttons-is-layout-16018d1d wp-block-buttons-is-layout-flex\">\n<div class=\"wp-block-button is-style-outline is-style-outline--9\"><a class=\"wp-block-button__link\" href=\"begona.pardo@italcamara-es.com\">Iscriviti<\/a><\/div>\n<\/div>\n\n\n\n<hr class=\"wp-block-separator has-alpha-channel-opacity\"\/>\n\n\n\n<p><em>Marted\u00ec 14 marzo, dalle 10:00 alle 11:00. <\/em><br><br><strong>Webinar \u201cLa nuova legge sulle startup&#8221;.<\/strong><\/p>\n\n\n\n<p>Organizzato in collaborazione con Escura, verranno analizzate le principali misure fiscali e questioni pratiche relative alla creazione di una startup in Spagna.<\/p>\n\n\n\n<p><em>Modalit\u00e0:<\/em> presenziale (presso la sede della CCIS, calle Crist\u00f3bal Bordi\u00fa, 54 &#8211; 280033 Madrid)<\/p>\n\n\n\n<div class=\"wp-block-buttons is-content-justification-center is-layout-flex wp-container-core-buttons-is-layout-16018d1d wp-block-buttons-is-layout-flex\">\n<div class=\"wp-block-button is-style-outline is-style-outline--10\"><a class=\"wp-block-button__link\" href=\"begona.pardo@italcamara-es.com\">Iscriviti<\/a><\/div>\n<\/div>\n\n\n\n<hr class=\"wp-block-separator has-alpha-channel-opacity\"\/>\n\n\n\n<p><em>Gioved\u00ec 2 marzo, dalle 10:00 alle 11:00. <\/em><br><br><strong>Webinar \u201cLancio della strategia CEOs leve del cambiamento verso l&#8217;uguaglianza&#8221;.<\/strong><\/p>\n\n\n\n<p>Organizzato in collaborazione con la Fondazione Woman Forward, verranno presentati&nbsp;i risultati della ricerca:<em>&nbsp;\u201cLa percezione della parit\u00e0 nelle aziende da parte degli uomini\u201d<\/em>&nbsp;e, di conseguenza, la strategia&nbsp;<em>\u201cLeve di Cambiamento per i CEO verso l\u2019uguaglianza\u201d<\/em>.<\/p>\n\n\n\n<p><em>Modalit\u00e0:<\/em> presenziale (presso la sede della CCIS, calle Crist\u00f3bal Bordi\u00fa, 54 &#8211; 280033 Madrid)<\/p>\n\n\n\n<div class=\"wp-block-buttons is-layout-flex wp-block-buttons-is-layout-flex\">\n<div class=\"wp-block-button aligncenter is-style-outline is-style-outline--11\"><a class=\"wp-block-button__link\" href=\"mailto:begona.pardo@italcamara-es.com\">Iscriviti<\/a><\/div>\n<\/div>\n\n\n\n<hr class=\"wp-block-separator has-alpha-channel-opacity\"\/>\n\n\n\n<p><em>Mercoled\u00ec 25 gennaio, dalle 10:00 alle 11:00. <\/em><br><br><strong>Webinar \u201cCome entrare in Borsa a Malta come PMI&#8221;.<\/strong><\/p>\n\n\n\n<p>Organizzato in collaborazione con David M\u00fclchi &amp; associati, verranno trattati vari argomenti relativi all&#8217;entrata in Borsa per le PMI nella giurisdizione maltese.<\/p>\n\n\n\n<p><em>Modalit\u00e0:<\/em> presenziale (presso la sede della CCIS, calle Crist\u00f3bal Bordi\u00fa, 54 &#8211; 280033 Madrid)<\/p>\n\n\n\n<div class=\"wp-block-buttons is-layout-flex wp-block-buttons-is-layout-flex\">\n<div class=\"wp-block-button aligncenter is-style-outline is-style-outline--12\"><a class=\"wp-block-button__link\" href=\"mailto:begona.pardo@italcamara-es.com\">Iscriviti<\/a><\/div>\n<\/div>\n\n\n\n<hr class=\"wp-block-separator has-alpha-channel-opacity\"\/>\n\n\n\n<p><\/p>\n\n\n\n<p><em>Mercoled\u00ec 18 gennaio, dalle 09:00 alle 11:00. <\/em><br><br><strong>Webinar \u201cNuova accisa sugli imballaggi in plastica non riutilizzabili&#8221;.<\/strong><\/p>\n\n\n\n<p>Organizzato in collaborazione con Mi\u00f1ana Beltr\u00e1n Tax &amp; Legal, verranno spiegati gli aspetti chiave e le implicazioni della nuova tassa sull&#8217;uso di imballaggi in plastica non riutilizzabili entrata in vigore nel gennaio 2023, a seguito della pubblicazione della legge 7\/2022 dell\u20198 aprile sui rifiuti e i terreni contaminati per un\u2019economia circolare.<\/p>\n\n\n\n<p><em>Modalit\u00e0:<\/em> presenziale (presso la sede della CCIS, calle Crist\u00f3bal Bordi\u00fa, 54 &#8211; 280033 Madrid)<\/p>\n\n\n\n<div class=\"wp-block-buttons is-layout-flex wp-block-buttons-is-layout-flex\">\n<div class=\"wp-block-button aligncenter is-style-outline is-style-outline--13\"><a class=\"wp-block-button__link\" href=\"mailto:begona.pardo@italcamara-es.com\">Iscriviti<\/a><\/div>\n<\/div>\n\n\n\n<hr class=\"wp-block-separator has-alpha-channel-opacity\"\/>\n\n\n\n<h3 class=\"has-text-align-center wp-block-heading\">2022<\/h3>\n\n\n\n<p><br><em>Mercoled\u00ec 23 novembre, dalle 09:15 alle 11:00. <\/em><br><br><strong>Seminario \u201cLa tua azienda \u00e8 conforme alla direttiva Whistleblowing? Criteri legali e obblighi per le aziende&#8221;.<\/strong><\/p>\n\n\n\n<p>Organizzato in collaborazione con LetsLaw, verranno analizzati i principali aspetti giuridici della Direttiva 2019\/1937, che riguarda principalmente le imprese con pi\u00f9 di 250 dipendenti e che \u00e8 entrata in vigore in tutti i paesi dell\u2019Unione Europea il 17 dicembre 2021.<br>Si esamineranno gli aspetti relativi al recepimento della direttiva in Spagna, nonch\u00e9 i meccanismi e gli strumenti che devono essere adottati internamente dalle imprese per poter svolgere un\u2019attivit\u00e0 conforme ed evitare sanzioni.<\/p>\n\n\n\n<p><em>Modalit\u00e0:<\/em> presenziale (presso la sede della CCIS, calle Crist\u00f3bal Bordi\u00fa, 54 &#8211; 280033 Madrid)<\/p>\n\n\n\n<div class=\"wp-block-buttons is-layout-flex wp-block-buttons-is-layout-flex\">\n<div class=\"wp-block-button aligncenter is-style-outline is-style-outline--14\"><a class=\"wp-block-button__link\" href=\"mailto:begona.pardo@italcamara-es.com\">Iscriviti<\/a><\/div>\n<\/div>\n\n\n\n<hr class=\"wp-block-separator has-alpha-channel-opacity\"\/>\n\n\n<p><em>Mercoled\u00ec 26 ottobre, dalle 10:00 alle 11:30. <\/em><\/p>\n<p><strong>Seminario \u201cAudit energetico, una grande opportunit\u00e0 per ottimizzare il business e la competitivit\u00e0 delle imprese&#8221;<\/strong>.<\/p>\n<p>Organizzato in collaborazione con il socio Energika Srl, verranno trattate le tematiche relative al quadro normativo e le modalit\u00e0 in cui si svolge l\u2019auditing energetico per le aziende, con l\u2019obiettivo di ridurre i costi legati all\u2019energia, data l\u2019alta volatilit\u00e0 e l\u2019alto grado di fluttuazione degli stessi.<\/p>\n<p><em>Modalit\u00e0:<\/em> presenziale (presso la sede della CCIS, calle Crist\u00f3bal Bordi\u00fa, 54 &#8211; 280033 Madrid)<\/p>\n\n\n<div class=\"wp-block-buttons is-layout-flex wp-block-buttons-is-layout-flex\">\n<div class=\"wp-block-button aligncenter is-style-outline is-style-outline--15\"><a class=\"wp-block-button__link\" href=\"mailto:begona.pardo@italcamara-es.com\">Iscriviti<\/a><\/div>\n<\/div>\n\n\n\n<hr class=\"wp-block-separator has-alpha-channel-opacity\"\/>\n\n\n\n<p><\/p>\n\n\n\n<p><em>Mercoled\u00ec 14 settembre, dalle 10:00 alle 11:00. <\/em><br><br><strong>Seminario \u201cInstallazioni fotovoltaiche&#8221;<\/strong>.<\/p>\n\n\n\n<p>Organizzato in collaborazione con il socio Energika Srl, verranno approfondite le tematiche relative alle energie rinnovabili, vantaggi e svantaggi dell\u2019autoconsumo energetico e ai costi e modalit\u00e0 di installazione di impianti fotovoltaici per le aziende.<\/p>\n\n\n\n<p><em>Modalit\u00e0:<\/em> presenziale (presso la sede della CCIS, calle Crist\u00f3bal Bordi\u00fa, 54 &#8211; 280033 Madrid)<\/p>\n\n\n\n<div class=\"wp-block-buttons is-layout-flex wp-block-buttons-is-layout-flex\">\n<div class=\"wp-block-button aligncenter is-style-outline is-style-outline--16\"><a class=\"wp-block-button__link\" href=\"mailto:begona.pardo@italcamara-es.com\">Iscriviti<\/a><\/div>\n<\/div>\n\n\n\n<hr class=\"wp-block-separator has-alpha-channel-opacity\"\/>\n\n\n\n<p><\/p>\n\n\n\n<p><em>Gioved\u00ec 19 maggio, dalle 17:00 alle 19:15. <\/em><br><br><strong>Seminario \u201cRecupero debiti in Spagna, Portogallo, Francia e Italia&#8221;<\/strong>.<\/p>\n\n\n\n<p>Gli esperti di R\u00f6dl &amp; Partner Espa\u00f1a forniranno informazioni utili sulle modalit\u00e0 di recupero dei dbiti da applicare nei quattro paesi europei.<\/p>\n\n\n\n<p><em>Modalit\u00e0:<\/em> presenziale (presso la sede della CCIS, calle Crist\u00f3bal Bordi\u00fa, 54 &#8211; 280033 Madrid)<\/p>\n\n\n\n<div class=\"wp-block-buttons is-layout-flex wp-block-buttons-is-layout-flex\">\n<div class=\"wp-block-button aligncenter is-style-outline is-style-outline--17\"><a class=\"wp-block-button__link\" href=\"mailto:begona.pardo@italcamara-es.com\">Iscriviti<\/a><\/div>\n<\/div>\n\n\n\n<hr class=\"wp-block-separator has-alpha-channel-opacity\"\/>\n\n\n\n<p><br><em>Mercoled\u00ec 11 maggio, dalle 11:00 alle 12:30. <\/em><br><br><strong>Seminario \u201cCome gestire il costo dell&#8217;energia alla luce del recente conflitto bellico tra Russia e Ucraina&#8221;<\/strong><\/p>\n\n\n\n<p>Grazie alla presenza dei rappresentanti dell&#8217;azienda Energika, verranno trattate tematiche inerenti al risparmio energetico, le modalit\u00e0 di contrattazione delle fonti energetiche e gli investimenti dell&#8217;industria nell&#8217;ambito dell&#8217;efficienza energetica.<\/p>\n\n\n\n<p><em>Modalit\u00e0:<\/em> presenziale (presso la sede della CCIS, calle Crist\u00f3bal Bordi\u00fa, 54 &#8211; 280033 Madrid)<\/p>\n\n\n\n<div class=\"wp-block-button aligncenter is-style-outline is-style-outline--18\"><a class=\"wp-block-button__link has-very-light-gray-background-color has-background\" href=\"mailto:begona.pardo@italcamara-es.com\">Iscriviti<\/a><\/div>\n\n\n\n<hr class=\"wp-block-separator has-css-opacity\"\/>\n\n\n\n<p><br><em>Gioved\u00ec 7 aprile, dalle 10:30 alle 11:15. <\/em><br><br><strong>\u201cCos&#8217;\u00e8 la Compliance e perch\u00e8 \u00e8 utile per la tua impresa III&#8221;<\/strong>.<\/p>\n\n\n\n<p>Il terzo appuntamento dedicato alla Compliance, organizzato in collaborazione con lo Studio Legale David M\u00a8ulchi &amp; Asociados, si centrer\u00e1 sull&#8217;analisi dei rischi e le misure di prevenzione.<\/p>\n\n\n\n<p><em>Modalit\u00e0:<\/em> online<\/p>\n\n\n\n<div class=\"wp-block-button aligncenter is-style-outline is-style-outline--19\"><a class=\"wp-block-button__link has-very-light-gray-background-color has-background\" href=\"https:\/\/italcamara-es.us11.list-manage.com\/track\/click?u=f489a16fca5df5308c92109b3&amp;id=44a765af26&amp;e=f38c570c17\">Iscriviti<\/a><\/div>\n\n\n\n<hr class=\"wp-block-separator has-css-opacity\"\/>\n\n\n\n<p><br><em>Mercoled\u00ec 30 marzo, dalle 10:30 alle 11:15. <\/em><br><br><strong>\u201cCos&#8217;\u00e8 la Compliance e perch\u00e8 \u00e8 utile per la tua impresa II&#8221;<\/strong>.<\/p>\n\n\n\n<p>Il secondo appuntamento dedicato alla Compliance, organizzato in collaborazione con lo Studio Legale David M\u00a8ulchi &amp; Asociados, si centrer\u00e1 sugli strumenti della compliance.<\/p>\n\n\n\n<p><em>Modalit\u00e0:<\/em> online<\/p>\n\n\n\n<div class=\"wp-block-button aligncenter is-style-outline is-style-outline--20\"><a class=\"wp-block-button__link has-very-light-gray-background-color has-background\" href=\"https:\/\/italcamara-es.us11.list-manage.com\/track\/click?u=f489a16fca5df5308c92109b3&amp;id=44a765af26&amp;e=f38c570c17\">Iscriviti<\/a><\/div>\n\n\n\n<hr class=\"wp-block-separator has-css-opacity\"\/>\n\n\n\n<p><br><em>Mercoled\u00ec 23 marzo, dalle 10:30 alle 11:15. <\/em><br><br><strong>\u201cCos&#8217;\u00e8 la Compliance e perch\u00e8 \u00e8 utile per la tua impresa I&#8221;<\/strong>.<\/p>\n\n\n\n<p>Si tratat della prima delle cinque giornate dedicate alla Compliance organizzate in collaborazione con lo Studio Legale David M\u00a8ulchi &amp; Asociados. in questo webinar verranno introdotti i concetti di Compliance aziendale, Compliance Officer e Canale di Denunce.<\/p>\n\n\n\n<p><em>Modalit\u00e0:<\/em> online<\/p>\n\n\n\n<div class=\"wp-block-button aligncenter is-style-outline is-style-outline--21\"><a class=\"wp-block-button__link has-very-light-gray-background-color has-background\" href=\"mailto:begona.pardo@italcamara-es.com\">Iscriviti<\/a><\/div>\n\n\n\n<hr class=\"wp-block-separator has-css-opacity\"\/>\n\n\n\n<p><br><em>Mercoled\u00ec 9 marzo, dalle 10:00 alle 11:00. <\/em><br><br><strong>\u201cIl patto di non concorrenza: portata e limiti&#8221;<\/strong>.<\/p>\n\n\n\n<p>Questo webinar intende fare luce sulle principali criticit\u00e0 e opportunit\u00e0 dei limiti della concorrenza nell&#8217;ambito dei rapporti di lavoro subordinato, fornendo ai partecipanti indicazioni utili per una corretta applicazione pratica.<\/p>\n\n\n\n<p><em>Modalit\u00e0:<\/em> online<\/p>\n\n\n\n<div class=\"wp-block-button aligncenter is-style-outline is-style-outline--22\"><a class=\"wp-block-button__link has-very-light-gray-background-color has-background\" href=\"mailto:begona.pardo@italcamara-es.com\">Iscriviti<\/a><\/div>\n\n\n\n<hr class=\"wp-block-separator has-css-opacity\"\/>\n\n\n\n<p><br><em>Mercoled\u00ec 23 febbraio, dalle 9:30 alle 10:30. <\/em><br><br><strong>\u201cBig data: aumenta le vendite attraverso il marketing digitale e offline&#8221;<\/strong>.<\/p>\n\n\n\n<p>Silvia Morgano, CEO di Change Capital Spain, e Teresa Diez, Business Manager di Ladorian, parlano delle nuove tendenze nel finanziamento alternativo per le PMI e delle soluzioni di crescita delle vendite via offline attraverso l&#8217;analisi dei dati.<\/p>\n\n\n\n<p><em>Modalit\u00e0:<\/em> online e presenziale (presso la sede della CCIS: Calle Crist\u00f3bal Bordi\u00fa, 54 &#8211; 28003 Madrid)<\/p>\n\n\n\n<div class=\"wp-block-button aligncenter is-style-outline is-style-outline--23\"><a class=\"wp-block-button__link has-very-light-gray-background-color has-background\" href=\"mailto:begona.pardo@italcamara-es.com\">Iscriviti<\/a><\/div>\n\n\n\n<hr class=\"wp-block-separator has-css-opacity\"\/>\n\n\n\n<p><br><em>Mercoled\u00ec 2 febbraio, dalle 11:00 alle 12:00. <\/em><br><br><strong>\u201cEfficienza energetica nell&#8217;industria&#8221;<\/strong>.<\/p>\n\n\n\n<p>Paolo Paglierani, amministratore delegato di Energika, e Chiara Magnani, direttore tecnico, presentano vantaggi, svantaggi ed elementi di cui tenere conto per massimizzare i tempi di recupero degli investimenti energetici da parte delle imprese.<\/p>\n\n\n\n<p><em>Modalit\u00e0:<\/em> online e presenziale (presso la sede della CCIS: Calle Crist\u00f3bal Bordi\u00fa, 54 &#8211; 28003 Madrid)<\/p>\n\n\n\n<div class=\"wp-block-button aligncenter is-style-outline is-style-outline--24\"><a class=\"wp-block-button__link has-very-light-gray-background-color has-background\" href=\"mailto:begona.pardo@italcamara-es.com\">Iscriviti<\/a><\/div>\n\n\n\n<hr class=\"wp-block-separator has-css-opacity\"\/>\n\n\n\n<p><br><em>Mercoled\u00ec 26 gennaio, dalle 10:00 alle 11:00. <\/em><br><br><strong>\u201cLa mobilit\u00e0 dei lavoratori&#8221;<\/strong>.<\/p>\n\n\n\n<p>Nel webinar si tratteranno le questioni relative alla mobilit\u00e0 internazionale dei lavoratori e le conseguenze della generalizzazione dello smart working.<\/p>\n\n\n\n<p><em>Modalit\u00e0:<\/em> online<\/p>\n\n\n\n<div class=\"wp-block-button aligncenter is-style-outline is-style-outline--25\"><a class=\"wp-block-button__link has-very-light-gray-background-color has-background\" href=\"mailto:begona.pardo@italcamara-es.com\">Iscriviti<\/a><\/div>\n\n\n\n<hr class=\"wp-block-separator has-css-opacity\"\/>\n\n\n\n<h3 class=\"has-text-align-center wp-block-heading\">2021<\/h3>\n\n\n<p><\/p>\n<p><!--StartFragment--><\/p>\n\n\n<p><br><em>Mercoled\u00ec 10 novembre, dalle 11:00 alle 12:00. <\/em><br><br><strong>\u201cLe spese energetiche per i consumatori. Che fare?&#8221;<\/strong>.<\/p>\n\n\n\n<p>Organizzato in collaborazione con Energika Espa\u00f1a, verranno analizzate le principali dinamiche del mercato energetico in Spagna e gli aiuti e sovvenzioni disponibili per i consumatori e le imprese.<\/p>\n\n\n\n<div class=\"wp-block-button aligncenter is-style-outline is-style-outline--26\"><a class=\"wp-block-button__link has-very-light-gray-background-color has-background\" href=\"mailto:begona.pardo@italcamara-es.com\">Iscriviti<\/a><\/div>\n\n\n\n<hr class=\"wp-block-separator has-css-opacity\"\/>\n\n\n<p><!--EndFragment--><\/p>\n<p><\/p>\n\n\n<p><br><em>Gioved\u00ec 1 luglio, dalle 11:00 alle 12:00. <\/em><br><br><strong>\u201cPrincipali dubbi fiscali dei residenti italiani in Spagna&#8221;<\/strong>.<\/p>\n\n\n\n<p>Organizzato in collaborazione con TARSSO Abogados SL, verranno analizzate le principali opportunit\u00e0 esistenti per l&#8217;acquisizione di unit\u00e0 produttive di aziende in stato di insolvenza.<\/p>\n\n\n\n<div class=\"wp-block-button aligncenter is-style-outline is-style-outline--27\"><a class=\"wp-block-button__link has-very-light-gray-background-color has-background\" href=\"https:\/\/italcamara-es.us11.list-manage.com\/track\/click?u=f489a16fca5df5308c92109b3&amp;id=54aa4806c1&amp;e=f38c570c17\">Iscriviti<\/a><\/div>\n\n\n\n<hr class=\"wp-block-separator has-css-opacity\"\/>\n\n\n\n<p><br><em>Mercoled\u00ec 30 giugno, dalle 16:00 alle 17:00. <\/em><br><br><strong>\u201cL&#8217;IVA dell&#8217;e-commerce&#8221;<\/strong>.<\/p>\n\n\n\n<p><strong>Isabel Turrillo<\/strong>, economista e imprenditrice, contabile e consulente fiscale in Spagna, parler\u00e0 delle nuove regole nella tassazione dell&#8217;IVA sul commercio elettronico.<\/p>\n\n\n\n<div class=\"wp-block-button aligncenter is-style-outline is-style-outline--28\"><a class=\"wp-block-button__link has-very-light-gray-background-color has-background\" href=\"https:\/\/italcamara-es.us11.list-manage.com\/track\/click?u=f489a16fca5df5308c92109b3&amp;id=15c66c3896&amp;e=46909e3832\">Iscriviti<\/a><\/div>\n\n\n\n<hr class=\"wp-block-separator has-css-opacity\"\/>\n\n\n\n<p><br><em>Mercoled\u00ec 16 giugno, dalle 12:00 alle 13:30. <\/em><br><br><strong>\u201cRecovery funds UE&#8221;<\/strong>.<\/p>\n\n\n\n<p>Organizzato dalle Camere di Commercio Europee in Spagna, il webinar tratter\u00e0 di come le aziende possono accedere ai fondi europei per la ripresa, gli aiuti per realizzare una nuova economia europea pi\u00f9 forte, pi\u00f9 sostenibile, digitale e resiliente. Prenderanno parte all&#8217;evento come conferenzianti: <strong>Ra\u00fcl Blanco<\/strong>, Segretario Generale per l&#8217;Industria e le PMI, Ministero dell&#8217;Industria, Commercio e Turismo del Governo della Spagna, <strong>Mar\u00eda \u00c1ngeles Ben\u00edtez Salas<\/strong>, Direttore della Rappresentanza della Commissione Europea in Spagna e <strong>Jos\u00e9 Alberto Gonz\u00e1lez-Ruiz<\/strong>, Segretario Generale di CEOE Empresas<\/p>\n\n\n\n<div class=\"wp-block-button aligncenter is-style-outline is-style-outline--29\"><a class=\"wp-block-button__link has-very-light-gray-background-color has-background\" href=\"https:\/\/italcamara-es.us11.list-manage.com\/track\/click?u=f489a16fca5df5308c92109b3&amp;id=9448ab9de9&amp;e=f38c570c17\">Iscriviti<\/a><\/div>\n\n\n\n<hr class=\"wp-block-separator has-css-opacity\"\/>\n\n\n\n<p><br><em>Gioved\u00ec 10 giugno, dalle 10:00 alle 11:00. <\/em><br><br><strong>\u201cPrincipali dubbi fiscali dei residenti italiani in Spagna&#8221;<\/strong>.<\/p>\n\n\n\n<p> Organizzato in collaborazione con l&#8217;Ordine degli Avvocati di Madrid, l&#8217;obiettivo del webinar \u00e8 analizzare i principali dubbi che possono sorgere per i professionisti italiani residenti in Spagna in relazione agli obblighi fiscali da assolvere in caso di possedere immobili situati in Italia, con particolare riferimento alla doppia imposizione, alla plusvalenze e obbligo di presentazione del modello 720. <\/p>\n\n\n\n<div class=\"wp-block-button aligncenter is-style-outline is-style-outline--30\"><a class=\"wp-block-button__link has-very-light-gray-background-color has-background\" href=\"https:\/\/us02web.zoom.us\/webinar\/register\/WN_ZNOUbAmqSy-nn4POUfEhtg\">Iscriviti<\/a><\/div>\n\n\n\n<hr class=\"wp-block-separator has-css-opacity\"\/>\n\n\n\n<p><br><em>Mercoled\u00ec 9 giugno, dalle 10:00 alle 11:00. <\/em><br><br><strong>\u201cAspetti legali e fiscali delle criptovalute&#8221;<\/strong>.<\/p>\n\n\n\n<p> <strong>Roc\u00edo Lorenzo<\/strong>, Responsabile dell\u2019Area Fiscale di Letslaw, e&nbsp;<strong>Jos\u00e9 Morato<\/strong>, dell\u2019Area Digitale, approfondiranno i principali argomenti relativi alle criptovalute e alla tecnologia Blockchain, la regolamentazione e normativa in Spagna e in Europa, l\u2019impatto fiscale, gli obblighi di informazione e lo scenario futuro. <\/p>\n\n\n\n<div class=\"wp-block-button aligncenter is-style-outline is-style-outline--31\"><a class=\"wp-block-button__link has-very-light-gray-background-color has-background\" href=\"https:\/\/us02web.zoom.us\/webinar\/register\/WN_ZNOUbAmqSy-nn4POUfEhtg\">Iscriviti<\/a><\/div>\n\n\n\n<hr class=\"wp-block-separator has-css-opacity\"\/>\n\n\n\n<p><br><em>Marted\u00ec 25 maggio, dalle 10:00 alle 12:00. <\/em><br><br><strong>\u201cSpagna &#8211; isole Canarie: opportunit\u00e0 di business in ambito EU ed intercontinentale&#8221;<\/strong>.<\/p>\n\n\n\n<p>L\u2019incontro, organizzato dalla Camera di Commercio Italiana per la Spagna, ha l\u2019obiettivo di presentare le opportunit\u00e0 di carattere commerciale e logistico che la Spagna e le Isole Canarie offrono alle imprese italiane, grazie agli accordi bilaterali esistenti tra Spagna, i mercati emergenti dell\u2019America Latina e dell\u2019Africa e grazie al ruolo strategico delle Isole Canarie. Alla presentazione seguiranno, per i partecipanti interessati che ne abbiano fatto richiesta, occasioni di approfondimento che si articoleranno in sessioni tematiche e colloqui individuali.<br><a href=\"https:\/\/www.italcamara-es.com\/wp-content\/uploads\/2021\/05\/Webinar-25-maggio-2021-1.pdf\" target=\"_blank\" rel=\"noreferrer noopener\" aria-label=\"Scarica il programma (opens in a new tab)\">Scarica il programma<\/a><\/p>\n\n\n\n<div class=\"wp-block-button aligncenter is-style-outline is-style-outline--32\"><a class=\"wp-block-button__link has-very-light-gray-background-color has-background\" href=\"https:\/\/docs.google.com\/forms\/d\/e\/1FAIpQLSeqAQ1RIlvm-3leFnX8K4wHL2J3O1pyD5l67L8s4zWHl_xslg\/viewform\">Iscriviti<\/a><\/div>\n\n\n\n<hr class=\"wp-block-separator has-css-opacity\"\/>\n\n\n\n<p><br><em>Mercoled\u00ec 19 maggio, dalle 11:00 alle 12:00. <\/em><br><br><strong>\u201cReinventare la reputazione: social network, pubblicit\u00e0 con influencer e fake news&#8221;<\/strong><\/p>\n\n\n\n<p>Rub\u00e9n Cano P\u00e9rez, ex studente dell&#8217;Universit\u00e0 Bocconi e avvocato specializzato nelle aree della Propriet\u00e0 intellettuale, industriale e tecnologica, sar\u00e0 il relatore di questo webinar, organizzato in collaborazione con <strong>Bocconi Alumni Community<\/strong>, nel quale verranno affrontate alcune tematiche rilevanti per l&#8217;utilizzo dei social network nella strategia di qualsiasi azienda. Successivamente, il dibattito si concentrer\u00e0 sui diversi membri dell&#8217;ecosistema pubblicitario, sugli aspetti principali da tenere in considerazione quando si assumono influencer o su come mitigare l&#8217;impatto delle fake news nel contesto aziendale.<br><\/p>\n\n\n\n<p><\/p>\n\n\n\n<div class=\"wp-block-button aligncenter is-style-outline is-style-outline--33\"><a class=\"wp-block-button__link has-very-light-gray-background-color has-background\" href=\"https:\/\/italcamara-es.us11.list-manage.com\/track\/click?u=f489a16fca5df5308c92109b3&amp;id=891d731d84&amp;e=f38c570c17\">Iscriviti<\/a><\/div>\n\n\n\n<hr class=\"wp-block-separator has-css-opacity\"\/>\n\n\n\n<p><br><em>Marted\u00ec 11 maggio, dalle 12:00 alle 13:00. <\/em><br><br><strong>\u201cViaggiare&nbsp;per&nbsp;investimenti&nbsp;e&nbsp;turismo&nbsp;in&nbsp;tempi&nbsp;di&nbsp;Covid<\/strong>\u201d.<\/p>\n\n\n\n<p>Il contagio virale da Covid19 \u00e8 una realt\u00e0 che non possiamo negare. La campagna di vaccinazione \u00e8 gi\u00e0 iniziata e sembra essere l&#8217;unica soluzione strutturata per controllare la diffusione delle infezioni. Nel frattempo, nell&#8217;ultimo anno abbiamo assistito a un crollo dei viaggi nazionali e internazionali per paura e per una comprensibile precauzione. <br>In questo webinar, <strong>Mauro Martini<\/strong>, consulente fiscale <strong>Studio di Consulenza Estera<\/strong>, <strong>Desir\u00e8e Monfreda<\/strong>, interprete traduttrice, <strong>Francesca Torri<\/strong>, CEO di Magnum Travel Srls e<strong> Imperia Luz Mezzetti<\/strong>, psicologa e psicoterapeuta, parleranno del protocollo di viaggio che ci permette di muoverci in sicurezza in un altro paese.<\/p>\n\n\n\n<div class=\"wp-block-button aligncenter is-style-outline is-style-outline--34\"><a class=\"wp-block-button__link has-very-light-gray-background-color has-background\" href=\"https:\/\/us02web.zoom.us\/webinar\/register\/WN_m34ouftjSGenc9Pd0Ze12g\">Iscriviti<\/a><\/div>\n\n\n\n<p><br><em>Gioved\u00ec 4 marzo, dalle 12:00 alle 13:30. <\/em><br><br><strong>\u201cPatto verde europeo. Opportunit\u00e0 e risorse per le imprese<\/strong>\u201d.<\/p>\n\n\n\n<p>Incontro virtuale delle Camere Europee in Spagna con la quarta vicepresidente del Governo spagnolo e ministra per la transizione ecologica e la sfida demografica,&nbsp;<strong>Teresa Ribera<\/strong>&nbsp;e il vicedirettore della Rappresentanza della Commissione Ruropea in Spagna,&nbsp;<strong>Jochen M\u00fcller<\/strong>.<br>Il webinar, organizzato dalle Camere Europee in Spagna, mira ad approfondire le priorit\u00e0 del<strong>&nbsp;Patto Verde&nbsp;<\/strong>che dovrebbero ispirare il settore imprenditoriale nelle sue strategie a breve e lungo termine.<br>L&#8217;incontro \u00e8 riservato ai soci delle Camere di Commercio Europee in Spagna<\/p>\n\n\n\n<div class=\"wp-block-button aligncenter is-style-outline is-style-outline--35\"><a class=\"wp-block-button__link has-very-light-gray-background-color has-background\" href=\"https:\/\/attendee.gotowebinar.com\/register\/7761087955687672075\">Iscriviti<\/a><\/div>\n\n\n\n<hr class=\"wp-block-separator has-css-opacity\"\/>\n\n\n\n<p><br><em>Marted\u00ec 23 febbraio, dalle 11:30 alle 12:30. <\/em><br><br><strong>\u201cProgetto di internazionalizzazione della professione di consulente fiscale<\/strong>\u201d.<\/p>\n\n\n\n<p>La Fondazione \u201cCollegio dei Dottori Commercialisti italiani in Spagna\u201d propone una partecipazione aperta e concreta per risolvere i numerosi problemi e difficolt\u00e0 che un consulente fiscale italiano incontra quando opera o desidera farlo all&#8217;estero. Il progetto propone la costituzione di una persona giuridica che offre la possibilit\u00e0 di sviluppare la professione in Spagna, con un risultato di coesione e unit\u00e0 professionale per diventare un riferimento per gli stessi consulenti, istituzioni e clienti finali. Interviene in qualit\u00e0 di relatore Mauro Martini, consulente fiscale, dello <strong>Studio Consulenza Estera &#8211; Investimenti e Trasferimenti<\/strong><\/p>\n\n\n\n<div class=\"wp-block-button aligncenter is-style-outline is-style-outline--36\"><a class=\"wp-block-button__link has-very-light-gray-background-color has-background\" href=\"https:\/\/us02web.zoom.us\/webinar\/register\/WN_JdvXtEiTSmGWdOPs5UG1PA\">Iscriviti<\/a><\/div>\n\n\n\n<hr class=\"wp-block-separator has-css-opacity\"\/>\n\n\n\n<p><br><em>Marted\u00ec 2 febbraio, dalle 11 alle 12. <\/em><br><br><strong>\u201cCome rendere la Pubblica Amministrazione il tuo miglior cliente<\/strong>\u201d.<\/p>\n\n\n\n<p>Organizzato in collaborazione con il socio <strong>Life Abogados<\/strong>, il webinar verter\u00e0 sui principali prodotti e servizi richiesti dalla pubblica amministrazione spagnola, l&#8217;importanza di realizzare un&#8217;adeguata pianificazione strategica e l&#8217;applicazione della business intelligence nell&#8217;ambito degli appalti pubblici, alla luce degli imminenti Fondi Europei che saranno destinati ai diversi paesi dell&#8217;Unione per favorire la ripartenza economica.<\/p>\n\n\n\n<div class=\"wp-block-button aligncenter is-style-outline is-style-outline--37\"><a class=\"wp-block-button__link has-very-light-gray-background-color has-background\" href=\"https:\/\/us02web.zoom.us\/webinar\/register\/WN_Ws7fViZ6TyOsN8DX-sVVsg\">Iscriviti<\/a><\/div>\n\n\n\n<hr class=\"wp-block-separator has-css-opacity\"\/>\n\n\n\n<h3 class=\"has-text-align-center wp-block-heading\">2020<\/h3>\n\n\n\n<p><br><em>1) Mercoled\u00ec 2 aprile, dalle 16 alle 17. <\/em><br><br><strong>\u201cRisposte per l\u2019impresa alla crisi del COVID-19:<\/strong> <strong>raccomandazioni e questioni sul lavoro<\/strong>\u201d.<br>Organizzato in collaborazione con il socio <strong>Cuatrecasas<\/strong>, verter\u00e0 sulle questioni pi\u00f9 rilevanti per le imprese nella gestione delle relazioni lavorative nell&#8217;ambito di questa crisi. Tra queste, gli ERTE \u2013 <em>expedientes de regulaci\u00f3n temporal de empleo<\/em>&#8211; giustificati da cause di forza maggiore e cause economiche, tecniche, organizzative, le considerazioni pi\u00f9 rilevanti in materia di prevenzione dei rischi nell\u2019ambito del lavoro e le recenti novit\u00e0 legislative in Spagna esistenti alla luce del Real Decreto-ley 15\/2020.<\/p>\n\n\n\n<hr class=\"wp-block-separator has-css-opacity\"\/>\n\n\n\n<p><em>2) Gioved\u00ec 30 aprile, dalle 16&nbsp;alle 17.<\/em><br><br><strong>\u201cCOVID-19 fase 2: il ritorno all\u2019attivit\u00e0\u201d<\/strong>. <br>Organizzato in collaborazione con il socio <strong>LABLAW Studio Legale<\/strong>, sar\u00e0 infocato sulle metodologie che, secondo il protocollo del 24 aprile 2020, dovranno seguire le imprese nel momento della riapertura, e sulle misure speciali adottate che entreranno in vigore in Italia a partire dal 4\/5\/2020.<\/p>\n\n\n\n<hr class=\"wp-block-separator has-css-opacity\"\/>\n\n\n\n<p><em>3) Mercoled\u00ec 6 maggio, dalle 16:00 alle 17:00 <\/em><br><br><strong>&#8220;L&#8217;importanza del fattore istituzionale dopo il Covid-19&#8221;.<\/strong><br>Adriana Bonezzi e Maurizio di Ubaldo, dello studio legale <em>Di Ubaldo Abogados<\/em> parleranno della necessit\u00e0, da parte delle imprese e degli autonomi, di definire una strategia centrata sulla conoscenza delle istituzioni e imprese coinvolte della ripartenza economica per poter rilanciare la propria attivit\u00e0 dopo l&#8217;emergenza sanitaria che ha coinvolto i nostri paesi.  <\/p>\n\n\n\n<hr class=\"wp-block-separator has-css-opacity\"\/>\n\n\n\n<p><em>3) Mercoled\u00ec 13 maggio, dalle 10:30 alle 11:30 <\/em><br><br><strong>&#8220;Come rinventare la ristorazione del domani\u201d.<\/strong><br>Il socio Andrea Lazzari, CEO di <strong>Zerosei Event Spain<\/strong> ed esperto del settore della ristorazione e del franchising, proporr\u00e0 degli spunti di riflessione sulla riattivazione dell&#8217;attivit\u00e0 ristorativa in SPagna e Italia alla luce della situazione di incertezza generata dalle misure di sicurezza sanitaria in atto.<\/p>\n\n\n\n<hr class=\"wp-block-separator has-css-opacity\"\/>\n\n\n\n<p><em>5) Marted\u00ec 19 maggio, dalle 16:00 alle 17:00<\/em><\/p>\n\n\n\n<p><strong>\u201cOpportunit\u00e0 dell&#8217;e-commerce dopo l&#8217;era del COVID-19\u201d. <\/strong><br>Gli avvocati Rafael San Bruno, membro dell&#8217;Italian Desk di <strong>R\u00f6dl &amp; Partner<\/strong>, e Patricia Ayala, responsabile del dipartimento  Propriet\u00e0 Intellettuale, parleranno della situazione attuale dell&#8217;e-commerce, le sfide e le opportunit\u00e0 che questo offre, ed i passi da intraprendere per contare su una base legale e commerciale solida che permetta lo sviluppo del commercio elettronico in Spagna e in Italia. <\/p>\n\n\n\n<hr class=\"wp-block-separator has-css-opacity\"\/>\n\n\n\n<p><em>6) Marted\u00ec 26 maggio, dalle 12:30 alle 13:30<\/em><\/p>\n\n\n\n<p><strong>\u201cLe nuove procedure concorsuali e societarie previste dal RDL 16\/2020. Quali effetti per le imprese con sede  e interessi in Spagna?&#8221; <\/strong><br>Bernardo Pollicino, dello studio legale <strong>TARSSO&nbsp;<\/strong>presenter\u00e0&nbsp;le principali misure in materia di procedimento concorsuale e societario introdotte in Spagna dal RDL&nbsp;16\/2020,&nbsp;con un focus speciale su quelle relative alla continuit\u00e0 economica dell&#8217;impresa, la possibilit\u00e0 di finanziamento per coprire le necessit\u00e0 di liquidit\u00e0 e la responsabilit\u00e0 degli amministratori.<\/p>\n\n\n\n<hr class=\"wp-block-separator has-css-opacity\"\/>\n\n\n\n<p><em>7) Mercoled\u00ec 27 maggio, dalle 10:30 alle 11:30<\/em><\/p>\n\n\n\n<p><strong>\u201cRisparmio energetico nelle PMI&#8221; <\/strong><br>Il risparmio in termini di costi \u00e8 fondamentale per la corretta gestione delle imprese. In questo webinar, Chiara Magnani e Paolo Paglierani, rispettivamente responsabile tecnica e amministratore di <strong>ENERGIKA Srl<\/strong>,  aiteranno a capire meglio i meccanismi che regolano i mercati energetici europei, con un focus Sulla Spagna e sull&#8217;Italia. <\/p>\n\n\n\n<hr class=\"wp-block-separator has-css-opacity\"\/>\n\n\n\n<p><em>8) Marted\u00ec 2 giugno, dalle 16:00 alle 17:00<\/em><\/p>\n\n\n\n<p><strong>\u201cFiscalit\u00e0 in tempo di crisi&#8221; <\/strong><br>Beatriz Ladero de las Cuevas&nbsp;e Javier Zapata Ferrer,<strong>&nbsp;<\/strong>del dipartimento fiscale di <strong>Life Abogados<\/strong>, e Luis Alcoz Coll<strong>&nbsp;<\/strong>del dipartimento mercantile, parleranno delle misure approvate in Spagna in seguito all&#8217;emergenza Covid-19 e delle altre alternative che mette a disposizione la legge per far s\u00ec che la fiscalit\u00e0 sia il miglior alleato delle imprese per affrontare la crisi.<\/p>\n\n\n\n<hr class=\"wp-block-separator has-css-opacity\"\/>\n\n\n\n<p><em>9) Mercoled\u00ec 3 giugno, dalle 16:00 alle 17:00<\/em><\/p>\n\n\n\n<p><strong>\u201cImpatto della crisi Covid 19 sulla solvenza delle imprese&#8221;<\/strong><br><\/p>\n\n\n\n<p>Agapito Rodr\u00edguez Mar\u00edn<strong>,<\/strong> Sales Manager di<strong> Geri Esp<\/strong>, parler\u00e0 di come le imprese devono prepararsi dinanzi ad un pi\u00f9 che probabile incremento del debito e delle insolvenze da parte dei debitori.<\/p>\n\n\n\n<hr class=\"wp-block-separator has-css-opacity\"\/>\n\n\n\n<p><em>10) Gioved\u00ec 4 giugno, dalle 11:00 alle 12:30<\/em><\/p>\n\n\n\n<p><strong>\u201cOpportunit\u00e0 di business con l\u2019Italia dopo il COVID-19\u201d<\/strong><br><\/p>\n\n\n\n<p>In questo incontro si spiegheranno quali sono le opportunit\u00e0 di business che si presentano per le imprese canarie in Italia. Verranno presentate le misure adottate dalle autorit\u00e0 a seguito dell\u2019emergenza sanitaria COVID-19, come il virus ha condizionato l\u2019economia ed esempi pratici di formule che sono state messe a punto da imprese italiane per combattere le ovvie problematiche legate al Coronavirus. <\/p>\n\n\n\n<hr class=\"wp-block-separator has-css-opacity\"\/>\n\n\n\n<p><em>11) Mercoled\u00ec 17 giugno, dalle 16:00 alle 17:00<\/em><\/p>\n\n\n\n<p><strong>\u201cChiavi per affrontare la crisi del turismo per il Covid-19&#8243; <\/strong><br><\/p>\n\n\n\n<p>Roberto Sensi, direttore per la Spagna di <strong>Polvani Tours<\/strong> e professore preso l&#8217;Universit\u00e0 di Salamanca, Marco Polvani, presidente del<strong> Gruppo Internazionale Polvani Tours,<\/strong> Carlos Vogueler, ex direttore esecutivo della WTO e attuale direttore generale di Strategia di Turismo del <strong>Governo di Om\u00e1n <\/strong>e Adri\u00e1n Borrego, avvocato con 30 anni di esperienza in turismo e trasporti, saranno i conferenzianti di questo importante webinar sulle sfide del settore turistico. verranno trattate tematiche attuali relative alle missure e protocolli, collaborazioni tra paesi e frontiere, aspetti legali e lotta contro la paura a viaggiare.<\/p>\n\n\n\n<hr class=\"wp-block-separator has-css-opacity\"\/>\n\n\n\n<p><em>12) Gioved\u00ec 18 giugno, dalle 11:00 alle 12:00<\/em><\/p>\n\n\n\n<p><strong>\u201cMeccanismi di insolvenza in seguito all&#8217;entrata in vigore della nuova legge fallimentare spagnola RDL 16\/2020&#8243; <\/strong><br><\/p>\n\n\n\n<p>Tom\u00e1s Mi\u00f1ana, Joan, Vea e Sergio Lo Patro, dello studio legale <strong>Mi\u00f1ana &amp; Beltr\u00e1n, Economistas y Abogados<\/strong>, parleranno delle novit\u00e0 introdotte dalla nuova legge fallimentare spagnola RDL 16\/2020, dei meccanismi  di rifinanziamento delle imprese e su come affrontare con successo i problemi di liquidit\u00e0. <\/p>\n\n\n\n<hr class=\"wp-block-separator has-css-opacity\"\/>\n\n\n\n<p><em>13) Luned\u00ec 20 Luglio, dalle 11:00 alle 12:00<\/em><\/p>\n\n\n\n<p><strong>\u201cL&#8217;importanza del compliance program nelle imprese\u201d<\/strong><br><\/p>\n\n\n\n<p>Jos\u00e9 Antonio Tuero, direttore Penale e Compliance di <strong>Tarsso<\/strong> parler\u00e0 dei diversi livelli di compliance, i benefici e le opportunit\u00e0 da esso generate nella situazione post-Covid 19<strong>.<\/strong><\/p>\n\n\n\n<hr class=\"wp-block-separator has-css-opacity\"\/>\n\n\n\n<p><em>14) Mercoled\u00ec 22 de julio, dalle 11:00 alle 12:00<\/em><\/p>\n\n\n\n<p><strong>\u201cLeadership in epoca di crisi\u201d<\/strong><br><\/p>\n\n\n\n<p> \u2026 vedere le notizie e mantenere la calma, questa \u00e8 leadeship, lavorare da casa con i bambini nel salotto, questa \u00e8 leadership. Medici, infermieri, esercito, trasportatori&#8230;tutti loro sono nuovi leader&#8230;rinventarsi quando tutto cade intorno a noi, stiamo dando forma a un nuovo mondo che richiede nuovi leader&#8230;di tutto questo tratta il webinar, che vede la partecipazione di Antonio V\u00e1zquez<strong>, <\/strong>socio-direttore dell&#8217; <strong>European Open Business School&nbsp;<\/strong>di&nbsp;Madrid<\/p>\n\n\n\n<hr class=\"wp-block-separator has-css-opacity\"\/>\n\n\n\n<p><em>15) Mercoled\u00ec 30 settembre, dalle 11:00 alle 12:00<\/em><\/p>\n\n\n\n<p><strong>\u201cFattori del successo nell&#8217;imprenditoria nell&#8217;epoca post Covid-19&#8243;<\/strong><br><\/p>\n\n\n\n<p>Il webinar vedr\u00e1 la partecipazione di Jaime Medel Rold\u00e1n, Ceo&amp;Founder dell&#8217;<strong>European Business School <\/strong>di Madrid.<\/p>\n\n\n\n<hr class=\"wp-block-separator has-css-opacity\"\/>\n\n\n\n<p><em>16) Marted\u00ec 13 ottobre, dalle 11:00 alle 12:00<\/em><\/p>\n\n\n\n<p><strong>\u201cImpresa e trasformazione digitale&#8221;<\/strong><br><\/p>\n\n\n\n<p>Il webinar vedr\u00e1 la partecipazione di Barbara Bergomi, di <strong>Centro Sotfware<\/strong>,  Jos\u00e9 Enrique D\u00e1valos Ugarte di Delphi Studio e Antonello Attini di Antys.<\/p>\n\n\n\n<hr class=\"wp-block-separator has-css-opacity\"\/>\n\n\n\n<p><em>17) Mercoled\u00ec 14 ottobre, dalle 11:00 alle 12:00<\/em><\/p>\n\n\n\n<p><strong>\u201cMarketing digitale in Spagna nell&#8217;era post Covid 19&#8243;<\/strong><br><\/p>\n\n\n\n<p>Il webinar vedr\u00e1 la partecipazione di Massimiliano Regis, CEO di <strong>Vyrtucom SL <\/strong>e Alessandro Guerra, web manager, SEO Manager e founder del blog &#8220;<strong>Vida de Madrid<\/strong>&#8220;.<\/p>\n\n\n\n<hr class=\"wp-block-separator has-css-opacity\"\/>\n\n\n\n<p><em>18) Marted\u00ec 20 ottobre, dalle 16:00 alle 17:00<\/em><\/p>\n\n\n\n<p><strong>\u201cViaggiare in tempi di Covid-19&#8243;<\/strong><br><\/p>\n\n\n\n<p>Misure e protocolli per viaggiare in sicurezza in tempi di Covid. Lotta contro la paura a viaggiare e interiorizzazione delle misure. Il webinar conta sulla partecipazione di Roberto Sensi, direttore per la Spagna di <strong>Polvani Tours<\/strong> e professore presso l&#8217;Universit\u00e0 di Salamanca, oltre a rappresentanti di imprese di alto livello del settore, quali Iberia, Air  Europa, Hilton, Barcel\u00f3 Group, NH Hoteles. <\/p>\n\n\n\n<hr class=\"wp-block-separator has-css-opacity\"\/>\n\n\n\n<p><em>19) Mercoled\u00ec 2 dicembre, dalle 16:00 alle 17:00<\/em><\/p>\n\n\n\n<p><strong>\u201cTelelavoro e Ertes Covid-10 in Spagna e Italia&#8221;<\/strong><br><\/p>\n\n\n\n<p>In questo webinar verranno trattate tematiche relative alle misure in vigore in materia di lavoro per far fronte alla situazione generata dal COVID 19, concretamente ERTEs e Legistazione di Telelavoro, facendo una cmparativa tra la legistazione spagnola e italiana. Inoltre i relatori  Tom\u00e1s Mi\u00f1ana, socio principale, <strong>Mi\u00f1ana &amp; Beltr\u00e1n Economistas y Abogados<\/strong>,  Estela Mart\u00edn, Avvocata di  <strong>Sincro<\/strong> e Marilita Piromalli, Avvocata presso <strong>LPD Law<\/strong>, presenterannno tutte le possibilit\u00e0 che vengono offerte a una azienda in Spagna e Italia per razionalizzare le risorse umane in situazione di riduzione dell&#8217;attivit\u00e0 o confinamento domiciliare, adottando le differenti misure approvate alla luce della pandemia.  <\/p>\n\n\n<p><!--EndFragment--><\/p>\n<p><\/p>\n<p><!--EndFragment--><\/p>\n<p><\/p>\n<p><!--EndFragment--><\/p>\n<p><\/p>\n<p><!--EndFragment--><\/p>\n<p><\/p>","protected":false},"excerpt":{"rendered":"<p>La CCIS organizza un ciclo di seminari e webinar gratuiti su tematiche di interesse per le imprese italiane e spagnole, in relazione all\u2019attuale situazione dei due mercati in ambito legale, commerciale, lavorativo, sanitario, ecc.<\/p>\n","protected":false},"author":1,"featured_media":57306,"comment_status":"open","ping_status":"open","sticky":false,"template":"","format":"standard","meta":{"inline_featured_image":false,"ocean_post_layout":"","ocean_both_sidebars_style":"","ocean_both_sidebars_content_width":0,"ocean_both_sidebars_sidebars_width":0,"ocean_sidebar":"","ocean_second_sidebar":"","ocean_disable_margins":"enable","ocean_add_body_class":"","ocean_shortcode_before_top_bar":"","ocean_shortcode_after_top_bar":"","ocean_shortcode_before_header":"","ocean_shortcode_after_header":"","ocean_has_shortcode":"","ocean_shortcode_after_title":"","ocean_shortcode_before_footer_widgets":"","ocean_shortcode_after_footer_widgets":"","ocean_shortcode_before_footer_bottom":"","ocean_shortcode_after_footer_bottom":"","ocean_display_top_bar":"default","ocean_display_header":"default","ocean_header_style":"","ocean_center_header_left_menu":"","ocean_custom_header_template":"","ocean_custom_logo":0,"ocean_custom_retina_logo":0,"ocean_custom_logo_max_width":0,"ocean_custom_logo_tablet_max_width":0,"ocean_custom_logo_mobile_max_width":0,"ocean_custom_logo_max_height":0,"ocean_custom_logo_tablet_max_height":0,"ocean_custom_logo_mobile_max_height":0,"ocean_header_custom_menu":"","ocean_menu_typo_font_family":"","ocean_menu_typo_font_subset":"","ocean_menu_typo_font_size":0,"ocean_menu_typo_font_size_tablet":0,"ocean_menu_typo_font_size_mobile":0,"ocean_menu_typo_font_size_unit":"px","ocean_menu_typo_font_weight":"","ocean_menu_typo_font_weight_tablet":"","ocean_menu_typo_font_weight_mobile":"","ocean_menu_typo_transform":"","ocean_menu_typo_transform_tablet":"","ocean_menu_typo_transform_mobile":"","ocean_menu_typo_line_height":0,"ocean_menu_typo_line_height_tablet":0,"ocean_menu_typo_line_height_mobile":0,"ocean_menu_typo_line_height_unit":"","ocean_menu_typo_spacing":0,"ocean_menu_typo_spacing_tablet":0,"ocean_menu_typo_spacing_mobile":0,"ocean_menu_typo_spacing_unit":"","ocean_menu_link_color":"","ocean_menu_link_color_hover":"","ocean_menu_link_color_active":"","ocean_menu_link_background":"","ocean_menu_link_hover_background":"","ocean_menu_link_active_background":"","ocean_menu_social_links_bg":"","ocean_menu_social_hover_links_bg":"","ocean_menu_social_links_color":"","ocean_menu_social_hover_links_color":"","ocean_disable_title":"default","ocean_disable_heading":"default","ocean_post_title":"","ocean_post_subheading":"","ocean_post_title_style":"","ocean_post_title_background_color":"","ocean_post_title_background":0,"ocean_post_title_bg_image_position":"","ocean_post_title_bg_image_attachment":"","ocean_post_title_bg_image_repeat":"","ocean_post_title_bg_image_size":"","ocean_post_title_height":0,"ocean_post_title_bg_overlay":0.5,"ocean_post_title_bg_overlay_color":"","ocean_disable_breadcrumbs":"default","ocean_breadcrumbs_color":"","ocean_breadcrumbs_separator_color":"","ocean_breadcrumbs_links_color":"","ocean_breadcrumbs_links_hover_color":"","ocean_display_footer_widgets":"default","ocean_display_footer_bottom":"default","ocean_custom_footer_template":"","ocean_post_oembed":"","ocean_post_self_hosted_media":"","ocean_post_video_embed":"","ocean_link_format":"","ocean_link_format_target":"self","ocean_quote_format":"","ocean_quote_format_link":"post","ocean_gallery_link_images":"on","ocean_gallery_id":[],"footnotes":""},"categories":[136],"tags":[],"class_list":["post-57305","post","type-post","status-publish","format-standard","has-post-thumbnail","hentry","category-progetti","entry","has-media"],"yoast_head":"<!-- This site is optimized with the Yoast SEO plugin v27.4 - https:\/\/yoast.com\/product\/yoast-seo-wordpress\/ -->\n<title>Ciclo di Seminari e webinar CCIS - Italcamara<\/title>\n<meta name=\"robots\" content=\"index, follow, max-snippet:-1, max-image-preview:large, max-video-preview:-1\" \/>\n<link rel=\"canonical\" href=\"https:\/\/italcamara-es.com\/it\/progetti\/ciclo-di-seminari-e-webinar-ccis\/\" \/>\n<meta property=\"og:locale\" content=\"it_IT\" \/>\n<meta property=\"og:type\" content=\"article\" \/>\n<meta property=\"og:title\" content=\"Ciclo di Seminari e webinar CCIS - Italcamara\" \/>\n<meta property=\"og:description\" content=\"La CCIS organizza un ciclo di seminari e webinar gratuiti su tematiche di interesse per le imprese italiane e spagnole, in relazione all\u2019attuale situazione dei due mercati in ambito legale, commerciale, lavorativo, sanitario, ecc.\" \/>\n<meta property=\"og:url\" content=\"https:\/\/italcamara-es.com\/it\/progetti\/ciclo-di-seminari-e-webinar-ccis\/\" \/>\n<meta property=\"og:site_name\" content=\"Italcamara\" \/>\n<meta property=\"article:published_time\" content=\"2023-04-12T07:14:00+00:00\" \/>\n<meta property=\"og:image\" content=\"https:\/\/italcamara-es.com\/wp-content\/uploads\/2025\/04\/Webinar250.jpg\" \/>\n\t<meta property=\"og:image:width\" content=\"250\" \/>\n\t<meta property=\"og:image:height\" content=\"140\" \/>\n\t<meta property=\"og:image:type\" content=\"image\/jpeg\" \/>\n<meta name=\"author\" content=\"administrador\" \/>\n<meta name=\"twitter:card\" content=\"summary_large_image\" \/>\n<meta name=\"twitter:label1\" content=\"Scritto da\" \/>\n\t<meta name=\"twitter:data1\" content=\"administrador\" \/>\n\t<meta name=\"twitter:label2\" content=\"Tempo di lettura stimato\" \/>\n\t<meta name=\"twitter:data2\" content=\"25 minuti\" \/>\n<script type=\"application\/ld+json\" class=\"yoast-schema-graph\">{\"@context\":\"https:\\\/\\\/schema.org\",\"@graph\":[{\"@type\":\"Article\",\"@id\":\"https:\\\/\\\/italcamara-es.com\\\/it\\\/progetti\\\/ciclo-di-seminari-e-webinar-ccis\\\/#article\",\"isPartOf\":{\"@id\":\"https:\\\/\\\/italcamara-es.com\\\/it\\\/progetti\\\/ciclo-di-seminari-e-webinar-ccis\\\/\"},\"author\":{\"name\":\"administrador\",\"@id\":\"https:\\\/\\\/italcamara-es.com\\\/#\\\/schema\\\/person\\\/bb3c56263e405bbd9a15171dcfee93bb\"},\"headline\":\"Ciclo di Seminari e webinar CCIS\",\"datePublished\":\"2023-04-12T07:14:00+00:00\",\"mainEntityOfPage\":{\"@id\":\"https:\\\/\\\/italcamara-es.com\\\/it\\\/progetti\\\/ciclo-di-seminari-e-webinar-ccis\\\/\"},\"wordCount\":5045,\"commentCount\":0,\"image\":{\"@id\":\"https:\\\/\\\/italcamara-es.com\\\/it\\\/progetti\\\/ciclo-di-seminari-e-webinar-ccis\\\/#primaryimage\"},\"thumbnailUrl\":\"https:\\\/\\\/italcamara-es.com\\\/wp-content\\\/uploads\\\/2025\\\/04\\\/Webinar250.jpg\",\"articleSection\":[\"Progetti\"],\"inLanguage\":\"it-IT\",\"potentialAction\":[{\"@type\":\"CommentAction\",\"name\":\"Comment\",\"target\":[\"https:\\\/\\\/italcamara-es.com\\\/it\\\/progetti\\\/ciclo-di-seminari-e-webinar-ccis\\\/#respond\"]}]},{\"@type\":\"WebPage\",\"@id\":\"https:\\\/\\\/italcamara-es.com\\\/it\\\/progetti\\\/ciclo-di-seminari-e-webinar-ccis\\\/\",\"url\":\"https:\\\/\\\/italcamara-es.com\\\/it\\\/progetti\\\/ciclo-di-seminari-e-webinar-ccis\\\/\",\"name\":\"Ciclo di Seminari e webinar CCIS - Italcamara\",\"isPartOf\":{\"@id\":\"https:\\\/\\\/italcamara-es.com\\\/#website\"},\"primaryImageOfPage\":{\"@id\":\"https:\\\/\\\/italcamara-es.com\\\/it\\\/progetti\\\/ciclo-di-seminari-e-webinar-ccis\\\/#primaryimage\"},\"image\":{\"@id\":\"https:\\\/\\\/italcamara-es.com\\\/it\\\/progetti\\\/ciclo-di-seminari-e-webinar-ccis\\\/#primaryimage\"},\"thumbnailUrl\":\"https:\\\/\\\/italcamara-es.com\\\/wp-content\\\/uploads\\\/2025\\\/04\\\/Webinar250.jpg\",\"datePublished\":\"2023-04-12T07:14:00+00:00\",\"author\":{\"@id\":\"https:\\\/\\\/italcamara-es.com\\\/#\\\/schema\\\/person\\\/bb3c56263e405bbd9a15171dcfee93bb\"},\"breadcrumb\":{\"@id\":\"https:\\\/\\\/italcamara-es.com\\\/it\\\/progetti\\\/ciclo-di-seminari-e-webinar-ccis\\\/#breadcrumb\"},\"inLanguage\":\"it-IT\",\"potentialAction\":[{\"@type\":\"ReadAction\",\"target\":[\"https:\\\/\\\/italcamara-es.com\\\/it\\\/progetti\\\/ciclo-di-seminari-e-webinar-ccis\\\/\"]}]},{\"@type\":\"ImageObject\",\"inLanguage\":\"it-IT\",\"@id\":\"https:\\\/\\\/italcamara-es.com\\\/it\\\/progetti\\\/ciclo-di-seminari-e-webinar-ccis\\\/#primaryimage\",\"url\":\"https:\\\/\\\/italcamara-es.com\\\/wp-content\\\/uploads\\\/2025\\\/04\\\/Webinar250.jpg\",\"contentUrl\":\"https:\\\/\\\/italcamara-es.com\\\/wp-content\\\/uploads\\\/2025\\\/04\\\/Webinar250.jpg\",\"width\":250,\"height\":140},{\"@type\":\"BreadcrumbList\",\"@id\":\"https:\\\/\\\/italcamara-es.com\\\/it\\\/progetti\\\/ciclo-di-seminari-e-webinar-ccis\\\/#breadcrumb\",\"itemListElement\":[{\"@type\":\"ListItem\",\"position\":1,\"name\":\"Inicio\",\"item\":\"https:\\\/\\\/italcamara-es.com\\\/it\\\/homepage-ita\\\/\"},{\"@type\":\"ListItem\",\"position\":2,\"name\":\"Ciclo di Seminari e webinar CCIS\"}]},{\"@type\":\"WebSite\",\"@id\":\"https:\\\/\\\/italcamara-es.com\\\/#website\",\"url\":\"https:\\\/\\\/italcamara-es.com\\\/\",\"name\":\"Italcamara\",\"description\":\"\",\"potentialAction\":[{\"@type\":\"SearchAction\",\"target\":{\"@type\":\"EntryPoint\",\"urlTemplate\":\"https:\\\/\\\/italcamara-es.com\\\/?s={search_term_string}\"},\"query-input\":{\"@type\":\"PropertyValueSpecification\",\"valueRequired\":true,\"valueName\":\"search_term_string\"}}],\"inLanguage\":\"it-IT\"},{\"@type\":\"Person\",\"@id\":\"https:\\\/\\\/italcamara-es.com\\\/#\\\/schema\\\/person\\\/bb3c56263e405bbd9a15171dcfee93bb\",\"name\":\"administrador\",\"image\":{\"@type\":\"ImageObject\",\"inLanguage\":\"it-IT\",\"@id\":\"https:\\\/\\\/secure.gravatar.com\\\/avatar\\\/14b5e63db38320b12031bb28cf9f77e210aa71fb3a8a3602a3c9a05134fa75eb?s=96&d=mm&r=g\",\"url\":\"https:\\\/\\\/secure.gravatar.com\\\/avatar\\\/14b5e63db38320b12031bb28cf9f77e210aa71fb3a8a3602a3c9a05134fa75eb?s=96&d=mm&r=g\",\"contentUrl\":\"https:\\\/\\\/secure.gravatar.com\\\/avatar\\\/14b5e63db38320b12031bb28cf9f77e210aa71fb3a8a3602a3c9a05134fa75eb?s=96&d=mm&r=g\",\"caption\":\"administrador\"},\"sameAs\":[\"http:\\\/\\\/pre.italcamara-es.com\"],\"url\":\"https:\\\/\\\/italcamara-es.com\\\/it\\\/author\\\/administrador\\\/\"}]}<\/script>\n<!-- \/ Yoast SEO plugin. -->","yoast_head_json":{"title":"Ciclo di Seminari e webinar CCIS - Italcamara","robots":{"index":"index","follow":"follow","max-snippet":"max-snippet:-1","max-image-preview":"max-image-preview:large","max-video-preview":"max-video-preview:-1"},"canonical":"https:\/\/italcamara-es.com\/it\/progetti\/ciclo-di-seminari-e-webinar-ccis\/","og_locale":"it_IT","og_type":"article","og_title":"Ciclo di Seminari e webinar CCIS - Italcamara","og_description":"La CCIS organizza un ciclo di seminari e webinar gratuiti su tematiche di interesse per le imprese italiane e spagnole, in relazione all\u2019attuale situazione dei due mercati in ambito legale, commerciale, lavorativo, sanitario, ecc.","og_url":"https:\/\/italcamara-es.com\/it\/progetti\/ciclo-di-seminari-e-webinar-ccis\/","og_site_name":"Italcamara","article_published_time":"2023-04-12T07:14:00+00:00","og_image":[{"width":250,"height":140,"url":"https:\/\/italcamara-es.com\/wp-content\/uploads\/2025\/04\/Webinar250.jpg","type":"image\/jpeg"}],"author":"administrador","twitter_card":"summary_large_image","twitter_misc":{"Scritto da":"administrador","Tempo di lettura stimato":"25 minuti"},"schema":{"@context":"https:\/\/schema.org","@graph":[{"@type":"Article","@id":"https:\/\/italcamara-es.com\/it\/progetti\/ciclo-di-seminari-e-webinar-ccis\/#article","isPartOf":{"@id":"https:\/\/italcamara-es.com\/it\/progetti\/ciclo-di-seminari-e-webinar-ccis\/"},"author":{"name":"administrador","@id":"https:\/\/italcamara-es.com\/#\/schema\/person\/bb3c56263e405bbd9a15171dcfee93bb"},"headline":"Ciclo di Seminari e webinar CCIS","datePublished":"2023-04-12T07:14:00+00:00","mainEntityOfPage":{"@id":"https:\/\/italcamara-es.com\/it\/progetti\/ciclo-di-seminari-e-webinar-ccis\/"},"wordCount":5045,"commentCount":0,"image":{"@id":"https:\/\/italcamara-es.com\/it\/progetti\/ciclo-di-seminari-e-webinar-ccis\/#primaryimage"},"thumbnailUrl":"https:\/\/italcamara-es.com\/wp-content\/uploads\/2025\/04\/Webinar250.jpg","articleSection":["Progetti"],"inLanguage":"it-IT","potentialAction":[{"@type":"CommentAction","name":"Comment","target":["https:\/\/italcamara-es.com\/it\/progetti\/ciclo-di-seminari-e-webinar-ccis\/#respond"]}]},{"@type":"WebPage","@id":"https:\/\/italcamara-es.com\/it\/progetti\/ciclo-di-seminari-e-webinar-ccis\/","url":"https:\/\/italcamara-es.com\/it\/progetti\/ciclo-di-seminari-e-webinar-ccis\/","name":"Ciclo di Seminari e webinar CCIS - Italcamara","isPartOf":{"@id":"https:\/\/italcamara-es.com\/#website"},"primaryImageOfPage":{"@id":"https:\/\/italcamara-es.com\/it\/progetti\/ciclo-di-seminari-e-webinar-ccis\/#primaryimage"},"image":{"@id":"https:\/\/italcamara-es.com\/it\/progetti\/ciclo-di-seminari-e-webinar-ccis\/#primaryimage"},"thumbnailUrl":"https:\/\/italcamara-es.com\/wp-content\/uploads\/2025\/04\/Webinar250.jpg","datePublished":"2023-04-12T07:14:00+00:00","author":{"@id":"https:\/\/italcamara-es.com\/#\/schema\/person\/bb3c56263e405bbd9a15171dcfee93bb"},"breadcrumb":{"@id":"https:\/\/italcamara-es.com\/it\/progetti\/ciclo-di-seminari-e-webinar-ccis\/#breadcrumb"},"inLanguage":"it-IT","potentialAction":[{"@type":"ReadAction","target":["https:\/\/italcamara-es.com\/it\/progetti\/ciclo-di-seminari-e-webinar-ccis\/"]}]},{"@type":"ImageObject","inLanguage":"it-IT","@id":"https:\/\/italcamara-es.com\/it\/progetti\/ciclo-di-seminari-e-webinar-ccis\/#primaryimage","url":"https:\/\/italcamara-es.com\/wp-content\/uploads\/2025\/04\/Webinar250.jpg","contentUrl":"https:\/\/italcamara-es.com\/wp-content\/uploads\/2025\/04\/Webinar250.jpg","width":250,"height":140},{"@type":"BreadcrumbList","@id":"https:\/\/italcamara-es.com\/it\/progetti\/ciclo-di-seminari-e-webinar-ccis\/#breadcrumb","itemListElement":[{"@type":"ListItem","position":1,"name":"Inicio","item":"https:\/\/italcamara-es.com\/it\/homepage-ita\/"},{"@type":"ListItem","position":2,"name":"Ciclo di Seminari e webinar CCIS"}]},{"@type":"WebSite","@id":"https:\/\/italcamara-es.com\/#website","url":"https:\/\/italcamara-es.com\/","name":"Italcamara","description":"","potentialAction":[{"@type":"SearchAction","target":{"@type":"EntryPoint","urlTemplate":"https:\/\/italcamara-es.com\/?s={search_term_string}"},"query-input":{"@type":"PropertyValueSpecification","valueRequired":true,"valueName":"search_term_string"}}],"inLanguage":"it-IT"},{"@type":"Person","@id":"https:\/\/italcamara-es.com\/#\/schema\/person\/bb3c56263e405bbd9a15171dcfee93bb","name":"administrador","image":{"@type":"ImageObject","inLanguage":"it-IT","@id":"https:\/\/secure.gravatar.com\/avatar\/14b5e63db38320b12031bb28cf9f77e210aa71fb3a8a3602a3c9a05134fa75eb?s=96&d=mm&r=g","url":"https:\/\/secure.gravatar.com\/avatar\/14b5e63db38320b12031bb28cf9f77e210aa71fb3a8a3602a3c9a05134fa75eb?s=96&d=mm&r=g","contentUrl":"https:\/\/secure.gravatar.com\/avatar\/14b5e63db38320b12031bb28cf9f77e210aa71fb3a8a3602a3c9a05134fa75eb?s=96&d=mm&r=g","caption":"administrador"},"sameAs":["http:\/\/pre.italcamara-es.com"],"url":"https:\/\/italcamara-es.com\/it\/author\/administrador\/"}]}},"rttpg_featured_image_url":{"full":["https:\/\/italcamara-es.com\/wp-content\/uploads\/2025\/04\/Webinar250.jpg",250,140,false],"landscape":["https:\/\/italcamara-es.com\/wp-content\/uploads\/2025\/04\/Webinar250.jpg",250,140,false],"portraits":["https:\/\/italcamara-es.com\/wp-content\/uploads\/2025\/04\/Webinar250.jpg",250,140,false],"thumbnail":["https:\/\/italcamara-es.com\/wp-content\/uploads\/2025\/04\/Webinar250-150x140.jpg",150,140,true],"medium":["https:\/\/italcamara-es.com\/wp-content\/uploads\/2025\/04\/Webinar250.jpg",250,140,false],"large":["https:\/\/italcamara-es.com\/wp-content\/uploads\/2025\/04\/Webinar250.jpg",250,140,false],"1536x1536":["https:\/\/italcamara-es.com\/wp-content\/uploads\/2025\/04\/Webinar250.jpg",250,140,false],"2048x2048":["https:\/\/italcamara-es.com\/wp-content\/uploads\/2025\/04\/Webinar250.jpg",250,140,false],"ocean-thumb-m":["https:\/\/italcamara-es.com\/wp-content\/uploads\/2025\/04\/Webinar250.jpg",250,140,false],"ocean-thumb-ml":["https:\/\/italcamara-es.com\/wp-content\/uploads\/2025\/04\/Webinar250.jpg",250,140,false],"ocean-thumb-l":["https:\/\/italcamara-es.com\/wp-content\/uploads\/2025\/04\/Webinar250.jpg",250,140,false],"directorist_preview":["https:\/\/italcamara-es.com\/wp-content\/uploads\/2025\/04\/Webinar250.jpg",250,140,false]},"rttpg_author":{"display_name":"administrador","author_link":"https:\/\/italcamara-es.com\/it\/author\/administrador\/"},"rttpg_comment":0,"rttpg_category":"<a href=\"https:\/\/italcamara-es.com\/it\/category\/progetti\/\" rel=\"category tag\">Progetti<\/a>","rttpg_excerpt":"La CCIS organizza un ciclo di seminari e webinar gratuiti su tematiche di interesse per le imprese italiane e spagnole, in relazione all\u2019attuale situazione dei due mercati in ambito legale, commerciale, lavorativo, sanitario, ecc.","_links":{"self":[{"href":"https:\/\/italcamara-es.com\/it\/wp-json\/wp\/v2\/posts\/57305","targetHints":{"allow":["GET"]}}],"collection":[{"href":"https:\/\/italcamara-es.com\/it\/wp-json\/wp\/v2\/posts"}],"about":[{"href":"https:\/\/italcamara-es.com\/it\/wp-json\/wp\/v2\/types\/post"}],"author":[{"embeddable":true,"href":"https:\/\/italcamara-es.com\/it\/wp-json\/wp\/v2\/users\/1"}],"replies":[{"embeddable":true,"href":"https:\/\/italcamara-es.com\/it\/wp-json\/wp\/v2\/comments?post=57305"}],"version-history":[{"count":0,"href":"https:\/\/italcamara-es.com\/it\/wp-json\/wp\/v2\/posts\/57305\/revisions"}],"wp:featuredmedia":[{"embeddable":true,"href":"https:\/\/italcamara-es.com\/it\/wp-json\/wp\/v2\/media\/57306"}],"wp:attachment":[{"href":"https:\/\/italcamara-es.com\/it\/wp-json\/wp\/v2\/media?parent=57305"}],"wp:term":[{"taxonomy":"category","embeddable":true,"href":"https:\/\/italcamara-es.com\/it\/wp-json\/wp\/v2\/categories?post=57305"},{"taxonomy":"post_tag","embeddable":true,"href":"https:\/\/italcamara-es.com\/it\/wp-json\/wp\/v2\/tags?post=57305"}],"curies":[{"name":"wp","href":"https:\/\/api.w.org\/{rel}","templated":true}]}}