	{"id":57330,"date":"2016-11-07T16:18:58","date_gmt":"2016-11-07T15:18:58","guid":{"rendered":"http:\/\/pre.italcamara-es.com\/senza-categoria\/progetto-plvt-utilizzo-dei-prodotti-tipici-locali-come-strumento-per-la-valorizzazione-del-territorio-2\/"},"modified":"2025-04-01T00:28:27","modified_gmt":"2025-03-31T22:28:27","slug":"progetto-plvt-utilizzo-dei-prodotti-tipici-locali-come-strumento-per-la-valorizzazione-del-territorio-2","status":"publish","type":"post","link":"https:\/\/italcamara-es.com\/it\/eu-desk\/progetto-plvt-utilizzo-dei-prodotti-tipici-locali-come-strumento-per-la-valorizzazione-del-territorio-2\/","title":{"rendered":"Progetto PLVT &#8211; Utilizzo dei prodotti tipici locali come strumento per la valorizzazione del territorio"},"content":{"rendered":"<p><em>Progetto selezionato nel bando straordinario di mobilit\u00e0 KA1VET dell\u2019Agenzia Spagnola SEPIE.<\/em><\/p>\n<p>Lo scopo di questo progetto \u00e8 quello di fornire ai partecipanti (29 docenti di scuole professionali del settore alberghiero e turistico in Spagna) le conoscenze necessarie per trasmettere ai propri alunni nozioni relative all\u2019utlizzazione dei prodotti tipici locali come strumenti per la valorizzazione del territorio.<\/p>\n<p><!--more--><\/p>\n<p>Nel mese di giugno del 2017, i docenti permarranno una settimana in Umbria per partecipare a presentazioni di prodotti docg, doc, igt, igp e di modelli di filiera corta e laboratori di elaborazione di piatti tipici italiani, con particolare attenzione su quelli originari della Regione Umbria.<\/p>\n<p>Le conoscenze acquisite dai docenti verranno trasmesse pi\u00fa facilmente ai propri studenti, anche attraverso nuovi metodi e metodologie di insegnamento. Tali conoscenze potranno essere sfruttate dagli studenti quando entreranno nel mercato del lavoro come imprenditori o come impiegati nel settore albierghiero e turistico.<br>\n<strong>Video del progetto<\/strong><br>\n<iframe src=\"https:\/\/www.youtube.com\/embed\/wxC86DcPJQE\" width=\"560\" height=\"315\" frameborder=\"0\" allowfullscreen=\"allowfullscreen\"><\/iframe><\/p>\n<p>&nbsp;<\/p>\n<p><strong>Ente che coordina il progetto<\/strong><br>\n<em>Camera di Commercio e Industria Italiana per la Spagna<\/em><\/p>\n<p>&nbsp;<\/p>\n<p><strong>Partners<\/strong><br>\n\u2022 Centro p\u00fablico Integrado de Formaci\u00f3n Profesional de Hosteler\u00eda de Cartagena<br>\n\u2022 Centro Integrado de Formaci\u00f3n Profesional Hosteler\u00eda y Turismo de Gij\u00f3n<br>\n\u2022 Fundaci\u00f3n Cruzcampo<br>\n\u2022 Instituto de Ense\u00f1anza Secundaria Almeraya<br>\n\u2022 IES Diegos de Praves<br>\n\u2022 Universit\u00e0 dei Sapori Soc. Cons. ARL<\/p>\n<p>&nbsp;<\/p>\n<p><span style=\"color: #003366;\"><a style=\"color: #003366;\" href=\"https:\/\/www.italcamara-es.com\/wp-content\/uploads\/2016\/11\/Dossier-movilidad-PLVT_junio.pdf\" target=\"_blank\" rel=\"noopener\">Dossier mobilit\u00e0 PLVT Giugno<\/a><\/span><br>\n<span style=\"color: #003366;\"><a style=\"color: #003366;\" href=\"https:\/\/www.italcamara-es.com\/wp-content\/uploads\/2016\/11\/Dossier-movilidad-PLVT_septiembre.pdf\" target=\"_blank\" rel=\"noopener\">Dossier mobilit\u00e0 PLVT Settembre<\/a><\/span><\/p>\n\n\n<figure class=\"wp-block-image\"><img decoding=\"async\" src=\"https:\/\/www.italcamara-es.com\/wp-content\/uploads\/2019\/04\/cofinanciado300-23.jpg\" alt=\"\" class=\"wp-image-21243\"\/><\/figure>\n","protected":false},"excerpt":{"rendered":"<p>Progetto selezionato nel bando straordinario di mobilit\u00e0 KA1VET dell\u2019Agenzia Spagnola SEPIE. Lo scopo di questo progetto \u00e8 quello di fornire ai partecipanti (29 docenti di scuole professionali del settore alberghiero e turistico in Spagna) le conoscenze necessarie per trasmettere ai propri alunni nozioni relative all\u2019utlizzazione dei prodotti tipici locali come strumenti per la valorizzazione del [&hellip;]<\/p>\n","protected":false},"author":1,"featured_media":55360,"comment_status":"open","ping_status":"open","sticky":false,"template":"","format":"standard","meta":{"inline_featured_image":false,"ocean_post_layout":"","ocean_both_sidebars_style":"","ocean_both_sidebars_content_width":0,"ocean_both_sidebars_sidebars_width":0,"ocean_sidebar":"","ocean_second_sidebar":"","ocean_disable_margins":"enable","ocean_add_body_class":"","ocean_shortcode_before_top_bar":"","ocean_shortcode_after_top_bar":"","ocean_shortcode_before_header":"","ocean_shortcode_after_header":"","ocean_has_shortcode":"","ocean_shortcode_after_title":"","ocean_shortcode_before_footer_widgets":"","ocean_shortcode_after_footer_widgets":"","ocean_shortcode_before_footer_bottom":"","ocean_shortcode_after_footer_bottom":"","ocean_display_top_bar":"default","ocean_display_header":"default","ocean_header_style":"","ocean_center_header_left_menu":"","ocean_custom_header_template":"","ocean_custom_logo":0,"ocean_custom_retina_logo":0,"ocean_custom_logo_max_width":0,"ocean_custom_logo_tablet_max_width":0,"ocean_custom_logo_mobile_max_width":0,"ocean_custom_logo_max_height":0,"ocean_custom_logo_tablet_max_height":0,"ocean_custom_logo_mobile_max_height":0,"ocean_header_custom_menu":"","ocean_menu_typo_font_family":"","ocean_menu_typo_font_subset":"","ocean_menu_typo_font_size":0,"ocean_menu_typo_font_size_tablet":0,"ocean_menu_typo_font_size_mobile":0,"ocean_menu_typo_font_size_unit":"px","ocean_menu_typo_font_weight":"","ocean_menu_typo_font_weight_tablet":"","ocean_menu_typo_font_weight_mobile":"","ocean_menu_typo_transform":"","ocean_menu_typo_transform_tablet":"","ocean_menu_typo_transform_mobile":"","ocean_menu_typo_line_height":0,"ocean_menu_typo_line_height_tablet":0,"ocean_menu_typo_line_height_mobile":0,"ocean_menu_typo_line_height_unit":"","ocean_menu_typo_spacing":0,"ocean_menu_typo_spacing_tablet":0,"ocean_menu_typo_spacing_mobile":0,"ocean_menu_typo_spacing_unit":"","ocean_menu_link_color":"","ocean_menu_link_color_hover":"","ocean_menu_link_color_active":"","ocean_menu_link_background":"","ocean_menu_link_hover_background":"","ocean_menu_link_active_background":"","ocean_menu_social_links_bg":"","ocean_menu_social_hover_links_bg":"","ocean_menu_social_links_color":"","ocean_menu_social_hover_links_color":"","ocean_disable_title":"default","ocean_disable_heading":"default","ocean_post_title":"","ocean_post_subheading":"","ocean_post_title_style":"","ocean_post_title_background_color":"","ocean_post_title_background":0,"ocean_post_title_bg_image_position":"","ocean_post_title_bg_image_attachment":"","ocean_post_title_bg_image_repeat":"","ocean_post_title_bg_image_size":"","ocean_post_title_height":0,"ocean_post_title_bg_overlay":0.5,"ocean_post_title_bg_overlay_color":"","ocean_disable_breadcrumbs":"default","ocean_breadcrumbs_color":"","ocean_breadcrumbs_separator_color":"","ocean_breadcrumbs_links_color":"","ocean_breadcrumbs_links_hover_color":"","ocean_display_footer_widgets":"default","ocean_display_footer_bottom":"default","ocean_custom_footer_template":"","ocean_post_oembed":"","ocean_post_self_hosted_media":"","ocean_post_video_embed":"","ocean_link_format":"","ocean_link_format_target":"self","ocean_quote_format":"","ocean_quote_format_link":"post","ocean_gallery_link_images":"on","ocean_gallery_id":[],"footnotes":""},"categories":[130,136],"tags":[],"class_list":["post-57330","post","type-post","status-publish","format-standard","has-post-thumbnail","hentry","category-eu-desk","category-progetti","entry","has-media"],"yoast_head":"<!-- This site is optimized with the Yoast SEO plugin v27.4 - https:\/\/yoast.com\/product\/yoast-seo-wordpress\/ -->\n<title>Progetto PLVT - Utilizzo dei prodotti tipici locali come strumento per la valorizzazione del territorio - Italcamara<\/title>\n<meta name=\"robots\" content=\"index, follow, max-snippet:-1, max-image-preview:large, max-video-preview:-1\" \/>\n<link rel=\"canonical\" href=\"https:\/\/italcamara-es.com\/it\/eu-desk\/progetto-plvt-utilizzo-dei-prodotti-tipici-locali-come-strumento-per-la-valorizzazione-del-territorio-2\/\" \/>\n<meta property=\"og:locale\" content=\"it_IT\" \/>\n<meta property=\"og:type\" content=\"article\" \/>\n<meta property=\"og:title\" content=\"Progetto PLVT - Utilizzo dei prodotti tipici locali come strumento per la valorizzazione del territorio - Italcamara\" \/>\n<meta property=\"og:description\" content=\"Progetto selezionato nel bando straordinario di mobilit\u00e0 KA1VET dell\u2019Agenzia Spagnola SEPIE. Lo scopo di questo progetto \u00e8 quello di fornire ai partecipanti (29 docenti di scuole professionali del settore alberghiero e turistico in Spagna) le conoscenze necessarie per trasmettere ai propri alunni nozioni relative all\u2019utlizzazione dei prodotti tipici locali come strumenti per la valorizzazione del [&hellip;]\" \/>\n<meta property=\"og:url\" content=\"https:\/\/italcamara-es.com\/it\/eu-desk\/progetto-plvt-utilizzo-dei-prodotti-tipici-locali-come-strumento-per-la-valorizzazione-del-territorio-2\/\" \/>\n<meta property=\"og:site_name\" content=\"Italcamara\" \/>\n<meta property=\"article:published_time\" content=\"2016-11-07T15:18:58+00:00\" \/>\n<meta property=\"article:modified_time\" content=\"2025-03-31T22:28:27+00:00\" \/>\n<meta property=\"og:image\" content=\"https:\/\/italcamara-es.com\/wp-content\/uploads\/2025\/03\/PLVT250-1.jpg\" \/>\n\t<meta property=\"og:image:width\" content=\"250\" \/>\n\t<meta property=\"og:image:height\" content=\"118\" \/>\n\t<meta property=\"og:image:type\" content=\"image\/jpeg\" \/>\n<meta name=\"author\" content=\"administrador\" \/>\n<meta name=\"twitter:card\" content=\"summary_large_image\" \/>\n<meta name=\"twitter:label1\" content=\"Scritto da\" \/>\n\t<meta name=\"twitter:data1\" content=\"administrador\" \/>\n\t<meta name=\"twitter:label2\" content=\"Tempo di lettura stimato\" \/>\n\t<meta name=\"twitter:data2\" content=\"1 minuto\" \/>\n<script type=\"application\/ld+json\" class=\"yoast-schema-graph\">{\"@context\":\"https:\\\/\\\/schema.org\",\"@graph\":[{\"@type\":\"Article\",\"@id\":\"https:\\\/\\\/italcamara-es.com\\\/it\\\/eu-desk\\\/progetto-plvt-utilizzo-dei-prodotti-tipici-locali-come-strumento-per-la-valorizzazione-del-territorio-2\\\/#article\",\"isPartOf\":{\"@id\":\"https:\\\/\\\/italcamara-es.com\\\/it\\\/eu-desk\\\/progetto-plvt-utilizzo-dei-prodotti-tipici-locali-come-strumento-per-la-valorizzazione-del-territorio-2\\\/\"},\"author\":{\"name\":\"administrador\",\"@id\":\"https:\\\/\\\/italcamara-es.com\\\/#\\\/schema\\\/person\\\/bb3c56263e405bbd9a15171dcfee93bb\"},\"headline\":\"Progetto PLVT &#8211; Utilizzo dei prodotti tipici locali come strumento per la valorizzazione del territorio\",\"datePublished\":\"2016-11-07T15:18:58+00:00\",\"dateModified\":\"2025-03-31T22:28:27+00:00\",\"mainEntityOfPage\":{\"@id\":\"https:\\\/\\\/italcamara-es.com\\\/it\\\/eu-desk\\\/progetto-plvt-utilizzo-dei-prodotti-tipici-locali-come-strumento-per-la-valorizzazione-del-territorio-2\\\/\"},\"wordCount\":234,\"commentCount\":0,\"image\":{\"@id\":\"https:\\\/\\\/italcamara-es.com\\\/it\\\/eu-desk\\\/progetto-plvt-utilizzo-dei-prodotti-tipici-locali-come-strumento-per-la-valorizzazione-del-territorio-2\\\/#primaryimage\"},\"thumbnailUrl\":\"https:\\\/\\\/italcamara-es.com\\\/wp-content\\\/uploads\\\/2025\\\/03\\\/PLVT250-1.jpg\",\"articleSection\":[\"EU DESK\",\"Progetti\"],\"inLanguage\":\"it-IT\",\"potentialAction\":[{\"@type\":\"CommentAction\",\"name\":\"Comment\",\"target\":[\"https:\\\/\\\/italcamara-es.com\\\/it\\\/eu-desk\\\/progetto-plvt-utilizzo-dei-prodotti-tipici-locali-come-strumento-per-la-valorizzazione-del-territorio-2\\\/#respond\"]}]},{\"@type\":\"WebPage\",\"@id\":\"https:\\\/\\\/italcamara-es.com\\\/it\\\/eu-desk\\\/progetto-plvt-utilizzo-dei-prodotti-tipici-locali-come-strumento-per-la-valorizzazione-del-territorio-2\\\/\",\"url\":\"https:\\\/\\\/italcamara-es.com\\\/it\\\/eu-desk\\\/progetto-plvt-utilizzo-dei-prodotti-tipici-locali-come-strumento-per-la-valorizzazione-del-territorio-2\\\/\",\"name\":\"Progetto PLVT - Utilizzo dei prodotti tipici locali come strumento per la valorizzazione del territorio - Italcamara\",\"isPartOf\":{\"@id\":\"https:\\\/\\\/italcamara-es.com\\\/#website\"},\"primaryImageOfPage\":{\"@id\":\"https:\\\/\\\/italcamara-es.com\\\/it\\\/eu-desk\\\/progetto-plvt-utilizzo-dei-prodotti-tipici-locali-come-strumento-per-la-valorizzazione-del-territorio-2\\\/#primaryimage\"},\"image\":{\"@id\":\"https:\\\/\\\/italcamara-es.com\\\/it\\\/eu-desk\\\/progetto-plvt-utilizzo-dei-prodotti-tipici-locali-come-strumento-per-la-valorizzazione-del-territorio-2\\\/#primaryimage\"},\"thumbnailUrl\":\"https:\\\/\\\/italcamara-es.com\\\/wp-content\\\/uploads\\\/2025\\\/03\\\/PLVT250-1.jpg\",\"datePublished\":\"2016-11-07T15:18:58+00:00\",\"dateModified\":\"2025-03-31T22:28:27+00:00\",\"author\":{\"@id\":\"https:\\\/\\\/italcamara-es.com\\\/#\\\/schema\\\/person\\\/bb3c56263e405bbd9a15171dcfee93bb\"},\"breadcrumb\":{\"@id\":\"https:\\\/\\\/italcamara-es.com\\\/it\\\/eu-desk\\\/progetto-plvt-utilizzo-dei-prodotti-tipici-locali-come-strumento-per-la-valorizzazione-del-territorio-2\\\/#breadcrumb\"},\"inLanguage\":\"it-IT\",\"potentialAction\":[{\"@type\":\"ReadAction\",\"target\":[\"https:\\\/\\\/italcamara-es.com\\\/it\\\/eu-desk\\\/progetto-plvt-utilizzo-dei-prodotti-tipici-locali-come-strumento-per-la-valorizzazione-del-territorio-2\\\/\"]}]},{\"@type\":\"ImageObject\",\"inLanguage\":\"it-IT\",\"@id\":\"https:\\\/\\\/italcamara-es.com\\\/it\\\/eu-desk\\\/progetto-plvt-utilizzo-dei-prodotti-tipici-locali-come-strumento-per-la-valorizzazione-del-territorio-2\\\/#primaryimage\",\"url\":\"https:\\\/\\\/italcamara-es.com\\\/wp-content\\\/uploads\\\/2025\\\/03\\\/PLVT250-1.jpg\",\"contentUrl\":\"https:\\\/\\\/italcamara-es.com\\\/wp-content\\\/uploads\\\/2025\\\/03\\\/PLVT250-1.jpg\",\"width\":250,\"height\":118},{\"@type\":\"BreadcrumbList\",\"@id\":\"https:\\\/\\\/italcamara-es.com\\\/it\\\/eu-desk\\\/progetto-plvt-utilizzo-dei-prodotti-tipici-locali-come-strumento-per-la-valorizzazione-del-territorio-2\\\/#breadcrumb\",\"itemListElement\":[{\"@type\":\"ListItem\",\"position\":1,\"name\":\"Inicio\",\"item\":\"https:\\\/\\\/italcamara-es.com\\\/it\\\/homepage-ita\\\/\"},{\"@type\":\"ListItem\",\"position\":2,\"name\":\"Progetto PLVT &#8211; Utilizzo dei prodotti tipici locali come strumento per la valorizzazione del territorio\"}]},{\"@type\":\"WebSite\",\"@id\":\"https:\\\/\\\/italcamara-es.com\\\/#website\",\"url\":\"https:\\\/\\\/italcamara-es.com\\\/\",\"name\":\"Italcamara\",\"description\":\"\",\"potentialAction\":[{\"@type\":\"SearchAction\",\"target\":{\"@type\":\"EntryPoint\",\"urlTemplate\":\"https:\\\/\\\/italcamara-es.com\\\/?s={search_term_string}\"},\"query-input\":{\"@type\":\"PropertyValueSpecification\",\"valueRequired\":true,\"valueName\":\"search_term_string\"}}],\"inLanguage\":\"it-IT\"},{\"@type\":\"Person\",\"@id\":\"https:\\\/\\\/italcamara-es.com\\\/#\\\/schema\\\/person\\\/bb3c56263e405bbd9a15171dcfee93bb\",\"name\":\"administrador\",\"image\":{\"@type\":\"ImageObject\",\"inLanguage\":\"it-IT\",\"@id\":\"https:\\\/\\\/secure.gravatar.com\\\/avatar\\\/14b5e63db38320b12031bb28cf9f77e210aa71fb3a8a3602a3c9a05134fa75eb?s=96&d=mm&r=g\",\"url\":\"https:\\\/\\\/secure.gravatar.com\\\/avatar\\\/14b5e63db38320b12031bb28cf9f77e210aa71fb3a8a3602a3c9a05134fa75eb?s=96&d=mm&r=g\",\"contentUrl\":\"https:\\\/\\\/secure.gravatar.com\\\/avatar\\\/14b5e63db38320b12031bb28cf9f77e210aa71fb3a8a3602a3c9a05134fa75eb?s=96&d=mm&r=g\",\"caption\":\"administrador\"},\"sameAs\":[\"http:\\\/\\\/pre.italcamara-es.com\"],\"url\":\"https:\\\/\\\/italcamara-es.com\\\/it\\\/author\\\/administrador\\\/\"}]}<\/script>\n<!-- \/ Yoast SEO plugin. -->","yoast_head_json":{"title":"Progetto PLVT - Utilizzo dei prodotti tipici locali come strumento per la valorizzazione del territorio - Italcamara","robots":{"index":"index","follow":"follow","max-snippet":"max-snippet:-1","max-image-preview":"max-image-preview:large","max-video-preview":"max-video-preview:-1"},"canonical":"https:\/\/italcamara-es.com\/it\/eu-desk\/progetto-plvt-utilizzo-dei-prodotti-tipici-locali-come-strumento-per-la-valorizzazione-del-territorio-2\/","og_locale":"it_IT","og_type":"article","og_title":"Progetto PLVT - Utilizzo dei prodotti tipici locali come strumento per la valorizzazione del territorio - Italcamara","og_description":"Progetto selezionato nel bando straordinario di mobilit\u00e0 KA1VET dell\u2019Agenzia Spagnola SEPIE. Lo scopo di questo progetto \u00e8 quello di fornire ai partecipanti (29 docenti di scuole professionali del settore alberghiero e turistico in Spagna) le conoscenze necessarie per trasmettere ai propri alunni nozioni relative all\u2019utlizzazione dei prodotti tipici locali come strumenti per la valorizzazione del [&hellip;]","og_url":"https:\/\/italcamara-es.com\/it\/eu-desk\/progetto-plvt-utilizzo-dei-prodotti-tipici-locali-come-strumento-per-la-valorizzazione-del-territorio-2\/","og_site_name":"Italcamara","article_published_time":"2016-11-07T15:18:58+00:00","article_modified_time":"2025-03-31T22:28:27+00:00","og_image":[{"width":250,"height":118,"url":"https:\/\/italcamara-es.com\/wp-content\/uploads\/2025\/03\/PLVT250-1.jpg","type":"image\/jpeg"}],"author":"administrador","twitter_card":"summary_large_image","twitter_misc":{"Scritto da":"administrador","Tempo di lettura stimato":"1 minuto"},"schema":{"@context":"https:\/\/schema.org","@graph":[{"@type":"Article","@id":"https:\/\/italcamara-es.com\/it\/eu-desk\/progetto-plvt-utilizzo-dei-prodotti-tipici-locali-come-strumento-per-la-valorizzazione-del-territorio-2\/#article","isPartOf":{"@id":"https:\/\/italcamara-es.com\/it\/eu-desk\/progetto-plvt-utilizzo-dei-prodotti-tipici-locali-come-strumento-per-la-valorizzazione-del-territorio-2\/"},"author":{"name":"administrador","@id":"https:\/\/italcamara-es.com\/#\/schema\/person\/bb3c56263e405bbd9a15171dcfee93bb"},"headline":"Progetto PLVT &#8211; Utilizzo dei prodotti tipici locali come strumento per la valorizzazione del territorio","datePublished":"2016-11-07T15:18:58+00:00","dateModified":"2025-03-31T22:28:27+00:00","mainEntityOfPage":{"@id":"https:\/\/italcamara-es.com\/it\/eu-desk\/progetto-plvt-utilizzo-dei-prodotti-tipici-locali-come-strumento-per-la-valorizzazione-del-territorio-2\/"},"wordCount":234,"commentCount":0,"image":{"@id":"https:\/\/italcamara-es.com\/it\/eu-desk\/progetto-plvt-utilizzo-dei-prodotti-tipici-locali-come-strumento-per-la-valorizzazione-del-territorio-2\/#primaryimage"},"thumbnailUrl":"https:\/\/italcamara-es.com\/wp-content\/uploads\/2025\/03\/PLVT250-1.jpg","articleSection":["EU DESK","Progetti"],"inLanguage":"it-IT","potentialAction":[{"@type":"CommentAction","name":"Comment","target":["https:\/\/italcamara-es.com\/it\/eu-desk\/progetto-plvt-utilizzo-dei-prodotti-tipici-locali-come-strumento-per-la-valorizzazione-del-territorio-2\/#respond"]}]},{"@type":"WebPage","@id":"https:\/\/italcamara-es.com\/it\/eu-desk\/progetto-plvt-utilizzo-dei-prodotti-tipici-locali-come-strumento-per-la-valorizzazione-del-territorio-2\/","url":"https:\/\/italcamara-es.com\/it\/eu-desk\/progetto-plvt-utilizzo-dei-prodotti-tipici-locali-come-strumento-per-la-valorizzazione-del-territorio-2\/","name":"Progetto PLVT - Utilizzo dei prodotti tipici locali come strumento per la valorizzazione del territorio - Italcamara","isPartOf":{"@id":"https:\/\/italcamara-es.com\/#website"},"primaryImageOfPage":{"@id":"https:\/\/italcamara-es.com\/it\/eu-desk\/progetto-plvt-utilizzo-dei-prodotti-tipici-locali-come-strumento-per-la-valorizzazione-del-territorio-2\/#primaryimage"},"image":{"@id":"https:\/\/italcamara-es.com\/it\/eu-desk\/progetto-plvt-utilizzo-dei-prodotti-tipici-locali-come-strumento-per-la-valorizzazione-del-territorio-2\/#primaryimage"},"thumbnailUrl":"https:\/\/italcamara-es.com\/wp-content\/uploads\/2025\/03\/PLVT250-1.jpg","datePublished":"2016-11-07T15:18:58+00:00","dateModified":"2025-03-31T22:28:27+00:00","author":{"@id":"https:\/\/italcamara-es.com\/#\/schema\/person\/bb3c56263e405bbd9a15171dcfee93bb"},"breadcrumb":{"@id":"https:\/\/italcamara-es.com\/it\/eu-desk\/progetto-plvt-utilizzo-dei-prodotti-tipici-locali-come-strumento-per-la-valorizzazione-del-territorio-2\/#breadcrumb"},"inLanguage":"it-IT","potentialAction":[{"@type":"ReadAction","target":["https:\/\/italcamara-es.com\/it\/eu-desk\/progetto-plvt-utilizzo-dei-prodotti-tipici-locali-come-strumento-per-la-valorizzazione-del-territorio-2\/"]}]},{"@type":"ImageObject","inLanguage":"it-IT","@id":"https:\/\/italcamara-es.com\/it\/eu-desk\/progetto-plvt-utilizzo-dei-prodotti-tipici-locali-come-strumento-per-la-valorizzazione-del-territorio-2\/#primaryimage","url":"https:\/\/italcamara-es.com\/wp-content\/uploads\/2025\/03\/PLVT250-1.jpg","contentUrl":"https:\/\/italcamara-es.com\/wp-content\/uploads\/2025\/03\/PLVT250-1.jpg","width":250,"height":118},{"@type":"BreadcrumbList","@id":"https:\/\/italcamara-es.com\/it\/eu-desk\/progetto-plvt-utilizzo-dei-prodotti-tipici-locali-come-strumento-per-la-valorizzazione-del-territorio-2\/#breadcrumb","itemListElement":[{"@type":"ListItem","position":1,"name":"Inicio","item":"https:\/\/italcamara-es.com\/it\/homepage-ita\/"},{"@type":"ListItem","position":2,"name":"Progetto PLVT &#8211; Utilizzo dei prodotti tipici locali come strumento per la valorizzazione del territorio"}]},{"@type":"WebSite","@id":"https:\/\/italcamara-es.com\/#website","url":"https:\/\/italcamara-es.com\/","name":"Italcamara","description":"","potentialAction":[{"@type":"SearchAction","target":{"@type":"EntryPoint","urlTemplate":"https:\/\/italcamara-es.com\/?s={search_term_string}"},"query-input":{"@type":"PropertyValueSpecification","valueRequired":true,"valueName":"search_term_string"}}],"inLanguage":"it-IT"},{"@type":"Person","@id":"https:\/\/italcamara-es.com\/#\/schema\/person\/bb3c56263e405bbd9a15171dcfee93bb","name":"administrador","image":{"@type":"ImageObject","inLanguage":"it-IT","@id":"https:\/\/secure.gravatar.com\/avatar\/14b5e63db38320b12031bb28cf9f77e210aa71fb3a8a3602a3c9a05134fa75eb?s=96&d=mm&r=g","url":"https:\/\/secure.gravatar.com\/avatar\/14b5e63db38320b12031bb28cf9f77e210aa71fb3a8a3602a3c9a05134fa75eb?s=96&d=mm&r=g","contentUrl":"https:\/\/secure.gravatar.com\/avatar\/14b5e63db38320b12031bb28cf9f77e210aa71fb3a8a3602a3c9a05134fa75eb?s=96&d=mm&r=g","caption":"administrador"},"sameAs":["http:\/\/pre.italcamara-es.com"],"url":"https:\/\/italcamara-es.com\/it\/author\/administrador\/"}]}},"rttpg_featured_image_url":{"full":["https:\/\/italcamara-es.com\/wp-content\/uploads\/2025\/03\/PLVT250-1.jpg",250,118,false],"landscape":["https:\/\/italcamara-es.com\/wp-content\/uploads\/2025\/03\/PLVT250-1.jpg",250,118,false],"portraits":["https:\/\/italcamara-es.com\/wp-content\/uploads\/2025\/03\/PLVT250-1.jpg",250,118,false],"thumbnail":["https:\/\/italcamara-es.com\/wp-content\/uploads\/2025\/03\/PLVT250-1-150x118.jpg",150,118,true],"medium":["https:\/\/italcamara-es.com\/wp-content\/uploads\/2025\/03\/PLVT250-1.jpg",250,118,false],"large":["https:\/\/italcamara-es.com\/wp-content\/uploads\/2025\/03\/PLVT250-1.jpg",250,118,false],"1536x1536":["https:\/\/italcamara-es.com\/wp-content\/uploads\/2025\/03\/PLVT250-1.jpg",250,118,false],"2048x2048":["https:\/\/italcamara-es.com\/wp-content\/uploads\/2025\/03\/PLVT250-1.jpg",250,118,false],"ocean-thumb-m":["https:\/\/italcamara-es.com\/wp-content\/uploads\/2025\/03\/PLVT250-1.jpg",250,118,false],"ocean-thumb-ml":["https:\/\/italcamara-es.com\/wp-content\/uploads\/2025\/03\/PLVT250-1.jpg",250,118,false],"ocean-thumb-l":["https:\/\/italcamara-es.com\/wp-content\/uploads\/2025\/03\/PLVT250-1.jpg",250,118,false],"directorist_preview":["https:\/\/italcamara-es.com\/wp-content\/uploads\/2025\/03\/PLVT250-1.jpg",250,118,false]},"rttpg_author":{"display_name":"administrador","author_link":"https:\/\/italcamara-es.com\/it\/author\/administrador\/"},"rttpg_comment":0,"rttpg_category":"<a href=\"https:\/\/italcamara-es.com\/it\/category\/eu-desk\/\" rel=\"category tag\">EU DESK<\/a> <a href=\"https:\/\/italcamara-es.com\/it\/category\/progetti\/\" rel=\"category tag\">Progetti<\/a>","rttpg_excerpt":"Progetto selezionato nel bando straordinario di mobilit\u00e0 KA1VET dell\u2019Agenzia Spagnola SEPIE. Lo scopo di questo progetto \u00e8 quello di fornire ai partecipanti (29 docenti di scuole professionali del settore alberghiero e turistico in Spagna) le conoscenze necessarie per trasmettere ai propri alunni nozioni relative all\u2019utlizzazione dei prodotti tipici locali come strumenti per la valorizzazione del&hellip;","_links":{"self":[{"href":"https:\/\/italcamara-es.com\/it\/wp-json\/wp\/v2\/posts\/57330","targetHints":{"allow":["GET"]}}],"collection":[{"href":"https:\/\/italcamara-es.com\/it\/wp-json\/wp\/v2\/posts"}],"about":[{"href":"https:\/\/italcamara-es.com\/it\/wp-json\/wp\/v2\/types\/post"}],"author":[{"embeddable":true,"href":"https:\/\/italcamara-es.com\/it\/wp-json\/wp\/v2\/users\/1"}],"replies":[{"embeddable":true,"href":"https:\/\/italcamara-es.com\/it\/wp-json\/wp\/v2\/comments?post=57330"}],"version-history":[{"count":1,"href":"https:\/\/italcamara-es.com\/it\/wp-json\/wp\/v2\/posts\/57330\/revisions"}],"predecessor-version":[{"id":57371,"href":"https:\/\/italcamara-es.com\/it\/wp-json\/wp\/v2\/posts\/57330\/revisions\/57371"}],"wp:featuredmedia":[{"embeddable":true,"href":"https:\/\/italcamara-es.com\/it\/wp-json\/wp\/v2\/media\/55360"}],"wp:attachment":[{"href":"https:\/\/italcamara-es.com\/it\/wp-json\/wp\/v2\/media?parent=57330"}],"wp:term":[{"taxonomy":"category","embeddable":true,"href":"https:\/\/italcamara-es.com\/it\/wp-json\/wp\/v2\/categories?post=57330"},{"taxonomy":"post_tag","embeddable":true,"href":"https:\/\/italcamara-es.com\/it\/wp-json\/wp\/v2\/tags?post=57330"}],"curies":[{"name":"wp","href":"https:\/\/api.w.org\/{rel}","templated":true}]}}