	{"id":57333,"date":"2017-04-26T09:03:49","date_gmt":"2017-04-26T07:03:49","guid":{"rendered":"http:\/\/pre.italcamara-es.com\/senza-categoria\/spainergy-2\/"},"modified":"2025-04-01T00:28:07","modified_gmt":"2025-03-31T22:28:07","slug":"spainergy-2","status":"publish","type":"post","link":"https:\/\/italcamara-es.com\/it\/eu-desk\/spainergy-2\/","title":{"rendered":"SPAINERGY"},"content":{"rendered":"<p>Cofinanziato dalla Commissione Europea nell&#8217;ambito del programma Erasmus+, il progetto SPAINERGY&nbsp;mira a promuovere l&#8217;occupazione giovanile nel settore della &#8220;green economy&#8221;.<\/p>\n<p>In particolare,&nbsp;<strong>SPAINERGY<\/strong>&nbsp;dar\u00e0 la possibilit\u00e0 ai giovani studenti spagnoli selezionati di acquisire importanti competenze professionali, attraverso la realizzazione di stage di tre mesi in aziende attive in settori relazionati all&#8217;economia verde&nbsp; all&#8217;efficienza energetica (energie rinnovabili, riciclaggio, manutenzione, ecc.) e con sede in uno dei seguenti paesi europei: Portogallo, Italia, Danimarca, Germania e Bulgaria.<\/p>\n<p><!--more--><\/p>\n<p>La durata totale del progetto \u00e8 di 24 mesi (finalizza a giugno 2018). Si gestiranno un totale di 63 mobilit\u00e0.<\/p>\n<p>Il primo flusso di mobilit\u00e0 si svolger\u00e0 tra marzo e giogno 2017 (31 studenti). Il secondo nello stesso periodo del 2018 (32 studenti)<\/p>\n<p>&nbsp;<\/p>\n<p><strong>Coordinatore del progetto: <\/strong><\/p>\n<p>Camera di Commercio e Industria Italiana per la Spagna<\/p>\n<p>&nbsp;<\/p>\n<p><strong>Organizzazioni Intermediarie:<\/strong><em><strong>&nbsp;<\/strong><\/em><\/p>\n<p>Camera di Commercio Italiana per il Portogallo (Lisbona &#8211; Portogallo);&nbsp;Egina &#8211; European Grants International Accademy&nbsp;(Foligno- Italia); &nbsp;Cooperativa Sociale Kara Bobowski&nbsp;(Modigliana &#8211; Italia);&nbsp;&nbsp;Camera di Commercio Italiana per la Danimarca&nbsp;(Aarhus &#8211; Danimarca);&nbsp;Berlink ENT GmbH (Berlino &#8211; Germania);&nbsp;Camera di Commercio Italiana per la Bulgaria (Sofia &#8211; Bulgaria).<\/p>\n<p>&nbsp;<\/p>\n<p><strong>Istituti partecipanti:<\/strong><\/p>\n<p>IES Juan XXIII Madrid (Alcorc\u00f3n);&nbsp;IES Tirant o Blanc Elche (Alicante);&nbsp;IES Juan Bosco Alc\u00e1zar de San Juan (Ciudad Real);&nbsp;IES Arabista Ribera Carcaixent (Valencia);&nbsp;CIPFP Blasco Iba\u00f1es Valencia;&nbsp;IES Sanje Alcantarilla (Murcia); IES La Marxadela Torrent (Valencia).<\/p>\n<p>&nbsp;<\/p>\n<p><strong>V\u00eddeo final del proyecto:<br>\n<iframe src=\"https:\/\/www.youtube.com\/embed\/bysG2DVXc7g\" width=\"560\" height=\"315\" frameborder=\"0\" allowfullscreen=\"allowfullscreen\"><\/iframe><br>\n<\/strong><\/p>\n<p>&nbsp;<\/p>\n<p><strong>Documenti:<\/strong><\/p>\n<p><span style=\"color: #003366;\"><strong><a style=\"color: #003366;\" href=\"https:\/\/www.italcamara-es.com\/wp-content\/uploads\/2017\/04\/Informes-Alumnos-Spainergy-31.10.20182.pdf\" target=\"_blank\" rel=\"noopener\">Rapporto alunni<\/a><\/strong><\/span><\/p>\n<p>&nbsp;<\/p>\n<p><span style=\"color: #003366;\"><strong><a style=\"color: #003366;\" href=\"https:\/\/www.italcamara-es.com\/wp-content\/uploads\/2017\/04\/folleto-Spainergy.pdf\" target=\"_blank\" rel=\"noopener\">Brochure del progetto<\/a><\/strong><\/span><\/p>\n<p>&nbsp;<\/p>\n<p><span style=\"color: #ff0000;\"><strong>SECONDO BANDO STRAORDINARIO:<\/strong><\/span><\/p>\n<p><i>Periodo di invio delle candidature<\/i>: dal&nbsp;10-4-2018 al 28-4-2018<\/p>\n<p><em>Destinazioni<\/em>: Portogallo: 4 mobilit\u00e0; Bulgaria: 2<\/p>\n<p><em>Bando per gli instituti (cliccare sul link corrispondente):&nbsp;<\/em><\/p>\n<ul>\n<li><span style=\"color: #003366;\"><a style=\"color: #003366;\" href=\"https:\/\/www.italcamara-es.com\/wp-content\/uploads\/2017\/04\/convocatoria-junio-blasco-iba\u00f1ez.pdf\" target=\"_blank\" rel=\"noopener\">CIPFP Blasco Iba\u00f1ex<\/a><\/span><\/li>\n<li><span style=\"color: #003366;\"><a style=\"color: #003366;\" href=\"https:\/\/www.italcamara-es.com\/wp-content\/uploads\/2017\/04\/ies-arabista-convocatoria-junio-2018.pdf\" target=\"_blank\" rel=\"noopener\">IES Arabista Ribera<\/a><\/span><\/li>\n<li><span style=\"color: #003366;\"><a style=\"color: #003366;\" href=\"https:\/\/www.italcamara-es.com\/wp-content\/uploads\/2017\/04\/convocatoria-ies-juan-bosco-junio-2018.pdf\" target=\"_blank\" rel=\"noopener\">IES Juan Bosco<\/a><\/span><\/li>\n<li><span style=\"color: #003366;\"><a style=\"color: #003366;\" href=\"https:\/\/www.italcamara-es.com\/wp-content\/uploads\/2017\/04\/convocatoria-juan-xxiii-junio-2018.pdf\" target=\"_blank\" rel=\"noopener\">IES Juan XXIII<\/a><\/span><\/li>\n<li><span style=\"color: #003366;\"><a style=\"color: #003366;\" href=\"https:\/\/www.italcamara-es.com\/wp-content\/uploads\/2017\/04\/convocatoria-junio-2018-la-marxadella.pdf\" target=\"_blank\" rel=\"noopener\">IES la Marxadela<\/a><\/span><\/li>\n<li><span style=\"color: #003366;\"><a style=\"color: #003366;\" href=\"https:\/\/www.italcamara-es.com\/wp-content\/uploads\/2017\/04\/convocatoria-junio-2018-ies-sanje.pdf\" target=\"_blank\" rel=\"noopener\">IES Sanje<\/a><\/span><\/li>\n<li><span style=\"color: #003366;\"><a style=\"color: #003366;\" href=\"https:\/\/www.italcamara-es.com\/wp-content\/uploads\/2017\/04\/convocatoria-tirant-junio-2018.pdf\" target=\"_blank\" rel=\"noopener\">IES Tirant o Blanc<\/a><\/span><\/li>\n<\/ul>\n<p>&nbsp;<\/p>\n<p><em>Risultati:<\/em><\/p>\n<ul>\n<li><span style=\"color: #003366;\"><a style=\"color: #003366;\" href=\"https:\/\/www.italcamara-es.com\/wp-content\/uploads\/2017\/04\/RESULTADOS-CONVOCATORIA-SPAINERGY-junio-2018.pdf\" target=\"_blank\" rel=\"noopener\">Risultati del bando<\/a><\/span><\/li>\n<li><span style=\"color: #003366;\"><a style=\"color: #003366;\" href=\"https:\/\/www.italcamara-es.com\/wp-content\/uploads\/2017\/04\/Formulario-aceptaci\u00f3n-participante-SPAINERGY2.pdf\" target=\"_blank\" rel=\"noopener\">Formulario di accettazione<\/a><\/span><\/li>\n<\/ul>\n<p>&nbsp;<\/p>\n<p><span style=\"color: #ff0000;\"><strong>SECONDO BANDO:<\/strong><\/span><\/p>\n<p><i>Periodo di invio delle candidature<\/i>: dal 6-11-2017 al 29-11-2017<\/p>\n<p><em>Destinazioni<\/em>: Italia:&nbsp;11 mobilit\u00e0; Portogallo: 12; Bulgaria: 4<\/p>\n<p><em>Bando per gli instituti (cliccare sul link corrispondente):&nbsp;<\/em><\/p>\n<ul>\n<li><span style=\"color: #003366;\"><a style=\"color: #003366;\" href=\"https:\/\/www.italcamara-es.com\/wp-content\/uploads\/2017\/04\/Convocatoria-Spainergy-CIFP-Blasco-Iba\u00f1ez.pdf\" target=\"_blank\" rel=\"noopener\">CIPFP Blasco Iba\u00f1e<\/a>z<\/span><\/li>\n<li><span style=\"color: #003366;\"><a style=\"color: #003366;\" href=\"https:\/\/www.italcamara-es.com\/wp-content\/uploads\/2017\/04\/Convocatoria-Spainergy-IES-Arabista-Ribera.pdf\" target=\"_blank\" rel=\"noopener\">IES Arabista Ribera<\/a><\/span><\/li>\n<li><span style=\"color: #003366;\"><a style=\"color: #003366;\" href=\"https:\/\/www.italcamara-es.com\/wp-content\/uploads\/2017\/04\/Convocatoria-Spainergy-IES-Juan-Bosco.pdf\" target=\"_blank\" rel=\"noopener\">IES Juan Bosco<\/a><\/span><\/li>\n<li><span style=\"color: #003366;\"><a style=\"color: #003366;\" href=\"https:\/\/www.italcamara-es.com\/wp-content\/uploads\/2017\/04\/Convocatoria-Spainergy-IES-Juan-XXIII.pdf\" target=\"_blank\" rel=\"noopener\">IES Juan XXIII<\/a><\/span><\/li>\n<li><span style=\"color: #003366;\"><a style=\"color: #003366;\" href=\"https:\/\/www.italcamara-es.com\/wp-content\/uploads\/2017\/04\/convocatoria-spainergy-ies-la-marxadella.pdf\" target=\"_blank\" rel=\"noopener\">IES la Marxadela<\/a><\/span><\/li>\n<li><span style=\"color: #003366;\"><a style=\"color: #003366;\" href=\"https:\/\/www.italcamara-es.com\/wp-content\/uploads\/2017\/04\/Convocatoria-Spainergy-IES-Sanje.pdf\" target=\"_blank\" rel=\"noopener\">IES Sanje<\/a><\/span><\/li>\n<li><span style=\"color: #003366;\"><a style=\"color: #003366;\" href=\"https:\/\/www.italcamara-es.com\/wp-content\/uploads\/2017\/04\/Convocatoria-Spainergy-Tirant-o-Blanc.pdf\" target=\"_blank\" rel=\"noopener\">IES Tirant o Blanc<\/a><\/span><\/li>\n<\/ul>\n<p>&nbsp;<\/p>\n<p><em>Risultati<\/em>:<\/p>\n<ul>\n<li><span style=\"color: #003366;\"><a style=\"color: #003366;\" href=\"https:\/\/www.italcamara-es.com\/wp-content\/uploads\/2017\/04\/RESULTADOS-CONVOCATORIA-SPAINERGY-flujo-20183.pdf\" target=\"_blank\" rel=\"noopener\">Risultati del bando<\/a><\/span><\/li>\n<li><span style=\"color: #003366;\"><a style=\"color: #003366;\" href=\"https:\/\/www.italcamara-es.com\/wp-content\/uploads\/2017\/04\/RESULTADOS-CONVOCATORIA-SPAINERGY-blasco-iba\u00f1ez-flujo-2018.pdf\" target=\"_blank\" rel=\"noopener\">Risultati CIPFP Clasco Iba\u00f1es<\/a><\/span><\/li>\n<li><span style=\"color: #003366;\"><a style=\"color: #003366;\" href=\"https:\/\/www.italcamara-es.com\/wp-content\/uploads\/2017\/04\/Formulario-aceptaci\u00f3n-participante-SPAINERGY1.pdf\" target=\"_blank\" rel=\"noopener\">Formulario di accettazione<\/a><\/span><\/li>\n<\/ul>\n<p>&nbsp;<\/p>\n<p><span style=\"color: #ff0000;\"><strong>BANDO STRAORDINARIO:<\/strong><\/span><\/p>\n<p><i>Periodo di invio delle candidature<\/i>:<\/p>\n<p>&#8211; dall&#8217;1\/05\/2017 fino al&nbsp;10\/06\/2017 per i candidati interessati ad inziare il mese di luglio;<br>\n&#8211; dall&#8217;1\/05\/2017 fino al&nbsp;30\/06\/2017 per i candidati interessati ad iniziare il mese di settembre.<\/p>\n<p><em>Destinazioni<\/em>: Italia: 6 mobilit\u00e0; Portogallo: 6; Bulgaria: 4<\/p>\n<p><em>Bando per gli instituti (cliccare sul link corrispondente):&nbsp;<\/em><\/p>\n<ul>\n<li><span style=\"color: #003366;\"><a style=\"color: #003366;\" href=\"https:\/\/www.italcamara-es.com\/wp-content\/uploads\/2016\/11\/Erasmus-SPAINERGY-Convocatoria-Flujo1-CIPFP-Blasco-Iba\u00f1es.pdf\" target=\"_blank\" rel=\"noopener\">CIPFP Blasco Iba\u00f1ez<\/a><\/span><\/li>\n<li><span style=\"color: #003366;\"><a style=\"color: #003366;\" href=\"https:\/\/www.italcamara-es.com\/wp-content\/uploads\/2016\/11\/Erasmus-SPAINERGY-Convocatoria-Flujo1-IES-Arabista-Ribera.pdf\" target=\"_blank\" rel=\"noopener\">IES Arabista Ribera<\/a><\/span><\/li>\n<li><span style=\"color: #003366;\"><a style=\"color: #003366;\" href=\"https:\/\/www.italcamara-es.com\/wp-content\/uploads\/2016\/11\/Erasmus-SPAINERGY-Convocatoria-Flujo1-IES-Juan-Bosco.pdf\" target=\"_blank\" rel=\"noopener\">IES Juan Bosco<\/a><\/span><\/li>\n<li><span style=\"color: #003366;\"><a style=\"color: #003366;\" href=\"https:\/\/www.italcamara-es.com\/wp-content\/uploads\/2016\/11\/Erasmus-SPAINERGY-Convocatoria-Flujo1-IES-Juan-XXIII.pdf\" target=\"_blank\" rel=\"noopener\">IES Juan XXIII<\/a><\/span><\/li>\n<li><span style=\"color: #003366;\"><a style=\"color: #003366;\" href=\"https:\/\/www.italcamara-es.com\/wp-content\/uploads\/2016\/11\/Erasmus-SPAINERGY-Convocatoria-Flujo1-IES-La-Marxadela.pdf\" target=\"_blank\" rel=\"noopener\">IES la Marxadela<\/a><\/span><\/li>\n<li><span style=\"color: #003366;\"><a style=\"color: #003366;\" href=\"https:\/\/www.italcamara-es.com\/wp-content\/uploads\/2016\/11\/Erasmus-SPAINERGY-Convocatoria-Flujo1-IES-Sanje.pdf\" target=\"_blank\" rel=\"noopener\">IES Sanje<\/a><\/span><\/li>\n<li><span style=\"color: #003366;\"><a style=\"color: #003366;\" href=\"https:\/\/www.italcamara-es.com\/wp-content\/uploads\/2016\/11\/Erasmus-SPAINERGY-Convocatoria-Flujo1-IES-Tirant-o-Blanc.pdf\" target=\"_blank\" rel=\"noopener\">IES Tirant o Blanc<\/a><\/span><\/li>\n<\/ul>\n<p>&nbsp;<\/p>\n<p><span style=\"color: #003366;\"><strong><span style=\"text-decoration: underline;\"><a style=\"color: #003366; text-decoration: underline;\" href=\"https:\/\/www.italcamara-es.com\/wp-content\/uploads\/2017\/04\/Erasmus-SPAINERGY-Convocatoria-Flujo-Extra2.pdf\" target=\"_blank\" rel=\"noopener\">Bando straordinario<\/a><\/span><\/strong><\/span><\/p>\n<p><em>Risultati:<\/em><\/p>\n<ul>\n<li><span style=\"color: #003366;\"><a style=\"color: #003366;\" href=\"https:\/\/www.italcamara-es.com\/wp-content\/uploads\/2017\/04\/SPAINERGY-Resultados-convocatoria-flujo-extra.pdf\" target=\"_blank\" rel=\"noopener\">Risultati del bando del flusso di luglio<\/a><\/span><\/li>\n<li><span style=\"color: #003366;\"><a style=\"color: #003366;\" href=\"https:\/\/www.italcamara-es.com\/wp-content\/uploads\/2017\/04\/RESULTADOS-CONVOCATORIA-Septiembre-SPAINERGY.pdf\" target=\"_blank\" rel=\"noopener\">Risultati del bando del flusso di settembre<\/a><\/span><\/li>\n<\/ul>\n<p>&nbsp;<\/p>\n<p><span style=\"color: #ff0000;\"><strong>PRIMO BANDO:<\/strong><\/span><\/p>\n<p><em>Periodo di invio candidature<\/em>: dal 14-11-2016 al 9-12-2016<\/p>\n<p><em>Destinazioni<\/em>: Italia: 14 mobilit\u00e0;&nbsp;Portogallo: 9; Germania: 3;&nbsp;Danimarca: 3;&nbsp;Bulgaria: 2<\/p>\n<p><em>Bandi per istituti (cliccare sul link corrispondente):&nbsp;<\/em><\/p>\n<ul>\n<li><span style=\"color: #003366;\"><a style=\"color: #003366;\" href=\"https:\/\/www.italcamara-es.com\/wp-content\/uploads\/2016\/11\/Erasmus-SPAINERGY-Convocatoria-Flujo1-CIPFP-Blasco-Iba\u00f1es.pdf\" target=\"_blank\" rel=\"noopener\">CIPFP Blasco Iba\u00f1ez<\/a><\/span><\/li>\n<li><span style=\"color: #003366;\"><a style=\"color: #003366;\" href=\"https:\/\/www.italcamara-es.com\/wp-content\/uploads\/2016\/11\/Erasmus-SPAINERGY-Convocatoria-Flujo1-IES-Arabista-Ribera.pdf\" target=\"_blank\" rel=\"noopener\">IES Arabista Ribera<\/a><\/span><\/li>\n<li><span style=\"color: #003366;\"><a style=\"color: #003366;\" href=\"https:\/\/www.italcamara-es.com\/wp-content\/uploads\/2016\/11\/Erasmus-SPAINERGY-Convocatoria-Flujo1-IES-Juan-Bosco.pdf\" target=\"_blank\" rel=\"noopener\">IES Juan Bosco<\/a><\/span><\/li>\n<li><span style=\"color: #003366;\"><a style=\"color: #003366;\" href=\"https:\/\/www.italcamara-es.com\/wp-content\/uploads\/2016\/11\/Erasmus-SPAINERGY-Convocatoria-Flujo1-IES-Juan-XXIII.pdf\" target=\"_blank\" rel=\"noopener\">IES Juan XXIII<\/a><\/span><\/li>\n<li><span style=\"color: #003366;\"><a style=\"color: #003366;\" href=\"https:\/\/www.italcamara-es.com\/wp-content\/uploads\/2016\/11\/Erasmus-SPAINERGY-Convocatoria-Flujo1-IES-La-Marxadela.pdf\" target=\"_blank\" rel=\"noopener\">IES la Marxadela<\/a><\/span><\/li>\n<li><span style=\"color: #003366;\"><a style=\"color: #003366;\" href=\"https:\/\/www.italcamara-es.com\/wp-content\/uploads\/2016\/11\/Erasmus-SPAINERGY-Convocatoria-Flujo1-IES-Sanje.pdf\" target=\"_blank\" rel=\"noopener\">IES Sanje<\/a><\/span><\/li>\n<li><span style=\"color: #003366;\"><a style=\"color: #003366;\" href=\"https:\/\/www.italcamara-es.com\/wp-content\/uploads\/2016\/11\/Erasmus-SPAINERGY-Convocatoria-Flujo1-IES-Tirant-o-Blanc.pdf\" target=\"_blank\" rel=\"noopener\">IES Tirant o Blanc<\/a><\/span><\/li>\n<\/ul>\n<p>&nbsp;<\/p>\n<p><em>Risultati:<\/em><\/p>\n<ul>\n<li><span style=\"color: #003366;\"><a style=\"color: #003366;\" href=\"https:\/\/www.italcamara-es.com\/wp-content\/uploads\/2016\/10\/SPAINERGY-Resultados-selecci\u00f3n-Convocatoria-Flujo-12.pdf\" target=\"_blank\" rel=\"noopener\">Risultati del bando<\/a><\/span><\/li>\n<li><span style=\"color: #003366;\"><a style=\"color: #003366;\" href=\"https:\/\/www.italcamara-es.com\/wp-content\/uploads\/2016\/10\/Formulario-aceptaci\u00f3n-participante-SPAINERGY1.pdf\" target=\"_blank\" rel=\"noopener\">Formulario di accettazione<\/a><\/span><\/li>\n<\/ul>\n<p>&nbsp;<\/p>\n<p>I candidati sono invitati a confermare la propria accettazione della borsa di studio, inviando, entro dieci giorni dalla data di pubblicazione dei risultati, il formulario di accettazione all&#8217;indirizzo email&nbsp;<span style=\"color: #003366;\"><a style=\"color: #003366;\" href=\"http:\/\/infoeudesk@italcamara-es.com\" target=\"_blank\" rel=\"noopener\">infoeudesk<\/a><a style=\"color: #003366;\" href=\"http:\/\/infoeudesk@italcamara-es.com\" target=\"_blank\" rel=\"noopener\">@italcamara-es.com<\/a>.<\/span><\/p>\n<p>&nbsp;<\/p>\n<p><strong>Documenti:<\/strong><\/p>\n<ul>\n<li><span style=\"color: #003366;\"><strong><a style=\"color: #003366;\" href=\"https:\/\/www.italcamara-es.com\/wp-content\/uploads\/2017\/04\/Annex-1-Acuerdo-de-Formaci\u00f3n-ES-EN.pdf\" target=\"_blank\" rel=\"noopener\">Allegato 1 &#8211; Accordo di formazione<\/a><\/strong><\/span><\/li>\n<li><span style=\"color: #003366;\"><strong><a style=\"color: #003366;\" href=\"https:\/\/www.italcamara-es.com\/wp-content\/uploads\/2017\/04\/Annex-1-e-2-Modelo-Conv\u00e9nio-y-Condiciones-Generales.pdf\" target=\"_blank\" rel=\"noopener\">Allegato 2 &#8211;&nbsp;Modello Convenzione e Condizioni Generali<\/a><\/strong><\/span><\/li>\n<li><span style=\"color: #003366;\"><strong><a style=\"color: #003366;\" href=\"https:\/\/www.italcamara-es.com\/wp-content\/uploads\/2017\/04\/Annex-3-Impegno-per-la-Qualit\u00e0-IT1.pdf\" target=\"_blank\" rel=\"noopener\">Anexo 3 &#8211; Accordo di qualit\u00e0<\/a><\/strong><\/span><\/li>\n<li><span style=\"color: #003366;\"><strong><a style=\"color: #003366;\" href=\"https:\/\/www.italcamara-es.com\/wp-content\/uploads\/2017\/04\/Confirmation-of-arrival.pdf\" target=\"_blank\" rel=\"noopener\">Confirmation of arrival<\/a><\/strong><\/span><\/li>\n<li><span style=\"color: #003366;\"><strong><a style=\"color: #003366;\" href=\"https:\/\/www.italcamara-es.com\/wp-content\/uploads\/2017\/04\/Hoja-de-control-presencia-y-tareas.pdf\" target=\"_blank\" rel=\"noopener\">Foglio di controllo presenze e lavori<\/a><\/strong><\/span><\/li>\n<li><span style=\"color: #003366;\"><strong><a style=\"color: #003366;\" href=\"https:\/\/www.italcamara-es.com\/wp-content\/uploads\/2017\/04\/Manual-Documentaci\u00f3n-SPAINERGY.pdf\" target=\"_blank\" rel=\"noopener\">Manuale Documentazione SPAINERGY<\/a><\/strong><\/span><\/li>\n<li><span style=\"color: #003366;\"><strong><a style=\"color: #003366;\" href=\"https:\/\/www.italcamara-es.com\/wp-content\/uploads\/2017\/04\/Traineeship-Certificate.pdf\" target=\"_blank\" rel=\"noopener\">Traineeship Certificate<\/a><\/strong><\/span><\/li>\n<\/ul>\n\n\n<figure class=\"wp-block-image\"><img decoding=\"async\" src=\"https:\/\/www.italcamara-es.com\/wp-content\/uploads\/2019\/04\/cofinanciado300-17.jpg\" alt=\"\" class=\"wp-image-21230\"\/><\/figure>\n","protected":false},"excerpt":{"rendered":"<p>Cofinanziato dalla Commissione Europea nell&#8217;ambito del programma Erasmus+, il progetto SPAINERGY&nbsp;mira a promuovere l&#8217;occupazione giovanile nel settore della &#8220;green economy&#8221;. In particolare,&nbsp;SPAINERGY&nbsp;dar\u00e0 la possibilit\u00e0 ai giovani studenti spagnoli selezionati di acquisire importanti competenze professionali, attraverso la realizzazione di stage di tre mesi in aziende attive in settori relazionati all&#8217;economia verde&nbsp; all&#8217;efficienza energetica (energie rinnovabili, riciclaggio, [&hellip;]<\/p>\n","protected":false},"author":1,"featured_media":57280,"comment_status":"open","ping_status":"open","sticky":false,"template":"","format":"standard","meta":{"inline_featured_image":false,"ocean_post_layout":"","ocean_both_sidebars_style":"","ocean_both_sidebars_content_width":0,"ocean_both_sidebars_sidebars_width":0,"ocean_sidebar":"","ocean_second_sidebar":"","ocean_disable_margins":"enable","ocean_add_body_class":"","ocean_shortcode_before_top_bar":"","ocean_shortcode_after_top_bar":"","ocean_shortcode_before_header":"","ocean_shortcode_after_header":"","ocean_has_shortcode":"","ocean_shortcode_after_title":"","ocean_shortcode_before_footer_widgets":"","ocean_shortcode_after_footer_widgets":"","ocean_shortcode_before_footer_bottom":"","ocean_shortcode_after_footer_bottom":"","ocean_display_top_bar":"default","ocean_display_header":"default","ocean_header_style":"","ocean_center_header_left_menu":"","ocean_custom_header_template":"","ocean_custom_logo":0,"ocean_custom_retina_logo":0,"ocean_custom_logo_max_width":0,"ocean_custom_logo_tablet_max_width":0,"ocean_custom_logo_mobile_max_width":0,"ocean_custom_logo_max_height":0,"ocean_custom_logo_tablet_max_height":0,"ocean_custom_logo_mobile_max_height":0,"ocean_header_custom_menu":"","ocean_menu_typo_font_family":"","ocean_menu_typo_font_subset":"","ocean_menu_typo_font_size":0,"ocean_menu_typo_font_size_tablet":0,"ocean_menu_typo_font_size_mobile":0,"ocean_menu_typo_font_size_unit":"px","ocean_menu_typo_font_weight":"","ocean_menu_typo_font_weight_tablet":"","ocean_menu_typo_font_weight_mobile":"","ocean_menu_typo_transform":"","ocean_menu_typo_transform_tablet":"","ocean_menu_typo_transform_mobile":"","ocean_menu_typo_line_height":0,"ocean_menu_typo_line_height_tablet":0,"ocean_menu_typo_line_height_mobile":0,"ocean_menu_typo_line_height_unit":"","ocean_menu_typo_spacing":0,"ocean_menu_typo_spacing_tablet":0,"ocean_menu_typo_spacing_mobile":0,"ocean_menu_typo_spacing_unit":"","ocean_menu_link_color":"","ocean_menu_link_color_hover":"","ocean_menu_link_color_active":"","ocean_menu_link_background":"","ocean_menu_link_hover_background":"","ocean_menu_link_active_background":"","ocean_menu_social_links_bg":"","ocean_menu_social_hover_links_bg":"","ocean_menu_social_links_color":"","ocean_menu_social_hover_links_color":"","ocean_disable_title":"default","ocean_disable_heading":"default","ocean_post_title":"","ocean_post_subheading":"","ocean_post_title_style":"","ocean_post_title_background_color":"","ocean_post_title_background":0,"ocean_post_title_bg_image_position":"","ocean_post_title_bg_image_attachment":"","ocean_post_title_bg_image_repeat":"","ocean_post_title_bg_image_size":"","ocean_post_title_height":0,"ocean_post_title_bg_overlay":0.5,"ocean_post_title_bg_overlay_color":"","ocean_disable_breadcrumbs":"default","ocean_breadcrumbs_color":"","ocean_breadcrumbs_separator_color":"","ocean_breadcrumbs_links_color":"","ocean_breadcrumbs_links_hover_color":"","ocean_display_footer_widgets":"default","ocean_display_footer_bottom":"default","ocean_custom_footer_template":"","ocean_post_oembed":"","ocean_post_self_hosted_media":"","ocean_post_video_embed":"","ocean_link_format":"","ocean_link_format_target":"self","ocean_quote_format":"","ocean_quote_format_link":"post","ocean_gallery_link_images":"on","ocean_gallery_id":[],"footnotes":""},"categories":[130,136],"tags":[],"class_list":["post-57333","post","type-post","status-publish","format-standard","has-post-thumbnail","hentry","category-eu-desk","category-progetti","entry","has-media"],"yoast_head":"<!-- This site is optimized with the Yoast SEO plugin v27.4 - https:\/\/yoast.com\/product\/yoast-seo-wordpress\/ -->\n<title>SPAINERGY - Italcamara<\/title>\n<meta name=\"robots\" content=\"index, follow, max-snippet:-1, max-image-preview:large, max-video-preview:-1\" \/>\n<link rel=\"canonical\" href=\"https:\/\/italcamara-es.com\/it\/eu-desk\/spainergy-2\/\" \/>\n<meta property=\"og:locale\" content=\"it_IT\" \/>\n<meta property=\"og:type\" content=\"article\" \/>\n<meta property=\"og:title\" content=\"SPAINERGY - Italcamara\" \/>\n<meta property=\"og:description\" content=\"Cofinanziato dalla Commissione Europea nell&#8217;ambito del programma Erasmus+, il progetto SPAINERGY&nbsp;mira a promuovere l&#8217;occupazione giovanile nel settore della &#8220;green economy&#8221;. In particolare,&nbsp;SPAINERGY&nbsp;dar\u00e0 la possibilit\u00e0 ai giovani studenti spagnoli selezionati di acquisire importanti competenze professionali, attraverso la realizzazione di stage di tre mesi in aziende attive in settori relazionati all&#8217;economia verde&nbsp; all&#8217;efficienza energetica (energie rinnovabili, riciclaggio, [&hellip;]\" \/>\n<meta property=\"og:url\" content=\"https:\/\/italcamara-es.com\/it\/eu-desk\/spainergy-2\/\" \/>\n<meta property=\"og:site_name\" content=\"Italcamara\" \/>\n<meta property=\"article:published_time\" content=\"2017-04-26T07:03:49+00:00\" \/>\n<meta property=\"article:modified_time\" content=\"2025-03-31T22:28:07+00:00\" \/>\n<meta property=\"og:image\" content=\"https:\/\/italcamara-es.com\/wp-content\/uploads\/2025\/04\/Logo-SPAINERGY-250.jpg\" \/>\n\t<meta property=\"og:image:width\" content=\"250\" \/>\n\t<meta property=\"og:image:height\" content=\"150\" \/>\n\t<meta property=\"og:image:type\" content=\"image\/jpeg\" \/>\n<meta name=\"author\" content=\"administrador\" \/>\n<meta name=\"twitter:card\" content=\"summary_large_image\" \/>\n<meta name=\"twitter:label1\" content=\"Scritto da\" \/>\n\t<meta name=\"twitter:data1\" content=\"administrador\" \/>\n\t<meta name=\"twitter:label2\" content=\"Tempo di lettura stimato\" \/>\n\t<meta name=\"twitter:data2\" content=\"3 minuti\" \/>\n<script type=\"application\/ld+json\" class=\"yoast-schema-graph\">{\"@context\":\"https:\\\/\\\/schema.org\",\"@graph\":[{\"@type\":\"Article\",\"@id\":\"https:\\\/\\\/italcamara-es.com\\\/it\\\/eu-desk\\\/spainergy-2\\\/#article\",\"isPartOf\":{\"@id\":\"https:\\\/\\\/italcamara-es.com\\\/it\\\/eu-desk\\\/spainergy-2\\\/\"},\"author\":{\"name\":\"administrador\",\"@id\":\"https:\\\/\\\/italcamara-es.com\\\/#\\\/schema\\\/person\\\/bb3c56263e405bbd9a15171dcfee93bb\"},\"headline\":\"SPAINERGY\",\"datePublished\":\"2017-04-26T07:03:49+00:00\",\"dateModified\":\"2025-03-31T22:28:07+00:00\",\"mainEntityOfPage\":{\"@id\":\"https:\\\/\\\/italcamara-es.com\\\/it\\\/eu-desk\\\/spainergy-2\\\/\"},\"wordCount\":604,\"commentCount\":0,\"image\":{\"@id\":\"https:\\\/\\\/italcamara-es.com\\\/it\\\/eu-desk\\\/spainergy-2\\\/#primaryimage\"},\"thumbnailUrl\":\"https:\\\/\\\/italcamara-es.com\\\/wp-content\\\/uploads\\\/2025\\\/04\\\/Logo-SPAINERGY-250.jpg\",\"articleSection\":[\"EU DESK\",\"Progetti\"],\"inLanguage\":\"it-IT\",\"potentialAction\":[{\"@type\":\"CommentAction\",\"name\":\"Comment\",\"target\":[\"https:\\\/\\\/italcamara-es.com\\\/it\\\/eu-desk\\\/spainergy-2\\\/#respond\"]}]},{\"@type\":\"WebPage\",\"@id\":\"https:\\\/\\\/italcamara-es.com\\\/it\\\/eu-desk\\\/spainergy-2\\\/\",\"url\":\"https:\\\/\\\/italcamara-es.com\\\/it\\\/eu-desk\\\/spainergy-2\\\/\",\"name\":\"SPAINERGY - Italcamara\",\"isPartOf\":{\"@id\":\"https:\\\/\\\/italcamara-es.com\\\/#website\"},\"primaryImageOfPage\":{\"@id\":\"https:\\\/\\\/italcamara-es.com\\\/it\\\/eu-desk\\\/spainergy-2\\\/#primaryimage\"},\"image\":{\"@id\":\"https:\\\/\\\/italcamara-es.com\\\/it\\\/eu-desk\\\/spainergy-2\\\/#primaryimage\"},\"thumbnailUrl\":\"https:\\\/\\\/italcamara-es.com\\\/wp-content\\\/uploads\\\/2025\\\/04\\\/Logo-SPAINERGY-250.jpg\",\"datePublished\":\"2017-04-26T07:03:49+00:00\",\"dateModified\":\"2025-03-31T22:28:07+00:00\",\"author\":{\"@id\":\"https:\\\/\\\/italcamara-es.com\\\/#\\\/schema\\\/person\\\/bb3c56263e405bbd9a15171dcfee93bb\"},\"breadcrumb\":{\"@id\":\"https:\\\/\\\/italcamara-es.com\\\/it\\\/eu-desk\\\/spainergy-2\\\/#breadcrumb\"},\"inLanguage\":\"it-IT\",\"potentialAction\":[{\"@type\":\"ReadAction\",\"target\":[\"https:\\\/\\\/italcamara-es.com\\\/it\\\/eu-desk\\\/spainergy-2\\\/\"]}]},{\"@type\":\"ImageObject\",\"inLanguage\":\"it-IT\",\"@id\":\"https:\\\/\\\/italcamara-es.com\\\/it\\\/eu-desk\\\/spainergy-2\\\/#primaryimage\",\"url\":\"https:\\\/\\\/italcamara-es.com\\\/wp-content\\\/uploads\\\/2025\\\/04\\\/Logo-SPAINERGY-250.jpg\",\"contentUrl\":\"https:\\\/\\\/italcamara-es.com\\\/wp-content\\\/uploads\\\/2025\\\/04\\\/Logo-SPAINERGY-250.jpg\",\"width\":250,\"height\":150},{\"@type\":\"BreadcrumbList\",\"@id\":\"https:\\\/\\\/italcamara-es.com\\\/it\\\/eu-desk\\\/spainergy-2\\\/#breadcrumb\",\"itemListElement\":[{\"@type\":\"ListItem\",\"position\":1,\"name\":\"Inicio\",\"item\":\"https:\\\/\\\/italcamara-es.com\\\/it\\\/homepage-ita\\\/\"},{\"@type\":\"ListItem\",\"position\":2,\"name\":\"SPAINERGY\"}]},{\"@type\":\"WebSite\",\"@id\":\"https:\\\/\\\/italcamara-es.com\\\/#website\",\"url\":\"https:\\\/\\\/italcamara-es.com\\\/\",\"name\":\"Italcamara\",\"description\":\"\",\"potentialAction\":[{\"@type\":\"SearchAction\",\"target\":{\"@type\":\"EntryPoint\",\"urlTemplate\":\"https:\\\/\\\/italcamara-es.com\\\/?s={search_term_string}\"},\"query-input\":{\"@type\":\"PropertyValueSpecification\",\"valueRequired\":true,\"valueName\":\"search_term_string\"}}],\"inLanguage\":\"it-IT\"},{\"@type\":\"Person\",\"@id\":\"https:\\\/\\\/italcamara-es.com\\\/#\\\/schema\\\/person\\\/bb3c56263e405bbd9a15171dcfee93bb\",\"name\":\"administrador\",\"image\":{\"@type\":\"ImageObject\",\"inLanguage\":\"it-IT\",\"@id\":\"https:\\\/\\\/secure.gravatar.com\\\/avatar\\\/14b5e63db38320b12031bb28cf9f77e210aa71fb3a8a3602a3c9a05134fa75eb?s=96&d=mm&r=g\",\"url\":\"https:\\\/\\\/secure.gravatar.com\\\/avatar\\\/14b5e63db38320b12031bb28cf9f77e210aa71fb3a8a3602a3c9a05134fa75eb?s=96&d=mm&r=g\",\"contentUrl\":\"https:\\\/\\\/secure.gravatar.com\\\/avatar\\\/14b5e63db38320b12031bb28cf9f77e210aa71fb3a8a3602a3c9a05134fa75eb?s=96&d=mm&r=g\",\"caption\":\"administrador\"},\"sameAs\":[\"http:\\\/\\\/pre.italcamara-es.com\"],\"url\":\"https:\\\/\\\/italcamara-es.com\\\/it\\\/author\\\/administrador\\\/\"}]}<\/script>\n<!-- \/ Yoast SEO plugin. -->","yoast_head_json":{"title":"SPAINERGY - Italcamara","robots":{"index":"index","follow":"follow","max-snippet":"max-snippet:-1","max-image-preview":"max-image-preview:large","max-video-preview":"max-video-preview:-1"},"canonical":"https:\/\/italcamara-es.com\/it\/eu-desk\/spainergy-2\/","og_locale":"it_IT","og_type":"article","og_title":"SPAINERGY - Italcamara","og_description":"Cofinanziato dalla Commissione Europea nell&#8217;ambito del programma Erasmus+, il progetto SPAINERGY&nbsp;mira a promuovere l&#8217;occupazione giovanile nel settore della &#8220;green economy&#8221;. In particolare,&nbsp;SPAINERGY&nbsp;dar\u00e0 la possibilit\u00e0 ai giovani studenti spagnoli selezionati di acquisire importanti competenze professionali, attraverso la realizzazione di stage di tre mesi in aziende attive in settori relazionati all&#8217;economia verde&nbsp; all&#8217;efficienza energetica (energie rinnovabili, riciclaggio, [&hellip;]","og_url":"https:\/\/italcamara-es.com\/it\/eu-desk\/spainergy-2\/","og_site_name":"Italcamara","article_published_time":"2017-04-26T07:03:49+00:00","article_modified_time":"2025-03-31T22:28:07+00:00","og_image":[{"width":250,"height":150,"url":"https:\/\/italcamara-es.com\/wp-content\/uploads\/2025\/04\/Logo-SPAINERGY-250.jpg","type":"image\/jpeg"}],"author":"administrador","twitter_card":"summary_large_image","twitter_misc":{"Scritto da":"administrador","Tempo di lettura stimato":"3 minuti"},"schema":{"@context":"https:\/\/schema.org","@graph":[{"@type":"Article","@id":"https:\/\/italcamara-es.com\/it\/eu-desk\/spainergy-2\/#article","isPartOf":{"@id":"https:\/\/italcamara-es.com\/it\/eu-desk\/spainergy-2\/"},"author":{"name":"administrador","@id":"https:\/\/italcamara-es.com\/#\/schema\/person\/bb3c56263e405bbd9a15171dcfee93bb"},"headline":"SPAINERGY","datePublished":"2017-04-26T07:03:49+00:00","dateModified":"2025-03-31T22:28:07+00:00","mainEntityOfPage":{"@id":"https:\/\/italcamara-es.com\/it\/eu-desk\/spainergy-2\/"},"wordCount":604,"commentCount":0,"image":{"@id":"https:\/\/italcamara-es.com\/it\/eu-desk\/spainergy-2\/#primaryimage"},"thumbnailUrl":"https:\/\/italcamara-es.com\/wp-content\/uploads\/2025\/04\/Logo-SPAINERGY-250.jpg","articleSection":["EU DESK","Progetti"],"inLanguage":"it-IT","potentialAction":[{"@type":"CommentAction","name":"Comment","target":["https:\/\/italcamara-es.com\/it\/eu-desk\/spainergy-2\/#respond"]}]},{"@type":"WebPage","@id":"https:\/\/italcamara-es.com\/it\/eu-desk\/spainergy-2\/","url":"https:\/\/italcamara-es.com\/it\/eu-desk\/spainergy-2\/","name":"SPAINERGY - Italcamara","isPartOf":{"@id":"https:\/\/italcamara-es.com\/#website"},"primaryImageOfPage":{"@id":"https:\/\/italcamara-es.com\/it\/eu-desk\/spainergy-2\/#primaryimage"},"image":{"@id":"https:\/\/italcamara-es.com\/it\/eu-desk\/spainergy-2\/#primaryimage"},"thumbnailUrl":"https:\/\/italcamara-es.com\/wp-content\/uploads\/2025\/04\/Logo-SPAINERGY-250.jpg","datePublished":"2017-04-26T07:03:49+00:00","dateModified":"2025-03-31T22:28:07+00:00","author":{"@id":"https:\/\/italcamara-es.com\/#\/schema\/person\/bb3c56263e405bbd9a15171dcfee93bb"},"breadcrumb":{"@id":"https:\/\/italcamara-es.com\/it\/eu-desk\/spainergy-2\/#breadcrumb"},"inLanguage":"it-IT","potentialAction":[{"@type":"ReadAction","target":["https:\/\/italcamara-es.com\/it\/eu-desk\/spainergy-2\/"]}]},{"@type":"ImageObject","inLanguage":"it-IT","@id":"https:\/\/italcamara-es.com\/it\/eu-desk\/spainergy-2\/#primaryimage","url":"https:\/\/italcamara-es.com\/wp-content\/uploads\/2025\/04\/Logo-SPAINERGY-250.jpg","contentUrl":"https:\/\/italcamara-es.com\/wp-content\/uploads\/2025\/04\/Logo-SPAINERGY-250.jpg","width":250,"height":150},{"@type":"BreadcrumbList","@id":"https:\/\/italcamara-es.com\/it\/eu-desk\/spainergy-2\/#breadcrumb","itemListElement":[{"@type":"ListItem","position":1,"name":"Inicio","item":"https:\/\/italcamara-es.com\/it\/homepage-ita\/"},{"@type":"ListItem","position":2,"name":"SPAINERGY"}]},{"@type":"WebSite","@id":"https:\/\/italcamara-es.com\/#website","url":"https:\/\/italcamara-es.com\/","name":"Italcamara","description":"","potentialAction":[{"@type":"SearchAction","target":{"@type":"EntryPoint","urlTemplate":"https:\/\/italcamara-es.com\/?s={search_term_string}"},"query-input":{"@type":"PropertyValueSpecification","valueRequired":true,"valueName":"search_term_string"}}],"inLanguage":"it-IT"},{"@type":"Person","@id":"https:\/\/italcamara-es.com\/#\/schema\/person\/bb3c56263e405bbd9a15171dcfee93bb","name":"administrador","image":{"@type":"ImageObject","inLanguage":"it-IT","@id":"https:\/\/secure.gravatar.com\/avatar\/14b5e63db38320b12031bb28cf9f77e210aa71fb3a8a3602a3c9a05134fa75eb?s=96&d=mm&r=g","url":"https:\/\/secure.gravatar.com\/avatar\/14b5e63db38320b12031bb28cf9f77e210aa71fb3a8a3602a3c9a05134fa75eb?s=96&d=mm&r=g","contentUrl":"https:\/\/secure.gravatar.com\/avatar\/14b5e63db38320b12031bb28cf9f77e210aa71fb3a8a3602a3c9a05134fa75eb?s=96&d=mm&r=g","caption":"administrador"},"sameAs":["http:\/\/pre.italcamara-es.com"],"url":"https:\/\/italcamara-es.com\/it\/author\/administrador\/"}]}},"rttpg_featured_image_url":{"full":["https:\/\/italcamara-es.com\/wp-content\/uploads\/2025\/04\/Logo-SPAINERGY-250.jpg",250,150,false],"landscape":["https:\/\/italcamara-es.com\/wp-content\/uploads\/2025\/04\/Logo-SPAINERGY-250.jpg",250,150,false],"portraits":["https:\/\/italcamara-es.com\/wp-content\/uploads\/2025\/04\/Logo-SPAINERGY-250.jpg",250,150,false],"thumbnail":["https:\/\/italcamara-es.com\/wp-content\/uploads\/2025\/04\/Logo-SPAINERGY-250-150x150.jpg",150,150,true],"medium":["https:\/\/italcamara-es.com\/wp-content\/uploads\/2025\/04\/Logo-SPAINERGY-250.jpg",250,150,false],"large":["https:\/\/italcamara-es.com\/wp-content\/uploads\/2025\/04\/Logo-SPAINERGY-250.jpg",250,150,false],"1536x1536":["https:\/\/italcamara-es.com\/wp-content\/uploads\/2025\/04\/Logo-SPAINERGY-250.jpg",250,150,false],"2048x2048":["https:\/\/italcamara-es.com\/wp-content\/uploads\/2025\/04\/Logo-SPAINERGY-250.jpg",250,150,false],"ocean-thumb-m":["https:\/\/italcamara-es.com\/wp-content\/uploads\/2025\/04\/Logo-SPAINERGY-250.jpg",250,150,false],"ocean-thumb-ml":["https:\/\/italcamara-es.com\/wp-content\/uploads\/2025\/04\/Logo-SPAINERGY-250.jpg",250,150,false],"ocean-thumb-l":["https:\/\/italcamara-es.com\/wp-content\/uploads\/2025\/04\/Logo-SPAINERGY-250.jpg",250,150,false],"directorist_preview":["https:\/\/italcamara-es.com\/wp-content\/uploads\/2025\/04\/Logo-SPAINERGY-250.jpg",250,150,false]},"rttpg_author":{"display_name":"administrador","author_link":"https:\/\/italcamara-es.com\/it\/author\/administrador\/"},"rttpg_comment":0,"rttpg_category":"<a href=\"https:\/\/italcamara-es.com\/it\/category\/eu-desk\/\" rel=\"category tag\">EU DESK<\/a> <a href=\"https:\/\/italcamara-es.com\/it\/category\/progetti\/\" rel=\"category tag\">Progetti<\/a>","rttpg_excerpt":"Cofinanziato dalla Commissione Europea nell&#8217;ambito del programma Erasmus+, il progetto SPAINERGY&nbsp;mira a promuovere l&#8217;occupazione giovanile nel settore della &#8220;green economy&#8221;. In particolare,&nbsp;SPAINERGY&nbsp;dar\u00e0 la possibilit\u00e0 ai giovani studenti spagnoli selezionati di acquisire importanti competenze professionali, attraverso la realizzazione di stage di tre mesi in aziende attive in settori relazionati all&#8217;economia verde&nbsp; all&#8217;efficienza energetica (energie rinnovabili, riciclaggio,&hellip;","_links":{"self":[{"href":"https:\/\/italcamara-es.com\/it\/wp-json\/wp\/v2\/posts\/57333","targetHints":{"allow":["GET"]}}],"collection":[{"href":"https:\/\/italcamara-es.com\/it\/wp-json\/wp\/v2\/posts"}],"about":[{"href":"https:\/\/italcamara-es.com\/it\/wp-json\/wp\/v2\/types\/post"}],"author":[{"embeddable":true,"href":"https:\/\/italcamara-es.com\/it\/wp-json\/wp\/v2\/users\/1"}],"replies":[{"embeddable":true,"href":"https:\/\/italcamara-es.com\/it\/wp-json\/wp\/v2\/comments?post=57333"}],"version-history":[{"count":1,"href":"https:\/\/italcamara-es.com\/it\/wp-json\/wp\/v2\/posts\/57333\/revisions"}],"predecessor-version":[{"id":57368,"href":"https:\/\/italcamara-es.com\/it\/wp-json\/wp\/v2\/posts\/57333\/revisions\/57368"}],"wp:featuredmedia":[{"embeddable":true,"href":"https:\/\/italcamara-es.com\/it\/wp-json\/wp\/v2\/media\/57280"}],"wp:attachment":[{"href":"https:\/\/italcamara-es.com\/it\/wp-json\/wp\/v2\/media?parent=57333"}],"wp:term":[{"taxonomy":"category","embeddable":true,"href":"https:\/\/italcamara-es.com\/it\/wp-json\/wp\/v2\/categories?post=57333"},{"taxonomy":"post_tag","embeddable":true,"href":"https:\/\/italcamara-es.com\/it\/wp-json\/wp\/v2\/tags?post=57333"}],"curies":[{"name":"wp","href":"https:\/\/api.w.org\/{rel}","templated":true}]}}