	{"id":57336,"date":"2017-07-19T08:46:06","date_gmt":"2017-07-19T06:46:06","guid":{"rendered":"http:\/\/pre.italcamara-es.com\/senza-categoria\/net-neet-erasmus-2\/"},"modified":"2025-04-01T00:27:59","modified_gmt":"2025-03-31T22:27:59","slug":"net-neet-erasmus-2","status":"publish","type":"post","link":"https:\/\/italcamara-es.com\/it\/eu-desk\/net-neet-erasmus-2\/","title":{"rendered":"Net-NEET (Erasmus+)"},"content":{"rendered":"<p>Il progetto vede in campo 15 organizzazioni di 6 paesi europei (Francia, Spagna, Italia, Danimarca, Germania e Grecia) con l\u2019obiettivo di strutturare una <strong>rete<\/strong> che favorisca l\u2019acquisizione di <strong>competenze professionali<\/strong> e la mobilit\u00e0 dei giovani che non studiano n\u00e9 lavorano (NEET \u00e8 l&#8217;acronimo inglese di &#8220;Not (engaged) in Education, Employment or Training\u201d).<!--more--><\/p>\n<p>&nbsp;<\/p>\n<p>In particolare, il <strong>progetto<\/strong> si propone di:<br>\n\u2022 Trovare un modello o una best-practice con la finalit\u00e0 di sviluppare programmi di mobilit\u00e0 diretti a giovani con un basso livello di esperienza ed abilit\u00e0 basiche;<br>\n\u2022 Sviluppare una rete di Istituzioni di accoglienza che possa garantire ai giovani coinvolti nel progetto una nuova esperienza sociale, lavorativa ed inclusiva; grazie al programma di mobilit\u00e0, i NEETs potranno veder crescere le proprie abilit\u00e0 professionali ed attivare una sequenza di comportamenti positivi.<\/p>\n<p>&nbsp;<\/p>\n<p>Nell\u2019ambito del progetto verranno realizzati un<strong> totale di 6 incontri<\/strong> in altrettante citt\u00e0 europee (Marsiglia, Madrid, Berlino, Copenaghen, Salonicco e Strasburgo) tra gli enti e le istituzioni coinvolte nel progetto, con l\u2019obiettivo di coordinare le azioni previste.<\/p>\n<p>&nbsp;<\/p>\n<p>Verranno inoltre elaborati una serie di <strong>strumenti formativi<\/strong> rivolti al gruppo obiettivo, tra cui una guida per l\u2019acquisizione di competenze professionali, nonch\u00e9 una web dedicata al progetto che permette di mettere in contatto tutti gli attori in esso coinvolti.<\/p>\n\n\n<figure class=\"wp-block-image\"><img decoding=\"async\" src=\"https:\/\/www.italcamara-es.com\/wp-content\/uploads\/2019\/04\/cofinanciado300-7.jpg\" alt=\"\" class=\"wp-image-21210\"\/><\/figure>\n","protected":false},"excerpt":{"rendered":"<p>Il progetto vede in campo 15 organizzazioni di 6 paesi europei (Francia, Spagna, Italia, Danimarca, Germania e Grecia) con l\u2019obiettivo di strutturare una rete che favorisca l\u2019acquisizione di competenze professionali e la mobilit\u00e0 dei giovani che non studiano n\u00e9 lavorano (NEET \u00e8 l&#8217;acronimo inglese di &#8220;Not (engaged) in Education, Employment or Training\u201d).<\/p>\n","protected":false},"author":1,"featured_media":55380,"comment_status":"open","ping_status":"open","sticky":false,"template":"","format":"standard","meta":{"inline_featured_image":false,"ocean_post_layout":"","ocean_both_sidebars_style":"","ocean_both_sidebars_content_width":0,"ocean_both_sidebars_sidebars_width":0,"ocean_sidebar":"","ocean_second_sidebar":"","ocean_disable_margins":"enable","ocean_add_body_class":"","ocean_shortcode_before_top_bar":"","ocean_shortcode_after_top_bar":"","ocean_shortcode_before_header":"","ocean_shortcode_after_header":"","ocean_has_shortcode":"","ocean_shortcode_after_title":"","ocean_shortcode_before_footer_widgets":"","ocean_shortcode_after_footer_widgets":"","ocean_shortcode_before_footer_bottom":"","ocean_shortcode_after_footer_bottom":"","ocean_display_top_bar":"default","ocean_display_header":"default","ocean_header_style":"","ocean_center_header_left_menu":"","ocean_custom_header_template":"","ocean_custom_logo":0,"ocean_custom_retina_logo":0,"ocean_custom_logo_max_width":0,"ocean_custom_logo_tablet_max_width":0,"ocean_custom_logo_mobile_max_width":0,"ocean_custom_logo_max_height":0,"ocean_custom_logo_tablet_max_height":0,"ocean_custom_logo_mobile_max_height":0,"ocean_header_custom_menu":"","ocean_menu_typo_font_family":"","ocean_menu_typo_font_subset":"","ocean_menu_typo_font_size":0,"ocean_menu_typo_font_size_tablet":0,"ocean_menu_typo_font_size_mobile":0,"ocean_menu_typo_font_size_unit":"px","ocean_menu_typo_font_weight":"","ocean_menu_typo_font_weight_tablet":"","ocean_menu_typo_font_weight_mobile":"","ocean_menu_typo_transform":"","ocean_menu_typo_transform_tablet":"","ocean_menu_typo_transform_mobile":"","ocean_menu_typo_line_height":0,"ocean_menu_typo_line_height_tablet":0,"ocean_menu_typo_line_height_mobile":0,"ocean_menu_typo_line_height_unit":"","ocean_menu_typo_spacing":0,"ocean_menu_typo_spacing_tablet":0,"ocean_menu_typo_spacing_mobile":0,"ocean_menu_typo_spacing_unit":"","ocean_menu_link_color":"","ocean_menu_link_color_hover":"","ocean_menu_link_color_active":"","ocean_menu_link_background":"","ocean_menu_link_hover_background":"","ocean_menu_link_active_background":"","ocean_menu_social_links_bg":"","ocean_menu_social_hover_links_bg":"","ocean_menu_social_links_color":"","ocean_menu_social_hover_links_color":"","ocean_disable_title":"default","ocean_disable_heading":"default","ocean_post_title":"","ocean_post_subheading":"","ocean_post_title_style":"","ocean_post_title_background_color":"","ocean_post_title_background":0,"ocean_post_title_bg_image_position":"","ocean_post_title_bg_image_attachment":"","ocean_post_title_bg_image_repeat":"","ocean_post_title_bg_image_size":"","ocean_post_title_height":0,"ocean_post_title_bg_overlay":0.5,"ocean_post_title_bg_overlay_color":"","ocean_disable_breadcrumbs":"default","ocean_breadcrumbs_color":"","ocean_breadcrumbs_separator_color":"","ocean_breadcrumbs_links_color":"","ocean_breadcrumbs_links_hover_color":"","ocean_display_footer_widgets":"default","ocean_display_footer_bottom":"default","ocean_custom_footer_template":"","ocean_post_oembed":"","ocean_post_self_hosted_media":"","ocean_post_video_embed":"","ocean_link_format":"","ocean_link_format_target":"self","ocean_quote_format":"","ocean_quote_format_link":"post","ocean_gallery_link_images":"on","ocean_gallery_id":[],"footnotes":""},"categories":[130,136],"tags":[],"class_list":["post-57336","post","type-post","status-publish","format-standard","has-post-thumbnail","hentry","category-eu-desk","category-progetti","entry","has-media"],"yoast_head":"<!-- This site is optimized with the Yoast SEO plugin v27.5 - https:\/\/yoast.com\/product\/yoast-seo-wordpress\/ -->\n<title>Net-NEET (Erasmus+) - Italcamara<\/title>\n<meta name=\"robots\" content=\"index, follow, max-snippet:-1, max-image-preview:large, max-video-preview:-1\" \/>\n<link rel=\"canonical\" href=\"https:\/\/italcamara-es.com\/it\/eu-desk\/net-neet-erasmus-2\/\" \/>\n<meta property=\"og:locale\" content=\"it_IT\" \/>\n<meta property=\"og:type\" content=\"article\" \/>\n<meta property=\"og:title\" content=\"Net-NEET (Erasmus+) - Italcamara\" \/>\n<meta property=\"og:description\" content=\"Il progetto vede in campo 15 organizzazioni di 6 paesi europei (Francia, Spagna, Italia, Danimarca, Germania e Grecia) con l\u2019obiettivo di strutturare una rete che favorisca l\u2019acquisizione di competenze professionali e la mobilit\u00e0 dei giovani che non studiano n\u00e9 lavorano (NEET \u00e8 l&#8217;acronimo inglese di &#8220;Not (engaged) in Education, Employment or Training\u201d).\" \/>\n<meta property=\"og:url\" content=\"https:\/\/italcamara-es.com\/it\/eu-desk\/net-neet-erasmus-2\/\" \/>\n<meta property=\"og:site_name\" content=\"Italcamara\" \/>\n<meta property=\"article:published_time\" content=\"2017-07-19T06:46:06+00:00\" \/>\n<meta property=\"article:modified_time\" content=\"2025-03-31T22:27:59+00:00\" \/>\n<meta property=\"og:image\" content=\"https:\/\/italcamara-es.com\/wp-content\/uploads\/2025\/03\/Net-neet250x150.jpg\" \/>\n\t<meta property=\"og:image:width\" content=\"250\" \/>\n\t<meta property=\"og:image:height\" content=\"150\" \/>\n\t<meta property=\"og:image:type\" content=\"image\/jpeg\" \/>\n<meta name=\"author\" content=\"administrador\" \/>\n<meta name=\"twitter:card\" content=\"summary_large_image\" \/>\n<meta name=\"twitter:label1\" content=\"Scritto da\" \/>\n\t<meta name=\"twitter:data1\" content=\"administrador\" \/>\n\t<meta name=\"twitter:label2\" content=\"Tempo di lettura stimato\" \/>\n\t<meta name=\"twitter:data2\" content=\"1 minuto\" \/>\n<script type=\"application\/ld+json\" class=\"yoast-schema-graph\">{\"@context\":\"https:\\\/\\\/schema.org\",\"@graph\":[{\"@type\":\"Article\",\"@id\":\"https:\\\/\\\/italcamara-es.com\\\/it\\\/eu-desk\\\/net-neet-erasmus-2\\\/#article\",\"isPartOf\":{\"@id\":\"https:\\\/\\\/italcamara-es.com\\\/it\\\/eu-desk\\\/net-neet-erasmus-2\\\/\"},\"author\":{\"name\":\"administrador\",\"@id\":\"https:\\\/\\\/italcamara-es.com\\\/#\\\/schema\\\/person\\\/bb3c56263e405bbd9a15171dcfee93bb\"},\"headline\":\"Net-NEET (Erasmus+)\",\"datePublished\":\"2017-07-19T06:46:06+00:00\",\"dateModified\":\"2025-03-31T22:27:59+00:00\",\"mainEntityOfPage\":{\"@id\":\"https:\\\/\\\/italcamara-es.com\\\/it\\\/eu-desk\\\/net-neet-erasmus-2\\\/\"},\"wordCount\":211,\"commentCount\":0,\"image\":{\"@id\":\"https:\\\/\\\/italcamara-es.com\\\/it\\\/eu-desk\\\/net-neet-erasmus-2\\\/#primaryimage\"},\"thumbnailUrl\":\"https:\\\/\\\/italcamara-es.com\\\/wp-content\\\/uploads\\\/2025\\\/03\\\/Net-neet250x150.jpg\",\"articleSection\":[\"EU DESK\",\"Progetti\"],\"inLanguage\":\"it-IT\",\"potentialAction\":[{\"@type\":\"CommentAction\",\"name\":\"Comment\",\"target\":[\"https:\\\/\\\/italcamara-es.com\\\/it\\\/eu-desk\\\/net-neet-erasmus-2\\\/#respond\"]}]},{\"@type\":\"WebPage\",\"@id\":\"https:\\\/\\\/italcamara-es.com\\\/it\\\/eu-desk\\\/net-neet-erasmus-2\\\/\",\"url\":\"https:\\\/\\\/italcamara-es.com\\\/it\\\/eu-desk\\\/net-neet-erasmus-2\\\/\",\"name\":\"Net-NEET (Erasmus+) - Italcamara\",\"isPartOf\":{\"@id\":\"https:\\\/\\\/italcamara-es.com\\\/#website\"},\"primaryImageOfPage\":{\"@id\":\"https:\\\/\\\/italcamara-es.com\\\/it\\\/eu-desk\\\/net-neet-erasmus-2\\\/#primaryimage\"},\"image\":{\"@id\":\"https:\\\/\\\/italcamara-es.com\\\/it\\\/eu-desk\\\/net-neet-erasmus-2\\\/#primaryimage\"},\"thumbnailUrl\":\"https:\\\/\\\/italcamara-es.com\\\/wp-content\\\/uploads\\\/2025\\\/03\\\/Net-neet250x150.jpg\",\"datePublished\":\"2017-07-19T06:46:06+00:00\",\"dateModified\":\"2025-03-31T22:27:59+00:00\",\"author\":{\"@id\":\"https:\\\/\\\/italcamara-es.com\\\/#\\\/schema\\\/person\\\/bb3c56263e405bbd9a15171dcfee93bb\"},\"breadcrumb\":{\"@id\":\"https:\\\/\\\/italcamara-es.com\\\/it\\\/eu-desk\\\/net-neet-erasmus-2\\\/#breadcrumb\"},\"inLanguage\":\"it-IT\",\"potentialAction\":[{\"@type\":\"ReadAction\",\"target\":[\"https:\\\/\\\/italcamara-es.com\\\/it\\\/eu-desk\\\/net-neet-erasmus-2\\\/\"]}]},{\"@type\":\"ImageObject\",\"inLanguage\":\"it-IT\",\"@id\":\"https:\\\/\\\/italcamara-es.com\\\/it\\\/eu-desk\\\/net-neet-erasmus-2\\\/#primaryimage\",\"url\":\"https:\\\/\\\/italcamara-es.com\\\/wp-content\\\/uploads\\\/2025\\\/03\\\/Net-neet250x150.jpg\",\"contentUrl\":\"https:\\\/\\\/italcamara-es.com\\\/wp-content\\\/uploads\\\/2025\\\/03\\\/Net-neet250x150.jpg\",\"width\":250,\"height\":150},{\"@type\":\"BreadcrumbList\",\"@id\":\"https:\\\/\\\/italcamara-es.com\\\/it\\\/eu-desk\\\/net-neet-erasmus-2\\\/#breadcrumb\",\"itemListElement\":[{\"@type\":\"ListItem\",\"position\":1,\"name\":\"Inicio\",\"item\":\"https:\\\/\\\/italcamara-es.com\\\/\"},{\"@type\":\"ListItem\",\"position\":2,\"name\":\"Net-NEET (Erasmus+)\"}]},{\"@type\":\"WebSite\",\"@id\":\"https:\\\/\\\/italcamara-es.com\\\/#website\",\"url\":\"https:\\\/\\\/italcamara-es.com\\\/\",\"name\":\"Italcamara\",\"description\":\"\",\"potentialAction\":[{\"@type\":\"SearchAction\",\"target\":{\"@type\":\"EntryPoint\",\"urlTemplate\":\"https:\\\/\\\/italcamara-es.com\\\/?s={search_term_string}\"},\"query-input\":{\"@type\":\"PropertyValueSpecification\",\"valueRequired\":true,\"valueName\":\"search_term_string\"}}],\"inLanguage\":\"it-IT\"},{\"@type\":\"Person\",\"@id\":\"https:\\\/\\\/italcamara-es.com\\\/#\\\/schema\\\/person\\\/bb3c56263e405bbd9a15171dcfee93bb\",\"name\":\"administrador\",\"image\":{\"@type\":\"ImageObject\",\"inLanguage\":\"it-IT\",\"@id\":\"https:\\\/\\\/secure.gravatar.com\\\/avatar\\\/14b5e63db38320b12031bb28cf9f77e210aa71fb3a8a3602a3c9a05134fa75eb?s=96&d=mm&r=g\",\"url\":\"https:\\\/\\\/secure.gravatar.com\\\/avatar\\\/14b5e63db38320b12031bb28cf9f77e210aa71fb3a8a3602a3c9a05134fa75eb?s=96&d=mm&r=g\",\"contentUrl\":\"https:\\\/\\\/secure.gravatar.com\\\/avatar\\\/14b5e63db38320b12031bb28cf9f77e210aa71fb3a8a3602a3c9a05134fa75eb?s=96&d=mm&r=g\",\"caption\":\"administrador\"},\"sameAs\":[\"http:\\\/\\\/pre.italcamara-es.com\"],\"url\":\"https:\\\/\\\/italcamara-es.com\\\/it\\\/author\\\/administrador\\\/\"}]}<\/script>\n<!-- \/ Yoast SEO plugin. -->","yoast_head_json":{"title":"Net-NEET (Erasmus+) - Italcamara","robots":{"index":"index","follow":"follow","max-snippet":"max-snippet:-1","max-image-preview":"max-image-preview:large","max-video-preview":"max-video-preview:-1"},"canonical":"https:\/\/italcamara-es.com\/it\/eu-desk\/net-neet-erasmus-2\/","og_locale":"it_IT","og_type":"article","og_title":"Net-NEET (Erasmus+) - Italcamara","og_description":"Il progetto vede in campo 15 organizzazioni di 6 paesi europei (Francia, Spagna, Italia, Danimarca, Germania e Grecia) con l\u2019obiettivo di strutturare una rete che favorisca l\u2019acquisizione di competenze professionali e la mobilit\u00e0 dei giovani che non studiano n\u00e9 lavorano (NEET \u00e8 l&#8217;acronimo inglese di &#8220;Not (engaged) in Education, Employment or Training\u201d).","og_url":"https:\/\/italcamara-es.com\/it\/eu-desk\/net-neet-erasmus-2\/","og_site_name":"Italcamara","article_published_time":"2017-07-19T06:46:06+00:00","article_modified_time":"2025-03-31T22:27:59+00:00","og_image":[{"width":250,"height":150,"url":"https:\/\/italcamara-es.com\/wp-content\/uploads\/2025\/03\/Net-neet250x150.jpg","type":"image\/jpeg"}],"author":"administrador","twitter_card":"summary_large_image","twitter_misc":{"Scritto da":"administrador","Tempo di lettura stimato":"1 minuto"},"schema":{"@context":"https:\/\/schema.org","@graph":[{"@type":"Article","@id":"https:\/\/italcamara-es.com\/it\/eu-desk\/net-neet-erasmus-2\/#article","isPartOf":{"@id":"https:\/\/italcamara-es.com\/it\/eu-desk\/net-neet-erasmus-2\/"},"author":{"name":"administrador","@id":"https:\/\/italcamara-es.com\/#\/schema\/person\/bb3c56263e405bbd9a15171dcfee93bb"},"headline":"Net-NEET (Erasmus+)","datePublished":"2017-07-19T06:46:06+00:00","dateModified":"2025-03-31T22:27:59+00:00","mainEntityOfPage":{"@id":"https:\/\/italcamara-es.com\/it\/eu-desk\/net-neet-erasmus-2\/"},"wordCount":211,"commentCount":0,"image":{"@id":"https:\/\/italcamara-es.com\/it\/eu-desk\/net-neet-erasmus-2\/#primaryimage"},"thumbnailUrl":"https:\/\/italcamara-es.com\/wp-content\/uploads\/2025\/03\/Net-neet250x150.jpg","articleSection":["EU DESK","Progetti"],"inLanguage":"it-IT","potentialAction":[{"@type":"CommentAction","name":"Comment","target":["https:\/\/italcamara-es.com\/it\/eu-desk\/net-neet-erasmus-2\/#respond"]}]},{"@type":"WebPage","@id":"https:\/\/italcamara-es.com\/it\/eu-desk\/net-neet-erasmus-2\/","url":"https:\/\/italcamara-es.com\/it\/eu-desk\/net-neet-erasmus-2\/","name":"Net-NEET (Erasmus+) - Italcamara","isPartOf":{"@id":"https:\/\/italcamara-es.com\/#website"},"primaryImageOfPage":{"@id":"https:\/\/italcamara-es.com\/it\/eu-desk\/net-neet-erasmus-2\/#primaryimage"},"image":{"@id":"https:\/\/italcamara-es.com\/it\/eu-desk\/net-neet-erasmus-2\/#primaryimage"},"thumbnailUrl":"https:\/\/italcamara-es.com\/wp-content\/uploads\/2025\/03\/Net-neet250x150.jpg","datePublished":"2017-07-19T06:46:06+00:00","dateModified":"2025-03-31T22:27:59+00:00","author":{"@id":"https:\/\/italcamara-es.com\/#\/schema\/person\/bb3c56263e405bbd9a15171dcfee93bb"},"breadcrumb":{"@id":"https:\/\/italcamara-es.com\/it\/eu-desk\/net-neet-erasmus-2\/#breadcrumb"},"inLanguage":"it-IT","potentialAction":[{"@type":"ReadAction","target":["https:\/\/italcamara-es.com\/it\/eu-desk\/net-neet-erasmus-2\/"]}]},{"@type":"ImageObject","inLanguage":"it-IT","@id":"https:\/\/italcamara-es.com\/it\/eu-desk\/net-neet-erasmus-2\/#primaryimage","url":"https:\/\/italcamara-es.com\/wp-content\/uploads\/2025\/03\/Net-neet250x150.jpg","contentUrl":"https:\/\/italcamara-es.com\/wp-content\/uploads\/2025\/03\/Net-neet250x150.jpg","width":250,"height":150},{"@type":"BreadcrumbList","@id":"https:\/\/italcamara-es.com\/it\/eu-desk\/net-neet-erasmus-2\/#breadcrumb","itemListElement":[{"@type":"ListItem","position":1,"name":"Inicio","item":"https:\/\/italcamara-es.com\/"},{"@type":"ListItem","position":2,"name":"Net-NEET (Erasmus+)"}]},{"@type":"WebSite","@id":"https:\/\/italcamara-es.com\/#website","url":"https:\/\/italcamara-es.com\/","name":"Italcamara","description":"","potentialAction":[{"@type":"SearchAction","target":{"@type":"EntryPoint","urlTemplate":"https:\/\/italcamara-es.com\/?s={search_term_string}"},"query-input":{"@type":"PropertyValueSpecification","valueRequired":true,"valueName":"search_term_string"}}],"inLanguage":"it-IT"},{"@type":"Person","@id":"https:\/\/italcamara-es.com\/#\/schema\/person\/bb3c56263e405bbd9a15171dcfee93bb","name":"administrador","image":{"@type":"ImageObject","inLanguage":"it-IT","@id":"https:\/\/secure.gravatar.com\/avatar\/14b5e63db38320b12031bb28cf9f77e210aa71fb3a8a3602a3c9a05134fa75eb?s=96&d=mm&r=g","url":"https:\/\/secure.gravatar.com\/avatar\/14b5e63db38320b12031bb28cf9f77e210aa71fb3a8a3602a3c9a05134fa75eb?s=96&d=mm&r=g","contentUrl":"https:\/\/secure.gravatar.com\/avatar\/14b5e63db38320b12031bb28cf9f77e210aa71fb3a8a3602a3c9a05134fa75eb?s=96&d=mm&r=g","caption":"administrador"},"sameAs":["http:\/\/pre.italcamara-es.com"],"url":"https:\/\/italcamara-es.com\/it\/author\/administrador\/"}]}},"rttpg_featured_image_url":{"full":["https:\/\/italcamara-es.com\/wp-content\/uploads\/2025\/03\/Net-neet250x150.jpg",250,150,false],"landscape":["https:\/\/italcamara-es.com\/wp-content\/uploads\/2025\/03\/Net-neet250x150.jpg",250,150,false],"portraits":["https:\/\/italcamara-es.com\/wp-content\/uploads\/2025\/03\/Net-neet250x150.jpg",250,150,false],"thumbnail":["https:\/\/italcamara-es.com\/wp-content\/uploads\/2025\/03\/Net-neet250x150-150x150.jpg",150,150,true],"medium":["https:\/\/italcamara-es.com\/wp-content\/uploads\/2025\/03\/Net-neet250x150.jpg",250,150,false],"large":["https:\/\/italcamara-es.com\/wp-content\/uploads\/2025\/03\/Net-neet250x150.jpg",250,150,false],"1536x1536":["https:\/\/italcamara-es.com\/wp-content\/uploads\/2025\/03\/Net-neet250x150.jpg",250,150,false],"2048x2048":["https:\/\/italcamara-es.com\/wp-content\/uploads\/2025\/03\/Net-neet250x150.jpg",250,150,false],"ocean-thumb-m":["https:\/\/italcamara-es.com\/wp-content\/uploads\/2025\/03\/Net-neet250x150.jpg",250,150,false],"ocean-thumb-ml":["https:\/\/italcamara-es.com\/wp-content\/uploads\/2025\/03\/Net-neet250x150.jpg",250,150,false],"ocean-thumb-l":["https:\/\/italcamara-es.com\/wp-content\/uploads\/2025\/03\/Net-neet250x150.jpg",250,150,false],"directorist_preview":["https:\/\/italcamara-es.com\/wp-content\/uploads\/2025\/03\/Net-neet250x150.jpg",250,150,false]},"rttpg_author":{"display_name":"administrador","author_link":"https:\/\/italcamara-es.com\/it\/author\/administrador\/"},"rttpg_comment":0,"rttpg_category":"<a href=\"https:\/\/italcamara-es.com\/it\/category\/eu-desk\/\" rel=\"category tag\">EU DESK<\/a> <a href=\"https:\/\/italcamara-es.com\/it\/category\/progetti\/\" rel=\"category tag\">Progetti<\/a>","rttpg_excerpt":"Il progetto vede in campo 15 organizzazioni di 6 paesi europei (Francia, Spagna, Italia, Danimarca, Germania e Grecia) con l\u2019obiettivo di strutturare una rete che favorisca l\u2019acquisizione di competenze professionali e la mobilit\u00e0 dei giovani che non studiano n\u00e9 lavorano (NEET \u00e8 l&#8217;acronimo inglese di &#8220;Not (engaged) in Education, Employment or Training\u201d).","_links":{"self":[{"href":"https:\/\/italcamara-es.com\/it\/wp-json\/wp\/v2\/posts\/57336","targetHints":{"allow":["GET"]}}],"collection":[{"href":"https:\/\/italcamara-es.com\/it\/wp-json\/wp\/v2\/posts"}],"about":[{"href":"https:\/\/italcamara-es.com\/it\/wp-json\/wp\/v2\/types\/post"}],"author":[{"embeddable":true,"href":"https:\/\/italcamara-es.com\/it\/wp-json\/wp\/v2\/users\/1"}],"replies":[{"embeddable":true,"href":"https:\/\/italcamara-es.com\/it\/wp-json\/wp\/v2\/comments?post=57336"}],"version-history":[{"count":1,"href":"https:\/\/italcamara-es.com\/it\/wp-json\/wp\/v2\/posts\/57336\/revisions"}],"predecessor-version":[{"id":57367,"href":"https:\/\/italcamara-es.com\/it\/wp-json\/wp\/v2\/posts\/57336\/revisions\/57367"}],"wp:featuredmedia":[{"embeddable":true,"href":"https:\/\/italcamara-es.com\/it\/wp-json\/wp\/v2\/media\/55380"}],"wp:attachment":[{"href":"https:\/\/italcamara-es.com\/it\/wp-json\/wp\/v2\/media?parent=57336"}],"wp:term":[{"taxonomy":"category","embeddable":true,"href":"https:\/\/italcamara-es.com\/it\/wp-json\/wp\/v2\/categories?post=57336"},{"taxonomy":"post_tag","embeddable":true,"href":"https:\/\/italcamara-es.com\/it\/wp-json\/wp\/v2\/tags?post=57336"}],"curies":[{"name":"wp","href":"https:\/\/api.w.org\/{rel}","templated":true}]}}