	{"id":57349,"date":"2024-04-12T15:08:28","date_gmt":"2024-04-12T13:08:28","guid":{"rendered":"http:\/\/pre.italcamara-es.com\/senza-categoria\/europe-plural-femenine-2\/"},"modified":"2026-01-14T11:36:04","modified_gmt":"2026-01-14T10:36:04","slug":"europe-plural-femenine-2","status":"publish","type":"post","link":"https:\/\/italcamara-es.com\/it\/eu-desk\/europe-plural-femenine-2\/","title":{"rendered":"Europe, Plural, Femenine"},"content":{"rendered":"\n\n\n<p>Europe, plural, femenin esplora e promuove presso tutte le generazioni il processo di integrazione europea, evidenziandone i principi fondamentali incentrati sulla non discriminazione e sulla parit\u00e0 di genere. A partire dal Trattato di Roma, \u00e8 stato affermato il principio dell&#8217;uguaglianza di genere sul posto di lavoro, in termini di parit\u00e0 di retribuzione e di diritti, seguito da una lunga serie di trattati, direttive e giurisprudenza per garantire la parit\u00e0 di diritti.<\/p>\n\n\n\n<!--more-->\n\n\n\n<p>La dichiarazione iniziale, inizialmente applicata allo spazio economico, \u00e8 stata infine ampliata con il Trattato di Lisbona nel 2007, considerando ora la non discriminazione e la parit\u00e0 di genere in senso lato.<\/p>\n\n\n\n<p>Oggi l&#8217;Europa \u00e8 una delle aree pi\u00f9 rispettose in termini di uguaglianza di genere, ma l&#8217;analisi mostra che anche le nazioni pi\u00f9 avanzate devono lavorare su pregiudizi e abitudini. L&#8217;EPF vuole costruire una comunit\u00e0, in una serie biennale di eventi globali e locali, per affrontare i problemi legati all&#8217;uguaglianza di genere nella vita quotidiana, a partire dall&#8217;ambiente di lavoro, chiedendo ai partecipanti, indipendentemente dal loro genere, di inventare e proporre possibili soluzioni in Italia, Francia, Spagna e Germania.<\/p>\n\n\n\n<p>Le discussioni prenderanno in considerazione lo stato dell&#8217;arte, principalmente la legislazione e le direttive nazionali ed europee, per inquadrare correttamente il problema. Le proposte generate saranno valutate con l&#8217;aiuto di facilitatori e intermediari verso i fondi europei, mostrando le diverse possibilit\u00e0 che la Commissione Europea offre per implementare un&#8217;azione reale. Gli impatti attesi dell&#8217;EPF sono la partecipazione di migliaia di persone provenienti da 4 nazioni a un dibattito sull&#8217;uguaglianza di genere, la digitalizzazione dei contributi sul tema, una migliore consapevolezza dei diritti e delle conquiste dell&#8217;integrazione europea. L&#8217;EPF prevede di implementare un&#8217;infrastruttura online per l&#8217;archiviazione e la distribuzione di contenuti relativi al tema, coinvolgendo pi\u00f9 di 1.900 lavoratori e 120 aziende delle aree partecipanti in seminari locali e pi\u00f9 di 3.000 membri della comunit\u00e0 impegnati nella rete.<\/p>\n\n\n\n<p>L&#8217;impatto previsto dell&#8217;EPF si concentrano su diversi aspetti:<\/p>\n\n\n\n<p>&#8211; Coinvolgimento di europei di diversa provenienza e genere, compresi i giovani e le persone influenti (amministratori pubblici, forze dell&#8217;ordine, membri della magistratura, responsabili politici, sostenitori, ecc.<\/p>\n\n\n\n<p>&#8211; Digitalizzazione di materiale storico e di testimonianze oculari a fini educativi e formativi.<\/p>\n\n\n\n<p>&#8211; Inclusione di una dimensione europea nei dibattiti nazionali e internazionali su eventi e momenti storici importanti della storia europea recente.<\/p>\n\n\n\n<p>&#8211; Identificazione, salvaguardia e disponibilit\u00e0, soprattutto online, di materiale d&#8217;archivio, testimonianze e siti autentici per scopi educativi, commemorativi e di ricerca <\/p>\n\n\n\n<p>&#8211; Maggiore consapevolezza dei diritti e delle conquiste dell&#8217;integrazione europea.<\/p>\n\n\n\n<p><\/p>\n\n\n\n<p>Gli obiettivi che l&#8217;EPF si propone di perseguire implicano l&#8217;affermazione della centralit\u00e0 degli individui e dei loro diritti nelle politiche europee, un fatto che aiuter\u00e0 i cittadini europei a impegnarsi nella costruzione completa della nazione europea, a partire dalla Costituzione europea fino al completamento del Trattato di Lisbona.<\/p>\n\n\n\n<p><\/p>\n\n\n\n<p><strong>Partner del progetto:<\/strong><\/p>\n\n\n\n<p>Confcommercio Imprese per l&#8217;Italia &#8211; Nord Sardegna &#8211; Italia<\/p>\n\n\n\n<p>CAMERA DI COMMERCIO E INDUSTRIA ITALIANA PER LA SPAGNA &#8211; Spagna<\/p>\n\n\n\n<p>Camera di Commercio Italiana per la Germania &#8211; Germania<\/p>\n\n\n\n<p>Associazione Culturale Lunadigas &#8211; Italia<\/p>\n\n\n\n<p>Solidaridad Sin Fronteras &#8211; SSF &#8211; Spagna<\/p>\n\n\n\n<p>Universit\u00e0 di Corsica Pasquale Paoli- Francia<\/p>\n\n\n\n<p>XCAMP Srls- Italia<\/p>\n\n\n\n<p><\/p>\n\n\n\n<p><strong>Dati del progetto:<\/strong><\/p>\n\n\n\n<p>Bando: CERV-2023-CITIZENS-REM (Memoria Europea &#8211; 2023)<br>Numero del progetto: 101143820<br>Data di inizio: 01\/03\/2024<br>Data di fine: 01\/03\/2026<br>Coordinatore: Confcommercio Imprese per l&#8217;Italia &#8211; Nord Sardegna<\/p>\n\n\n\n<p><\/p>\n\n\n\n<p>Web ufficiale:&nbsp;<a href=\"https:\/\/www.epf-cerv.eu\/\">https:\/\/www.epf-cerv.eu\/<\/a><\/p>\n\n\n\n<p>Facebook:&nbsp;<a href=\"https:\/\/www.facebook.com\/europepluralfeminine\">https:\/\/www.facebook.com\/europepluralfeminine<\/a><\/p>\n\n\n\n<p>Instagram:&nbsp;<a href=\"https:\/\/www.instagram.com\/europepluralfeminine\/\">https:\/\/www.instagram.com\/europepluralfeminine\/<\/a><\/p>\n\n\n\n<p>Tik Tok:&nbsp;<a href=\"https:\/\/www.tiktok.com\/@europepluralfeminine\">https:\/\/www.tiktok.com\/@europepluralfeminine<\/a><\/p>\n\n\n\n<p>Linkedin:&nbsp;<a href=\"https:\/\/www.linkedin.com\/showcase\/epf-europe-plural-feminine\/\">https:\/\/www.linkedin.com\/showcase\/epf-europe-plural-feminine\/<\/a><\/p>\n\n\n\n<p><\/p>\n\n\n\n<p><\/p>\n\n\n\n<p><strong>Documentazione:<\/strong><\/p>\n\n\n\n<p>Politica di protezione e sicurezza dei minori-> <a href=\"https:\/\/italcamara-es.com\/wp-content\/uploads\/2026\/01\/Child-Policy-Firmata.pdf\" target=\"_blank\" rel=\"noreferrer noopener\">scarica il documento<\/a><\/p>\n\n\n\n<p><\/p>\n\n\n\n<p><em>Per maggiori informazioni: <a href=\"mailto:udesk@italcamara-es.com\" target=\"_blank\" rel=\"noreferrer noopener\">eudesk@italcamara-es.com<\/a><\/em><\/p>\n\n\n\n<p><\/p>\n","protected":false},"excerpt":{"rendered":"<p>Europe, plural, femenin esplora e promuove presso tutte le generazioni il processo di integrazione europea, evidenziandone i principi fondamentali incentrati sulla non discriminazione e sulla parit\u00e0 di genere. A partire dal Trattato di Roma, \u00e8 stato affermato il principio dell&#8217;uguaglianza di genere sul posto di lavoro, in termini di parit\u00e0 di retribuzione e di diritti, [&hellip;]<\/p>\n","protected":false},"author":1,"featured_media":58101,"comment_status":"open","ping_status":"open","sticky":false,"template":"","format":"standard","meta":{"inline_featured_image":false,"ocean_post_layout":"","ocean_both_sidebars_style":"","ocean_both_sidebars_content_width":0,"ocean_both_sidebars_sidebars_width":0,"ocean_sidebar":"","ocean_second_sidebar":"","ocean_disable_margins":"enable","ocean_add_body_class":"","ocean_shortcode_before_top_bar":"","ocean_shortcode_after_top_bar":"","ocean_shortcode_before_header":"","ocean_shortcode_after_header":"","ocean_has_shortcode":"","ocean_shortcode_after_title":"","ocean_shortcode_before_footer_widgets":"","ocean_shortcode_after_footer_widgets":"","ocean_shortcode_before_footer_bottom":"","ocean_shortcode_after_footer_bottom":"","ocean_display_top_bar":"default","ocean_display_header":"default","ocean_header_style":"","ocean_center_header_left_menu":"","ocean_custom_header_template":"","ocean_custom_logo":0,"ocean_custom_retina_logo":0,"ocean_custom_logo_max_width":0,"ocean_custom_logo_tablet_max_width":0,"ocean_custom_logo_mobile_max_width":0,"ocean_custom_logo_max_height":0,"ocean_custom_logo_tablet_max_height":0,"ocean_custom_logo_mobile_max_height":0,"ocean_header_custom_menu":"","ocean_menu_typo_font_family":"","ocean_menu_typo_font_subset":"","ocean_menu_typo_font_size":0,"ocean_menu_typo_font_size_tablet":0,"ocean_menu_typo_font_size_mobile":0,"ocean_menu_typo_font_size_unit":"px","ocean_menu_typo_font_weight":"","ocean_menu_typo_font_weight_tablet":"","ocean_menu_typo_font_weight_mobile":"","ocean_menu_typo_transform":"","ocean_menu_typo_transform_tablet":"","ocean_menu_typo_transform_mobile":"","ocean_menu_typo_line_height":0,"ocean_menu_typo_line_height_tablet":0,"ocean_menu_typo_line_height_mobile":0,"ocean_menu_typo_line_height_unit":"","ocean_menu_typo_spacing":0,"ocean_menu_typo_spacing_tablet":0,"ocean_menu_typo_spacing_mobile":0,"ocean_menu_typo_spacing_unit":"","ocean_menu_link_color":"","ocean_menu_link_color_hover":"","ocean_menu_link_color_active":"","ocean_menu_link_background":"","ocean_menu_link_hover_background":"","ocean_menu_link_active_background":"","ocean_menu_social_links_bg":"","ocean_menu_social_hover_links_bg":"","ocean_menu_social_links_color":"","ocean_menu_social_hover_links_color":"","ocean_disable_title":"default","ocean_disable_heading":"default","ocean_post_title":"","ocean_post_subheading":"","ocean_post_title_style":"","ocean_post_title_background_color":"","ocean_post_title_background":0,"ocean_post_title_bg_image_position":"","ocean_post_title_bg_image_attachment":"","ocean_post_title_bg_image_repeat":"","ocean_post_title_bg_image_size":"","ocean_post_title_height":0,"ocean_post_title_bg_overlay":0.5,"ocean_post_title_bg_overlay_color":"","ocean_disable_breadcrumbs":"default","ocean_breadcrumbs_color":"","ocean_breadcrumbs_separator_color":"","ocean_breadcrumbs_links_color":"","ocean_breadcrumbs_links_hover_color":"","ocean_display_footer_widgets":"default","ocean_display_footer_bottom":"default","ocean_custom_footer_template":"","ocean_post_oembed":"","ocean_post_self_hosted_media":"","ocean_post_video_embed":"","ocean_link_format":"","ocean_link_format_target":"self","ocean_quote_format":"","ocean_quote_format_link":"post","ocean_gallery_link_images":"on","ocean_gallery_id":[],"footnotes":""},"categories":[130,136],"tags":[],"class_list":["post-57349","post","type-post","status-publish","format-standard","has-post-thumbnail","hentry","category-eu-desk","category-progetti","entry","has-media"],"yoast_head":"<!-- This site is optimized with the Yoast SEO plugin v27.4 - https:\/\/yoast.com\/product\/yoast-seo-wordpress\/ -->\n<title>Europe, Plural, Femenine - Italcamara<\/title>\n<meta name=\"robots\" content=\"index, follow, max-snippet:-1, max-image-preview:large, max-video-preview:-1\" \/>\n<link rel=\"canonical\" href=\"https:\/\/italcamara-es.com\/it\/eu-desk\/europe-plural-femenine-2\/\" \/>\n<meta property=\"og:locale\" content=\"it_IT\" \/>\n<meta property=\"og:type\" content=\"article\" \/>\n<meta property=\"og:title\" content=\"Europe, Plural, Femenine - Italcamara\" \/>\n<meta property=\"og:description\" content=\"Europe, plural, femenin esplora e promuove presso tutte le generazioni il processo di integrazione europea, evidenziandone i principi fondamentali incentrati sulla non discriminazione e sulla parit\u00e0 di genere. A partire dal Trattato di Roma, \u00e8 stato affermato il principio dell&#8217;uguaglianza di genere sul posto di lavoro, in termini di parit\u00e0 di retribuzione e di diritti, [&hellip;]\" \/>\n<meta property=\"og:url\" content=\"https:\/\/italcamara-es.com\/it\/eu-desk\/europe-plural-femenine-2\/\" \/>\n<meta property=\"og:site_name\" content=\"Italcamara\" \/>\n<meta property=\"article:published_time\" content=\"2024-04-12T13:08:28+00:00\" \/>\n<meta property=\"article:modified_time\" content=\"2026-01-14T10:36:04+00:00\" \/>\n<meta property=\"og:image\" content=\"https:\/\/italcamara-es.com\/wp-content\/uploads\/2024\/04\/europe-plural-femenine_new.jpg\" \/>\n\t<meta property=\"og:image:width\" content=\"700\" \/>\n\t<meta property=\"og:image:height\" content=\"700\" \/>\n\t<meta property=\"og:image:type\" content=\"image\/jpeg\" \/>\n<meta name=\"author\" content=\"administrador\" \/>\n<meta name=\"twitter:card\" content=\"summary_large_image\" \/>\n<meta name=\"twitter:label1\" content=\"Scritto da\" \/>\n\t<meta name=\"twitter:data1\" content=\"administrador\" \/>\n\t<meta name=\"twitter:label2\" content=\"Tempo di lettura stimato\" \/>\n\t<meta name=\"twitter:data2\" content=\"3 minuti\" \/>\n<script type=\"application\/ld+json\" class=\"yoast-schema-graph\">{\"@context\":\"https:\\\/\\\/schema.org\",\"@graph\":[{\"@type\":\"Article\",\"@id\":\"https:\\\/\\\/italcamara-es.com\\\/it\\\/eu-desk\\\/europe-plural-femenine-2\\\/#article\",\"isPartOf\":{\"@id\":\"https:\\\/\\\/italcamara-es.com\\\/it\\\/eu-desk\\\/europe-plural-femenine-2\\\/\"},\"author\":{\"name\":\"administrador\",\"@id\":\"https:\\\/\\\/italcamara-es.com\\\/#\\\/schema\\\/person\\\/bb3c56263e405bbd9a15171dcfee93bb\"},\"headline\":\"Europe, Plural, Femenine\",\"datePublished\":\"2024-04-12T13:08:28+00:00\",\"dateModified\":\"2026-01-14T10:36:04+00:00\",\"mainEntityOfPage\":{\"@id\":\"https:\\\/\\\/italcamara-es.com\\\/it\\\/eu-desk\\\/europe-plural-femenine-2\\\/\"},\"wordCount\":609,\"commentCount\":0,\"image\":{\"@id\":\"https:\\\/\\\/italcamara-es.com\\\/it\\\/eu-desk\\\/europe-plural-femenine-2\\\/#primaryimage\"},\"thumbnailUrl\":\"https:\\\/\\\/italcamara-es.com\\\/wp-content\\\/uploads\\\/2024\\\/04\\\/europe-plural-femenine_new.jpg\",\"articleSection\":[\"EU DESK\",\"Progetti\"],\"inLanguage\":\"it-IT\",\"potentialAction\":[{\"@type\":\"CommentAction\",\"name\":\"Comment\",\"target\":[\"https:\\\/\\\/italcamara-es.com\\\/it\\\/eu-desk\\\/europe-plural-femenine-2\\\/#respond\"]}]},{\"@type\":\"WebPage\",\"@id\":\"https:\\\/\\\/italcamara-es.com\\\/it\\\/eu-desk\\\/europe-plural-femenine-2\\\/\",\"url\":\"https:\\\/\\\/italcamara-es.com\\\/it\\\/eu-desk\\\/europe-plural-femenine-2\\\/\",\"name\":\"Europe, Plural, Femenine - Italcamara\",\"isPartOf\":{\"@id\":\"https:\\\/\\\/italcamara-es.com\\\/#website\"},\"primaryImageOfPage\":{\"@id\":\"https:\\\/\\\/italcamara-es.com\\\/it\\\/eu-desk\\\/europe-plural-femenine-2\\\/#primaryimage\"},\"image\":{\"@id\":\"https:\\\/\\\/italcamara-es.com\\\/it\\\/eu-desk\\\/europe-plural-femenine-2\\\/#primaryimage\"},\"thumbnailUrl\":\"https:\\\/\\\/italcamara-es.com\\\/wp-content\\\/uploads\\\/2024\\\/04\\\/europe-plural-femenine_new.jpg\",\"datePublished\":\"2024-04-12T13:08:28+00:00\",\"dateModified\":\"2026-01-14T10:36:04+00:00\",\"author\":{\"@id\":\"https:\\\/\\\/italcamara-es.com\\\/#\\\/schema\\\/person\\\/bb3c56263e405bbd9a15171dcfee93bb\"},\"breadcrumb\":{\"@id\":\"https:\\\/\\\/italcamara-es.com\\\/it\\\/eu-desk\\\/europe-plural-femenine-2\\\/#breadcrumb\"},\"inLanguage\":\"it-IT\",\"potentialAction\":[{\"@type\":\"ReadAction\",\"target\":[\"https:\\\/\\\/italcamara-es.com\\\/it\\\/eu-desk\\\/europe-plural-femenine-2\\\/\"]}]},{\"@type\":\"ImageObject\",\"inLanguage\":\"it-IT\",\"@id\":\"https:\\\/\\\/italcamara-es.com\\\/it\\\/eu-desk\\\/europe-plural-femenine-2\\\/#primaryimage\",\"url\":\"https:\\\/\\\/italcamara-es.com\\\/wp-content\\\/uploads\\\/2024\\\/04\\\/europe-plural-femenine_new.jpg\",\"contentUrl\":\"https:\\\/\\\/italcamara-es.com\\\/wp-content\\\/uploads\\\/2024\\\/04\\\/europe-plural-femenine_new.jpg\",\"width\":700,\"height\":700},{\"@type\":\"BreadcrumbList\",\"@id\":\"https:\\\/\\\/italcamara-es.com\\\/it\\\/eu-desk\\\/europe-plural-femenine-2\\\/#breadcrumb\",\"itemListElement\":[{\"@type\":\"ListItem\",\"position\":1,\"name\":\"Inicio\",\"item\":\"https:\\\/\\\/italcamara-es.com\\\/it\\\/homepage-ita\\\/\"},{\"@type\":\"ListItem\",\"position\":2,\"name\":\"Europe, Plural, Femenine\"}]},{\"@type\":\"WebSite\",\"@id\":\"https:\\\/\\\/italcamara-es.com\\\/#website\",\"url\":\"https:\\\/\\\/italcamara-es.com\\\/\",\"name\":\"Italcamara\",\"description\":\"\",\"potentialAction\":[{\"@type\":\"SearchAction\",\"target\":{\"@type\":\"EntryPoint\",\"urlTemplate\":\"https:\\\/\\\/italcamara-es.com\\\/?s={search_term_string}\"},\"query-input\":{\"@type\":\"PropertyValueSpecification\",\"valueRequired\":true,\"valueName\":\"search_term_string\"}}],\"inLanguage\":\"it-IT\"},{\"@type\":\"Person\",\"@id\":\"https:\\\/\\\/italcamara-es.com\\\/#\\\/schema\\\/person\\\/bb3c56263e405bbd9a15171dcfee93bb\",\"name\":\"administrador\",\"image\":{\"@type\":\"ImageObject\",\"inLanguage\":\"it-IT\",\"@id\":\"https:\\\/\\\/secure.gravatar.com\\\/avatar\\\/14b5e63db38320b12031bb28cf9f77e210aa71fb3a8a3602a3c9a05134fa75eb?s=96&d=mm&r=g\",\"url\":\"https:\\\/\\\/secure.gravatar.com\\\/avatar\\\/14b5e63db38320b12031bb28cf9f77e210aa71fb3a8a3602a3c9a05134fa75eb?s=96&d=mm&r=g\",\"contentUrl\":\"https:\\\/\\\/secure.gravatar.com\\\/avatar\\\/14b5e63db38320b12031bb28cf9f77e210aa71fb3a8a3602a3c9a05134fa75eb?s=96&d=mm&r=g\",\"caption\":\"administrador\"},\"sameAs\":[\"http:\\\/\\\/pre.italcamara-es.com\"],\"url\":\"https:\\\/\\\/italcamara-es.com\\\/it\\\/author\\\/administrador\\\/\"}]}<\/script>\n<!-- \/ Yoast SEO plugin. -->","yoast_head_json":{"title":"Europe, Plural, Femenine - Italcamara","robots":{"index":"index","follow":"follow","max-snippet":"max-snippet:-1","max-image-preview":"max-image-preview:large","max-video-preview":"max-video-preview:-1"},"canonical":"https:\/\/italcamara-es.com\/it\/eu-desk\/europe-plural-femenine-2\/","og_locale":"it_IT","og_type":"article","og_title":"Europe, Plural, Femenine - Italcamara","og_description":"Europe, plural, femenin esplora e promuove presso tutte le generazioni il processo di integrazione europea, evidenziandone i principi fondamentali incentrati sulla non discriminazione e sulla parit\u00e0 di genere. A partire dal Trattato di Roma, \u00e8 stato affermato il principio dell&#8217;uguaglianza di genere sul posto di lavoro, in termini di parit\u00e0 di retribuzione e di diritti, [&hellip;]","og_url":"https:\/\/italcamara-es.com\/it\/eu-desk\/europe-plural-femenine-2\/","og_site_name":"Italcamara","article_published_time":"2024-04-12T13:08:28+00:00","article_modified_time":"2026-01-14T10:36:04+00:00","og_image":[{"width":700,"height":700,"url":"https:\/\/italcamara-es.com\/wp-content\/uploads\/2024\/04\/europe-plural-femenine_new.jpg","type":"image\/jpeg"}],"author":"administrador","twitter_card":"summary_large_image","twitter_misc":{"Scritto da":"administrador","Tempo di lettura stimato":"3 minuti"},"schema":{"@context":"https:\/\/schema.org","@graph":[{"@type":"Article","@id":"https:\/\/italcamara-es.com\/it\/eu-desk\/europe-plural-femenine-2\/#article","isPartOf":{"@id":"https:\/\/italcamara-es.com\/it\/eu-desk\/europe-plural-femenine-2\/"},"author":{"name":"administrador","@id":"https:\/\/italcamara-es.com\/#\/schema\/person\/bb3c56263e405bbd9a15171dcfee93bb"},"headline":"Europe, Plural, Femenine","datePublished":"2024-04-12T13:08:28+00:00","dateModified":"2026-01-14T10:36:04+00:00","mainEntityOfPage":{"@id":"https:\/\/italcamara-es.com\/it\/eu-desk\/europe-plural-femenine-2\/"},"wordCount":609,"commentCount":0,"image":{"@id":"https:\/\/italcamara-es.com\/it\/eu-desk\/europe-plural-femenine-2\/#primaryimage"},"thumbnailUrl":"https:\/\/italcamara-es.com\/wp-content\/uploads\/2024\/04\/europe-plural-femenine_new.jpg","articleSection":["EU DESK","Progetti"],"inLanguage":"it-IT","potentialAction":[{"@type":"CommentAction","name":"Comment","target":["https:\/\/italcamara-es.com\/it\/eu-desk\/europe-plural-femenine-2\/#respond"]}]},{"@type":"WebPage","@id":"https:\/\/italcamara-es.com\/it\/eu-desk\/europe-plural-femenine-2\/","url":"https:\/\/italcamara-es.com\/it\/eu-desk\/europe-plural-femenine-2\/","name":"Europe, Plural, Femenine - Italcamara","isPartOf":{"@id":"https:\/\/italcamara-es.com\/#website"},"primaryImageOfPage":{"@id":"https:\/\/italcamara-es.com\/it\/eu-desk\/europe-plural-femenine-2\/#primaryimage"},"image":{"@id":"https:\/\/italcamara-es.com\/it\/eu-desk\/europe-plural-femenine-2\/#primaryimage"},"thumbnailUrl":"https:\/\/italcamara-es.com\/wp-content\/uploads\/2024\/04\/europe-plural-femenine_new.jpg","datePublished":"2024-04-12T13:08:28+00:00","dateModified":"2026-01-14T10:36:04+00:00","author":{"@id":"https:\/\/italcamara-es.com\/#\/schema\/person\/bb3c56263e405bbd9a15171dcfee93bb"},"breadcrumb":{"@id":"https:\/\/italcamara-es.com\/it\/eu-desk\/europe-plural-femenine-2\/#breadcrumb"},"inLanguage":"it-IT","potentialAction":[{"@type":"ReadAction","target":["https:\/\/italcamara-es.com\/it\/eu-desk\/europe-plural-femenine-2\/"]}]},{"@type":"ImageObject","inLanguage":"it-IT","@id":"https:\/\/italcamara-es.com\/it\/eu-desk\/europe-plural-femenine-2\/#primaryimage","url":"https:\/\/italcamara-es.com\/wp-content\/uploads\/2024\/04\/europe-plural-femenine_new.jpg","contentUrl":"https:\/\/italcamara-es.com\/wp-content\/uploads\/2024\/04\/europe-plural-femenine_new.jpg","width":700,"height":700},{"@type":"BreadcrumbList","@id":"https:\/\/italcamara-es.com\/it\/eu-desk\/europe-plural-femenine-2\/#breadcrumb","itemListElement":[{"@type":"ListItem","position":1,"name":"Inicio","item":"https:\/\/italcamara-es.com\/it\/homepage-ita\/"},{"@type":"ListItem","position":2,"name":"Europe, Plural, Femenine"}]},{"@type":"WebSite","@id":"https:\/\/italcamara-es.com\/#website","url":"https:\/\/italcamara-es.com\/","name":"Italcamara","description":"","potentialAction":[{"@type":"SearchAction","target":{"@type":"EntryPoint","urlTemplate":"https:\/\/italcamara-es.com\/?s={search_term_string}"},"query-input":{"@type":"PropertyValueSpecification","valueRequired":true,"valueName":"search_term_string"}}],"inLanguage":"it-IT"},{"@type":"Person","@id":"https:\/\/italcamara-es.com\/#\/schema\/person\/bb3c56263e405bbd9a15171dcfee93bb","name":"administrador","image":{"@type":"ImageObject","inLanguage":"it-IT","@id":"https:\/\/secure.gravatar.com\/avatar\/14b5e63db38320b12031bb28cf9f77e210aa71fb3a8a3602a3c9a05134fa75eb?s=96&d=mm&r=g","url":"https:\/\/secure.gravatar.com\/avatar\/14b5e63db38320b12031bb28cf9f77e210aa71fb3a8a3602a3c9a05134fa75eb?s=96&d=mm&r=g","contentUrl":"https:\/\/secure.gravatar.com\/avatar\/14b5e63db38320b12031bb28cf9f77e210aa71fb3a8a3602a3c9a05134fa75eb?s=96&d=mm&r=g","caption":"administrador"},"sameAs":["http:\/\/pre.italcamara-es.com"],"url":"https:\/\/italcamara-es.com\/it\/author\/administrador\/"}]}},"rttpg_featured_image_url":{"full":["https:\/\/italcamara-es.com\/wp-content\/uploads\/2024\/04\/europe-plural-femenine_new.jpg",700,700,false],"landscape":["https:\/\/italcamara-es.com\/wp-content\/uploads\/2024\/04\/europe-plural-femenine_new.jpg",700,700,false],"portraits":["https:\/\/italcamara-es.com\/wp-content\/uploads\/2024\/04\/europe-plural-femenine_new.jpg",700,700,false],"thumbnail":["https:\/\/italcamara-es.com\/wp-content\/uploads\/2024\/04\/europe-plural-femenine_new-150x150.jpg",150,150,true],"medium":["https:\/\/italcamara-es.com\/wp-content\/uploads\/2024\/04\/europe-plural-femenine_new-300x300.jpg",300,300,true],"large":["https:\/\/italcamara-es.com\/wp-content\/uploads\/2024\/04\/europe-plural-femenine_new.jpg",700,700,false],"1536x1536":["https:\/\/italcamara-es.com\/wp-content\/uploads\/2024\/04\/europe-plural-femenine_new.jpg",700,700,false],"2048x2048":["https:\/\/italcamara-es.com\/wp-content\/uploads\/2024\/04\/europe-plural-femenine_new.jpg",700,700,false],"ocean-thumb-m":["https:\/\/italcamara-es.com\/wp-content\/uploads\/2024\/04\/europe-plural-femenine_new-600x600.jpg",600,600,true],"ocean-thumb-ml":["https:\/\/italcamara-es.com\/wp-content\/uploads\/2024\/04\/europe-plural-femenine_new-700x450.jpg",700,450,true],"ocean-thumb-l":["https:\/\/italcamara-es.com\/wp-content\/uploads\/2024\/04\/europe-plural-femenine_new.jpg",700,700,false],"directorist_preview":["https:\/\/italcamara-es.com\/wp-content\/uploads\/2024\/04\/europe-plural-femenine_new-640x360.jpg",640,360,true]},"rttpg_author":{"display_name":"administrador","author_link":"https:\/\/italcamara-es.com\/it\/author\/administrador\/"},"rttpg_comment":0,"rttpg_category":"<a href=\"https:\/\/italcamara-es.com\/it\/category\/eu-desk\/\" rel=\"category tag\">EU DESK<\/a> <a href=\"https:\/\/italcamara-es.com\/it\/category\/progetti\/\" rel=\"category tag\">Progetti<\/a>","rttpg_excerpt":"Europe, plural, femenin esplora e promuove presso tutte le generazioni il processo di integrazione europea, evidenziandone i principi fondamentali incentrati sulla non discriminazione e sulla parit\u00e0 di genere. A partire dal Trattato di Roma, \u00e8 stato affermato il principio dell&#8217;uguaglianza di genere sul posto di lavoro, in termini di parit\u00e0 di retribuzione e di diritti,&hellip;","_links":{"self":[{"href":"https:\/\/italcamara-es.com\/it\/wp-json\/wp\/v2\/posts\/57349","targetHints":{"allow":["GET"]}}],"collection":[{"href":"https:\/\/italcamara-es.com\/it\/wp-json\/wp\/v2\/posts"}],"about":[{"href":"https:\/\/italcamara-es.com\/it\/wp-json\/wp\/v2\/types\/post"}],"author":[{"embeddable":true,"href":"https:\/\/italcamara-es.com\/it\/wp-json\/wp\/v2\/users\/1"}],"replies":[{"embeddable":true,"href":"https:\/\/italcamara-es.com\/it\/wp-json\/wp\/v2\/comments?post=57349"}],"version-history":[{"count":2,"href":"https:\/\/italcamara-es.com\/it\/wp-json\/wp\/v2\/posts\/57349\/revisions"}],"predecessor-version":[{"id":60322,"href":"https:\/\/italcamara-es.com\/it\/wp-json\/wp\/v2\/posts\/57349\/revisions\/60322"}],"wp:featuredmedia":[{"embeddable":true,"href":"https:\/\/italcamara-es.com\/it\/wp-json\/wp\/v2\/media\/58101"}],"wp:attachment":[{"href":"https:\/\/italcamara-es.com\/it\/wp-json\/wp\/v2\/media?parent=57349"}],"wp:term":[{"taxonomy":"category","embeddable":true,"href":"https:\/\/italcamara-es.com\/it\/wp-json\/wp\/v2\/categories?post=57349"},{"taxonomy":"post_tag","embeddable":true,"href":"https:\/\/italcamara-es.com\/it\/wp-json\/wp\/v2\/tags?post=57349"}],"curies":[{"name":"wp","href":"https:\/\/api.w.org\/{rel}","templated":true}]}}