	{"id":57351,"date":"2025-02-24T10:55:40","date_gmt":"2025-02-24T09:55:40","guid":{"rendered":"http:\/\/pre.italcamara-es.com\/senza-categoria\/v-o-i-c-e-vision-opportunity-inclusion-community-equality-2\/"},"modified":"2025-05-09T10:16:37","modified_gmt":"2025-05-09T08:16:37","slug":"v-o-i-c-e-vision-opportunity-inclusion-community-equality-2","status":"publish","type":"post","link":"https:\/\/italcamara-es.com\/it\/eu-desk\/v-o-i-c-e-vision-opportunity-inclusion-community-equality-2\/","title":{"rendered":"V.O.I.C.E. &#8211; Vision, Opportunity, Inclusion, Community, Equality"},"content":{"rendered":"\n<p>V.O.I.C.E. cerca di smontare gli stereotipi di genere e promuovere un&#8217;equa distribuzione delle responsabilit\u00e0 di cura. Attraverso la ricerca, gli strumenti educativi e le campagne di sensibilizzazione, il progetto promuove un cambiamento culturale per favorire la parit\u00e0 di genere fin dalla tenera et\u00e0.<\/p>\n\n\n\n<!--more-->\n\n\n\n<p><em>(English below)<\/em><\/p>\n\n\n\n<p><strong><em>Il progetto:<\/em><\/strong><\/p>\n\n\n\n<p>V.O.I.C.E. si basa sulla premessa fondamentale che ogni donna dovrebbe avere le stesse possibilit\u00e0 di scelta e di sviluppo del proprio progetto di vita, senza essere condizionata dall\u2019ingiusto carico mentale della cura della casa o dalla prospettiva delle nostre societ\u00e0 che faticano a riconoscere le potenzialit\u00e0 soffocate dalla discriminazione di genere e dagli stereotipi. A questo proposito, V.O.I.C.E. mobilita un consorzio europeo di espert\u025c in inclusione sociale, antidiscriminazione, consapevolezza di genere ed educazione non formale per smantellare i persistenti stereotipi di genere e facilitare l\u2019equa distribuzione delle responsabilit\u00e0 di cura attraverso un approccio trasformativo di genere. Sensibilizzando sul divario di genere in materia di lavoro di cura, il progetto promuover\u00e0 una cultura del lavoro locale che incoraggia un modello di cura a doppio reddito fin dalla giovane et\u00e0.<\/p>\n\n\n\n<p><strong><em>Obiettivi<\/em><\/strong>:<\/p>\n\n\n\n<p>&#8211; Analizzare le cause profonde del gender care gap, compresa la trasmissione diretta e indiretta degli stereotipi di genere.<\/p>\n\n\n\n<p>&#8211; Sviluppare un modello europeo e un kit di strumenti che incarni una visione culturalmente inclusiva, che faciliti le parti interessate che interagiscono con bambin\u025c, giovani e genitori per favorire un cambiamento sostenibile e promuovere un approccio trasformativo di genere.<\/p>\n\n\n\n<p>&#8211; Coinvolgere le comunit\u00e0 educative per migliorare la comprensione e il sostegno alla parit\u00e0 di genere nelle responsabilit\u00e0 di cura.<\/p>\n\n\n\n<p>&#8211; Sensibilizzare sugli stereotipi di genere persistenti e promuovere un\u2019equa distribuzione delle responsabilit\u00e0 di cura.<\/p>\n\n\n\n<p>&#8211; Stabilire iniziative guidate dalla comunit\u00e0 che diano potere agli individui e promuovano la partecipazione attiva nel promuovere l\u2019uguaglianza di genere.<\/p>\n\n\n\n<p><em><strong>Attivit\u00e0:<\/strong><\/em><\/p>\n\n\n\n<p>&#8211; Ricerca sul campo sulle prospettive e le intuizioni relative agli stereotipi di genere e alla discriminazione di genere.<\/p>\n\n\n\n<p>&#8211;  Creazione e implementazione del Modello V.O.I.C.E. con attivit\u00e0 di sensibilizzazione sul divario di genere tra le reti locali, tra giovani e tra le donne e le persone in situazioni di vulnerabilit\u00e0.<\/p>\n\n\n\n<p>&#8211; Sviluppo della serie di podcast \u201cLet\u2019s hear your V.O.I.C.E.\u201d per capitalizzare il Modello V.O.I.C.E.<\/p>\n\n\n\n<p>&#8211; Produzione e diffusione della campagna di sensibilizzazione V.O.I.C.E. sul gender care gap.<\/p>\n\n\n\n<p>&#8211; Evento finale internazionale.<\/p>\n\n\n\n<p><strong><em>Risorse:<\/em><\/strong><\/p>\n\n\n\n<p>&#8211; Rapporto sulla metodologia V.O.I.C.E con una descrizione passo dopo passo dell\u2019approccio V.O.I.C.E.<\/p>\n\n\n\n<p>&#8211; Toolkit V.O.I.C.E per promuovere la consapevolezza e l\u2019inclusivit\u00e0 di genere, con moduli su attivit\u00e0 interattive, giochi ed esercizi per bambin\u025c, educator\u025c e operator\u025c giovanili.<\/p>\n\n\n\n<p>&#8211; Strumento interattivo basato sul web che illustra il percorso e le tappe del progetto V.O.I.C.E.<\/p>\n\n\n\n<p>&#8211; Episodi del podcast \u201cLet\u2019s hear your V.O.I.C.E.\u201d<\/p>\n\n\n\n<p><em><strong>Partners:<\/strong><\/em><\/p>\n\n\n\n<p>&#8211; <a href=\"https:\/\/community-asso.org\/\" target=\"_blank\" rel=\"noreferrer noopener\">ASSOCIATION COMMUNITY<\/a>&nbsp;(Francia, coordinatore)<\/p>\n\n\n\n<p><a href=\"https:\/\/www.bellidee.fr\/\" target=\"_blank\" rel=\"noreferrer noopener\">&#8211; Association Bellid\u00e9e<\/a>&nbsp;(Francia)<\/p>\n\n\n\n<p><a href=\"https:\/\/vivonsenforme.org\/qui-sommes-nous\/\" target=\"_blank\" rel=\"noreferrer noopener\">&#8211; VIF \/ ASSOCIATION FLVS&nbsp;<\/a>(Francia)<\/p>\n\n\n\n<p>&#8211; <a href=\"https:\/\/consol.coop\/arci-solidarieta.html\" target=\"_blank\" rel=\"noreferrer noopener\">ARCI Solidariet\u00e0 Societ\u00e0 Cooperativa Sociale<\/a>&nbsp;(Italia)<\/p>\n\n\n\n<p>&#8211; <a href=\"https:\/\/cesie.org\/en\/about-us\/\">CESIE ETS<\/a>&nbsp;(Italia)<\/p>\n\n\n\n<p><a href=\"https:\/\/www.europeancampus.it\/\" target=\"_blank\" rel=\"noreferrer noopener\">&#8211; APS EUROPEAN CAMPUS<\/a>&nbsp;(Italia)<\/p>\n\n\n\n<p><a href=\"https:\/\/asur.ro\/\" target=\"_blank\" rel=\"noreferrer noopener\">&#8211; Asociatia Secular-Umanista din Romania<\/a>&nbsp;(Romania)<\/p>\n\n\n\n<p>&#8211; <a href=\"https:\/\/activeyouth.lt\/?lang=en\" target=\"_blank\" rel=\"noreferrer noopener\">AY Institute<\/a>&nbsp;(Lituania)<\/p>\n\n\n\n<p><a href=\"https:\/\/www.italcamara-es.com\/\" target=\"_blank\" rel=\"noreferrer noopener\">&#8211; C\u00e1mara de Comercio Italiana para Espa\u00f1a&nbsp;<\/a>&nbsp;(Spagna)<\/p>\n\n\n\n<p><a href=\"https:\/\/www.demussen.nl\/\" target=\"_blank\" rel=\"noreferrer noopener\">&#8211; De Mussen<\/a>&nbsp;(Paesi Bassi)<\/p>\n\n\n\n<p><strong><em>Dettagli del progetto:<\/em><\/strong><\/p>\n\n\n\n<p>&#8211; Bando: CERV-2024-GE<\/p>\n\n\n\n<p>&#8211; Numero del progetto: 101191170<\/p>\n\n\n\n<p>&#8211; Data di inizio: 01\/02\/2025<\/p>\n\n\n\n<p>&#8211; Data di fine: 31\/01\/2027<\/p>\n\n\n\n<p>&#8211; Coordinatore: ASSOCIATION COMMUNITY (Francia)<\/p>\n\n\n\n<p><\/p>\n\n\n\n<p><strong><a href=\"https:\/\/www.italcamara-es.com\/wp-content\/uploads\/2025\/02\/CCIS-Child-Protection-Policy-con-dati.pdf\" target=\"_blank\" rel=\"noopener\">Scarica la Child Policy del progetto<\/a><\/strong><\/p>\n\n\n\n<hr class=\"wp-block-separator has-alpha-channel-opacity\"\/>\n\n\n\n<p><strong><em>The project:<\/em><\/strong><\/p>\n\n\n\n<p>V.O.I.C.E. project is based on the fundamental premise that every woman should have the same possibilities of choice and development in their life project, without being affected by the unfair mental burden of household care or by the perspective of our societies that struggle to recognize the potentials stifled by gender discrimination and stereotypes. In this regard, V.O.I.C.E. mobilizes a European consortium of experts in social inclusion, anti-discrimination, gender awareness, and non-formal education to dismantle persistent gender stereotypes and facilitate the equitable distribution of care responsibilities through a gender transformative approach. By raising awareness over the gender care gap, the project will promote a local work culture that encourages a dual earner dual care model from a young age.<\/p>\n\n\n\n<p><strong><em>Objectives<\/em><\/strong>:<\/p>\n\n\n\n<p>\u2013 To analyse the root causes of the gender care gap, including direct and indirect transmission of gender stereotypes.<\/p>\n\n\n\n<p>\u2013 To develop a European model and toolkit that embodies a culturally inclusive vision, facilitating stakeholders who interact with children, youth, and parents to foster sustainable change and promote a gender transformative approach.<\/p>\n\n\n\n<p>\u2013 To engage educational communities to enhance understanding and support for gender equality in care responsibilities.<\/p>\n\n\n\n<p>\u2013 To raise awareness on persistent gender stereotypes and promote the equitable distribution of care responsibilities.<\/p>\n\n\n\n<p>\u2013 To establish community-led initiatives that empower individuals and promote active participation in advancing gender equality.<\/p>\n\n\n\n<p><strong><em>Activities<\/em><\/strong>:<\/p>\n\n\n\n<p>\u2013 Field research on perspectives and insights related to gender stereotypes and gender discrimination.<\/p>\n\n\n\n<p>\u2013 Creation and implementation of the V.O.I.C.E Model with activities to raise awareness on the gender care gap among local networks, among children, and among women and people in vulnerable situations.<\/p>\n\n\n\n<p>\u2013 Development of \u201cLet\u2019s hear your V.O.I.C.E.\u201d podcast series to capitalize the V.O.I.C.E Model.<\/p>\n\n\n\n<p>\u2013 Production and roll out of the V.O.I.C.E. awareness campaign on the gender care gap.<\/p>\n\n\n\n<p>\u2013 Final International Event<\/p>\n\n\n\n<p><strong><em>Resources<\/em><\/strong>:<\/p>\n\n\n\n<p>\u2013 V.O.I.C.E methodology report with a step by step of the V.O.I.C.E approach<\/p>\n\n\n\n<p>\u2013 V.O.I.C.E Toolkit to foster gender awareness and inclusivity, with modules on interactive activities, games, and exercises for children, and for educators and youth workers.<\/p>\n\n\n\n<p>\u2013 Interactive web-based tool showcasing the V.O.I.C.E. project\u2019s journey and milestones<\/p>\n\n\n\n<p>\u2013 \u201cLet\u2019s hear your V.O.I.C.E.\u201d podcast episodes.<\/p>\n\n\n\n<p><strong><em>Partners<\/em><\/strong>:<\/p>\n\n\n\n<p>\u2013&nbsp;<a href=\"https:\/\/community-asso.org\/\" target=\"_blank\" rel=\"noreferrer noopener\">ASSOCIATION COMMUNITY<\/a>&nbsp;(France, coordinator)<\/p>\n\n\n\n<p><a href=\"https:\/\/www.bellidee.fr\/\" target=\"_blank\" rel=\"noreferrer noopener\">\u2013 Association Bellid\u00e9e<\/a>&nbsp;(France)<\/p>\n\n\n\n<p><a href=\"https:\/\/vivonsenforme.org\/qui-sommes-nous\/\" target=\"_blank\" rel=\"noreferrer noopener\">\u2013 VIF \/ ASSOCIATION FLVS&nbsp;<\/a>(France)<\/p>\n\n\n\n<p><a href=\"https:\/\/www.italcamara-es.com\/\" target=\"_blank\" rel=\"noreferrer noopener\">\u2013 C\u00e1mara de Comercio Italiana para Espa\u00f1a&nbsp;<\/a>&nbsp;(Spain)<\/p>\n\n\n\n<p><a href=\"https:\/\/consol.coop\/arci-solidarieta.html\" target=\"_blank\" rel=\"noreferrer noopener\">\u2013 ARCI Solidariet\u00e0 Societ\u00e0 Cooperativa Sociale<\/a>&nbsp;(Italy)<\/p>\n\n\n\n<p><a href=\"https:\/\/cesie.org\/en\/about-us\/\">\u2013 CESIE ETS<\/a>&nbsp;(Italy)<\/p>\n\n\n\n<p><a href=\"https:\/\/www.europeancampus.it\/\" target=\"_blank\" rel=\"noreferrer noopener\">\u2013 APS EUROPEAN CAMPUS<\/a>&nbsp;(Italy)<\/p>\n\n\n\n<p><a href=\"https:\/\/asur.ro\/\" target=\"_blank\" rel=\"noreferrer noopener\">\u2013 Asociatia Secular-Umanista din Romania<\/a>&nbsp;(Romania)<\/p>\n\n\n\n<p><a href=\"https:\/\/activeyouth.lt\/?lang=en\" target=\"_blank\" rel=\"noreferrer noopener\">\u2013 AY Institute<\/a>&nbsp;(Lithuania)<\/p>\n\n\n\n<p><a href=\"https:\/\/www.demussen.nl\/\" target=\"_blank\" rel=\"noreferrer noopener\">De Mussen<\/a>&nbsp;(Netherlands)<\/p>\n\n\n\n<p><strong><em>Project details:<\/em><\/strong><\/p>\n\n\n\n<p>\u2013 Call: CERV-2024-GE<br>\u2013 Project number: 101191170<br>\u2013 Start date: 01\/02\/2025<br>\u2013 End date: 31\/01\/2027<br>\u2013 Coordinator: ASSOCIATION COMMUNITY (France)<\/p>\n\n\n\n<p><\/p>\n\n\n\n<p><strong><a href=\"https:\/\/www.italcamara-es.com\/wp-content\/uploads\/2025\/02\/CCIS-Child-Protection-Policy-con-dati.pdf\" target=\"_blank\" rel=\"noopener\">Child Policy<\/a><\/strong><\/p>\n","protected":false},"excerpt":{"rendered":"<p>V.O.I.C.E. cerca di smontare gli stereotipi di genere e promuovere un&#8217;equa distribuzione delle responsabilit\u00e0 di cura. Attraverso la ricerca, gli strumenti educativi e le campagne di sensibilizzazione, il progetto promuove un cambiamento culturale per favorire la parit\u00e0 di genere fin dalla tenera et\u00e0.<\/p>\n","protected":false},"author":1,"featured_media":58103,"comment_status":"open","ping_status":"open","sticky":false,"template":"","format":"standard","meta":{"inline_featured_image":false,"ocean_post_layout":"","ocean_both_sidebars_style":"","ocean_both_sidebars_content_width":0,"ocean_both_sidebars_sidebars_width":0,"ocean_sidebar":"","ocean_second_sidebar":"","ocean_disable_margins":"enable","ocean_add_body_class":"","ocean_shortcode_before_top_bar":"","ocean_shortcode_after_top_bar":"","ocean_shortcode_before_header":"","ocean_shortcode_after_header":"","ocean_has_shortcode":"","ocean_shortcode_after_title":"","ocean_shortcode_before_footer_widgets":"","ocean_shortcode_after_footer_widgets":"","ocean_shortcode_before_footer_bottom":"","ocean_shortcode_after_footer_bottom":"","ocean_display_top_bar":"default","ocean_display_header":"default","ocean_header_style":"","ocean_center_header_left_menu":"","ocean_custom_header_template":"","ocean_custom_logo":0,"ocean_custom_retina_logo":0,"ocean_custom_logo_max_width":0,"ocean_custom_logo_tablet_max_width":0,"ocean_custom_logo_mobile_max_width":0,"ocean_custom_logo_max_height":0,"ocean_custom_logo_tablet_max_height":0,"ocean_custom_logo_mobile_max_height":0,"ocean_header_custom_menu":"","ocean_menu_typo_font_family":"","ocean_menu_typo_font_subset":"","ocean_menu_typo_font_size":0,"ocean_menu_typo_font_size_tablet":0,"ocean_menu_typo_font_size_mobile":0,"ocean_menu_typo_font_size_unit":"px","ocean_menu_typo_font_weight":"","ocean_menu_typo_font_weight_tablet":"","ocean_menu_typo_font_weight_mobile":"","ocean_menu_typo_transform":"","ocean_menu_typo_transform_tablet":"","ocean_menu_typo_transform_mobile":"","ocean_menu_typo_line_height":0,"ocean_menu_typo_line_height_tablet":0,"ocean_menu_typo_line_height_mobile":0,"ocean_menu_typo_line_height_unit":"","ocean_menu_typo_spacing":0,"ocean_menu_typo_spacing_tablet":0,"ocean_menu_typo_spacing_mobile":0,"ocean_menu_typo_spacing_unit":"","ocean_menu_link_color":"","ocean_menu_link_color_hover":"","ocean_menu_link_color_active":"","ocean_menu_link_background":"","ocean_menu_link_hover_background":"","ocean_menu_link_active_background":"","ocean_menu_social_links_bg":"","ocean_menu_social_hover_links_bg":"","ocean_menu_social_links_color":"","ocean_menu_social_hover_links_color":"","ocean_disable_title":"default","ocean_disable_heading":"default","ocean_post_title":"","ocean_post_subheading":"","ocean_post_title_style":"","ocean_post_title_background_color":"","ocean_post_title_background":0,"ocean_post_title_bg_image_position":"","ocean_post_title_bg_image_attachment":"","ocean_post_title_bg_image_repeat":"","ocean_post_title_bg_image_size":"","ocean_post_title_height":0,"ocean_post_title_bg_overlay":0.5,"ocean_post_title_bg_overlay_color":"","ocean_disable_breadcrumbs":"default","ocean_breadcrumbs_color":"","ocean_breadcrumbs_separator_color":"","ocean_breadcrumbs_links_color":"","ocean_breadcrumbs_links_hover_color":"","ocean_display_footer_widgets":"default","ocean_display_footer_bottom":"default","ocean_custom_footer_template":"","ocean_post_oembed":"","ocean_post_self_hosted_media":"","ocean_post_video_embed":"","ocean_link_format":"","ocean_link_format_target":"self","ocean_quote_format":"","ocean_quote_format_link":"post","ocean_gallery_link_images":"on","ocean_gallery_id":[],"footnotes":""},"categories":[130,136],"tags":[],"class_list":["post-57351","post","type-post","status-publish","format-standard","has-post-thumbnail","hentry","category-eu-desk","category-progetti","entry","has-media"],"yoast_head":"<!-- This site is optimized with the Yoast SEO plugin v27.4 - https:\/\/yoast.com\/product\/yoast-seo-wordpress\/ -->\n<title>V.O.I.C.E. - Vision, Opportunity, Inclusion, Community, Equality - Italcamara<\/title>\n<meta name=\"robots\" content=\"index, follow, max-snippet:-1, max-image-preview:large, max-video-preview:-1\" \/>\n<link rel=\"canonical\" href=\"https:\/\/italcamara-es.com\/it\/eu-desk\/v-o-i-c-e-vision-opportunity-inclusion-community-equality-2\/\" \/>\n<meta property=\"og:locale\" content=\"it_IT\" \/>\n<meta property=\"og:type\" content=\"article\" \/>\n<meta property=\"og:title\" content=\"V.O.I.C.E. - Vision, Opportunity, Inclusion, Community, Equality - Italcamara\" \/>\n<meta property=\"og:description\" content=\"V.O.I.C.E. cerca di smontare gli stereotipi di genere e promuovere un&#8217;equa distribuzione delle responsabilit\u00e0 di cura. Attraverso la ricerca, gli strumenti educativi e le campagne di sensibilizzazione, il progetto promuove un cambiamento culturale per favorire la parit\u00e0 di genere fin dalla tenera et\u00e0.\" \/>\n<meta property=\"og:url\" content=\"https:\/\/italcamara-es.com\/it\/eu-desk\/v-o-i-c-e-vision-opportunity-inclusion-community-equality-2\/\" \/>\n<meta property=\"og:site_name\" content=\"Italcamara\" \/>\n<meta property=\"article:published_time\" content=\"2025-02-24T09:55:40+00:00\" \/>\n<meta property=\"article:modified_time\" content=\"2025-05-09T08:16:37+00:00\" \/>\n<meta property=\"og:image\" content=\"https:\/\/italcamara-es.com\/wp-content\/uploads\/2025\/02\/voice_new.jpg\" \/>\n\t<meta property=\"og:image:width\" content=\"700\" \/>\n\t<meta property=\"og:image:height\" content=\"700\" \/>\n\t<meta property=\"og:image:type\" content=\"image\/jpeg\" \/>\n<meta name=\"author\" content=\"administrador\" \/>\n<meta name=\"twitter:card\" content=\"summary_large_image\" \/>\n<meta name=\"twitter:label1\" content=\"Scritto da\" \/>\n\t<meta name=\"twitter:data1\" content=\"administrador\" \/>\n\t<meta name=\"twitter:label2\" content=\"Tempo di lettura stimato\" \/>\n\t<meta name=\"twitter:data2\" content=\"5 minuti\" \/>\n<script type=\"application\/ld+json\" class=\"yoast-schema-graph\">{\"@context\":\"https:\\\/\\\/schema.org\",\"@graph\":[{\"@type\":\"Article\",\"@id\":\"https:\\\/\\\/italcamara-es.com\\\/it\\\/eu-desk\\\/v-o-i-c-e-vision-opportunity-inclusion-community-equality-2\\\/#article\",\"isPartOf\":{\"@id\":\"https:\\\/\\\/italcamara-es.com\\\/it\\\/eu-desk\\\/v-o-i-c-e-vision-opportunity-inclusion-community-equality-2\\\/\"},\"author\":{\"name\":\"administrador\",\"@id\":\"https:\\\/\\\/italcamara-es.com\\\/#\\\/schema\\\/person\\\/bb3c56263e405bbd9a15171dcfee93bb\"},\"headline\":\"V.O.I.C.E. &#8211; Vision, Opportunity, Inclusion, Community, Equality\",\"datePublished\":\"2025-02-24T09:55:40+00:00\",\"dateModified\":\"2025-05-09T08:16:37+00:00\",\"mainEntityOfPage\":{\"@id\":\"https:\\\/\\\/italcamara-es.com\\\/it\\\/eu-desk\\\/v-o-i-c-e-vision-opportunity-inclusion-community-equality-2\\\/\"},\"wordCount\":1070,\"commentCount\":0,\"image\":{\"@id\":\"https:\\\/\\\/italcamara-es.com\\\/it\\\/eu-desk\\\/v-o-i-c-e-vision-opportunity-inclusion-community-equality-2\\\/#primaryimage\"},\"thumbnailUrl\":\"https:\\\/\\\/italcamara-es.com\\\/wp-content\\\/uploads\\\/2025\\\/02\\\/voice_new.jpg\",\"articleSection\":[\"EU DESK\",\"Progetti\"],\"inLanguage\":\"it-IT\",\"potentialAction\":[{\"@type\":\"CommentAction\",\"name\":\"Comment\",\"target\":[\"https:\\\/\\\/italcamara-es.com\\\/it\\\/eu-desk\\\/v-o-i-c-e-vision-opportunity-inclusion-community-equality-2\\\/#respond\"]}]},{\"@type\":\"WebPage\",\"@id\":\"https:\\\/\\\/italcamara-es.com\\\/it\\\/eu-desk\\\/v-o-i-c-e-vision-opportunity-inclusion-community-equality-2\\\/\",\"url\":\"https:\\\/\\\/italcamara-es.com\\\/it\\\/eu-desk\\\/v-o-i-c-e-vision-opportunity-inclusion-community-equality-2\\\/\",\"name\":\"V.O.I.C.E. - Vision, Opportunity, Inclusion, Community, Equality - Italcamara\",\"isPartOf\":{\"@id\":\"https:\\\/\\\/italcamara-es.com\\\/#website\"},\"primaryImageOfPage\":{\"@id\":\"https:\\\/\\\/italcamara-es.com\\\/it\\\/eu-desk\\\/v-o-i-c-e-vision-opportunity-inclusion-community-equality-2\\\/#primaryimage\"},\"image\":{\"@id\":\"https:\\\/\\\/italcamara-es.com\\\/it\\\/eu-desk\\\/v-o-i-c-e-vision-opportunity-inclusion-community-equality-2\\\/#primaryimage\"},\"thumbnailUrl\":\"https:\\\/\\\/italcamara-es.com\\\/wp-content\\\/uploads\\\/2025\\\/02\\\/voice_new.jpg\",\"datePublished\":\"2025-02-24T09:55:40+00:00\",\"dateModified\":\"2025-05-09T08:16:37+00:00\",\"author\":{\"@id\":\"https:\\\/\\\/italcamara-es.com\\\/#\\\/schema\\\/person\\\/bb3c56263e405bbd9a15171dcfee93bb\"},\"breadcrumb\":{\"@id\":\"https:\\\/\\\/italcamara-es.com\\\/it\\\/eu-desk\\\/v-o-i-c-e-vision-opportunity-inclusion-community-equality-2\\\/#breadcrumb\"},\"inLanguage\":\"it-IT\",\"potentialAction\":[{\"@type\":\"ReadAction\",\"target\":[\"https:\\\/\\\/italcamara-es.com\\\/it\\\/eu-desk\\\/v-o-i-c-e-vision-opportunity-inclusion-community-equality-2\\\/\"]}]},{\"@type\":\"ImageObject\",\"inLanguage\":\"it-IT\",\"@id\":\"https:\\\/\\\/italcamara-es.com\\\/it\\\/eu-desk\\\/v-o-i-c-e-vision-opportunity-inclusion-community-equality-2\\\/#primaryimage\",\"url\":\"https:\\\/\\\/italcamara-es.com\\\/wp-content\\\/uploads\\\/2025\\\/02\\\/voice_new.jpg\",\"contentUrl\":\"https:\\\/\\\/italcamara-es.com\\\/wp-content\\\/uploads\\\/2025\\\/02\\\/voice_new.jpg\",\"width\":700,\"height\":700},{\"@type\":\"BreadcrumbList\",\"@id\":\"https:\\\/\\\/italcamara-es.com\\\/it\\\/eu-desk\\\/v-o-i-c-e-vision-opportunity-inclusion-community-equality-2\\\/#breadcrumb\",\"itemListElement\":[{\"@type\":\"ListItem\",\"position\":1,\"name\":\"Inicio\",\"item\":\"https:\\\/\\\/italcamara-es.com\\\/it\\\/homepage-ita\\\/\"},{\"@type\":\"ListItem\",\"position\":2,\"name\":\"V.O.I.C.E. &#8211; Vision, Opportunity, Inclusion, Community, Equality\"}]},{\"@type\":\"WebSite\",\"@id\":\"https:\\\/\\\/italcamara-es.com\\\/#website\",\"url\":\"https:\\\/\\\/italcamara-es.com\\\/\",\"name\":\"Italcamara\",\"description\":\"\",\"potentialAction\":[{\"@type\":\"SearchAction\",\"target\":{\"@type\":\"EntryPoint\",\"urlTemplate\":\"https:\\\/\\\/italcamara-es.com\\\/?s={search_term_string}\"},\"query-input\":{\"@type\":\"PropertyValueSpecification\",\"valueRequired\":true,\"valueName\":\"search_term_string\"}}],\"inLanguage\":\"it-IT\"},{\"@type\":\"Person\",\"@id\":\"https:\\\/\\\/italcamara-es.com\\\/#\\\/schema\\\/person\\\/bb3c56263e405bbd9a15171dcfee93bb\",\"name\":\"administrador\",\"image\":{\"@type\":\"ImageObject\",\"inLanguage\":\"it-IT\",\"@id\":\"https:\\\/\\\/secure.gravatar.com\\\/avatar\\\/14b5e63db38320b12031bb28cf9f77e210aa71fb3a8a3602a3c9a05134fa75eb?s=96&d=mm&r=g\",\"url\":\"https:\\\/\\\/secure.gravatar.com\\\/avatar\\\/14b5e63db38320b12031bb28cf9f77e210aa71fb3a8a3602a3c9a05134fa75eb?s=96&d=mm&r=g\",\"contentUrl\":\"https:\\\/\\\/secure.gravatar.com\\\/avatar\\\/14b5e63db38320b12031bb28cf9f77e210aa71fb3a8a3602a3c9a05134fa75eb?s=96&d=mm&r=g\",\"caption\":\"administrador\"},\"sameAs\":[\"http:\\\/\\\/pre.italcamara-es.com\"],\"url\":\"https:\\\/\\\/italcamara-es.com\\\/it\\\/author\\\/administrador\\\/\"}]}<\/script>\n<!-- \/ Yoast SEO plugin. -->","yoast_head_json":{"title":"V.O.I.C.E. - Vision, Opportunity, Inclusion, Community, Equality - Italcamara","robots":{"index":"index","follow":"follow","max-snippet":"max-snippet:-1","max-image-preview":"max-image-preview:large","max-video-preview":"max-video-preview:-1"},"canonical":"https:\/\/italcamara-es.com\/it\/eu-desk\/v-o-i-c-e-vision-opportunity-inclusion-community-equality-2\/","og_locale":"it_IT","og_type":"article","og_title":"V.O.I.C.E. - Vision, Opportunity, Inclusion, Community, Equality - Italcamara","og_description":"V.O.I.C.E. cerca di smontare gli stereotipi di genere e promuovere un&#8217;equa distribuzione delle responsabilit\u00e0 di cura. Attraverso la ricerca, gli strumenti educativi e le campagne di sensibilizzazione, il progetto promuove un cambiamento culturale per favorire la parit\u00e0 di genere fin dalla tenera et\u00e0.","og_url":"https:\/\/italcamara-es.com\/it\/eu-desk\/v-o-i-c-e-vision-opportunity-inclusion-community-equality-2\/","og_site_name":"Italcamara","article_published_time":"2025-02-24T09:55:40+00:00","article_modified_time":"2025-05-09T08:16:37+00:00","og_image":[{"width":700,"height":700,"url":"https:\/\/italcamara-es.com\/wp-content\/uploads\/2025\/02\/voice_new.jpg","type":"image\/jpeg"}],"author":"administrador","twitter_card":"summary_large_image","twitter_misc":{"Scritto da":"administrador","Tempo di lettura stimato":"5 minuti"},"schema":{"@context":"https:\/\/schema.org","@graph":[{"@type":"Article","@id":"https:\/\/italcamara-es.com\/it\/eu-desk\/v-o-i-c-e-vision-opportunity-inclusion-community-equality-2\/#article","isPartOf":{"@id":"https:\/\/italcamara-es.com\/it\/eu-desk\/v-o-i-c-e-vision-opportunity-inclusion-community-equality-2\/"},"author":{"name":"administrador","@id":"https:\/\/italcamara-es.com\/#\/schema\/person\/bb3c56263e405bbd9a15171dcfee93bb"},"headline":"V.O.I.C.E. &#8211; Vision, Opportunity, Inclusion, Community, Equality","datePublished":"2025-02-24T09:55:40+00:00","dateModified":"2025-05-09T08:16:37+00:00","mainEntityOfPage":{"@id":"https:\/\/italcamara-es.com\/it\/eu-desk\/v-o-i-c-e-vision-opportunity-inclusion-community-equality-2\/"},"wordCount":1070,"commentCount":0,"image":{"@id":"https:\/\/italcamara-es.com\/it\/eu-desk\/v-o-i-c-e-vision-opportunity-inclusion-community-equality-2\/#primaryimage"},"thumbnailUrl":"https:\/\/italcamara-es.com\/wp-content\/uploads\/2025\/02\/voice_new.jpg","articleSection":["EU DESK","Progetti"],"inLanguage":"it-IT","potentialAction":[{"@type":"CommentAction","name":"Comment","target":["https:\/\/italcamara-es.com\/it\/eu-desk\/v-o-i-c-e-vision-opportunity-inclusion-community-equality-2\/#respond"]}]},{"@type":"WebPage","@id":"https:\/\/italcamara-es.com\/it\/eu-desk\/v-o-i-c-e-vision-opportunity-inclusion-community-equality-2\/","url":"https:\/\/italcamara-es.com\/it\/eu-desk\/v-o-i-c-e-vision-opportunity-inclusion-community-equality-2\/","name":"V.O.I.C.E. - Vision, Opportunity, Inclusion, Community, Equality - Italcamara","isPartOf":{"@id":"https:\/\/italcamara-es.com\/#website"},"primaryImageOfPage":{"@id":"https:\/\/italcamara-es.com\/it\/eu-desk\/v-o-i-c-e-vision-opportunity-inclusion-community-equality-2\/#primaryimage"},"image":{"@id":"https:\/\/italcamara-es.com\/it\/eu-desk\/v-o-i-c-e-vision-opportunity-inclusion-community-equality-2\/#primaryimage"},"thumbnailUrl":"https:\/\/italcamara-es.com\/wp-content\/uploads\/2025\/02\/voice_new.jpg","datePublished":"2025-02-24T09:55:40+00:00","dateModified":"2025-05-09T08:16:37+00:00","author":{"@id":"https:\/\/italcamara-es.com\/#\/schema\/person\/bb3c56263e405bbd9a15171dcfee93bb"},"breadcrumb":{"@id":"https:\/\/italcamara-es.com\/it\/eu-desk\/v-o-i-c-e-vision-opportunity-inclusion-community-equality-2\/#breadcrumb"},"inLanguage":"it-IT","potentialAction":[{"@type":"ReadAction","target":["https:\/\/italcamara-es.com\/it\/eu-desk\/v-o-i-c-e-vision-opportunity-inclusion-community-equality-2\/"]}]},{"@type":"ImageObject","inLanguage":"it-IT","@id":"https:\/\/italcamara-es.com\/it\/eu-desk\/v-o-i-c-e-vision-opportunity-inclusion-community-equality-2\/#primaryimage","url":"https:\/\/italcamara-es.com\/wp-content\/uploads\/2025\/02\/voice_new.jpg","contentUrl":"https:\/\/italcamara-es.com\/wp-content\/uploads\/2025\/02\/voice_new.jpg","width":700,"height":700},{"@type":"BreadcrumbList","@id":"https:\/\/italcamara-es.com\/it\/eu-desk\/v-o-i-c-e-vision-opportunity-inclusion-community-equality-2\/#breadcrumb","itemListElement":[{"@type":"ListItem","position":1,"name":"Inicio","item":"https:\/\/italcamara-es.com\/it\/homepage-ita\/"},{"@type":"ListItem","position":2,"name":"V.O.I.C.E. &#8211; Vision, Opportunity, Inclusion, Community, Equality"}]},{"@type":"WebSite","@id":"https:\/\/italcamara-es.com\/#website","url":"https:\/\/italcamara-es.com\/","name":"Italcamara","description":"","potentialAction":[{"@type":"SearchAction","target":{"@type":"EntryPoint","urlTemplate":"https:\/\/italcamara-es.com\/?s={search_term_string}"},"query-input":{"@type":"PropertyValueSpecification","valueRequired":true,"valueName":"search_term_string"}}],"inLanguage":"it-IT"},{"@type":"Person","@id":"https:\/\/italcamara-es.com\/#\/schema\/person\/bb3c56263e405bbd9a15171dcfee93bb","name":"administrador","image":{"@type":"ImageObject","inLanguage":"it-IT","@id":"https:\/\/secure.gravatar.com\/avatar\/14b5e63db38320b12031bb28cf9f77e210aa71fb3a8a3602a3c9a05134fa75eb?s=96&d=mm&r=g","url":"https:\/\/secure.gravatar.com\/avatar\/14b5e63db38320b12031bb28cf9f77e210aa71fb3a8a3602a3c9a05134fa75eb?s=96&d=mm&r=g","contentUrl":"https:\/\/secure.gravatar.com\/avatar\/14b5e63db38320b12031bb28cf9f77e210aa71fb3a8a3602a3c9a05134fa75eb?s=96&d=mm&r=g","caption":"administrador"},"sameAs":["http:\/\/pre.italcamara-es.com"],"url":"https:\/\/italcamara-es.com\/it\/author\/administrador\/"}]}},"rttpg_featured_image_url":{"full":["https:\/\/italcamara-es.com\/wp-content\/uploads\/2025\/02\/voice_new.jpg",700,700,false],"landscape":["https:\/\/italcamara-es.com\/wp-content\/uploads\/2025\/02\/voice_new.jpg",700,700,false],"portraits":["https:\/\/italcamara-es.com\/wp-content\/uploads\/2025\/02\/voice_new.jpg",700,700,false],"thumbnail":["https:\/\/italcamara-es.com\/wp-content\/uploads\/2025\/02\/voice_new-150x150.jpg",150,150,true],"medium":["https:\/\/italcamara-es.com\/wp-content\/uploads\/2025\/02\/voice_new-300x300.jpg",300,300,true],"large":["https:\/\/italcamara-es.com\/wp-content\/uploads\/2025\/02\/voice_new.jpg",700,700,false],"1536x1536":["https:\/\/italcamara-es.com\/wp-content\/uploads\/2025\/02\/voice_new.jpg",700,700,false],"2048x2048":["https:\/\/italcamara-es.com\/wp-content\/uploads\/2025\/02\/voice_new.jpg",700,700,false],"ocean-thumb-m":["https:\/\/italcamara-es.com\/wp-content\/uploads\/2025\/02\/voice_new-600x600.jpg",600,600,true],"ocean-thumb-ml":["https:\/\/italcamara-es.com\/wp-content\/uploads\/2025\/02\/voice_new-700x450.jpg",700,450,true],"ocean-thumb-l":["https:\/\/italcamara-es.com\/wp-content\/uploads\/2025\/02\/voice_new.jpg",700,700,false],"directorist_preview":["https:\/\/italcamara-es.com\/wp-content\/uploads\/2025\/02\/voice_new-640x360.jpg",640,360,true]},"rttpg_author":{"display_name":"administrador","author_link":"https:\/\/italcamara-es.com\/it\/author\/administrador\/"},"rttpg_comment":0,"rttpg_category":"<a href=\"https:\/\/italcamara-es.com\/it\/category\/eu-desk\/\" rel=\"category tag\">EU DESK<\/a> <a href=\"https:\/\/italcamara-es.com\/it\/category\/progetti\/\" rel=\"category tag\">Progetti<\/a>","rttpg_excerpt":"V.O.I.C.E. cerca di smontare gli stereotipi di genere e promuovere un&#8217;equa distribuzione delle responsabilit\u00e0 di cura. Attraverso la ricerca, gli strumenti educativi e le campagne di sensibilizzazione, il progetto promuove un cambiamento culturale per favorire la parit\u00e0 di genere fin dalla tenera et\u00e0.","_links":{"self":[{"href":"https:\/\/italcamara-es.com\/it\/wp-json\/wp\/v2\/posts\/57351","targetHints":{"allow":["GET"]}}],"collection":[{"href":"https:\/\/italcamara-es.com\/it\/wp-json\/wp\/v2\/posts"}],"about":[{"href":"https:\/\/italcamara-es.com\/it\/wp-json\/wp\/v2\/types\/post"}],"author":[{"embeddable":true,"href":"https:\/\/italcamara-es.com\/it\/wp-json\/wp\/v2\/users\/1"}],"replies":[{"embeddable":true,"href":"https:\/\/italcamara-es.com\/it\/wp-json\/wp\/v2\/comments?post=57351"}],"version-history":[{"count":1,"href":"https:\/\/italcamara-es.com\/it\/wp-json\/wp\/v2\/posts\/57351\/revisions"}],"predecessor-version":[{"id":57352,"href":"https:\/\/italcamara-es.com\/it\/wp-json\/wp\/v2\/posts\/57351\/revisions\/57352"}],"wp:featuredmedia":[{"embeddable":true,"href":"https:\/\/italcamara-es.com\/it\/wp-json\/wp\/v2\/media\/58103"}],"wp:attachment":[{"href":"https:\/\/italcamara-es.com\/it\/wp-json\/wp\/v2\/media?parent=57351"}],"wp:term":[{"taxonomy":"category","embeddable":true,"href":"https:\/\/italcamara-es.com\/it\/wp-json\/wp\/v2\/categories?post=57351"},{"taxonomy":"post_tag","embeddable":true,"href":"https:\/\/italcamara-es.com\/it\/wp-json\/wp\/v2\/tags?post=57351"}],"curies":[{"name":"wp","href":"https:\/\/api.w.org\/{rel}","templated":true}]}}