	{"id":58123,"date":"2025-04-02T10:56:12","date_gmt":"2025-04-02T08:56:12","guid":{"rendered":"http:\/\/pre.italcamara-es.com\/?p=58123"},"modified":"2025-05-09T11:25:41","modified_gmt":"2025-05-09T09:25:41","slug":"una-delegazione-di-tenerife-accompagnata-dalla-ccis-in-missione-a-genova","status":"publish","type":"post","link":"https:\/\/italcamara-es.com\/it\/notizie\/una-delegazione-di-tenerife-accompagnata-dalla-ccis-in-missione-a-genova\/","title":{"rendered":"Una delegazione di Tenerife accompagnata dalla CCIS in missione a Genova"},"content":{"rendered":"\n<p>Si sono concluse il <strong>26 e 27 marzo<\/strong> scorso le due giornate di incontri e visite a Genova organizzate dal Comune del capoluogo ligure, in collaborazione con la <strong>Camera di Commercio e Industria Italiana per la Spagna (CCIS)<\/strong>, che hanno coinvolto una delegazione dell\u2019isola spagnola di Tenerife composta dai rappresentanti del <em>Cabildo<\/em> (il Governo insulare), della <em>Zona Especial Canaria<\/em> (ZEC), di <em>Turismo de Tenerife<\/em>, della Camera di Commercio di Tenerife e dell\u2019Autorit\u00e0 Portuaria dell\u2019isola.<\/p>\n\n\n\n<p>Il programma della missione ha visto l\u2019organizzazione di numerosi appuntamenti e incontri che sono stati gestiti e coordinati dal <strong>Comune di Genova<\/strong>. In particolare, va segnalato l\u2019incontro del 26 marzo presso la sede del <em>Genova Blue District<\/em>, dove i rappresentati della delegazione spagnola hanno offerto una panoramica sulle opportunit\u00e0 per le imprese italiane che offrono i mercati spagnolo e canario, con particolare riguardo ai settori della blue economy, TIC, turismo, logistica e trasporti.<\/p>\n\n\n\n<p>Inoltre, il 27 marzo il consigliere delegato del Comune di Genova,&nbsp;<strong>Davide Falteri<\/strong>,&nbsp;ha accompagnato la delegazione di Tenerife presso la sede di Autorit\u00e0 di sistema portuale del mar ligure occidentale, dove si \u00e8 parlato del ruolo di Tenerife come possibile piattaforma di connessione tra Europa, Africa e Sud America, in sinergia con Genova come hub naturale del Mediterraneo.<\/p>\n\n\n<div class=\"wp-block-image\">\n<figure class=\"aligncenter size-full\"><img fetchpriority=\"high\" decoding=\"async\" width=\"500\" height=\"280\" src=\"http:\/\/pre.italcamara-es.com\/wp-content\/uploads\/2025\/05\/comune.jpg\" alt=\"\" class=\"wp-image-58124\" srcset=\"https:\/\/italcamara-es.com\/wp-content\/uploads\/2025\/05\/comune.jpg 500w, https:\/\/italcamara-es.com\/wp-content\/uploads\/2025\/05\/comune-300x168.jpg 300w\" sizes=\"(max-width: 500px) 100vw, 500px\" \/><\/figure>\n<\/div>\n\n\n<p class=\"has-text-align-center\">(Foto: Comune di Genova)<\/p>\n\n\n\n<p>La due giorni di incontri si \u00e8 conclusa presso la <em>Casa delle Tecnologie Emergenti<\/em>, dove la delegazione spagnola ha partecipato a una presentazione di un progetto che vede quale capofila il Comune di Genova e che punta a sperimentare le diverse modalit\u00e0 di applicazione delle tecnologie, abilitate dal 5G, nella filiera culturale e creativa. &nbsp;<\/p>\n\n\n\n<p>L\u2019obiettivo condiviso della missione economica \u00e8 quello di avviare tavoli di lavoro operativi tra Tenerife e Genova per dare continuit\u00e0 concreta alle opportunit\u00e0 presentate, in particolare sul fronte dell\u2019innovazione tecnologica, dell\u2019attrattivit\u00e0 di impresa e delle relazioni internazionali.<\/p>\n\n\n\n<p><em>elle Tecnologie Emergenti<\/em>, dove la delegazione spagnola ha partecipato a una presentazione di un progetto che vede quale capofila il Comune di Genova e che punta a sperimentare le diverse modalit\u00e0 di applicazione delle tecnologie, abilitate dal 5G, nella filiera culturale e creativa.&nbsp;&nbsp;<\/p>\n\n\n\n<p>L\u2019obiettivo condiviso della missione economica \u00e8 quello di avviare tavoli di lavoro operativi tra Tenerife e Genova per dare continuit\u00e0 concreta alle opportunit\u00e0 presentate, in particolare sul fronte dell\u2019innovazione tecnologica, dell\u2019attrattivit\u00e0 di impresa e delle relazioni internazionali.<\/p>\n","protected":false},"excerpt":{"rendered":"<p>Si sono concluse il 26 e 27 marzo scorso le due giornate di incontri e visite a Genova organizzate dal Comune del capoluogo ligure, in collaborazione con la Camera di Commercio e Industria Italiana per la Spagna (CCIS), che hanno coinvolto una delegazione dell\u2019isola spagnola di Tenerife composta dai rappresentanti del Cabildo (il Governo insulare), [&hellip;]<\/p>\n","protected":false},"author":1,"featured_media":58124,"comment_status":"open","ping_status":"open","sticky":false,"template":"","format":"standard","meta":{"inline_featured_image":false,"ocean_post_layout":"","ocean_both_sidebars_style":"","ocean_both_sidebars_content_width":0,"ocean_both_sidebars_sidebars_width":0,"ocean_sidebar":"","ocean_second_sidebar":"","ocean_disable_margins":"enable","ocean_add_body_class":"","ocean_shortcode_before_top_bar":"","ocean_shortcode_after_top_bar":"","ocean_shortcode_before_header":"","ocean_shortcode_after_header":"","ocean_has_shortcode":"","ocean_shortcode_after_title":"","ocean_shortcode_before_footer_widgets":"","ocean_shortcode_after_footer_widgets":"","ocean_shortcode_before_footer_bottom":"","ocean_shortcode_after_footer_bottom":"","ocean_display_top_bar":"default","ocean_display_header":"default","ocean_header_style":"","ocean_center_header_left_menu":"","ocean_custom_header_template":"","ocean_custom_logo":0,"ocean_custom_retina_logo":0,"ocean_custom_logo_max_width":0,"ocean_custom_logo_tablet_max_width":0,"ocean_custom_logo_mobile_max_width":0,"ocean_custom_logo_max_height":0,"ocean_custom_logo_tablet_max_height":0,"ocean_custom_logo_mobile_max_height":0,"ocean_header_custom_menu":"","ocean_menu_typo_font_family":"","ocean_menu_typo_font_subset":"","ocean_menu_typo_font_size":0,"ocean_menu_typo_font_size_tablet":0,"ocean_menu_typo_font_size_mobile":0,"ocean_menu_typo_font_size_unit":"px","ocean_menu_typo_font_weight":"","ocean_menu_typo_font_weight_tablet":"","ocean_menu_typo_font_weight_mobile":"","ocean_menu_typo_transform":"","ocean_menu_typo_transform_tablet":"","ocean_menu_typo_transform_mobile":"","ocean_menu_typo_line_height":0,"ocean_menu_typo_line_height_tablet":0,"ocean_menu_typo_line_height_mobile":0,"ocean_menu_typo_line_height_unit":"","ocean_menu_typo_spacing":0,"ocean_menu_typo_spacing_tablet":0,"ocean_menu_typo_spacing_mobile":0,"ocean_menu_typo_spacing_unit":"","ocean_menu_link_color":"","ocean_menu_link_color_hover":"","ocean_menu_link_color_active":"","ocean_menu_link_background":"","ocean_menu_link_hover_background":"","ocean_menu_link_active_background":"","ocean_menu_social_links_bg":"","ocean_menu_social_hover_links_bg":"","ocean_menu_social_links_color":"","ocean_menu_social_hover_links_color":"","ocean_disable_title":"default","ocean_disable_heading":"default","ocean_post_title":"","ocean_post_subheading":"","ocean_post_title_style":"","ocean_post_title_background_color":"","ocean_post_title_background":0,"ocean_post_title_bg_image_position":"","ocean_post_title_bg_image_attachment":"","ocean_post_title_bg_image_repeat":"","ocean_post_title_bg_image_size":"","ocean_post_title_height":0,"ocean_post_title_bg_overlay":0.5,"ocean_post_title_bg_overlay_color":"","ocean_disable_breadcrumbs":"default","ocean_breadcrumbs_color":"","ocean_breadcrumbs_separator_color":"","ocean_breadcrumbs_links_color":"","ocean_breadcrumbs_links_hover_color":"","ocean_display_footer_widgets":"default","ocean_display_footer_bottom":"default","ocean_custom_footer_template":"","ocean_post_oembed":"","ocean_post_self_hosted_media":"","ocean_post_video_embed":"","ocean_link_format":"","ocean_link_format_target":"self","ocean_quote_format":"","ocean_quote_format_link":"post","ocean_gallery_link_images":"on","ocean_gallery_id":[],"footnotes":""},"categories":[133],"tags":[139],"class_list":["post-58123","post","type-post","status-publish","format-standard","has-post-thumbnail","hentry","category-notizie","tag-notizie-di-la-ccis","entry","has-media"],"yoast_head":"<!-- This site is optimized with the Yoast SEO plugin v27.4 - https:\/\/yoast.com\/product\/yoast-seo-wordpress\/ -->\n<title>Una delegazione di Tenerife accompagnata dalla CCIS in missione a Genova - Italcamara<\/title>\n<meta name=\"robots\" content=\"index, follow, max-snippet:-1, max-image-preview:large, max-video-preview:-1\" \/>\n<link rel=\"canonical\" href=\"https:\/\/italcamara-es.com\/it\/notizie\/una-delegazione-di-tenerife-accompagnata-dalla-ccis-in-missione-a-genova\/\" \/>\n<meta property=\"og:locale\" content=\"it_IT\" \/>\n<meta property=\"og:type\" content=\"article\" \/>\n<meta property=\"og:title\" content=\"Una delegazione di Tenerife accompagnata dalla CCIS in missione a Genova - Italcamara\" \/>\n<meta property=\"og:description\" content=\"Si sono concluse il 26 e 27 marzo scorso le due giornate di incontri e visite a Genova organizzate dal Comune del capoluogo ligure, in collaborazione con la Camera di Commercio e Industria Italiana per la Spagna (CCIS), che hanno coinvolto una delegazione dell\u2019isola spagnola di Tenerife composta dai rappresentanti del Cabildo (il Governo insulare), [&hellip;]\" \/>\n<meta property=\"og:url\" content=\"https:\/\/italcamara-es.com\/it\/notizie\/una-delegazione-di-tenerife-accompagnata-dalla-ccis-in-missione-a-genova\/\" \/>\n<meta property=\"og:site_name\" content=\"Italcamara\" \/>\n<meta property=\"article:published_time\" content=\"2025-04-02T08:56:12+00:00\" \/>\n<meta property=\"article:modified_time\" content=\"2025-05-09T09:25:41+00:00\" \/>\n<meta property=\"og:image\" content=\"https:\/\/italcamara-es.com\/wp-content\/uploads\/2025\/05\/comune.jpg\" \/>\n\t<meta property=\"og:image:width\" content=\"500\" \/>\n\t<meta property=\"og:image:height\" content=\"280\" \/>\n\t<meta property=\"og:image:type\" content=\"image\/jpeg\" \/>\n<meta name=\"author\" content=\"administrador\" \/>\n<meta name=\"twitter:card\" content=\"summary_large_image\" \/>\n<meta name=\"twitter:label1\" content=\"Scritto da\" \/>\n\t<meta name=\"twitter:data1\" content=\"administrador\" \/>\n\t<meta name=\"twitter:label2\" content=\"Tempo di lettura stimato\" \/>\n\t<meta name=\"twitter:data2\" content=\"3 minuti\" \/>\n<script type=\"application\/ld+json\" class=\"yoast-schema-graph\">{\"@context\":\"https:\\\/\\\/schema.org\",\"@graph\":[{\"@type\":\"Article\",\"@id\":\"https:\\\/\\\/italcamara-es.com\\\/it\\\/notizie\\\/una-delegazione-di-tenerife-accompagnata-dalla-ccis-in-missione-a-genova\\\/#article\",\"isPartOf\":{\"@id\":\"https:\\\/\\\/italcamara-es.com\\\/it\\\/notizie\\\/una-delegazione-di-tenerife-accompagnata-dalla-ccis-in-missione-a-genova\\\/\"},\"author\":{\"name\":\"administrador\",\"@id\":\"https:\\\/\\\/italcamara-es.com\\\/#\\\/schema\\\/person\\\/bb3c56263e405bbd9a15171dcfee93bb\"},\"headline\":\"Una delegazione di Tenerife accompagnata dalla CCIS in missione a Genova\",\"datePublished\":\"2025-04-02T08:56:12+00:00\",\"dateModified\":\"2025-05-09T09:25:41+00:00\",\"mainEntityOfPage\":{\"@id\":\"https:\\\/\\\/italcamara-es.com\\\/it\\\/notizie\\\/una-delegazione-di-tenerife-accompagnata-dalla-ccis-in-missione-a-genova\\\/\"},\"wordCount\":400,\"commentCount\":0,\"image\":{\"@id\":\"https:\\\/\\\/italcamara-es.com\\\/it\\\/notizie\\\/una-delegazione-di-tenerife-accompagnata-dalla-ccis-in-missione-a-genova\\\/#primaryimage\"},\"thumbnailUrl\":\"https:\\\/\\\/italcamara-es.com\\\/wp-content\\\/uploads\\\/2025\\\/05\\\/comune.jpg\",\"keywords\":[\"Notizie di la CCIS\"],\"articleSection\":[\"Notizie\"],\"inLanguage\":\"it-IT\",\"potentialAction\":[{\"@type\":\"CommentAction\",\"name\":\"Comment\",\"target\":[\"https:\\\/\\\/italcamara-es.com\\\/it\\\/notizie\\\/una-delegazione-di-tenerife-accompagnata-dalla-ccis-in-missione-a-genova\\\/#respond\"]}]},{\"@type\":\"WebPage\",\"@id\":\"https:\\\/\\\/italcamara-es.com\\\/it\\\/notizie\\\/una-delegazione-di-tenerife-accompagnata-dalla-ccis-in-missione-a-genova\\\/\",\"url\":\"https:\\\/\\\/italcamara-es.com\\\/it\\\/notizie\\\/una-delegazione-di-tenerife-accompagnata-dalla-ccis-in-missione-a-genova\\\/\",\"name\":\"Una delegazione di Tenerife accompagnata dalla CCIS in missione a Genova - Italcamara\",\"isPartOf\":{\"@id\":\"https:\\\/\\\/italcamara-es.com\\\/#website\"},\"primaryImageOfPage\":{\"@id\":\"https:\\\/\\\/italcamara-es.com\\\/it\\\/notizie\\\/una-delegazione-di-tenerife-accompagnata-dalla-ccis-in-missione-a-genova\\\/#primaryimage\"},\"image\":{\"@id\":\"https:\\\/\\\/italcamara-es.com\\\/it\\\/notizie\\\/una-delegazione-di-tenerife-accompagnata-dalla-ccis-in-missione-a-genova\\\/#primaryimage\"},\"thumbnailUrl\":\"https:\\\/\\\/italcamara-es.com\\\/wp-content\\\/uploads\\\/2025\\\/05\\\/comune.jpg\",\"datePublished\":\"2025-04-02T08:56:12+00:00\",\"dateModified\":\"2025-05-09T09:25:41+00:00\",\"author\":{\"@id\":\"https:\\\/\\\/italcamara-es.com\\\/#\\\/schema\\\/person\\\/bb3c56263e405bbd9a15171dcfee93bb\"},\"breadcrumb\":{\"@id\":\"https:\\\/\\\/italcamara-es.com\\\/it\\\/notizie\\\/una-delegazione-di-tenerife-accompagnata-dalla-ccis-in-missione-a-genova\\\/#breadcrumb\"},\"inLanguage\":\"it-IT\",\"potentialAction\":[{\"@type\":\"ReadAction\",\"target\":[\"https:\\\/\\\/italcamara-es.com\\\/it\\\/notizie\\\/una-delegazione-di-tenerife-accompagnata-dalla-ccis-in-missione-a-genova\\\/\"]}]},{\"@type\":\"ImageObject\",\"inLanguage\":\"it-IT\",\"@id\":\"https:\\\/\\\/italcamara-es.com\\\/it\\\/notizie\\\/una-delegazione-di-tenerife-accompagnata-dalla-ccis-in-missione-a-genova\\\/#primaryimage\",\"url\":\"https:\\\/\\\/italcamara-es.com\\\/wp-content\\\/uploads\\\/2025\\\/05\\\/comune.jpg\",\"contentUrl\":\"https:\\\/\\\/italcamara-es.com\\\/wp-content\\\/uploads\\\/2025\\\/05\\\/comune.jpg\",\"width\":500,\"height\":280},{\"@type\":\"BreadcrumbList\",\"@id\":\"https:\\\/\\\/italcamara-es.com\\\/it\\\/notizie\\\/una-delegazione-di-tenerife-accompagnata-dalla-ccis-in-missione-a-genova\\\/#breadcrumb\",\"itemListElement\":[{\"@type\":\"ListItem\",\"position\":1,\"name\":\"Inicio\",\"item\":\"https:\\\/\\\/italcamara-es.com\\\/it\\\/homepage-ita\\\/\"},{\"@type\":\"ListItem\",\"position\":2,\"name\":\"Una delegazione di Tenerife accompagnata dalla CCIS in missione a Genova\"}]},{\"@type\":\"WebSite\",\"@id\":\"https:\\\/\\\/italcamara-es.com\\\/#website\",\"url\":\"https:\\\/\\\/italcamara-es.com\\\/\",\"name\":\"Italcamara\",\"description\":\"\",\"potentialAction\":[{\"@type\":\"SearchAction\",\"target\":{\"@type\":\"EntryPoint\",\"urlTemplate\":\"https:\\\/\\\/italcamara-es.com\\\/?s={search_term_string}\"},\"query-input\":{\"@type\":\"PropertyValueSpecification\",\"valueRequired\":true,\"valueName\":\"search_term_string\"}}],\"inLanguage\":\"it-IT\"},{\"@type\":\"Person\",\"@id\":\"https:\\\/\\\/italcamara-es.com\\\/#\\\/schema\\\/person\\\/bb3c56263e405bbd9a15171dcfee93bb\",\"name\":\"administrador\",\"image\":{\"@type\":\"ImageObject\",\"inLanguage\":\"it-IT\",\"@id\":\"https:\\\/\\\/secure.gravatar.com\\\/avatar\\\/14b5e63db38320b12031bb28cf9f77e210aa71fb3a8a3602a3c9a05134fa75eb?s=96&d=mm&r=g\",\"url\":\"https:\\\/\\\/secure.gravatar.com\\\/avatar\\\/14b5e63db38320b12031bb28cf9f77e210aa71fb3a8a3602a3c9a05134fa75eb?s=96&d=mm&r=g\",\"contentUrl\":\"https:\\\/\\\/secure.gravatar.com\\\/avatar\\\/14b5e63db38320b12031bb28cf9f77e210aa71fb3a8a3602a3c9a05134fa75eb?s=96&d=mm&r=g\",\"caption\":\"administrador\"},\"sameAs\":[\"http:\\\/\\\/pre.italcamara-es.com\"],\"url\":\"https:\\\/\\\/italcamara-es.com\\\/it\\\/author\\\/administrador\\\/\"}]}<\/script>\n<!-- \/ Yoast SEO plugin. -->","yoast_head_json":{"title":"Una delegazione di Tenerife accompagnata dalla CCIS in missione a Genova - Italcamara","robots":{"index":"index","follow":"follow","max-snippet":"max-snippet:-1","max-image-preview":"max-image-preview:large","max-video-preview":"max-video-preview:-1"},"canonical":"https:\/\/italcamara-es.com\/it\/notizie\/una-delegazione-di-tenerife-accompagnata-dalla-ccis-in-missione-a-genova\/","og_locale":"it_IT","og_type":"article","og_title":"Una delegazione di Tenerife accompagnata dalla CCIS in missione a Genova - Italcamara","og_description":"Si sono concluse il 26 e 27 marzo scorso le due giornate di incontri e visite a Genova organizzate dal Comune del capoluogo ligure, in collaborazione con la Camera di Commercio e Industria Italiana per la Spagna (CCIS), che hanno coinvolto una delegazione dell\u2019isola spagnola di Tenerife composta dai rappresentanti del Cabildo (il Governo insulare), [&hellip;]","og_url":"https:\/\/italcamara-es.com\/it\/notizie\/una-delegazione-di-tenerife-accompagnata-dalla-ccis-in-missione-a-genova\/","og_site_name":"Italcamara","article_published_time":"2025-04-02T08:56:12+00:00","article_modified_time":"2025-05-09T09:25:41+00:00","og_image":[{"width":500,"height":280,"url":"https:\/\/italcamara-es.com\/wp-content\/uploads\/2025\/05\/comune.jpg","type":"image\/jpeg"}],"author":"administrador","twitter_card":"summary_large_image","twitter_misc":{"Scritto da":"administrador","Tempo di lettura stimato":"3 minuti"},"schema":{"@context":"https:\/\/schema.org","@graph":[{"@type":"Article","@id":"https:\/\/italcamara-es.com\/it\/notizie\/una-delegazione-di-tenerife-accompagnata-dalla-ccis-in-missione-a-genova\/#article","isPartOf":{"@id":"https:\/\/italcamara-es.com\/it\/notizie\/una-delegazione-di-tenerife-accompagnata-dalla-ccis-in-missione-a-genova\/"},"author":{"name":"administrador","@id":"https:\/\/italcamara-es.com\/#\/schema\/person\/bb3c56263e405bbd9a15171dcfee93bb"},"headline":"Una delegazione di Tenerife accompagnata dalla CCIS in missione a Genova","datePublished":"2025-04-02T08:56:12+00:00","dateModified":"2025-05-09T09:25:41+00:00","mainEntityOfPage":{"@id":"https:\/\/italcamara-es.com\/it\/notizie\/una-delegazione-di-tenerife-accompagnata-dalla-ccis-in-missione-a-genova\/"},"wordCount":400,"commentCount":0,"image":{"@id":"https:\/\/italcamara-es.com\/it\/notizie\/una-delegazione-di-tenerife-accompagnata-dalla-ccis-in-missione-a-genova\/#primaryimage"},"thumbnailUrl":"https:\/\/italcamara-es.com\/wp-content\/uploads\/2025\/05\/comune.jpg","keywords":["Notizie di la CCIS"],"articleSection":["Notizie"],"inLanguage":"it-IT","potentialAction":[{"@type":"CommentAction","name":"Comment","target":["https:\/\/italcamara-es.com\/it\/notizie\/una-delegazione-di-tenerife-accompagnata-dalla-ccis-in-missione-a-genova\/#respond"]}]},{"@type":"WebPage","@id":"https:\/\/italcamara-es.com\/it\/notizie\/una-delegazione-di-tenerife-accompagnata-dalla-ccis-in-missione-a-genova\/","url":"https:\/\/italcamara-es.com\/it\/notizie\/una-delegazione-di-tenerife-accompagnata-dalla-ccis-in-missione-a-genova\/","name":"Una delegazione di Tenerife accompagnata dalla CCIS in missione a Genova - Italcamara","isPartOf":{"@id":"https:\/\/italcamara-es.com\/#website"},"primaryImageOfPage":{"@id":"https:\/\/italcamara-es.com\/it\/notizie\/una-delegazione-di-tenerife-accompagnata-dalla-ccis-in-missione-a-genova\/#primaryimage"},"image":{"@id":"https:\/\/italcamara-es.com\/it\/notizie\/una-delegazione-di-tenerife-accompagnata-dalla-ccis-in-missione-a-genova\/#primaryimage"},"thumbnailUrl":"https:\/\/italcamara-es.com\/wp-content\/uploads\/2025\/05\/comune.jpg","datePublished":"2025-04-02T08:56:12+00:00","dateModified":"2025-05-09T09:25:41+00:00","author":{"@id":"https:\/\/italcamara-es.com\/#\/schema\/person\/bb3c56263e405bbd9a15171dcfee93bb"},"breadcrumb":{"@id":"https:\/\/italcamara-es.com\/it\/notizie\/una-delegazione-di-tenerife-accompagnata-dalla-ccis-in-missione-a-genova\/#breadcrumb"},"inLanguage":"it-IT","potentialAction":[{"@type":"ReadAction","target":["https:\/\/italcamara-es.com\/it\/notizie\/una-delegazione-di-tenerife-accompagnata-dalla-ccis-in-missione-a-genova\/"]}]},{"@type":"ImageObject","inLanguage":"it-IT","@id":"https:\/\/italcamara-es.com\/it\/notizie\/una-delegazione-di-tenerife-accompagnata-dalla-ccis-in-missione-a-genova\/#primaryimage","url":"https:\/\/italcamara-es.com\/wp-content\/uploads\/2025\/05\/comune.jpg","contentUrl":"https:\/\/italcamara-es.com\/wp-content\/uploads\/2025\/05\/comune.jpg","width":500,"height":280},{"@type":"BreadcrumbList","@id":"https:\/\/italcamara-es.com\/it\/notizie\/una-delegazione-di-tenerife-accompagnata-dalla-ccis-in-missione-a-genova\/#breadcrumb","itemListElement":[{"@type":"ListItem","position":1,"name":"Inicio","item":"https:\/\/italcamara-es.com\/it\/homepage-ita\/"},{"@type":"ListItem","position":2,"name":"Una delegazione di Tenerife accompagnata dalla CCIS in missione a Genova"}]},{"@type":"WebSite","@id":"https:\/\/italcamara-es.com\/#website","url":"https:\/\/italcamara-es.com\/","name":"Italcamara","description":"","potentialAction":[{"@type":"SearchAction","target":{"@type":"EntryPoint","urlTemplate":"https:\/\/italcamara-es.com\/?s={search_term_string}"},"query-input":{"@type":"PropertyValueSpecification","valueRequired":true,"valueName":"search_term_string"}}],"inLanguage":"it-IT"},{"@type":"Person","@id":"https:\/\/italcamara-es.com\/#\/schema\/person\/bb3c56263e405bbd9a15171dcfee93bb","name":"administrador","image":{"@type":"ImageObject","inLanguage":"it-IT","@id":"https:\/\/secure.gravatar.com\/avatar\/14b5e63db38320b12031bb28cf9f77e210aa71fb3a8a3602a3c9a05134fa75eb?s=96&d=mm&r=g","url":"https:\/\/secure.gravatar.com\/avatar\/14b5e63db38320b12031bb28cf9f77e210aa71fb3a8a3602a3c9a05134fa75eb?s=96&d=mm&r=g","contentUrl":"https:\/\/secure.gravatar.com\/avatar\/14b5e63db38320b12031bb28cf9f77e210aa71fb3a8a3602a3c9a05134fa75eb?s=96&d=mm&r=g","caption":"administrador"},"sameAs":["http:\/\/pre.italcamara-es.com"],"url":"https:\/\/italcamara-es.com\/it\/author\/administrador\/"}]}},"rttpg_featured_image_url":{"full":["https:\/\/italcamara-es.com\/wp-content\/uploads\/2025\/05\/comune.jpg",500,280,false],"landscape":["https:\/\/italcamara-es.com\/wp-content\/uploads\/2025\/05\/comune.jpg",500,280,false],"portraits":["https:\/\/italcamara-es.com\/wp-content\/uploads\/2025\/05\/comune.jpg",500,280,false],"thumbnail":["https:\/\/italcamara-es.com\/wp-content\/uploads\/2025\/05\/comune-150x150.jpg",150,150,true],"medium":["https:\/\/italcamara-es.com\/wp-content\/uploads\/2025\/05\/comune-300x168.jpg",300,168,true],"large":["https:\/\/italcamara-es.com\/wp-content\/uploads\/2025\/05\/comune.jpg",500,280,false],"1536x1536":["https:\/\/italcamara-es.com\/wp-content\/uploads\/2025\/05\/comune.jpg",500,280,false],"2048x2048":["https:\/\/italcamara-es.com\/wp-content\/uploads\/2025\/05\/comune.jpg",500,280,false],"ocean-thumb-m":["https:\/\/italcamara-es.com\/wp-content\/uploads\/2025\/05\/comune.jpg",500,280,false],"ocean-thumb-ml":["https:\/\/italcamara-es.com\/wp-content\/uploads\/2025\/05\/comune.jpg",500,280,false],"ocean-thumb-l":["https:\/\/italcamara-es.com\/wp-content\/uploads\/2025\/05\/comune.jpg",500,280,false],"directorist_preview":["https:\/\/italcamara-es.com\/wp-content\/uploads\/2025\/05\/comune.jpg",500,280,false]},"rttpg_author":{"display_name":"administrador","author_link":"https:\/\/italcamara-es.com\/it\/author\/administrador\/"},"rttpg_comment":0,"rttpg_category":"<a href=\"https:\/\/italcamara-es.com\/it\/category\/notizie\/\" rel=\"category tag\">Notizie<\/a>","rttpg_excerpt":"Si sono concluse il 26 e 27 marzo scorso le due giornate di incontri e visite a Genova organizzate dal Comune del capoluogo ligure, in collaborazione con la Camera di Commercio e Industria Italiana per la Spagna (CCIS), che hanno coinvolto una delegazione dell\u2019isola spagnola di Tenerife composta dai rappresentanti del Cabildo (il Governo insulare),&hellip;","_links":{"self":[{"href":"https:\/\/italcamara-es.com\/it\/wp-json\/wp\/v2\/posts\/58123","targetHints":{"allow":["GET"]}}],"collection":[{"href":"https:\/\/italcamara-es.com\/it\/wp-json\/wp\/v2\/posts"}],"about":[{"href":"https:\/\/italcamara-es.com\/it\/wp-json\/wp\/v2\/types\/post"}],"author":[{"embeddable":true,"href":"https:\/\/italcamara-es.com\/it\/wp-json\/wp\/v2\/users\/1"}],"replies":[{"embeddable":true,"href":"https:\/\/italcamara-es.com\/it\/wp-json\/wp\/v2\/comments?post=58123"}],"version-history":[{"count":1,"href":"https:\/\/italcamara-es.com\/it\/wp-json\/wp\/v2\/posts\/58123\/revisions"}],"predecessor-version":[{"id":58126,"href":"https:\/\/italcamara-es.com\/it\/wp-json\/wp\/v2\/posts\/58123\/revisions\/58126"}],"wp:featuredmedia":[{"embeddable":true,"href":"https:\/\/italcamara-es.com\/it\/wp-json\/wp\/v2\/media\/58124"}],"wp:attachment":[{"href":"https:\/\/italcamara-es.com\/it\/wp-json\/wp\/v2\/media?parent=58123"}],"wp:term":[{"taxonomy":"category","embeddable":true,"href":"https:\/\/italcamara-es.com\/it\/wp-json\/wp\/v2\/categories?post=58123"},{"taxonomy":"post_tag","embeddable":true,"href":"https:\/\/italcamara-es.com\/it\/wp-json\/wp\/v2\/tags?post=58123"}],"curies":[{"name":"wp","href":"https:\/\/api.w.org\/{rel}","templated":true}]}}