	{"id":58135,"date":"2025-04-02T11:01:00","date_gmt":"2025-04-02T09:01:00","guid":{"rendered":"http:\/\/pre.italcamara-es.com\/?p=58135"},"modified":"2025-09-30T15:08:43","modified_gmt":"2025-09-30T13:08:43","slug":"litalia-paese-donore-al-salon-de-gourmets-di-madrid-7-10-aprile","status":"publish","type":"post","link":"https:\/\/italcamara-es.com\/it\/notizie\/litalia-paese-donore-al-salon-de-gourmets-di-madrid-7-10-aprile\/","title":{"rendered":"L\u2019Italia, paese d\u2019onore al Sal\u00f3n de Gourmets di Madrid (7-10 aprile)"},"content":{"rendered":"\n<p>La 38\u00aa edizione del Sal\u00f3n de Gourmets di Madrid, la principale fiera spagnola dedicata alla gastronomia di qualit\u00e0, si terr\u00e0 dal 7 al 10 aprile 2025 presso il centro fieristico IFEMA. Quest\u2019anno l\u2019Italia \u00e8 stata designata <strong>Paese d\u2019Onore<\/strong>, a sottolineare il ruolo di primo piano della gastronomia italiana nel mercato spagnolo.<\/p>\n\n\n\n<p>Il Sal\u00f3n de Gourmets \u00e8 un appuntamento imperdibile per i professionisti del settore alimentare e delle bevande. In questa edizione, si prevede la partecipazione di oltre 100.000 professionisti locali e internazionali, in rappresentanza di diversi segmenti come la ristorazione, l\u2019hospitality, il catering, la distribuzione e il commercio specializzato.<\/p>\n\n\n<div class=\"wp-block-image\">\n<figure class=\"aligncenter size-full is-resized\"><img fetchpriority=\"high\" decoding=\"async\" width=\"1000\" height=\"650\" src=\"http:\/\/pre.italcamara-es.com\/wp-content\/uploads\/2025\/05\/Immagine-Pais-de-Honor.png\" alt=\"\" class=\"wp-image-58131\" style=\"width:348px;height:auto\" srcset=\"https:\/\/italcamara-es.com\/wp-content\/uploads\/2025\/05\/Immagine-Pais-de-Honor.png 1000w, https:\/\/italcamara-es.com\/wp-content\/uploads\/2025\/05\/Immagine-Pais-de-Honor-300x195.png 300w, https:\/\/italcamara-es.com\/wp-content\/uploads\/2025\/05\/Immagine-Pais-de-Honor-768x499.png 768w\" sizes=\"(max-width: 1000px) 100vw, 1000px\" \/><\/figure>\n<\/div>\n\n\n<p>Dal 2009, la<strong> Camera di Commercio e Industria Italiana per la Spagna (CCIS) <\/strong>gestisce l\u2019<strong>Area Italia<\/strong>, uno spazio espositivo dedicato esclusivamente all\u2019eccellenza agroalimentare italiana. In questa occasione, l\u2019Area Italia vedr\u00e0 la partecipazione di 20 aziende che, distribuite su una superficie di oltre 350 m\u00b2, presenteranno un\u2019ampia variet\u00e0 di prodotti italiani: pasta secca e fresca, vini, prodotti a base di tartufo, caff\u00e8, liquori, formaggi, salumi, salse, conserve e prodotti da forno.<\/p>\n\n\n\n<p>L\u2019interesse delle aziende italiane per il mercato spagnolo si riflette nelle cifre delle esportazioni. L\u2019Italia \u00e8 il sesto fornitore di prodotti agroalimentari e bevande della Spagna, con un volume di vendite che ha superato i 2,9 miliardi di euro nel 2024, il che rappresenta una crescita annuale dell\u20198% e un aumento di oltre il 77% in soli cinque anni. I principali prodotti italiani esportati in Spagna sono i prodotti da forno, i formaggi, la pasta alimentare, i prodotti dolciari e l\u2019olio d\u2019oliva, che nel complesso hanno rappresentato circa un terzo del valore totale delle esportazioni agroalimentari italiane in Spagna nel 2024, secondo i dati Euroestacom elaborati dalla CCIS. \u200b<\/p>\n\n\n\n<p>Il catalogo dell\u2019Area Italia \u00e8 disponibile al seguente link: <a href=\"https:\/\/www.italcamara-es.com\/wp-content\/uploads\/2025\/04\/CATALOGO-GOURMET-2025.pdf\"><strong>CATALOGO AREA ITA<\/strong><\/a><strong><a href=\"\/wp-content\/uploads\/2025\/05\/CATALOGO-GOURMET-2025.pdf\">LIA<\/a><\/strong><\/p>\n\n\n\n<p>La designazione dell\u2019Italia come Paese d\u2019Onore in questa edizione del <em>Sal\u00f3n de Gourmets<\/em> sottolinea la crescente importanza e apprezzamento della gastronomia italiana in Spagna, offrendo una piattaforma eccezionale per rafforzare le relazioni commerciali tra i due Paesi.<\/p>\n","protected":false},"excerpt":{"rendered":"<p>La 38\u00aa edizione del Sal\u00f3n de Gourmets di Madrid, la principale fiera spagnola dedicata alla gastronomia di qualit\u00e0, si terr\u00e0 dal 7 al 10 aprile 2025 presso il centro fieristico IFEMA. Quest\u2019anno l\u2019Italia \u00e8 stata designata Paese d\u2019Onore, a sottolineare il ruolo di primo piano della gastronomia italiana nel mercato spagnolo. Il Sal\u00f3n de Gourmets [&hellip;]<\/p>\n","protected":false},"author":1,"featured_media":58131,"comment_status":"open","ping_status":"open","sticky":false,"template":"","format":"standard","meta":{"inline_featured_image":false,"ocean_post_layout":"","ocean_both_sidebars_style":"","ocean_both_sidebars_content_width":0,"ocean_both_sidebars_sidebars_width":0,"ocean_sidebar":"","ocean_second_sidebar":"","ocean_disable_margins":"enable","ocean_add_body_class":"","ocean_shortcode_before_top_bar":"","ocean_shortcode_after_top_bar":"","ocean_shortcode_before_header":"","ocean_shortcode_after_header":"","ocean_has_shortcode":"","ocean_shortcode_after_title":"","ocean_shortcode_before_footer_widgets":"","ocean_shortcode_after_footer_widgets":"","ocean_shortcode_before_footer_bottom":"","ocean_shortcode_after_footer_bottom":"","ocean_display_top_bar":"default","ocean_display_header":"default","ocean_header_style":"","ocean_center_header_left_menu":"","ocean_custom_header_template":"","ocean_custom_logo":0,"ocean_custom_retina_logo":0,"ocean_custom_logo_max_width":0,"ocean_custom_logo_tablet_max_width":0,"ocean_custom_logo_mobile_max_width":0,"ocean_custom_logo_max_height":0,"ocean_custom_logo_tablet_max_height":0,"ocean_custom_logo_mobile_max_height":0,"ocean_header_custom_menu":"","ocean_menu_typo_font_family":"","ocean_menu_typo_font_subset":"","ocean_menu_typo_font_size":0,"ocean_menu_typo_font_size_tablet":0,"ocean_menu_typo_font_size_mobile":0,"ocean_menu_typo_font_size_unit":"px","ocean_menu_typo_font_weight":"","ocean_menu_typo_font_weight_tablet":"","ocean_menu_typo_font_weight_mobile":"","ocean_menu_typo_transform":"","ocean_menu_typo_transform_tablet":"","ocean_menu_typo_transform_mobile":"","ocean_menu_typo_line_height":0,"ocean_menu_typo_line_height_tablet":0,"ocean_menu_typo_line_height_mobile":0,"ocean_menu_typo_line_height_unit":"","ocean_menu_typo_spacing":0,"ocean_menu_typo_spacing_tablet":0,"ocean_menu_typo_spacing_mobile":0,"ocean_menu_typo_spacing_unit":"","ocean_menu_link_color":"","ocean_menu_link_color_hover":"","ocean_menu_link_color_active":"","ocean_menu_link_background":"","ocean_menu_link_hover_background":"","ocean_menu_link_active_background":"","ocean_menu_social_links_bg":"","ocean_menu_social_hover_links_bg":"","ocean_menu_social_links_color":"","ocean_menu_social_hover_links_color":"","ocean_disable_title":"default","ocean_disable_heading":"default","ocean_post_title":"","ocean_post_subheading":"","ocean_post_title_style":"","ocean_post_title_background_color":"","ocean_post_title_background":0,"ocean_post_title_bg_image_position":"","ocean_post_title_bg_image_attachment":"","ocean_post_title_bg_image_repeat":"","ocean_post_title_bg_image_size":"","ocean_post_title_height":0,"ocean_post_title_bg_overlay":0.5,"ocean_post_title_bg_overlay_color":"","ocean_disable_breadcrumbs":"default","ocean_breadcrumbs_color":"","ocean_breadcrumbs_separator_color":"","ocean_breadcrumbs_links_color":"","ocean_breadcrumbs_links_hover_color":"","ocean_display_footer_widgets":"default","ocean_display_footer_bottom":"default","ocean_custom_footer_template":"","ocean_post_oembed":"","ocean_post_self_hosted_media":"","ocean_post_video_embed":"","ocean_link_format":"","ocean_link_format_target":"self","ocean_quote_format":"","ocean_quote_format_link":"post","ocean_gallery_link_images":"on","ocean_gallery_id":[],"footnotes":""},"categories":[133],"tags":[139],"class_list":["post-58135","post","type-post","status-publish","format-standard","has-post-thumbnail","hentry","category-notizie","tag-notizie-di-la-ccis","entry","has-media"],"yoast_head":"<!-- This site is optimized with the Yoast SEO plugin v27.4 - https:\/\/yoast.com\/product\/yoast-seo-wordpress\/ -->\n<title>L\u2019Italia, paese d\u2019onore al Sal\u00f3n de Gourmets di Madrid (7-10 aprile) - Italcamara<\/title>\n<meta name=\"robots\" content=\"index, follow, max-snippet:-1, max-image-preview:large, max-video-preview:-1\" \/>\n<link rel=\"canonical\" href=\"https:\/\/italcamara-es.com\/it\/notizie\/litalia-paese-donore-al-salon-de-gourmets-di-madrid-7-10-aprile\/\" \/>\n<meta property=\"og:locale\" content=\"it_IT\" \/>\n<meta property=\"og:type\" content=\"article\" \/>\n<meta property=\"og:title\" content=\"L\u2019Italia, paese d\u2019onore al Sal\u00f3n de Gourmets di Madrid (7-10 aprile) - Italcamara\" \/>\n<meta property=\"og:description\" content=\"La 38\u00aa edizione del Sal\u00f3n de Gourmets di Madrid, la principale fiera spagnola dedicata alla gastronomia di qualit\u00e0, si terr\u00e0 dal 7 al 10 aprile 2025 presso il centro fieristico IFEMA. Quest\u2019anno l\u2019Italia \u00e8 stata designata Paese d\u2019Onore, a sottolineare il ruolo di primo piano della gastronomia italiana nel mercato spagnolo. Il Sal\u00f3n de Gourmets [&hellip;]\" \/>\n<meta property=\"og:url\" content=\"https:\/\/italcamara-es.com\/it\/notizie\/litalia-paese-donore-al-salon-de-gourmets-di-madrid-7-10-aprile\/\" \/>\n<meta property=\"og:site_name\" content=\"Italcamara\" \/>\n<meta property=\"article:published_time\" content=\"2025-04-02T09:01:00+00:00\" \/>\n<meta property=\"article:modified_time\" content=\"2025-09-30T13:08:43+00:00\" \/>\n<meta property=\"og:image\" content=\"https:\/\/italcamara-es.com\/wp-content\/uploads\/2025\/05\/Immagine-Pais-de-Honor.png\" \/>\n\t<meta property=\"og:image:width\" content=\"1000\" \/>\n\t<meta property=\"og:image:height\" content=\"650\" \/>\n\t<meta property=\"og:image:type\" content=\"image\/png\" \/>\n<meta name=\"author\" content=\"administrador\" \/>\n<meta name=\"twitter:card\" content=\"summary_large_image\" \/>\n<meta name=\"twitter:label1\" content=\"Scritto da\" \/>\n\t<meta name=\"twitter:data1\" content=\"administrador\" \/>\n\t<meta name=\"twitter:label2\" content=\"Tempo di lettura stimato\" \/>\n\t<meta name=\"twitter:data2\" content=\"2 minuti\" \/>\n<script type=\"application\/ld+json\" class=\"yoast-schema-graph\">{\"@context\":\"https:\\\/\\\/schema.org\",\"@graph\":[{\"@type\":\"Article\",\"@id\":\"https:\\\/\\\/italcamara-es.com\\\/it\\\/notizie\\\/litalia-paese-donore-al-salon-de-gourmets-di-madrid-7-10-aprile\\\/#article\",\"isPartOf\":{\"@id\":\"https:\\\/\\\/italcamara-es.com\\\/it\\\/notizie\\\/litalia-paese-donore-al-salon-de-gourmets-di-madrid-7-10-aprile\\\/\"},\"author\":{\"name\":\"administrador\",\"@id\":\"https:\\\/\\\/italcamara-es.com\\\/#\\\/schema\\\/person\\\/bb3c56263e405bbd9a15171dcfee93bb\"},\"headline\":\"L\u2019Italia, paese d\u2019onore al Sal\u00f3n de Gourmets di Madrid (7-10 aprile)\",\"datePublished\":\"2025-04-02T09:01:00+00:00\",\"dateModified\":\"2025-09-30T13:08:43+00:00\",\"mainEntityOfPage\":{\"@id\":\"https:\\\/\\\/italcamara-es.com\\\/it\\\/notizie\\\/litalia-paese-donore-al-salon-de-gourmets-di-madrid-7-10-aprile\\\/\"},\"wordCount\":343,\"commentCount\":0,\"image\":{\"@id\":\"https:\\\/\\\/italcamara-es.com\\\/it\\\/notizie\\\/litalia-paese-donore-al-salon-de-gourmets-di-madrid-7-10-aprile\\\/#primaryimage\"},\"thumbnailUrl\":\"https:\\\/\\\/italcamara-es.com\\\/wp-content\\\/uploads\\\/2025\\\/05\\\/Immagine-Pais-de-Honor.png\",\"keywords\":[\"Notizie di la CCIS\"],\"articleSection\":[\"Notizie\"],\"inLanguage\":\"it-IT\",\"potentialAction\":[{\"@type\":\"CommentAction\",\"name\":\"Comment\",\"target\":[\"https:\\\/\\\/italcamara-es.com\\\/it\\\/notizie\\\/litalia-paese-donore-al-salon-de-gourmets-di-madrid-7-10-aprile\\\/#respond\"]}]},{\"@type\":\"WebPage\",\"@id\":\"https:\\\/\\\/italcamara-es.com\\\/it\\\/notizie\\\/litalia-paese-donore-al-salon-de-gourmets-di-madrid-7-10-aprile\\\/\",\"url\":\"https:\\\/\\\/italcamara-es.com\\\/it\\\/notizie\\\/litalia-paese-donore-al-salon-de-gourmets-di-madrid-7-10-aprile\\\/\",\"name\":\"L\u2019Italia, paese d\u2019onore al Sal\u00f3n de Gourmets di Madrid (7-10 aprile) - Italcamara\",\"isPartOf\":{\"@id\":\"https:\\\/\\\/italcamara-es.com\\\/#website\"},\"primaryImageOfPage\":{\"@id\":\"https:\\\/\\\/italcamara-es.com\\\/it\\\/notizie\\\/litalia-paese-donore-al-salon-de-gourmets-di-madrid-7-10-aprile\\\/#primaryimage\"},\"image\":{\"@id\":\"https:\\\/\\\/italcamara-es.com\\\/it\\\/notizie\\\/litalia-paese-donore-al-salon-de-gourmets-di-madrid-7-10-aprile\\\/#primaryimage\"},\"thumbnailUrl\":\"https:\\\/\\\/italcamara-es.com\\\/wp-content\\\/uploads\\\/2025\\\/05\\\/Immagine-Pais-de-Honor.png\",\"datePublished\":\"2025-04-02T09:01:00+00:00\",\"dateModified\":\"2025-09-30T13:08:43+00:00\",\"author\":{\"@id\":\"https:\\\/\\\/italcamara-es.com\\\/#\\\/schema\\\/person\\\/bb3c56263e405bbd9a15171dcfee93bb\"},\"breadcrumb\":{\"@id\":\"https:\\\/\\\/italcamara-es.com\\\/it\\\/notizie\\\/litalia-paese-donore-al-salon-de-gourmets-di-madrid-7-10-aprile\\\/#breadcrumb\"},\"inLanguage\":\"it-IT\",\"potentialAction\":[{\"@type\":\"ReadAction\",\"target\":[\"https:\\\/\\\/italcamara-es.com\\\/it\\\/notizie\\\/litalia-paese-donore-al-salon-de-gourmets-di-madrid-7-10-aprile\\\/\"]}]},{\"@type\":\"ImageObject\",\"inLanguage\":\"it-IT\",\"@id\":\"https:\\\/\\\/italcamara-es.com\\\/it\\\/notizie\\\/litalia-paese-donore-al-salon-de-gourmets-di-madrid-7-10-aprile\\\/#primaryimage\",\"url\":\"https:\\\/\\\/italcamara-es.com\\\/wp-content\\\/uploads\\\/2025\\\/05\\\/Immagine-Pais-de-Honor.png\",\"contentUrl\":\"https:\\\/\\\/italcamara-es.com\\\/wp-content\\\/uploads\\\/2025\\\/05\\\/Immagine-Pais-de-Honor.png\",\"width\":1000,\"height\":650},{\"@type\":\"BreadcrumbList\",\"@id\":\"https:\\\/\\\/italcamara-es.com\\\/it\\\/notizie\\\/litalia-paese-donore-al-salon-de-gourmets-di-madrid-7-10-aprile\\\/#breadcrumb\",\"itemListElement\":[{\"@type\":\"ListItem\",\"position\":1,\"name\":\"Inicio\",\"item\":\"https:\\\/\\\/italcamara-es.com\\\/it\\\/homepage-ita\\\/\"},{\"@type\":\"ListItem\",\"position\":2,\"name\":\"L\u2019Italia, paese d\u2019onore al Sal\u00f3n de Gourmets di Madrid (7-10 aprile)\"}]},{\"@type\":\"WebSite\",\"@id\":\"https:\\\/\\\/italcamara-es.com\\\/#website\",\"url\":\"https:\\\/\\\/italcamara-es.com\\\/\",\"name\":\"Italcamara\",\"description\":\"\",\"potentialAction\":[{\"@type\":\"SearchAction\",\"target\":{\"@type\":\"EntryPoint\",\"urlTemplate\":\"https:\\\/\\\/italcamara-es.com\\\/?s={search_term_string}\"},\"query-input\":{\"@type\":\"PropertyValueSpecification\",\"valueRequired\":true,\"valueName\":\"search_term_string\"}}],\"inLanguage\":\"it-IT\"},{\"@type\":\"Person\",\"@id\":\"https:\\\/\\\/italcamara-es.com\\\/#\\\/schema\\\/person\\\/bb3c56263e405bbd9a15171dcfee93bb\",\"name\":\"administrador\",\"image\":{\"@type\":\"ImageObject\",\"inLanguage\":\"it-IT\",\"@id\":\"https:\\\/\\\/secure.gravatar.com\\\/avatar\\\/14b5e63db38320b12031bb28cf9f77e210aa71fb3a8a3602a3c9a05134fa75eb?s=96&d=mm&r=g\",\"url\":\"https:\\\/\\\/secure.gravatar.com\\\/avatar\\\/14b5e63db38320b12031bb28cf9f77e210aa71fb3a8a3602a3c9a05134fa75eb?s=96&d=mm&r=g\",\"contentUrl\":\"https:\\\/\\\/secure.gravatar.com\\\/avatar\\\/14b5e63db38320b12031bb28cf9f77e210aa71fb3a8a3602a3c9a05134fa75eb?s=96&d=mm&r=g\",\"caption\":\"administrador\"},\"sameAs\":[\"http:\\\/\\\/pre.italcamara-es.com\"],\"url\":\"https:\\\/\\\/italcamara-es.com\\\/it\\\/author\\\/administrador\\\/\"}]}<\/script>\n<!-- \/ Yoast SEO plugin. -->","yoast_head_json":{"title":"L\u2019Italia, paese d\u2019onore al Sal\u00f3n de Gourmets di Madrid (7-10 aprile) - Italcamara","robots":{"index":"index","follow":"follow","max-snippet":"max-snippet:-1","max-image-preview":"max-image-preview:large","max-video-preview":"max-video-preview:-1"},"canonical":"https:\/\/italcamara-es.com\/it\/notizie\/litalia-paese-donore-al-salon-de-gourmets-di-madrid-7-10-aprile\/","og_locale":"it_IT","og_type":"article","og_title":"L\u2019Italia, paese d\u2019onore al Sal\u00f3n de Gourmets di Madrid (7-10 aprile) - Italcamara","og_description":"La 38\u00aa edizione del Sal\u00f3n de Gourmets di Madrid, la principale fiera spagnola dedicata alla gastronomia di qualit\u00e0, si terr\u00e0 dal 7 al 10 aprile 2025 presso il centro fieristico IFEMA. Quest\u2019anno l\u2019Italia \u00e8 stata designata Paese d\u2019Onore, a sottolineare il ruolo di primo piano della gastronomia italiana nel mercato spagnolo. Il Sal\u00f3n de Gourmets [&hellip;]","og_url":"https:\/\/italcamara-es.com\/it\/notizie\/litalia-paese-donore-al-salon-de-gourmets-di-madrid-7-10-aprile\/","og_site_name":"Italcamara","article_published_time":"2025-04-02T09:01:00+00:00","article_modified_time":"2025-09-30T13:08:43+00:00","og_image":[{"width":1000,"height":650,"url":"https:\/\/italcamara-es.com\/wp-content\/uploads\/2025\/05\/Immagine-Pais-de-Honor.png","type":"image\/png"}],"author":"administrador","twitter_card":"summary_large_image","twitter_misc":{"Scritto da":"administrador","Tempo di lettura stimato":"2 minuti"},"schema":{"@context":"https:\/\/schema.org","@graph":[{"@type":"Article","@id":"https:\/\/italcamara-es.com\/it\/notizie\/litalia-paese-donore-al-salon-de-gourmets-di-madrid-7-10-aprile\/#article","isPartOf":{"@id":"https:\/\/italcamara-es.com\/it\/notizie\/litalia-paese-donore-al-salon-de-gourmets-di-madrid-7-10-aprile\/"},"author":{"name":"administrador","@id":"https:\/\/italcamara-es.com\/#\/schema\/person\/bb3c56263e405bbd9a15171dcfee93bb"},"headline":"L\u2019Italia, paese d\u2019onore al Sal\u00f3n de Gourmets di Madrid (7-10 aprile)","datePublished":"2025-04-02T09:01:00+00:00","dateModified":"2025-09-30T13:08:43+00:00","mainEntityOfPage":{"@id":"https:\/\/italcamara-es.com\/it\/notizie\/litalia-paese-donore-al-salon-de-gourmets-di-madrid-7-10-aprile\/"},"wordCount":343,"commentCount":0,"image":{"@id":"https:\/\/italcamara-es.com\/it\/notizie\/litalia-paese-donore-al-salon-de-gourmets-di-madrid-7-10-aprile\/#primaryimage"},"thumbnailUrl":"https:\/\/italcamara-es.com\/wp-content\/uploads\/2025\/05\/Immagine-Pais-de-Honor.png","keywords":["Notizie di la CCIS"],"articleSection":["Notizie"],"inLanguage":"it-IT","potentialAction":[{"@type":"CommentAction","name":"Comment","target":["https:\/\/italcamara-es.com\/it\/notizie\/litalia-paese-donore-al-salon-de-gourmets-di-madrid-7-10-aprile\/#respond"]}]},{"@type":"WebPage","@id":"https:\/\/italcamara-es.com\/it\/notizie\/litalia-paese-donore-al-salon-de-gourmets-di-madrid-7-10-aprile\/","url":"https:\/\/italcamara-es.com\/it\/notizie\/litalia-paese-donore-al-salon-de-gourmets-di-madrid-7-10-aprile\/","name":"L\u2019Italia, paese d\u2019onore al Sal\u00f3n de Gourmets di Madrid (7-10 aprile) - Italcamara","isPartOf":{"@id":"https:\/\/italcamara-es.com\/#website"},"primaryImageOfPage":{"@id":"https:\/\/italcamara-es.com\/it\/notizie\/litalia-paese-donore-al-salon-de-gourmets-di-madrid-7-10-aprile\/#primaryimage"},"image":{"@id":"https:\/\/italcamara-es.com\/it\/notizie\/litalia-paese-donore-al-salon-de-gourmets-di-madrid-7-10-aprile\/#primaryimage"},"thumbnailUrl":"https:\/\/italcamara-es.com\/wp-content\/uploads\/2025\/05\/Immagine-Pais-de-Honor.png","datePublished":"2025-04-02T09:01:00+00:00","dateModified":"2025-09-30T13:08:43+00:00","author":{"@id":"https:\/\/italcamara-es.com\/#\/schema\/person\/bb3c56263e405bbd9a15171dcfee93bb"},"breadcrumb":{"@id":"https:\/\/italcamara-es.com\/it\/notizie\/litalia-paese-donore-al-salon-de-gourmets-di-madrid-7-10-aprile\/#breadcrumb"},"inLanguage":"it-IT","potentialAction":[{"@type":"ReadAction","target":["https:\/\/italcamara-es.com\/it\/notizie\/litalia-paese-donore-al-salon-de-gourmets-di-madrid-7-10-aprile\/"]}]},{"@type":"ImageObject","inLanguage":"it-IT","@id":"https:\/\/italcamara-es.com\/it\/notizie\/litalia-paese-donore-al-salon-de-gourmets-di-madrid-7-10-aprile\/#primaryimage","url":"https:\/\/italcamara-es.com\/wp-content\/uploads\/2025\/05\/Immagine-Pais-de-Honor.png","contentUrl":"https:\/\/italcamara-es.com\/wp-content\/uploads\/2025\/05\/Immagine-Pais-de-Honor.png","width":1000,"height":650},{"@type":"BreadcrumbList","@id":"https:\/\/italcamara-es.com\/it\/notizie\/litalia-paese-donore-al-salon-de-gourmets-di-madrid-7-10-aprile\/#breadcrumb","itemListElement":[{"@type":"ListItem","position":1,"name":"Inicio","item":"https:\/\/italcamara-es.com\/it\/homepage-ita\/"},{"@type":"ListItem","position":2,"name":"L\u2019Italia, paese d\u2019onore al Sal\u00f3n de Gourmets di Madrid (7-10 aprile)"}]},{"@type":"WebSite","@id":"https:\/\/italcamara-es.com\/#website","url":"https:\/\/italcamara-es.com\/","name":"Italcamara","description":"","potentialAction":[{"@type":"SearchAction","target":{"@type":"EntryPoint","urlTemplate":"https:\/\/italcamara-es.com\/?s={search_term_string}"},"query-input":{"@type":"PropertyValueSpecification","valueRequired":true,"valueName":"search_term_string"}}],"inLanguage":"it-IT"},{"@type":"Person","@id":"https:\/\/italcamara-es.com\/#\/schema\/person\/bb3c56263e405bbd9a15171dcfee93bb","name":"administrador","image":{"@type":"ImageObject","inLanguage":"it-IT","@id":"https:\/\/secure.gravatar.com\/avatar\/14b5e63db38320b12031bb28cf9f77e210aa71fb3a8a3602a3c9a05134fa75eb?s=96&d=mm&r=g","url":"https:\/\/secure.gravatar.com\/avatar\/14b5e63db38320b12031bb28cf9f77e210aa71fb3a8a3602a3c9a05134fa75eb?s=96&d=mm&r=g","contentUrl":"https:\/\/secure.gravatar.com\/avatar\/14b5e63db38320b12031bb28cf9f77e210aa71fb3a8a3602a3c9a05134fa75eb?s=96&d=mm&r=g","caption":"administrador"},"sameAs":["http:\/\/pre.italcamara-es.com"],"url":"https:\/\/italcamara-es.com\/it\/author\/administrador\/"}]}},"rttpg_featured_image_url":{"full":["https:\/\/italcamara-es.com\/wp-content\/uploads\/2025\/05\/Immagine-Pais-de-Honor.png",1000,650,false],"landscape":["https:\/\/italcamara-es.com\/wp-content\/uploads\/2025\/05\/Immagine-Pais-de-Honor.png",1000,650,false],"portraits":["https:\/\/italcamara-es.com\/wp-content\/uploads\/2025\/05\/Immagine-Pais-de-Honor.png",1000,650,false],"thumbnail":["https:\/\/italcamara-es.com\/wp-content\/uploads\/2025\/05\/Immagine-Pais-de-Honor-150x150.png",150,150,true],"medium":["https:\/\/italcamara-es.com\/wp-content\/uploads\/2025\/05\/Immagine-Pais-de-Honor-300x195.png",300,195,true],"large":["https:\/\/italcamara-es.com\/wp-content\/uploads\/2025\/05\/Immagine-Pais-de-Honor.png",1000,650,false],"1536x1536":["https:\/\/italcamara-es.com\/wp-content\/uploads\/2025\/05\/Immagine-Pais-de-Honor.png",1000,650,false],"2048x2048":["https:\/\/italcamara-es.com\/wp-content\/uploads\/2025\/05\/Immagine-Pais-de-Honor.png",1000,650,false],"ocean-thumb-m":["https:\/\/italcamara-es.com\/wp-content\/uploads\/2025\/05\/Immagine-Pais-de-Honor-600x600.png",600,600,true],"ocean-thumb-ml":["https:\/\/italcamara-es.com\/wp-content\/uploads\/2025\/05\/Immagine-Pais-de-Honor-800x450.png",800,450,true],"ocean-thumb-l":["https:\/\/italcamara-es.com\/wp-content\/uploads\/2025\/05\/Immagine-Pais-de-Honor.png",1000,650,false],"directorist_preview":["https:\/\/italcamara-es.com\/wp-content\/uploads\/2025\/05\/Immagine-Pais-de-Honor-640x360.png",640,360,true]},"rttpg_author":{"display_name":"administrador","author_link":"https:\/\/italcamara-es.com\/it\/author\/administrador\/"},"rttpg_comment":0,"rttpg_category":"<a href=\"https:\/\/italcamara-es.com\/it\/category\/notizie\/\" rel=\"category tag\">Notizie<\/a>","rttpg_excerpt":"La 38\u00aa edizione del Sal\u00f3n de Gourmets di Madrid, la principale fiera spagnola dedicata alla gastronomia di qualit\u00e0, si terr\u00e0 dal 7 al 10 aprile 2025 presso il centro fieristico IFEMA. Quest\u2019anno l\u2019Italia \u00e8 stata designata Paese d\u2019Onore, a sottolineare il ruolo di primo piano della gastronomia italiana nel mercato spagnolo. Il Sal\u00f3n de Gourmets&hellip;","_links":{"self":[{"href":"https:\/\/italcamara-es.com\/it\/wp-json\/wp\/v2\/posts\/58135","targetHints":{"allow":["GET"]}}],"collection":[{"href":"https:\/\/italcamara-es.com\/it\/wp-json\/wp\/v2\/posts"}],"about":[{"href":"https:\/\/italcamara-es.com\/it\/wp-json\/wp\/v2\/types\/post"}],"author":[{"embeddable":true,"href":"https:\/\/italcamara-es.com\/it\/wp-json\/wp\/v2\/users\/1"}],"replies":[{"embeddable":true,"href":"https:\/\/italcamara-es.com\/it\/wp-json\/wp\/v2\/comments?post=58135"}],"version-history":[{"count":1,"href":"https:\/\/italcamara-es.com\/it\/wp-json\/wp\/v2\/posts\/58135\/revisions"}],"predecessor-version":[{"id":58136,"href":"https:\/\/italcamara-es.com\/it\/wp-json\/wp\/v2\/posts\/58135\/revisions\/58136"}],"wp:featuredmedia":[{"embeddable":true,"href":"https:\/\/italcamara-es.com\/it\/wp-json\/wp\/v2\/media\/58131"}],"wp:attachment":[{"href":"https:\/\/italcamara-es.com\/it\/wp-json\/wp\/v2\/media?parent=58135"}],"wp:term":[{"taxonomy":"category","embeddable":true,"href":"https:\/\/italcamara-es.com\/it\/wp-json\/wp\/v2\/categories?post=58135"},{"taxonomy":"post_tag","embeddable":true,"href":"https:\/\/italcamara-es.com\/it\/wp-json\/wp\/v2\/tags?post=58135"}],"curies":[{"name":"wp","href":"https:\/\/api.w.org\/{rel}","templated":true}]}}