	{"id":58141,"date":"2025-04-03T11:35:00","date_gmt":"2025-04-03T09:35:00","guid":{"rendered":"http:\/\/pre.italcamara-es.com\/?p=58141"},"modified":"2025-05-09T11:39:53","modified_gmt":"2025-05-09T09:39:53","slug":"oltre-il-tetto-di-cristallo-leadership-femminile-parita-salariale-e-responsabilita-sociale","status":"publish","type":"post","link":"https:\/\/italcamara-es.com\/it\/notizie\/oltre-il-tetto-di-cristallo-leadership-femminile-parita-salariale-e-responsabilita-sociale\/","title":{"rendered":"Oltre il tetto di cristallo: leadership femminile, parit\u00e0 salariale e responsabilit\u00e0 sociale"},"content":{"rendered":"\n<p>Nell\u2019ambito del progetto europeo<strong><a href=\"https:\/\/www.italcamara-es.com\/it\/europe-plural-femenine\/\" target=\"_blank\" rel=\"noreferrer noopener\"> Europe, Plurale, Femenine (EPF)<\/a>,<\/strong> la Camera di Commercio e Industria Italiana per la Spagna organizza il <strong>quarto Evento Globale Online<\/strong>, che si terr\u00e0 <strong>marted\u00ec 29 aprile alle ore 15:00<\/strong>.<\/p>\n\n\n\n<p>Verr\u00e0 affrontato un tema cruciale e di attualit\u00e0 dal titolo: <strong>\u201cOltre il tetto di cristallo: leadership femminile, parit\u00e0 salariale e responsabilit\u00e0 sociale\u201d.<\/strong><\/p>\n\n\n\n<p>All\u2019evento parteciperanno tre importanti professioniste, che condivideranno la loro esperienza e le loro conoscenze su questi temi fondamentali:<\/p>\n\n\n\n<ul class=\"wp-block-list\">\n<li><strong>Natalia Mart\u00ednez Carrasco<\/strong>, direttrice dei progetti di leadership femminile di <strong>CEOE Campus<\/strong>, esporr\u00e0 il concetto di <em>\u201cpiramide di svanimento\u201d<\/em> e spiegher\u00e0 le strategie che la CEOE sta implementando attraverso il programma <em>Itinerario Promociona<\/em> per promuovere la leadership femminile.<\/li>\n\n\n\n<li><strong>M\u00f3nica Su\u00e1rez Florido<\/strong>, direttrice del <em>Club de Empresas e\u00a0Igualdad <\/em>della <strong>Fundaci\u00f3n Woman Forward<\/strong>, analizzer\u00e0 l\u2019evoluzione del divario retributivo di genere e condivider\u00e0 linee guida su come le aziende possono garantire processi equi di promozione e compensazione.<\/li>\n\n\n\n<li><strong>Roc\u00edo Villa Gonz\u00e1lez<\/strong>, responsabile dell\u2019imprenditoria e degli appalti pubblici presso <strong>ASATA<\/strong>, affronter\u00e0 il tema della responsabilit\u00e0 e dell\u2019economia sociale da una prospettiva di genere. Durante il suo intervento, metter\u00e0 in evidenza il ruolo di ASATA nel sostegno alle imprese e spiegher\u00e0 come le cooperative e le societ\u00e0 di lavoro contribuiscono alla costruzione di un sistema economico pi\u00f9 equo e sostenibile.<\/li>\n<\/ul>\n\n\n<div class=\"wp-block-image\">\n<figure class=\"aligncenter size-large is-resized\"><img fetchpriority=\"high\" decoding=\"async\" width=\"1024\" height=\"1024\" src=\"http:\/\/pre.italcamara-es.com\/wp-content\/uploads\/2025\/05\/epf-1024x1024.jpg\" alt=\"\" class=\"wp-image-58139\" style=\"width:452px;height:auto\" srcset=\"https:\/\/italcamara-es.com\/wp-content\/uploads\/2025\/05\/epf-1024x1024.jpg 1024w, https:\/\/italcamara-es.com\/wp-content\/uploads\/2025\/05\/epf-300x300.jpg 300w, https:\/\/italcamara-es.com\/wp-content\/uploads\/2025\/05\/epf-150x150.jpg 150w, https:\/\/italcamara-es.com\/wp-content\/uploads\/2025\/05\/epf-768x768.jpg 768w, https:\/\/italcamara-es.com\/wp-content\/uploads\/2025\/05\/epf-600x600.jpg 600w, https:\/\/italcamara-es.com\/wp-content\/uploads\/2025\/05\/epf.jpg 1080w\" sizes=\"(max-width: 1024px) 100vw, 1024px\" \/><\/figure>\n<\/div>\n\n\n<p><strong>MODALIT\u00c0 E ISCRIZIONE<\/strong><\/p>\n\n\n\n<p>L\u2019incontro si terr\u00e0 in formato di <strong>webinar<\/strong>, in lingua spagnola, con traduzione simultanea all\u2019inglese.<\/p>\n\n\n\n<p>La partecipazione all\u2019evento \u00e8\u00a0gratuita, ma \u00e8 necessario registrarsi previamenbte attraverso il seguente <strong><a href=\"https:\/\/docs.google.com\/forms\/d\/e\/1FAIpQLSeroLPgNk3DSqFsEQA3WKgMeJtaBthpHsiP-2n5d-IWjpjRCw\/viewform\">link<\/a><\/strong><\/p>\n\n\n\n<p><\/p>\n","protected":false},"excerpt":{"rendered":"<p>Nell\u2019ambito del progetto europeo Europe, Plurale, Femenine (EPF), la Camera di Commercio e Industria Italiana per la Spagna organizza il quarto Evento Globale Online, che si terr\u00e0 marted\u00ec 29 aprile alle ore 15:00. Verr\u00e0 affrontato un tema cruciale e di attualit\u00e0 dal titolo: \u201cOltre il tetto di cristallo: leadership femminile, parit\u00e0 salariale e responsabilit\u00e0 sociale\u201d. [&hellip;]<\/p>\n","protected":false},"author":1,"featured_media":58139,"comment_status":"open","ping_status":"open","sticky":false,"template":"","format":"standard","meta":{"inline_featured_image":false,"ocean_post_layout":"","ocean_both_sidebars_style":"","ocean_both_sidebars_content_width":0,"ocean_both_sidebars_sidebars_width":0,"ocean_sidebar":"","ocean_second_sidebar":"","ocean_disable_margins":"enable","ocean_add_body_class":"","ocean_shortcode_before_top_bar":"","ocean_shortcode_after_top_bar":"","ocean_shortcode_before_header":"","ocean_shortcode_after_header":"","ocean_has_shortcode":"","ocean_shortcode_after_title":"","ocean_shortcode_before_footer_widgets":"","ocean_shortcode_after_footer_widgets":"","ocean_shortcode_before_footer_bottom":"","ocean_shortcode_after_footer_bottom":"","ocean_display_top_bar":"default","ocean_display_header":"default","ocean_header_style":"","ocean_center_header_left_menu":"","ocean_custom_header_template":"","ocean_custom_logo":0,"ocean_custom_retina_logo":0,"ocean_custom_logo_max_width":0,"ocean_custom_logo_tablet_max_width":0,"ocean_custom_logo_mobile_max_width":0,"ocean_custom_logo_max_height":0,"ocean_custom_logo_tablet_max_height":0,"ocean_custom_logo_mobile_max_height":0,"ocean_header_custom_menu":"","ocean_menu_typo_font_family":"","ocean_menu_typo_font_subset":"","ocean_menu_typo_font_size":0,"ocean_menu_typo_font_size_tablet":0,"ocean_menu_typo_font_size_mobile":0,"ocean_menu_typo_font_size_unit":"px","ocean_menu_typo_font_weight":"","ocean_menu_typo_font_weight_tablet":"","ocean_menu_typo_font_weight_mobile":"","ocean_menu_typo_transform":"","ocean_menu_typo_transform_tablet":"","ocean_menu_typo_transform_mobile":"","ocean_menu_typo_line_height":0,"ocean_menu_typo_line_height_tablet":0,"ocean_menu_typo_line_height_mobile":0,"ocean_menu_typo_line_height_unit":"","ocean_menu_typo_spacing":0,"ocean_menu_typo_spacing_tablet":0,"ocean_menu_typo_spacing_mobile":0,"ocean_menu_typo_spacing_unit":"","ocean_menu_link_color":"","ocean_menu_link_color_hover":"","ocean_menu_link_color_active":"","ocean_menu_link_background":"","ocean_menu_link_hover_background":"","ocean_menu_link_active_background":"","ocean_menu_social_links_bg":"","ocean_menu_social_hover_links_bg":"","ocean_menu_social_links_color":"","ocean_menu_social_hover_links_color":"","ocean_disable_title":"default","ocean_disable_heading":"default","ocean_post_title":"","ocean_post_subheading":"","ocean_post_title_style":"","ocean_post_title_background_color":"","ocean_post_title_background":0,"ocean_post_title_bg_image_position":"","ocean_post_title_bg_image_attachment":"","ocean_post_title_bg_image_repeat":"","ocean_post_title_bg_image_size":"","ocean_post_title_height":0,"ocean_post_title_bg_overlay":0.5,"ocean_post_title_bg_overlay_color":"","ocean_disable_breadcrumbs":"default","ocean_breadcrumbs_color":"","ocean_breadcrumbs_separator_color":"","ocean_breadcrumbs_links_color":"","ocean_breadcrumbs_links_hover_color":"","ocean_display_footer_widgets":"default","ocean_display_footer_bottom":"default","ocean_custom_footer_template":"","ocean_post_oembed":"","ocean_post_self_hosted_media":"","ocean_post_video_embed":"","ocean_link_format":"","ocean_link_format_target":"self","ocean_quote_format":"","ocean_quote_format_link":"post","ocean_gallery_link_images":"on","ocean_gallery_id":[],"footnotes":""},"categories":[133],"tags":[139],"class_list":["post-58141","post","type-post","status-publish","format-standard","has-post-thumbnail","hentry","category-notizie","tag-notizie-di-la-ccis","entry","has-media"],"yoast_head":"<!-- This site is optimized with the Yoast SEO plugin v27.4 - https:\/\/yoast.com\/product\/yoast-seo-wordpress\/ -->\n<title>Oltre il tetto di cristallo: leadership femminile, parit\u00e0 salariale e responsabilit\u00e0 sociale - Italcamara<\/title>\n<meta name=\"robots\" content=\"index, follow, max-snippet:-1, max-image-preview:large, max-video-preview:-1\" \/>\n<link rel=\"canonical\" href=\"https:\/\/italcamara-es.com\/it\/notizie\/oltre-il-tetto-di-cristallo-leadership-femminile-parita-salariale-e-responsabilita-sociale\/\" \/>\n<meta property=\"og:locale\" content=\"it_IT\" \/>\n<meta property=\"og:type\" content=\"article\" \/>\n<meta property=\"og:title\" content=\"Oltre il tetto di cristallo: leadership femminile, parit\u00e0 salariale e responsabilit\u00e0 sociale - Italcamara\" \/>\n<meta property=\"og:description\" content=\"Nell\u2019ambito del progetto europeo Europe, Plurale, Femenine (EPF), la Camera di Commercio e Industria Italiana per la Spagna organizza il quarto Evento Globale Online, che si terr\u00e0 marted\u00ec 29 aprile alle ore 15:00. Verr\u00e0 affrontato un tema cruciale e di attualit\u00e0 dal titolo: \u201cOltre il tetto di cristallo: leadership femminile, parit\u00e0 salariale e responsabilit\u00e0 sociale\u201d. [&hellip;]\" \/>\n<meta property=\"og:url\" content=\"https:\/\/italcamara-es.com\/it\/notizie\/oltre-il-tetto-di-cristallo-leadership-femminile-parita-salariale-e-responsabilita-sociale\/\" \/>\n<meta property=\"og:site_name\" content=\"Italcamara\" \/>\n<meta property=\"article:published_time\" content=\"2025-04-03T09:35:00+00:00\" \/>\n<meta property=\"article:modified_time\" content=\"2025-05-09T09:39:53+00:00\" \/>\n<meta property=\"og:image\" content=\"https:\/\/italcamara-es.com\/wp-content\/uploads\/2025\/05\/epf.jpg\" \/>\n\t<meta property=\"og:image:width\" content=\"1080\" \/>\n\t<meta property=\"og:image:height\" content=\"1080\" \/>\n\t<meta property=\"og:image:type\" content=\"image\/jpeg\" \/>\n<meta name=\"author\" content=\"administrador\" \/>\n<meta name=\"twitter:card\" content=\"summary_large_image\" \/>\n<meta name=\"twitter:label1\" content=\"Scritto da\" \/>\n\t<meta name=\"twitter:data1\" content=\"administrador\" \/>\n\t<meta name=\"twitter:label2\" content=\"Tempo di lettura stimato\" \/>\n\t<meta name=\"twitter:data2\" content=\"2 minuti\" \/>\n<script type=\"application\/ld+json\" class=\"yoast-schema-graph\">{\"@context\":\"https:\\\/\\\/schema.org\",\"@graph\":[{\"@type\":\"Article\",\"@id\":\"https:\\\/\\\/italcamara-es.com\\\/it\\\/notizie\\\/oltre-il-tetto-di-cristallo-leadership-femminile-parita-salariale-e-responsabilita-sociale\\\/#article\",\"isPartOf\":{\"@id\":\"https:\\\/\\\/italcamara-es.com\\\/it\\\/notizie\\\/oltre-il-tetto-di-cristallo-leadership-femminile-parita-salariale-e-responsabilita-sociale\\\/\"},\"author\":{\"name\":\"administrador\",\"@id\":\"https:\\\/\\\/italcamara-es.com\\\/#\\\/schema\\\/person\\\/bb3c56263e405bbd9a15171dcfee93bb\"},\"headline\":\"Oltre il tetto di cristallo: leadership femminile, parit\u00e0 salariale e responsabilit\u00e0 sociale\",\"datePublished\":\"2025-04-03T09:35:00+00:00\",\"dateModified\":\"2025-05-09T09:39:53+00:00\",\"mainEntityOfPage\":{\"@id\":\"https:\\\/\\\/italcamara-es.com\\\/it\\\/notizie\\\/oltre-il-tetto-di-cristallo-leadership-femminile-parita-salariale-e-responsabilita-sociale\\\/\"},\"wordCount\":261,\"commentCount\":0,\"image\":{\"@id\":\"https:\\\/\\\/italcamara-es.com\\\/it\\\/notizie\\\/oltre-il-tetto-di-cristallo-leadership-femminile-parita-salariale-e-responsabilita-sociale\\\/#primaryimage\"},\"thumbnailUrl\":\"https:\\\/\\\/italcamara-es.com\\\/wp-content\\\/uploads\\\/2025\\\/05\\\/epf.jpg\",\"keywords\":[\"Notizie di la CCIS\"],\"articleSection\":[\"Notizie\"],\"inLanguage\":\"it-IT\",\"potentialAction\":[{\"@type\":\"CommentAction\",\"name\":\"Comment\",\"target\":[\"https:\\\/\\\/italcamara-es.com\\\/it\\\/notizie\\\/oltre-il-tetto-di-cristallo-leadership-femminile-parita-salariale-e-responsabilita-sociale\\\/#respond\"]}]},{\"@type\":\"WebPage\",\"@id\":\"https:\\\/\\\/italcamara-es.com\\\/it\\\/notizie\\\/oltre-il-tetto-di-cristallo-leadership-femminile-parita-salariale-e-responsabilita-sociale\\\/\",\"url\":\"https:\\\/\\\/italcamara-es.com\\\/it\\\/notizie\\\/oltre-il-tetto-di-cristallo-leadership-femminile-parita-salariale-e-responsabilita-sociale\\\/\",\"name\":\"Oltre il tetto di cristallo: leadership femminile, parit\u00e0 salariale e responsabilit\u00e0 sociale - Italcamara\",\"isPartOf\":{\"@id\":\"https:\\\/\\\/italcamara-es.com\\\/#website\"},\"primaryImageOfPage\":{\"@id\":\"https:\\\/\\\/italcamara-es.com\\\/it\\\/notizie\\\/oltre-il-tetto-di-cristallo-leadership-femminile-parita-salariale-e-responsabilita-sociale\\\/#primaryimage\"},\"image\":{\"@id\":\"https:\\\/\\\/italcamara-es.com\\\/it\\\/notizie\\\/oltre-il-tetto-di-cristallo-leadership-femminile-parita-salariale-e-responsabilita-sociale\\\/#primaryimage\"},\"thumbnailUrl\":\"https:\\\/\\\/italcamara-es.com\\\/wp-content\\\/uploads\\\/2025\\\/05\\\/epf.jpg\",\"datePublished\":\"2025-04-03T09:35:00+00:00\",\"dateModified\":\"2025-05-09T09:39:53+00:00\",\"author\":{\"@id\":\"https:\\\/\\\/italcamara-es.com\\\/#\\\/schema\\\/person\\\/bb3c56263e405bbd9a15171dcfee93bb\"},\"breadcrumb\":{\"@id\":\"https:\\\/\\\/italcamara-es.com\\\/it\\\/notizie\\\/oltre-il-tetto-di-cristallo-leadership-femminile-parita-salariale-e-responsabilita-sociale\\\/#breadcrumb\"},\"inLanguage\":\"it-IT\",\"potentialAction\":[{\"@type\":\"ReadAction\",\"target\":[\"https:\\\/\\\/italcamara-es.com\\\/it\\\/notizie\\\/oltre-il-tetto-di-cristallo-leadership-femminile-parita-salariale-e-responsabilita-sociale\\\/\"]}]},{\"@type\":\"ImageObject\",\"inLanguage\":\"it-IT\",\"@id\":\"https:\\\/\\\/italcamara-es.com\\\/it\\\/notizie\\\/oltre-il-tetto-di-cristallo-leadership-femminile-parita-salariale-e-responsabilita-sociale\\\/#primaryimage\",\"url\":\"https:\\\/\\\/italcamara-es.com\\\/wp-content\\\/uploads\\\/2025\\\/05\\\/epf.jpg\",\"contentUrl\":\"https:\\\/\\\/italcamara-es.com\\\/wp-content\\\/uploads\\\/2025\\\/05\\\/epf.jpg\",\"width\":1080,\"height\":1080},{\"@type\":\"BreadcrumbList\",\"@id\":\"https:\\\/\\\/italcamara-es.com\\\/it\\\/notizie\\\/oltre-il-tetto-di-cristallo-leadership-femminile-parita-salariale-e-responsabilita-sociale\\\/#breadcrumb\",\"itemListElement\":[{\"@type\":\"ListItem\",\"position\":1,\"name\":\"Inicio\",\"item\":\"https:\\\/\\\/italcamara-es.com\\\/it\\\/homepage-ita\\\/\"},{\"@type\":\"ListItem\",\"position\":2,\"name\":\"Oltre il tetto di cristallo: leadership femminile, parit\u00e0 salariale e responsabilit\u00e0 sociale\"}]},{\"@type\":\"WebSite\",\"@id\":\"https:\\\/\\\/italcamara-es.com\\\/#website\",\"url\":\"https:\\\/\\\/italcamara-es.com\\\/\",\"name\":\"Italcamara\",\"description\":\"\",\"potentialAction\":[{\"@type\":\"SearchAction\",\"target\":{\"@type\":\"EntryPoint\",\"urlTemplate\":\"https:\\\/\\\/italcamara-es.com\\\/?s={search_term_string}\"},\"query-input\":{\"@type\":\"PropertyValueSpecification\",\"valueRequired\":true,\"valueName\":\"search_term_string\"}}],\"inLanguage\":\"it-IT\"},{\"@type\":\"Person\",\"@id\":\"https:\\\/\\\/italcamara-es.com\\\/#\\\/schema\\\/person\\\/bb3c56263e405bbd9a15171dcfee93bb\",\"name\":\"administrador\",\"image\":{\"@type\":\"ImageObject\",\"inLanguage\":\"it-IT\",\"@id\":\"https:\\\/\\\/secure.gravatar.com\\\/avatar\\\/14b5e63db38320b12031bb28cf9f77e210aa71fb3a8a3602a3c9a05134fa75eb?s=96&d=mm&r=g\",\"url\":\"https:\\\/\\\/secure.gravatar.com\\\/avatar\\\/14b5e63db38320b12031bb28cf9f77e210aa71fb3a8a3602a3c9a05134fa75eb?s=96&d=mm&r=g\",\"contentUrl\":\"https:\\\/\\\/secure.gravatar.com\\\/avatar\\\/14b5e63db38320b12031bb28cf9f77e210aa71fb3a8a3602a3c9a05134fa75eb?s=96&d=mm&r=g\",\"caption\":\"administrador\"},\"sameAs\":[\"http:\\\/\\\/pre.italcamara-es.com\"],\"url\":\"https:\\\/\\\/italcamara-es.com\\\/it\\\/author\\\/administrador\\\/\"}]}<\/script>\n<!-- \/ Yoast SEO plugin. -->","yoast_head_json":{"title":"Oltre il tetto di cristallo: leadership femminile, parit\u00e0 salariale e responsabilit\u00e0 sociale - Italcamara","robots":{"index":"index","follow":"follow","max-snippet":"max-snippet:-1","max-image-preview":"max-image-preview:large","max-video-preview":"max-video-preview:-1"},"canonical":"https:\/\/italcamara-es.com\/it\/notizie\/oltre-il-tetto-di-cristallo-leadership-femminile-parita-salariale-e-responsabilita-sociale\/","og_locale":"it_IT","og_type":"article","og_title":"Oltre il tetto di cristallo: leadership femminile, parit\u00e0 salariale e responsabilit\u00e0 sociale - Italcamara","og_description":"Nell\u2019ambito del progetto europeo Europe, Plurale, Femenine (EPF), la Camera di Commercio e Industria Italiana per la Spagna organizza il quarto Evento Globale Online, che si terr\u00e0 marted\u00ec 29 aprile alle ore 15:00. Verr\u00e0 affrontato un tema cruciale e di attualit\u00e0 dal titolo: \u201cOltre il tetto di cristallo: leadership femminile, parit\u00e0 salariale e responsabilit\u00e0 sociale\u201d. [&hellip;]","og_url":"https:\/\/italcamara-es.com\/it\/notizie\/oltre-il-tetto-di-cristallo-leadership-femminile-parita-salariale-e-responsabilita-sociale\/","og_site_name":"Italcamara","article_published_time":"2025-04-03T09:35:00+00:00","article_modified_time":"2025-05-09T09:39:53+00:00","og_image":[{"width":1080,"height":1080,"url":"https:\/\/italcamara-es.com\/wp-content\/uploads\/2025\/05\/epf.jpg","type":"image\/jpeg"}],"author":"administrador","twitter_card":"summary_large_image","twitter_misc":{"Scritto da":"administrador","Tempo di lettura stimato":"2 minuti"},"schema":{"@context":"https:\/\/schema.org","@graph":[{"@type":"Article","@id":"https:\/\/italcamara-es.com\/it\/notizie\/oltre-il-tetto-di-cristallo-leadership-femminile-parita-salariale-e-responsabilita-sociale\/#article","isPartOf":{"@id":"https:\/\/italcamara-es.com\/it\/notizie\/oltre-il-tetto-di-cristallo-leadership-femminile-parita-salariale-e-responsabilita-sociale\/"},"author":{"name":"administrador","@id":"https:\/\/italcamara-es.com\/#\/schema\/person\/bb3c56263e405bbd9a15171dcfee93bb"},"headline":"Oltre il tetto di cristallo: leadership femminile, parit\u00e0 salariale e responsabilit\u00e0 sociale","datePublished":"2025-04-03T09:35:00+00:00","dateModified":"2025-05-09T09:39:53+00:00","mainEntityOfPage":{"@id":"https:\/\/italcamara-es.com\/it\/notizie\/oltre-il-tetto-di-cristallo-leadership-femminile-parita-salariale-e-responsabilita-sociale\/"},"wordCount":261,"commentCount":0,"image":{"@id":"https:\/\/italcamara-es.com\/it\/notizie\/oltre-il-tetto-di-cristallo-leadership-femminile-parita-salariale-e-responsabilita-sociale\/#primaryimage"},"thumbnailUrl":"https:\/\/italcamara-es.com\/wp-content\/uploads\/2025\/05\/epf.jpg","keywords":["Notizie di la CCIS"],"articleSection":["Notizie"],"inLanguage":"it-IT","potentialAction":[{"@type":"CommentAction","name":"Comment","target":["https:\/\/italcamara-es.com\/it\/notizie\/oltre-il-tetto-di-cristallo-leadership-femminile-parita-salariale-e-responsabilita-sociale\/#respond"]}]},{"@type":"WebPage","@id":"https:\/\/italcamara-es.com\/it\/notizie\/oltre-il-tetto-di-cristallo-leadership-femminile-parita-salariale-e-responsabilita-sociale\/","url":"https:\/\/italcamara-es.com\/it\/notizie\/oltre-il-tetto-di-cristallo-leadership-femminile-parita-salariale-e-responsabilita-sociale\/","name":"Oltre il tetto di cristallo: leadership femminile, parit\u00e0 salariale e responsabilit\u00e0 sociale - Italcamara","isPartOf":{"@id":"https:\/\/italcamara-es.com\/#website"},"primaryImageOfPage":{"@id":"https:\/\/italcamara-es.com\/it\/notizie\/oltre-il-tetto-di-cristallo-leadership-femminile-parita-salariale-e-responsabilita-sociale\/#primaryimage"},"image":{"@id":"https:\/\/italcamara-es.com\/it\/notizie\/oltre-il-tetto-di-cristallo-leadership-femminile-parita-salariale-e-responsabilita-sociale\/#primaryimage"},"thumbnailUrl":"https:\/\/italcamara-es.com\/wp-content\/uploads\/2025\/05\/epf.jpg","datePublished":"2025-04-03T09:35:00+00:00","dateModified":"2025-05-09T09:39:53+00:00","author":{"@id":"https:\/\/italcamara-es.com\/#\/schema\/person\/bb3c56263e405bbd9a15171dcfee93bb"},"breadcrumb":{"@id":"https:\/\/italcamara-es.com\/it\/notizie\/oltre-il-tetto-di-cristallo-leadership-femminile-parita-salariale-e-responsabilita-sociale\/#breadcrumb"},"inLanguage":"it-IT","potentialAction":[{"@type":"ReadAction","target":["https:\/\/italcamara-es.com\/it\/notizie\/oltre-il-tetto-di-cristallo-leadership-femminile-parita-salariale-e-responsabilita-sociale\/"]}]},{"@type":"ImageObject","inLanguage":"it-IT","@id":"https:\/\/italcamara-es.com\/it\/notizie\/oltre-il-tetto-di-cristallo-leadership-femminile-parita-salariale-e-responsabilita-sociale\/#primaryimage","url":"https:\/\/italcamara-es.com\/wp-content\/uploads\/2025\/05\/epf.jpg","contentUrl":"https:\/\/italcamara-es.com\/wp-content\/uploads\/2025\/05\/epf.jpg","width":1080,"height":1080},{"@type":"BreadcrumbList","@id":"https:\/\/italcamara-es.com\/it\/notizie\/oltre-il-tetto-di-cristallo-leadership-femminile-parita-salariale-e-responsabilita-sociale\/#breadcrumb","itemListElement":[{"@type":"ListItem","position":1,"name":"Inicio","item":"https:\/\/italcamara-es.com\/it\/homepage-ita\/"},{"@type":"ListItem","position":2,"name":"Oltre il tetto di cristallo: leadership femminile, parit\u00e0 salariale e responsabilit\u00e0 sociale"}]},{"@type":"WebSite","@id":"https:\/\/italcamara-es.com\/#website","url":"https:\/\/italcamara-es.com\/","name":"Italcamara","description":"","potentialAction":[{"@type":"SearchAction","target":{"@type":"EntryPoint","urlTemplate":"https:\/\/italcamara-es.com\/?s={search_term_string}"},"query-input":{"@type":"PropertyValueSpecification","valueRequired":true,"valueName":"search_term_string"}}],"inLanguage":"it-IT"},{"@type":"Person","@id":"https:\/\/italcamara-es.com\/#\/schema\/person\/bb3c56263e405bbd9a15171dcfee93bb","name":"administrador","image":{"@type":"ImageObject","inLanguage":"it-IT","@id":"https:\/\/secure.gravatar.com\/avatar\/14b5e63db38320b12031bb28cf9f77e210aa71fb3a8a3602a3c9a05134fa75eb?s=96&d=mm&r=g","url":"https:\/\/secure.gravatar.com\/avatar\/14b5e63db38320b12031bb28cf9f77e210aa71fb3a8a3602a3c9a05134fa75eb?s=96&d=mm&r=g","contentUrl":"https:\/\/secure.gravatar.com\/avatar\/14b5e63db38320b12031bb28cf9f77e210aa71fb3a8a3602a3c9a05134fa75eb?s=96&d=mm&r=g","caption":"administrador"},"sameAs":["http:\/\/pre.italcamara-es.com"],"url":"https:\/\/italcamara-es.com\/it\/author\/administrador\/"}]}},"rttpg_featured_image_url":{"full":["https:\/\/italcamara-es.com\/wp-content\/uploads\/2025\/05\/epf.jpg",1080,1080,false],"landscape":["https:\/\/italcamara-es.com\/wp-content\/uploads\/2025\/05\/epf.jpg",1080,1080,false],"portraits":["https:\/\/italcamara-es.com\/wp-content\/uploads\/2025\/05\/epf.jpg",1080,1080,false],"thumbnail":["https:\/\/italcamara-es.com\/wp-content\/uploads\/2025\/05\/epf-150x150.jpg",150,150,true],"medium":["https:\/\/italcamara-es.com\/wp-content\/uploads\/2025\/05\/epf-300x300.jpg",300,300,true],"large":["https:\/\/italcamara-es.com\/wp-content\/uploads\/2025\/05\/epf-1024x1024.jpg",1024,1024,true],"1536x1536":["https:\/\/italcamara-es.com\/wp-content\/uploads\/2025\/05\/epf.jpg",1080,1080,false],"2048x2048":["https:\/\/italcamara-es.com\/wp-content\/uploads\/2025\/05\/epf.jpg",1080,1080,false],"ocean-thumb-m":["https:\/\/italcamara-es.com\/wp-content\/uploads\/2025\/05\/epf-600x600.jpg",600,600,true],"ocean-thumb-ml":["https:\/\/italcamara-es.com\/wp-content\/uploads\/2025\/05\/epf-800x450.jpg",800,450,true],"ocean-thumb-l":["https:\/\/italcamara-es.com\/wp-content\/uploads\/2025\/05\/epf-1080x700.jpg",1080,700,true],"directorist_preview":["https:\/\/italcamara-es.com\/wp-content\/uploads\/2025\/05\/epf-640x360.jpg",640,360,true]},"rttpg_author":{"display_name":"administrador","author_link":"https:\/\/italcamara-es.com\/it\/author\/administrador\/"},"rttpg_comment":0,"rttpg_category":"<a href=\"https:\/\/italcamara-es.com\/it\/category\/notizie\/\" rel=\"category tag\">Notizie<\/a>","rttpg_excerpt":"Nell\u2019ambito del progetto europeo Europe, Plurale, Femenine (EPF), la Camera di Commercio e Industria Italiana per la Spagna organizza il quarto Evento Globale Online, che si terr\u00e0 marted\u00ec 29 aprile alle ore 15:00. Verr\u00e0 affrontato un tema cruciale e di attualit\u00e0 dal titolo: \u201cOltre il tetto di cristallo: leadership femminile, parit\u00e0 salariale e responsabilit\u00e0 sociale\u201d.&hellip;","_links":{"self":[{"href":"https:\/\/italcamara-es.com\/it\/wp-json\/wp\/v2\/posts\/58141","targetHints":{"allow":["GET"]}}],"collection":[{"href":"https:\/\/italcamara-es.com\/it\/wp-json\/wp\/v2\/posts"}],"about":[{"href":"https:\/\/italcamara-es.com\/it\/wp-json\/wp\/v2\/types\/post"}],"author":[{"embeddable":true,"href":"https:\/\/italcamara-es.com\/it\/wp-json\/wp\/v2\/users\/1"}],"replies":[{"embeddable":true,"href":"https:\/\/italcamara-es.com\/it\/wp-json\/wp\/v2\/comments?post=58141"}],"version-history":[{"count":1,"href":"https:\/\/italcamara-es.com\/it\/wp-json\/wp\/v2\/posts\/58141\/revisions"}],"predecessor-version":[{"id":58142,"href":"https:\/\/italcamara-es.com\/it\/wp-json\/wp\/v2\/posts\/58141\/revisions\/58142"}],"wp:featuredmedia":[{"embeddable":true,"href":"https:\/\/italcamara-es.com\/it\/wp-json\/wp\/v2\/media\/58139"}],"wp:attachment":[{"href":"https:\/\/italcamara-es.com\/it\/wp-json\/wp\/v2\/media?parent=58141"}],"wp:term":[{"taxonomy":"category","embeddable":true,"href":"https:\/\/italcamara-es.com\/it\/wp-json\/wp\/v2\/categories?post=58141"},{"taxonomy":"post_tag","embeddable":true,"href":"https:\/\/italcamara-es.com\/it\/wp-json\/wp\/v2\/tags?post=58141"}],"curies":[{"name":"wp","href":"https:\/\/api.w.org\/{rel}","templated":true}]}}