	{"id":58153,"date":"2025-04-11T11:47:00","date_gmt":"2025-04-11T09:47:00","guid":{"rendered":"http:\/\/pre.italcamara-es.com\/?p=58153"},"modified":"2025-05-09T11:51:43","modified_gmt":"2025-05-09T09:51:43","slug":"data-center-in-spagna-investimenti-record-e-nuove-aree-geografiche-nel-mirino","status":"publish","type":"post","link":"https:\/\/italcamara-es.com\/it\/notizie\/data-center-in-spagna-investimenti-record-e-nuove-aree-geografiche-nel-mirino\/","title":{"rendered":"Data center in Spagna: investimenti record e nuove aree geografiche nel mirino"},"content":{"rendered":"\n<p>Il&nbsp;<strong><a href=\"https:\/\/www.colliers.com\/es-es\/research\/snapshot-data-center-iberian-region-2024-2025\">rapporto Data Centers Snapshot<\/a><\/strong>&nbsp;elaborato da Colliers, che analizza il mercato dei data center nella penisola iberica nell\u2019ultimo semestre, mostra una notevole crescita di questo mercato per tutto il 2024. Con oltre 1 miliardo di euro di transazioni, lo scorso anno \u00e8 stato raggiunto in Spagna un livello storico di investimenti in questo tipo di attivit\u00e0. Tra le transazioni pi\u00f9 rilevanti vi sono l\u2019acquisizione di Nabiax da parte di Aermont Capital e quella di Adam Ecotech da parte del fondo CVC DIF.<\/p>\n\n\n\n<p>Negli ultimi 6 mesi, la penisola iberica ha aumentato del 20% la pipeline di nuovi progetti di data center confermati, con un ruolo di primo piano di&nbsp;Barcellona e altre regioni come l\u2019Estremadura, la Cantabria o Valencia, anche se i cosiddetti RFS (Ready for Service nel gergo del mercato) per il 2028 rimangono piuttosto stabili.<\/p>\n\n\n<div class=\"wp-block-image\">\n<figure class=\"aligncenter size-full\"><img fetchpriority=\"high\" decoding=\"async\" width=\"500\" height=\"280\" src=\"http:\/\/pre.italcamara-es.com\/wp-content\/uploads\/2025\/05\/data-center-500-4.jpg\" alt=\"\" class=\"wp-image-58151\" srcset=\"https:\/\/italcamara-es.com\/wp-content\/uploads\/2025\/05\/data-center-500-4.jpg 500w, https:\/\/italcamara-es.com\/wp-content\/uploads\/2025\/05\/data-center-500-4-300x168.jpg 300w\" sizes=\"(max-width: 500px) 100vw, 500px\" \/><\/figure>\n<\/div>\n\n\n<p>Negli ultimi 6 mesi,&nbsp;<strong>Madrid&nbsp;<\/strong>ha mantenuto stabile la sua capacit\u00e0 attuale e futura a&nbsp;<strong>792 MW IT<\/strong>, mentre&nbsp;<strong>Barcellona<\/strong>&nbsp;ha registrato una crescita significativa, fino a&nbsp;<strong>275 MW IT<\/strong>, pari a un aumento del 38% rispetto al semestre precedente. Durante questo periodo, la citt\u00e0 di Barcellona ha registrato importanti transazioni, come l\u2019acquisizione di Adam Ecotech da parte di CVC DIF, quella di AQ Compute da parte di Bain Capital o quella di Bitnap da parte di Templus. Inoltre, il governo catalano ha annunciato un quadro strategico per promuovere l\u2019implementazione di Data Center nella regione, a dimostrazione della fiducia delle istituzioni nel mercato per promuoverne la crescita.<\/p>\n\n\n\n<p>Da parte sua, l\u2019Aragona si distingue per la portata dei progetti annunciati, con una potenza IT prevista di oltre 1.800 MW IT nel prossimo decennio. AWS, Microsoft e Azora sono alcuni degli operatori che hanno comunicato nuove espansioni nella regione. Gli investimenti in Aragona sono veicolati principalmente attraverso i PIGA (Progetti di Interesse Generale Autonoma), a dimostrazione anche del sostegno dell\u2019amministrazione autonoma a questo tipo di progetti.<\/p>\n\n\n\n<p>Secondo Colliers, il mercato dei data center in Spagna deve affrontare importanti sfide per sincronizzare l\u2019energia disponibile con la crescente domanda. L\u2019adozione di nuove tecnologie, come l\u2019intelligenza artificiale, sta aumentando significativamente la densit\u00e0 per rack nei data center. Negli impianti destinati a questo tipo di servizi, si prevede che tale densit\u00e0 aumenter\u00e0 da 3 a 5 volte, superando in alcuni casi i 60 kW per rack, il che si traduce in maggiori esigenze di capacit\u00e0 energetica.<\/p>\n\n\n\n<p>La saturazione della rete elettrica a Madrid e Barcellona ha portato gli operatori a esplorare nuove sedi per lo sviluppo di Data Center, dove l\u2019accesso al suolo e all\u2019energia non sia un fattore limitante. Pertanto, altre regioni come Valencia, Cantabria ed Extremadura, che hanno registrato un aumento del 43% nella pipeline di data center nell\u2019ultimo semestre, stanno acquisendo importanza grazie alla loro buona connettivit\u00e0, alla disponibilit\u00e0 di terreni a prezzi accessibili, all\u2019accesso alle energie rinnovabili e alla vicinanza ai cavi sottomarini.<\/p>\n\n\n\n<p><strong>Prospettive<\/strong>:<\/p>\n\n\n\n<p>Nel 2024 il mercato dei data center nella penisola iberica ha mostrato segni di maturit\u00e0. Immobiliari, fondi infrastrutturali, imprese edili o servizi pubblici hanno puntato su questa tipologia di attivit\u00e0 date le attuali prospettive di crescita.<\/p>\n\n\n\n<p>\u201c<em>Il mantenimento di questo trend di crescita, che si riflette in un investimento previsto di oltre 8 miliardi di euro in Spagna entro il 2026, dipender\u00e0 principalmente da tre fattori:<\/em>&nbsp;<em>l\u2019ammontare dell\u2019investimento e la velocit\u00e0 di esecuzione del nuovo Piano Quinquennale di Redeia, attualmente in ritardo, lo sviluppo e l\u2019adozione di nuove tecnologie di IA per mitigare i possibili rischi di obsolescenza nei progetti di data center attualmente pianificati e l\u2019accesso a manodopera qualificata, soprattutto in nuove sedi al di fuori di Madrid e Barcellona<\/em>\u201d, commenta&nbsp;<strong>Jos\u00e9 Mar\u00eda Guilleuma, Direttore dei Data Center di Colliers.<\/strong><\/p>\n\n\n\n<p>\u201c<em>Man mano che il mercato matura e pi\u00f9 progetti entrano in funzione, i rendimenti dovrebbero muoversi in un intervallo simile a quello che stiamo vedendo nei FLAP, riflettendo questa crescita sostenuta e l\u2019elevata fiducia nel mercato dei data center.<\/em>&nbsp;Inoltre<em>, gli investitori stanno cercando di entrare prima nella catena del valore, il che significa che nel 2025 assisteremo a un aumento delle transazioni greenfield, sia nel mercato retail che in quello della colocation. Anche se le sfide di questo settore sono numerose, per ora nulla sembra frenare lo sviluppo inarrestabile dei data center nella penisola iberica<\/em>\u201d, conclude&nbsp;<strong>Gonzalo Mart\u00edn, direttore del Capital Markets di Colliers<\/strong>.<\/p>\n\n\n\n<p>Fonte: <a href=\"https:\/\/www.colliers.com\/es-es\">Colliers<\/a><\/p>\n","protected":false},"excerpt":{"rendered":"<p>Il&nbsp;rapporto Data Centers Snapshot&nbsp;elaborato da Colliers, che analizza il mercato dei data center nella penisola iberica nell\u2019ultimo semestre, mostra una notevole crescita di questo mercato per tutto il 2024. Con oltre 1 miliardo di euro di transazioni, lo scorso anno \u00e8 stato raggiunto in Spagna un livello storico di investimenti in questo tipo di attivit\u00e0. [&hellip;]<\/p>\n","protected":false},"author":1,"featured_media":58151,"comment_status":"open","ping_status":"open","sticky":false,"template":"","format":"standard","meta":{"inline_featured_image":false,"ocean_post_layout":"","ocean_both_sidebars_style":"","ocean_both_sidebars_content_width":0,"ocean_both_sidebars_sidebars_width":0,"ocean_sidebar":"","ocean_second_sidebar":"","ocean_disable_margins":"enable","ocean_add_body_class":"","ocean_shortcode_before_top_bar":"","ocean_shortcode_after_top_bar":"","ocean_shortcode_before_header":"","ocean_shortcode_after_header":"","ocean_has_shortcode":"","ocean_shortcode_after_title":"","ocean_shortcode_before_footer_widgets":"","ocean_shortcode_after_footer_widgets":"","ocean_shortcode_before_footer_bottom":"","ocean_shortcode_after_footer_bottom":"","ocean_display_top_bar":"default","ocean_display_header":"default","ocean_header_style":"","ocean_center_header_left_menu":"","ocean_custom_header_template":"","ocean_custom_logo":0,"ocean_custom_retina_logo":0,"ocean_custom_logo_max_width":0,"ocean_custom_logo_tablet_max_width":0,"ocean_custom_logo_mobile_max_width":0,"ocean_custom_logo_max_height":0,"ocean_custom_logo_tablet_max_height":0,"ocean_custom_logo_mobile_max_height":0,"ocean_header_custom_menu":"","ocean_menu_typo_font_family":"","ocean_menu_typo_font_subset":"","ocean_menu_typo_font_size":0,"ocean_menu_typo_font_size_tablet":0,"ocean_menu_typo_font_size_mobile":0,"ocean_menu_typo_font_size_unit":"px","ocean_menu_typo_font_weight":"","ocean_menu_typo_font_weight_tablet":"","ocean_menu_typo_font_weight_mobile":"","ocean_menu_typo_transform":"","ocean_menu_typo_transform_tablet":"","ocean_menu_typo_transform_mobile":"","ocean_menu_typo_line_height":0,"ocean_menu_typo_line_height_tablet":0,"ocean_menu_typo_line_height_mobile":0,"ocean_menu_typo_line_height_unit":"","ocean_menu_typo_spacing":0,"ocean_menu_typo_spacing_tablet":0,"ocean_menu_typo_spacing_mobile":0,"ocean_menu_typo_spacing_unit":"","ocean_menu_link_color":"","ocean_menu_link_color_hover":"","ocean_menu_link_color_active":"","ocean_menu_link_background":"","ocean_menu_link_hover_background":"","ocean_menu_link_active_background":"","ocean_menu_social_links_bg":"","ocean_menu_social_hover_links_bg":"","ocean_menu_social_links_color":"","ocean_menu_social_hover_links_color":"","ocean_disable_title":"default","ocean_disable_heading":"default","ocean_post_title":"","ocean_post_subheading":"","ocean_post_title_style":"","ocean_post_title_background_color":"","ocean_post_title_background":0,"ocean_post_title_bg_image_position":"","ocean_post_title_bg_image_attachment":"","ocean_post_title_bg_image_repeat":"","ocean_post_title_bg_image_size":"","ocean_post_title_height":0,"ocean_post_title_bg_overlay":0.5,"ocean_post_title_bg_overlay_color":"","ocean_disable_breadcrumbs":"default","ocean_breadcrumbs_color":"","ocean_breadcrumbs_separator_color":"","ocean_breadcrumbs_links_color":"","ocean_breadcrumbs_links_hover_color":"","ocean_display_footer_widgets":"default","ocean_display_footer_bottom":"default","ocean_custom_footer_template":"","ocean_post_oembed":"","ocean_post_self_hosted_media":"","ocean_post_video_embed":"","ocean_link_format":"","ocean_link_format_target":"self","ocean_quote_format":"","ocean_quote_format_link":"post","ocean_gallery_link_images":"on","ocean_gallery_id":[],"footnotes":""},"categories":[133],"tags":[138],"class_list":["post-58153","post","type-post","status-publish","format-standard","has-post-thumbnail","hentry","category-notizie","tag-notizie-di-mercato","entry","has-media"],"yoast_head":"<!-- This site is optimized with the Yoast SEO plugin v27.4 - https:\/\/yoast.com\/product\/yoast-seo-wordpress\/ -->\n<title>Data center in Spagna: investimenti record e nuove aree geografiche nel mirino - Italcamara<\/title>\n<meta name=\"robots\" content=\"index, follow, max-snippet:-1, max-image-preview:large, max-video-preview:-1\" \/>\n<link rel=\"canonical\" href=\"https:\/\/italcamara-es.com\/noticias\/data-center-en-espana-inversion-record-y-nuevas-geografias-en-el-punto-de-mira\/\" \/>\n<meta property=\"og:locale\" content=\"it_IT\" \/>\n<meta property=\"og:type\" content=\"article\" \/>\n<meta property=\"og:title\" content=\"Data center in Spagna: investimenti record e nuove aree geografiche nel mirino - Italcamara\" \/>\n<meta property=\"og:description\" content=\"Il&nbsp;rapporto Data Centers Snapshot&nbsp;elaborato da Colliers, che analizza il mercato dei data center nella penisola iberica nell\u2019ultimo semestre, mostra una notevole crescita di questo mercato per tutto il 2024. Con oltre 1 miliardo di euro di transazioni, lo scorso anno \u00e8 stato raggiunto in Spagna un livello storico di investimenti in questo tipo di attivit\u00e0. [&hellip;]\" \/>\n<meta property=\"og:url\" content=\"https:\/\/italcamara-es.com\/noticias\/data-center-en-espana-inversion-record-y-nuevas-geografias-en-el-punto-de-mira\/\" \/>\n<meta property=\"og:site_name\" content=\"Italcamara\" \/>\n<meta property=\"article:published_time\" content=\"2025-04-11T09:47:00+00:00\" \/>\n<meta property=\"article:modified_time\" content=\"2025-05-09T09:51:43+00:00\" \/>\n<meta property=\"og:image\" content=\"https:\/\/italcamara-es.com\/wp-content\/uploads\/2025\/05\/data-center-500-4.jpg\" \/>\n\t<meta property=\"og:image:width\" content=\"500\" \/>\n\t<meta property=\"og:image:height\" content=\"280\" \/>\n\t<meta property=\"og:image:type\" content=\"image\/jpeg\" \/>\n<meta name=\"author\" content=\"administrador\" \/>\n<meta name=\"twitter:card\" content=\"summary_large_image\" \/>\n<meta name=\"twitter:label1\" content=\"Scritto da\" \/>\n\t<meta name=\"twitter:data1\" content=\"administrador\" \/>\n\t<meta name=\"twitter:label2\" content=\"Tempo di lettura stimato\" \/>\n\t<meta name=\"twitter:data2\" content=\"4 minuti\" \/>\n<script type=\"application\/ld+json\" class=\"yoast-schema-graph\">{\"@context\":\"https:\\\/\\\/schema.org\",\"@graph\":[{\"@type\":\"Article\",\"@id\":\"https:\\\/\\\/italcamara-es.com\\\/noticias\\\/data-center-en-espana-inversion-record-y-nuevas-geografias-en-el-punto-de-mira\\\/#article\",\"isPartOf\":{\"@id\":\"https:\\\/\\\/italcamara-es.com\\\/noticias\\\/data-center-en-espana-inversion-record-y-nuevas-geografias-en-el-punto-de-mira\\\/\"},\"author\":{\"name\":\"administrador\",\"@id\":\"https:\\\/\\\/italcamara-es.com\\\/#\\\/schema\\\/person\\\/bb3c56263e405bbd9a15171dcfee93bb\"},\"headline\":\"Data center in Spagna: investimenti record e nuove aree geografiche nel mirino\",\"datePublished\":\"2025-04-11T09:47:00+00:00\",\"dateModified\":\"2025-05-09T09:51:43+00:00\",\"mainEntityOfPage\":{\"@id\":\"https:\\\/\\\/italcamara-es.com\\\/noticias\\\/data-center-en-espana-inversion-record-y-nuevas-geografias-en-el-punto-de-mira\\\/\"},\"wordCount\":735,\"commentCount\":0,\"image\":{\"@id\":\"https:\\\/\\\/italcamara-es.com\\\/noticias\\\/data-center-en-espana-inversion-record-y-nuevas-geografias-en-el-punto-de-mira\\\/#primaryimage\"},\"thumbnailUrl\":\"https:\\\/\\\/italcamara-es.com\\\/wp-content\\\/uploads\\\/2025\\\/05\\\/data-center-500-4.jpg\",\"keywords\":[\"Notizie di Mercato\"],\"articleSection\":[\"Notizie\"],\"inLanguage\":\"it-IT\",\"potentialAction\":[{\"@type\":\"CommentAction\",\"name\":\"Comment\",\"target\":[\"https:\\\/\\\/italcamara-es.com\\\/noticias\\\/data-center-en-espana-inversion-record-y-nuevas-geografias-en-el-punto-de-mira\\\/#respond\"]}]},{\"@type\":\"WebPage\",\"@id\":\"https:\\\/\\\/italcamara-es.com\\\/noticias\\\/data-center-en-espana-inversion-record-y-nuevas-geografias-en-el-punto-de-mira\\\/\",\"url\":\"https:\\\/\\\/italcamara-es.com\\\/noticias\\\/data-center-en-espana-inversion-record-y-nuevas-geografias-en-el-punto-de-mira\\\/\",\"name\":\"Data center in Spagna: investimenti record e nuove aree geografiche nel mirino - Italcamara\",\"isPartOf\":{\"@id\":\"https:\\\/\\\/italcamara-es.com\\\/#website\"},\"primaryImageOfPage\":{\"@id\":\"https:\\\/\\\/italcamara-es.com\\\/noticias\\\/data-center-en-espana-inversion-record-y-nuevas-geografias-en-el-punto-de-mira\\\/#primaryimage\"},\"image\":{\"@id\":\"https:\\\/\\\/italcamara-es.com\\\/noticias\\\/data-center-en-espana-inversion-record-y-nuevas-geografias-en-el-punto-de-mira\\\/#primaryimage\"},\"thumbnailUrl\":\"https:\\\/\\\/italcamara-es.com\\\/wp-content\\\/uploads\\\/2025\\\/05\\\/data-center-500-4.jpg\",\"datePublished\":\"2025-04-11T09:47:00+00:00\",\"dateModified\":\"2025-05-09T09:51:43+00:00\",\"author\":{\"@id\":\"https:\\\/\\\/italcamara-es.com\\\/#\\\/schema\\\/person\\\/bb3c56263e405bbd9a15171dcfee93bb\"},\"breadcrumb\":{\"@id\":\"https:\\\/\\\/italcamara-es.com\\\/noticias\\\/data-center-en-espana-inversion-record-y-nuevas-geografias-en-el-punto-de-mira\\\/#breadcrumb\"},\"inLanguage\":\"it-IT\",\"potentialAction\":[{\"@type\":\"ReadAction\",\"target\":[\"https:\\\/\\\/italcamara-es.com\\\/noticias\\\/data-center-en-espana-inversion-record-y-nuevas-geografias-en-el-punto-de-mira\\\/\"]}]},{\"@type\":\"ImageObject\",\"inLanguage\":\"it-IT\",\"@id\":\"https:\\\/\\\/italcamara-es.com\\\/noticias\\\/data-center-en-espana-inversion-record-y-nuevas-geografias-en-el-punto-de-mira\\\/#primaryimage\",\"url\":\"https:\\\/\\\/italcamara-es.com\\\/wp-content\\\/uploads\\\/2025\\\/05\\\/data-center-500-4.jpg\",\"contentUrl\":\"https:\\\/\\\/italcamara-es.com\\\/wp-content\\\/uploads\\\/2025\\\/05\\\/data-center-500-4.jpg\",\"width\":500,\"height\":280},{\"@type\":\"BreadcrumbList\",\"@id\":\"https:\\\/\\\/italcamara-es.com\\\/noticias\\\/data-center-en-espana-inversion-record-y-nuevas-geografias-en-el-punto-de-mira\\\/#breadcrumb\",\"itemListElement\":[{\"@type\":\"ListItem\",\"position\":1,\"name\":\"Inicio\",\"item\":\"https:\\\/\\\/italcamara-es.com\\\/it\\\/homepage-ita\\\/\"},{\"@type\":\"ListItem\",\"position\":2,\"name\":\"Data center in Spagna: investimenti record e nuove aree geografiche nel mirino\"}]},{\"@type\":\"WebSite\",\"@id\":\"https:\\\/\\\/italcamara-es.com\\\/#website\",\"url\":\"https:\\\/\\\/italcamara-es.com\\\/\",\"name\":\"Italcamara\",\"description\":\"\",\"potentialAction\":[{\"@type\":\"SearchAction\",\"target\":{\"@type\":\"EntryPoint\",\"urlTemplate\":\"https:\\\/\\\/italcamara-es.com\\\/?s={search_term_string}\"},\"query-input\":{\"@type\":\"PropertyValueSpecification\",\"valueRequired\":true,\"valueName\":\"search_term_string\"}}],\"inLanguage\":\"it-IT\"},{\"@type\":\"Person\",\"@id\":\"https:\\\/\\\/italcamara-es.com\\\/#\\\/schema\\\/person\\\/bb3c56263e405bbd9a15171dcfee93bb\",\"name\":\"administrador\",\"image\":{\"@type\":\"ImageObject\",\"inLanguage\":\"it-IT\",\"@id\":\"https:\\\/\\\/secure.gravatar.com\\\/avatar\\\/14b5e63db38320b12031bb28cf9f77e210aa71fb3a8a3602a3c9a05134fa75eb?s=96&d=mm&r=g\",\"url\":\"https:\\\/\\\/secure.gravatar.com\\\/avatar\\\/14b5e63db38320b12031bb28cf9f77e210aa71fb3a8a3602a3c9a05134fa75eb?s=96&d=mm&r=g\",\"contentUrl\":\"https:\\\/\\\/secure.gravatar.com\\\/avatar\\\/14b5e63db38320b12031bb28cf9f77e210aa71fb3a8a3602a3c9a05134fa75eb?s=96&d=mm&r=g\",\"caption\":\"administrador\"},\"sameAs\":[\"http:\\\/\\\/pre.italcamara-es.com\"],\"url\":\"https:\\\/\\\/italcamara-es.com\\\/it\\\/author\\\/administrador\\\/\"}]}<\/script>\n<!-- \/ Yoast SEO plugin. -->","yoast_head_json":{"title":"Data center in Spagna: investimenti record e nuove aree geografiche nel mirino - Italcamara","robots":{"index":"index","follow":"follow","max-snippet":"max-snippet:-1","max-image-preview":"max-image-preview:large","max-video-preview":"max-video-preview:-1"},"canonical":"https:\/\/italcamara-es.com\/noticias\/data-center-en-espana-inversion-record-y-nuevas-geografias-en-el-punto-de-mira\/","og_locale":"it_IT","og_type":"article","og_title":"Data center in Spagna: investimenti record e nuove aree geografiche nel mirino - Italcamara","og_description":"Il&nbsp;rapporto Data Centers Snapshot&nbsp;elaborato da Colliers, che analizza il mercato dei data center nella penisola iberica nell\u2019ultimo semestre, mostra una notevole crescita di questo mercato per tutto il 2024. Con oltre 1 miliardo di euro di transazioni, lo scorso anno \u00e8 stato raggiunto in Spagna un livello storico di investimenti in questo tipo di attivit\u00e0. [&hellip;]","og_url":"https:\/\/italcamara-es.com\/noticias\/data-center-en-espana-inversion-record-y-nuevas-geografias-en-el-punto-de-mira\/","og_site_name":"Italcamara","article_published_time":"2025-04-11T09:47:00+00:00","article_modified_time":"2025-05-09T09:51:43+00:00","og_image":[{"width":500,"height":280,"url":"https:\/\/italcamara-es.com\/wp-content\/uploads\/2025\/05\/data-center-500-4.jpg","type":"image\/jpeg"}],"author":"administrador","twitter_card":"summary_large_image","twitter_misc":{"Scritto da":"administrador","Tempo di lettura stimato":"4 minuti"},"schema":{"@context":"https:\/\/schema.org","@graph":[{"@type":"Article","@id":"https:\/\/italcamara-es.com\/noticias\/data-center-en-espana-inversion-record-y-nuevas-geografias-en-el-punto-de-mira\/#article","isPartOf":{"@id":"https:\/\/italcamara-es.com\/noticias\/data-center-en-espana-inversion-record-y-nuevas-geografias-en-el-punto-de-mira\/"},"author":{"name":"administrador","@id":"https:\/\/italcamara-es.com\/#\/schema\/person\/bb3c56263e405bbd9a15171dcfee93bb"},"headline":"Data center in Spagna: investimenti record e nuove aree geografiche nel mirino","datePublished":"2025-04-11T09:47:00+00:00","dateModified":"2025-05-09T09:51:43+00:00","mainEntityOfPage":{"@id":"https:\/\/italcamara-es.com\/noticias\/data-center-en-espana-inversion-record-y-nuevas-geografias-en-el-punto-de-mira\/"},"wordCount":735,"commentCount":0,"image":{"@id":"https:\/\/italcamara-es.com\/noticias\/data-center-en-espana-inversion-record-y-nuevas-geografias-en-el-punto-de-mira\/#primaryimage"},"thumbnailUrl":"https:\/\/italcamara-es.com\/wp-content\/uploads\/2025\/05\/data-center-500-4.jpg","keywords":["Notizie di Mercato"],"articleSection":["Notizie"],"inLanguage":"it-IT","potentialAction":[{"@type":"CommentAction","name":"Comment","target":["https:\/\/italcamara-es.com\/noticias\/data-center-en-espana-inversion-record-y-nuevas-geografias-en-el-punto-de-mira\/#respond"]}]},{"@type":"WebPage","@id":"https:\/\/italcamara-es.com\/noticias\/data-center-en-espana-inversion-record-y-nuevas-geografias-en-el-punto-de-mira\/","url":"https:\/\/italcamara-es.com\/noticias\/data-center-en-espana-inversion-record-y-nuevas-geografias-en-el-punto-de-mira\/","name":"Data center in Spagna: investimenti record e nuove aree geografiche nel mirino - Italcamara","isPartOf":{"@id":"https:\/\/italcamara-es.com\/#website"},"primaryImageOfPage":{"@id":"https:\/\/italcamara-es.com\/noticias\/data-center-en-espana-inversion-record-y-nuevas-geografias-en-el-punto-de-mira\/#primaryimage"},"image":{"@id":"https:\/\/italcamara-es.com\/noticias\/data-center-en-espana-inversion-record-y-nuevas-geografias-en-el-punto-de-mira\/#primaryimage"},"thumbnailUrl":"https:\/\/italcamara-es.com\/wp-content\/uploads\/2025\/05\/data-center-500-4.jpg","datePublished":"2025-04-11T09:47:00+00:00","dateModified":"2025-05-09T09:51:43+00:00","author":{"@id":"https:\/\/italcamara-es.com\/#\/schema\/person\/bb3c56263e405bbd9a15171dcfee93bb"},"breadcrumb":{"@id":"https:\/\/italcamara-es.com\/noticias\/data-center-en-espana-inversion-record-y-nuevas-geografias-en-el-punto-de-mira\/#breadcrumb"},"inLanguage":"it-IT","potentialAction":[{"@type":"ReadAction","target":["https:\/\/italcamara-es.com\/noticias\/data-center-en-espana-inversion-record-y-nuevas-geografias-en-el-punto-de-mira\/"]}]},{"@type":"ImageObject","inLanguage":"it-IT","@id":"https:\/\/italcamara-es.com\/noticias\/data-center-en-espana-inversion-record-y-nuevas-geografias-en-el-punto-de-mira\/#primaryimage","url":"https:\/\/italcamara-es.com\/wp-content\/uploads\/2025\/05\/data-center-500-4.jpg","contentUrl":"https:\/\/italcamara-es.com\/wp-content\/uploads\/2025\/05\/data-center-500-4.jpg","width":500,"height":280},{"@type":"BreadcrumbList","@id":"https:\/\/italcamara-es.com\/noticias\/data-center-en-espana-inversion-record-y-nuevas-geografias-en-el-punto-de-mira\/#breadcrumb","itemListElement":[{"@type":"ListItem","position":1,"name":"Inicio","item":"https:\/\/italcamara-es.com\/it\/homepage-ita\/"},{"@type":"ListItem","position":2,"name":"Data center in Spagna: investimenti record e nuove aree geografiche nel mirino"}]},{"@type":"WebSite","@id":"https:\/\/italcamara-es.com\/#website","url":"https:\/\/italcamara-es.com\/","name":"Italcamara","description":"","potentialAction":[{"@type":"SearchAction","target":{"@type":"EntryPoint","urlTemplate":"https:\/\/italcamara-es.com\/?s={search_term_string}"},"query-input":{"@type":"PropertyValueSpecification","valueRequired":true,"valueName":"search_term_string"}}],"inLanguage":"it-IT"},{"@type":"Person","@id":"https:\/\/italcamara-es.com\/#\/schema\/person\/bb3c56263e405bbd9a15171dcfee93bb","name":"administrador","image":{"@type":"ImageObject","inLanguage":"it-IT","@id":"https:\/\/secure.gravatar.com\/avatar\/14b5e63db38320b12031bb28cf9f77e210aa71fb3a8a3602a3c9a05134fa75eb?s=96&d=mm&r=g","url":"https:\/\/secure.gravatar.com\/avatar\/14b5e63db38320b12031bb28cf9f77e210aa71fb3a8a3602a3c9a05134fa75eb?s=96&d=mm&r=g","contentUrl":"https:\/\/secure.gravatar.com\/avatar\/14b5e63db38320b12031bb28cf9f77e210aa71fb3a8a3602a3c9a05134fa75eb?s=96&d=mm&r=g","caption":"administrador"},"sameAs":["http:\/\/pre.italcamara-es.com"],"url":"https:\/\/italcamara-es.com\/it\/author\/administrador\/"}]}},"rttpg_featured_image_url":{"full":["https:\/\/italcamara-es.com\/wp-content\/uploads\/2025\/05\/data-center-500-4.jpg",500,280,false],"landscape":["https:\/\/italcamara-es.com\/wp-content\/uploads\/2025\/05\/data-center-500-4.jpg",500,280,false],"portraits":["https:\/\/italcamara-es.com\/wp-content\/uploads\/2025\/05\/data-center-500-4.jpg",500,280,false],"thumbnail":["https:\/\/italcamara-es.com\/wp-content\/uploads\/2025\/05\/data-center-500-4-150x150.jpg",150,150,true],"medium":["https:\/\/italcamara-es.com\/wp-content\/uploads\/2025\/05\/data-center-500-4-300x168.jpg",300,168,true],"large":["https:\/\/italcamara-es.com\/wp-content\/uploads\/2025\/05\/data-center-500-4.jpg",500,280,false],"1536x1536":["https:\/\/italcamara-es.com\/wp-content\/uploads\/2025\/05\/data-center-500-4.jpg",500,280,false],"2048x2048":["https:\/\/italcamara-es.com\/wp-content\/uploads\/2025\/05\/data-center-500-4.jpg",500,280,false],"ocean-thumb-m":["https:\/\/italcamara-es.com\/wp-content\/uploads\/2025\/05\/data-center-500-4.jpg",500,280,false],"ocean-thumb-ml":["https:\/\/italcamara-es.com\/wp-content\/uploads\/2025\/05\/data-center-500-4.jpg",500,280,false],"ocean-thumb-l":["https:\/\/italcamara-es.com\/wp-content\/uploads\/2025\/05\/data-center-500-4.jpg",500,280,false],"directorist_preview":["https:\/\/italcamara-es.com\/wp-content\/uploads\/2025\/05\/data-center-500-4.jpg",500,280,false]},"rttpg_author":{"display_name":"administrador","author_link":"https:\/\/italcamara-es.com\/it\/author\/administrador\/"},"rttpg_comment":0,"rttpg_category":"<a href=\"https:\/\/italcamara-es.com\/it\/category\/notizie\/\" rel=\"category tag\">Notizie<\/a>","rttpg_excerpt":"Il&nbsp;rapporto Data Centers Snapshot&nbsp;elaborato da Colliers, che analizza il mercato dei data center nella penisola iberica nell\u2019ultimo semestre, mostra una notevole crescita di questo mercato per tutto il 2024. Con oltre 1 miliardo di euro di transazioni, lo scorso anno \u00e8 stato raggiunto in Spagna un livello storico di investimenti in questo tipo di attivit\u00e0.&hellip;","_links":{"self":[{"href":"https:\/\/italcamara-es.com\/it\/wp-json\/wp\/v2\/posts\/58153","targetHints":{"allow":["GET"]}}],"collection":[{"href":"https:\/\/italcamara-es.com\/it\/wp-json\/wp\/v2\/posts"}],"about":[{"href":"https:\/\/italcamara-es.com\/it\/wp-json\/wp\/v2\/types\/post"}],"author":[{"embeddable":true,"href":"https:\/\/italcamara-es.com\/it\/wp-json\/wp\/v2\/users\/1"}],"replies":[{"embeddable":true,"href":"https:\/\/italcamara-es.com\/it\/wp-json\/wp\/v2\/comments?post=58153"}],"version-history":[{"count":1,"href":"https:\/\/italcamara-es.com\/it\/wp-json\/wp\/v2\/posts\/58153\/revisions"}],"predecessor-version":[{"id":58154,"href":"https:\/\/italcamara-es.com\/it\/wp-json\/wp\/v2\/posts\/58153\/revisions\/58154"}],"wp:featuredmedia":[{"embeddable":true,"href":"https:\/\/italcamara-es.com\/it\/wp-json\/wp\/v2\/media\/58151"}],"wp:attachment":[{"href":"https:\/\/italcamara-es.com\/it\/wp-json\/wp\/v2\/media?parent=58153"}],"wp:term":[{"taxonomy":"category","embeddable":true,"href":"https:\/\/italcamara-es.com\/it\/wp-json\/wp\/v2\/categories?post=58153"},{"taxonomy":"post_tag","embeddable":true,"href":"https:\/\/italcamara-es.com\/it\/wp-json\/wp\/v2\/tags?post=58153"}],"curies":[{"name":"wp","href":"https:\/\/api.w.org\/{rel}","templated":true}]}}