	{"id":58636,"date":"2025-08-08T13:25:52","date_gmt":"2025-08-08T11:25:52","guid":{"rendered":"http:\/\/pre.italcamara-es.com\/senza-categoria\/salud-mental-y-empleo-en-el-centro-del-14o-encuentro-local-del-proyecto-epf-en-ccis\/"},"modified":"2025-08-08T13:28:11","modified_gmt":"2025-08-08T11:28:11","slug":"salud-mental-y-empleo-en-el-centro-del-14o-encuentro-local-del-proyecto-epf-en-ccis","status":"publish","type":"post","link":"https:\/\/italcamara-es.com\/it\/notizie\/salud-mental-y-empleo-en-el-centro-del-14o-encuentro-local-del-proyecto-epf-en-ccis\/","title":{"rendered":"Salute mentale e occupazione al centro del 14\u00b0 incontro locale del progetto EPF"},"content":{"rendered":"\n<p>La Camera di Commercio e Industria Italiana per la Spagna (CCIS), in collaborazione con l\u2019ONG Solidaridad Sin Fronteras (SSF), ha organizzato lo scorso 26 giugno il 14\u00b0 Incontro Locale del progetto\u00a0<a href=\"http:\/\/pre.italcamara-es.com\/it\/eu-desk\/europe-plural-femenine-2\/\">Europe Plural Femenine (EPF)<\/a>, cofinanziato dall\u2019Unione Europea. L\u2019evento ha riunito 35 partecipanti provenienti da istituzioni pubbliche, imprese, enti del terzo settore, con l\u2019obiettivo di riflettere sulla relazione tra salute mentale, occupazione e uguaglianza di genere.<\/p>\n\n\n\n<p>La giornata \u00e8 stata inaugurata da&nbsp;<strong>Francesca Dadomo<\/strong>, responsabile dell\u2019EU Desk della CCIS, che ha moderato la tavola rotonda, presentato il progetto EPF e sostenuto la necessit\u00e0 di adottare un approccio trasversale che combatta gli stigma e promuova ambienti di lavoro inclusivi e diversificati.<\/p>\n\n\n\n<p>Quattro relatori hanno offerto preziose prospettive dai rispettivi ambiti di azione:<\/p>\n\n\n\n<ol class=\"wp-block-list\">\n<li><strong>Bel\u00e9n Garc\u00eda D\u00edaz<\/strong>, direttrice generale del Servizio Pubblico per l\u2019Impiego della Comunit\u00e0 di Madrid, ha analizzato i programmi di inclusione lavorativa in vigore nella regione, nonch\u00e9 la necessit\u00e0 di politiche pubbliche pi\u00f9 inclusive e sostenibili.<\/li>\n\n\n\n<li><strong>Mar\u00eda Vizca\u00edno<\/strong>, rappresentante di Arroupa Santiago, ha condiviso esperienze nel campo dell\u2019economia sociale, sottolineando il ruolo dell\u2019occupazione come fonte di identit\u00e0, dignit\u00e0 ed empowerment personale.<\/li>\n\n\n\n<li><strong>Roberta Sciacca<\/strong>, fondatrice di RP LEADER e consulente per l\u2019uguaglianza, ha incentrato il suo intervento sulla rivittimizzazione subita da molte donne vittime di violenza e ha proposto misure concrete per garantire spazi di lavoro sicuri, equi e liberi da discriminazioni.<\/li>\n\n\n\n<li><strong>Daniel Garc\u00eda Leiva<\/strong>, dell\u2019ONG AHORA, ha presentato il progetto europeo JOB-U, un\u2019iniziativa innovativa rivolta ai giovani con problemi di salute mentale, che offre formazione personalizzata e accompagnamento integrale verso l\u2019inserimento lavorativo.<\/li>\n<\/ol>\n\n\n<div class=\"wp-block-image\">\n<figure class=\"aligncenter\"><img decoding=\"async\" src=\"https:\/\/www.italcamara-es.com\/wp-content\/uploads\/2025\/07\/Epf-interno-1.jpg\" alt=\"\" class=\"wp-image-39536\"\/><\/figure>\n<\/div>\n\n\n<p>Durante l\u2019incontro sono state sottolineate tre priorit\u00e0 fondamentali:<\/p>\n\n\n\n<p>\u2022 Sradicare lo stigma che ancora persiste intorno alla salute mentale.<\/p>\n\n\n\n<p>\u2022 Promuovere l\u2019occupazione come strumento di trasformazione sociale.<\/p>\n\n\n\n<p>\u2022 Incorporare una prospettiva intersezionale in tutte le politiche e pratiche di inclusione.<\/p>\n\n\n\n<p>La giornata si \u00e8 conclusa con un aperitivo di networking organizzato dall\u2019associazione APAMA, che ha offerto uno spazio informale per lo scambio di idee tra i partecipanti.<\/p>\n","protected":false},"excerpt":{"rendered":"<p>La Camera di Commercio e Industria Italiana per la Spagna (CCIS), in collaborazione con l\u2019ONG Solidaridad Sin Fronteras (SSF), ha organizzato lo scorso 26 giugno il 14\u00b0 Incontro Locale del progetto\u00a0Europe Plural Femenine (EPF), cofinanziato dall\u2019Unione Europea. L\u2019evento ha riunito 35 partecipanti provenienti da istituzioni pubbliche, imprese, enti del terzo settore, con l\u2019obiettivo di riflettere [&hellip;]<\/p>\n","protected":false},"author":1,"featured_media":58634,"comment_status":"open","ping_status":"open","sticky":false,"template":"","format":"standard","meta":{"inline_featured_image":false,"ocean_post_layout":"","ocean_both_sidebars_style":"","ocean_both_sidebars_content_width":0,"ocean_both_sidebars_sidebars_width":0,"ocean_sidebar":"","ocean_second_sidebar":"","ocean_disable_margins":"enable","ocean_add_body_class":"","ocean_shortcode_before_top_bar":"","ocean_shortcode_after_top_bar":"","ocean_shortcode_before_header":"","ocean_shortcode_after_header":"","ocean_has_shortcode":"","ocean_shortcode_after_title":"","ocean_shortcode_before_footer_widgets":"","ocean_shortcode_after_footer_widgets":"","ocean_shortcode_before_footer_bottom":"","ocean_shortcode_after_footer_bottom":"","ocean_display_top_bar":"default","ocean_display_header":"default","ocean_header_style":"","ocean_center_header_left_menu":"","ocean_custom_header_template":"","ocean_custom_logo":0,"ocean_custom_retina_logo":0,"ocean_custom_logo_max_width":0,"ocean_custom_logo_tablet_max_width":0,"ocean_custom_logo_mobile_max_width":0,"ocean_custom_logo_max_height":0,"ocean_custom_logo_tablet_max_height":0,"ocean_custom_logo_mobile_max_height":0,"ocean_header_custom_menu":"","ocean_menu_typo_font_family":"","ocean_menu_typo_font_subset":"","ocean_menu_typo_font_size":0,"ocean_menu_typo_font_size_tablet":0,"ocean_menu_typo_font_size_mobile":0,"ocean_menu_typo_font_size_unit":"px","ocean_menu_typo_font_weight":"","ocean_menu_typo_font_weight_tablet":"","ocean_menu_typo_font_weight_mobile":"","ocean_menu_typo_transform":"","ocean_menu_typo_transform_tablet":"","ocean_menu_typo_transform_mobile":"","ocean_menu_typo_line_height":0,"ocean_menu_typo_line_height_tablet":0,"ocean_menu_typo_line_height_mobile":0,"ocean_menu_typo_line_height_unit":"","ocean_menu_typo_spacing":0,"ocean_menu_typo_spacing_tablet":0,"ocean_menu_typo_spacing_mobile":0,"ocean_menu_typo_spacing_unit":"","ocean_menu_link_color":"","ocean_menu_link_color_hover":"","ocean_menu_link_color_active":"","ocean_menu_link_background":"","ocean_menu_link_hover_background":"","ocean_menu_link_active_background":"","ocean_menu_social_links_bg":"","ocean_menu_social_hover_links_bg":"","ocean_menu_social_links_color":"","ocean_menu_social_hover_links_color":"","ocean_disable_title":"default","ocean_disable_heading":"default","ocean_post_title":"","ocean_post_subheading":"","ocean_post_title_style":"","ocean_post_title_background_color":"","ocean_post_title_background":0,"ocean_post_title_bg_image_position":"","ocean_post_title_bg_image_attachment":"","ocean_post_title_bg_image_repeat":"","ocean_post_title_bg_image_size":"","ocean_post_title_height":0,"ocean_post_title_bg_overlay":0.5,"ocean_post_title_bg_overlay_color":"","ocean_disable_breadcrumbs":"default","ocean_breadcrumbs_color":"","ocean_breadcrumbs_separator_color":"","ocean_breadcrumbs_links_color":"","ocean_breadcrumbs_links_hover_color":"","ocean_display_footer_widgets":"default","ocean_display_footer_bottom":"default","ocean_custom_footer_template":"","ocean_post_oembed":"","ocean_post_self_hosted_media":"","ocean_post_video_embed":"","ocean_link_format":"","ocean_link_format_target":"self","ocean_quote_format":"","ocean_quote_format_link":"post","ocean_gallery_link_images":"on","ocean_gallery_id":[],"footnotes":""},"categories":[133],"tags":[139],"class_list":["post-58636","post","type-post","status-publish","format-standard","has-post-thumbnail","hentry","category-notizie","tag-notizie-di-la-ccis","entry","has-media"],"yoast_head":"<!-- This site is optimized with the Yoast SEO plugin v27.4 - https:\/\/yoast.com\/product\/yoast-seo-wordpress\/ -->\n<title>Salute mentale e occupazione al centro del 14\u00b0 incontro locale del progetto EPF - Italcamara<\/title>\n<meta name=\"robots\" content=\"index, follow, max-snippet:-1, max-image-preview:large, max-video-preview:-1\" \/>\n<link rel=\"canonical\" href=\"https:\/\/italcamara-es.com\/it\/notizie\/salud-mental-y-empleo-en-el-centro-del-14o-encuentro-local-del-proyecto-epf-en-ccis\/\" \/>\n<meta property=\"og:locale\" content=\"it_IT\" \/>\n<meta property=\"og:type\" content=\"article\" \/>\n<meta property=\"og:title\" content=\"Salute mentale e occupazione al centro del 14\u00b0 incontro locale del progetto EPF - Italcamara\" \/>\n<meta property=\"og:description\" content=\"La Camera di Commercio e Industria Italiana per la Spagna (CCIS), in collaborazione con l\u2019ONG Solidaridad Sin Fronteras (SSF), ha organizzato lo scorso 26 giugno il 14\u00b0 Incontro Locale del progetto\u00a0Europe Plural Femenine (EPF), cofinanziato dall\u2019Unione Europea. L\u2019evento ha riunito 35 partecipanti provenienti da istituzioni pubbliche, imprese, enti del terzo settore, con l\u2019obiettivo di riflettere [&hellip;]\" \/>\n<meta property=\"og:url\" content=\"https:\/\/italcamara-es.com\/it\/notizie\/salud-mental-y-empleo-en-el-centro-del-14o-encuentro-local-del-proyecto-epf-en-ccis\/\" \/>\n<meta property=\"og:site_name\" content=\"Italcamara\" \/>\n<meta property=\"article:published_time\" content=\"2025-08-08T11:25:52+00:00\" \/>\n<meta property=\"article:modified_time\" content=\"2025-08-08T11:28:11+00:00\" \/>\n<meta property=\"og:image\" content=\"https:\/\/italcamara-es.com\/wp-content\/uploads\/2025\/08\/Epf-500.jpg\" \/>\n\t<meta property=\"og:image:width\" content=\"500\" \/>\n\t<meta property=\"og:image:height\" content=\"280\" \/>\n\t<meta property=\"og:image:type\" content=\"image\/jpeg\" \/>\n<meta name=\"author\" content=\"administrador\" \/>\n<meta name=\"twitter:card\" content=\"summary_large_image\" \/>\n<meta name=\"twitter:label1\" content=\"Scritto da\" \/>\n\t<meta name=\"twitter:data1\" content=\"administrador\" \/>\n\t<meta name=\"twitter:label2\" content=\"Tempo di lettura stimato\" \/>\n\t<meta name=\"twitter:data2\" content=\"2 minuti\" \/>\n<script type=\"application\/ld+json\" class=\"yoast-schema-graph\">{\"@context\":\"https:\\\/\\\/schema.org\",\"@graph\":[{\"@type\":\"Article\",\"@id\":\"https:\\\/\\\/italcamara-es.com\\\/it\\\/notizie\\\/salud-mental-y-empleo-en-el-centro-del-14o-encuentro-local-del-proyecto-epf-en-ccis\\\/#article\",\"isPartOf\":{\"@id\":\"https:\\\/\\\/italcamara-es.com\\\/it\\\/notizie\\\/salud-mental-y-empleo-en-el-centro-del-14o-encuentro-local-del-proyecto-epf-en-ccis\\\/\"},\"author\":{\"name\":\"administrador\",\"@id\":\"https:\\\/\\\/italcamara-es.com\\\/#\\\/schema\\\/person\\\/bb3c56263e405bbd9a15171dcfee93bb\"},\"headline\":\"Salute mentale e occupazione al centro del 14\u00b0 incontro locale del progetto EPF\",\"datePublished\":\"2025-08-08T11:25:52+00:00\",\"dateModified\":\"2025-08-08T11:28:11+00:00\",\"mainEntityOfPage\":{\"@id\":\"https:\\\/\\\/italcamara-es.com\\\/it\\\/notizie\\\/salud-mental-y-empleo-en-el-centro-del-14o-encuentro-local-del-proyecto-epf-en-ccis\\\/\"},\"wordCount\":345,\"commentCount\":0,\"image\":{\"@id\":\"https:\\\/\\\/italcamara-es.com\\\/it\\\/notizie\\\/salud-mental-y-empleo-en-el-centro-del-14o-encuentro-local-del-proyecto-epf-en-ccis\\\/#primaryimage\"},\"thumbnailUrl\":\"https:\\\/\\\/italcamara-es.com\\\/wp-content\\\/uploads\\\/2025\\\/08\\\/Epf-500.jpg\",\"keywords\":[\"Notizie di la CCIS\"],\"articleSection\":[\"Notizie\"],\"inLanguage\":\"it-IT\",\"potentialAction\":[{\"@type\":\"CommentAction\",\"name\":\"Comment\",\"target\":[\"https:\\\/\\\/italcamara-es.com\\\/it\\\/notizie\\\/salud-mental-y-empleo-en-el-centro-del-14o-encuentro-local-del-proyecto-epf-en-ccis\\\/#respond\"]}]},{\"@type\":\"WebPage\",\"@id\":\"https:\\\/\\\/italcamara-es.com\\\/it\\\/notizie\\\/salud-mental-y-empleo-en-el-centro-del-14o-encuentro-local-del-proyecto-epf-en-ccis\\\/\",\"url\":\"https:\\\/\\\/italcamara-es.com\\\/it\\\/notizie\\\/salud-mental-y-empleo-en-el-centro-del-14o-encuentro-local-del-proyecto-epf-en-ccis\\\/\",\"name\":\"Salute mentale e occupazione al centro del 14\u00b0 incontro locale del progetto EPF - Italcamara\",\"isPartOf\":{\"@id\":\"https:\\\/\\\/italcamara-es.com\\\/#website\"},\"primaryImageOfPage\":{\"@id\":\"https:\\\/\\\/italcamara-es.com\\\/it\\\/notizie\\\/salud-mental-y-empleo-en-el-centro-del-14o-encuentro-local-del-proyecto-epf-en-ccis\\\/#primaryimage\"},\"image\":{\"@id\":\"https:\\\/\\\/italcamara-es.com\\\/it\\\/notizie\\\/salud-mental-y-empleo-en-el-centro-del-14o-encuentro-local-del-proyecto-epf-en-ccis\\\/#primaryimage\"},\"thumbnailUrl\":\"https:\\\/\\\/italcamara-es.com\\\/wp-content\\\/uploads\\\/2025\\\/08\\\/Epf-500.jpg\",\"datePublished\":\"2025-08-08T11:25:52+00:00\",\"dateModified\":\"2025-08-08T11:28:11+00:00\",\"author\":{\"@id\":\"https:\\\/\\\/italcamara-es.com\\\/#\\\/schema\\\/person\\\/bb3c56263e405bbd9a15171dcfee93bb\"},\"breadcrumb\":{\"@id\":\"https:\\\/\\\/italcamara-es.com\\\/it\\\/notizie\\\/salud-mental-y-empleo-en-el-centro-del-14o-encuentro-local-del-proyecto-epf-en-ccis\\\/#breadcrumb\"},\"inLanguage\":\"it-IT\",\"potentialAction\":[{\"@type\":\"ReadAction\",\"target\":[\"https:\\\/\\\/italcamara-es.com\\\/it\\\/notizie\\\/salud-mental-y-empleo-en-el-centro-del-14o-encuentro-local-del-proyecto-epf-en-ccis\\\/\"]}]},{\"@type\":\"ImageObject\",\"inLanguage\":\"it-IT\",\"@id\":\"https:\\\/\\\/italcamara-es.com\\\/it\\\/notizie\\\/salud-mental-y-empleo-en-el-centro-del-14o-encuentro-local-del-proyecto-epf-en-ccis\\\/#primaryimage\",\"url\":\"https:\\\/\\\/italcamara-es.com\\\/wp-content\\\/uploads\\\/2025\\\/08\\\/Epf-500.jpg\",\"contentUrl\":\"https:\\\/\\\/italcamara-es.com\\\/wp-content\\\/uploads\\\/2025\\\/08\\\/Epf-500.jpg\",\"width\":500,\"height\":280},{\"@type\":\"BreadcrumbList\",\"@id\":\"https:\\\/\\\/italcamara-es.com\\\/it\\\/notizie\\\/salud-mental-y-empleo-en-el-centro-del-14o-encuentro-local-del-proyecto-epf-en-ccis\\\/#breadcrumb\",\"itemListElement\":[{\"@type\":\"ListItem\",\"position\":1,\"name\":\"Inicio\",\"item\":\"https:\\\/\\\/italcamara-es.com\\\/it\\\/homepage-ita\\\/\"},{\"@type\":\"ListItem\",\"position\":2,\"name\":\"Salute mentale e occupazione al centro del 14\u00b0 incontro locale del progetto EPF\"}]},{\"@type\":\"WebSite\",\"@id\":\"https:\\\/\\\/italcamara-es.com\\\/#website\",\"url\":\"https:\\\/\\\/italcamara-es.com\\\/\",\"name\":\"Italcamara\",\"description\":\"\",\"potentialAction\":[{\"@type\":\"SearchAction\",\"target\":{\"@type\":\"EntryPoint\",\"urlTemplate\":\"https:\\\/\\\/italcamara-es.com\\\/?s={search_term_string}\"},\"query-input\":{\"@type\":\"PropertyValueSpecification\",\"valueRequired\":true,\"valueName\":\"search_term_string\"}}],\"inLanguage\":\"it-IT\"},{\"@type\":\"Person\",\"@id\":\"https:\\\/\\\/italcamara-es.com\\\/#\\\/schema\\\/person\\\/bb3c56263e405bbd9a15171dcfee93bb\",\"name\":\"administrador\",\"image\":{\"@type\":\"ImageObject\",\"inLanguage\":\"it-IT\",\"@id\":\"https:\\\/\\\/secure.gravatar.com\\\/avatar\\\/14b5e63db38320b12031bb28cf9f77e210aa71fb3a8a3602a3c9a05134fa75eb?s=96&d=mm&r=g\",\"url\":\"https:\\\/\\\/secure.gravatar.com\\\/avatar\\\/14b5e63db38320b12031bb28cf9f77e210aa71fb3a8a3602a3c9a05134fa75eb?s=96&d=mm&r=g\",\"contentUrl\":\"https:\\\/\\\/secure.gravatar.com\\\/avatar\\\/14b5e63db38320b12031bb28cf9f77e210aa71fb3a8a3602a3c9a05134fa75eb?s=96&d=mm&r=g\",\"caption\":\"administrador\"},\"sameAs\":[\"http:\\\/\\\/pre.italcamara-es.com\"],\"url\":\"https:\\\/\\\/italcamara-es.com\\\/it\\\/author\\\/administrador\\\/\"}]}<\/script>\n<!-- \/ Yoast SEO plugin. -->","yoast_head_json":{"title":"Salute mentale e occupazione al centro del 14\u00b0 incontro locale del progetto EPF - Italcamara","robots":{"index":"index","follow":"follow","max-snippet":"max-snippet:-1","max-image-preview":"max-image-preview:large","max-video-preview":"max-video-preview:-1"},"canonical":"https:\/\/italcamara-es.com\/it\/notizie\/salud-mental-y-empleo-en-el-centro-del-14o-encuentro-local-del-proyecto-epf-en-ccis\/","og_locale":"it_IT","og_type":"article","og_title":"Salute mentale e occupazione al centro del 14\u00b0 incontro locale del progetto EPF - Italcamara","og_description":"La Camera di Commercio e Industria Italiana per la Spagna (CCIS), in collaborazione con l\u2019ONG Solidaridad Sin Fronteras (SSF), ha organizzato lo scorso 26 giugno il 14\u00b0 Incontro Locale del progetto\u00a0Europe Plural Femenine (EPF), cofinanziato dall\u2019Unione Europea. L\u2019evento ha riunito 35 partecipanti provenienti da istituzioni pubbliche, imprese, enti del terzo settore, con l\u2019obiettivo di riflettere [&hellip;]","og_url":"https:\/\/italcamara-es.com\/it\/notizie\/salud-mental-y-empleo-en-el-centro-del-14o-encuentro-local-del-proyecto-epf-en-ccis\/","og_site_name":"Italcamara","article_published_time":"2025-08-08T11:25:52+00:00","article_modified_time":"2025-08-08T11:28:11+00:00","og_image":[{"width":500,"height":280,"url":"https:\/\/italcamara-es.com\/wp-content\/uploads\/2025\/08\/Epf-500.jpg","type":"image\/jpeg"}],"author":"administrador","twitter_card":"summary_large_image","twitter_misc":{"Scritto da":"administrador","Tempo di lettura stimato":"2 minuti"},"schema":{"@context":"https:\/\/schema.org","@graph":[{"@type":"Article","@id":"https:\/\/italcamara-es.com\/it\/notizie\/salud-mental-y-empleo-en-el-centro-del-14o-encuentro-local-del-proyecto-epf-en-ccis\/#article","isPartOf":{"@id":"https:\/\/italcamara-es.com\/it\/notizie\/salud-mental-y-empleo-en-el-centro-del-14o-encuentro-local-del-proyecto-epf-en-ccis\/"},"author":{"name":"administrador","@id":"https:\/\/italcamara-es.com\/#\/schema\/person\/bb3c56263e405bbd9a15171dcfee93bb"},"headline":"Salute mentale e occupazione al centro del 14\u00b0 incontro locale del progetto EPF","datePublished":"2025-08-08T11:25:52+00:00","dateModified":"2025-08-08T11:28:11+00:00","mainEntityOfPage":{"@id":"https:\/\/italcamara-es.com\/it\/notizie\/salud-mental-y-empleo-en-el-centro-del-14o-encuentro-local-del-proyecto-epf-en-ccis\/"},"wordCount":345,"commentCount":0,"image":{"@id":"https:\/\/italcamara-es.com\/it\/notizie\/salud-mental-y-empleo-en-el-centro-del-14o-encuentro-local-del-proyecto-epf-en-ccis\/#primaryimage"},"thumbnailUrl":"https:\/\/italcamara-es.com\/wp-content\/uploads\/2025\/08\/Epf-500.jpg","keywords":["Notizie di la CCIS"],"articleSection":["Notizie"],"inLanguage":"it-IT","potentialAction":[{"@type":"CommentAction","name":"Comment","target":["https:\/\/italcamara-es.com\/it\/notizie\/salud-mental-y-empleo-en-el-centro-del-14o-encuentro-local-del-proyecto-epf-en-ccis\/#respond"]}]},{"@type":"WebPage","@id":"https:\/\/italcamara-es.com\/it\/notizie\/salud-mental-y-empleo-en-el-centro-del-14o-encuentro-local-del-proyecto-epf-en-ccis\/","url":"https:\/\/italcamara-es.com\/it\/notizie\/salud-mental-y-empleo-en-el-centro-del-14o-encuentro-local-del-proyecto-epf-en-ccis\/","name":"Salute mentale e occupazione al centro del 14\u00b0 incontro locale del progetto EPF - Italcamara","isPartOf":{"@id":"https:\/\/italcamara-es.com\/#website"},"primaryImageOfPage":{"@id":"https:\/\/italcamara-es.com\/it\/notizie\/salud-mental-y-empleo-en-el-centro-del-14o-encuentro-local-del-proyecto-epf-en-ccis\/#primaryimage"},"image":{"@id":"https:\/\/italcamara-es.com\/it\/notizie\/salud-mental-y-empleo-en-el-centro-del-14o-encuentro-local-del-proyecto-epf-en-ccis\/#primaryimage"},"thumbnailUrl":"https:\/\/italcamara-es.com\/wp-content\/uploads\/2025\/08\/Epf-500.jpg","datePublished":"2025-08-08T11:25:52+00:00","dateModified":"2025-08-08T11:28:11+00:00","author":{"@id":"https:\/\/italcamara-es.com\/#\/schema\/person\/bb3c56263e405bbd9a15171dcfee93bb"},"breadcrumb":{"@id":"https:\/\/italcamara-es.com\/it\/notizie\/salud-mental-y-empleo-en-el-centro-del-14o-encuentro-local-del-proyecto-epf-en-ccis\/#breadcrumb"},"inLanguage":"it-IT","potentialAction":[{"@type":"ReadAction","target":["https:\/\/italcamara-es.com\/it\/notizie\/salud-mental-y-empleo-en-el-centro-del-14o-encuentro-local-del-proyecto-epf-en-ccis\/"]}]},{"@type":"ImageObject","inLanguage":"it-IT","@id":"https:\/\/italcamara-es.com\/it\/notizie\/salud-mental-y-empleo-en-el-centro-del-14o-encuentro-local-del-proyecto-epf-en-ccis\/#primaryimage","url":"https:\/\/italcamara-es.com\/wp-content\/uploads\/2025\/08\/Epf-500.jpg","contentUrl":"https:\/\/italcamara-es.com\/wp-content\/uploads\/2025\/08\/Epf-500.jpg","width":500,"height":280},{"@type":"BreadcrumbList","@id":"https:\/\/italcamara-es.com\/it\/notizie\/salud-mental-y-empleo-en-el-centro-del-14o-encuentro-local-del-proyecto-epf-en-ccis\/#breadcrumb","itemListElement":[{"@type":"ListItem","position":1,"name":"Inicio","item":"https:\/\/italcamara-es.com\/it\/homepage-ita\/"},{"@type":"ListItem","position":2,"name":"Salute mentale e occupazione al centro del 14\u00b0 incontro locale del progetto EPF"}]},{"@type":"WebSite","@id":"https:\/\/italcamara-es.com\/#website","url":"https:\/\/italcamara-es.com\/","name":"Italcamara","description":"","potentialAction":[{"@type":"SearchAction","target":{"@type":"EntryPoint","urlTemplate":"https:\/\/italcamara-es.com\/?s={search_term_string}"},"query-input":{"@type":"PropertyValueSpecification","valueRequired":true,"valueName":"search_term_string"}}],"inLanguage":"it-IT"},{"@type":"Person","@id":"https:\/\/italcamara-es.com\/#\/schema\/person\/bb3c56263e405bbd9a15171dcfee93bb","name":"administrador","image":{"@type":"ImageObject","inLanguage":"it-IT","@id":"https:\/\/secure.gravatar.com\/avatar\/14b5e63db38320b12031bb28cf9f77e210aa71fb3a8a3602a3c9a05134fa75eb?s=96&d=mm&r=g","url":"https:\/\/secure.gravatar.com\/avatar\/14b5e63db38320b12031bb28cf9f77e210aa71fb3a8a3602a3c9a05134fa75eb?s=96&d=mm&r=g","contentUrl":"https:\/\/secure.gravatar.com\/avatar\/14b5e63db38320b12031bb28cf9f77e210aa71fb3a8a3602a3c9a05134fa75eb?s=96&d=mm&r=g","caption":"administrador"},"sameAs":["http:\/\/pre.italcamara-es.com"],"url":"https:\/\/italcamara-es.com\/it\/author\/administrador\/"}]}},"rttpg_featured_image_url":{"full":["https:\/\/italcamara-es.com\/wp-content\/uploads\/2025\/08\/Epf-500.jpg",500,280,false],"landscape":["https:\/\/italcamara-es.com\/wp-content\/uploads\/2025\/08\/Epf-500.jpg",500,280,false],"portraits":["https:\/\/italcamara-es.com\/wp-content\/uploads\/2025\/08\/Epf-500.jpg",500,280,false],"thumbnail":["https:\/\/italcamara-es.com\/wp-content\/uploads\/2025\/08\/Epf-500-150x150.jpg",150,150,true],"medium":["https:\/\/italcamara-es.com\/wp-content\/uploads\/2025\/08\/Epf-500-300x168.jpg",300,168,true],"large":["https:\/\/italcamara-es.com\/wp-content\/uploads\/2025\/08\/Epf-500.jpg",500,280,false],"1536x1536":["https:\/\/italcamara-es.com\/wp-content\/uploads\/2025\/08\/Epf-500.jpg",500,280,false],"2048x2048":["https:\/\/italcamara-es.com\/wp-content\/uploads\/2025\/08\/Epf-500.jpg",500,280,false],"ocean-thumb-m":["https:\/\/italcamara-es.com\/wp-content\/uploads\/2025\/08\/Epf-500.jpg",500,280,false],"ocean-thumb-ml":["https:\/\/italcamara-es.com\/wp-content\/uploads\/2025\/08\/Epf-500.jpg",500,280,false],"ocean-thumb-l":["https:\/\/italcamara-es.com\/wp-content\/uploads\/2025\/08\/Epf-500.jpg",500,280,false],"directorist_preview":["https:\/\/italcamara-es.com\/wp-content\/uploads\/2025\/08\/Epf-500.jpg",500,280,false]},"rttpg_author":{"display_name":"administrador","author_link":"https:\/\/italcamara-es.com\/it\/author\/administrador\/"},"rttpg_comment":0,"rttpg_category":"<a href=\"https:\/\/italcamara-es.com\/it\/category\/notizie\/\" rel=\"category tag\">Notizie<\/a>","rttpg_excerpt":"La Camera di Commercio e Industria Italiana per la Spagna (CCIS), in collaborazione con l\u2019ONG Solidaridad Sin Fronteras (SSF), ha organizzato lo scorso 26 giugno il 14\u00b0 Incontro Locale del progetto\u00a0Europe Plural Femenine (EPF), cofinanziato dall\u2019Unione Europea. L\u2019evento ha riunito 35 partecipanti provenienti da istituzioni pubbliche, imprese, enti del terzo settore, con l\u2019obiettivo di riflettere&hellip;","_links":{"self":[{"href":"https:\/\/italcamara-es.com\/it\/wp-json\/wp\/v2\/posts\/58636","targetHints":{"allow":["GET"]}}],"collection":[{"href":"https:\/\/italcamara-es.com\/it\/wp-json\/wp\/v2\/posts"}],"about":[{"href":"https:\/\/italcamara-es.com\/it\/wp-json\/wp\/v2\/types\/post"}],"author":[{"embeddable":true,"href":"https:\/\/italcamara-es.com\/it\/wp-json\/wp\/v2\/users\/1"}],"replies":[{"embeddable":true,"href":"https:\/\/italcamara-es.com\/it\/wp-json\/wp\/v2\/comments?post=58636"}],"version-history":[{"count":1,"href":"https:\/\/italcamara-es.com\/it\/wp-json\/wp\/v2\/posts\/58636\/revisions"}],"predecessor-version":[{"id":58638,"href":"https:\/\/italcamara-es.com\/it\/wp-json\/wp\/v2\/posts\/58636\/revisions\/58638"}],"wp:featuredmedia":[{"embeddable":true,"href":"https:\/\/italcamara-es.com\/it\/wp-json\/wp\/v2\/media\/58634"}],"wp:attachment":[{"href":"https:\/\/italcamara-es.com\/it\/wp-json\/wp\/v2\/media?parent=58636"}],"wp:term":[{"taxonomy":"category","embeddable":true,"href":"https:\/\/italcamara-es.com\/it\/wp-json\/wp\/v2\/categories?post=58636"},{"taxonomy":"post_tag","embeddable":true,"href":"https:\/\/italcamara-es.com\/it\/wp-json\/wp\/v2\/tags?post=58636"}],"curies":[{"name":"wp","href":"https:\/\/api.w.org\/{rel}","templated":true}]}}