	{"id":58644,"date":"2025-08-08T13:38:42","date_gmt":"2025-08-08T11:38:42","guid":{"rendered":"http:\/\/pre.italcamara-es.com\/senza-categoria\/lead-by-thought-refuerza-su-departamento-de-comunicacion-ante-el-crecimiento-de-la-firma\/"},"modified":"2025-09-30T15:06:46","modified_gmt":"2025-09-30T13:06:46","slug":"lead-by-thought-rafforza-il-suo-dipartimento-di-comunicazione-in-risposta-alla-crescita-dellazienda","status":"publish","type":"post","link":"https:\/\/italcamara-es.com\/it\/notizie\/lead-by-thought-rafforza-il-suo-dipartimento-di-comunicazione-in-risposta-alla-crescita-dellazienda\/","title":{"rendered":"Lead By Thought rafforza il suo dipartimento di Comunicazione in risposta alla crescita dell\u2019azienda"},"content":{"rendered":"\n<p><strong><a href=\"https:\/\/leadbythought.com\/\">Lead By Thought<\/a><\/strong> celebra quest\u2019anno il suo quinto anniversario come societ\u00e0 consolidata nel panorama della Comunicazione e della Consulenza Strategica.<\/p>\n\n\n\n<p>Fondata nel 2020, attualmente conta quattro soci: l\u2019ex corrispondente in Spagna del&nbsp;<em>Wall Street Journal<\/em>, Christopher Bj\u00f8rk; l\u2019ex direttore della comunicazione di EY Spagna, Gabriele Cagliani; l\u2019ex direttore della reputazione aziendale di EY e PwC Spagna, Javier Garilleti; e l\u2019imprenditrice Mar\u00eda G\u00f3mez Villaseca.<\/p>\n\n\n\n<p>La societ\u00e0 di consulenza \u00e8 suddivisa in due principali aree. Da un lato, offre servizi di Comunicazione, con i soci <strong>Christopher Bj\u00f8rk<\/strong> e <strong>Gabriele Cagliani<\/strong>. Dall\u2019altro, propone servizi di Consulenza Strategica, grazie all\u2019esperienza di Javier Garilleti e Mar\u00eda G\u00f3mez Villaseca.<\/p>\n\n\n\n<p>Tra i suoi clienti figurano nomi come Airbus, Bip, Mercadona, MAIO Legal, Ocean Capital Partners o Korn Ferry.<\/p>\n\n\n\n<p>L\u2019area della Comunicazione sta assumendo sempre pi\u00f9 rilevanza; \u00e8 stata infatti selezionata come nuova agenzia di riferimento per Grant Thornton.<\/p>\n\n\n\n<p>L\u2019area \u00e8 guidata da Mar\u00eda Cuesta, entrata in Lead By Thought oltre tre anni fa proveniente da&nbsp;<em>ABC<\/em>, dove lavorava nella sezione Economia. Inizialmente \u00e8 arrivata in azienda come senior manager, per poi essere promossa a direttrice dell\u2019area Comunicazione.<\/p>\n\n\n\n<p>A capo di questo dipartimento, Mar\u00eda Cuesta ha costruito un team che unisce giornalisti con esperienza nei settori economico e aziendale a profili pi\u00f9 legati alla consulenza in comunicazione strategica.<\/p>\n\n\n\n<p>L\u2019ultimo ingresso nel team \u00e8 Guillermo Gin\u00e9s, anche lui proveniente da&nbsp;<em>ABC<\/em>&nbsp;e pi\u00f9 recentemente da ViewPoint, la societ\u00e0 di comunicazione fondata da Pablo Fern\u00e1ndez, ex direttore della comunicazione di BBVA.<\/p>\n\n\n\n<p>Fanno parte del team anche l\u2019ex giornalista di&nbsp;<em>ABC<\/em>&nbsp;Teresa S\u00e1nchez Vicente e Ana Verd\u00fa, che ha lavorato per&nbsp;<em>La Raz\u00f3n<\/em>&nbsp;e successivamente per le societ\u00e0 di consulenza LLYC e Kreab.<\/p>\n\n\n<div class=\"wp-block-image\">\n<figure class=\"aligncenter size-full\"><img fetchpriority=\"high\" decoding=\"async\" width=\"500\" height=\"280\" src=\"http:\/\/pre.italcamara-es.com\/wp-content\/uploads\/2025\/08\/Lead-By-Thought-500.jpg\" alt=\"\" class=\"wp-image-58641\" srcset=\"https:\/\/italcamara-es.com\/wp-content\/uploads\/2025\/08\/Lead-By-Thought-500.jpg 500w, https:\/\/italcamara-es.com\/wp-content\/uploads\/2025\/08\/Lead-By-Thought-500-300x168.jpg 300w\" sizes=\"(max-width: 500px) 100vw, 500px\" \/><\/figure>\n<\/div>\n\n\n<p>In quest\u2019area, Lead By Thought offre i classici servizi di una societ\u00e0 di consulenza in Comunicazione Strategica (relazioni con i media, comunicazione interna, eventi\u2026) ed \u00e8 anche specializzata nella creazione di contenuti di qualit\u00e0 (report, pubblicazioni tematiche, infografiche\u2026), una disciplina nota anche come&nbsp;<em>Thought Leadership<\/em>&nbsp;(che ha dato il nome alla societ\u00e0 cinque anni fa).<\/p>\n\n\n\n<p>Questo aumento del personale risponde a una crescita costante dell\u2019azienda negli ultimi anni, e l\u2019intenzione \u00e8 quella di continuare a inserire nuovi profili in futuro.<\/p>\n","protected":false},"excerpt":{"rendered":"<p>Lead By Thought celebra quest\u2019anno il suo quinto anniversario come societ\u00e0 consolidata nel panorama della Comunicazione e della Consulenza Strategica. Fondata nel 2020, attualmente conta quattro soci: l\u2019ex corrispondente in Spagna del&nbsp;Wall Street Journal, Christopher Bj\u00f8rk; l\u2019ex direttore della comunicazione di EY Spagna, Gabriele Cagliani; l\u2019ex direttore della reputazione aziendale di EY e PwC Spagna, [&hellip;]<\/p>\n","protected":false},"author":1,"featured_media":58642,"comment_status":"open","ping_status":"open","sticky":false,"template":"","format":"standard","meta":{"inline_featured_image":false,"ocean_post_layout":"","ocean_both_sidebars_style":"","ocean_both_sidebars_content_width":0,"ocean_both_sidebars_sidebars_width":0,"ocean_sidebar":"","ocean_second_sidebar":"","ocean_disable_margins":"enable","ocean_add_body_class":"","ocean_shortcode_before_top_bar":"","ocean_shortcode_after_top_bar":"","ocean_shortcode_before_header":"","ocean_shortcode_after_header":"","ocean_has_shortcode":"","ocean_shortcode_after_title":"","ocean_shortcode_before_footer_widgets":"","ocean_shortcode_after_footer_widgets":"","ocean_shortcode_before_footer_bottom":"","ocean_shortcode_after_footer_bottom":"","ocean_display_top_bar":"default","ocean_display_header":"default","ocean_header_style":"","ocean_center_header_left_menu":"","ocean_custom_header_template":"","ocean_custom_logo":0,"ocean_custom_retina_logo":0,"ocean_custom_logo_max_width":0,"ocean_custom_logo_tablet_max_width":0,"ocean_custom_logo_mobile_max_width":0,"ocean_custom_logo_max_height":0,"ocean_custom_logo_tablet_max_height":0,"ocean_custom_logo_mobile_max_height":0,"ocean_header_custom_menu":"","ocean_menu_typo_font_family":"","ocean_menu_typo_font_subset":"","ocean_menu_typo_font_size":0,"ocean_menu_typo_font_size_tablet":0,"ocean_menu_typo_font_size_mobile":0,"ocean_menu_typo_font_size_unit":"px","ocean_menu_typo_font_weight":"","ocean_menu_typo_font_weight_tablet":"","ocean_menu_typo_font_weight_mobile":"","ocean_menu_typo_transform":"","ocean_menu_typo_transform_tablet":"","ocean_menu_typo_transform_mobile":"","ocean_menu_typo_line_height":0,"ocean_menu_typo_line_height_tablet":0,"ocean_menu_typo_line_height_mobile":0,"ocean_menu_typo_line_height_unit":"","ocean_menu_typo_spacing":0,"ocean_menu_typo_spacing_tablet":0,"ocean_menu_typo_spacing_mobile":0,"ocean_menu_typo_spacing_unit":"","ocean_menu_link_color":"","ocean_menu_link_color_hover":"","ocean_menu_link_color_active":"","ocean_menu_link_background":"","ocean_menu_link_hover_background":"","ocean_menu_link_active_background":"","ocean_menu_social_links_bg":"","ocean_menu_social_hover_links_bg":"","ocean_menu_social_links_color":"","ocean_menu_social_hover_links_color":"","ocean_disable_title":"default","ocean_disable_heading":"default","ocean_post_title":"","ocean_post_subheading":"","ocean_post_title_style":"","ocean_post_title_background_color":"","ocean_post_title_background":0,"ocean_post_title_bg_image_position":"","ocean_post_title_bg_image_attachment":"","ocean_post_title_bg_image_repeat":"","ocean_post_title_bg_image_size":"","ocean_post_title_height":0,"ocean_post_title_bg_overlay":0.5,"ocean_post_title_bg_overlay_color":"","ocean_disable_breadcrumbs":"default","ocean_breadcrumbs_color":"","ocean_breadcrumbs_separator_color":"","ocean_breadcrumbs_links_color":"","ocean_breadcrumbs_links_hover_color":"","ocean_display_footer_widgets":"default","ocean_display_footer_bottom":"default","ocean_custom_footer_template":"","ocean_post_oembed":"","ocean_post_self_hosted_media":"","ocean_post_video_embed":"","ocean_link_format":"","ocean_link_format_target":"self","ocean_quote_format":"","ocean_quote_format_link":"post","ocean_gallery_link_images":"on","ocean_gallery_id":[],"footnotes":""},"categories":[133],"tags":[206],"class_list":["post-58644","post","type-post","status-publish","format-standard","has-post-thumbnail","hentry","category-notizie","tag-noticias-de-socios-it","entry","has-media"],"yoast_head":"<!-- This site is optimized with the Yoast SEO plugin v27.4 - https:\/\/yoast.com\/product\/yoast-seo-wordpress\/ -->\n<title>Lead By Thought rafforza il suo dipartimento di Comunicazione in risposta alla crescita dell\u2019azienda - Italcamara<\/title>\n<meta name=\"robots\" content=\"index, follow, max-snippet:-1, max-image-preview:large, max-video-preview:-1\" \/>\n<link rel=\"canonical\" href=\"https:\/\/italcamara-es.com\/it\/notizie\/lead-by-thought-rafforza-il-suo-dipartimento-di-comunicazione-in-risposta-alla-crescita-dellazienda\/\" \/>\n<meta property=\"og:locale\" content=\"it_IT\" \/>\n<meta property=\"og:type\" content=\"article\" \/>\n<meta property=\"og:title\" content=\"Lead By Thought rafforza il suo dipartimento di Comunicazione in risposta alla crescita dell\u2019azienda - Italcamara\" \/>\n<meta property=\"og:description\" content=\"Lead By Thought celebra quest\u2019anno il suo quinto anniversario come societ\u00e0 consolidata nel panorama della Comunicazione e della Consulenza Strategica. Fondata nel 2020, attualmente conta quattro soci: l\u2019ex corrispondente in Spagna del&nbsp;Wall Street Journal, Christopher Bj\u00f8rk; l\u2019ex direttore della comunicazione di EY Spagna, Gabriele Cagliani; l\u2019ex direttore della reputazione aziendale di EY e PwC Spagna, [&hellip;]\" \/>\n<meta property=\"og:url\" content=\"https:\/\/italcamara-es.com\/it\/notizie\/lead-by-thought-rafforza-il-suo-dipartimento-di-comunicazione-in-risposta-alla-crescita-dellazienda\/\" \/>\n<meta property=\"og:site_name\" content=\"Italcamara\" \/>\n<meta property=\"article:published_time\" content=\"2025-08-08T11:38:42+00:00\" \/>\n<meta property=\"article:modified_time\" content=\"2025-09-30T13:06:46+00:00\" \/>\n<meta property=\"og:image\" content=\"https:\/\/italcamara-es.com\/wp-content\/uploads\/2025\/08\/Lead-By-Thought-500.jpg\" \/>\n\t<meta property=\"og:image:width\" content=\"500\" \/>\n\t<meta property=\"og:image:height\" content=\"280\" \/>\n\t<meta property=\"og:image:type\" content=\"image\/jpeg\" \/>\n<meta name=\"author\" content=\"administrador\" \/>\n<meta name=\"twitter:card\" content=\"summary_large_image\" \/>\n<meta name=\"twitter:label1\" content=\"Scritto da\" \/>\n\t<meta name=\"twitter:data1\" content=\"administrador\" \/>\n\t<meta name=\"twitter:label2\" content=\"Tempo di lettura stimato\" \/>\n\t<meta name=\"twitter:data2\" content=\"3 minuti\" \/>\n<script type=\"application\/ld+json\" class=\"yoast-schema-graph\">{\"@context\":\"https:\\\/\\\/schema.org\",\"@graph\":[{\"@type\":\"Article\",\"@id\":\"https:\\\/\\\/italcamara-es.com\\\/it\\\/notizie\\\/lead-by-thought-rafforza-il-suo-dipartimento-di-comunicazione-in-risposta-alla-crescita-dellazienda\\\/#article\",\"isPartOf\":{\"@id\":\"https:\\\/\\\/italcamara-es.com\\\/it\\\/notizie\\\/lead-by-thought-rafforza-il-suo-dipartimento-di-comunicazione-in-risposta-alla-crescita-dellazienda\\\/\"},\"author\":{\"name\":\"administrador\",\"@id\":\"https:\\\/\\\/italcamara-es.com\\\/#\\\/schema\\\/person\\\/bb3c56263e405bbd9a15171dcfee93bb\"},\"headline\":\"Lead By Thought rafforza il suo dipartimento di Comunicazione in risposta alla crescita dell\u2019azienda\",\"datePublished\":\"2025-08-08T11:38:42+00:00\",\"dateModified\":\"2025-09-30T13:06:46+00:00\",\"mainEntityOfPage\":{\"@id\":\"https:\\\/\\\/italcamara-es.com\\\/it\\\/notizie\\\/lead-by-thought-rafforza-il-suo-dipartimento-di-comunicazione-in-risposta-alla-crescita-dellazienda\\\/\"},\"wordCount\":396,\"commentCount\":0,\"image\":{\"@id\":\"https:\\\/\\\/italcamara-es.com\\\/it\\\/notizie\\\/lead-by-thought-rafforza-il-suo-dipartimento-di-comunicazione-in-risposta-alla-crescita-dellazienda\\\/#primaryimage\"},\"thumbnailUrl\":\"https:\\\/\\\/italcamara-es.com\\\/wp-content\\\/uploads\\\/2025\\\/08\\\/Lead-By-Thought-500.jpg\",\"keywords\":[\"Notizie dei soci\"],\"articleSection\":[\"Notizie\"],\"inLanguage\":\"it-IT\",\"potentialAction\":[{\"@type\":\"CommentAction\",\"name\":\"Comment\",\"target\":[\"https:\\\/\\\/italcamara-es.com\\\/it\\\/notizie\\\/lead-by-thought-rafforza-il-suo-dipartimento-di-comunicazione-in-risposta-alla-crescita-dellazienda\\\/#respond\"]}]},{\"@type\":\"WebPage\",\"@id\":\"https:\\\/\\\/italcamara-es.com\\\/it\\\/notizie\\\/lead-by-thought-rafforza-il-suo-dipartimento-di-comunicazione-in-risposta-alla-crescita-dellazienda\\\/\",\"url\":\"https:\\\/\\\/italcamara-es.com\\\/it\\\/notizie\\\/lead-by-thought-rafforza-il-suo-dipartimento-di-comunicazione-in-risposta-alla-crescita-dellazienda\\\/\",\"name\":\"Lead By Thought rafforza il suo dipartimento di Comunicazione in risposta alla crescita dell\u2019azienda - Italcamara\",\"isPartOf\":{\"@id\":\"https:\\\/\\\/italcamara-es.com\\\/#website\"},\"primaryImageOfPage\":{\"@id\":\"https:\\\/\\\/italcamara-es.com\\\/it\\\/notizie\\\/lead-by-thought-rafforza-il-suo-dipartimento-di-comunicazione-in-risposta-alla-crescita-dellazienda\\\/#primaryimage\"},\"image\":{\"@id\":\"https:\\\/\\\/italcamara-es.com\\\/it\\\/notizie\\\/lead-by-thought-rafforza-il-suo-dipartimento-di-comunicazione-in-risposta-alla-crescita-dellazienda\\\/#primaryimage\"},\"thumbnailUrl\":\"https:\\\/\\\/italcamara-es.com\\\/wp-content\\\/uploads\\\/2025\\\/08\\\/Lead-By-Thought-500.jpg\",\"datePublished\":\"2025-08-08T11:38:42+00:00\",\"dateModified\":\"2025-09-30T13:06:46+00:00\",\"author\":{\"@id\":\"https:\\\/\\\/italcamara-es.com\\\/#\\\/schema\\\/person\\\/bb3c56263e405bbd9a15171dcfee93bb\"},\"breadcrumb\":{\"@id\":\"https:\\\/\\\/italcamara-es.com\\\/it\\\/notizie\\\/lead-by-thought-rafforza-il-suo-dipartimento-di-comunicazione-in-risposta-alla-crescita-dellazienda\\\/#breadcrumb\"},\"inLanguage\":\"it-IT\",\"potentialAction\":[{\"@type\":\"ReadAction\",\"target\":[\"https:\\\/\\\/italcamara-es.com\\\/it\\\/notizie\\\/lead-by-thought-rafforza-il-suo-dipartimento-di-comunicazione-in-risposta-alla-crescita-dellazienda\\\/\"]}]},{\"@type\":\"ImageObject\",\"inLanguage\":\"it-IT\",\"@id\":\"https:\\\/\\\/italcamara-es.com\\\/it\\\/notizie\\\/lead-by-thought-rafforza-il-suo-dipartimento-di-comunicazione-in-risposta-alla-crescita-dellazienda\\\/#primaryimage\",\"url\":\"https:\\\/\\\/italcamara-es.com\\\/wp-content\\\/uploads\\\/2025\\\/08\\\/Lead-By-Thought-500.jpg\",\"contentUrl\":\"https:\\\/\\\/italcamara-es.com\\\/wp-content\\\/uploads\\\/2025\\\/08\\\/Lead-By-Thought-500.jpg\",\"width\":500,\"height\":280},{\"@type\":\"BreadcrumbList\",\"@id\":\"https:\\\/\\\/italcamara-es.com\\\/it\\\/notizie\\\/lead-by-thought-rafforza-il-suo-dipartimento-di-comunicazione-in-risposta-alla-crescita-dellazienda\\\/#breadcrumb\",\"itemListElement\":[{\"@type\":\"ListItem\",\"position\":1,\"name\":\"Inicio\",\"item\":\"https:\\\/\\\/italcamara-es.com\\\/it\\\/homepage-ita\\\/\"},{\"@type\":\"ListItem\",\"position\":2,\"name\":\"Lead By Thought rafforza il suo dipartimento di Comunicazione in risposta alla crescita dell\u2019azienda\"}]},{\"@type\":\"WebSite\",\"@id\":\"https:\\\/\\\/italcamara-es.com\\\/#website\",\"url\":\"https:\\\/\\\/italcamara-es.com\\\/\",\"name\":\"Italcamara\",\"description\":\"\",\"potentialAction\":[{\"@type\":\"SearchAction\",\"target\":{\"@type\":\"EntryPoint\",\"urlTemplate\":\"https:\\\/\\\/italcamara-es.com\\\/?s={search_term_string}\"},\"query-input\":{\"@type\":\"PropertyValueSpecification\",\"valueRequired\":true,\"valueName\":\"search_term_string\"}}],\"inLanguage\":\"it-IT\"},{\"@type\":\"Person\",\"@id\":\"https:\\\/\\\/italcamara-es.com\\\/#\\\/schema\\\/person\\\/bb3c56263e405bbd9a15171dcfee93bb\",\"name\":\"administrador\",\"image\":{\"@type\":\"ImageObject\",\"inLanguage\":\"it-IT\",\"@id\":\"https:\\\/\\\/secure.gravatar.com\\\/avatar\\\/14b5e63db38320b12031bb28cf9f77e210aa71fb3a8a3602a3c9a05134fa75eb?s=96&d=mm&r=g\",\"url\":\"https:\\\/\\\/secure.gravatar.com\\\/avatar\\\/14b5e63db38320b12031bb28cf9f77e210aa71fb3a8a3602a3c9a05134fa75eb?s=96&d=mm&r=g\",\"contentUrl\":\"https:\\\/\\\/secure.gravatar.com\\\/avatar\\\/14b5e63db38320b12031bb28cf9f77e210aa71fb3a8a3602a3c9a05134fa75eb?s=96&d=mm&r=g\",\"caption\":\"administrador\"},\"sameAs\":[\"http:\\\/\\\/pre.italcamara-es.com\"],\"url\":\"https:\\\/\\\/italcamara-es.com\\\/it\\\/author\\\/administrador\\\/\"}]}<\/script>\n<!-- \/ Yoast SEO plugin. -->","yoast_head_json":{"title":"Lead By Thought rafforza il suo dipartimento di Comunicazione in risposta alla crescita dell\u2019azienda - Italcamara","robots":{"index":"index","follow":"follow","max-snippet":"max-snippet:-1","max-image-preview":"max-image-preview:large","max-video-preview":"max-video-preview:-1"},"canonical":"https:\/\/italcamara-es.com\/it\/notizie\/lead-by-thought-rafforza-il-suo-dipartimento-di-comunicazione-in-risposta-alla-crescita-dellazienda\/","og_locale":"it_IT","og_type":"article","og_title":"Lead By Thought rafforza il suo dipartimento di Comunicazione in risposta alla crescita dell\u2019azienda - Italcamara","og_description":"Lead By Thought celebra quest\u2019anno il suo quinto anniversario come societ\u00e0 consolidata nel panorama della Comunicazione e della Consulenza Strategica. Fondata nel 2020, attualmente conta quattro soci: l\u2019ex corrispondente in Spagna del&nbsp;Wall Street Journal, Christopher Bj\u00f8rk; l\u2019ex direttore della comunicazione di EY Spagna, Gabriele Cagliani; l\u2019ex direttore della reputazione aziendale di EY e PwC Spagna, [&hellip;]","og_url":"https:\/\/italcamara-es.com\/it\/notizie\/lead-by-thought-rafforza-il-suo-dipartimento-di-comunicazione-in-risposta-alla-crescita-dellazienda\/","og_site_name":"Italcamara","article_published_time":"2025-08-08T11:38:42+00:00","article_modified_time":"2025-09-30T13:06:46+00:00","og_image":[{"width":500,"height":280,"url":"https:\/\/italcamara-es.com\/wp-content\/uploads\/2025\/08\/Lead-By-Thought-500.jpg","type":"image\/jpeg"}],"author":"administrador","twitter_card":"summary_large_image","twitter_misc":{"Scritto da":"administrador","Tempo di lettura stimato":"3 minuti"},"schema":{"@context":"https:\/\/schema.org","@graph":[{"@type":"Article","@id":"https:\/\/italcamara-es.com\/it\/notizie\/lead-by-thought-rafforza-il-suo-dipartimento-di-comunicazione-in-risposta-alla-crescita-dellazienda\/#article","isPartOf":{"@id":"https:\/\/italcamara-es.com\/it\/notizie\/lead-by-thought-rafforza-il-suo-dipartimento-di-comunicazione-in-risposta-alla-crescita-dellazienda\/"},"author":{"name":"administrador","@id":"https:\/\/italcamara-es.com\/#\/schema\/person\/bb3c56263e405bbd9a15171dcfee93bb"},"headline":"Lead By Thought rafforza il suo dipartimento di Comunicazione in risposta alla crescita dell\u2019azienda","datePublished":"2025-08-08T11:38:42+00:00","dateModified":"2025-09-30T13:06:46+00:00","mainEntityOfPage":{"@id":"https:\/\/italcamara-es.com\/it\/notizie\/lead-by-thought-rafforza-il-suo-dipartimento-di-comunicazione-in-risposta-alla-crescita-dellazienda\/"},"wordCount":396,"commentCount":0,"image":{"@id":"https:\/\/italcamara-es.com\/it\/notizie\/lead-by-thought-rafforza-il-suo-dipartimento-di-comunicazione-in-risposta-alla-crescita-dellazienda\/#primaryimage"},"thumbnailUrl":"https:\/\/italcamara-es.com\/wp-content\/uploads\/2025\/08\/Lead-By-Thought-500.jpg","keywords":["Notizie dei soci"],"articleSection":["Notizie"],"inLanguage":"it-IT","potentialAction":[{"@type":"CommentAction","name":"Comment","target":["https:\/\/italcamara-es.com\/it\/notizie\/lead-by-thought-rafforza-il-suo-dipartimento-di-comunicazione-in-risposta-alla-crescita-dellazienda\/#respond"]}]},{"@type":"WebPage","@id":"https:\/\/italcamara-es.com\/it\/notizie\/lead-by-thought-rafforza-il-suo-dipartimento-di-comunicazione-in-risposta-alla-crescita-dellazienda\/","url":"https:\/\/italcamara-es.com\/it\/notizie\/lead-by-thought-rafforza-il-suo-dipartimento-di-comunicazione-in-risposta-alla-crescita-dellazienda\/","name":"Lead By Thought rafforza il suo dipartimento di Comunicazione in risposta alla crescita dell\u2019azienda - Italcamara","isPartOf":{"@id":"https:\/\/italcamara-es.com\/#website"},"primaryImageOfPage":{"@id":"https:\/\/italcamara-es.com\/it\/notizie\/lead-by-thought-rafforza-il-suo-dipartimento-di-comunicazione-in-risposta-alla-crescita-dellazienda\/#primaryimage"},"image":{"@id":"https:\/\/italcamara-es.com\/it\/notizie\/lead-by-thought-rafforza-il-suo-dipartimento-di-comunicazione-in-risposta-alla-crescita-dellazienda\/#primaryimage"},"thumbnailUrl":"https:\/\/italcamara-es.com\/wp-content\/uploads\/2025\/08\/Lead-By-Thought-500.jpg","datePublished":"2025-08-08T11:38:42+00:00","dateModified":"2025-09-30T13:06:46+00:00","author":{"@id":"https:\/\/italcamara-es.com\/#\/schema\/person\/bb3c56263e405bbd9a15171dcfee93bb"},"breadcrumb":{"@id":"https:\/\/italcamara-es.com\/it\/notizie\/lead-by-thought-rafforza-il-suo-dipartimento-di-comunicazione-in-risposta-alla-crescita-dellazienda\/#breadcrumb"},"inLanguage":"it-IT","potentialAction":[{"@type":"ReadAction","target":["https:\/\/italcamara-es.com\/it\/notizie\/lead-by-thought-rafforza-il-suo-dipartimento-di-comunicazione-in-risposta-alla-crescita-dellazienda\/"]}]},{"@type":"ImageObject","inLanguage":"it-IT","@id":"https:\/\/italcamara-es.com\/it\/notizie\/lead-by-thought-rafforza-il-suo-dipartimento-di-comunicazione-in-risposta-alla-crescita-dellazienda\/#primaryimage","url":"https:\/\/italcamara-es.com\/wp-content\/uploads\/2025\/08\/Lead-By-Thought-500.jpg","contentUrl":"https:\/\/italcamara-es.com\/wp-content\/uploads\/2025\/08\/Lead-By-Thought-500.jpg","width":500,"height":280},{"@type":"BreadcrumbList","@id":"https:\/\/italcamara-es.com\/it\/notizie\/lead-by-thought-rafforza-il-suo-dipartimento-di-comunicazione-in-risposta-alla-crescita-dellazienda\/#breadcrumb","itemListElement":[{"@type":"ListItem","position":1,"name":"Inicio","item":"https:\/\/italcamara-es.com\/it\/homepage-ita\/"},{"@type":"ListItem","position":2,"name":"Lead By Thought rafforza il suo dipartimento di Comunicazione in risposta alla crescita dell\u2019azienda"}]},{"@type":"WebSite","@id":"https:\/\/italcamara-es.com\/#website","url":"https:\/\/italcamara-es.com\/","name":"Italcamara","description":"","potentialAction":[{"@type":"SearchAction","target":{"@type":"EntryPoint","urlTemplate":"https:\/\/italcamara-es.com\/?s={search_term_string}"},"query-input":{"@type":"PropertyValueSpecification","valueRequired":true,"valueName":"search_term_string"}}],"inLanguage":"it-IT"},{"@type":"Person","@id":"https:\/\/italcamara-es.com\/#\/schema\/person\/bb3c56263e405bbd9a15171dcfee93bb","name":"administrador","image":{"@type":"ImageObject","inLanguage":"it-IT","@id":"https:\/\/secure.gravatar.com\/avatar\/14b5e63db38320b12031bb28cf9f77e210aa71fb3a8a3602a3c9a05134fa75eb?s=96&d=mm&r=g","url":"https:\/\/secure.gravatar.com\/avatar\/14b5e63db38320b12031bb28cf9f77e210aa71fb3a8a3602a3c9a05134fa75eb?s=96&d=mm&r=g","contentUrl":"https:\/\/secure.gravatar.com\/avatar\/14b5e63db38320b12031bb28cf9f77e210aa71fb3a8a3602a3c9a05134fa75eb?s=96&d=mm&r=g","caption":"administrador"},"sameAs":["http:\/\/pre.italcamara-es.com"],"url":"https:\/\/italcamara-es.com\/it\/author\/administrador\/"}]}},"rttpg_featured_image_url":{"full":["https:\/\/italcamara-es.com\/wp-content\/uploads\/2025\/08\/Lead-By-Thought-500.jpg",500,280,false],"landscape":["https:\/\/italcamara-es.com\/wp-content\/uploads\/2025\/08\/Lead-By-Thought-500.jpg",500,280,false],"portraits":["https:\/\/italcamara-es.com\/wp-content\/uploads\/2025\/08\/Lead-By-Thought-500.jpg",500,280,false],"thumbnail":["https:\/\/italcamara-es.com\/wp-content\/uploads\/2025\/08\/Lead-By-Thought-500-150x150.jpg",150,150,true],"medium":["https:\/\/italcamara-es.com\/wp-content\/uploads\/2025\/08\/Lead-By-Thought-500-300x168.jpg",300,168,true],"large":["https:\/\/italcamara-es.com\/wp-content\/uploads\/2025\/08\/Lead-By-Thought-500.jpg",500,280,false],"1536x1536":["https:\/\/italcamara-es.com\/wp-content\/uploads\/2025\/08\/Lead-By-Thought-500.jpg",500,280,false],"2048x2048":["https:\/\/italcamara-es.com\/wp-content\/uploads\/2025\/08\/Lead-By-Thought-500.jpg",500,280,false],"ocean-thumb-m":["https:\/\/italcamara-es.com\/wp-content\/uploads\/2025\/08\/Lead-By-Thought-500.jpg",500,280,false],"ocean-thumb-ml":["https:\/\/italcamara-es.com\/wp-content\/uploads\/2025\/08\/Lead-By-Thought-500.jpg",500,280,false],"ocean-thumb-l":["https:\/\/italcamara-es.com\/wp-content\/uploads\/2025\/08\/Lead-By-Thought-500.jpg",500,280,false],"directorist_preview":["https:\/\/italcamara-es.com\/wp-content\/uploads\/2025\/08\/Lead-By-Thought-500.jpg",500,280,false]},"rttpg_author":{"display_name":"administrador","author_link":"https:\/\/italcamara-es.com\/it\/author\/administrador\/"},"rttpg_comment":0,"rttpg_category":"<a href=\"https:\/\/italcamara-es.com\/it\/category\/notizie\/\" rel=\"category tag\">Notizie<\/a>","rttpg_excerpt":"Lead By Thought celebra quest\u2019anno il suo quinto anniversario come societ\u00e0 consolidata nel panorama della Comunicazione e della Consulenza Strategica. Fondata nel 2020, attualmente conta quattro soci: l\u2019ex corrispondente in Spagna del&nbsp;Wall Street Journal, Christopher Bj\u00f8rk; l\u2019ex direttore della comunicazione di EY Spagna, Gabriele Cagliani; l\u2019ex direttore della reputazione aziendale di EY e PwC Spagna,&hellip;","_links":{"self":[{"href":"https:\/\/italcamara-es.com\/it\/wp-json\/wp\/v2\/posts\/58644","targetHints":{"allow":["GET"]}}],"collection":[{"href":"https:\/\/italcamara-es.com\/it\/wp-json\/wp\/v2\/posts"}],"about":[{"href":"https:\/\/italcamara-es.com\/it\/wp-json\/wp\/v2\/types\/post"}],"author":[{"embeddable":true,"href":"https:\/\/italcamara-es.com\/it\/wp-json\/wp\/v2\/users\/1"}],"replies":[{"embeddable":true,"href":"https:\/\/italcamara-es.com\/it\/wp-json\/wp\/v2\/comments?post=58644"}],"version-history":[{"count":1,"href":"https:\/\/italcamara-es.com\/it\/wp-json\/wp\/v2\/posts\/58644\/revisions"}],"predecessor-version":[{"id":58646,"href":"https:\/\/italcamara-es.com\/it\/wp-json\/wp\/v2\/posts\/58644\/revisions\/58646"}],"wp:featuredmedia":[{"embeddable":true,"href":"https:\/\/italcamara-es.com\/it\/wp-json\/wp\/v2\/media\/58642"}],"wp:attachment":[{"href":"https:\/\/italcamara-es.com\/it\/wp-json\/wp\/v2\/media?parent=58644"}],"wp:term":[{"taxonomy":"category","embeddable":true,"href":"https:\/\/italcamara-es.com\/it\/wp-json\/wp\/v2\/categories?post=58644"},{"taxonomy":"post_tag","embeddable":true,"href":"https:\/\/italcamara-es.com\/it\/wp-json\/wp\/v2\/tags?post=58644"}],"curies":[{"name":"wp","href":"https:\/\/api.w.org\/{rel}","templated":true}]}}